{"id":99921,"date":"2018-11-25T10:05:34","date_gmt":"2018-11-25T09:05:34","guid":{"rendered":"http:\/\/www.bellunopress.it\/?p=99921"},"modified":"2018-11-25T10:05:34","modified_gmt":"2018-11-25T09:05:34","slug":"lassociazione-belluno-donna-con-il-coordinamento-dei-centri-antiviolenza-del-veneto-iris-in-piazza-perche-sui-diritti-delle-donne-non-si-torna-indietro","status":"publish","type":"post","link":"https:\/\/www.bellunopress.it\/fr\/2018\/11\/25\/lassociazione-belluno-donna-con-il-coordinamento-dei-centri-antiviolenza-del-veneto-iris-in-piazza-perche-sui-diritti-delle-donne-non-si-torna-indietro\/","title":{"rendered":"L\u2019Associazione Belluno-DONNA con il Coordinamento dei Centri antiviolenza del Veneto (Iris)\u00a0in piazza perch\u00e9 sui diritti delle donne non si torna indietro"},"content":{"rendered":"<p><a href=\"http:\/\/www.bellunopress.it\/fr\/2018\/09\/21\/renzo-rosso-pensi-ai-jeans-che-alle-donne-ci-pensiamo-noi-contro-la-violenza-sulle-donne-nessuna-improvvisazione-intervento-del-coordinamento-iris\/iris-sportello-antiviolenza-donne\/\" rel=\"attachment wp-att-98127\"><img loading=\"lazy\" decoding=\"async\" class=\"alignleft size-full wp-image-98127\" src=\"http:\/\/www.bellunopress.it\/wp-content\/uploads\/2018\/09\/Iris-sportello-antiviolenza-donne.jpg\" alt=\"\" width=\"253\" height=\"280\" \/><\/a>Il 25 novembre, giornata internazionale contro la violenza sulle donne, \u00e8 per noi una ricorrenza significativa per mantenere alta l\u2019attenzione su un fenomeno strutturale, quale la violenza maschile sulle donne che, secondo i dati Istat, attraversa la vita di almeno 1 donna su 3.<br \/>\nIl ruolo dei Centri antiviolenza, nel garantire sostegno e aiuto alle donne coinvolte in situazioni di violenza, \u00e8 fondamentale. In questa cornice operativa si inseriscono le operatrici e le volontarie della Rete nazionale dei Centri antiviolenza &#8211; D.i.Re e del Coordinamento dei Centri Antiviolenza del Veneto \u2013 IRIS che da circa 30 anni combattono perch\u00e9 la violenza sulle donne non sia ritenuta un fatto normale.<br \/>\nNella Provincia di Belluno, le donne \u201cnuove\u201d accolte in 10 mesi sono state 139, di cui 65 presso lo sportello di Belluno, 49 presso lo sportello di Ponte nelle Alpi e 25 presso lo sportello di Feltre. Per quanto riguarda la Casa di Secondo Livello Belluno-DONNA, sono state ospitate tre donne con tre figli\/e minori.<br \/>\nI dati regionali inoltre, dal 1\u00b0 gennaio al 31 ottobre 2018, riportano che il Coordinamento Veneto ha ascoltato e accolto nei suoi 12 Centri antiviolenza le richieste d\u2019aiuto di 1.854 donne e che, in questi mesi, ben 5 donne nella nostra Regione hanno perso la vita per mano di un uomo.<br \/>\nPer quanto riguarda i dati nazionali del 2017, i 78 Centri Antiviolenza della Rete D.i.Re hanno accolto 20.137 donne delle quali il 68% era di nazionalit\u00e0 italiana. Nel 75,7% dei casi l\u2019autore della violenza era il partner attuale o passato. Facendo riferimento a tali dati, le tipologie di violenza pi\u00f9 diffuse sono quella psicologica, presente nel 73,6% dei casi, quella fisica 62,1%, economica (30,7%), sessuale (13,5%), stalking (16,1%).<br \/>\nRispetto agli anni precedenti dunque anche quest\u2019anno i dati continuano a crescere. Le donne stanno reagendo e ci\u00f2 deve essere motivo di grande soddisfazione per chi lavora giorno dopo giorno accanto a loro.<br \/>\nLa continuit\u00e0 dell\u2019offerta di accoglienza e sostegno alle donne nel tempo pu\u00f2 autorevolmente far ritenere che i centri antiviolenza siano un\u2019imprescindibile \u201cistituzione\u201d di cui chi ha il dovere di intervenire sul fenomeno della violenza alle donne, non pu\u00f2 fare a meno.<br \/>\nProprio per queste considerazioni possiamo affermare che il livello dei finanziamenti dei Centri antiviolenza risulta essere inconsistente e mortificante. A fronte di un lavoro fondamentale per l\u2019emersione, la prevenzione e il contrasto del fenomeno della violenza alle donne, che continua ad essere un fenomeno grave, ampio ed esteso, i Centri antiviolenza vivono essenzialmente di risorse economiche scarse e insufficienti.<br \/>\nCi\u00f2 chiama la politica ad una grande responsabilit\u00e0 perch\u00e9 oggi non sono pi\u00f9 rinviabili interventi integrati e di ampio respiro per prevenire e contrastare la violenza maschile alle donne. Tuttavia, come sottolinea Lella Palladino, Presidente di D.i.Re, \u201cL\u2019attuale governo ha mostrato, fin dall\u2019inizio, scarsa attenzione ai temi trattati dalla Convenzione di Istanbul, oltre che presentarsi in generale come reazionario rispetto ai diritti e alle libert\u00e0 delle donne\u201d,<br \/>\nI Centri antiviolenza saranno dunque in piazza perch\u00e9 sui diritti delle donne non si pu\u00f2 tornare indietro, a Roma il 24 novembre per la manifestazione nazionale, ma anche in tantissime altre citt\u00e0 italiane per portare un messaggio di vicinanza alle donne dei nostri territori.<br \/>\nCi saremo per difendere la legge 194 e i luoghi autonomi delle donne, per pretendere il ritiro del Ddl Pillon su separazione e affido, per riaffermare il diritto delle donne all\u2019indipendenza economica e respingere al mittente il tentativo di riportarle tra le mura domestiche per sostituire la carenza dei servizi.<\/p>","protected":false},"excerpt":{"rendered":"<p>Il 25 novembre, giornata internazionale contro la violenza sulle donne, \u00e8 per noi una ricorrenza significativa per mantenere alta l\u2019attenzione su un fenomeno strutturale, quale la violenza maschile sulle donne che, secondo i dati Istat, attraversa la vita di almeno 1 donna su 3. Il ruolo dei Centri antiviolenza, nel garantire sostegno e aiuto alle [&hellip;]<\/p>\n","protected":false},"author":2,"featured_media":0,"comment_status":"closed","ping_status":"open","sticky":false,"template":"","format":"standard","meta":{"footnotes":""},"categories":[27,26,8],"tags":[],"class_list":["post-99921","post","type-post","status-publish","format-standard","category-appuntamenti","category-prima-pagina","category-societa-istituzioni"],"yoast_head":"<!-- This site is optimized with the Yoast SEO plugin v28.4 - https:\/\/yoast.com\/product\/yoast-seo-wordpress\/ -->\n<title>L\u2019Associazione Belluno-DONNA con il Coordinamento dei Centri antiviolenza del Veneto (Iris)\u00a0in piazza perch\u00e9 sui diritti delle donne non si torna indietro - Bellunopress - Dolomiti<\/title>\n<meta name=\"robots\" content=\"index, follow, max-snippet:-1, max-image-preview:large, max-video-preview:-1\" \/>\n<link rel=\"canonical\" href=\"https:\/\/www.bellunopress.it\/fr\/2018\/11\/25\/lassociazione-belluno-donna-con-il-coordinamento-dei-centri-antiviolenza-del-veneto-iris-in-piazza-perche-sui-diritti-delle-donne-non-si-torna-indietro\/\" \/>\n<meta property=\"og:locale\" content=\"fr_FR\" \/>\n<meta property=\"og:type\" content=\"article\" \/>\n<meta property=\"og:title\" content=\"L\u2019Associazione Belluno-DONNA con il Coordinamento dei Centri antiviolenza del Veneto (Iris)\u00a0in piazza perch\u00e9 sui diritti delle donne non si torna indietro - Bellunopress - Dolomiti\" \/>\n<meta property=\"og:description\" content=\"Il 25 novembre, giornata internazionale contro la violenza sulle donne, \u00e8 per noi una ricorrenza significativa per mantenere alta l\u2019attenzione su un fenomeno strutturale, quale la violenza maschile sulle donne che, secondo i dati Istat, attraversa la vita di almeno 1 donna su 3. Il ruolo dei Centri antiviolenza, nel garantire sostegno e aiuto alle [&hellip;]\" \/>\n<meta property=\"og:url\" content=\"https:\/\/www.bellunopress.it\/fr\/2018\/11\/25\/lassociazione-belluno-donna-con-il-coordinamento-dei-centri-antiviolenza-del-veneto-iris-in-piazza-perche-sui-diritti-delle-donne-non-si-torna-indietro\/\" \/>\n<meta property=\"og:site_name\" content=\"Bellunopress - Dolomiti\" \/>\n<meta property=\"article:publisher\" content=\"https:\/\/www.facebook.com\/profile.php?id=100008943462799\" \/>\n<meta property=\"article:published_time\" content=\"2018-11-25T09:05:34+00:00\" \/>\n<meta property=\"og:image\" content=\"http:\/\/www.bellunopress.it\/wp-content\/uploads\/2018\/09\/Iris-sportello-antiviolenza-donne.jpg\" \/>\n<meta name=\"author\" content=\"redazione\" \/>\n<meta name=\"twitter:card\" content=\"summary_large_image\" \/>\n<meta name=\"twitter:creator\" content=\"@bellunopress\" \/>\n<meta name=\"twitter:site\" content=\"@bellunopress\" \/>\n<meta name=\"twitter:label1\" content=\"\u00c9crit par\" \/>\n\t<meta name=\"twitter:data1\" content=\"redazione\" \/>\n\t<meta name=\"twitter:label2\" content=\"Dur\u00e9e de lecture estim\u00e9e\" \/>\n\t<meta name=\"twitter:data2\" content=\"3 minutes\" \/>\n<script type=\"application\/ld+json\" class=\"yoast-schema-graph\">{\"@context\":\"https:\\\/\\\/schema.org\",\"@graph\":[{\"@type\":\"Article\",\"@id\":\"https:\\\/\\\/www.bellunopress.it\\\/2018\\\/11\\\/25\\\/lassociazione-belluno-donna-con-il-coordinamento-dei-centri-antiviolenza-del-veneto-iris-in-piazza-perche-sui-diritti-delle-donne-non-si-torna-indietro\\\/#article\",\"isPartOf\":{\"@id\":\"https:\\\/\\\/www.bellunopress.it\\\/2018\\\/11\\\/25\\\/lassociazione-belluno-donna-con-il-coordinamento-dei-centri-antiviolenza-del-veneto-iris-in-piazza-perche-sui-diritti-delle-donne-non-si-torna-indietro\\\/\"},\"author\":{\"name\":\"redazione\",\"@id\":\"https:\\\/\\\/www.bellunopress.it\\\/#\\\/schema\\\/person\\\/79bb06722b37ece1c03d3e94beb30d73\"},\"headline\":\"L\u2019Associazione Belluno-DONNA con il Coordinamento dei Centri antiviolenza del Veneto (Iris)\u00a0in piazza perch\u00e9 sui diritti delle donne non si torna indietro\",\"datePublished\":\"2018-11-25T09:05:34+00:00\",\"mainEntityOfPage\":{\"@id\":\"https:\\\/\\\/www.bellunopress.it\\\/2018\\\/11\\\/25\\\/lassociazione-belluno-donna-con-il-coordinamento-dei-centri-antiviolenza-del-veneto-iris-in-piazza-perche-sui-diritti-delle-donne-non-si-torna-indietro\\\/\"},\"wordCount\":587,\"publisher\":{\"@id\":\"https:\\\/\\\/www.bellunopress.it\\\/#organization\"},\"image\":{\"@id\":\"https:\\\/\\\/www.bellunopress.it\\\/2018\\\/11\\\/25\\\/lassociazione-belluno-donna-con-il-coordinamento-dei-centri-antiviolenza-del-veneto-iris-in-piazza-perche-sui-diritti-delle-donne-non-si-torna-indietro\\\/#primaryimage\"},\"thumbnailUrl\":\"http:\\\/\\\/www.bellunopress.it\\\/wp-content\\\/uploads\\\/2018\\\/09\\\/Iris-sportello-antiviolenza-donne.jpg\",\"articleSection\":[\"Appuntamenti, Eventi\",\"Prima Pagina\",\"Societ\u00e0, Associazioni, Istituzioni\"],\"inLanguage\":\"fr-FR\"},{\"@type\":\"WebPage\",\"@id\":\"https:\\\/\\\/www.bellunopress.it\\\/2018\\\/11\\\/25\\\/lassociazione-belluno-donna-con-il-coordinamento-dei-centri-antiviolenza-del-veneto-iris-in-piazza-perche-sui-diritti-delle-donne-non-si-torna-indietro\\\/\",\"url\":\"https:\\\/\\\/www.bellunopress.it\\\/2018\\\/11\\\/25\\\/lassociazione-belluno-donna-con-il-coordinamento-dei-centri-antiviolenza-del-veneto-iris-in-piazza-perche-sui-diritti-delle-donne-non-si-torna-indietro\\\/\",\"name\":\"L\u2019Associazione Belluno-DONNA con il Coordinamento dei Centri antiviolenza del Veneto (Iris)\u00a0in piazza perch\u00e9 sui diritti delle donne non si torna indietro - Bellunopress - Dolomiti\",\"isPartOf\":{\"@id\":\"https:\\\/\\\/www.bellunopress.it\\\/#website\"},\"primaryImageOfPage\":{\"@id\":\"https:\\\/\\\/www.bellunopress.it\\\/2018\\\/11\\\/25\\\/lassociazione-belluno-donna-con-il-coordinamento-dei-centri-antiviolenza-del-veneto-iris-in-piazza-perche-sui-diritti-delle-donne-non-si-torna-indietro\\\/#primaryimage\"},\"image\":{\"@id\":\"https:\\\/\\\/www.bellunopress.it\\\/2018\\\/11\\\/25\\\/lassociazione-belluno-donna-con-il-coordinamento-dei-centri-antiviolenza-del-veneto-iris-in-piazza-perche-sui-diritti-delle-donne-non-si-torna-indietro\\\/#primaryimage\"},\"thumbnailUrl\":\"http:\\\/\\\/www.bellunopress.it\\\/wp-content\\\/uploads\\\/2018\\\/09\\\/Iris-sportello-antiviolenza-donne.jpg\",\"datePublished\":\"2018-11-25T09:05:34+00:00\",\"breadcrumb\":{\"@id\":\"https:\\\/\\\/www.bellunopress.it\\\/2018\\\/11\\\/25\\\/lassociazione-belluno-donna-con-il-coordinamento-dei-centri-antiviolenza-del-veneto-iris-in-piazza-perche-sui-diritti-delle-donne-non-si-torna-indietro\\\/#breadcrumb\"},\"inLanguage\":\"fr-FR\",\"potentialAction\":[{\"@type\":\"ReadAction\",\"target\":[\"https:\\\/\\\/www.bellunopress.it\\\/2018\\\/11\\\/25\\\/lassociazione-belluno-donna-con-il-coordinamento-dei-centri-antiviolenza-del-veneto-iris-in-piazza-perche-sui-diritti-delle-donne-non-si-torna-indietro\\\/\"]}]},{\"@type\":\"ImageObject\",\"inLanguage\":\"fr-FR\",\"@id\":\"https:\\\/\\\/www.bellunopress.it\\\/2018\\\/11\\\/25\\\/lassociazione-belluno-donna-con-il-coordinamento-dei-centri-antiviolenza-del-veneto-iris-in-piazza-perche-sui-diritti-delle-donne-non-si-torna-indietro\\\/#primaryimage\",\"url\":\"http:\\\/\\\/www.bellunopress.it\\\/wp-content\\\/uploads\\\/2018\\\/09\\\/Iris-sportello-antiviolenza-donne.jpg\",\"contentUrl\":\"http:\\\/\\\/www.bellunopress.it\\\/wp-content\\\/uploads\\\/2018\\\/09\\\/Iris-sportello-antiviolenza-donne.jpg\"},{\"@type\":\"BreadcrumbList\",\"@id\":\"https:\\\/\\\/www.bellunopress.it\\\/2018\\\/11\\\/25\\\/lassociazione-belluno-donna-con-il-coordinamento-dei-centri-antiviolenza-del-veneto-iris-in-piazza-perche-sui-diritti-delle-donne-non-si-torna-indietro\\\/#breadcrumb\",\"itemListElement\":[{\"@type\":\"ListItem\",\"position\":1,\"name\":\"Home\",\"item\":\"https:\\\/\\\/www.bellunopress.it\\\/\"},{\"@type\":\"ListItem\",\"position\":2,\"name\":\"L\u2019Associazione Belluno-DONNA con il Coordinamento dei Centri antiviolenza del Veneto (Iris)\u00a0in piazza perch\u00e9 sui diritti delle donne non si torna indietro\"}]},{\"@type\":\"WebSite\",\"@id\":\"https:\\\/\\\/www.bellunopress.it\\\/#website\",\"url\":\"https:\\\/\\\/www.bellunopress.it\\\/\",\"name\":\"Bellunopress - Dolomiti\",\"description\":\"e-mail: redazione@bellunopress.it\",\"publisher\":{\"@id\":\"https:\\\/\\\/www.bellunopress.it\\\/#organization\"},\"potentialAction\":[{\"@type\":\"SearchAction\",\"target\":{\"@type\":\"EntryPoint\",\"urlTemplate\":\"https:\\\/\\\/www.bellunopress.it\\\/?s={search_term_string}\"},\"query-input\":{\"@type\":\"PropertyValueSpecification\",\"valueRequired\":true,\"valueName\":\"search_term_string\"}}],\"inLanguage\":\"fr-FR\"},{\"@type\":\"Organization\",\"@id\":\"https:\\\/\\\/www.bellunopress.it\\\/#organization\",\"name\":\"Bellunopress\",\"url\":\"https:\\\/\\\/www.bellunopress.it\\\/\",\"logo\":{\"@type\":\"ImageObject\",\"inLanguage\":\"fr-FR\",\"@id\":\"https:\\\/\\\/www.bellunopress.it\\\/#\\\/schema\\\/logo\\\/image\\\/\",\"url\":\"https:\\\/\\\/www.bellunopress.it\\\/wp-content\\\/uploads\\\/2011\\\/05\\\/cropped-logo-bellunopress-.jpg\",\"contentUrl\":\"https:\\\/\\\/www.bellunopress.it\\\/wp-content\\\/uploads\\\/2011\\\/05\\\/cropped-logo-bellunopress-.jpg\",\"width\":512,\"height\":512,\"caption\":\"Bellunopress\"},\"image\":{\"@id\":\"https:\\\/\\\/www.bellunopress.it\\\/#\\\/schema\\\/logo\\\/image\\\/\"},\"sameAs\":[\"https:\\\/\\\/www.facebook.com\\\/profile.php?id=100008943462799\",\"https:\\\/\\\/x.com\\\/bellunopress\",\"https:\\\/\\\/www.linkedin.com\\\/hp\\\/?dnr=JBzUWaJfMUw8vbXJJ2tVW5-I3jZKvC4wsoxE&amp;amp;amp;amp;amp;amp;trk=nav_responsive_tab_home\",\"https:\\\/\\\/www.youtube.com\\\/channel\\\/UCxL0wu1uN0_3_7hGG0306cw\"]},{\"@type\":\"Person\",\"@id\":\"https:\\\/\\\/www.bellunopress.it\\\/#\\\/schema\\\/person\\\/79bb06722b37ece1c03d3e94beb30d73\",\"name\":\"redazione\",\"image\":{\"@type\":\"ImageObject\",\"inLanguage\":\"fr-FR\",\"@id\":\"https:\\\/\\\/secure.gravatar.com\\\/avatar\\\/37d968a2e67a6fd04c169c4bdef102d0bc5d31b2546345219e348575eb80e9a0?s=96&d=mm&r=g\",\"url\":\"https:\\\/\\\/secure.gravatar.com\\\/avatar\\\/37d968a2e67a6fd04c169c4bdef102d0bc5d31b2546345219e348575eb80e9a0?s=96&d=mm&r=g\",\"contentUrl\":\"https:\\\/\\\/secure.gravatar.com\\\/avatar\\\/37d968a2e67a6fd04c169c4bdef102d0bc5d31b2546345219e348575eb80e9a0?s=96&d=mm&r=g\",\"caption\":\"redazione\"},\"sameAs\":[\"http:\\\/\\\/www.bellunopress.it\",\"https:\\\/\\\/x.com\\\/bellunopress\"],\"url\":\"https:\\\/\\\/www.bellunopress.it\\\/fr\\\/author\\\/redazione\\\/\"}]}<\/script>\n<!-- \/ Yoast SEO plugin. -->","yoast_head_json":{"title":"L\u2019Associazione Belluno-DONNA con il Coordinamento dei Centri antiviolenza del Veneto (Iris)\u00a0in piazza perch\u00e9 sui diritti delle donne non si torna indietro - Bellunopress - Dolomiti","robots":{"index":"index","follow":"follow","max-snippet":"max-snippet:-1","max-image-preview":"max-image-preview:large","max-video-preview":"max-video-preview:-1"},"canonical":"https:\/\/www.bellunopress.it\/fr\/2018\/11\/25\/lassociazione-belluno-donna-con-il-coordinamento-dei-centri-antiviolenza-del-veneto-iris-in-piazza-perche-sui-diritti-delle-donne-non-si-torna-indietro\/","og_locale":"fr_FR","og_type":"article","og_title":"L\u2019Associazione Belluno-DONNA con il Coordinamento dei Centri antiviolenza del Veneto (Iris)\u00a0in piazza perch\u00e9 sui diritti delle donne non si torna indietro - Bellunopress - Dolomiti","og_description":"Il 25 novembre, giornata internazionale contro la violenza sulle donne, \u00e8 per noi una ricorrenza significativa per mantenere alta l\u2019attenzione su un fenomeno strutturale, quale la violenza maschile sulle donne che, secondo i dati Istat, attraversa la vita di almeno 1 donna su 3. Il ruolo dei Centri antiviolenza, nel garantire sostegno e aiuto alle [&hellip;]","og_url":"https:\/\/www.bellunopress.it\/fr\/2018\/11\/25\/lassociazione-belluno-donna-con-il-coordinamento-dei-centri-antiviolenza-del-veneto-iris-in-piazza-perche-sui-diritti-delle-donne-non-si-torna-indietro\/","og_site_name":"Bellunopress - Dolomiti","article_publisher":"https:\/\/www.facebook.com\/profile.php?id=100008943462799","article_published_time":"2018-11-25T09:05:34+00:00","og_image":[{"url":"http:\/\/www.bellunopress.it\/wp-content\/uploads\/2018\/09\/Iris-sportello-antiviolenza-donne.jpg","type":"","width":"","height":""}],"author":"redazione","twitter_card":"summary_large_image","twitter_creator":"@bellunopress","twitter_site":"@bellunopress","twitter_misc":{"\u00c9crit par":"redazione","Dur\u00e9e de lecture estim\u00e9e":"3 minutes"},"schema":{"@context":"https:\/\/schema.org","@graph":[{"@type":"Article","@id":"https:\/\/www.bellunopress.it\/2018\/11\/25\/lassociazione-belluno-donna-con-il-coordinamento-dei-centri-antiviolenza-del-veneto-iris-in-piazza-perche-sui-diritti-delle-donne-non-si-torna-indietro\/#article","isPartOf":{"@id":"https:\/\/www.bellunopress.it\/2018\/11\/25\/lassociazione-belluno-donna-con-il-coordinamento-dei-centri-antiviolenza-del-veneto-iris-in-piazza-perche-sui-diritti-delle-donne-non-si-torna-indietro\/"},"author":{"name":"redazione","@id":"https:\/\/www.bellunopress.it\/#\/schema\/person\/79bb06722b37ece1c03d3e94beb30d73"},"headline":"L\u2019Associazione Belluno-DONNA con il Coordinamento dei Centri antiviolenza del Veneto (Iris)\u00a0in piazza perch\u00e9 sui diritti delle donne non si torna indietro","datePublished":"2018-11-25T09:05:34+00:00","mainEntityOfPage":{"@id":"https:\/\/www.bellunopress.it\/2018\/11\/25\/lassociazione-belluno-donna-con-il-coordinamento-dei-centri-antiviolenza-del-veneto-iris-in-piazza-perche-sui-diritti-delle-donne-non-si-torna-indietro\/"},"wordCount":587,"publisher":{"@id":"https:\/\/www.bellunopress.it\/#organization"},"image":{"@id":"https:\/\/www.bellunopress.it\/2018\/11\/25\/lassociazione-belluno-donna-con-il-coordinamento-dei-centri-antiviolenza-del-veneto-iris-in-piazza-perche-sui-diritti-delle-donne-non-si-torna-indietro\/#primaryimage"},"thumbnailUrl":"http:\/\/www.bellunopress.it\/wp-content\/uploads\/2018\/09\/Iris-sportello-antiviolenza-donne.jpg","articleSection":["Appuntamenti, Eventi","Prima Pagina","Societ\u00e0, Associazioni, Istituzioni"],"inLanguage":"fr-FR"},{"@type":"WebPage","@id":"https:\/\/www.bellunopress.it\/2018\/11\/25\/lassociazione-belluno-donna-con-il-coordinamento-dei-centri-antiviolenza-del-veneto-iris-in-piazza-perche-sui-diritti-delle-donne-non-si-torna-indietro\/","url":"https:\/\/www.bellunopress.it\/2018\/11\/25\/lassociazione-belluno-donna-con-il-coordinamento-dei-centri-antiviolenza-del-veneto-iris-in-piazza-perche-sui-diritti-delle-donne-non-si-torna-indietro\/","name":"L\u2019Associazione Belluno-DONNA con il Coordinamento dei Centri antiviolenza del Veneto (Iris)\u00a0in piazza perch\u00e9 sui diritti delle donne non si torna indietro - Bellunopress - Dolomiti","isPartOf":{"@id":"https:\/\/www.bellunopress.it\/#website"},"primaryImageOfPage":{"@id":"https:\/\/www.bellunopress.it\/2018\/11\/25\/lassociazione-belluno-donna-con-il-coordinamento-dei-centri-antiviolenza-del-veneto-iris-in-piazza-perche-sui-diritti-delle-donne-non-si-torna-indietro\/#primaryimage"},"image":{"@id":"https:\/\/www.bellunopress.it\/2018\/11\/25\/lassociazione-belluno-donna-con-il-coordinamento-dei-centri-antiviolenza-del-veneto-iris-in-piazza-perche-sui-diritti-delle-donne-non-si-torna-indietro\/#primaryimage"},"thumbnailUrl":"http:\/\/www.bellunopress.it\/wp-content\/uploads\/2018\/09\/Iris-sportello-antiviolenza-donne.jpg","datePublished":"2018-11-25T09:05:34+00:00","breadcrumb":{"@id":"https:\/\/www.bellunopress.it\/2018\/11\/25\/lassociazione-belluno-donna-con-il-coordinamento-dei-centri-antiviolenza-del-veneto-iris-in-piazza-perche-sui-diritti-delle-donne-non-si-torna-indietro\/#breadcrumb"},"inLanguage":"fr-FR","potentialAction":[{"@type":"ReadAction","target":["https:\/\/www.bellunopress.it\/2018\/11\/25\/lassociazione-belluno-donna-con-il-coordinamento-dei-centri-antiviolenza-del-veneto-iris-in-piazza-perche-sui-diritti-delle-donne-non-si-torna-indietro\/"]}]},{"@type":"ImageObject","inLanguage":"fr-FR","@id":"https:\/\/www.bellunopress.it\/2018\/11\/25\/lassociazione-belluno-donna-con-il-coordinamento-dei-centri-antiviolenza-del-veneto-iris-in-piazza-perche-sui-diritti-delle-donne-non-si-torna-indietro\/#primaryimage","url":"http:\/\/www.bellunopress.it\/wp-content\/uploads\/2018\/09\/Iris-sportello-antiviolenza-donne.jpg","contentUrl":"http:\/\/www.bellunopress.it\/wp-content\/uploads\/2018\/09\/Iris-sportello-antiviolenza-donne.jpg"},{"@type":"BreadcrumbList","@id":"https:\/\/www.bellunopress.it\/2018\/11\/25\/lassociazione-belluno-donna-con-il-coordinamento-dei-centri-antiviolenza-del-veneto-iris-in-piazza-perche-sui-diritti-delle-donne-non-si-torna-indietro\/#breadcrumb","itemListElement":[{"@type":"ListItem","position":1,"name":"Home","item":"https:\/\/www.bellunopress.it\/"},{"@type":"ListItem","position":2,"name":"L\u2019Associazione Belluno-DONNA con il Coordinamento dei Centri antiviolenza del Veneto (Iris)\u00a0in piazza perch\u00e9 sui diritti delle donne non si torna indietro"}]},{"@type":"WebSite","@id":"https:\/\/www.bellunopress.it\/#website","url":"https:\/\/www.bellunopress.it\/","name":"Bellunopress - Dolomiti","description":"e-mail: redazione@bellunopress.it","publisher":{"@id":"https:\/\/www.bellunopress.it\/#organization"},"potentialAction":[{"@type":"SearchAction","target":{"@type":"EntryPoint","urlTemplate":"https:\/\/www.bellunopress.it\/?s={search_term_string}"},"query-input":{"@type":"PropertyValueSpecification","valueRequired":true,"valueName":"search_term_string"}}],"inLanguage":"fr-FR"},{"@type":"Organization","@id":"https:\/\/www.bellunopress.it\/#organization","name":"Bellunopress","url":"https:\/\/www.bellunopress.it\/","logo":{"@type":"ImageObject","inLanguage":"fr-FR","@id":"https:\/\/www.bellunopress.it\/#\/schema\/logo\/image\/","url":"https:\/\/www.bellunopress.it\/wp-content\/uploads\/2011\/05\/cropped-logo-bellunopress-.jpg","contentUrl":"https:\/\/www.bellunopress.it\/wp-content\/uploads\/2011\/05\/cropped-logo-bellunopress-.jpg","width":512,"height":512,"caption":"Bellunopress"},"image":{"@id":"https:\/\/www.bellunopress.it\/#\/schema\/logo\/image\/"},"sameAs":["https:\/\/www.facebook.com\/profile.php?id=100008943462799","https:\/\/x.com\/bellunopress","https:\/\/www.linkedin.com\/hp\/?dnr=JBzUWaJfMUw8vbXJJ2tVW5-I3jZKvC4wsoxE&amp;amp;amp;amp;amp;amp;trk=nav_responsive_tab_home","https:\/\/www.youtube.com\/channel\/UCxL0wu1uN0_3_7hGG0306cw"]},{"@type":"Person","@id":"https:\/\/www.bellunopress.it\/#\/schema\/person\/79bb06722b37ece1c03d3e94beb30d73","name":"r\u00e9daction","image":{"@type":"ImageObject","inLanguage":"fr-FR","@id":"https:\/\/secure.gravatar.com\/avatar\/37d968a2e67a6fd04c169c4bdef102d0bc5d31b2546345219e348575eb80e9a0?s=96&d=mm&r=g","url":"https:\/\/secure.gravatar.com\/avatar\/37d968a2e67a6fd04c169c4bdef102d0bc5d31b2546345219e348575eb80e9a0?s=96&d=mm&r=g","contentUrl":"https:\/\/secure.gravatar.com\/avatar\/37d968a2e67a6fd04c169c4bdef102d0bc5d31b2546345219e348575eb80e9a0?s=96&d=mm&r=g","caption":"redazione"},"sameAs":["http:\/\/www.bellunopress.it","https:\/\/x.com\/bellunopress"],"url":"https:\/\/www.bellunopress.it\/fr\/author\/redazione\/"}]}},"_links":{"self":[{"href":"https:\/\/www.bellunopress.it\/fr\/wp-json\/wp\/v2\/posts\/99921","targetHints":{"allow":["GET"]}}],"collection":[{"href":"https:\/\/www.bellunopress.it\/fr\/wp-json\/wp\/v2\/posts"}],"about":[{"href":"https:\/\/www.bellunopress.it\/fr\/wp-json\/wp\/v2\/types\/post"}],"author":[{"embeddable":true,"href":"https:\/\/www.bellunopress.it\/fr\/wp-json\/wp\/v2\/users\/2"}],"replies":[{"embeddable":true,"href":"https:\/\/www.bellunopress.it\/fr\/wp-json\/wp\/v2\/comments?post=99921"}],"version-history":[{"count":1,"href":"https:\/\/www.bellunopress.it\/fr\/wp-json\/wp\/v2\/posts\/99921\/revisions"}],"predecessor-version":[{"id":99922,"href":"https:\/\/www.bellunopress.it\/fr\/wp-json\/wp\/v2\/posts\/99921\/revisions\/99922"}],"wp:attachment":[{"href":"https:\/\/www.bellunopress.it\/fr\/wp-json\/wp\/v2\/media?parent=99921"}],"wp:term":[{"taxonomy":"category","embeddable":true,"href":"https:\/\/www.bellunopress.it\/fr\/wp-json\/wp\/v2\/categories?post=99921"},{"taxonomy":"post_tag","embeddable":true,"href":"https:\/\/www.bellunopress.it\/fr\/wp-json\/wp\/v2\/tags?post=99921"}],"curies":[{"name":"wp","href":"https:\/\/api.w.org\/{rel}","templated":true}]}}