{"id":99904,"date":"2018-11-24T18:31:22","date_gmt":"2018-11-24T17:31:22","guid":{"rendered":"http:\/\/www.bellunopress.it\/?p=99904"},"modified":"2018-11-28T21:25:58","modified_gmt":"2018-11-28T20:25:58","slug":"mercoledi-a-colophonarte-presentazione-del-libro-tre-lune-in-attesa-di-alfonso-lentini","status":"publish","type":"post","link":"https:\/\/www.bellunopress.it\/fr\/2018\/11\/24\/mercoledi-a-colophonarte-presentazione-del-libro-tre-lune-in-attesa-di-alfonso-lentini\/","title":{"rendered":"Mercoled\u00ec a Colophonarte presentazione del libro \u201cTre lune in attesa\u201d di Alfonso Lentini"},"content":{"rendered":"<p><a href=\"http:\/\/www.bellunopress.it\/fr\/2018\/11\/24\/mercoledi-a-colophonarte-presentazione-del-libro-tre-lune-in-attesa-di-alfonso-lentini\/lentini_tre_lune_in_attesa_copertina_defrid\/\" rel=\"attachment wp-att-99905\"><img loading=\"lazy\" decoding=\"async\" class=\"alignleft size-full wp-image-99905\" src=\"http:\/\/www.bellunopress.it\/wp-content\/uploads\/2018\/11\/lentini_tre_lune_in_attesa_copertina_defRID.jpg\" alt=\"\" width=\"250\" height=\"381\" \/><\/a>Mercoled\u00ec 28 novembre, a Belluno, nella sede della Colophonarte di Egidio Fiorin (via Torricelle, 1), dalle ore 17.30, Serena Dal Borgo presenta il libro \u201cTre lune in attesa\u201d di Alfonso Lentini. \u00c8 lo scenario dolomitico il principale protagonista del nuovo libro di Alfonso Lentini, \u201cTre lune in attesa\u201d, vincitore del premio letterario Formebrevi e arrivato in questi giorni in libreria.<br \/>\nSi tratta di un volume di piccolo formato, cinquantaquattro pagine di racconti brevi o brevissimi, fra i quali risaltano quelli dedicati al paesaggio dolomitico che l\u2019autore, di origine siciliana, ha ormai interiorizzato vivendo da molti anni a Belluno.<br \/>\nIn \u201cTre lune in attesa\u201d, per\u00f2, non c\u2019\u00e8 spazio per immagini da cartolina. Le Dolomiti di questo libro appaiono e scompaiono, diventano sfondo di eventi onirici e surreali, e rappresentano una realt\u00e0 friabile, cangiante, imprendibile; sono allegorie \u201caperte\u201d che spiazzano il lettore e lo proiettano in una dimensione visionaria dove il confine fra reale e irreale si fa incerto. Cos\u00ec possiamo imbatterci nel monte Antelao (\u201cdetto anche il Re\u201d), che viene tagliato in cubetti e trasportato in Africa con un percorso che richiama, ma all\u2019incontrario, i flussi migratori umani; oppure possiamo leggere di montagne che vengono uccise con un solo colpo di pistola da un misterioso killer; oppure ancora avere notizia del monte Pelmo che, \u201cportato via in fretta e furia da ignoti\u201d continua tuttavia ad essere visibile, ma \u00e8 diventato \u201ctrasparente, come tutte le cose vere\u201d, sotto lo sguardo sornione delle \u201ctre lune\u201d che danno titolo alla raccolta. E infine: sapevate che le cime del monte Cristallo si possono raggiungere a nuoto?<br \/>\nIn queste sorprendenti invenzioni narrative che parlano di montagna ma anche di mare, di ambienti mediterranei e molti luoghi fantastici, \u00e8 evidente l\u2019influenza di autori visionari e irregolari, quelli che amano rappresentare la realt\u00e0 deformandola e trasformandola, primo fra tutti Dino Buzzati, alla cui valorizzazione Lentini si dedica da tempo.<br \/>\nNati in gran parte dalla collaborazione con il quotidiano di scritture online \u201cIl Cucchiaio nell\u2019Orecchio\u201d, i testi raccolti in questo libro tendono a sintonizzare la scrittura con le pulsazioni del corpo, della mente e del respiro, con l\u2019intento di liberarla dalla \u201cgabbia\u201d della pagina tradizionale alla ricerca di anomalie, extrasistoli, sbilanciamenti e mettendo in circolo la massima libert\u00e0 espressiva. Lentini \u00e8 infatti da sempre impegnato in una ricerca che spazia dalla scrittura alle arti visive passando attraverso la poesia visiva e la sperimentazione artistica pi\u00f9 aperta. Fra i suoi libri: \u201cPiccolo inventario degli specchi\u201d (prefazione di Antonio Castronuovo, Stampa Alternativa, 2003), \u201cUn bellunese di Patagonia\u201d (Stampa Alternativa, 2004), \u201cCento madri\u201d (vincitore del premio \u201cCitt\u00e0 di Forl\u00ec\u201d, postfazione di Paolo Ruffilli, Foschi, 2009), \u201cLuminosa signora\u201d (postfazione di Antonio Pane, Pagliai 2011), \u201cIllegali vene\u201d (prefazione di Eugenio Lucrezi, Eureka\/Edizioni, 2015).<\/p>","protected":false},"excerpt":{"rendered":"<p>Mercoled\u00ec 28 novembre, a Belluno, nella sede della Colophonarte di Egidio Fiorin (via Torricelle, 1), dalle ore 17.30, Serena Dal Borgo presenta il libro \u201cTre lune in attesa\u201d di Alfonso Lentini. \u00c8 lo scenario dolomitico il principale protagonista del nuovo libro di Alfonso Lentini, \u201cTre lune in attesa\u201d, vincitore del premio letterario Formebrevi e arrivato [&hellip;]<\/p>\n","protected":false},"author":2,"featured_media":0,"comment_status":"closed","ping_status":"open","sticky":false,"template":"","format":"standard","meta":{"footnotes":""},"categories":[27,3],"tags":[],"class_list":["post-99904","post","type-post","status-publish","format-standard","category-appuntamenti","category-arte-cultura-spettacoli-scienza-archivi"],"yoast_head":"<!-- This site is optimized with the Yoast SEO plugin v28.4 - https:\/\/yoast.com\/product\/yoast-seo-wordpress\/ -->\n<title>Mercoled\u00ec a Colophonarte presentazione del libro \u201cTre lune in attesa\u201d di Alfonso Lentini - Bellunopress - Dolomiti<\/title>\n<meta name=\"robots\" content=\"index, follow, max-snippet:-1, max-image-preview:large, max-video-preview:-1\" \/>\n<link rel=\"canonical\" href=\"https:\/\/www.bellunopress.it\/fr\/2018\/11\/24\/mercoledi-a-colophonarte-presentazione-del-libro-tre-lune-in-attesa-di-alfonso-lentini\/\" \/>\n<meta property=\"og:locale\" content=\"fr_FR\" \/>\n<meta property=\"og:type\" content=\"article\" \/>\n<meta property=\"og:title\" content=\"Mercoled\u00ec a Colophonarte presentazione del libro \u201cTre lune in attesa\u201d di Alfonso Lentini - Bellunopress - Dolomiti\" \/>\n<meta property=\"og:description\" content=\"Mercoled\u00ec 28 novembre, a Belluno, nella sede della Colophonarte di Egidio Fiorin (via Torricelle, 1), dalle ore 17.30, Serena Dal Borgo presenta il libro \u201cTre lune in attesa\u201d di Alfonso Lentini. \u00c8 lo scenario dolomitico il principale protagonista del nuovo libro di Alfonso Lentini, \u201cTre lune in attesa\u201d, vincitore del premio letterario Formebrevi e arrivato [&hellip;]\" \/>\n<meta property=\"og:url\" content=\"https:\/\/www.bellunopress.it\/fr\/2018\/11\/24\/mercoledi-a-colophonarte-presentazione-del-libro-tre-lune-in-attesa-di-alfonso-lentini\/\" \/>\n<meta property=\"og:site_name\" content=\"Bellunopress - Dolomiti\" \/>\n<meta property=\"article:publisher\" content=\"https:\/\/www.facebook.com\/profile.php?id=100008943462799\" \/>\n<meta property=\"article:published_time\" content=\"2018-11-24T17:31:22+00:00\" \/>\n<meta property=\"article:modified_time\" content=\"2018-11-28T20:25:58+00:00\" \/>\n<meta property=\"og:image\" content=\"http:\/\/www.bellunopress.it\/wp-content\/uploads\/2018\/11\/lentini_tre_lune_in_attesa_copertina_defRID.jpg\" \/>\n<meta name=\"author\" content=\"redazione\" \/>\n<meta name=\"twitter:card\" content=\"summary_large_image\" \/>\n<meta name=\"twitter:creator\" content=\"@bellunopress\" \/>\n<meta name=\"twitter:site\" content=\"@bellunopress\" \/>\n<meta name=\"twitter:label1\" content=\"\u00c9crit par\" \/>\n\t<meta name=\"twitter:data1\" content=\"redazione\" \/>\n\t<meta name=\"twitter:label2\" content=\"Dur\u00e9e de lecture estim\u00e9e\" \/>\n\t<meta name=\"twitter:data2\" content=\"2 minutes\" \/>\n<script type=\"application\/ld+json\" class=\"yoast-schema-graph\">{\"@context\":\"https:\\\/\\\/schema.org\",\"@graph\":[{\"@type\":\"Article\",\"@id\":\"https:\\\/\\\/www.bellunopress.it\\\/2018\\\/11\\\/24\\\/mercoledi-a-colophonarte-presentazione-del-libro-tre-lune-in-attesa-di-alfonso-lentini\\\/#article\",\"isPartOf\":{\"@id\":\"https:\\\/\\\/www.bellunopress.it\\\/2018\\\/11\\\/24\\\/mercoledi-a-colophonarte-presentazione-del-libro-tre-lune-in-attesa-di-alfonso-lentini\\\/\"},\"author\":{\"name\":\"redazione\",\"@id\":\"https:\\\/\\\/www.bellunopress.it\\\/#\\\/schema\\\/person\\\/79bb06722b37ece1c03d3e94beb30d73\"},\"headline\":\"Mercoled\u00ec a Colophonarte presentazione del libro \u201cTre lune in attesa\u201d di Alfonso Lentini\",\"datePublished\":\"2018-11-24T17:31:22+00:00\",\"dateModified\":\"2018-11-28T20:25:58+00:00\",\"mainEntityOfPage\":{\"@id\":\"https:\\\/\\\/www.bellunopress.it\\\/2018\\\/11\\\/24\\\/mercoledi-a-colophonarte-presentazione-del-libro-tre-lune-in-attesa-di-alfonso-lentini\\\/\"},\"wordCount\":456,\"publisher\":{\"@id\":\"https:\\\/\\\/www.bellunopress.it\\\/#organization\"},\"image\":{\"@id\":\"https:\\\/\\\/www.bellunopress.it\\\/2018\\\/11\\\/24\\\/mercoledi-a-colophonarte-presentazione-del-libro-tre-lune-in-attesa-di-alfonso-lentini\\\/#primaryimage\"},\"thumbnailUrl\":\"http:\\\/\\\/www.bellunopress.it\\\/wp-content\\\/uploads\\\/2018\\\/11\\\/lentini_tre_lune_in_attesa_copertina_defRID.jpg\",\"articleSection\":[\"Appuntamenti, Eventi\",\"Arte, Cultura, Spettacoli, Scienza\"],\"inLanguage\":\"fr-FR\"},{\"@type\":\"WebPage\",\"@id\":\"https:\\\/\\\/www.bellunopress.it\\\/2018\\\/11\\\/24\\\/mercoledi-a-colophonarte-presentazione-del-libro-tre-lune-in-attesa-di-alfonso-lentini\\\/\",\"url\":\"https:\\\/\\\/www.bellunopress.it\\\/2018\\\/11\\\/24\\\/mercoledi-a-colophonarte-presentazione-del-libro-tre-lune-in-attesa-di-alfonso-lentini\\\/\",\"name\":\"Mercoled\u00ec a Colophonarte presentazione del libro \u201cTre lune in attesa\u201d di Alfonso Lentini - Bellunopress - Dolomiti\",\"isPartOf\":{\"@id\":\"https:\\\/\\\/www.bellunopress.it\\\/#website\"},\"primaryImageOfPage\":{\"@id\":\"https:\\\/\\\/www.bellunopress.it\\\/2018\\\/11\\\/24\\\/mercoledi-a-colophonarte-presentazione-del-libro-tre-lune-in-attesa-di-alfonso-lentini\\\/#primaryimage\"},\"image\":{\"@id\":\"https:\\\/\\\/www.bellunopress.it\\\/2018\\\/11\\\/24\\\/mercoledi-a-colophonarte-presentazione-del-libro-tre-lune-in-attesa-di-alfonso-lentini\\\/#primaryimage\"},\"thumbnailUrl\":\"http:\\\/\\\/www.bellunopress.it\\\/wp-content\\\/uploads\\\/2018\\\/11\\\/lentini_tre_lune_in_attesa_copertina_defRID.jpg\",\"datePublished\":\"2018-11-24T17:31:22+00:00\",\"dateModified\":\"2018-11-28T20:25:58+00:00\",\"breadcrumb\":{\"@id\":\"https:\\\/\\\/www.bellunopress.it\\\/2018\\\/11\\\/24\\\/mercoledi-a-colophonarte-presentazione-del-libro-tre-lune-in-attesa-di-alfonso-lentini\\\/#breadcrumb\"},\"inLanguage\":\"fr-FR\",\"potentialAction\":[{\"@type\":\"ReadAction\",\"target\":[\"https:\\\/\\\/www.bellunopress.it\\\/2018\\\/11\\\/24\\\/mercoledi-a-colophonarte-presentazione-del-libro-tre-lune-in-attesa-di-alfonso-lentini\\\/\"]}]},{\"@type\":\"ImageObject\",\"inLanguage\":\"fr-FR\",\"@id\":\"https:\\\/\\\/www.bellunopress.it\\\/2018\\\/11\\\/24\\\/mercoledi-a-colophonarte-presentazione-del-libro-tre-lune-in-attesa-di-alfonso-lentini\\\/#primaryimage\",\"url\":\"http:\\\/\\\/www.bellunopress.it\\\/wp-content\\\/uploads\\\/2018\\\/11\\\/lentini_tre_lune_in_attesa_copertina_defRID.jpg\",\"contentUrl\":\"http:\\\/\\\/www.bellunopress.it\\\/wp-content\\\/uploads\\\/2018\\\/11\\\/lentini_tre_lune_in_attesa_copertina_defRID.jpg\"},{\"@type\":\"BreadcrumbList\",\"@id\":\"https:\\\/\\\/www.bellunopress.it\\\/2018\\\/11\\\/24\\\/mercoledi-a-colophonarte-presentazione-del-libro-tre-lune-in-attesa-di-alfonso-lentini\\\/#breadcrumb\",\"itemListElement\":[{\"@type\":\"ListItem\",\"position\":1,\"name\":\"Home\",\"item\":\"https:\\\/\\\/www.bellunopress.it\\\/\"},{\"@type\":\"ListItem\",\"position\":2,\"name\":\"Mercoled\u00ec a Colophonarte presentazione del libro \u201cTre lune in attesa\u201d di Alfonso Lentini\"}]},{\"@type\":\"WebSite\",\"@id\":\"https:\\\/\\\/www.bellunopress.it\\\/#website\",\"url\":\"https:\\\/\\\/www.bellunopress.it\\\/\",\"name\":\"Bellunopress - Dolomiti\",\"description\":\"e-mail: redazione@bellunopress.it\",\"publisher\":{\"@id\":\"https:\\\/\\\/www.bellunopress.it\\\/#organization\"},\"potentialAction\":[{\"@type\":\"SearchAction\",\"target\":{\"@type\":\"EntryPoint\",\"urlTemplate\":\"https:\\\/\\\/www.bellunopress.it\\\/?s={search_term_string}\"},\"query-input\":{\"@type\":\"PropertyValueSpecification\",\"valueRequired\":true,\"valueName\":\"search_term_string\"}}],\"inLanguage\":\"fr-FR\"},{\"@type\":\"Organization\",\"@id\":\"https:\\\/\\\/www.bellunopress.it\\\/#organization\",\"name\":\"Bellunopress\",\"url\":\"https:\\\/\\\/www.bellunopress.it\\\/\",\"logo\":{\"@type\":\"ImageObject\",\"inLanguage\":\"fr-FR\",\"@id\":\"https:\\\/\\\/www.bellunopress.it\\\/#\\\/schema\\\/logo\\\/image\\\/\",\"url\":\"https:\\\/\\\/www.bellunopress.it\\\/wp-content\\\/uploads\\\/2011\\\/05\\\/cropped-logo-bellunopress-.jpg\",\"contentUrl\":\"https:\\\/\\\/www.bellunopress.it\\\/wp-content\\\/uploads\\\/2011\\\/05\\\/cropped-logo-bellunopress-.jpg\",\"width\":512,\"height\":512,\"caption\":\"Bellunopress\"},\"image\":{\"@id\":\"https:\\\/\\\/www.bellunopress.it\\\/#\\\/schema\\\/logo\\\/image\\\/\"},\"sameAs\":[\"https:\\\/\\\/www.facebook.com\\\/profile.php?id=100008943462799\",\"https:\\\/\\\/x.com\\\/bellunopress\",\"https:\\\/\\\/www.linkedin.com\\\/hp\\\/?dnr=JBzUWaJfMUw8vbXJJ2tVW5-I3jZKvC4wsoxE&amp;amp;amp;amp;amp;amp;trk=nav_responsive_tab_home\",\"https:\\\/\\\/www.youtube.com\\\/channel\\\/UCxL0wu1uN0_3_7hGG0306cw\"]},{\"@type\":\"Person\",\"@id\":\"https:\\\/\\\/www.bellunopress.it\\\/#\\\/schema\\\/person\\\/79bb06722b37ece1c03d3e94beb30d73\",\"name\":\"redazione\",\"image\":{\"@type\":\"ImageObject\",\"inLanguage\":\"fr-FR\",\"@id\":\"https:\\\/\\\/secure.gravatar.com\\\/avatar\\\/37d968a2e67a6fd04c169c4bdef102d0bc5d31b2546345219e348575eb80e9a0?s=96&d=mm&r=g\",\"url\":\"https:\\\/\\\/secure.gravatar.com\\\/avatar\\\/37d968a2e67a6fd04c169c4bdef102d0bc5d31b2546345219e348575eb80e9a0?s=96&d=mm&r=g\",\"contentUrl\":\"https:\\\/\\\/secure.gravatar.com\\\/avatar\\\/37d968a2e67a6fd04c169c4bdef102d0bc5d31b2546345219e348575eb80e9a0?s=96&d=mm&r=g\",\"caption\":\"redazione\"},\"sameAs\":[\"http:\\\/\\\/www.bellunopress.it\",\"https:\\\/\\\/x.com\\\/bellunopress\"],\"url\":\"https:\\\/\\\/www.bellunopress.it\\\/fr\\\/author\\\/redazione\\\/\"}]}<\/script>\n<!-- \/ Yoast SEO plugin. -->","yoast_head_json":{"title":"Mercoled\u00ec a Colophonarte presentazione del libro \u201cTre lune in attesa\u201d di Alfonso Lentini - Bellunopress - Dolomiti","robots":{"index":"index","follow":"follow","max-snippet":"max-snippet:-1","max-image-preview":"max-image-preview:large","max-video-preview":"max-video-preview:-1"},"canonical":"https:\/\/www.bellunopress.it\/fr\/2018\/11\/24\/mercoledi-a-colophonarte-presentazione-del-libro-tre-lune-in-attesa-di-alfonso-lentini\/","og_locale":"fr_FR","og_type":"article","og_title":"Mercoled\u00ec a Colophonarte presentazione del libro \u201cTre lune in attesa\u201d di Alfonso Lentini - Bellunopress - Dolomiti","og_description":"Mercoled\u00ec 28 novembre, a Belluno, nella sede della Colophonarte di Egidio Fiorin (via Torricelle, 1), dalle ore 17.30, Serena Dal Borgo presenta il libro \u201cTre lune in attesa\u201d di Alfonso Lentini. \u00c8 lo scenario dolomitico il principale protagonista del nuovo libro di Alfonso Lentini, \u201cTre lune in attesa\u201d, vincitore del premio letterario Formebrevi e arrivato [&hellip;]","og_url":"https:\/\/www.bellunopress.it\/fr\/2018\/11\/24\/mercoledi-a-colophonarte-presentazione-del-libro-tre-lune-in-attesa-di-alfonso-lentini\/","og_site_name":"Bellunopress - Dolomiti","article_publisher":"https:\/\/www.facebook.com\/profile.php?id=100008943462799","article_published_time":"2018-11-24T17:31:22+00:00","article_modified_time":"2018-11-28T20:25:58+00:00","og_image":[{"url":"http:\/\/www.bellunopress.it\/wp-content\/uploads\/2018\/11\/lentini_tre_lune_in_attesa_copertina_defRID.jpg","type":"","width":"","height":""}],"author":"redazione","twitter_card":"summary_large_image","twitter_creator":"@bellunopress","twitter_site":"@bellunopress","twitter_misc":{"\u00c9crit par":"redazione","Dur\u00e9e de lecture estim\u00e9e":"2 minutes"},"schema":{"@context":"https:\/\/schema.org","@graph":[{"@type":"Article","@id":"https:\/\/www.bellunopress.it\/2018\/11\/24\/mercoledi-a-colophonarte-presentazione-del-libro-tre-lune-in-attesa-di-alfonso-lentini\/#article","isPartOf":{"@id":"https:\/\/www.bellunopress.it\/2018\/11\/24\/mercoledi-a-colophonarte-presentazione-del-libro-tre-lune-in-attesa-di-alfonso-lentini\/"},"author":{"name":"redazione","@id":"https:\/\/www.bellunopress.it\/#\/schema\/person\/79bb06722b37ece1c03d3e94beb30d73"},"headline":"Mercoled\u00ec a Colophonarte presentazione del libro \u201cTre lune in attesa\u201d di Alfonso Lentini","datePublished":"2018-11-24T17:31:22+00:00","dateModified":"2018-11-28T20:25:58+00:00","mainEntityOfPage":{"@id":"https:\/\/www.bellunopress.it\/2018\/11\/24\/mercoledi-a-colophonarte-presentazione-del-libro-tre-lune-in-attesa-di-alfonso-lentini\/"},"wordCount":456,"publisher":{"@id":"https:\/\/www.bellunopress.it\/#organization"},"image":{"@id":"https:\/\/www.bellunopress.it\/2018\/11\/24\/mercoledi-a-colophonarte-presentazione-del-libro-tre-lune-in-attesa-di-alfonso-lentini\/#primaryimage"},"thumbnailUrl":"http:\/\/www.bellunopress.it\/wp-content\/uploads\/2018\/11\/lentini_tre_lune_in_attesa_copertina_defRID.jpg","articleSection":["Appuntamenti, Eventi","Arte, Cultura, Spettacoli, Scienza"],"inLanguage":"fr-FR"},{"@type":"WebPage","@id":"https:\/\/www.bellunopress.it\/2018\/11\/24\/mercoledi-a-colophonarte-presentazione-del-libro-tre-lune-in-attesa-di-alfonso-lentini\/","url":"https:\/\/www.bellunopress.it\/2018\/11\/24\/mercoledi-a-colophonarte-presentazione-del-libro-tre-lune-in-attesa-di-alfonso-lentini\/","name":"Mercoled\u00ec a Colophonarte presentazione del libro \u201cTre lune in attesa\u201d di Alfonso Lentini - Bellunopress - Dolomiti","isPartOf":{"@id":"https:\/\/www.bellunopress.it\/#website"},"primaryImageOfPage":{"@id":"https:\/\/www.bellunopress.it\/2018\/11\/24\/mercoledi-a-colophonarte-presentazione-del-libro-tre-lune-in-attesa-di-alfonso-lentini\/#primaryimage"},"image":{"@id":"https:\/\/www.bellunopress.it\/2018\/11\/24\/mercoledi-a-colophonarte-presentazione-del-libro-tre-lune-in-attesa-di-alfonso-lentini\/#primaryimage"},"thumbnailUrl":"http:\/\/www.bellunopress.it\/wp-content\/uploads\/2018\/11\/lentini_tre_lune_in_attesa_copertina_defRID.jpg","datePublished":"2018-11-24T17:31:22+00:00","dateModified":"2018-11-28T20:25:58+00:00","breadcrumb":{"@id":"https:\/\/www.bellunopress.it\/2018\/11\/24\/mercoledi-a-colophonarte-presentazione-del-libro-tre-lune-in-attesa-di-alfonso-lentini\/#breadcrumb"},"inLanguage":"fr-FR","potentialAction":[{"@type":"ReadAction","target":["https:\/\/www.bellunopress.it\/2018\/11\/24\/mercoledi-a-colophonarte-presentazione-del-libro-tre-lune-in-attesa-di-alfonso-lentini\/"]}]},{"@type":"ImageObject","inLanguage":"fr-FR","@id":"https:\/\/www.bellunopress.it\/2018\/11\/24\/mercoledi-a-colophonarte-presentazione-del-libro-tre-lune-in-attesa-di-alfonso-lentini\/#primaryimage","url":"http:\/\/www.bellunopress.it\/wp-content\/uploads\/2018\/11\/lentini_tre_lune_in_attesa_copertina_defRID.jpg","contentUrl":"http:\/\/www.bellunopress.it\/wp-content\/uploads\/2018\/11\/lentini_tre_lune_in_attesa_copertina_defRID.jpg"},{"@type":"BreadcrumbList","@id":"https:\/\/www.bellunopress.it\/2018\/11\/24\/mercoledi-a-colophonarte-presentazione-del-libro-tre-lune-in-attesa-di-alfonso-lentini\/#breadcrumb","itemListElement":[{"@type":"ListItem","position":1,"name":"Home","item":"https:\/\/www.bellunopress.it\/"},{"@type":"ListItem","position":2,"name":"Mercoled\u00ec a Colophonarte presentazione del libro \u201cTre lune in attesa\u201d di Alfonso Lentini"}]},{"@type":"WebSite","@id":"https:\/\/www.bellunopress.it\/#website","url":"https:\/\/www.bellunopress.it\/","name":"Bellunopress - Dolomiti","description":"e-mail: redazione@bellunopress.it","publisher":{"@id":"https:\/\/www.bellunopress.it\/#organization"},"potentialAction":[{"@type":"SearchAction","target":{"@type":"EntryPoint","urlTemplate":"https:\/\/www.bellunopress.it\/?s={search_term_string}"},"query-input":{"@type":"PropertyValueSpecification","valueRequired":true,"valueName":"search_term_string"}}],"inLanguage":"fr-FR"},{"@type":"Organization","@id":"https:\/\/www.bellunopress.it\/#organization","name":"Bellunopress","url":"https:\/\/www.bellunopress.it\/","logo":{"@type":"ImageObject","inLanguage":"fr-FR","@id":"https:\/\/www.bellunopress.it\/#\/schema\/logo\/image\/","url":"https:\/\/www.bellunopress.it\/wp-content\/uploads\/2011\/05\/cropped-logo-bellunopress-.jpg","contentUrl":"https:\/\/www.bellunopress.it\/wp-content\/uploads\/2011\/05\/cropped-logo-bellunopress-.jpg","width":512,"height":512,"caption":"Bellunopress"},"image":{"@id":"https:\/\/www.bellunopress.it\/#\/schema\/logo\/image\/"},"sameAs":["https:\/\/www.facebook.com\/profile.php?id=100008943462799","https:\/\/x.com\/bellunopress","https:\/\/www.linkedin.com\/hp\/?dnr=JBzUWaJfMUw8vbXJJ2tVW5-I3jZKvC4wsoxE&amp;amp;amp;amp;amp;amp;trk=nav_responsive_tab_home","https:\/\/www.youtube.com\/channel\/UCxL0wu1uN0_3_7hGG0306cw"]},{"@type":"Person","@id":"https:\/\/www.bellunopress.it\/#\/schema\/person\/79bb06722b37ece1c03d3e94beb30d73","name":"r\u00e9daction","image":{"@type":"ImageObject","inLanguage":"fr-FR","@id":"https:\/\/secure.gravatar.com\/avatar\/37d968a2e67a6fd04c169c4bdef102d0bc5d31b2546345219e348575eb80e9a0?s=96&d=mm&r=g","url":"https:\/\/secure.gravatar.com\/avatar\/37d968a2e67a6fd04c169c4bdef102d0bc5d31b2546345219e348575eb80e9a0?s=96&d=mm&r=g","contentUrl":"https:\/\/secure.gravatar.com\/avatar\/37d968a2e67a6fd04c169c4bdef102d0bc5d31b2546345219e348575eb80e9a0?s=96&d=mm&r=g","caption":"redazione"},"sameAs":["http:\/\/www.bellunopress.it","https:\/\/x.com\/bellunopress"],"url":"https:\/\/www.bellunopress.it\/fr\/author\/redazione\/"}]}},"_links":{"self":[{"href":"https:\/\/www.bellunopress.it\/fr\/wp-json\/wp\/v2\/posts\/99904","targetHints":{"allow":["GET"]}}],"collection":[{"href":"https:\/\/www.bellunopress.it\/fr\/wp-json\/wp\/v2\/posts"}],"about":[{"href":"https:\/\/www.bellunopress.it\/fr\/wp-json\/wp\/v2\/types\/post"}],"author":[{"embeddable":true,"href":"https:\/\/www.bellunopress.it\/fr\/wp-json\/wp\/v2\/users\/2"}],"replies":[{"embeddable":true,"href":"https:\/\/www.bellunopress.it\/fr\/wp-json\/wp\/v2\/comments?post=99904"}],"version-history":[{"count":2,"href":"https:\/\/www.bellunopress.it\/fr\/wp-json\/wp\/v2\/posts\/99904\/revisions"}],"predecessor-version":[{"id":99907,"href":"https:\/\/www.bellunopress.it\/fr\/wp-json\/wp\/v2\/posts\/99904\/revisions\/99907"}],"wp:attachment":[{"href":"https:\/\/www.bellunopress.it\/fr\/wp-json\/wp\/v2\/media?parent=99904"}],"wp:term":[{"taxonomy":"category","embeddable":true,"href":"https:\/\/www.bellunopress.it\/fr\/wp-json\/wp\/v2\/categories?post=99904"},{"taxonomy":"post_tag","embeddable":true,"href":"https:\/\/www.bellunopress.it\/fr\/wp-json\/wp\/v2\/tags?post=99904"}],"curies":[{"name":"wp","href":"https:\/\/api.w.org\/{rel}","templated":true}]}}