{"id":99900,"date":"2018-11-24T16:39:12","date_gmt":"2018-11-24T15:39:12","guid":{"rendered":"http:\/\/www.bellunopress.it\/?p=99900"},"modified":"2018-11-26T20:32:30","modified_gmt":"2018-11-26T19:32:30","slug":"nord-est-e-in-libreria-un-libro-di-poesie-di-claudio-michelazzi","status":"publish","type":"post","link":"https:\/\/www.bellunopress.it\/fr\/2018\/11\/24\/nord-est-e-in-libreria-un-libro-di-poesie-di-claudio-michelazzi\/","title":{"rendered":"\u201cNord Est\u201d \u00e8 in libreria: un libro di poesie di Claudio Michelazzi"},"content":{"rendered":"<p>In libreria \u00e8 uscito \u201cNord Est\u201d (Edizioni 96, rue de la Fontaine 2018) una raccolta di versi di Claudio Michelazzi. Poesie scritte in due fasi nell\u2019ultimo decennio, che affondano le loro radici nel territorio montano del Comelico, terra di cultura ladina, da cui lo scrittore proviene. Una raccolta di versi suddivisa in tre parti, dove nella prima \u00e8 il disagio esistenziale, \u201cil senso di fragilit\u00e0 e di smarrimento che coglie l\u2019uomo\u201d, come scrive Guido Barzan nella prefazione al libro, cui fa da antidoto la presenza di una natura sempre presente e portatrice di un senso di appartenenza salvifico. A questa sezione si affiancano dei componimenti in ladino, traduzioni di liriche in provenzale antico che configurano \u201cun\u2019operazione filologica che mette in evidenza le affascinanti somiglianze fra due lingue sorelle, figlie della matrice comune latina\u201d. Nella terza parte di quello che di fatto si legge come un viaggio poetico unitario, torna la montagna e l\u2019uomo che la abita, alla ricerca costante di un equilibrio attraverso l\u2019armonia naturale e un sistema di valori irrinunciabili legati alla memoria, all\u2019arte e alle radici profonde di questo mondo antico.<\/p>","protected":false},"excerpt":{"rendered":"<p>In libreria \u00e8 uscito \u201cNord Est\u201d (Edizioni 96, rue de la Fontaine 2018) una raccolta di versi di Claudio Michelazzi. Poesie scritte in due fasi nell\u2019ultimo decennio, che affondano le loro radici nel territorio montano del Comelico, terra di cultura ladina, da cui lo scrittore proviene. Una raccolta di versi suddivisa in tre parti, dove [&hellip;]<\/p>\n","protected":false},"author":2,"featured_media":0,"comment_status":"closed","ping_status":"open","sticky":false,"template":"","format":"standard","meta":{"footnotes":""},"categories":[3],"tags":[],"class_list":["post-99900","post","type-post","status-publish","format-standard","category-arte-cultura-spettacoli-scienza-archivi"],"yoast_head":"<!-- This site is optimized with the Yoast SEO plugin v28.4 - https:\/\/yoast.com\/product\/yoast-seo-wordpress\/ -->\n<title>\u201cNord Est\u201d \u00e8 in libreria: un libro di poesie di Claudio Michelazzi - Bellunopress - Dolomiti<\/title>\n<meta name=\"robots\" content=\"index, follow, max-snippet:-1, max-image-preview:large, max-video-preview:-1\" \/>\n<link rel=\"canonical\" href=\"https:\/\/www.bellunopress.it\/fr\/2018\/11\/24\/nord-est-e-in-libreria-un-libro-di-poesie-di-claudio-michelazzi\/\" \/>\n<meta property=\"og:locale\" content=\"fr_FR\" \/>\n<meta property=\"og:type\" content=\"article\" \/>\n<meta property=\"og:title\" content=\"\u201cNord Est\u201d \u00e8 in libreria: un libro di poesie di Claudio Michelazzi - Bellunopress - Dolomiti\" \/>\n<meta property=\"og:description\" content=\"In libreria \u00e8 uscito \u201cNord Est\u201d (Edizioni 96, rue de la Fontaine 2018) una raccolta di versi di Claudio Michelazzi. Poesie scritte in due fasi nell\u2019ultimo decennio, che affondano le loro radici nel territorio montano del Comelico, terra di cultura ladina, da cui lo scrittore proviene. Una raccolta di versi suddivisa in tre parti, dove [&hellip;]\" \/>\n<meta property=\"og:url\" content=\"https:\/\/www.bellunopress.it\/fr\/2018\/11\/24\/nord-est-e-in-libreria-un-libro-di-poesie-di-claudio-michelazzi\/\" \/>\n<meta property=\"og:site_name\" content=\"Bellunopress - Dolomiti\" \/>\n<meta property=\"article:publisher\" content=\"https:\/\/www.facebook.com\/profile.php?id=100008943462799\" \/>\n<meta property=\"article:published_time\" content=\"2018-11-24T15:39:12+00:00\" \/>\n<meta property=\"article:modified_time\" content=\"2018-11-26T19:32:30+00:00\" \/>\n<meta property=\"og:image\" content=\"http:\/\/www.bellunopress.it\/wp-content\/uploads\/2012\/07\/logo-bellunopress-250x250-2012.jpg\" \/>\n<meta name=\"author\" content=\"redazione\" \/>\n<meta name=\"twitter:card\" content=\"summary_large_image\" \/>\n<meta name=\"twitter:creator\" content=\"@bellunopress\" \/>\n<meta name=\"twitter:site\" content=\"@bellunopress\" \/>\n<meta name=\"twitter:label1\" content=\"\u00c9crit par\" \/>\n\t<meta name=\"twitter:data1\" content=\"redazione\" \/>\n\t<meta name=\"twitter:label2\" content=\"Dur\u00e9e de lecture estim\u00e9e\" \/>\n\t<meta name=\"twitter:data2\" content=\"1 minute\" \/>\n<script type=\"application\/ld+json\" class=\"yoast-schema-graph\">{\"@context\":\"https:\\\/\\\/schema.org\",\"@graph\":[{\"@type\":\"Article\",\"@id\":\"https:\\\/\\\/www.bellunopress.it\\\/2018\\\/11\\\/24\\\/nord-est-e-in-libreria-un-libro-di-poesie-di-claudio-michelazzi\\\/#article\",\"isPartOf\":{\"@id\":\"https:\\\/\\\/www.bellunopress.it\\\/2018\\\/11\\\/24\\\/nord-est-e-in-libreria-un-libro-di-poesie-di-claudio-michelazzi\\\/\"},\"author\":{\"name\":\"redazione\",\"@id\":\"https:\\\/\\\/www.bellunopress.it\\\/#\\\/schema\\\/person\\\/79bb06722b37ece1c03d3e94beb30d73\"},\"headline\":\"\u201cNord Est\u201d \u00e8 in libreria: un libro di poesie di Claudio Michelazzi\",\"datePublished\":\"2018-11-24T15:39:12+00:00\",\"dateModified\":\"2018-11-26T19:32:30+00:00\",\"mainEntityOfPage\":{\"@id\":\"https:\\\/\\\/www.bellunopress.it\\\/2018\\\/11\\\/24\\\/nord-est-e-in-libreria-un-libro-di-poesie-di-claudio-michelazzi\\\/\"},\"wordCount\":196,\"publisher\":{\"@id\":\"https:\\\/\\\/www.bellunopress.it\\\/#organization\"},\"articleSection\":[\"Arte, Cultura, Spettacoli, Scienza\"],\"inLanguage\":\"fr-FR\"},{\"@type\":\"WebPage\",\"@id\":\"https:\\\/\\\/www.bellunopress.it\\\/2018\\\/11\\\/24\\\/nord-est-e-in-libreria-un-libro-di-poesie-di-claudio-michelazzi\\\/\",\"url\":\"https:\\\/\\\/www.bellunopress.it\\\/2018\\\/11\\\/24\\\/nord-est-e-in-libreria-un-libro-di-poesie-di-claudio-michelazzi\\\/\",\"name\":\"\u201cNord Est\u201d \u00e8 in libreria: un libro di poesie di Claudio Michelazzi - Bellunopress - Dolomiti\",\"isPartOf\":{\"@id\":\"https:\\\/\\\/www.bellunopress.it\\\/#website\"},\"datePublished\":\"2018-11-24T15:39:12+00:00\",\"dateModified\":\"2018-11-26T19:32:30+00:00\",\"breadcrumb\":{\"@id\":\"https:\\\/\\\/www.bellunopress.it\\\/2018\\\/11\\\/24\\\/nord-est-e-in-libreria-un-libro-di-poesie-di-claudio-michelazzi\\\/#breadcrumb\"},\"inLanguage\":\"fr-FR\",\"potentialAction\":[{\"@type\":\"ReadAction\",\"target\":[\"https:\\\/\\\/www.bellunopress.it\\\/2018\\\/11\\\/24\\\/nord-est-e-in-libreria-un-libro-di-poesie-di-claudio-michelazzi\\\/\"]}]},{\"@type\":\"BreadcrumbList\",\"@id\":\"https:\\\/\\\/www.bellunopress.it\\\/2018\\\/11\\\/24\\\/nord-est-e-in-libreria-un-libro-di-poesie-di-claudio-michelazzi\\\/#breadcrumb\",\"itemListElement\":[{\"@type\":\"ListItem\",\"position\":1,\"name\":\"Home\",\"item\":\"https:\\\/\\\/www.bellunopress.it\\\/\"},{\"@type\":\"ListItem\",\"position\":2,\"name\":\"\u201cNord Est\u201d \u00e8 in libreria: un libro di poesie di Claudio Michelazzi\"}]},{\"@type\":\"WebSite\",\"@id\":\"https:\\\/\\\/www.bellunopress.it\\\/#website\",\"url\":\"https:\\\/\\\/www.bellunopress.it\\\/\",\"name\":\"Bellunopress - Dolomiti\",\"description\":\"e-mail: redazione@bellunopress.it\",\"publisher\":{\"@id\":\"https:\\\/\\\/www.bellunopress.it\\\/#organization\"},\"potentialAction\":[{\"@type\":\"SearchAction\",\"target\":{\"@type\":\"EntryPoint\",\"urlTemplate\":\"https:\\\/\\\/www.bellunopress.it\\\/?s={search_term_string}\"},\"query-input\":{\"@type\":\"PropertyValueSpecification\",\"valueRequired\":true,\"valueName\":\"search_term_string\"}}],\"inLanguage\":\"fr-FR\"},{\"@type\":\"Organization\",\"@id\":\"https:\\\/\\\/www.bellunopress.it\\\/#organization\",\"name\":\"Bellunopress\",\"url\":\"https:\\\/\\\/www.bellunopress.it\\\/\",\"logo\":{\"@type\":\"ImageObject\",\"inLanguage\":\"fr-FR\",\"@id\":\"https:\\\/\\\/www.bellunopress.it\\\/#\\\/schema\\\/logo\\\/image\\\/\",\"url\":\"https:\\\/\\\/www.bellunopress.it\\\/wp-content\\\/uploads\\\/2011\\\/05\\\/cropped-logo-bellunopress-.jpg\",\"contentUrl\":\"https:\\\/\\\/www.bellunopress.it\\\/wp-content\\\/uploads\\\/2011\\\/05\\\/cropped-logo-bellunopress-.jpg\",\"width\":512,\"height\":512,\"caption\":\"Bellunopress\"},\"image\":{\"@id\":\"https:\\\/\\\/www.bellunopress.it\\\/#\\\/schema\\\/logo\\\/image\\\/\"},\"sameAs\":[\"https:\\\/\\\/www.facebook.com\\\/profile.php?id=100008943462799\",\"https:\\\/\\\/x.com\\\/bellunopress\",\"https:\\\/\\\/www.linkedin.com\\\/hp\\\/?dnr=JBzUWaJfMUw8vbXJJ2tVW5-I3jZKvC4wsoxE&amp;amp;amp;amp;amp;amp;trk=nav_responsive_tab_home\",\"https:\\\/\\\/www.youtube.com\\\/channel\\\/UCxL0wu1uN0_3_7hGG0306cw\"]},{\"@type\":\"Person\",\"@id\":\"https:\\\/\\\/www.bellunopress.it\\\/#\\\/schema\\\/person\\\/79bb06722b37ece1c03d3e94beb30d73\",\"name\":\"redazione\",\"image\":{\"@type\":\"ImageObject\",\"inLanguage\":\"fr-FR\",\"@id\":\"https:\\\/\\\/secure.gravatar.com\\\/avatar\\\/37d968a2e67a6fd04c169c4bdef102d0bc5d31b2546345219e348575eb80e9a0?s=96&d=mm&r=g\",\"url\":\"https:\\\/\\\/secure.gravatar.com\\\/avatar\\\/37d968a2e67a6fd04c169c4bdef102d0bc5d31b2546345219e348575eb80e9a0?s=96&d=mm&r=g\",\"contentUrl\":\"https:\\\/\\\/secure.gravatar.com\\\/avatar\\\/37d968a2e67a6fd04c169c4bdef102d0bc5d31b2546345219e348575eb80e9a0?s=96&d=mm&r=g\",\"caption\":\"redazione\"},\"sameAs\":[\"http:\\\/\\\/www.bellunopress.it\",\"https:\\\/\\\/x.com\\\/bellunopress\"],\"url\":\"https:\\\/\\\/www.bellunopress.it\\\/fr\\\/author\\\/redazione\\\/\"}]}<\/script>\n<!-- \/ Yoast SEO plugin. -->","yoast_head_json":{"title":"\u201cNord Est\u201d \u00e8 in libreria: un libro di poesie di Claudio Michelazzi - Bellunopress - Dolomiti","robots":{"index":"index","follow":"follow","max-snippet":"max-snippet:-1","max-image-preview":"max-image-preview:large","max-video-preview":"max-video-preview:-1"},"canonical":"https:\/\/www.bellunopress.it\/fr\/2018\/11\/24\/nord-est-e-in-libreria-un-libro-di-poesie-di-claudio-michelazzi\/","og_locale":"fr_FR","og_type":"article","og_title":"\u201cNord Est\u201d \u00e8 in libreria: un libro di poesie di Claudio Michelazzi - Bellunopress - Dolomiti","og_description":"In libreria \u00e8 uscito \u201cNord Est\u201d (Edizioni 96, rue de la Fontaine 2018) una raccolta di versi di Claudio Michelazzi. Poesie scritte in due fasi nell\u2019ultimo decennio, che affondano le loro radici nel territorio montano del Comelico, terra di cultura ladina, da cui lo scrittore proviene. Una raccolta di versi suddivisa in tre parti, dove [&hellip;]","og_url":"https:\/\/www.bellunopress.it\/fr\/2018\/11\/24\/nord-est-e-in-libreria-un-libro-di-poesie-di-claudio-michelazzi\/","og_site_name":"Bellunopress - Dolomiti","article_publisher":"https:\/\/www.facebook.com\/profile.php?id=100008943462799","article_published_time":"2018-11-24T15:39:12+00:00","article_modified_time":"2018-11-26T19:32:30+00:00","og_image":[{"url":"http:\/\/www.bellunopress.it\/wp-content\/uploads\/2012\/07\/logo-bellunopress-250x250-2012.jpg","type":"","width":"","height":""}],"author":"redazione","twitter_card":"summary_large_image","twitter_creator":"@bellunopress","twitter_site":"@bellunopress","twitter_misc":{"\u00c9crit par":"redazione","Dur\u00e9e de lecture estim\u00e9e":"1 minute"},"schema":{"@context":"https:\/\/schema.org","@graph":[{"@type":"Article","@id":"https:\/\/www.bellunopress.it\/2018\/11\/24\/nord-est-e-in-libreria-un-libro-di-poesie-di-claudio-michelazzi\/#article","isPartOf":{"@id":"https:\/\/www.bellunopress.it\/2018\/11\/24\/nord-est-e-in-libreria-un-libro-di-poesie-di-claudio-michelazzi\/"},"author":{"name":"redazione","@id":"https:\/\/www.bellunopress.it\/#\/schema\/person\/79bb06722b37ece1c03d3e94beb30d73"},"headline":"\u201cNord Est\u201d \u00e8 in libreria: un libro di poesie di Claudio Michelazzi","datePublished":"2018-11-24T15:39:12+00:00","dateModified":"2018-11-26T19:32:30+00:00","mainEntityOfPage":{"@id":"https:\/\/www.bellunopress.it\/2018\/11\/24\/nord-est-e-in-libreria-un-libro-di-poesie-di-claudio-michelazzi\/"},"wordCount":196,"publisher":{"@id":"https:\/\/www.bellunopress.it\/#organization"},"articleSection":["Arte, Cultura, Spettacoli, Scienza"],"inLanguage":"fr-FR"},{"@type":"WebPage","@id":"https:\/\/www.bellunopress.it\/2018\/11\/24\/nord-est-e-in-libreria-un-libro-di-poesie-di-claudio-michelazzi\/","url":"https:\/\/www.bellunopress.it\/2018\/11\/24\/nord-est-e-in-libreria-un-libro-di-poesie-di-claudio-michelazzi\/","name":"\u201cNord Est\u201d \u00e8 in libreria: un libro di poesie di Claudio Michelazzi - Bellunopress - Dolomiti","isPartOf":{"@id":"https:\/\/www.bellunopress.it\/#website"},"datePublished":"2018-11-24T15:39:12+00:00","dateModified":"2018-11-26T19:32:30+00:00","breadcrumb":{"@id":"https:\/\/www.bellunopress.it\/2018\/11\/24\/nord-est-e-in-libreria-un-libro-di-poesie-di-claudio-michelazzi\/#breadcrumb"},"inLanguage":"fr-FR","potentialAction":[{"@type":"ReadAction","target":["https:\/\/www.bellunopress.it\/2018\/11\/24\/nord-est-e-in-libreria-un-libro-di-poesie-di-claudio-michelazzi\/"]}]},{"@type":"BreadcrumbList","@id":"https:\/\/www.bellunopress.it\/2018\/11\/24\/nord-est-e-in-libreria-un-libro-di-poesie-di-claudio-michelazzi\/#breadcrumb","itemListElement":[{"@type":"ListItem","position":1,"name":"Home","item":"https:\/\/www.bellunopress.it\/"},{"@type":"ListItem","position":2,"name":"\u201cNord Est\u201d \u00e8 in libreria: un libro di poesie di Claudio Michelazzi"}]},{"@type":"WebSite","@id":"https:\/\/www.bellunopress.it\/#website","url":"https:\/\/www.bellunopress.it\/","name":"Bellunopress - Dolomiti","description":"e-mail: redazione@bellunopress.it","publisher":{"@id":"https:\/\/www.bellunopress.it\/#organization"},"potentialAction":[{"@type":"SearchAction","target":{"@type":"EntryPoint","urlTemplate":"https:\/\/www.bellunopress.it\/?s={search_term_string}"},"query-input":{"@type":"PropertyValueSpecification","valueRequired":true,"valueName":"search_term_string"}}],"inLanguage":"fr-FR"},{"@type":"Organization","@id":"https:\/\/www.bellunopress.it\/#organization","name":"Bellunopress","url":"https:\/\/www.bellunopress.it\/","logo":{"@type":"ImageObject","inLanguage":"fr-FR","@id":"https:\/\/www.bellunopress.it\/#\/schema\/logo\/image\/","url":"https:\/\/www.bellunopress.it\/wp-content\/uploads\/2011\/05\/cropped-logo-bellunopress-.jpg","contentUrl":"https:\/\/www.bellunopress.it\/wp-content\/uploads\/2011\/05\/cropped-logo-bellunopress-.jpg","width":512,"height":512,"caption":"Bellunopress"},"image":{"@id":"https:\/\/www.bellunopress.it\/#\/schema\/logo\/image\/"},"sameAs":["https:\/\/www.facebook.com\/profile.php?id=100008943462799","https:\/\/x.com\/bellunopress","https:\/\/www.linkedin.com\/hp\/?dnr=JBzUWaJfMUw8vbXJJ2tVW5-I3jZKvC4wsoxE&amp;amp;amp;amp;amp;amp;trk=nav_responsive_tab_home","https:\/\/www.youtube.com\/channel\/UCxL0wu1uN0_3_7hGG0306cw"]},{"@type":"Person","@id":"https:\/\/www.bellunopress.it\/#\/schema\/person\/79bb06722b37ece1c03d3e94beb30d73","name":"r\u00e9daction","image":{"@type":"ImageObject","inLanguage":"fr-FR","@id":"https:\/\/secure.gravatar.com\/avatar\/37d968a2e67a6fd04c169c4bdef102d0bc5d31b2546345219e348575eb80e9a0?s=96&d=mm&r=g","url":"https:\/\/secure.gravatar.com\/avatar\/37d968a2e67a6fd04c169c4bdef102d0bc5d31b2546345219e348575eb80e9a0?s=96&d=mm&r=g","contentUrl":"https:\/\/secure.gravatar.com\/avatar\/37d968a2e67a6fd04c169c4bdef102d0bc5d31b2546345219e348575eb80e9a0?s=96&d=mm&r=g","caption":"redazione"},"sameAs":["http:\/\/www.bellunopress.it","https:\/\/x.com\/bellunopress"],"url":"https:\/\/www.bellunopress.it\/fr\/author\/redazione\/"}]}},"_links":{"self":[{"href":"https:\/\/www.bellunopress.it\/fr\/wp-json\/wp\/v2\/posts\/99900","targetHints":{"allow":["GET"]}}],"collection":[{"href":"https:\/\/www.bellunopress.it\/fr\/wp-json\/wp\/v2\/posts"}],"about":[{"href":"https:\/\/www.bellunopress.it\/fr\/wp-json\/wp\/v2\/types\/post"}],"author":[{"embeddable":true,"href":"https:\/\/www.bellunopress.it\/fr\/wp-json\/wp\/v2\/users\/2"}],"replies":[{"embeddable":true,"href":"https:\/\/www.bellunopress.it\/fr\/wp-json\/wp\/v2\/comments?post=99900"}],"version-history":[{"count":1,"href":"https:\/\/www.bellunopress.it\/fr\/wp-json\/wp\/v2\/posts\/99900\/revisions"}],"predecessor-version":[{"id":99902,"href":"https:\/\/www.bellunopress.it\/fr\/wp-json\/wp\/v2\/posts\/99900\/revisions\/99902"}],"wp:attachment":[{"href":"https:\/\/www.bellunopress.it\/fr\/wp-json\/wp\/v2\/media?parent=99900"}],"wp:term":[{"taxonomy":"category","embeddable":true,"href":"https:\/\/www.bellunopress.it\/fr\/wp-json\/wp\/v2\/categories?post=99900"},{"taxonomy":"post_tag","embeddable":true,"href":"https:\/\/www.bellunopress.it\/fr\/wp-json\/wp\/v2\/tags?post=99900"}],"curies":[{"name":"wp","href":"https:\/\/api.w.org\/{rel}","templated":true}]}}