{"id":9990,"date":"2009-11-22T10:38:04","date_gmt":"2009-11-22T09:38:04","guid":{"rendered":"http:\/\/www.bellunopress.it\/?p=9990"},"modified":"2009-11-22T10:38:04","modified_gmt":"2009-11-22T09:38:04","slug":"educazione-stradale-nelle-scuole-per-sensibilizzare-i-bambini-sulle-tematiche-della-sicurezza","status":"publish","type":"post","link":"https:\/\/www.bellunopress.it\/fr\/2009\/11\/22\/educazione-stradale-nelle-scuole-per-sensibilizzare-i-bambini-sulle-tematiche-della-sicurezza\/","title":{"rendered":"Educazione  stradale nelle scuole per sensibilizzare i bambini sulle tematiche della sicurezza"},"content":{"rendered":"<p><a href=\"http:\/\/www.bellunopress.it\/wp-content\/uploads\/2009\/11\/educ-stradale-scuole-leggera.jpg\"><img loading=\"lazy\" decoding=\"async\" class=\"alignleft size-medium wp-image-9991\" title=\"educ-stradale-scuole-leggera\" src=\"http:\/\/www.bellunopress.it\/wp-content\/uploads\/2009\/11\/educ-stradale-scuole-leggera.jpg\" alt=\"\" width=\"203\" height=\"270\" \/><\/a>E&#8217; partito anche quest&#8217;anno il \u201cProgetto sull&#8217;educazione stradale\u201d che la Polizia Locale del Comune di Belluno porta nelle classi 4^ e 5^ delle scuole elementari della citt\u00e0.\u00a0 Giunto ormai alla 29^ edizione, il progetto nasce dalla collaborazione tra gli insegnanti delle scuole elementari e il comando di Polizia Locale di Belluno, coordinato dall&#8217;ispettore Marilena Nogare&#8217;. L&#8217;iniziativa raccoglie sempre un positivo riscontro da parte del corpo insegnante ed entusiasmo e curiosit\u00e0 tra i bambini.<br \/>\nIn questa prima fase saranno impegnati 5 tra agenti e ispettori della Polizia Locale che con l&#8217;occasione smetteranno il fischietto per portare la loro esperienza agli scolari di Chiesurazza, Bolzano bellunese, Fiammoi, Badilet, Gabelli, Giamosa, Castion, Quartier Cadore e Borgo Piave.<br \/>\nTemi degli incontri saranno la circolazione del pedone, del ciclista e le principali norme di comportamento dei pedoni e dei conducenti. Le lezioni si articoleranno in alcuni incontri in aula e si concluderanno con un simpatico gioco-quiz a punteggio, al termine del quale verr\u00e0 rilasciato agli scolari un patentino di verifica dell&#8217;effettivo apprendimento<br \/>\nIl progetto mira a sensibilizzare i bambini sull&#8217;importanza dell&#8217;educazione stradale, sulla segnaletica e sulle norme che la regolano, a esplorare alcuni aspetti inerenti la sicurezza e la circolazione stradale, temi essenziali per l&#8217;abbattimento delle cause di incidenti, e a\u00a0 stimolare il confronto, la partecipazione e il dialogo fra gli agenti della Polizia locale e il mondo dei bambini che hanno la possibilit\u00e0 di rivolgersi a loro in modo pi\u00f9 amichevole e in un contesto meno ufficiale del solito.<br \/>\nA\u00a0 gennaio partir\u00e0 la seconda fase che vedr\u00e0 coinvolte le scuole di Mussoi, Mur di Cadola e Cavarzano, mentre in febbraio un nuovo progetto di sicurezza stradale vedr\u00e0 protagonisti gli studenti delle scuole medie.<br \/>\n\u201cQuesta iniziativa \u2013 fa sapere il Sindaco Prade \u2013 \u00e8 la conferma che i nostri vigili fanno tantissime cose ed una delle pi\u00f9 importanti, \u00e8 il lavoro prezioso e faticoso di prevenzione del quale tutti i cittadini devono essere grati\u201d.<\/p>","protected":false},"excerpt":{"rendered":"<p>E&#8217; partito anche quest&#8217;anno il \u201cProgetto sull&#8217;educazione stradale\u201d che la Polizia Locale del Comune di Belluno porta nelle classi 4^ e 5^ delle scuole elementari della citt\u00e0.\u00a0 Giunto ormai alla 29^ edizione, il progetto nasce dalla collaborazione tra gli insegnanti delle scuole elementari e il comando di Polizia Locale di Belluno, coordinato dall&#8217;ispettore Marilena Nogare&#8217;. [&hellip;]<\/p>\n","protected":false},"author":2,"featured_media":0,"comment_status":"closed","ping_status":"open","sticky":false,"template":"","format":"standard","meta":{"footnotes":""},"categories":[5,25,15],"tags":[139,151],"class_list":["post-9990","post","type-post","status-publish","format-standard","category-cronaca","category-pausa-caffe","category-scuola","tag-belluno","tag-cadore"],"yoast_head":"<!-- This site is optimized with the Yoast SEO plugin v28.4 - https:\/\/yoast.com\/product\/yoast-seo-wordpress\/ -->\n<title>Educazione stradale nelle scuole per sensibilizzare i bambini sulle tematiche della sicurezza  - Bellunopress - Dolomiti<\/title>\n<meta name=\"robots\" content=\"index, follow, max-snippet:-1, max-image-preview:large, max-video-preview:-1\" \/>\n<link rel=\"canonical\" href=\"https:\/\/www.bellunopress.it\/fr\/2009\/11\/22\/educazione-stradale-nelle-scuole-per-sensibilizzare-i-bambini-sulle-tematiche-della-sicurezza\/\" \/>\n<meta property=\"og:locale\" content=\"fr_FR\" \/>\n<meta property=\"og:type\" content=\"article\" \/>\n<meta property=\"og:title\" content=\"Educazione stradale nelle scuole per sensibilizzare i bambini sulle tematiche della sicurezza  - Bellunopress - Dolomiti\" \/>\n<meta property=\"og:description\" content=\"E&#8217; partito anche quest&#8217;anno il \u201cProgetto sull&#8217;educazione stradale\u201d che la Polizia Locale del Comune di Belluno porta nelle classi 4^ e 5^ delle scuole elementari della citt\u00e0.\u00a0 Giunto ormai alla 29^ edizione, il progetto nasce dalla collaborazione tra gli insegnanti delle scuole elementari e il comando di Polizia Locale di Belluno, coordinato dall&#8217;ispettore Marilena Nogare&#8217;. [&hellip;]\" \/>\n<meta property=\"og:url\" content=\"https:\/\/www.bellunopress.it\/fr\/2009\/11\/22\/educazione-stradale-nelle-scuole-per-sensibilizzare-i-bambini-sulle-tematiche-della-sicurezza\/\" \/>\n<meta property=\"og:site_name\" content=\"Bellunopress - Dolomiti\" \/>\n<meta property=\"article:publisher\" content=\"https:\/\/www.facebook.com\/profile.php?id=100008943462799\" \/>\n<meta property=\"article:published_time\" content=\"2009-11-22T09:38:04+00:00\" \/>\n<meta property=\"og:image\" content=\"http:\/\/www.bellunopress.it\/wp-content\/uploads\/2009\/11\/educ-stradale-scuole-leggera.jpg\" \/>\n<meta name=\"author\" content=\"redazione\" \/>\n<meta name=\"twitter:card\" content=\"summary_large_image\" \/>\n<meta name=\"twitter:creator\" content=\"@bellunopress\" \/>\n<meta name=\"twitter:site\" content=\"@bellunopress\" \/>\n<meta name=\"twitter:label1\" content=\"\u00c9crit par\" \/>\n\t<meta name=\"twitter:data1\" content=\"redazione\" \/>\n\t<meta name=\"twitter:label2\" content=\"Dur\u00e9e de lecture estim\u00e9e\" \/>\n\t<meta name=\"twitter:data2\" content=\"2 minutes\" \/>\n<script type=\"application\/ld+json\" class=\"yoast-schema-graph\">{\"@context\":\"https:\\\/\\\/schema.org\",\"@graph\":[{\"@type\":\"Article\",\"@id\":\"https:\\\/\\\/www.bellunopress.it\\\/2009\\\/11\\\/22\\\/educazione-stradale-nelle-scuole-per-sensibilizzare-i-bambini-sulle-tematiche-della-sicurezza\\\/#article\",\"isPartOf\":{\"@id\":\"https:\\\/\\\/www.bellunopress.it\\\/2009\\\/11\\\/22\\\/educazione-stradale-nelle-scuole-per-sensibilizzare-i-bambini-sulle-tematiche-della-sicurezza\\\/\"},\"author\":{\"name\":\"redazione\",\"@id\":\"https:\\\/\\\/www.bellunopress.it\\\/#\\\/schema\\\/person\\\/79bb06722b37ece1c03d3e94beb30d73\"},\"headline\":\"Educazione stradale nelle scuole per sensibilizzare i bambini sulle tematiche della sicurezza\",\"datePublished\":\"2009-11-22T09:38:04+00:00\",\"mainEntityOfPage\":{\"@id\":\"https:\\\/\\\/www.bellunopress.it\\\/2009\\\/11\\\/22\\\/educazione-stradale-nelle-scuole-per-sensibilizzare-i-bambini-sulle-tematiche-della-sicurezza\\\/\"},\"wordCount\":332,\"publisher\":{\"@id\":\"https:\\\/\\\/www.bellunopress.it\\\/#organization\"},\"image\":{\"@id\":\"https:\\\/\\\/www.bellunopress.it\\\/2009\\\/11\\\/22\\\/educazione-stradale-nelle-scuole-per-sensibilizzare-i-bambini-sulle-tematiche-della-sicurezza\\\/#primaryimage\"},\"thumbnailUrl\":\"http:\\\/\\\/www.bellunopress.it\\\/wp-content\\\/uploads\\\/2009\\\/11\\\/educ-stradale-scuole-leggera.jpg\",\"keywords\":[\"Belluno\",\"Cadore\"],\"articleSection\":[\"Cronaca\\\/Politica\",\"Pausa Caff\u00e8\",\"Scuola\"],\"inLanguage\":\"fr-FR\"},{\"@type\":\"WebPage\",\"@id\":\"https:\\\/\\\/www.bellunopress.it\\\/2009\\\/11\\\/22\\\/educazione-stradale-nelle-scuole-per-sensibilizzare-i-bambini-sulle-tematiche-della-sicurezza\\\/\",\"url\":\"https:\\\/\\\/www.bellunopress.it\\\/2009\\\/11\\\/22\\\/educazione-stradale-nelle-scuole-per-sensibilizzare-i-bambini-sulle-tematiche-della-sicurezza\\\/\",\"name\":\"Educazione stradale nelle scuole per sensibilizzare i bambini sulle tematiche della sicurezza - Bellunopress - Dolomiti\",\"isPartOf\":{\"@id\":\"https:\\\/\\\/www.bellunopress.it\\\/#website\"},\"primaryImageOfPage\":{\"@id\":\"https:\\\/\\\/www.bellunopress.it\\\/2009\\\/11\\\/22\\\/educazione-stradale-nelle-scuole-per-sensibilizzare-i-bambini-sulle-tematiche-della-sicurezza\\\/#primaryimage\"},\"image\":{\"@id\":\"https:\\\/\\\/www.bellunopress.it\\\/2009\\\/11\\\/22\\\/educazione-stradale-nelle-scuole-per-sensibilizzare-i-bambini-sulle-tematiche-della-sicurezza\\\/#primaryimage\"},\"thumbnailUrl\":\"http:\\\/\\\/www.bellunopress.it\\\/wp-content\\\/uploads\\\/2009\\\/11\\\/educ-stradale-scuole-leggera.jpg\",\"datePublished\":\"2009-11-22T09:38:04+00:00\",\"breadcrumb\":{\"@id\":\"https:\\\/\\\/www.bellunopress.it\\\/2009\\\/11\\\/22\\\/educazione-stradale-nelle-scuole-per-sensibilizzare-i-bambini-sulle-tematiche-della-sicurezza\\\/#breadcrumb\"},\"inLanguage\":\"fr-FR\",\"potentialAction\":[{\"@type\":\"ReadAction\",\"target\":[\"https:\\\/\\\/www.bellunopress.it\\\/2009\\\/11\\\/22\\\/educazione-stradale-nelle-scuole-per-sensibilizzare-i-bambini-sulle-tematiche-della-sicurezza\\\/\"]}]},{\"@type\":\"ImageObject\",\"inLanguage\":\"fr-FR\",\"@id\":\"https:\\\/\\\/www.bellunopress.it\\\/2009\\\/11\\\/22\\\/educazione-stradale-nelle-scuole-per-sensibilizzare-i-bambini-sulle-tematiche-della-sicurezza\\\/#primaryimage\",\"url\":\"http:\\\/\\\/www.bellunopress.it\\\/wp-content\\\/uploads\\\/2009\\\/11\\\/educ-stradale-scuole-leggera.jpg\",\"contentUrl\":\"http:\\\/\\\/www.bellunopress.it\\\/wp-content\\\/uploads\\\/2009\\\/11\\\/educ-stradale-scuole-leggera.jpg\"},{\"@type\":\"BreadcrumbList\",\"@id\":\"https:\\\/\\\/www.bellunopress.it\\\/2009\\\/11\\\/22\\\/educazione-stradale-nelle-scuole-per-sensibilizzare-i-bambini-sulle-tematiche-della-sicurezza\\\/#breadcrumb\",\"itemListElement\":[{\"@type\":\"ListItem\",\"position\":1,\"name\":\"Home\",\"item\":\"https:\\\/\\\/www.bellunopress.it\\\/\"},{\"@type\":\"ListItem\",\"position\":2,\"name\":\"Educazione stradale nelle scuole per sensibilizzare i bambini sulle tematiche della sicurezza\"}]},{\"@type\":\"WebSite\",\"@id\":\"https:\\\/\\\/www.bellunopress.it\\\/#website\",\"url\":\"https:\\\/\\\/www.bellunopress.it\\\/\",\"name\":\"Bellunopress - Dolomiti\",\"description\":\"e-mail: redazione@bellunopress.it\",\"publisher\":{\"@id\":\"https:\\\/\\\/www.bellunopress.it\\\/#organization\"},\"potentialAction\":[{\"@type\":\"SearchAction\",\"target\":{\"@type\":\"EntryPoint\",\"urlTemplate\":\"https:\\\/\\\/www.bellunopress.it\\\/?s={search_term_string}\"},\"query-input\":{\"@type\":\"PropertyValueSpecification\",\"valueRequired\":true,\"valueName\":\"search_term_string\"}}],\"inLanguage\":\"fr-FR\"},{\"@type\":\"Organization\",\"@id\":\"https:\\\/\\\/www.bellunopress.it\\\/#organization\",\"name\":\"Bellunopress\",\"url\":\"https:\\\/\\\/www.bellunopress.it\\\/\",\"logo\":{\"@type\":\"ImageObject\",\"inLanguage\":\"fr-FR\",\"@id\":\"https:\\\/\\\/www.bellunopress.it\\\/#\\\/schema\\\/logo\\\/image\\\/\",\"url\":\"https:\\\/\\\/www.bellunopress.it\\\/wp-content\\\/uploads\\\/2011\\\/05\\\/cropped-logo-bellunopress-.jpg\",\"contentUrl\":\"https:\\\/\\\/www.bellunopress.it\\\/wp-content\\\/uploads\\\/2011\\\/05\\\/cropped-logo-bellunopress-.jpg\",\"width\":512,\"height\":512,\"caption\":\"Bellunopress\"},\"image\":{\"@id\":\"https:\\\/\\\/www.bellunopress.it\\\/#\\\/schema\\\/logo\\\/image\\\/\"},\"sameAs\":[\"https:\\\/\\\/www.facebook.com\\\/profile.php?id=100008943462799\",\"https:\\\/\\\/x.com\\\/bellunopress\",\"https:\\\/\\\/www.linkedin.com\\\/hp\\\/?dnr=JBzUWaJfMUw8vbXJJ2tVW5-I3jZKvC4wsoxE&amp;amp;amp;amp;amp;amp;trk=nav_responsive_tab_home\",\"https:\\\/\\\/www.youtube.com\\\/channel\\\/UCxL0wu1uN0_3_7hGG0306cw\"]},{\"@type\":\"Person\",\"@id\":\"https:\\\/\\\/www.bellunopress.it\\\/#\\\/schema\\\/person\\\/79bb06722b37ece1c03d3e94beb30d73\",\"name\":\"redazione\",\"image\":{\"@type\":\"ImageObject\",\"inLanguage\":\"fr-FR\",\"@id\":\"https:\\\/\\\/secure.gravatar.com\\\/avatar\\\/37d968a2e67a6fd04c169c4bdef102d0bc5d31b2546345219e348575eb80e9a0?s=96&d=mm&r=g\",\"url\":\"https:\\\/\\\/secure.gravatar.com\\\/avatar\\\/37d968a2e67a6fd04c169c4bdef102d0bc5d31b2546345219e348575eb80e9a0?s=96&d=mm&r=g\",\"contentUrl\":\"https:\\\/\\\/secure.gravatar.com\\\/avatar\\\/37d968a2e67a6fd04c169c4bdef102d0bc5d31b2546345219e348575eb80e9a0?s=96&d=mm&r=g\",\"caption\":\"redazione\"},\"sameAs\":[\"http:\\\/\\\/www.bellunopress.it\",\"https:\\\/\\\/x.com\\\/bellunopress\"],\"url\":\"https:\\\/\\\/www.bellunopress.it\\\/fr\\\/author\\\/redazione\\\/\"}]}<\/script>\n<!-- \/ Yoast SEO plugin. -->","yoast_head_json":{"title":"Educazione stradale nelle scuole per sensibilizzare i bambini sulle tematiche della sicurezza  - Bellunopress - Dolomiti","robots":{"index":"index","follow":"follow","max-snippet":"max-snippet:-1","max-image-preview":"max-image-preview:large","max-video-preview":"max-video-preview:-1"},"canonical":"https:\/\/www.bellunopress.it\/fr\/2009\/11\/22\/educazione-stradale-nelle-scuole-per-sensibilizzare-i-bambini-sulle-tematiche-della-sicurezza\/","og_locale":"fr_FR","og_type":"article","og_title":"Educazione stradale nelle scuole per sensibilizzare i bambini sulle tematiche della sicurezza  - Bellunopress - Dolomiti","og_description":"E&#8217; partito anche quest&#8217;anno il \u201cProgetto sull&#8217;educazione stradale\u201d che la Polizia Locale del Comune di Belluno porta nelle classi 4^ e 5^ delle scuole elementari della citt\u00e0.\u00a0 Giunto ormai alla 29^ edizione, il progetto nasce dalla collaborazione tra gli insegnanti delle scuole elementari e il comando di Polizia Locale di Belluno, coordinato dall&#8217;ispettore Marilena Nogare&#8217;. [&hellip;]","og_url":"https:\/\/www.bellunopress.it\/fr\/2009\/11\/22\/educazione-stradale-nelle-scuole-per-sensibilizzare-i-bambini-sulle-tematiche-della-sicurezza\/","og_site_name":"Bellunopress - Dolomiti","article_publisher":"https:\/\/www.facebook.com\/profile.php?id=100008943462799","article_published_time":"2009-11-22T09:38:04+00:00","og_image":[{"url":"http:\/\/www.bellunopress.it\/wp-content\/uploads\/2009\/11\/educ-stradale-scuole-leggera.jpg","type":"","width":"","height":""}],"author":"redazione","twitter_card":"summary_large_image","twitter_creator":"@bellunopress","twitter_site":"@bellunopress","twitter_misc":{"\u00c9crit par":"redazione","Dur\u00e9e de lecture estim\u00e9e":"2 minutes"},"schema":{"@context":"https:\/\/schema.org","@graph":[{"@type":"Article","@id":"https:\/\/www.bellunopress.it\/2009\/11\/22\/educazione-stradale-nelle-scuole-per-sensibilizzare-i-bambini-sulle-tematiche-della-sicurezza\/#article","isPartOf":{"@id":"https:\/\/www.bellunopress.it\/2009\/11\/22\/educazione-stradale-nelle-scuole-per-sensibilizzare-i-bambini-sulle-tematiche-della-sicurezza\/"},"author":{"name":"redazione","@id":"https:\/\/www.bellunopress.it\/#\/schema\/person\/79bb06722b37ece1c03d3e94beb30d73"},"headline":"Educazione stradale nelle scuole per sensibilizzare i bambini sulle tematiche della sicurezza","datePublished":"2009-11-22T09:38:04+00:00","mainEntityOfPage":{"@id":"https:\/\/www.bellunopress.it\/2009\/11\/22\/educazione-stradale-nelle-scuole-per-sensibilizzare-i-bambini-sulle-tematiche-della-sicurezza\/"},"wordCount":332,"publisher":{"@id":"https:\/\/www.bellunopress.it\/#organization"},"image":{"@id":"https:\/\/www.bellunopress.it\/2009\/11\/22\/educazione-stradale-nelle-scuole-per-sensibilizzare-i-bambini-sulle-tematiche-della-sicurezza\/#primaryimage"},"thumbnailUrl":"http:\/\/www.bellunopress.it\/wp-content\/uploads\/2009\/11\/educ-stradale-scuole-leggera.jpg","keywords":["Belluno","Cadore"],"articleSection":["Cronaca\/Politica","Pausa Caff\u00e8","Scuola"],"inLanguage":"fr-FR"},{"@type":"WebPage","@id":"https:\/\/www.bellunopress.it\/2009\/11\/22\/educazione-stradale-nelle-scuole-per-sensibilizzare-i-bambini-sulle-tematiche-della-sicurezza\/","url":"https:\/\/www.bellunopress.it\/2009\/11\/22\/educazione-stradale-nelle-scuole-per-sensibilizzare-i-bambini-sulle-tematiche-della-sicurezza\/","name":"Educazione stradale nelle scuole per sensibilizzare i bambini sulle tematiche della sicurezza - Bellunopress - Dolomiti","isPartOf":{"@id":"https:\/\/www.bellunopress.it\/#website"},"primaryImageOfPage":{"@id":"https:\/\/www.bellunopress.it\/2009\/11\/22\/educazione-stradale-nelle-scuole-per-sensibilizzare-i-bambini-sulle-tematiche-della-sicurezza\/#primaryimage"},"image":{"@id":"https:\/\/www.bellunopress.it\/2009\/11\/22\/educazione-stradale-nelle-scuole-per-sensibilizzare-i-bambini-sulle-tematiche-della-sicurezza\/#primaryimage"},"thumbnailUrl":"http:\/\/www.bellunopress.it\/wp-content\/uploads\/2009\/11\/educ-stradale-scuole-leggera.jpg","datePublished":"2009-11-22T09:38:04+00:00","breadcrumb":{"@id":"https:\/\/www.bellunopress.it\/2009\/11\/22\/educazione-stradale-nelle-scuole-per-sensibilizzare-i-bambini-sulle-tematiche-della-sicurezza\/#breadcrumb"},"inLanguage":"fr-FR","potentialAction":[{"@type":"ReadAction","target":["https:\/\/www.bellunopress.it\/2009\/11\/22\/educazione-stradale-nelle-scuole-per-sensibilizzare-i-bambini-sulle-tematiche-della-sicurezza\/"]}]},{"@type":"ImageObject","inLanguage":"fr-FR","@id":"https:\/\/www.bellunopress.it\/2009\/11\/22\/educazione-stradale-nelle-scuole-per-sensibilizzare-i-bambini-sulle-tematiche-della-sicurezza\/#primaryimage","url":"http:\/\/www.bellunopress.it\/wp-content\/uploads\/2009\/11\/educ-stradale-scuole-leggera.jpg","contentUrl":"http:\/\/www.bellunopress.it\/wp-content\/uploads\/2009\/11\/educ-stradale-scuole-leggera.jpg"},{"@type":"BreadcrumbList","@id":"https:\/\/www.bellunopress.it\/2009\/11\/22\/educazione-stradale-nelle-scuole-per-sensibilizzare-i-bambini-sulle-tematiche-della-sicurezza\/#breadcrumb","itemListElement":[{"@type":"ListItem","position":1,"name":"Home","item":"https:\/\/www.bellunopress.it\/"},{"@type":"ListItem","position":2,"name":"Educazione stradale nelle scuole per sensibilizzare i bambini sulle tematiche della sicurezza"}]},{"@type":"WebSite","@id":"https:\/\/www.bellunopress.it\/#website","url":"https:\/\/www.bellunopress.it\/","name":"Bellunopress - Dolomiti","description":"e-mail: redazione@bellunopress.it","publisher":{"@id":"https:\/\/www.bellunopress.it\/#organization"},"potentialAction":[{"@type":"SearchAction","target":{"@type":"EntryPoint","urlTemplate":"https:\/\/www.bellunopress.it\/?s={search_term_string}"},"query-input":{"@type":"PropertyValueSpecification","valueRequired":true,"valueName":"search_term_string"}}],"inLanguage":"fr-FR"},{"@type":"Organization","@id":"https:\/\/www.bellunopress.it\/#organization","name":"Bellunopress","url":"https:\/\/www.bellunopress.it\/","logo":{"@type":"ImageObject","inLanguage":"fr-FR","@id":"https:\/\/www.bellunopress.it\/#\/schema\/logo\/image\/","url":"https:\/\/www.bellunopress.it\/wp-content\/uploads\/2011\/05\/cropped-logo-bellunopress-.jpg","contentUrl":"https:\/\/www.bellunopress.it\/wp-content\/uploads\/2011\/05\/cropped-logo-bellunopress-.jpg","width":512,"height":512,"caption":"Bellunopress"},"image":{"@id":"https:\/\/www.bellunopress.it\/#\/schema\/logo\/image\/"},"sameAs":["https:\/\/www.facebook.com\/profile.php?id=100008943462799","https:\/\/x.com\/bellunopress","https:\/\/www.linkedin.com\/hp\/?dnr=JBzUWaJfMUw8vbXJJ2tVW5-I3jZKvC4wsoxE&amp;amp;amp;amp;amp;amp;trk=nav_responsive_tab_home","https:\/\/www.youtube.com\/channel\/UCxL0wu1uN0_3_7hGG0306cw"]},{"@type":"Person","@id":"https:\/\/www.bellunopress.it\/#\/schema\/person\/79bb06722b37ece1c03d3e94beb30d73","name":"r\u00e9daction","image":{"@type":"ImageObject","inLanguage":"fr-FR","@id":"https:\/\/secure.gravatar.com\/avatar\/37d968a2e67a6fd04c169c4bdef102d0bc5d31b2546345219e348575eb80e9a0?s=96&d=mm&r=g","url":"https:\/\/secure.gravatar.com\/avatar\/37d968a2e67a6fd04c169c4bdef102d0bc5d31b2546345219e348575eb80e9a0?s=96&d=mm&r=g","contentUrl":"https:\/\/secure.gravatar.com\/avatar\/37d968a2e67a6fd04c169c4bdef102d0bc5d31b2546345219e348575eb80e9a0?s=96&d=mm&r=g","caption":"redazione"},"sameAs":["http:\/\/www.bellunopress.it","https:\/\/x.com\/bellunopress"],"url":"https:\/\/www.bellunopress.it\/fr\/author\/redazione\/"}]}},"_links":{"self":[{"href":"https:\/\/www.bellunopress.it\/fr\/wp-json\/wp\/v2\/posts\/9990","targetHints":{"allow":["GET"]}}],"collection":[{"href":"https:\/\/www.bellunopress.it\/fr\/wp-json\/wp\/v2\/posts"}],"about":[{"href":"https:\/\/www.bellunopress.it\/fr\/wp-json\/wp\/v2\/types\/post"}],"author":[{"embeddable":true,"href":"https:\/\/www.bellunopress.it\/fr\/wp-json\/wp\/v2\/users\/2"}],"replies":[{"embeddable":true,"href":"https:\/\/www.bellunopress.it\/fr\/wp-json\/wp\/v2\/comments?post=9990"}],"version-history":[{"count":1,"href":"https:\/\/www.bellunopress.it\/fr\/wp-json\/wp\/v2\/posts\/9990\/revisions"}],"predecessor-version":[{"id":9992,"href":"https:\/\/www.bellunopress.it\/fr\/wp-json\/wp\/v2\/posts\/9990\/revisions\/9992"}],"wp:attachment":[{"href":"https:\/\/www.bellunopress.it\/fr\/wp-json\/wp\/v2\/media?parent=9990"}],"wp:term":[{"taxonomy":"category","embeddable":true,"href":"https:\/\/www.bellunopress.it\/fr\/wp-json\/wp\/v2\/categories?post=9990"},{"taxonomy":"post_tag","embeddable":true,"href":"https:\/\/www.bellunopress.it\/fr\/wp-json\/wp\/v2\/tags?post=9990"}],"curies":[{"name":"wp","href":"https:\/\/api.w.org\/{rel}","templated":true}]}}