{"id":99896,"date":"2018-11-24T13:52:36","date_gmt":"2018-11-24T12:52:36","guid":{"rendered":"http:\/\/www.bellunopress.it\/?p=99896"},"modified":"2018-11-24T13:52:36","modified_gmt":"2018-11-24T12:52:36","slug":"apre-in-nevegal-il-punto-di-prelievo-contanti","status":"publish","type":"post","link":"https:\/\/www.bellunopress.it\/fr\/2018\/11\/24\/apre-in-nevegal-il-punto-di-prelievo-contanti\/","title":{"rendered":"Apre in Nevegal il punto di prelievo contanti"},"content":{"rendered":"<p><a href=\"http:\/\/www.bellunopress.it\/fr\/2015\/08\/11\/nevegal-approvato-il-progetto-per-il-bike-park-alpe-del-nevegal\/nevegal-1\/\" rel=\"attachment wp-att-70837\"><img loading=\"lazy\" decoding=\"async\" class=\"alignleft size-full wp-image-70837\" src=\"http:\/\/www.bellunopress.it\/wp-content\/uploads\/2015\/08\/nevegal-1.jpg\" alt=\"\" width=\"300\" height=\"169\" \/><\/a>Apre in Nevegal il primo punto di prelievo contanti, per rispondere a un&#8217;esigenza sentita dai residenti e dai turisti. L&#8217;iniziativa\u00a0 \u00e8 del\u00a0Gruppo Nevegal &#8211; Vivaio Dolomiti che, assieme all\u2019agenzia immobiliare Le Torri in Nevegal, hanno siglato l&#8217;accordo con l&#8217;azienda internazionale Euronet, per l&#8217;ubicazione di un servizio atm.<\/p>\n<p>&#8220;Quello dell\u2019erogatore di contanti, \u00e8 il primo progetto sul quale ci siamo concentrati &#8211; fa sapere il Gruppo Neveg\u00e0l- Vivaio Dolomiti &#8211; Stiamo lavorando per valorizzare il nostro meraviglioso Colle e per dotarlo dei servizi che mancano. Confidiamo che l\u2019atm sia pronto entro le festivit\u00e0 natalizie, al fine di poterlo inaugurare proprio durante il periodo in cui il Nevegal si presenta vivo pi\u00f9 che mai&#8221;.<\/p>\n<p>&nbsp;<\/p>","protected":false},"excerpt":{"rendered":"<p>Apre in Nevegal il primo punto di prelievo contanti, per rispondere a un&#8217;esigenza sentita dai residenti e dai turisti. L&#8217;iniziativa\u00a0 \u00e8 del\u00a0Gruppo Nevegal &#8211; Vivaio Dolomiti che, assieme all\u2019agenzia immobiliare Le Torri in Nevegal, hanno siglato l&#8217;accordo con l&#8217;azienda internazionale Euronet, per l&#8217;ubicazione di un servizio atm. &#8220;Quello dell\u2019erogatore di contanti, \u00e8 il primo progetto [&hellip;]<\/p>\n","protected":false},"author":2,"featured_media":0,"comment_status":"closed","ping_status":"open","sticky":false,"template":"","format":"standard","meta":{"footnotes":""},"categories":[26,8],"tags":[],"class_list":["post-99896","post","type-post","status-publish","format-standard","category-prima-pagina","category-societa-istituzioni"],"yoast_head":"<!-- This site is optimized with the Yoast SEO plugin v28.4 - https:\/\/yoast.com\/product\/yoast-seo-wordpress\/ -->\n<title>Apre in Nevegal il punto di prelievo contanti - Bellunopress - Dolomiti<\/title>\n<meta name=\"robots\" content=\"index, follow, max-snippet:-1, max-image-preview:large, max-video-preview:-1\" \/>\n<link rel=\"canonical\" href=\"https:\/\/www.bellunopress.it\/fr\/2018\/11\/24\/apre-in-nevegal-il-punto-di-prelievo-contanti\/\" \/>\n<meta property=\"og:locale\" content=\"fr_FR\" \/>\n<meta property=\"og:type\" content=\"article\" \/>\n<meta property=\"og:title\" content=\"Apre in Nevegal il punto di prelievo contanti - Bellunopress - Dolomiti\" \/>\n<meta property=\"og:description\" content=\"Apre in Nevegal il primo punto di prelievo contanti, per rispondere a un&#8217;esigenza sentita dai residenti e dai turisti. L&#8217;iniziativa\u00a0 \u00e8 del\u00a0Gruppo Nevegal &#8211; Vivaio Dolomiti che, assieme all\u2019agenzia immobiliare Le Torri in Nevegal, hanno siglato l&#8217;accordo con l&#8217;azienda internazionale Euronet, per l&#8217;ubicazione di un servizio atm. &#8220;Quello dell\u2019erogatore di contanti, \u00e8 il primo progetto [&hellip;]\" \/>\n<meta property=\"og:url\" content=\"https:\/\/www.bellunopress.it\/fr\/2018\/11\/24\/apre-in-nevegal-il-punto-di-prelievo-contanti\/\" \/>\n<meta property=\"og:site_name\" content=\"Bellunopress - Dolomiti\" \/>\n<meta property=\"article:publisher\" content=\"https:\/\/www.facebook.com\/profile.php?id=100008943462799\" \/>\n<meta property=\"article:published_time\" content=\"2018-11-24T12:52:36+00:00\" \/>\n<meta property=\"og:image\" content=\"http:\/\/www.bellunopress.it\/wp-content\/uploads\/2015\/08\/nevegal-1.jpg\" \/>\n<meta name=\"author\" content=\"redazione\" \/>\n<meta name=\"twitter:card\" content=\"summary_large_image\" \/>\n<meta name=\"twitter:creator\" content=\"@bellunopress\" \/>\n<meta name=\"twitter:site\" content=\"@bellunopress\" \/>\n<meta name=\"twitter:label1\" content=\"\u00c9crit par\" \/>\n\t<meta name=\"twitter:data1\" content=\"redazione\" \/>\n\t<meta name=\"twitter:label2\" content=\"Dur\u00e9e de lecture estim\u00e9e\" \/>\n\t<meta name=\"twitter:data2\" content=\"1 minute\" \/>\n<script type=\"application\/ld+json\" class=\"yoast-schema-graph\">{\"@context\":\"https:\\\/\\\/schema.org\",\"@graph\":[{\"@type\":\"Article\",\"@id\":\"https:\\\/\\\/www.bellunopress.it\\\/2018\\\/11\\\/24\\\/apre-in-nevegal-il-punto-di-prelievo-contanti\\\/#article\",\"isPartOf\":{\"@id\":\"https:\\\/\\\/www.bellunopress.it\\\/2018\\\/11\\\/24\\\/apre-in-nevegal-il-punto-di-prelievo-contanti\\\/\"},\"author\":{\"name\":\"redazione\",\"@id\":\"https:\\\/\\\/www.bellunopress.it\\\/#\\\/schema\\\/person\\\/79bb06722b37ece1c03d3e94beb30d73\"},\"headline\":\"Apre in Nevegal il punto di prelievo contanti\",\"datePublished\":\"2018-11-24T12:52:36+00:00\",\"mainEntityOfPage\":{\"@id\":\"https:\\\/\\\/www.bellunopress.it\\\/2018\\\/11\\\/24\\\/apre-in-nevegal-il-punto-di-prelievo-contanti\\\/\"},\"wordCount\":129,\"publisher\":{\"@id\":\"https:\\\/\\\/www.bellunopress.it\\\/#organization\"},\"image\":{\"@id\":\"https:\\\/\\\/www.bellunopress.it\\\/2018\\\/11\\\/24\\\/apre-in-nevegal-il-punto-di-prelievo-contanti\\\/#primaryimage\"},\"thumbnailUrl\":\"http:\\\/\\\/www.bellunopress.it\\\/wp-content\\\/uploads\\\/2015\\\/08\\\/nevegal-1.jpg\",\"articleSection\":[\"Prima Pagina\",\"Societ\u00e0, Associazioni, Istituzioni\"],\"inLanguage\":\"fr-FR\"},{\"@type\":\"WebPage\",\"@id\":\"https:\\\/\\\/www.bellunopress.it\\\/2018\\\/11\\\/24\\\/apre-in-nevegal-il-punto-di-prelievo-contanti\\\/\",\"url\":\"https:\\\/\\\/www.bellunopress.it\\\/2018\\\/11\\\/24\\\/apre-in-nevegal-il-punto-di-prelievo-contanti\\\/\",\"name\":\"Apre in Nevegal il punto di prelievo contanti - Bellunopress - Dolomiti\",\"isPartOf\":{\"@id\":\"https:\\\/\\\/www.bellunopress.it\\\/#website\"},\"primaryImageOfPage\":{\"@id\":\"https:\\\/\\\/www.bellunopress.it\\\/2018\\\/11\\\/24\\\/apre-in-nevegal-il-punto-di-prelievo-contanti\\\/#primaryimage\"},\"image\":{\"@id\":\"https:\\\/\\\/www.bellunopress.it\\\/2018\\\/11\\\/24\\\/apre-in-nevegal-il-punto-di-prelievo-contanti\\\/#primaryimage\"},\"thumbnailUrl\":\"http:\\\/\\\/www.bellunopress.it\\\/wp-content\\\/uploads\\\/2015\\\/08\\\/nevegal-1.jpg\",\"datePublished\":\"2018-11-24T12:52:36+00:00\",\"breadcrumb\":{\"@id\":\"https:\\\/\\\/www.bellunopress.it\\\/2018\\\/11\\\/24\\\/apre-in-nevegal-il-punto-di-prelievo-contanti\\\/#breadcrumb\"},\"inLanguage\":\"fr-FR\",\"potentialAction\":[{\"@type\":\"ReadAction\",\"target\":[\"https:\\\/\\\/www.bellunopress.it\\\/2018\\\/11\\\/24\\\/apre-in-nevegal-il-punto-di-prelievo-contanti\\\/\"]}]},{\"@type\":\"ImageObject\",\"inLanguage\":\"fr-FR\",\"@id\":\"https:\\\/\\\/www.bellunopress.it\\\/2018\\\/11\\\/24\\\/apre-in-nevegal-il-punto-di-prelievo-contanti\\\/#primaryimage\",\"url\":\"http:\\\/\\\/www.bellunopress.it\\\/wp-content\\\/uploads\\\/2015\\\/08\\\/nevegal-1.jpg\",\"contentUrl\":\"http:\\\/\\\/www.bellunopress.it\\\/wp-content\\\/uploads\\\/2015\\\/08\\\/nevegal-1.jpg\"},{\"@type\":\"BreadcrumbList\",\"@id\":\"https:\\\/\\\/www.bellunopress.it\\\/2018\\\/11\\\/24\\\/apre-in-nevegal-il-punto-di-prelievo-contanti\\\/#breadcrumb\",\"itemListElement\":[{\"@type\":\"ListItem\",\"position\":1,\"name\":\"Home\",\"item\":\"https:\\\/\\\/www.bellunopress.it\\\/\"},{\"@type\":\"ListItem\",\"position\":2,\"name\":\"Apre in Nevegal il punto di prelievo contanti\"}]},{\"@type\":\"WebSite\",\"@id\":\"https:\\\/\\\/www.bellunopress.it\\\/#website\",\"url\":\"https:\\\/\\\/www.bellunopress.it\\\/\",\"name\":\"Bellunopress - Dolomiti\",\"description\":\"e-mail: redazione@bellunopress.it\",\"publisher\":{\"@id\":\"https:\\\/\\\/www.bellunopress.it\\\/#organization\"},\"potentialAction\":[{\"@type\":\"SearchAction\",\"target\":{\"@type\":\"EntryPoint\",\"urlTemplate\":\"https:\\\/\\\/www.bellunopress.it\\\/?s={search_term_string}\"},\"query-input\":{\"@type\":\"PropertyValueSpecification\",\"valueRequired\":true,\"valueName\":\"search_term_string\"}}],\"inLanguage\":\"fr-FR\"},{\"@type\":\"Organization\",\"@id\":\"https:\\\/\\\/www.bellunopress.it\\\/#organization\",\"name\":\"Bellunopress\",\"url\":\"https:\\\/\\\/www.bellunopress.it\\\/\",\"logo\":{\"@type\":\"ImageObject\",\"inLanguage\":\"fr-FR\",\"@id\":\"https:\\\/\\\/www.bellunopress.it\\\/#\\\/schema\\\/logo\\\/image\\\/\",\"url\":\"https:\\\/\\\/www.bellunopress.it\\\/wp-content\\\/uploads\\\/2011\\\/05\\\/cropped-logo-bellunopress-.jpg\",\"contentUrl\":\"https:\\\/\\\/www.bellunopress.it\\\/wp-content\\\/uploads\\\/2011\\\/05\\\/cropped-logo-bellunopress-.jpg\",\"width\":512,\"height\":512,\"caption\":\"Bellunopress\"},\"image\":{\"@id\":\"https:\\\/\\\/www.bellunopress.it\\\/#\\\/schema\\\/logo\\\/image\\\/\"},\"sameAs\":[\"https:\\\/\\\/www.facebook.com\\\/profile.php?id=100008943462799\",\"https:\\\/\\\/x.com\\\/bellunopress\",\"https:\\\/\\\/www.linkedin.com\\\/hp\\\/?dnr=JBzUWaJfMUw8vbXJJ2tVW5-I3jZKvC4wsoxE&amp;amp;amp;amp;amp;amp;trk=nav_responsive_tab_home\",\"https:\\\/\\\/www.youtube.com\\\/channel\\\/UCxL0wu1uN0_3_7hGG0306cw\"]},{\"@type\":\"Person\",\"@id\":\"https:\\\/\\\/www.bellunopress.it\\\/#\\\/schema\\\/person\\\/79bb06722b37ece1c03d3e94beb30d73\",\"name\":\"redazione\",\"image\":{\"@type\":\"ImageObject\",\"inLanguage\":\"fr-FR\",\"@id\":\"https:\\\/\\\/secure.gravatar.com\\\/avatar\\\/37d968a2e67a6fd04c169c4bdef102d0bc5d31b2546345219e348575eb80e9a0?s=96&d=mm&r=g\",\"url\":\"https:\\\/\\\/secure.gravatar.com\\\/avatar\\\/37d968a2e67a6fd04c169c4bdef102d0bc5d31b2546345219e348575eb80e9a0?s=96&d=mm&r=g\",\"contentUrl\":\"https:\\\/\\\/secure.gravatar.com\\\/avatar\\\/37d968a2e67a6fd04c169c4bdef102d0bc5d31b2546345219e348575eb80e9a0?s=96&d=mm&r=g\",\"caption\":\"redazione\"},\"sameAs\":[\"http:\\\/\\\/www.bellunopress.it\",\"https:\\\/\\\/x.com\\\/bellunopress\"],\"url\":\"https:\\\/\\\/www.bellunopress.it\\\/fr\\\/author\\\/redazione\\\/\"}]}<\/script>\n<!-- \/ Yoast SEO plugin. -->","yoast_head_json":{"title":"Apre in Nevegal il punto di prelievo contanti - Bellunopress - Dolomiti","robots":{"index":"index","follow":"follow","max-snippet":"max-snippet:-1","max-image-preview":"max-image-preview:large","max-video-preview":"max-video-preview:-1"},"canonical":"https:\/\/www.bellunopress.it\/fr\/2018\/11\/24\/apre-in-nevegal-il-punto-di-prelievo-contanti\/","og_locale":"fr_FR","og_type":"article","og_title":"Apre in Nevegal il punto di prelievo contanti - Bellunopress - Dolomiti","og_description":"Apre in Nevegal il primo punto di prelievo contanti, per rispondere a un&#8217;esigenza sentita dai residenti e dai turisti. L&#8217;iniziativa\u00a0 \u00e8 del\u00a0Gruppo Nevegal &#8211; Vivaio Dolomiti che, assieme all\u2019agenzia immobiliare Le Torri in Nevegal, hanno siglato l&#8217;accordo con l&#8217;azienda internazionale Euronet, per l&#8217;ubicazione di un servizio atm. &#8220;Quello dell\u2019erogatore di contanti, \u00e8 il primo progetto [&hellip;]","og_url":"https:\/\/www.bellunopress.it\/fr\/2018\/11\/24\/apre-in-nevegal-il-punto-di-prelievo-contanti\/","og_site_name":"Bellunopress - Dolomiti","article_publisher":"https:\/\/www.facebook.com\/profile.php?id=100008943462799","article_published_time":"2018-11-24T12:52:36+00:00","og_image":[{"url":"http:\/\/www.bellunopress.it\/wp-content\/uploads\/2015\/08\/nevegal-1.jpg","type":"","width":"","height":""}],"author":"redazione","twitter_card":"summary_large_image","twitter_creator":"@bellunopress","twitter_site":"@bellunopress","twitter_misc":{"\u00c9crit par":"redazione","Dur\u00e9e de lecture estim\u00e9e":"1 minute"},"schema":{"@context":"https:\/\/schema.org","@graph":[{"@type":"Article","@id":"https:\/\/www.bellunopress.it\/2018\/11\/24\/apre-in-nevegal-il-punto-di-prelievo-contanti\/#article","isPartOf":{"@id":"https:\/\/www.bellunopress.it\/2018\/11\/24\/apre-in-nevegal-il-punto-di-prelievo-contanti\/"},"author":{"name":"redazione","@id":"https:\/\/www.bellunopress.it\/#\/schema\/person\/79bb06722b37ece1c03d3e94beb30d73"},"headline":"Apre in Nevegal il punto di prelievo contanti","datePublished":"2018-11-24T12:52:36+00:00","mainEntityOfPage":{"@id":"https:\/\/www.bellunopress.it\/2018\/11\/24\/apre-in-nevegal-il-punto-di-prelievo-contanti\/"},"wordCount":129,"publisher":{"@id":"https:\/\/www.bellunopress.it\/#organization"},"image":{"@id":"https:\/\/www.bellunopress.it\/2018\/11\/24\/apre-in-nevegal-il-punto-di-prelievo-contanti\/#primaryimage"},"thumbnailUrl":"http:\/\/www.bellunopress.it\/wp-content\/uploads\/2015\/08\/nevegal-1.jpg","articleSection":["Prima Pagina","Societ\u00e0, Associazioni, Istituzioni"],"inLanguage":"fr-FR"},{"@type":"WebPage","@id":"https:\/\/www.bellunopress.it\/2018\/11\/24\/apre-in-nevegal-il-punto-di-prelievo-contanti\/","url":"https:\/\/www.bellunopress.it\/2018\/11\/24\/apre-in-nevegal-il-punto-di-prelievo-contanti\/","name":"Apre in Nevegal il punto di prelievo contanti - Bellunopress - Dolomiti","isPartOf":{"@id":"https:\/\/www.bellunopress.it\/#website"},"primaryImageOfPage":{"@id":"https:\/\/www.bellunopress.it\/2018\/11\/24\/apre-in-nevegal-il-punto-di-prelievo-contanti\/#primaryimage"},"image":{"@id":"https:\/\/www.bellunopress.it\/2018\/11\/24\/apre-in-nevegal-il-punto-di-prelievo-contanti\/#primaryimage"},"thumbnailUrl":"http:\/\/www.bellunopress.it\/wp-content\/uploads\/2015\/08\/nevegal-1.jpg","datePublished":"2018-11-24T12:52:36+00:00","breadcrumb":{"@id":"https:\/\/www.bellunopress.it\/2018\/11\/24\/apre-in-nevegal-il-punto-di-prelievo-contanti\/#breadcrumb"},"inLanguage":"fr-FR","potentialAction":[{"@type":"ReadAction","target":["https:\/\/www.bellunopress.it\/2018\/11\/24\/apre-in-nevegal-il-punto-di-prelievo-contanti\/"]}]},{"@type":"ImageObject","inLanguage":"fr-FR","@id":"https:\/\/www.bellunopress.it\/2018\/11\/24\/apre-in-nevegal-il-punto-di-prelievo-contanti\/#primaryimage","url":"http:\/\/www.bellunopress.it\/wp-content\/uploads\/2015\/08\/nevegal-1.jpg","contentUrl":"http:\/\/www.bellunopress.it\/wp-content\/uploads\/2015\/08\/nevegal-1.jpg"},{"@type":"BreadcrumbList","@id":"https:\/\/www.bellunopress.it\/2018\/11\/24\/apre-in-nevegal-il-punto-di-prelievo-contanti\/#breadcrumb","itemListElement":[{"@type":"ListItem","position":1,"name":"Home","item":"https:\/\/www.bellunopress.it\/"},{"@type":"ListItem","position":2,"name":"Apre in Nevegal il punto di prelievo contanti"}]},{"@type":"WebSite","@id":"https:\/\/www.bellunopress.it\/#website","url":"https:\/\/www.bellunopress.it\/","name":"Bellunopress - Dolomiti","description":"e-mail: redazione@bellunopress.it","publisher":{"@id":"https:\/\/www.bellunopress.it\/#organization"},"potentialAction":[{"@type":"SearchAction","target":{"@type":"EntryPoint","urlTemplate":"https:\/\/www.bellunopress.it\/?s={search_term_string}"},"query-input":{"@type":"PropertyValueSpecification","valueRequired":true,"valueName":"search_term_string"}}],"inLanguage":"fr-FR"},{"@type":"Organization","@id":"https:\/\/www.bellunopress.it\/#organization","name":"Bellunopress","url":"https:\/\/www.bellunopress.it\/","logo":{"@type":"ImageObject","inLanguage":"fr-FR","@id":"https:\/\/www.bellunopress.it\/#\/schema\/logo\/image\/","url":"https:\/\/www.bellunopress.it\/wp-content\/uploads\/2011\/05\/cropped-logo-bellunopress-.jpg","contentUrl":"https:\/\/www.bellunopress.it\/wp-content\/uploads\/2011\/05\/cropped-logo-bellunopress-.jpg","width":512,"height":512,"caption":"Bellunopress"},"image":{"@id":"https:\/\/www.bellunopress.it\/#\/schema\/logo\/image\/"},"sameAs":["https:\/\/www.facebook.com\/profile.php?id=100008943462799","https:\/\/x.com\/bellunopress","https:\/\/www.linkedin.com\/hp\/?dnr=JBzUWaJfMUw8vbXJJ2tVW5-I3jZKvC4wsoxE&amp;amp;amp;amp;amp;amp;trk=nav_responsive_tab_home","https:\/\/www.youtube.com\/channel\/UCxL0wu1uN0_3_7hGG0306cw"]},{"@type":"Person","@id":"https:\/\/www.bellunopress.it\/#\/schema\/person\/79bb06722b37ece1c03d3e94beb30d73","name":"r\u00e9daction","image":{"@type":"ImageObject","inLanguage":"fr-FR","@id":"https:\/\/secure.gravatar.com\/avatar\/37d968a2e67a6fd04c169c4bdef102d0bc5d31b2546345219e348575eb80e9a0?s=96&d=mm&r=g","url":"https:\/\/secure.gravatar.com\/avatar\/37d968a2e67a6fd04c169c4bdef102d0bc5d31b2546345219e348575eb80e9a0?s=96&d=mm&r=g","contentUrl":"https:\/\/secure.gravatar.com\/avatar\/37d968a2e67a6fd04c169c4bdef102d0bc5d31b2546345219e348575eb80e9a0?s=96&d=mm&r=g","caption":"redazione"},"sameAs":["http:\/\/www.bellunopress.it","https:\/\/x.com\/bellunopress"],"url":"https:\/\/www.bellunopress.it\/fr\/author\/redazione\/"}]}},"_links":{"self":[{"href":"https:\/\/www.bellunopress.it\/fr\/wp-json\/wp\/v2\/posts\/99896","targetHints":{"allow":["GET"]}}],"collection":[{"href":"https:\/\/www.bellunopress.it\/fr\/wp-json\/wp\/v2\/posts"}],"about":[{"href":"https:\/\/www.bellunopress.it\/fr\/wp-json\/wp\/v2\/types\/post"}],"author":[{"embeddable":true,"href":"https:\/\/www.bellunopress.it\/fr\/wp-json\/wp\/v2\/users\/2"}],"replies":[{"embeddable":true,"href":"https:\/\/www.bellunopress.it\/fr\/wp-json\/wp\/v2\/comments?post=99896"}],"version-history":[{"count":1,"href":"https:\/\/www.bellunopress.it\/fr\/wp-json\/wp\/v2\/posts\/99896\/revisions"}],"predecessor-version":[{"id":99897,"href":"https:\/\/www.bellunopress.it\/fr\/wp-json\/wp\/v2\/posts\/99896\/revisions\/99897"}],"wp:attachment":[{"href":"https:\/\/www.bellunopress.it\/fr\/wp-json\/wp\/v2\/media?parent=99896"}],"wp:term":[{"taxonomy":"category","embeddable":true,"href":"https:\/\/www.bellunopress.it\/fr\/wp-json\/wp\/v2\/categories?post=99896"},{"taxonomy":"post_tag","embeddable":true,"href":"https:\/\/www.bellunopress.it\/fr\/wp-json\/wp\/v2\/tags?post=99896"}],"curies":[{"name":"wp","href":"https:\/\/api.w.org\/{rel}","templated":true}]}}