{"id":9987,"date":"2009-11-22T10:33:32","date_gmt":"2009-11-22T09:33:32","guid":{"rendered":"http:\/\/www.bellunopress.it\/?p=9987"},"modified":"2009-11-22T10:33:32","modified_gmt":"2009-11-22T09:33:32","slug":"il-ritorno-della-rabbia-istruzioni-per-luso-nel-comunicato-delluls","status":"publish","type":"post","link":"https:\/\/www.bellunopress.it\/fr\/2009\/11\/22\/il-ritorno-della-rabbia-istruzioni-per-luso-nel-comunicato-delluls\/","title":{"rendered":"Il ritorno della rabbia, istruzioni per l&#8217;uso nel comunicato dell&#8217;Uls"},"content":{"rendered":"<p>In data 17 novembre il laboratorio dell\u2019Istituto Zooprofilattico delle Venezie di Padova ha comunicato una positivit\u00e0 per rabbia in un cane del Comune di Lozzo di Cadore. E\u2019 plausibile che la malattia sia rientrata nella nostra Provincia, dopo 25 anni di assenza, proveniente dal Friuli, dove \u00e8 presente dal 2008, attraverso l\u2019ambiente selvatico. In seguito a questo riscontro sono stati presi provvedimenti immediati per il Comune interessato con ordinanza del Sindaco applicativa del Regolamento di Polizia Veterinaria.<br \/>\nLa Regione Veneto, la Provincia di Belluno, l\u2019Istituto Zooprofilattico e l\u2019Azienda Sanitaria di Belluno hanno analizzato l\u2019evento per definirne il profilo epidemiologico e per elaborare linee di profilassi adeguate in tutta la Provincia di Belluno. In attesa dell\u2019emanazione di specifici e mirati provvedimenti amministrativi da parte degli Organi Regionali e Ministeriali,\u00a0 si ritiene di mettere in atto quanto segue:<br \/>\n* vaccinazione antirabbica dei cani e degli animali domestici che dovranno essere movimentati (ad esempio alpeggi o mostre);<br \/>\n* vaccinazione orale delle volpi;<br \/>\n* intensificazione della raccolta degli animali morti, soprattutto in ambiente silvestre;<br \/>\n* formazione del personale esposto professionalmente;<br \/>\n* informazione della popolazione;<br \/>\n* segnalazione al Servizio Veterinario di comportamenti palesemente anomali negli animali.<br \/>\nPer una corretta prevenzione \u00e8 necessari che le persone morse da animali vengano segnalate, a cura del medico che ha prestato le cure al Servizio Igiene e Sanit\u00e0 Pubblica per l\u2019eventuale profilassi e per la successiva comunicazione al Servizio Veterinario dell\u2019ULSS al fine di consentire la visita e l\u2019osservazione dell\u2019animale.<br \/>\nLa problematica sotto il profilo tecnico operativo \u00e8 seguita dai Servizi Veterinari al n. 0437-516901, al n. del canile 0437-940183 e dal Servizio Igiene Pubblica al n. 0437-516920.<\/p>","protected":false},"excerpt":{"rendered":"<p>In data 17 novembre il laboratorio dell\u2019Istituto Zooprofilattico delle Venezie di Padova ha comunicato una positivit\u00e0 per rabbia in un cane del Comune di Lozzo di Cadore. E\u2019 plausibile che la malattia sia rientrata nella nostra Provincia, dopo 25 anni di assenza, proveniente dal Friuli, dove \u00e8 presente dal 2008, attraverso l\u2019ambiente selvatico. In seguito [&hellip;]<\/p>\n","protected":false},"author":2,"featured_media":0,"comment_status":"closed","ping_status":"open","sticky":false,"template":"","format":"standard","meta":{"footnotes":""},"categories":[5,26,17],"tags":[3050],"class_list":["post-9987","post","type-post","status-publish","format-standard","category-cronaca","category-prima-pagina","category-sanita","tag-sanita"],"yoast_head":"<!-- This site is optimized with the Yoast SEO plugin v28.4 - https:\/\/yoast.com\/product\/yoast-seo-wordpress\/ -->\n<title>Il ritorno della rabbia, istruzioni per l&#039;uso nel comunicato dell&#039;Uls - Bellunopress - Dolomiti<\/title>\n<meta name=\"robots\" content=\"index, follow, max-snippet:-1, max-image-preview:large, max-video-preview:-1\" \/>\n<link rel=\"canonical\" href=\"https:\/\/www.bellunopress.it\/fr\/2009\/11\/22\/il-ritorno-della-rabbia-istruzioni-per-luso-nel-comunicato-delluls\/\" \/>\n<meta property=\"og:locale\" content=\"fr_FR\" \/>\n<meta property=\"og:type\" content=\"article\" \/>\n<meta property=\"og:title\" content=\"Il ritorno della rabbia, istruzioni per l&#039;uso nel comunicato dell&#039;Uls - Bellunopress - Dolomiti\" \/>\n<meta property=\"og:description\" content=\"In data 17 novembre il laboratorio dell\u2019Istituto Zooprofilattico delle Venezie di Padova ha comunicato una positivit\u00e0 per rabbia in un cane del Comune di Lozzo di Cadore. E\u2019 plausibile che la malattia sia rientrata nella nostra Provincia, dopo 25 anni di assenza, proveniente dal Friuli, dove \u00e8 presente dal 2008, attraverso l\u2019ambiente selvatico. In seguito [&hellip;]\" \/>\n<meta property=\"og:url\" content=\"https:\/\/www.bellunopress.it\/fr\/2009\/11\/22\/il-ritorno-della-rabbia-istruzioni-per-luso-nel-comunicato-delluls\/\" \/>\n<meta property=\"og:site_name\" content=\"Bellunopress - Dolomiti\" \/>\n<meta property=\"article:publisher\" content=\"https:\/\/www.facebook.com\/profile.php?id=100008943462799\" \/>\n<meta property=\"article:published_time\" content=\"2009-11-22T09:33:32+00:00\" \/>\n<meta property=\"og:image\" content=\"http:\/\/www.bellunopress.it\/wp-content\/uploads\/2012\/07\/logo-bellunopress-250x250-2012.jpg\" \/>\n<meta name=\"author\" content=\"redazione\" \/>\n<meta name=\"twitter:card\" content=\"summary_large_image\" \/>\n<meta name=\"twitter:creator\" content=\"@bellunopress\" \/>\n<meta name=\"twitter:site\" content=\"@bellunopress\" \/>\n<meta name=\"twitter:label1\" content=\"\u00c9crit par\" \/>\n\t<meta name=\"twitter:data1\" content=\"redazione\" \/>\n\t<meta name=\"twitter:label2\" content=\"Dur\u00e9e de lecture estim\u00e9e\" \/>\n\t<meta name=\"twitter:data2\" content=\"1 minute\" \/>\n<script type=\"application\/ld+json\" class=\"yoast-schema-graph\">{\"@context\":\"https:\\\/\\\/schema.org\",\"@graph\":[{\"@type\":\"Article\",\"@id\":\"https:\\\/\\\/www.bellunopress.it\\\/2009\\\/11\\\/22\\\/il-ritorno-della-rabbia-istruzioni-per-luso-nel-comunicato-delluls\\\/#article\",\"isPartOf\":{\"@id\":\"https:\\\/\\\/www.bellunopress.it\\\/2009\\\/11\\\/22\\\/il-ritorno-della-rabbia-istruzioni-per-luso-nel-comunicato-delluls\\\/\"},\"author\":{\"name\":\"redazione\",\"@id\":\"https:\\\/\\\/www.bellunopress.it\\\/#\\\/schema\\\/person\\\/79bb06722b37ece1c03d3e94beb30d73\"},\"headline\":\"Il ritorno della rabbia, istruzioni per l&#8217;uso nel comunicato dell&#8217;Uls\",\"datePublished\":\"2009-11-22T09:33:32+00:00\",\"mainEntityOfPage\":{\"@id\":\"https:\\\/\\\/www.bellunopress.it\\\/2009\\\/11\\\/22\\\/il-ritorno-della-rabbia-istruzioni-per-luso-nel-comunicato-delluls\\\/\"},\"wordCount\":279,\"publisher\":{\"@id\":\"https:\\\/\\\/www.bellunopress.it\\\/#organization\"},\"keywords\":[\"Sanit\u00e0\"],\"articleSection\":[\"Cronaca\\\/Politica\",\"Prima Pagina\",\"Sanit\u00e0 Medicina\"],\"inLanguage\":\"fr-FR\"},{\"@type\":\"WebPage\",\"@id\":\"https:\\\/\\\/www.bellunopress.it\\\/2009\\\/11\\\/22\\\/il-ritorno-della-rabbia-istruzioni-per-luso-nel-comunicato-delluls\\\/\",\"url\":\"https:\\\/\\\/www.bellunopress.it\\\/2009\\\/11\\\/22\\\/il-ritorno-della-rabbia-istruzioni-per-luso-nel-comunicato-delluls\\\/\",\"name\":\"Il ritorno della rabbia, istruzioni per l'uso nel comunicato dell'Uls - Bellunopress - Dolomiti\",\"isPartOf\":{\"@id\":\"https:\\\/\\\/www.bellunopress.it\\\/#website\"},\"datePublished\":\"2009-11-22T09:33:32+00:00\",\"breadcrumb\":{\"@id\":\"https:\\\/\\\/www.bellunopress.it\\\/2009\\\/11\\\/22\\\/il-ritorno-della-rabbia-istruzioni-per-luso-nel-comunicato-delluls\\\/#breadcrumb\"},\"inLanguage\":\"fr-FR\",\"potentialAction\":[{\"@type\":\"ReadAction\",\"target\":[\"https:\\\/\\\/www.bellunopress.it\\\/2009\\\/11\\\/22\\\/il-ritorno-della-rabbia-istruzioni-per-luso-nel-comunicato-delluls\\\/\"]}]},{\"@type\":\"BreadcrumbList\",\"@id\":\"https:\\\/\\\/www.bellunopress.it\\\/2009\\\/11\\\/22\\\/il-ritorno-della-rabbia-istruzioni-per-luso-nel-comunicato-delluls\\\/#breadcrumb\",\"itemListElement\":[{\"@type\":\"ListItem\",\"position\":1,\"name\":\"Home\",\"item\":\"https:\\\/\\\/www.bellunopress.it\\\/\"},{\"@type\":\"ListItem\",\"position\":2,\"name\":\"Il ritorno della rabbia, istruzioni per l&#8217;uso nel comunicato dell&#8217;Uls\"}]},{\"@type\":\"WebSite\",\"@id\":\"https:\\\/\\\/www.bellunopress.it\\\/#website\",\"url\":\"https:\\\/\\\/www.bellunopress.it\\\/\",\"name\":\"Bellunopress - Dolomiti\",\"description\":\"e-mail: redazione@bellunopress.it\",\"publisher\":{\"@id\":\"https:\\\/\\\/www.bellunopress.it\\\/#organization\"},\"potentialAction\":[{\"@type\":\"SearchAction\",\"target\":{\"@type\":\"EntryPoint\",\"urlTemplate\":\"https:\\\/\\\/www.bellunopress.it\\\/?s={search_term_string}\"},\"query-input\":{\"@type\":\"PropertyValueSpecification\",\"valueRequired\":true,\"valueName\":\"search_term_string\"}}],\"inLanguage\":\"fr-FR\"},{\"@type\":\"Organization\",\"@id\":\"https:\\\/\\\/www.bellunopress.it\\\/#organization\",\"name\":\"Bellunopress\",\"url\":\"https:\\\/\\\/www.bellunopress.it\\\/\",\"logo\":{\"@type\":\"ImageObject\",\"inLanguage\":\"fr-FR\",\"@id\":\"https:\\\/\\\/www.bellunopress.it\\\/#\\\/schema\\\/logo\\\/image\\\/\",\"url\":\"https:\\\/\\\/www.bellunopress.it\\\/wp-content\\\/uploads\\\/2011\\\/05\\\/cropped-logo-bellunopress-.jpg\",\"contentUrl\":\"https:\\\/\\\/www.bellunopress.it\\\/wp-content\\\/uploads\\\/2011\\\/05\\\/cropped-logo-bellunopress-.jpg\",\"width\":512,\"height\":512,\"caption\":\"Bellunopress\"},\"image\":{\"@id\":\"https:\\\/\\\/www.bellunopress.it\\\/#\\\/schema\\\/logo\\\/image\\\/\"},\"sameAs\":[\"https:\\\/\\\/www.facebook.com\\\/profile.php?id=100008943462799\",\"https:\\\/\\\/x.com\\\/bellunopress\",\"https:\\\/\\\/www.linkedin.com\\\/hp\\\/?dnr=JBzUWaJfMUw8vbXJJ2tVW5-I3jZKvC4wsoxE&amp;amp;amp;amp;amp;amp;trk=nav_responsive_tab_home\",\"https:\\\/\\\/www.youtube.com\\\/channel\\\/UCxL0wu1uN0_3_7hGG0306cw\"]},{\"@type\":\"Person\",\"@id\":\"https:\\\/\\\/www.bellunopress.it\\\/#\\\/schema\\\/person\\\/79bb06722b37ece1c03d3e94beb30d73\",\"name\":\"redazione\",\"image\":{\"@type\":\"ImageObject\",\"inLanguage\":\"fr-FR\",\"@id\":\"https:\\\/\\\/secure.gravatar.com\\\/avatar\\\/37d968a2e67a6fd04c169c4bdef102d0bc5d31b2546345219e348575eb80e9a0?s=96&d=mm&r=g\",\"url\":\"https:\\\/\\\/secure.gravatar.com\\\/avatar\\\/37d968a2e67a6fd04c169c4bdef102d0bc5d31b2546345219e348575eb80e9a0?s=96&d=mm&r=g\",\"contentUrl\":\"https:\\\/\\\/secure.gravatar.com\\\/avatar\\\/37d968a2e67a6fd04c169c4bdef102d0bc5d31b2546345219e348575eb80e9a0?s=96&d=mm&r=g\",\"caption\":\"redazione\"},\"sameAs\":[\"http:\\\/\\\/www.bellunopress.it\",\"https:\\\/\\\/x.com\\\/bellunopress\"],\"url\":\"https:\\\/\\\/www.bellunopress.it\\\/fr\\\/author\\\/redazione\\\/\"}]}<\/script>\n<!-- \/ Yoast SEO plugin. -->","yoast_head_json":{"title":"Il ritorno della rabbia, istruzioni per l'uso nel comunicato dell'Uls - Bellunopress - Dolomiti","robots":{"index":"index","follow":"follow","max-snippet":"max-snippet:-1","max-image-preview":"max-image-preview:large","max-video-preview":"max-video-preview:-1"},"canonical":"https:\/\/www.bellunopress.it\/fr\/2009\/11\/22\/il-ritorno-della-rabbia-istruzioni-per-luso-nel-comunicato-delluls\/","og_locale":"fr_FR","og_type":"article","og_title":"Il ritorno della rabbia, istruzioni per l'uso nel comunicato dell'Uls - Bellunopress - Dolomiti","og_description":"In data 17 novembre il laboratorio dell\u2019Istituto Zooprofilattico delle Venezie di Padova ha comunicato una positivit\u00e0 per rabbia in un cane del Comune di Lozzo di Cadore. E\u2019 plausibile che la malattia sia rientrata nella nostra Provincia, dopo 25 anni di assenza, proveniente dal Friuli, dove \u00e8 presente dal 2008, attraverso l\u2019ambiente selvatico. In seguito [&hellip;]","og_url":"https:\/\/www.bellunopress.it\/fr\/2009\/11\/22\/il-ritorno-della-rabbia-istruzioni-per-luso-nel-comunicato-delluls\/","og_site_name":"Bellunopress - Dolomiti","article_publisher":"https:\/\/www.facebook.com\/profile.php?id=100008943462799","article_published_time":"2009-11-22T09:33:32+00:00","og_image":[{"url":"http:\/\/www.bellunopress.it\/wp-content\/uploads\/2012\/07\/logo-bellunopress-250x250-2012.jpg","type":"","width":"","height":""}],"author":"redazione","twitter_card":"summary_large_image","twitter_creator":"@bellunopress","twitter_site":"@bellunopress","twitter_misc":{"\u00c9crit par":"redazione","Dur\u00e9e de lecture estim\u00e9e":"1 minute"},"schema":{"@context":"https:\/\/schema.org","@graph":[{"@type":"Article","@id":"https:\/\/www.bellunopress.it\/2009\/11\/22\/il-ritorno-della-rabbia-istruzioni-per-luso-nel-comunicato-delluls\/#article","isPartOf":{"@id":"https:\/\/www.bellunopress.it\/2009\/11\/22\/il-ritorno-della-rabbia-istruzioni-per-luso-nel-comunicato-delluls\/"},"author":{"name":"redazione","@id":"https:\/\/www.bellunopress.it\/#\/schema\/person\/79bb06722b37ece1c03d3e94beb30d73"},"headline":"Il ritorno della rabbia, istruzioni per l&#8217;uso nel comunicato dell&#8217;Uls","datePublished":"2009-11-22T09:33:32+00:00","mainEntityOfPage":{"@id":"https:\/\/www.bellunopress.it\/2009\/11\/22\/il-ritorno-della-rabbia-istruzioni-per-luso-nel-comunicato-delluls\/"},"wordCount":279,"publisher":{"@id":"https:\/\/www.bellunopress.it\/#organization"},"keywords":["Sanit\u00e0"],"articleSection":["Cronaca\/Politica","Prima Pagina","Sanit\u00e0 Medicina"],"inLanguage":"fr-FR"},{"@type":"WebPage","@id":"https:\/\/www.bellunopress.it\/2009\/11\/22\/il-ritorno-della-rabbia-istruzioni-per-luso-nel-comunicato-delluls\/","url":"https:\/\/www.bellunopress.it\/2009\/11\/22\/il-ritorno-della-rabbia-istruzioni-per-luso-nel-comunicato-delluls\/","name":"Il ritorno della rabbia, istruzioni per l'uso nel comunicato dell'Uls - Bellunopress - Dolomiti","isPartOf":{"@id":"https:\/\/www.bellunopress.it\/#website"},"datePublished":"2009-11-22T09:33:32+00:00","breadcrumb":{"@id":"https:\/\/www.bellunopress.it\/2009\/11\/22\/il-ritorno-della-rabbia-istruzioni-per-luso-nel-comunicato-delluls\/#breadcrumb"},"inLanguage":"fr-FR","potentialAction":[{"@type":"ReadAction","target":["https:\/\/www.bellunopress.it\/2009\/11\/22\/il-ritorno-della-rabbia-istruzioni-per-luso-nel-comunicato-delluls\/"]}]},{"@type":"BreadcrumbList","@id":"https:\/\/www.bellunopress.it\/2009\/11\/22\/il-ritorno-della-rabbia-istruzioni-per-luso-nel-comunicato-delluls\/#breadcrumb","itemListElement":[{"@type":"ListItem","position":1,"name":"Home","item":"https:\/\/www.bellunopress.it\/"},{"@type":"ListItem","position":2,"name":"Il ritorno della rabbia, istruzioni per l&#8217;uso nel comunicato dell&#8217;Uls"}]},{"@type":"WebSite","@id":"https:\/\/www.bellunopress.it\/#website","url":"https:\/\/www.bellunopress.it\/","name":"Bellunopress - Dolomiti","description":"e-mail: redazione@bellunopress.it","publisher":{"@id":"https:\/\/www.bellunopress.it\/#organization"},"potentialAction":[{"@type":"SearchAction","target":{"@type":"EntryPoint","urlTemplate":"https:\/\/www.bellunopress.it\/?s={search_term_string}"},"query-input":{"@type":"PropertyValueSpecification","valueRequired":true,"valueName":"search_term_string"}}],"inLanguage":"fr-FR"},{"@type":"Organization","@id":"https:\/\/www.bellunopress.it\/#organization","name":"Bellunopress","url":"https:\/\/www.bellunopress.it\/","logo":{"@type":"ImageObject","inLanguage":"fr-FR","@id":"https:\/\/www.bellunopress.it\/#\/schema\/logo\/image\/","url":"https:\/\/www.bellunopress.it\/wp-content\/uploads\/2011\/05\/cropped-logo-bellunopress-.jpg","contentUrl":"https:\/\/www.bellunopress.it\/wp-content\/uploads\/2011\/05\/cropped-logo-bellunopress-.jpg","width":512,"height":512,"caption":"Bellunopress"},"image":{"@id":"https:\/\/www.bellunopress.it\/#\/schema\/logo\/image\/"},"sameAs":["https:\/\/www.facebook.com\/profile.php?id=100008943462799","https:\/\/x.com\/bellunopress","https:\/\/www.linkedin.com\/hp\/?dnr=JBzUWaJfMUw8vbXJJ2tVW5-I3jZKvC4wsoxE&amp;amp;amp;amp;amp;amp;trk=nav_responsive_tab_home","https:\/\/www.youtube.com\/channel\/UCxL0wu1uN0_3_7hGG0306cw"]},{"@type":"Person","@id":"https:\/\/www.bellunopress.it\/#\/schema\/person\/79bb06722b37ece1c03d3e94beb30d73","name":"r\u00e9daction","image":{"@type":"ImageObject","inLanguage":"fr-FR","@id":"https:\/\/secure.gravatar.com\/avatar\/37d968a2e67a6fd04c169c4bdef102d0bc5d31b2546345219e348575eb80e9a0?s=96&d=mm&r=g","url":"https:\/\/secure.gravatar.com\/avatar\/37d968a2e67a6fd04c169c4bdef102d0bc5d31b2546345219e348575eb80e9a0?s=96&d=mm&r=g","contentUrl":"https:\/\/secure.gravatar.com\/avatar\/37d968a2e67a6fd04c169c4bdef102d0bc5d31b2546345219e348575eb80e9a0?s=96&d=mm&r=g","caption":"redazione"},"sameAs":["http:\/\/www.bellunopress.it","https:\/\/x.com\/bellunopress"],"url":"https:\/\/www.bellunopress.it\/fr\/author\/redazione\/"}]}},"_links":{"self":[{"href":"https:\/\/www.bellunopress.it\/fr\/wp-json\/wp\/v2\/posts\/9987","targetHints":{"allow":["GET"]}}],"collection":[{"href":"https:\/\/www.bellunopress.it\/fr\/wp-json\/wp\/v2\/posts"}],"about":[{"href":"https:\/\/www.bellunopress.it\/fr\/wp-json\/wp\/v2\/types\/post"}],"author":[{"embeddable":true,"href":"https:\/\/www.bellunopress.it\/fr\/wp-json\/wp\/v2\/users\/2"}],"replies":[{"embeddable":true,"href":"https:\/\/www.bellunopress.it\/fr\/wp-json\/wp\/v2\/comments?post=9987"}],"version-history":[{"count":1,"href":"https:\/\/www.bellunopress.it\/fr\/wp-json\/wp\/v2\/posts\/9987\/revisions"}],"predecessor-version":[{"id":9989,"href":"https:\/\/www.bellunopress.it\/fr\/wp-json\/wp\/v2\/posts\/9987\/revisions\/9989"}],"wp:attachment":[{"href":"https:\/\/www.bellunopress.it\/fr\/wp-json\/wp\/v2\/media?parent=9987"}],"wp:term":[{"taxonomy":"category","embeddable":true,"href":"https:\/\/www.bellunopress.it\/fr\/wp-json\/wp\/v2\/categories?post=9987"},{"taxonomy":"post_tag","embeddable":true,"href":"https:\/\/www.bellunopress.it\/fr\/wp-json\/wp\/v2\/tags?post=9987"}],"curies":[{"name":"wp","href":"https:\/\/api.w.org\/{rel}","templated":true}]}}