{"id":9958,"date":"2009-11-21T01:26:07","date_gmt":"2009-11-21T00:26:07","guid":{"rendered":"http:\/\/www.bellunopress.it\/?p=9958"},"modified":"2009-11-21T01:26:07","modified_gmt":"2009-11-21T00:26:07","slug":"energia-damore-in-concerto-lunedi-al-teatro-comunale-di-belluno-con-coro-e-orchestra-quodlibet","status":"publish","type":"post","link":"https:\/\/www.bellunopress.it\/fr\/2009\/11\/21\/energia-damore-in-concerto-lunedi-al-teatro-comunale-di-belluno-con-coro-e-orchestra-quodlibet\/","title":{"rendered":"Energia d&#8217;amore in concerto luned\u00ec al Teatro comunale di Belluno con coro e orchestra Quodlibet"},"content":{"rendered":"<p><a href=\"http:\/\/www.bellunopress.it\/wp-content\/uploads\/2009\/02\/teatrocomunale.jpg\"><img loading=\"lazy\" decoding=\"async\" class=\"alignleft size-medium wp-image-476\" title=\"teatrocomunale\" src=\"http:\/\/www.bellunopress.it\/wp-content\/uploads\/2009\/02\/teatrocomunale.jpg\" alt=\"\" width=\"241\" height=\"181\" \/><\/a>Una grande serata di musica al Teatro Comunale di Belluno luned\u00ec 23 novembre alle ore 20:45. Fondazione Teatri delle Dolomiti ed Enel presentano il Concerto Musica-Energia II edizione Energia d&#8217;amore, una serata che fa parte del secondo ciclo di concerti sul tema dell\u0092energia ideati dal Maestro Benedetto Fiori e promossi da ENEL, con la partecipazione dell\u0092orchestra e coro Quodlibet di Mogliano Veneto diretti da Emanuele Pedrini. Ingresso libero, INFO 0437-943303. Sul palco del Comunale le splendide voci di Claudia Clarich, mezzosoprano, Dario Prola e Ciro Passilongo, tenori, Antonio Casagrande, basso, con l\u0092Orchestra e il Coro Quodlibet di Mogliano Veneto, diretti da Emanuele Pedrini proporranno un programma tutto dedicato all\u0092amore e all\u0092energia che ne scaturisce.<\/p>\n<p>Orchestra e Coro Quodlibet di Mogliano Veneto<br \/>\nCompagine corale e strumentale fondata nel 2004. I componenti del coro provengono da una pluriennale esperienza come artisti del coro. Attualmente l\u0092organico del coro \u00e8 di 70 elementi. L&#8217;orchestra Quodlibet di Mogliano Veneto \u00e8 la sezione strumentale dell\u0092associazione musicale che spazia dall\u0092organico da camera fino all\u0092orchestra sinfonica al gran completo; essa \u00e8 formata esclusivamente da professori d\u0092orchestra di chiara fama. Il repertorio \u00e8 assai articolato ed \u00e8 costituito da brani composti da autori di diverse epoche con differenti stili ed organici. Il periodo preso in esame per lo studio e la concertazione dei brani spazia dal XVII sec. fino ai compositori contemporanei. Il maestro Emanuele Pedrini \u00e8 il direttore artistico e musicale. In questi anni Quodlibet ha inciso e pubblicato molti CD, tra i tanti citiamo alcuni titoli: Requiem K 626 di W. A. Mozart, Stabat Mater di A. Dvorak, Missa Sancti Nicolai di J. Haydn, due Cantate ed Energy Hymnus di Puccio Migliaccio oltre a diversi recital operistici.<\/p>","protected":false},"excerpt":{"rendered":"<p>Una grande serata di musica al Teatro Comunale di Belluno luned\u00ec 23 novembre alle ore 20:45. Fondazione Teatri delle Dolomiti ed Enel presentano il Concerto Musica-Energia II edizione Energia d&#8217;amore, una serata che fa parte del secondo ciclo di concerti sul tema dell\u0092energia ideati dal Maestro Benedetto Fiori e promossi da ENEL, con la partecipazione [&hellip;]<\/p>\n","protected":false},"author":2,"featured_media":0,"comment_status":"closed","ping_status":"open","sticky":false,"template":"","format":"standard","meta":{"footnotes":""},"categories":[3,25],"tags":[139,63],"class_list":["post-9958","post","type-post","status-publish","format-standard","category-arte-cultura-spettacoli-scienza-archivi","category-pausa-caffe","tag-belluno","tag-dolomiti"],"yoast_head":"<!-- This site is optimized with the Yoast SEO plugin v28.4 - https:\/\/yoast.com\/product\/yoast-seo-wordpress\/ -->\n<title>Energia d&#039;amore in concerto luned\u00ec al Teatro comunale di Belluno con coro e orchestra Quodlibet  - Bellunopress - Dolomiti<\/title>\n<meta name=\"robots\" content=\"index, follow, max-snippet:-1, max-image-preview:large, max-video-preview:-1\" \/>\n<link rel=\"canonical\" href=\"https:\/\/www.bellunopress.it\/fr\/2009\/11\/21\/energia-damore-in-concerto-lunedi-al-teatro-comunale-di-belluno-con-coro-e-orchestra-quodlibet\/\" \/>\n<meta property=\"og:locale\" content=\"fr_FR\" \/>\n<meta property=\"og:type\" content=\"article\" \/>\n<meta property=\"og:title\" content=\"Energia d&#039;amore in concerto luned\u00ec al Teatro comunale di Belluno con coro e orchestra Quodlibet  - Bellunopress - Dolomiti\" \/>\n<meta property=\"og:description\" content=\"Una grande serata di musica al Teatro Comunale di Belluno luned\u00ec 23 novembre alle ore 20:45. Fondazione Teatri delle Dolomiti ed Enel presentano il Concerto Musica-Energia II edizione Energia d&#8217;amore, una serata che fa parte del secondo ciclo di concerti sul tema dell\u0092energia ideati dal Maestro Benedetto Fiori e promossi da ENEL, con la partecipazione [&hellip;]\" \/>\n<meta property=\"og:url\" content=\"https:\/\/www.bellunopress.it\/fr\/2009\/11\/21\/energia-damore-in-concerto-lunedi-al-teatro-comunale-di-belluno-con-coro-e-orchestra-quodlibet\/\" \/>\n<meta property=\"og:site_name\" content=\"Bellunopress - Dolomiti\" \/>\n<meta property=\"article:publisher\" content=\"https:\/\/www.facebook.com\/profile.php?id=100008943462799\" \/>\n<meta property=\"article:published_time\" content=\"2009-11-21T00:26:07+00:00\" \/>\n<meta property=\"og:image\" content=\"http:\/\/www.bellunopress.it\/wp-content\/uploads\/2009\/02\/teatrocomunale.jpg\" \/>\n<meta name=\"author\" content=\"redazione\" \/>\n<meta name=\"twitter:card\" content=\"summary_large_image\" \/>\n<meta name=\"twitter:creator\" content=\"@bellunopress\" \/>\n<meta name=\"twitter:site\" content=\"@bellunopress\" \/>\n<meta name=\"twitter:label1\" content=\"\u00c9crit par\" \/>\n\t<meta name=\"twitter:data1\" content=\"redazione\" \/>\n\t<meta name=\"twitter:label2\" content=\"Dur\u00e9e de lecture estim\u00e9e\" \/>\n\t<meta name=\"twitter:data2\" content=\"1 minute\" \/>\n<script type=\"application\/ld+json\" class=\"yoast-schema-graph\">{\"@context\":\"https:\\\/\\\/schema.org\",\"@graph\":[{\"@type\":\"Article\",\"@id\":\"https:\\\/\\\/www.bellunopress.it\\\/2009\\\/11\\\/21\\\/energia-damore-in-concerto-lunedi-al-teatro-comunale-di-belluno-con-coro-e-orchestra-quodlibet\\\/#article\",\"isPartOf\":{\"@id\":\"https:\\\/\\\/www.bellunopress.it\\\/2009\\\/11\\\/21\\\/energia-damore-in-concerto-lunedi-al-teatro-comunale-di-belluno-con-coro-e-orchestra-quodlibet\\\/\"},\"author\":{\"name\":\"redazione\",\"@id\":\"https:\\\/\\\/www.bellunopress.it\\\/#\\\/schema\\\/person\\\/79bb06722b37ece1c03d3e94beb30d73\"},\"headline\":\"Energia d&#8217;amore in concerto luned\u00ec al Teatro comunale di Belluno con coro e orchestra Quodlibet\",\"datePublished\":\"2009-11-21T00:26:07+00:00\",\"mainEntityOfPage\":{\"@id\":\"https:\\\/\\\/www.bellunopress.it\\\/2009\\\/11\\\/21\\\/energia-damore-in-concerto-lunedi-al-teatro-comunale-di-belluno-con-coro-e-orchestra-quodlibet\\\/\"},\"wordCount\":297,\"publisher\":{\"@id\":\"https:\\\/\\\/www.bellunopress.it\\\/#organization\"},\"image\":{\"@id\":\"https:\\\/\\\/www.bellunopress.it\\\/2009\\\/11\\\/21\\\/energia-damore-in-concerto-lunedi-al-teatro-comunale-di-belluno-con-coro-e-orchestra-quodlibet\\\/#primaryimage\"},\"thumbnailUrl\":\"http:\\\/\\\/www.bellunopress.it\\\/wp-content\\\/uploads\\\/2009\\\/02\\\/teatrocomunale.jpg\",\"keywords\":[\"Belluno\",\"Dolomiti\"],\"articleSection\":[\"Arte, Cultura, Spettacoli, Scienza\",\"Pausa Caff\u00e8\"],\"inLanguage\":\"fr-FR\"},{\"@type\":\"WebPage\",\"@id\":\"https:\\\/\\\/www.bellunopress.it\\\/2009\\\/11\\\/21\\\/energia-damore-in-concerto-lunedi-al-teatro-comunale-di-belluno-con-coro-e-orchestra-quodlibet\\\/\",\"url\":\"https:\\\/\\\/www.bellunopress.it\\\/2009\\\/11\\\/21\\\/energia-damore-in-concerto-lunedi-al-teatro-comunale-di-belluno-con-coro-e-orchestra-quodlibet\\\/\",\"name\":\"Energia d'amore in concerto luned\u00ec al Teatro comunale di Belluno con coro e orchestra Quodlibet - Bellunopress - Dolomiti\",\"isPartOf\":{\"@id\":\"https:\\\/\\\/www.bellunopress.it\\\/#website\"},\"primaryImageOfPage\":{\"@id\":\"https:\\\/\\\/www.bellunopress.it\\\/2009\\\/11\\\/21\\\/energia-damore-in-concerto-lunedi-al-teatro-comunale-di-belluno-con-coro-e-orchestra-quodlibet\\\/#primaryimage\"},\"image\":{\"@id\":\"https:\\\/\\\/www.bellunopress.it\\\/2009\\\/11\\\/21\\\/energia-damore-in-concerto-lunedi-al-teatro-comunale-di-belluno-con-coro-e-orchestra-quodlibet\\\/#primaryimage\"},\"thumbnailUrl\":\"http:\\\/\\\/www.bellunopress.it\\\/wp-content\\\/uploads\\\/2009\\\/02\\\/teatrocomunale.jpg\",\"datePublished\":\"2009-11-21T00:26:07+00:00\",\"breadcrumb\":{\"@id\":\"https:\\\/\\\/www.bellunopress.it\\\/2009\\\/11\\\/21\\\/energia-damore-in-concerto-lunedi-al-teatro-comunale-di-belluno-con-coro-e-orchestra-quodlibet\\\/#breadcrumb\"},\"inLanguage\":\"fr-FR\",\"potentialAction\":[{\"@type\":\"ReadAction\",\"target\":[\"https:\\\/\\\/www.bellunopress.it\\\/2009\\\/11\\\/21\\\/energia-damore-in-concerto-lunedi-al-teatro-comunale-di-belluno-con-coro-e-orchestra-quodlibet\\\/\"]}]},{\"@type\":\"ImageObject\",\"inLanguage\":\"fr-FR\",\"@id\":\"https:\\\/\\\/www.bellunopress.it\\\/2009\\\/11\\\/21\\\/energia-damore-in-concerto-lunedi-al-teatro-comunale-di-belluno-con-coro-e-orchestra-quodlibet\\\/#primaryimage\",\"url\":\"http:\\\/\\\/www.bellunopress.it\\\/wp-content\\\/uploads\\\/2009\\\/02\\\/teatrocomunale.jpg\",\"contentUrl\":\"http:\\\/\\\/www.bellunopress.it\\\/wp-content\\\/uploads\\\/2009\\\/02\\\/teatrocomunale.jpg\"},{\"@type\":\"BreadcrumbList\",\"@id\":\"https:\\\/\\\/www.bellunopress.it\\\/2009\\\/11\\\/21\\\/energia-damore-in-concerto-lunedi-al-teatro-comunale-di-belluno-con-coro-e-orchestra-quodlibet\\\/#breadcrumb\",\"itemListElement\":[{\"@type\":\"ListItem\",\"position\":1,\"name\":\"Home\",\"item\":\"https:\\\/\\\/www.bellunopress.it\\\/\"},{\"@type\":\"ListItem\",\"position\":2,\"name\":\"Energia d&#8217;amore in concerto luned\u00ec al Teatro comunale di Belluno con coro e orchestra Quodlibet\"}]},{\"@type\":\"WebSite\",\"@id\":\"https:\\\/\\\/www.bellunopress.it\\\/#website\",\"url\":\"https:\\\/\\\/www.bellunopress.it\\\/\",\"name\":\"Bellunopress - Dolomiti\",\"description\":\"e-mail: redazione@bellunopress.it\",\"publisher\":{\"@id\":\"https:\\\/\\\/www.bellunopress.it\\\/#organization\"},\"potentialAction\":[{\"@type\":\"SearchAction\",\"target\":{\"@type\":\"EntryPoint\",\"urlTemplate\":\"https:\\\/\\\/www.bellunopress.it\\\/?s={search_term_string}\"},\"query-input\":{\"@type\":\"PropertyValueSpecification\",\"valueRequired\":true,\"valueName\":\"search_term_string\"}}],\"inLanguage\":\"fr-FR\"},{\"@type\":\"Organization\",\"@id\":\"https:\\\/\\\/www.bellunopress.it\\\/#organization\",\"name\":\"Bellunopress\",\"url\":\"https:\\\/\\\/www.bellunopress.it\\\/\",\"logo\":{\"@type\":\"ImageObject\",\"inLanguage\":\"fr-FR\",\"@id\":\"https:\\\/\\\/www.bellunopress.it\\\/#\\\/schema\\\/logo\\\/image\\\/\",\"url\":\"https:\\\/\\\/www.bellunopress.it\\\/wp-content\\\/uploads\\\/2011\\\/05\\\/cropped-logo-bellunopress-.jpg\",\"contentUrl\":\"https:\\\/\\\/www.bellunopress.it\\\/wp-content\\\/uploads\\\/2011\\\/05\\\/cropped-logo-bellunopress-.jpg\",\"width\":512,\"height\":512,\"caption\":\"Bellunopress\"},\"image\":{\"@id\":\"https:\\\/\\\/www.bellunopress.it\\\/#\\\/schema\\\/logo\\\/image\\\/\"},\"sameAs\":[\"https:\\\/\\\/www.facebook.com\\\/profile.php?id=100008943462799\",\"https:\\\/\\\/x.com\\\/bellunopress\",\"https:\\\/\\\/www.linkedin.com\\\/hp\\\/?dnr=JBzUWaJfMUw8vbXJJ2tVW5-I3jZKvC4wsoxE&amp;amp;amp;amp;amp;amp;trk=nav_responsive_tab_home\",\"https:\\\/\\\/www.youtube.com\\\/channel\\\/UCxL0wu1uN0_3_7hGG0306cw\"]},{\"@type\":\"Person\",\"@id\":\"https:\\\/\\\/www.bellunopress.it\\\/#\\\/schema\\\/person\\\/79bb06722b37ece1c03d3e94beb30d73\",\"name\":\"redazione\",\"image\":{\"@type\":\"ImageObject\",\"inLanguage\":\"fr-FR\",\"@id\":\"https:\\\/\\\/secure.gravatar.com\\\/avatar\\\/37d968a2e67a6fd04c169c4bdef102d0bc5d31b2546345219e348575eb80e9a0?s=96&d=mm&r=g\",\"url\":\"https:\\\/\\\/secure.gravatar.com\\\/avatar\\\/37d968a2e67a6fd04c169c4bdef102d0bc5d31b2546345219e348575eb80e9a0?s=96&d=mm&r=g\",\"contentUrl\":\"https:\\\/\\\/secure.gravatar.com\\\/avatar\\\/37d968a2e67a6fd04c169c4bdef102d0bc5d31b2546345219e348575eb80e9a0?s=96&d=mm&r=g\",\"caption\":\"redazione\"},\"sameAs\":[\"http:\\\/\\\/www.bellunopress.it\",\"https:\\\/\\\/x.com\\\/bellunopress\"],\"url\":\"https:\\\/\\\/www.bellunopress.it\\\/fr\\\/author\\\/redazione\\\/\"}]}<\/script>\n<!-- \/ Yoast SEO plugin. -->","yoast_head_json":{"title":"Energia d'amore in concerto luned\u00ec al Teatro comunale di Belluno con coro e orchestra Quodlibet  - Bellunopress - Dolomiti","robots":{"index":"index","follow":"follow","max-snippet":"max-snippet:-1","max-image-preview":"max-image-preview:large","max-video-preview":"max-video-preview:-1"},"canonical":"https:\/\/www.bellunopress.it\/fr\/2009\/11\/21\/energia-damore-in-concerto-lunedi-al-teatro-comunale-di-belluno-con-coro-e-orchestra-quodlibet\/","og_locale":"fr_FR","og_type":"article","og_title":"Energia d'amore in concerto luned\u00ec al Teatro comunale di Belluno con coro e orchestra Quodlibet  - Bellunopress - Dolomiti","og_description":"Una grande serata di musica al Teatro Comunale di Belluno luned\u00ec 23 novembre alle ore 20:45. Fondazione Teatri delle Dolomiti ed Enel presentano il Concerto Musica-Energia II edizione Energia d&#8217;amore, una serata che fa parte del secondo ciclo di concerti sul tema dell\u0092energia ideati dal Maestro Benedetto Fiori e promossi da ENEL, con la partecipazione [&hellip;]","og_url":"https:\/\/www.bellunopress.it\/fr\/2009\/11\/21\/energia-damore-in-concerto-lunedi-al-teatro-comunale-di-belluno-con-coro-e-orchestra-quodlibet\/","og_site_name":"Bellunopress - Dolomiti","article_publisher":"https:\/\/www.facebook.com\/profile.php?id=100008943462799","article_published_time":"2009-11-21T00:26:07+00:00","og_image":[{"url":"http:\/\/www.bellunopress.it\/wp-content\/uploads\/2009\/02\/teatrocomunale.jpg","type":"","width":"","height":""}],"author":"redazione","twitter_card":"summary_large_image","twitter_creator":"@bellunopress","twitter_site":"@bellunopress","twitter_misc":{"\u00c9crit par":"redazione","Dur\u00e9e de lecture estim\u00e9e":"1 minute"},"schema":{"@context":"https:\/\/schema.org","@graph":[{"@type":"Article","@id":"https:\/\/www.bellunopress.it\/2009\/11\/21\/energia-damore-in-concerto-lunedi-al-teatro-comunale-di-belluno-con-coro-e-orchestra-quodlibet\/#article","isPartOf":{"@id":"https:\/\/www.bellunopress.it\/2009\/11\/21\/energia-damore-in-concerto-lunedi-al-teatro-comunale-di-belluno-con-coro-e-orchestra-quodlibet\/"},"author":{"name":"redazione","@id":"https:\/\/www.bellunopress.it\/#\/schema\/person\/79bb06722b37ece1c03d3e94beb30d73"},"headline":"Energia d&#8217;amore in concerto luned\u00ec al Teatro comunale di Belluno con coro e orchestra Quodlibet","datePublished":"2009-11-21T00:26:07+00:00","mainEntityOfPage":{"@id":"https:\/\/www.bellunopress.it\/2009\/11\/21\/energia-damore-in-concerto-lunedi-al-teatro-comunale-di-belluno-con-coro-e-orchestra-quodlibet\/"},"wordCount":297,"publisher":{"@id":"https:\/\/www.bellunopress.it\/#organization"},"image":{"@id":"https:\/\/www.bellunopress.it\/2009\/11\/21\/energia-damore-in-concerto-lunedi-al-teatro-comunale-di-belluno-con-coro-e-orchestra-quodlibet\/#primaryimage"},"thumbnailUrl":"http:\/\/www.bellunopress.it\/wp-content\/uploads\/2009\/02\/teatrocomunale.jpg","keywords":["Belluno","Dolomiti"],"articleSection":["Arte, Cultura, Spettacoli, Scienza","Pausa Caff\u00e8"],"inLanguage":"fr-FR"},{"@type":"WebPage","@id":"https:\/\/www.bellunopress.it\/2009\/11\/21\/energia-damore-in-concerto-lunedi-al-teatro-comunale-di-belluno-con-coro-e-orchestra-quodlibet\/","url":"https:\/\/www.bellunopress.it\/2009\/11\/21\/energia-damore-in-concerto-lunedi-al-teatro-comunale-di-belluno-con-coro-e-orchestra-quodlibet\/","name":"Energia d'amore in concerto luned\u00ec al Teatro comunale di Belluno con coro e orchestra Quodlibet - Bellunopress - Dolomiti","isPartOf":{"@id":"https:\/\/www.bellunopress.it\/#website"},"primaryImageOfPage":{"@id":"https:\/\/www.bellunopress.it\/2009\/11\/21\/energia-damore-in-concerto-lunedi-al-teatro-comunale-di-belluno-con-coro-e-orchestra-quodlibet\/#primaryimage"},"image":{"@id":"https:\/\/www.bellunopress.it\/2009\/11\/21\/energia-damore-in-concerto-lunedi-al-teatro-comunale-di-belluno-con-coro-e-orchestra-quodlibet\/#primaryimage"},"thumbnailUrl":"http:\/\/www.bellunopress.it\/wp-content\/uploads\/2009\/02\/teatrocomunale.jpg","datePublished":"2009-11-21T00:26:07+00:00","breadcrumb":{"@id":"https:\/\/www.bellunopress.it\/2009\/11\/21\/energia-damore-in-concerto-lunedi-al-teatro-comunale-di-belluno-con-coro-e-orchestra-quodlibet\/#breadcrumb"},"inLanguage":"fr-FR","potentialAction":[{"@type":"ReadAction","target":["https:\/\/www.bellunopress.it\/2009\/11\/21\/energia-damore-in-concerto-lunedi-al-teatro-comunale-di-belluno-con-coro-e-orchestra-quodlibet\/"]}]},{"@type":"ImageObject","inLanguage":"fr-FR","@id":"https:\/\/www.bellunopress.it\/2009\/11\/21\/energia-damore-in-concerto-lunedi-al-teatro-comunale-di-belluno-con-coro-e-orchestra-quodlibet\/#primaryimage","url":"http:\/\/www.bellunopress.it\/wp-content\/uploads\/2009\/02\/teatrocomunale.jpg","contentUrl":"http:\/\/www.bellunopress.it\/wp-content\/uploads\/2009\/02\/teatrocomunale.jpg"},{"@type":"BreadcrumbList","@id":"https:\/\/www.bellunopress.it\/2009\/11\/21\/energia-damore-in-concerto-lunedi-al-teatro-comunale-di-belluno-con-coro-e-orchestra-quodlibet\/#breadcrumb","itemListElement":[{"@type":"ListItem","position":1,"name":"Home","item":"https:\/\/www.bellunopress.it\/"},{"@type":"ListItem","position":2,"name":"Energia d&#8217;amore in concerto luned\u00ec al Teatro comunale di Belluno con coro e orchestra Quodlibet"}]},{"@type":"WebSite","@id":"https:\/\/www.bellunopress.it\/#website","url":"https:\/\/www.bellunopress.it\/","name":"Bellunopress - Dolomiti","description":"e-mail: redazione@bellunopress.it","publisher":{"@id":"https:\/\/www.bellunopress.it\/#organization"},"potentialAction":[{"@type":"SearchAction","target":{"@type":"EntryPoint","urlTemplate":"https:\/\/www.bellunopress.it\/?s={search_term_string}"},"query-input":{"@type":"PropertyValueSpecification","valueRequired":true,"valueName":"search_term_string"}}],"inLanguage":"fr-FR"},{"@type":"Organization","@id":"https:\/\/www.bellunopress.it\/#organization","name":"Bellunopress","url":"https:\/\/www.bellunopress.it\/","logo":{"@type":"ImageObject","inLanguage":"fr-FR","@id":"https:\/\/www.bellunopress.it\/#\/schema\/logo\/image\/","url":"https:\/\/www.bellunopress.it\/wp-content\/uploads\/2011\/05\/cropped-logo-bellunopress-.jpg","contentUrl":"https:\/\/www.bellunopress.it\/wp-content\/uploads\/2011\/05\/cropped-logo-bellunopress-.jpg","width":512,"height":512,"caption":"Bellunopress"},"image":{"@id":"https:\/\/www.bellunopress.it\/#\/schema\/logo\/image\/"},"sameAs":["https:\/\/www.facebook.com\/profile.php?id=100008943462799","https:\/\/x.com\/bellunopress","https:\/\/www.linkedin.com\/hp\/?dnr=JBzUWaJfMUw8vbXJJ2tVW5-I3jZKvC4wsoxE&amp;amp;amp;amp;amp;amp;trk=nav_responsive_tab_home","https:\/\/www.youtube.com\/channel\/UCxL0wu1uN0_3_7hGG0306cw"]},{"@type":"Person","@id":"https:\/\/www.bellunopress.it\/#\/schema\/person\/79bb06722b37ece1c03d3e94beb30d73","name":"r\u00e9daction","image":{"@type":"ImageObject","inLanguage":"fr-FR","@id":"https:\/\/secure.gravatar.com\/avatar\/37d968a2e67a6fd04c169c4bdef102d0bc5d31b2546345219e348575eb80e9a0?s=96&d=mm&r=g","url":"https:\/\/secure.gravatar.com\/avatar\/37d968a2e67a6fd04c169c4bdef102d0bc5d31b2546345219e348575eb80e9a0?s=96&d=mm&r=g","contentUrl":"https:\/\/secure.gravatar.com\/avatar\/37d968a2e67a6fd04c169c4bdef102d0bc5d31b2546345219e348575eb80e9a0?s=96&d=mm&r=g","caption":"redazione"},"sameAs":["http:\/\/www.bellunopress.it","https:\/\/x.com\/bellunopress"],"url":"https:\/\/www.bellunopress.it\/fr\/author\/redazione\/"}]}},"_links":{"self":[{"href":"https:\/\/www.bellunopress.it\/fr\/wp-json\/wp\/v2\/posts\/9958","targetHints":{"allow":["GET"]}}],"collection":[{"href":"https:\/\/www.bellunopress.it\/fr\/wp-json\/wp\/v2\/posts"}],"about":[{"href":"https:\/\/www.bellunopress.it\/fr\/wp-json\/wp\/v2\/types\/post"}],"author":[{"embeddable":true,"href":"https:\/\/www.bellunopress.it\/fr\/wp-json\/wp\/v2\/users\/2"}],"replies":[{"embeddable":true,"href":"https:\/\/www.bellunopress.it\/fr\/wp-json\/wp\/v2\/comments?post=9958"}],"version-history":[{"count":1,"href":"https:\/\/www.bellunopress.it\/fr\/wp-json\/wp\/v2\/posts\/9958\/revisions"}],"predecessor-version":[{"id":9959,"href":"https:\/\/www.bellunopress.it\/fr\/wp-json\/wp\/v2\/posts\/9958\/revisions\/9959"}],"wp:attachment":[{"href":"https:\/\/www.bellunopress.it\/fr\/wp-json\/wp\/v2\/media?parent=9958"}],"wp:term":[{"taxonomy":"category","embeddable":true,"href":"https:\/\/www.bellunopress.it\/fr\/wp-json\/wp\/v2\/categories?post=9958"},{"taxonomy":"post_tag","embeddable":true,"href":"https:\/\/www.bellunopress.it\/fr\/wp-json\/wp\/v2\/tags?post=9958"}],"curies":[{"name":"wp","href":"https:\/\/api.w.org\/{rel}","templated":true}]}}