{"id":9956,"date":"2009-11-21T01:19:16","date_gmt":"2009-11-21T00:19:16","guid":{"rendered":"http:\/\/www.bellunopress.it\/?p=9956"},"modified":"2009-11-21T01:19:16","modified_gmt":"2009-11-21T00:19:16","slug":"finimpresa-cooperativa-di-garanzia-delluapi-martedi-a-belluno-la-presentazione-della-nuova-banca-di-credito-cooperativo-di-belluno-e-feltre","status":"publish","type":"post","link":"https:\/\/www.bellunopress.it\/fr\/2009\/11\/21\/finimpresa-cooperativa-di-garanzia-delluapi-martedi-a-belluno-la-presentazione-della-nuova-banca-di-credito-cooperativo-di-belluno-e-feltre\/","title":{"rendered":"Finimpresa, cooperativa di garanzia dell&#8217;Uapi. Marted\u00ec a Belluno la presentazione della nuova Banca di credito cooperativo di Belluno e Feltre"},"content":{"rendered":"<p><a href=\"http:\/\/www.bellunopress.it\/wp-content\/uploads\/2009\/04\/banca-di-credito-coop-di-bl-e-feltre.jpg\"><img loading=\"lazy\" decoding=\"async\" class=\"alignleft size-medium wp-image-2817\" title=\"banca-di-credito-coop-di-bl-e-feltre\" src=\"http:\/\/www.bellunopress.it\/wp-content\/uploads\/2009\/04\/banca-di-credito-coop-di-bl-e-feltre.jpg\" alt=\"\" width=\"270\" height=\"180\" \/><\/a>Si conclude marted\u00ec 24 novembre a Belluno, presso la sede dell\u2019Unione Artigiani e Piccola Industria di Belluno, il ciclo di incontri organizzato da Finimpresa &#8211; la cooperativa di garanzia presieduta da Renato Caldart e struttura di assistenza al credito dell\u2019Unione Artigiani e Piccola Industria di Belluno &#8211; per la presentazione della costituenda Banca di credito cooperativo di Belluno e Feltre, costituzione che Unione Artigiani e Finimpresa hanno deciso di sostenere e appoggiare, in quanto banca del territorio.<br \/>\nInfatti, la costituenda Banca di credito cooperativo per legge deve\u00a0 investire il 95% del denaro raccolto, sul territorio ove opera e pi\u00f9 del 50% del capitale impiegato in affidamenti da parte della banca deve essere destinato ai propri soci. \u201cL\u2019appoggio all\u2019iniziativa \u2013 afferma il direttore di Finimpresa, rag. Marco Danielis \u2013 nasce dalla constatazione che in provincia manca questo tipo di banca, diversamente da quanto avviene nelle province vicine, dove ad esempio in Trentino se ne trova una per ogni vallata\u201d. \u201cProprio per questo &#8211; sottolinea Danielis &#8211; \u00e8 un\u2019occasione da non perdere\u201d. Per conoscere nei dettagli l\u2019operazione e come si pu\u00f2 diventare soci, l\u2019appuntamento \u00e8 alle ore 18.00 presso la sala riunioni dell\u2019Unione Artigiani e Piccola industria di Belluno in piazzale Resistenza 8, dove interverranno rappresentanti del Comitato promotore della banca, presieduto dall\u2019avv. Giorgio Azzalini.<\/p>","protected":false},"excerpt":{"rendered":"<p>Si conclude marted\u00ec 24 novembre a Belluno, presso la sede dell\u2019Unione Artigiani e Piccola Industria di Belluno, il ciclo di incontri organizzato da Finimpresa &#8211; la cooperativa di garanzia presieduta da Renato Caldart e struttura di assistenza al credito dell\u2019Unione Artigiani e Piccola Industria di Belluno &#8211; per la presentazione della costituenda Banca di credito [&hellip;]<\/p>\n","protected":false},"author":2,"featured_media":0,"comment_status":"closed","ping_status":"open","sticky":false,"template":"","format":"standard","meta":{"footnotes":""},"categories":[5,26],"tags":[139,302],"class_list":["post-9956","post","type-post","status-publish","format-standard","category-cronaca","category-prima-pagina","tag-belluno","tag-feltre"],"yoast_head":"<!-- This site is optimized with the Yoast SEO plugin v28.4 - https:\/\/yoast.com\/product\/yoast-seo-wordpress\/ -->\n<title>Finimpresa, cooperativa di garanzia dell&#039;Uapi. Marted\u00ec a Belluno la presentazione della nuova Banca di credito cooperativo di Belluno e Feltre - Bellunopress - Dolomiti<\/title>\n<meta name=\"robots\" content=\"index, follow, max-snippet:-1, max-image-preview:large, max-video-preview:-1\" \/>\n<link rel=\"canonical\" href=\"https:\/\/www.bellunopress.it\/fr\/2009\/11\/21\/finimpresa-cooperativa-di-garanzia-delluapi-martedi-a-belluno-la-presentazione-della-nuova-banca-di-credito-cooperativo-di-belluno-e-feltre\/\" \/>\n<meta property=\"og:locale\" content=\"fr_FR\" \/>\n<meta property=\"og:type\" content=\"article\" \/>\n<meta property=\"og:title\" content=\"Finimpresa, cooperativa di garanzia dell&#039;Uapi. Marted\u00ec a Belluno la presentazione della nuova Banca di credito cooperativo di Belluno e Feltre - Bellunopress - Dolomiti\" \/>\n<meta property=\"og:description\" content=\"Si conclude marted\u00ec 24 novembre a Belluno, presso la sede dell\u2019Unione Artigiani e Piccola Industria di Belluno, il ciclo di incontri organizzato da Finimpresa &#8211; la cooperativa di garanzia presieduta da Renato Caldart e struttura di assistenza al credito dell\u2019Unione Artigiani e Piccola Industria di Belluno &#8211; per la presentazione della costituenda Banca di credito [&hellip;]\" \/>\n<meta property=\"og:url\" content=\"https:\/\/www.bellunopress.it\/fr\/2009\/11\/21\/finimpresa-cooperativa-di-garanzia-delluapi-martedi-a-belluno-la-presentazione-della-nuova-banca-di-credito-cooperativo-di-belluno-e-feltre\/\" \/>\n<meta property=\"og:site_name\" content=\"Bellunopress - Dolomiti\" \/>\n<meta property=\"article:publisher\" content=\"https:\/\/www.facebook.com\/profile.php?id=100008943462799\" \/>\n<meta property=\"article:published_time\" content=\"2009-11-21T00:19:16+00:00\" \/>\n<meta property=\"og:image\" content=\"http:\/\/www.bellunopress.it\/wp-content\/uploads\/2009\/04\/banca-di-credito-coop-di-bl-e-feltre.jpg\" \/>\n<meta name=\"author\" content=\"redazione\" \/>\n<meta name=\"twitter:card\" content=\"summary_large_image\" \/>\n<meta name=\"twitter:creator\" content=\"@bellunopress\" \/>\n<meta name=\"twitter:site\" content=\"@bellunopress\" \/>\n<meta name=\"twitter:label1\" content=\"\u00c9crit par\" \/>\n\t<meta name=\"twitter:data1\" content=\"redazione\" \/>\n\t<meta name=\"twitter:label2\" content=\"Dur\u00e9e de lecture estim\u00e9e\" \/>\n\t<meta name=\"twitter:data2\" content=\"1 minute\" \/>\n<script type=\"application\/ld+json\" class=\"yoast-schema-graph\">{\"@context\":\"https:\\\/\\\/schema.org\",\"@graph\":[{\"@type\":\"Article\",\"@id\":\"https:\\\/\\\/www.bellunopress.it\\\/2009\\\/11\\\/21\\\/finimpresa-cooperativa-di-garanzia-delluapi-martedi-a-belluno-la-presentazione-della-nuova-banca-di-credito-cooperativo-di-belluno-e-feltre\\\/#article\",\"isPartOf\":{\"@id\":\"https:\\\/\\\/www.bellunopress.it\\\/2009\\\/11\\\/21\\\/finimpresa-cooperativa-di-garanzia-delluapi-martedi-a-belluno-la-presentazione-della-nuova-banca-di-credito-cooperativo-di-belluno-e-feltre\\\/\"},\"author\":{\"name\":\"redazione\",\"@id\":\"https:\\\/\\\/www.bellunopress.it\\\/#\\\/schema\\\/person\\\/79bb06722b37ece1c03d3e94beb30d73\"},\"headline\":\"Finimpresa, cooperativa di garanzia dell&#8217;Uapi. Marted\u00ec a Belluno la presentazione della nuova Banca di credito cooperativo di Belluno e Feltre\",\"datePublished\":\"2009-11-21T00:19:16+00:00\",\"mainEntityOfPage\":{\"@id\":\"https:\\\/\\\/www.bellunopress.it\\\/2009\\\/11\\\/21\\\/finimpresa-cooperativa-di-garanzia-delluapi-martedi-a-belluno-la-presentazione-della-nuova-banca-di-credito-cooperativo-di-belluno-e-feltre\\\/\"},\"wordCount\":234,\"publisher\":{\"@id\":\"https:\\\/\\\/www.bellunopress.it\\\/#organization\"},\"image\":{\"@id\":\"https:\\\/\\\/www.bellunopress.it\\\/2009\\\/11\\\/21\\\/finimpresa-cooperativa-di-garanzia-delluapi-martedi-a-belluno-la-presentazione-della-nuova-banca-di-credito-cooperativo-di-belluno-e-feltre\\\/#primaryimage\"},\"thumbnailUrl\":\"http:\\\/\\\/www.bellunopress.it\\\/wp-content\\\/uploads\\\/2009\\\/04\\\/banca-di-credito-coop-di-bl-e-feltre.jpg\",\"keywords\":[\"Belluno\",\"Feltre\"],\"articleSection\":[\"Cronaca\\\/Politica\",\"Prima Pagina\"],\"inLanguage\":\"fr-FR\"},{\"@type\":\"WebPage\",\"@id\":\"https:\\\/\\\/www.bellunopress.it\\\/2009\\\/11\\\/21\\\/finimpresa-cooperativa-di-garanzia-delluapi-martedi-a-belluno-la-presentazione-della-nuova-banca-di-credito-cooperativo-di-belluno-e-feltre\\\/\",\"url\":\"https:\\\/\\\/www.bellunopress.it\\\/2009\\\/11\\\/21\\\/finimpresa-cooperativa-di-garanzia-delluapi-martedi-a-belluno-la-presentazione-della-nuova-banca-di-credito-cooperativo-di-belluno-e-feltre\\\/\",\"name\":\"Finimpresa, cooperativa di garanzia dell'Uapi. Marted\u00ec a Belluno la presentazione della nuova Banca di credito cooperativo di Belluno e Feltre - Bellunopress - Dolomiti\",\"isPartOf\":{\"@id\":\"https:\\\/\\\/www.bellunopress.it\\\/#website\"},\"primaryImageOfPage\":{\"@id\":\"https:\\\/\\\/www.bellunopress.it\\\/2009\\\/11\\\/21\\\/finimpresa-cooperativa-di-garanzia-delluapi-martedi-a-belluno-la-presentazione-della-nuova-banca-di-credito-cooperativo-di-belluno-e-feltre\\\/#primaryimage\"},\"image\":{\"@id\":\"https:\\\/\\\/www.bellunopress.it\\\/2009\\\/11\\\/21\\\/finimpresa-cooperativa-di-garanzia-delluapi-martedi-a-belluno-la-presentazione-della-nuova-banca-di-credito-cooperativo-di-belluno-e-feltre\\\/#primaryimage\"},\"thumbnailUrl\":\"http:\\\/\\\/www.bellunopress.it\\\/wp-content\\\/uploads\\\/2009\\\/04\\\/banca-di-credito-coop-di-bl-e-feltre.jpg\",\"datePublished\":\"2009-11-21T00:19:16+00:00\",\"breadcrumb\":{\"@id\":\"https:\\\/\\\/www.bellunopress.it\\\/2009\\\/11\\\/21\\\/finimpresa-cooperativa-di-garanzia-delluapi-martedi-a-belluno-la-presentazione-della-nuova-banca-di-credito-cooperativo-di-belluno-e-feltre\\\/#breadcrumb\"},\"inLanguage\":\"fr-FR\",\"potentialAction\":[{\"@type\":\"ReadAction\",\"target\":[\"https:\\\/\\\/www.bellunopress.it\\\/2009\\\/11\\\/21\\\/finimpresa-cooperativa-di-garanzia-delluapi-martedi-a-belluno-la-presentazione-della-nuova-banca-di-credito-cooperativo-di-belluno-e-feltre\\\/\"]}]},{\"@type\":\"ImageObject\",\"inLanguage\":\"fr-FR\",\"@id\":\"https:\\\/\\\/www.bellunopress.it\\\/2009\\\/11\\\/21\\\/finimpresa-cooperativa-di-garanzia-delluapi-martedi-a-belluno-la-presentazione-della-nuova-banca-di-credito-cooperativo-di-belluno-e-feltre\\\/#primaryimage\",\"url\":\"http:\\\/\\\/www.bellunopress.it\\\/wp-content\\\/uploads\\\/2009\\\/04\\\/banca-di-credito-coop-di-bl-e-feltre.jpg\",\"contentUrl\":\"http:\\\/\\\/www.bellunopress.it\\\/wp-content\\\/uploads\\\/2009\\\/04\\\/banca-di-credito-coop-di-bl-e-feltre.jpg\"},{\"@type\":\"BreadcrumbList\",\"@id\":\"https:\\\/\\\/www.bellunopress.it\\\/2009\\\/11\\\/21\\\/finimpresa-cooperativa-di-garanzia-delluapi-martedi-a-belluno-la-presentazione-della-nuova-banca-di-credito-cooperativo-di-belluno-e-feltre\\\/#breadcrumb\",\"itemListElement\":[{\"@type\":\"ListItem\",\"position\":1,\"name\":\"Home\",\"item\":\"https:\\\/\\\/www.bellunopress.it\\\/\"},{\"@type\":\"ListItem\",\"position\":2,\"name\":\"Finimpresa, cooperativa di garanzia dell&#8217;Uapi. Marted\u00ec a Belluno la presentazione della nuova Banca di credito cooperativo di Belluno e Feltre\"}]},{\"@type\":\"WebSite\",\"@id\":\"https:\\\/\\\/www.bellunopress.it\\\/#website\",\"url\":\"https:\\\/\\\/www.bellunopress.it\\\/\",\"name\":\"Bellunopress - Dolomiti\",\"description\":\"e-mail: redazione@bellunopress.it\",\"publisher\":{\"@id\":\"https:\\\/\\\/www.bellunopress.it\\\/#organization\"},\"potentialAction\":[{\"@type\":\"SearchAction\",\"target\":{\"@type\":\"EntryPoint\",\"urlTemplate\":\"https:\\\/\\\/www.bellunopress.it\\\/?s={search_term_string}\"},\"query-input\":{\"@type\":\"PropertyValueSpecification\",\"valueRequired\":true,\"valueName\":\"search_term_string\"}}],\"inLanguage\":\"fr-FR\"},{\"@type\":\"Organization\",\"@id\":\"https:\\\/\\\/www.bellunopress.it\\\/#organization\",\"name\":\"Bellunopress\",\"url\":\"https:\\\/\\\/www.bellunopress.it\\\/\",\"logo\":{\"@type\":\"ImageObject\",\"inLanguage\":\"fr-FR\",\"@id\":\"https:\\\/\\\/www.bellunopress.it\\\/#\\\/schema\\\/logo\\\/image\\\/\",\"url\":\"https:\\\/\\\/www.bellunopress.it\\\/wp-content\\\/uploads\\\/2011\\\/05\\\/cropped-logo-bellunopress-.jpg\",\"contentUrl\":\"https:\\\/\\\/www.bellunopress.it\\\/wp-content\\\/uploads\\\/2011\\\/05\\\/cropped-logo-bellunopress-.jpg\",\"width\":512,\"height\":512,\"caption\":\"Bellunopress\"},\"image\":{\"@id\":\"https:\\\/\\\/www.bellunopress.it\\\/#\\\/schema\\\/logo\\\/image\\\/\"},\"sameAs\":[\"https:\\\/\\\/www.facebook.com\\\/profile.php?id=100008943462799\",\"https:\\\/\\\/x.com\\\/bellunopress\",\"https:\\\/\\\/www.linkedin.com\\\/hp\\\/?dnr=JBzUWaJfMUw8vbXJJ2tVW5-I3jZKvC4wsoxE&amp;amp;amp;amp;amp;amp;trk=nav_responsive_tab_home\",\"https:\\\/\\\/www.youtube.com\\\/channel\\\/UCxL0wu1uN0_3_7hGG0306cw\"]},{\"@type\":\"Person\",\"@id\":\"https:\\\/\\\/www.bellunopress.it\\\/#\\\/schema\\\/person\\\/79bb06722b37ece1c03d3e94beb30d73\",\"name\":\"redazione\",\"image\":{\"@type\":\"ImageObject\",\"inLanguage\":\"fr-FR\",\"@id\":\"https:\\\/\\\/secure.gravatar.com\\\/avatar\\\/37d968a2e67a6fd04c169c4bdef102d0bc5d31b2546345219e348575eb80e9a0?s=96&d=mm&r=g\",\"url\":\"https:\\\/\\\/secure.gravatar.com\\\/avatar\\\/37d968a2e67a6fd04c169c4bdef102d0bc5d31b2546345219e348575eb80e9a0?s=96&d=mm&r=g\",\"contentUrl\":\"https:\\\/\\\/secure.gravatar.com\\\/avatar\\\/37d968a2e67a6fd04c169c4bdef102d0bc5d31b2546345219e348575eb80e9a0?s=96&d=mm&r=g\",\"caption\":\"redazione\"},\"sameAs\":[\"http:\\\/\\\/www.bellunopress.it\",\"https:\\\/\\\/x.com\\\/bellunopress\"],\"url\":\"https:\\\/\\\/www.bellunopress.it\\\/fr\\\/author\\\/redazione\\\/\"}]}<\/script>\n<!-- \/ Yoast SEO plugin. -->","yoast_head_json":{"title":"Finimpresa, cooperativa di garanzia dell'Uapi. Marted\u00ec a Belluno la presentazione della nuova Banca di credito cooperativo di Belluno e Feltre - Bellunopress - Dolomiti","robots":{"index":"index","follow":"follow","max-snippet":"max-snippet:-1","max-image-preview":"max-image-preview:large","max-video-preview":"max-video-preview:-1"},"canonical":"https:\/\/www.bellunopress.it\/fr\/2009\/11\/21\/finimpresa-cooperativa-di-garanzia-delluapi-martedi-a-belluno-la-presentazione-della-nuova-banca-di-credito-cooperativo-di-belluno-e-feltre\/","og_locale":"fr_FR","og_type":"article","og_title":"Finimpresa, cooperativa di garanzia dell'Uapi. Marted\u00ec a Belluno la presentazione della nuova Banca di credito cooperativo di Belluno e Feltre - Bellunopress - Dolomiti","og_description":"Si conclude marted\u00ec 24 novembre a Belluno, presso la sede dell\u2019Unione Artigiani e Piccola Industria di Belluno, il ciclo di incontri organizzato da Finimpresa &#8211; la cooperativa di garanzia presieduta da Renato Caldart e struttura di assistenza al credito dell\u2019Unione Artigiani e Piccola Industria di Belluno &#8211; per la presentazione della costituenda Banca di credito [&hellip;]","og_url":"https:\/\/www.bellunopress.it\/fr\/2009\/11\/21\/finimpresa-cooperativa-di-garanzia-delluapi-martedi-a-belluno-la-presentazione-della-nuova-banca-di-credito-cooperativo-di-belluno-e-feltre\/","og_site_name":"Bellunopress - Dolomiti","article_publisher":"https:\/\/www.facebook.com\/profile.php?id=100008943462799","article_published_time":"2009-11-21T00:19:16+00:00","og_image":[{"url":"http:\/\/www.bellunopress.it\/wp-content\/uploads\/2009\/04\/banca-di-credito-coop-di-bl-e-feltre.jpg","type":"","width":"","height":""}],"author":"redazione","twitter_card":"summary_large_image","twitter_creator":"@bellunopress","twitter_site":"@bellunopress","twitter_misc":{"\u00c9crit par":"redazione","Dur\u00e9e de lecture estim\u00e9e":"1 minute"},"schema":{"@context":"https:\/\/schema.org","@graph":[{"@type":"Article","@id":"https:\/\/www.bellunopress.it\/2009\/11\/21\/finimpresa-cooperativa-di-garanzia-delluapi-martedi-a-belluno-la-presentazione-della-nuova-banca-di-credito-cooperativo-di-belluno-e-feltre\/#article","isPartOf":{"@id":"https:\/\/www.bellunopress.it\/2009\/11\/21\/finimpresa-cooperativa-di-garanzia-delluapi-martedi-a-belluno-la-presentazione-della-nuova-banca-di-credito-cooperativo-di-belluno-e-feltre\/"},"author":{"name":"redazione","@id":"https:\/\/www.bellunopress.it\/#\/schema\/person\/79bb06722b37ece1c03d3e94beb30d73"},"headline":"Finimpresa, cooperativa di garanzia dell&#8217;Uapi. Marted\u00ec a Belluno la presentazione della nuova Banca di credito cooperativo di Belluno e Feltre","datePublished":"2009-11-21T00:19:16+00:00","mainEntityOfPage":{"@id":"https:\/\/www.bellunopress.it\/2009\/11\/21\/finimpresa-cooperativa-di-garanzia-delluapi-martedi-a-belluno-la-presentazione-della-nuova-banca-di-credito-cooperativo-di-belluno-e-feltre\/"},"wordCount":234,"publisher":{"@id":"https:\/\/www.bellunopress.it\/#organization"},"image":{"@id":"https:\/\/www.bellunopress.it\/2009\/11\/21\/finimpresa-cooperativa-di-garanzia-delluapi-martedi-a-belluno-la-presentazione-della-nuova-banca-di-credito-cooperativo-di-belluno-e-feltre\/#primaryimage"},"thumbnailUrl":"http:\/\/www.bellunopress.it\/wp-content\/uploads\/2009\/04\/banca-di-credito-coop-di-bl-e-feltre.jpg","keywords":["Belluno","Feltre"],"articleSection":["Cronaca\/Politica","Prima Pagina"],"inLanguage":"fr-FR"},{"@type":"WebPage","@id":"https:\/\/www.bellunopress.it\/2009\/11\/21\/finimpresa-cooperativa-di-garanzia-delluapi-martedi-a-belluno-la-presentazione-della-nuova-banca-di-credito-cooperativo-di-belluno-e-feltre\/","url":"https:\/\/www.bellunopress.it\/2009\/11\/21\/finimpresa-cooperativa-di-garanzia-delluapi-martedi-a-belluno-la-presentazione-della-nuova-banca-di-credito-cooperativo-di-belluno-e-feltre\/","name":"Finimpresa, cooperativa di garanzia dell'Uapi. Marted\u00ec a Belluno la presentazione della nuova Banca di credito cooperativo di Belluno e Feltre - Bellunopress - Dolomiti","isPartOf":{"@id":"https:\/\/www.bellunopress.it\/#website"},"primaryImageOfPage":{"@id":"https:\/\/www.bellunopress.it\/2009\/11\/21\/finimpresa-cooperativa-di-garanzia-delluapi-martedi-a-belluno-la-presentazione-della-nuova-banca-di-credito-cooperativo-di-belluno-e-feltre\/#primaryimage"},"image":{"@id":"https:\/\/www.bellunopress.it\/2009\/11\/21\/finimpresa-cooperativa-di-garanzia-delluapi-martedi-a-belluno-la-presentazione-della-nuova-banca-di-credito-cooperativo-di-belluno-e-feltre\/#primaryimage"},"thumbnailUrl":"http:\/\/www.bellunopress.it\/wp-content\/uploads\/2009\/04\/banca-di-credito-coop-di-bl-e-feltre.jpg","datePublished":"2009-11-21T00:19:16+00:00","breadcrumb":{"@id":"https:\/\/www.bellunopress.it\/2009\/11\/21\/finimpresa-cooperativa-di-garanzia-delluapi-martedi-a-belluno-la-presentazione-della-nuova-banca-di-credito-cooperativo-di-belluno-e-feltre\/#breadcrumb"},"inLanguage":"fr-FR","potentialAction":[{"@type":"ReadAction","target":["https:\/\/www.bellunopress.it\/2009\/11\/21\/finimpresa-cooperativa-di-garanzia-delluapi-martedi-a-belluno-la-presentazione-della-nuova-banca-di-credito-cooperativo-di-belluno-e-feltre\/"]}]},{"@type":"ImageObject","inLanguage":"fr-FR","@id":"https:\/\/www.bellunopress.it\/2009\/11\/21\/finimpresa-cooperativa-di-garanzia-delluapi-martedi-a-belluno-la-presentazione-della-nuova-banca-di-credito-cooperativo-di-belluno-e-feltre\/#primaryimage","url":"http:\/\/www.bellunopress.it\/wp-content\/uploads\/2009\/04\/banca-di-credito-coop-di-bl-e-feltre.jpg","contentUrl":"http:\/\/www.bellunopress.it\/wp-content\/uploads\/2009\/04\/banca-di-credito-coop-di-bl-e-feltre.jpg"},{"@type":"BreadcrumbList","@id":"https:\/\/www.bellunopress.it\/2009\/11\/21\/finimpresa-cooperativa-di-garanzia-delluapi-martedi-a-belluno-la-presentazione-della-nuova-banca-di-credito-cooperativo-di-belluno-e-feltre\/#breadcrumb","itemListElement":[{"@type":"ListItem","position":1,"name":"Home","item":"https:\/\/www.bellunopress.it\/"},{"@type":"ListItem","position":2,"name":"Finimpresa, cooperativa di garanzia dell&#8217;Uapi. Marted\u00ec a Belluno la presentazione della nuova Banca di credito cooperativo di Belluno e Feltre"}]},{"@type":"WebSite","@id":"https:\/\/www.bellunopress.it\/#website","url":"https:\/\/www.bellunopress.it\/","name":"Bellunopress - Dolomiti","description":"e-mail: redazione@bellunopress.it","publisher":{"@id":"https:\/\/www.bellunopress.it\/#organization"},"potentialAction":[{"@type":"SearchAction","target":{"@type":"EntryPoint","urlTemplate":"https:\/\/www.bellunopress.it\/?s={search_term_string}"},"query-input":{"@type":"PropertyValueSpecification","valueRequired":true,"valueName":"search_term_string"}}],"inLanguage":"fr-FR"},{"@type":"Organization","@id":"https:\/\/www.bellunopress.it\/#organization","name":"Bellunopress","url":"https:\/\/www.bellunopress.it\/","logo":{"@type":"ImageObject","inLanguage":"fr-FR","@id":"https:\/\/www.bellunopress.it\/#\/schema\/logo\/image\/","url":"https:\/\/www.bellunopress.it\/wp-content\/uploads\/2011\/05\/cropped-logo-bellunopress-.jpg","contentUrl":"https:\/\/www.bellunopress.it\/wp-content\/uploads\/2011\/05\/cropped-logo-bellunopress-.jpg","width":512,"height":512,"caption":"Bellunopress"},"image":{"@id":"https:\/\/www.bellunopress.it\/#\/schema\/logo\/image\/"},"sameAs":["https:\/\/www.facebook.com\/profile.php?id=100008943462799","https:\/\/x.com\/bellunopress","https:\/\/www.linkedin.com\/hp\/?dnr=JBzUWaJfMUw8vbXJJ2tVW5-I3jZKvC4wsoxE&amp;amp;amp;amp;amp;amp;trk=nav_responsive_tab_home","https:\/\/www.youtube.com\/channel\/UCxL0wu1uN0_3_7hGG0306cw"]},{"@type":"Person","@id":"https:\/\/www.bellunopress.it\/#\/schema\/person\/79bb06722b37ece1c03d3e94beb30d73","name":"r\u00e9daction","image":{"@type":"ImageObject","inLanguage":"fr-FR","@id":"https:\/\/secure.gravatar.com\/avatar\/37d968a2e67a6fd04c169c4bdef102d0bc5d31b2546345219e348575eb80e9a0?s=96&d=mm&r=g","url":"https:\/\/secure.gravatar.com\/avatar\/37d968a2e67a6fd04c169c4bdef102d0bc5d31b2546345219e348575eb80e9a0?s=96&d=mm&r=g","contentUrl":"https:\/\/secure.gravatar.com\/avatar\/37d968a2e67a6fd04c169c4bdef102d0bc5d31b2546345219e348575eb80e9a0?s=96&d=mm&r=g","caption":"redazione"},"sameAs":["http:\/\/www.bellunopress.it","https:\/\/x.com\/bellunopress"],"url":"https:\/\/www.bellunopress.it\/fr\/author\/redazione\/"}]}},"_links":{"self":[{"href":"https:\/\/www.bellunopress.it\/fr\/wp-json\/wp\/v2\/posts\/9956","targetHints":{"allow":["GET"]}}],"collection":[{"href":"https:\/\/www.bellunopress.it\/fr\/wp-json\/wp\/v2\/posts"}],"about":[{"href":"https:\/\/www.bellunopress.it\/fr\/wp-json\/wp\/v2\/types\/post"}],"author":[{"embeddable":true,"href":"https:\/\/www.bellunopress.it\/fr\/wp-json\/wp\/v2\/users\/2"}],"replies":[{"embeddable":true,"href":"https:\/\/www.bellunopress.it\/fr\/wp-json\/wp\/v2\/comments?post=9956"}],"version-history":[{"count":1,"href":"https:\/\/www.bellunopress.it\/fr\/wp-json\/wp\/v2\/posts\/9956\/revisions"}],"predecessor-version":[{"id":9957,"href":"https:\/\/www.bellunopress.it\/fr\/wp-json\/wp\/v2\/posts\/9956\/revisions\/9957"}],"wp:attachment":[{"href":"https:\/\/www.bellunopress.it\/fr\/wp-json\/wp\/v2\/media?parent=9956"}],"wp:term":[{"taxonomy":"category","embeddable":true,"href":"https:\/\/www.bellunopress.it\/fr\/wp-json\/wp\/v2\/categories?post=9956"},{"taxonomy":"post_tag","embeddable":true,"href":"https:\/\/www.bellunopress.it\/fr\/wp-json\/wp\/v2\/tags?post=9956"}],"curies":[{"name":"wp","href":"https:\/\/api.w.org\/{rel}","templated":true}]}}