{"id":9953,"date":"2009-11-21T01:11:46","date_gmt":"2009-11-21T00:11:46","guid":{"rendered":"http:\/\/www.bellunopress.it\/?p=9953"},"modified":"2009-11-21T01:11:46","modified_gmt":"2009-11-21T00:11:46","slug":"incontro-a-verbania-per-le-province-alpine-di-belluno-sondrio-e-vco-a-dicembre-un-tavolo-tecnico-per-avanzare-proposte-a-roma-sulla-compartecipazione-fiscale","status":"publish","type":"post","link":"https:\/\/www.bellunopress.it\/fr\/2009\/11\/21\/incontro-a-verbania-per-le-province-alpine-di-belluno-sondrio-e-vco-a-dicembre-un-tavolo-tecnico-per-avanzare-proposte-a-roma-sulla-compartecipazione-fiscale\/","title":{"rendered":"Incontro a Verbania per le Province alpine di Belluno, Sondrio e VCO. A dicembre un tavolo tecnico per avanzare proposte a Roma sulla compartecipazione fiscale"},"content":{"rendered":"<p><a href=\"http:\/\/www.bellunopress.it\/wp-content\/uploads\/2009\/11\/tavolo-riunione-belluno-sondrio-vco.jpg\"><img loading=\"lazy\" decoding=\"async\" class=\"alignleft size-medium wp-image-9954\" title=\"tavolo-riunione-belluno-sondrio-vco\" src=\"http:\/\/www.bellunopress.it\/wp-content\/uploads\/2009\/11\/tavolo-riunione-belluno-sondrio-vco.jpg\" alt=\"\" width=\"280\" height=\"210\" \/><\/a>Le tre Province alpine di Belluno, Sondrio e Verbano Cusio Ossola sono tornate a confrontarsi con la riunione tenutasi oggi a Verbania. Si \u00e8 trattato di un incontro successivo a quello dello scorso agosto e precedente quello pi\u00f9 tecnico, gi\u00e0 fissato per met\u00e0 dicembre. Un gemellaggio tra realt\u00e0 territoriali molti simili per dimensioni, densit\u00e0 demografica, caratteristiche geografiche, geomorfologiche e fisionomia socio-economica: piccole, periferiche, montane, transfrontaliere. Elementi che rappresentano criticit\u00e0 ma anche un buon potenziale che si vuole mettere a frutto ottenendo dallo Stato centrale il mantenimento sul territorio di parte delle risorse prodotte. Un principio che stamani \u00e8 stato ribadito dal Presidente della Provincia di Belluno, Gianpaolo Bottacin, dall\u2019Assessore della Provincia lombarda Costantino Tornad\u00f9 (intervenuto in rappresentanza del Presidente Massimo Sertori) e dal Presidente del VCO Massimo Nobili. \u00abSi punta a poter nuovamente beneficiare di una legge dello Stato che riconosca alle tre Province l\u2019incasso diretto dei canoni idrici &#8211; ha spiegato Bottacin &#8211; . Va detto tuttavia che due \u201cconsorelle\u201d gi\u00e0 attualmente possono vantare rapporti con le rispettive Regioni che assicurano loro per questa voce un introito pari a 12 milioni di euro (Belluno), 8 milioni (Sondrio). \u00abIl pressing congiunto sul Governo ha gi\u00e0 fruttato un primo risultato &#8211; ha rimarcato il presidente Bottacin &#8211; . Parlo dell\u2019assegnazione di una parte dell\u2019addizionale sul consumo energetico industriale superiore ai 200 kilowatt, che per noi significa 2,5 milioni di euro l\u2019anno. Tutto ci\u00f2 mette in evidenza come si ottengano risposte positive rapportandosi con Roma in modo unitario e determinato, come un gruppo di lavoro con le idee chiare che conosce in modo approfondito quello di cui parla. Ed \u00e8 per questo che il prossimo passo sar\u00e0 quello di elaborare delle simulazioni numeriche che raffigurino concretamente a quali compartecipazioni fiscali possiamo ambire all\u2019interno di un quadro di federalismo amministrativo\u00bb.<\/p>","protected":false},"excerpt":{"rendered":"<p>Le tre Province alpine di Belluno, Sondrio e Verbano Cusio Ossola sono tornate a confrontarsi con la riunione tenutasi oggi a Verbania. Si \u00e8 trattato di un incontro successivo a quello dello scorso agosto e precedente quello pi\u00f9 tecnico, gi\u00e0 fissato per met\u00e0 dicembre. Un gemellaggio tra realt\u00e0 territoriali molti simili per dimensioni, densit\u00e0 demografica, [&hellip;]<\/p>\n","protected":false},"author":2,"featured_media":0,"comment_status":"closed","ping_status":"open","sticky":false,"template":"","format":"standard","meta":{"footnotes":""},"categories":[5],"tags":[139],"class_list":["post-9953","post","type-post","status-publish","format-standard","category-cronaca","tag-belluno"],"yoast_head":"<!-- This site is optimized with the Yoast SEO plugin v28.4 - https:\/\/yoast.com\/product\/yoast-seo-wordpress\/ -->\n<title>Incontro a Verbania per le Province alpine di Belluno, Sondrio e VCO. A dicembre un tavolo tecnico per avanzare proposte a Roma sulla compartecipazione fiscale - Bellunopress - Dolomiti<\/title>\n<meta name=\"robots\" content=\"index, follow, max-snippet:-1, max-image-preview:large, max-video-preview:-1\" \/>\n<link rel=\"canonical\" href=\"https:\/\/www.bellunopress.it\/fr\/2009\/11\/21\/incontro-a-verbania-per-le-province-alpine-di-belluno-sondrio-e-vco-a-dicembre-un-tavolo-tecnico-per-avanzare-proposte-a-roma-sulla-compartecipazione-fiscale\/\" \/>\n<meta property=\"og:locale\" content=\"fr_FR\" \/>\n<meta property=\"og:type\" content=\"article\" \/>\n<meta property=\"og:title\" content=\"Incontro a Verbania per le Province alpine di Belluno, Sondrio e VCO. A dicembre un tavolo tecnico per avanzare proposte a Roma sulla compartecipazione fiscale - Bellunopress - Dolomiti\" \/>\n<meta property=\"og:description\" content=\"Le tre Province alpine di Belluno, Sondrio e Verbano Cusio Ossola sono tornate a confrontarsi con la riunione tenutasi oggi a Verbania. Si \u00e8 trattato di un incontro successivo a quello dello scorso agosto e precedente quello pi\u00f9 tecnico, gi\u00e0 fissato per met\u00e0 dicembre. Un gemellaggio tra realt\u00e0 territoriali molti simili per dimensioni, densit\u00e0 demografica, [&hellip;]\" \/>\n<meta property=\"og:url\" content=\"https:\/\/www.bellunopress.it\/fr\/2009\/11\/21\/incontro-a-verbania-per-le-province-alpine-di-belluno-sondrio-e-vco-a-dicembre-un-tavolo-tecnico-per-avanzare-proposte-a-roma-sulla-compartecipazione-fiscale\/\" \/>\n<meta property=\"og:site_name\" content=\"Bellunopress - Dolomiti\" \/>\n<meta property=\"article:publisher\" content=\"https:\/\/www.facebook.com\/profile.php?id=100008943462799\" \/>\n<meta property=\"article:published_time\" content=\"2009-11-21T00:11:46+00:00\" \/>\n<meta property=\"og:image\" content=\"http:\/\/www.bellunopress.it\/wp-content\/uploads\/2009\/11\/tavolo-riunione-belluno-sondrio-vco.jpg\" \/>\n<meta name=\"author\" content=\"redazione\" \/>\n<meta name=\"twitter:card\" content=\"summary_large_image\" \/>\n<meta name=\"twitter:creator\" content=\"@bellunopress\" \/>\n<meta name=\"twitter:site\" content=\"@bellunopress\" \/>\n<meta name=\"twitter:label1\" content=\"\u00c9crit par\" \/>\n\t<meta name=\"twitter:data1\" content=\"redazione\" \/>\n\t<meta name=\"twitter:label2\" content=\"Dur\u00e9e de lecture estim\u00e9e\" \/>\n\t<meta name=\"twitter:data2\" content=\"1 minute\" \/>\n<script type=\"application\/ld+json\" class=\"yoast-schema-graph\">{\"@context\":\"https:\\\/\\\/schema.org\",\"@graph\":[{\"@type\":\"Article\",\"@id\":\"https:\\\/\\\/www.bellunopress.it\\\/2009\\\/11\\\/21\\\/incontro-a-verbania-per-le-province-alpine-di-belluno-sondrio-e-vco-a-dicembre-un-tavolo-tecnico-per-avanzare-proposte-a-roma-sulla-compartecipazione-fiscale\\\/#article\",\"isPartOf\":{\"@id\":\"https:\\\/\\\/www.bellunopress.it\\\/2009\\\/11\\\/21\\\/incontro-a-verbania-per-le-province-alpine-di-belluno-sondrio-e-vco-a-dicembre-un-tavolo-tecnico-per-avanzare-proposte-a-roma-sulla-compartecipazione-fiscale\\\/\"},\"author\":{\"name\":\"redazione\",\"@id\":\"https:\\\/\\\/www.bellunopress.it\\\/#\\\/schema\\\/person\\\/79bb06722b37ece1c03d3e94beb30d73\"},\"headline\":\"Incontro a Verbania per le Province alpine di Belluno, Sondrio e VCO. A dicembre un tavolo tecnico per avanzare proposte a Roma sulla compartecipazione fiscale\",\"datePublished\":\"2009-11-21T00:11:46+00:00\",\"mainEntityOfPage\":{\"@id\":\"https:\\\/\\\/www.bellunopress.it\\\/2009\\\/11\\\/21\\\/incontro-a-verbania-per-le-province-alpine-di-belluno-sondrio-e-vco-a-dicembre-un-tavolo-tecnico-per-avanzare-proposte-a-roma-sulla-compartecipazione-fiscale\\\/\"},\"wordCount\":319,\"publisher\":{\"@id\":\"https:\\\/\\\/www.bellunopress.it\\\/#organization\"},\"image\":{\"@id\":\"https:\\\/\\\/www.bellunopress.it\\\/2009\\\/11\\\/21\\\/incontro-a-verbania-per-le-province-alpine-di-belluno-sondrio-e-vco-a-dicembre-un-tavolo-tecnico-per-avanzare-proposte-a-roma-sulla-compartecipazione-fiscale\\\/#primaryimage\"},\"thumbnailUrl\":\"http:\\\/\\\/www.bellunopress.it\\\/wp-content\\\/uploads\\\/2009\\\/11\\\/tavolo-riunione-belluno-sondrio-vco.jpg\",\"keywords\":[\"Belluno\"],\"articleSection\":[\"Cronaca\\\/Politica\"],\"inLanguage\":\"fr-FR\"},{\"@type\":\"WebPage\",\"@id\":\"https:\\\/\\\/www.bellunopress.it\\\/2009\\\/11\\\/21\\\/incontro-a-verbania-per-le-province-alpine-di-belluno-sondrio-e-vco-a-dicembre-un-tavolo-tecnico-per-avanzare-proposte-a-roma-sulla-compartecipazione-fiscale\\\/\",\"url\":\"https:\\\/\\\/www.bellunopress.it\\\/2009\\\/11\\\/21\\\/incontro-a-verbania-per-le-province-alpine-di-belluno-sondrio-e-vco-a-dicembre-un-tavolo-tecnico-per-avanzare-proposte-a-roma-sulla-compartecipazione-fiscale\\\/\",\"name\":\"Incontro a Verbania per le Province alpine di Belluno, Sondrio e VCO. A dicembre un tavolo tecnico per avanzare proposte a Roma sulla compartecipazione fiscale - Bellunopress - Dolomiti\",\"isPartOf\":{\"@id\":\"https:\\\/\\\/www.bellunopress.it\\\/#website\"},\"primaryImageOfPage\":{\"@id\":\"https:\\\/\\\/www.bellunopress.it\\\/2009\\\/11\\\/21\\\/incontro-a-verbania-per-le-province-alpine-di-belluno-sondrio-e-vco-a-dicembre-un-tavolo-tecnico-per-avanzare-proposte-a-roma-sulla-compartecipazione-fiscale\\\/#primaryimage\"},\"image\":{\"@id\":\"https:\\\/\\\/www.bellunopress.it\\\/2009\\\/11\\\/21\\\/incontro-a-verbania-per-le-province-alpine-di-belluno-sondrio-e-vco-a-dicembre-un-tavolo-tecnico-per-avanzare-proposte-a-roma-sulla-compartecipazione-fiscale\\\/#primaryimage\"},\"thumbnailUrl\":\"http:\\\/\\\/www.bellunopress.it\\\/wp-content\\\/uploads\\\/2009\\\/11\\\/tavolo-riunione-belluno-sondrio-vco.jpg\",\"datePublished\":\"2009-11-21T00:11:46+00:00\",\"breadcrumb\":{\"@id\":\"https:\\\/\\\/www.bellunopress.it\\\/2009\\\/11\\\/21\\\/incontro-a-verbania-per-le-province-alpine-di-belluno-sondrio-e-vco-a-dicembre-un-tavolo-tecnico-per-avanzare-proposte-a-roma-sulla-compartecipazione-fiscale\\\/#breadcrumb\"},\"inLanguage\":\"fr-FR\",\"potentialAction\":[{\"@type\":\"ReadAction\",\"target\":[\"https:\\\/\\\/www.bellunopress.it\\\/2009\\\/11\\\/21\\\/incontro-a-verbania-per-le-province-alpine-di-belluno-sondrio-e-vco-a-dicembre-un-tavolo-tecnico-per-avanzare-proposte-a-roma-sulla-compartecipazione-fiscale\\\/\"]}]},{\"@type\":\"ImageObject\",\"inLanguage\":\"fr-FR\",\"@id\":\"https:\\\/\\\/www.bellunopress.it\\\/2009\\\/11\\\/21\\\/incontro-a-verbania-per-le-province-alpine-di-belluno-sondrio-e-vco-a-dicembre-un-tavolo-tecnico-per-avanzare-proposte-a-roma-sulla-compartecipazione-fiscale\\\/#primaryimage\",\"url\":\"http:\\\/\\\/www.bellunopress.it\\\/wp-content\\\/uploads\\\/2009\\\/11\\\/tavolo-riunione-belluno-sondrio-vco.jpg\",\"contentUrl\":\"http:\\\/\\\/www.bellunopress.it\\\/wp-content\\\/uploads\\\/2009\\\/11\\\/tavolo-riunione-belluno-sondrio-vco.jpg\"},{\"@type\":\"BreadcrumbList\",\"@id\":\"https:\\\/\\\/www.bellunopress.it\\\/2009\\\/11\\\/21\\\/incontro-a-verbania-per-le-province-alpine-di-belluno-sondrio-e-vco-a-dicembre-un-tavolo-tecnico-per-avanzare-proposte-a-roma-sulla-compartecipazione-fiscale\\\/#breadcrumb\",\"itemListElement\":[{\"@type\":\"ListItem\",\"position\":1,\"name\":\"Home\",\"item\":\"https:\\\/\\\/www.bellunopress.it\\\/\"},{\"@type\":\"ListItem\",\"position\":2,\"name\":\"Incontro a Verbania per le Province alpine di Belluno, Sondrio e VCO. A dicembre un tavolo tecnico per avanzare proposte a Roma sulla compartecipazione fiscale\"}]},{\"@type\":\"WebSite\",\"@id\":\"https:\\\/\\\/www.bellunopress.it\\\/#website\",\"url\":\"https:\\\/\\\/www.bellunopress.it\\\/\",\"name\":\"Bellunopress - Dolomiti\",\"description\":\"e-mail: redazione@bellunopress.it\",\"publisher\":{\"@id\":\"https:\\\/\\\/www.bellunopress.it\\\/#organization\"},\"potentialAction\":[{\"@type\":\"SearchAction\",\"target\":{\"@type\":\"EntryPoint\",\"urlTemplate\":\"https:\\\/\\\/www.bellunopress.it\\\/?s={search_term_string}\"},\"query-input\":{\"@type\":\"PropertyValueSpecification\",\"valueRequired\":true,\"valueName\":\"search_term_string\"}}],\"inLanguage\":\"fr-FR\"},{\"@type\":\"Organization\",\"@id\":\"https:\\\/\\\/www.bellunopress.it\\\/#organization\",\"name\":\"Bellunopress\",\"url\":\"https:\\\/\\\/www.bellunopress.it\\\/\",\"logo\":{\"@type\":\"ImageObject\",\"inLanguage\":\"fr-FR\",\"@id\":\"https:\\\/\\\/www.bellunopress.it\\\/#\\\/schema\\\/logo\\\/image\\\/\",\"url\":\"https:\\\/\\\/www.bellunopress.it\\\/wp-content\\\/uploads\\\/2011\\\/05\\\/cropped-logo-bellunopress-.jpg\",\"contentUrl\":\"https:\\\/\\\/www.bellunopress.it\\\/wp-content\\\/uploads\\\/2011\\\/05\\\/cropped-logo-bellunopress-.jpg\",\"width\":512,\"height\":512,\"caption\":\"Bellunopress\"},\"image\":{\"@id\":\"https:\\\/\\\/www.bellunopress.it\\\/#\\\/schema\\\/logo\\\/image\\\/\"},\"sameAs\":[\"https:\\\/\\\/www.facebook.com\\\/profile.php?id=100008943462799\",\"https:\\\/\\\/x.com\\\/bellunopress\",\"https:\\\/\\\/www.linkedin.com\\\/hp\\\/?dnr=JBzUWaJfMUw8vbXJJ2tVW5-I3jZKvC4wsoxE&amp;amp;amp;amp;amp;amp;trk=nav_responsive_tab_home\",\"https:\\\/\\\/www.youtube.com\\\/channel\\\/UCxL0wu1uN0_3_7hGG0306cw\"]},{\"@type\":\"Person\",\"@id\":\"https:\\\/\\\/www.bellunopress.it\\\/#\\\/schema\\\/person\\\/79bb06722b37ece1c03d3e94beb30d73\",\"name\":\"redazione\",\"image\":{\"@type\":\"ImageObject\",\"inLanguage\":\"fr-FR\",\"@id\":\"https:\\\/\\\/secure.gravatar.com\\\/avatar\\\/37d968a2e67a6fd04c169c4bdef102d0bc5d31b2546345219e348575eb80e9a0?s=96&d=mm&r=g\",\"url\":\"https:\\\/\\\/secure.gravatar.com\\\/avatar\\\/37d968a2e67a6fd04c169c4bdef102d0bc5d31b2546345219e348575eb80e9a0?s=96&d=mm&r=g\",\"contentUrl\":\"https:\\\/\\\/secure.gravatar.com\\\/avatar\\\/37d968a2e67a6fd04c169c4bdef102d0bc5d31b2546345219e348575eb80e9a0?s=96&d=mm&r=g\",\"caption\":\"redazione\"},\"sameAs\":[\"http:\\\/\\\/www.bellunopress.it\",\"https:\\\/\\\/x.com\\\/bellunopress\"],\"url\":\"https:\\\/\\\/www.bellunopress.it\\\/fr\\\/author\\\/redazione\\\/\"}]}<\/script>\n<!-- \/ Yoast SEO plugin. -->","yoast_head_json":{"title":"Incontro a Verbania per le Province alpine di Belluno, Sondrio e VCO. A dicembre un tavolo tecnico per avanzare proposte a Roma sulla compartecipazione fiscale - Bellunopress - Dolomiti","robots":{"index":"index","follow":"follow","max-snippet":"max-snippet:-1","max-image-preview":"max-image-preview:large","max-video-preview":"max-video-preview:-1"},"canonical":"https:\/\/www.bellunopress.it\/fr\/2009\/11\/21\/incontro-a-verbania-per-le-province-alpine-di-belluno-sondrio-e-vco-a-dicembre-un-tavolo-tecnico-per-avanzare-proposte-a-roma-sulla-compartecipazione-fiscale\/","og_locale":"fr_FR","og_type":"article","og_title":"Incontro a Verbania per le Province alpine di Belluno, Sondrio e VCO. A dicembre un tavolo tecnico per avanzare proposte a Roma sulla compartecipazione fiscale - Bellunopress - Dolomiti","og_description":"Le tre Province alpine di Belluno, Sondrio e Verbano Cusio Ossola sono tornate a confrontarsi con la riunione tenutasi oggi a Verbania. Si \u00e8 trattato di un incontro successivo a quello dello scorso agosto e precedente quello pi\u00f9 tecnico, gi\u00e0 fissato per met\u00e0 dicembre. Un gemellaggio tra realt\u00e0 territoriali molti simili per dimensioni, densit\u00e0 demografica, [&hellip;]","og_url":"https:\/\/www.bellunopress.it\/fr\/2009\/11\/21\/incontro-a-verbania-per-le-province-alpine-di-belluno-sondrio-e-vco-a-dicembre-un-tavolo-tecnico-per-avanzare-proposte-a-roma-sulla-compartecipazione-fiscale\/","og_site_name":"Bellunopress - Dolomiti","article_publisher":"https:\/\/www.facebook.com\/profile.php?id=100008943462799","article_published_time":"2009-11-21T00:11:46+00:00","og_image":[{"url":"http:\/\/www.bellunopress.it\/wp-content\/uploads\/2009\/11\/tavolo-riunione-belluno-sondrio-vco.jpg","type":"","width":"","height":""}],"author":"redazione","twitter_card":"summary_large_image","twitter_creator":"@bellunopress","twitter_site":"@bellunopress","twitter_misc":{"\u00c9crit par":"redazione","Dur\u00e9e de lecture estim\u00e9e":"1 minute"},"schema":{"@context":"https:\/\/schema.org","@graph":[{"@type":"Article","@id":"https:\/\/www.bellunopress.it\/2009\/11\/21\/incontro-a-verbania-per-le-province-alpine-di-belluno-sondrio-e-vco-a-dicembre-un-tavolo-tecnico-per-avanzare-proposte-a-roma-sulla-compartecipazione-fiscale\/#article","isPartOf":{"@id":"https:\/\/www.bellunopress.it\/2009\/11\/21\/incontro-a-verbania-per-le-province-alpine-di-belluno-sondrio-e-vco-a-dicembre-un-tavolo-tecnico-per-avanzare-proposte-a-roma-sulla-compartecipazione-fiscale\/"},"author":{"name":"redazione","@id":"https:\/\/www.bellunopress.it\/#\/schema\/person\/79bb06722b37ece1c03d3e94beb30d73"},"headline":"Incontro a Verbania per le Province alpine di Belluno, Sondrio e VCO. A dicembre un tavolo tecnico per avanzare proposte a Roma sulla compartecipazione fiscale","datePublished":"2009-11-21T00:11:46+00:00","mainEntityOfPage":{"@id":"https:\/\/www.bellunopress.it\/2009\/11\/21\/incontro-a-verbania-per-le-province-alpine-di-belluno-sondrio-e-vco-a-dicembre-un-tavolo-tecnico-per-avanzare-proposte-a-roma-sulla-compartecipazione-fiscale\/"},"wordCount":319,"publisher":{"@id":"https:\/\/www.bellunopress.it\/#organization"},"image":{"@id":"https:\/\/www.bellunopress.it\/2009\/11\/21\/incontro-a-verbania-per-le-province-alpine-di-belluno-sondrio-e-vco-a-dicembre-un-tavolo-tecnico-per-avanzare-proposte-a-roma-sulla-compartecipazione-fiscale\/#primaryimage"},"thumbnailUrl":"http:\/\/www.bellunopress.it\/wp-content\/uploads\/2009\/11\/tavolo-riunione-belluno-sondrio-vco.jpg","keywords":["Belluno"],"articleSection":["Cronaca\/Politica"],"inLanguage":"fr-FR"},{"@type":"WebPage","@id":"https:\/\/www.bellunopress.it\/2009\/11\/21\/incontro-a-verbania-per-le-province-alpine-di-belluno-sondrio-e-vco-a-dicembre-un-tavolo-tecnico-per-avanzare-proposte-a-roma-sulla-compartecipazione-fiscale\/","url":"https:\/\/www.bellunopress.it\/2009\/11\/21\/incontro-a-verbania-per-le-province-alpine-di-belluno-sondrio-e-vco-a-dicembre-un-tavolo-tecnico-per-avanzare-proposte-a-roma-sulla-compartecipazione-fiscale\/","name":"Incontro a Verbania per le Province alpine di Belluno, Sondrio e VCO. A dicembre un tavolo tecnico per avanzare proposte a Roma sulla compartecipazione fiscale - Bellunopress - Dolomiti","isPartOf":{"@id":"https:\/\/www.bellunopress.it\/#website"},"primaryImageOfPage":{"@id":"https:\/\/www.bellunopress.it\/2009\/11\/21\/incontro-a-verbania-per-le-province-alpine-di-belluno-sondrio-e-vco-a-dicembre-un-tavolo-tecnico-per-avanzare-proposte-a-roma-sulla-compartecipazione-fiscale\/#primaryimage"},"image":{"@id":"https:\/\/www.bellunopress.it\/2009\/11\/21\/incontro-a-verbania-per-le-province-alpine-di-belluno-sondrio-e-vco-a-dicembre-un-tavolo-tecnico-per-avanzare-proposte-a-roma-sulla-compartecipazione-fiscale\/#primaryimage"},"thumbnailUrl":"http:\/\/www.bellunopress.it\/wp-content\/uploads\/2009\/11\/tavolo-riunione-belluno-sondrio-vco.jpg","datePublished":"2009-11-21T00:11:46+00:00","breadcrumb":{"@id":"https:\/\/www.bellunopress.it\/2009\/11\/21\/incontro-a-verbania-per-le-province-alpine-di-belluno-sondrio-e-vco-a-dicembre-un-tavolo-tecnico-per-avanzare-proposte-a-roma-sulla-compartecipazione-fiscale\/#breadcrumb"},"inLanguage":"fr-FR","potentialAction":[{"@type":"ReadAction","target":["https:\/\/www.bellunopress.it\/2009\/11\/21\/incontro-a-verbania-per-le-province-alpine-di-belluno-sondrio-e-vco-a-dicembre-un-tavolo-tecnico-per-avanzare-proposte-a-roma-sulla-compartecipazione-fiscale\/"]}]},{"@type":"ImageObject","inLanguage":"fr-FR","@id":"https:\/\/www.bellunopress.it\/2009\/11\/21\/incontro-a-verbania-per-le-province-alpine-di-belluno-sondrio-e-vco-a-dicembre-un-tavolo-tecnico-per-avanzare-proposte-a-roma-sulla-compartecipazione-fiscale\/#primaryimage","url":"http:\/\/www.bellunopress.it\/wp-content\/uploads\/2009\/11\/tavolo-riunione-belluno-sondrio-vco.jpg","contentUrl":"http:\/\/www.bellunopress.it\/wp-content\/uploads\/2009\/11\/tavolo-riunione-belluno-sondrio-vco.jpg"},{"@type":"BreadcrumbList","@id":"https:\/\/www.bellunopress.it\/2009\/11\/21\/incontro-a-verbania-per-le-province-alpine-di-belluno-sondrio-e-vco-a-dicembre-un-tavolo-tecnico-per-avanzare-proposte-a-roma-sulla-compartecipazione-fiscale\/#breadcrumb","itemListElement":[{"@type":"ListItem","position":1,"name":"Home","item":"https:\/\/www.bellunopress.it\/"},{"@type":"ListItem","position":2,"name":"Incontro a Verbania per le Province alpine di Belluno, Sondrio e VCO. A dicembre un tavolo tecnico per avanzare proposte a Roma sulla compartecipazione fiscale"}]},{"@type":"WebSite","@id":"https:\/\/www.bellunopress.it\/#website","url":"https:\/\/www.bellunopress.it\/","name":"Bellunopress - Dolomiti","description":"e-mail: redazione@bellunopress.it","publisher":{"@id":"https:\/\/www.bellunopress.it\/#organization"},"potentialAction":[{"@type":"SearchAction","target":{"@type":"EntryPoint","urlTemplate":"https:\/\/www.bellunopress.it\/?s={search_term_string}"},"query-input":{"@type":"PropertyValueSpecification","valueRequired":true,"valueName":"search_term_string"}}],"inLanguage":"fr-FR"},{"@type":"Organization","@id":"https:\/\/www.bellunopress.it\/#organization","name":"Bellunopress","url":"https:\/\/www.bellunopress.it\/","logo":{"@type":"ImageObject","inLanguage":"fr-FR","@id":"https:\/\/www.bellunopress.it\/#\/schema\/logo\/image\/","url":"https:\/\/www.bellunopress.it\/wp-content\/uploads\/2011\/05\/cropped-logo-bellunopress-.jpg","contentUrl":"https:\/\/www.bellunopress.it\/wp-content\/uploads\/2011\/05\/cropped-logo-bellunopress-.jpg","width":512,"height":512,"caption":"Bellunopress"},"image":{"@id":"https:\/\/www.bellunopress.it\/#\/schema\/logo\/image\/"},"sameAs":["https:\/\/www.facebook.com\/profile.php?id=100008943462799","https:\/\/x.com\/bellunopress","https:\/\/www.linkedin.com\/hp\/?dnr=JBzUWaJfMUw8vbXJJ2tVW5-I3jZKvC4wsoxE&amp;amp;amp;amp;amp;amp;trk=nav_responsive_tab_home","https:\/\/www.youtube.com\/channel\/UCxL0wu1uN0_3_7hGG0306cw"]},{"@type":"Person","@id":"https:\/\/www.bellunopress.it\/#\/schema\/person\/79bb06722b37ece1c03d3e94beb30d73","name":"r\u00e9daction","image":{"@type":"ImageObject","inLanguage":"fr-FR","@id":"https:\/\/secure.gravatar.com\/avatar\/37d968a2e67a6fd04c169c4bdef102d0bc5d31b2546345219e348575eb80e9a0?s=96&d=mm&r=g","url":"https:\/\/secure.gravatar.com\/avatar\/37d968a2e67a6fd04c169c4bdef102d0bc5d31b2546345219e348575eb80e9a0?s=96&d=mm&r=g","contentUrl":"https:\/\/secure.gravatar.com\/avatar\/37d968a2e67a6fd04c169c4bdef102d0bc5d31b2546345219e348575eb80e9a0?s=96&d=mm&r=g","caption":"redazione"},"sameAs":["http:\/\/www.bellunopress.it","https:\/\/x.com\/bellunopress"],"url":"https:\/\/www.bellunopress.it\/fr\/author\/redazione\/"}]}},"_links":{"self":[{"href":"https:\/\/www.bellunopress.it\/fr\/wp-json\/wp\/v2\/posts\/9953","targetHints":{"allow":["GET"]}}],"collection":[{"href":"https:\/\/www.bellunopress.it\/fr\/wp-json\/wp\/v2\/posts"}],"about":[{"href":"https:\/\/www.bellunopress.it\/fr\/wp-json\/wp\/v2\/types\/post"}],"author":[{"embeddable":true,"href":"https:\/\/www.bellunopress.it\/fr\/wp-json\/wp\/v2\/users\/2"}],"replies":[{"embeddable":true,"href":"https:\/\/www.bellunopress.it\/fr\/wp-json\/wp\/v2\/comments?post=9953"}],"version-history":[{"count":1,"href":"https:\/\/www.bellunopress.it\/fr\/wp-json\/wp\/v2\/posts\/9953\/revisions"}],"predecessor-version":[{"id":9955,"href":"https:\/\/www.bellunopress.it\/fr\/wp-json\/wp\/v2\/posts\/9953\/revisions\/9955"}],"wp:attachment":[{"href":"https:\/\/www.bellunopress.it\/fr\/wp-json\/wp\/v2\/media?parent=9953"}],"wp:term":[{"taxonomy":"category","embeddable":true,"href":"https:\/\/www.bellunopress.it\/fr\/wp-json\/wp\/v2\/categories?post=9953"},{"taxonomy":"post_tag","embeddable":true,"href":"https:\/\/www.bellunopress.it\/fr\/wp-json\/wp\/v2\/tags?post=9953"}],"curies":[{"name":"wp","href":"https:\/\/api.w.org\/{rel}","templated":true}]}}