{"id":9951,"date":"2009-11-21T01:04:17","date_gmt":"2009-11-21T00:04:17","guid":{"rendered":"http:\/\/www.bellunopress.it\/?p=9951"},"modified":"2009-11-21T01:04:17","modified_gmt":"2009-11-21T00:04:17","slug":"domenica-esercitazione-di-emergenza-nella-galleria-monte-zucco-linea-ferroviaria-belluno-calalzo","status":"publish","type":"post","link":"https:\/\/www.bellunopress.it\/fr\/2009\/11\/21\/domenica-esercitazione-di-emergenza-nella-galleria-monte-zucco-linea-ferroviaria-belluno-calalzo\/","title":{"rendered":"Domenica esercitazione di emergenza nella galleria &#8220;Monte Zucco&#8221; linea ferroviaria Belluno-Calalzo"},"content":{"rendered":"<p>Domenica 22 novembre, dalle 10.20 alle 12.00, si svolger\u00e0 nel tunnel di \u201cMonte Zucco\u201d (lunghezza 2,9 km nel comune di Perarolo di Cadore), sulla linea Belluno-Calalzo, una simulazione per testare le procedure previste dal \u201cProtocollo per la gestione della emergenza in linea in caso di soccorso sanitario\u201d.\u00a0 Nell\u2019intervallo di tempo non ci saranno treni in circolazione. <a href=\"http:\/\/www.bellunopress.it\/wp-content\/uploads\/2009\/07\/treno.jpg\"><img loading=\"lazy\" decoding=\"async\" class=\"alignleft size-medium wp-image-5882\" title=\"treno\" src=\"http:\/\/www.bellunopress.it\/wp-content\/uploads\/2009\/07\/treno.jpg\" alt=\"\" width=\"240\" height=\"180\" \/><\/a>Lo scenario dell\u2019esercitazione prevede l\u2019arresto di un treno passeggeri nella galleria e la richiesta di soccorso da parte del capotreno per malore del macchinista. Un treno straordinario, con a bordo viaggiatori figuranti partir\u00e0 da Calalzo alle 10.22 con arrivo previsto a Perarolo alle 10.34. Dopo la partenza il Capotreno si sposter\u00e0 nella vettura per la controlleria. Alle 10.27 il treno si fermer\u00e0 per l\u2019azionamento della frenatura di emergenza dopo aver percorso 200 metri in galleria. Il capotreno, dopo essersi accertato del malore del macchinista, attiver\u00e0 le procedure previste, prestando assistenza anche ai viaggiatori. Inizieranno quindi le operazioni di soccorso con l\u2019intervento del personale del Gruppo FS, del SUEM (Soccorso Urgenza ed Emergenza Medica) e dei Vigili del Fuoco di Belluno. A fine emergenza il treno riprender\u00e0 la sua regolare marcia verso Belluno. Durante l\u2019esercitazione particolare attenzione sar\u00e0 posta alla verifica delle procedure interne di gestione delle emergenze e delle attivit\u00e0 di coordinamento con gli organi di soccorso pubblico. La simulazione, che fa parte delle attivit\u00e0 previste per incrementare gli standard di sicurezza nei luoghi di lavoro e la tutela delle persone, delle cose e dell\u2019ambiente, avr\u00e0 il compito di testare le procedure di primo intervento. All\u2019esercitazione parteciper\u00e0, oltre il personale del Gruppo FS, la Polizia Ferroviaria di Venezia e le Forze di Polizia, CNSAS (Corpo Nazionale del Soccorso Alpino e Speleologico), la Protezione Civile, i Vigili del Fuoco ed il SUEM di Belluno.<\/p>","protected":false},"excerpt":{"rendered":"<p>Domenica 22 novembre, dalle 10.20 alle 12.00, si svolger\u00e0 nel tunnel di \u201cMonte Zucco\u201d (lunghezza 2,9 km nel comune di Perarolo di Cadore), sulla linea Belluno-Calalzo, una simulazione per testare le procedure previste dal \u201cProtocollo per la gestione della emergenza in linea in caso di soccorso sanitario\u201d.\u00a0 Nell\u2019intervallo di tempo non ci saranno treni in [&hellip;]<\/p>\n","protected":false},"author":2,"featured_media":0,"comment_status":"closed","ping_status":"open","sticky":false,"template":"","format":"standard","meta":{"footnotes":""},"categories":[5,26],"tags":[139,151],"class_list":["post-9951","post","type-post","status-publish","format-standard","category-cronaca","category-prima-pagina","tag-belluno","tag-cadore"],"yoast_head":"<!-- This site is optimized with the Yoast SEO plugin v28.4 - https:\/\/yoast.com\/product\/yoast-seo-wordpress\/ -->\n<title>Domenica esercitazione di emergenza nella galleria &quot;Monte Zucco&quot; linea ferroviaria Belluno-Calalzo - Bellunopress - Dolomiti<\/title>\n<meta name=\"robots\" content=\"index, follow, max-snippet:-1, max-image-preview:large, max-video-preview:-1\" \/>\n<link rel=\"canonical\" href=\"https:\/\/www.bellunopress.it\/fr\/2009\/11\/21\/domenica-esercitazione-di-emergenza-nella-galleria-monte-zucco-linea-ferroviaria-belluno-calalzo\/\" \/>\n<meta property=\"og:locale\" content=\"fr_FR\" \/>\n<meta property=\"og:type\" content=\"article\" \/>\n<meta property=\"og:title\" content=\"Domenica esercitazione di emergenza nella galleria &quot;Monte Zucco&quot; linea ferroviaria Belluno-Calalzo - Bellunopress - Dolomiti\" \/>\n<meta property=\"og:description\" content=\"Domenica 22 novembre, dalle 10.20 alle 12.00, si svolger\u00e0 nel tunnel di \u201cMonte Zucco\u201d (lunghezza 2,9 km nel comune di Perarolo di Cadore), sulla linea Belluno-Calalzo, una simulazione per testare le procedure previste dal \u201cProtocollo per la gestione della emergenza in linea in caso di soccorso sanitario\u201d.\u00a0 Nell\u2019intervallo di tempo non ci saranno treni in [&hellip;]\" \/>\n<meta property=\"og:url\" content=\"https:\/\/www.bellunopress.it\/fr\/2009\/11\/21\/domenica-esercitazione-di-emergenza-nella-galleria-monte-zucco-linea-ferroviaria-belluno-calalzo\/\" \/>\n<meta property=\"og:site_name\" content=\"Bellunopress - Dolomiti\" \/>\n<meta property=\"article:publisher\" content=\"https:\/\/www.facebook.com\/profile.php?id=100008943462799\" \/>\n<meta property=\"article:published_time\" content=\"2009-11-21T00:04:17+00:00\" \/>\n<meta property=\"og:image\" content=\"http:\/\/www.bellunopress.it\/wp-content\/uploads\/2009\/07\/treno.jpg\" \/>\n<meta name=\"author\" content=\"redazione\" \/>\n<meta name=\"twitter:card\" content=\"summary_large_image\" \/>\n<meta name=\"twitter:creator\" content=\"@bellunopress\" \/>\n<meta name=\"twitter:site\" content=\"@bellunopress\" \/>\n<meta name=\"twitter:label1\" content=\"\u00c9crit par\" \/>\n\t<meta name=\"twitter:data1\" content=\"redazione\" \/>\n\t<meta name=\"twitter:label2\" content=\"Dur\u00e9e de lecture estim\u00e9e\" \/>\n\t<meta name=\"twitter:data2\" content=\"1 minute\" \/>\n<script type=\"application\/ld+json\" class=\"yoast-schema-graph\">{\"@context\":\"https:\\\/\\\/schema.org\",\"@graph\":[{\"@type\":\"Article\",\"@id\":\"https:\\\/\\\/www.bellunopress.it\\\/2009\\\/11\\\/21\\\/domenica-esercitazione-di-emergenza-nella-galleria-monte-zucco-linea-ferroviaria-belluno-calalzo\\\/#article\",\"isPartOf\":{\"@id\":\"https:\\\/\\\/www.bellunopress.it\\\/2009\\\/11\\\/21\\\/domenica-esercitazione-di-emergenza-nella-galleria-monte-zucco-linea-ferroviaria-belluno-calalzo\\\/\"},\"author\":{\"name\":\"redazione\",\"@id\":\"https:\\\/\\\/www.bellunopress.it\\\/#\\\/schema\\\/person\\\/79bb06722b37ece1c03d3e94beb30d73\"},\"headline\":\"Domenica esercitazione di emergenza nella galleria &#8220;Monte Zucco&#8221; linea ferroviaria Belluno-Calalzo\",\"datePublished\":\"2009-11-21T00:04:17+00:00\",\"mainEntityOfPage\":{\"@id\":\"https:\\\/\\\/www.bellunopress.it\\\/2009\\\/11\\\/21\\\/domenica-esercitazione-di-emergenza-nella-galleria-monte-zucco-linea-ferroviaria-belluno-calalzo\\\/\"},\"wordCount\":300,\"publisher\":{\"@id\":\"https:\\\/\\\/www.bellunopress.it\\\/#organization\"},\"image\":{\"@id\":\"https:\\\/\\\/www.bellunopress.it\\\/2009\\\/11\\\/21\\\/domenica-esercitazione-di-emergenza-nella-galleria-monte-zucco-linea-ferroviaria-belluno-calalzo\\\/#primaryimage\"},\"thumbnailUrl\":\"http:\\\/\\\/www.bellunopress.it\\\/wp-content\\\/uploads\\\/2009\\\/07\\\/treno.jpg\",\"keywords\":[\"Belluno\",\"Cadore\"],\"articleSection\":[\"Cronaca\\\/Politica\",\"Prima Pagina\"],\"inLanguage\":\"fr-FR\"},{\"@type\":\"WebPage\",\"@id\":\"https:\\\/\\\/www.bellunopress.it\\\/2009\\\/11\\\/21\\\/domenica-esercitazione-di-emergenza-nella-galleria-monte-zucco-linea-ferroviaria-belluno-calalzo\\\/\",\"url\":\"https:\\\/\\\/www.bellunopress.it\\\/2009\\\/11\\\/21\\\/domenica-esercitazione-di-emergenza-nella-galleria-monte-zucco-linea-ferroviaria-belluno-calalzo\\\/\",\"name\":\"Domenica esercitazione di emergenza nella galleria \\\"Monte Zucco\\\" linea ferroviaria Belluno-Calalzo - Bellunopress - Dolomiti\",\"isPartOf\":{\"@id\":\"https:\\\/\\\/www.bellunopress.it\\\/#website\"},\"primaryImageOfPage\":{\"@id\":\"https:\\\/\\\/www.bellunopress.it\\\/2009\\\/11\\\/21\\\/domenica-esercitazione-di-emergenza-nella-galleria-monte-zucco-linea-ferroviaria-belluno-calalzo\\\/#primaryimage\"},\"image\":{\"@id\":\"https:\\\/\\\/www.bellunopress.it\\\/2009\\\/11\\\/21\\\/domenica-esercitazione-di-emergenza-nella-galleria-monte-zucco-linea-ferroviaria-belluno-calalzo\\\/#primaryimage\"},\"thumbnailUrl\":\"http:\\\/\\\/www.bellunopress.it\\\/wp-content\\\/uploads\\\/2009\\\/07\\\/treno.jpg\",\"datePublished\":\"2009-11-21T00:04:17+00:00\",\"breadcrumb\":{\"@id\":\"https:\\\/\\\/www.bellunopress.it\\\/2009\\\/11\\\/21\\\/domenica-esercitazione-di-emergenza-nella-galleria-monte-zucco-linea-ferroviaria-belluno-calalzo\\\/#breadcrumb\"},\"inLanguage\":\"fr-FR\",\"potentialAction\":[{\"@type\":\"ReadAction\",\"target\":[\"https:\\\/\\\/www.bellunopress.it\\\/2009\\\/11\\\/21\\\/domenica-esercitazione-di-emergenza-nella-galleria-monte-zucco-linea-ferroviaria-belluno-calalzo\\\/\"]}]},{\"@type\":\"ImageObject\",\"inLanguage\":\"fr-FR\",\"@id\":\"https:\\\/\\\/www.bellunopress.it\\\/2009\\\/11\\\/21\\\/domenica-esercitazione-di-emergenza-nella-galleria-monte-zucco-linea-ferroviaria-belluno-calalzo\\\/#primaryimage\",\"url\":\"http:\\\/\\\/www.bellunopress.it\\\/wp-content\\\/uploads\\\/2009\\\/07\\\/treno.jpg\",\"contentUrl\":\"http:\\\/\\\/www.bellunopress.it\\\/wp-content\\\/uploads\\\/2009\\\/07\\\/treno.jpg\"},{\"@type\":\"BreadcrumbList\",\"@id\":\"https:\\\/\\\/www.bellunopress.it\\\/2009\\\/11\\\/21\\\/domenica-esercitazione-di-emergenza-nella-galleria-monte-zucco-linea-ferroviaria-belluno-calalzo\\\/#breadcrumb\",\"itemListElement\":[{\"@type\":\"ListItem\",\"position\":1,\"name\":\"Home\",\"item\":\"https:\\\/\\\/www.bellunopress.it\\\/\"},{\"@type\":\"ListItem\",\"position\":2,\"name\":\"Domenica esercitazione di emergenza nella galleria &#8220;Monte Zucco&#8221; linea ferroviaria Belluno-Calalzo\"}]},{\"@type\":\"WebSite\",\"@id\":\"https:\\\/\\\/www.bellunopress.it\\\/#website\",\"url\":\"https:\\\/\\\/www.bellunopress.it\\\/\",\"name\":\"Bellunopress - Dolomiti\",\"description\":\"e-mail: redazione@bellunopress.it\",\"publisher\":{\"@id\":\"https:\\\/\\\/www.bellunopress.it\\\/#organization\"},\"potentialAction\":[{\"@type\":\"SearchAction\",\"target\":{\"@type\":\"EntryPoint\",\"urlTemplate\":\"https:\\\/\\\/www.bellunopress.it\\\/?s={search_term_string}\"},\"query-input\":{\"@type\":\"PropertyValueSpecification\",\"valueRequired\":true,\"valueName\":\"search_term_string\"}}],\"inLanguage\":\"fr-FR\"},{\"@type\":\"Organization\",\"@id\":\"https:\\\/\\\/www.bellunopress.it\\\/#organization\",\"name\":\"Bellunopress\",\"url\":\"https:\\\/\\\/www.bellunopress.it\\\/\",\"logo\":{\"@type\":\"ImageObject\",\"inLanguage\":\"fr-FR\",\"@id\":\"https:\\\/\\\/www.bellunopress.it\\\/#\\\/schema\\\/logo\\\/image\\\/\",\"url\":\"https:\\\/\\\/www.bellunopress.it\\\/wp-content\\\/uploads\\\/2011\\\/05\\\/cropped-logo-bellunopress-.jpg\",\"contentUrl\":\"https:\\\/\\\/www.bellunopress.it\\\/wp-content\\\/uploads\\\/2011\\\/05\\\/cropped-logo-bellunopress-.jpg\",\"width\":512,\"height\":512,\"caption\":\"Bellunopress\"},\"image\":{\"@id\":\"https:\\\/\\\/www.bellunopress.it\\\/#\\\/schema\\\/logo\\\/image\\\/\"},\"sameAs\":[\"https:\\\/\\\/www.facebook.com\\\/profile.php?id=100008943462799\",\"https:\\\/\\\/x.com\\\/bellunopress\",\"https:\\\/\\\/www.linkedin.com\\\/hp\\\/?dnr=JBzUWaJfMUw8vbXJJ2tVW5-I3jZKvC4wsoxE&amp;amp;amp;amp;amp;amp;trk=nav_responsive_tab_home\",\"https:\\\/\\\/www.youtube.com\\\/channel\\\/UCxL0wu1uN0_3_7hGG0306cw\"]},{\"@type\":\"Person\",\"@id\":\"https:\\\/\\\/www.bellunopress.it\\\/#\\\/schema\\\/person\\\/79bb06722b37ece1c03d3e94beb30d73\",\"name\":\"redazione\",\"image\":{\"@type\":\"ImageObject\",\"inLanguage\":\"fr-FR\",\"@id\":\"https:\\\/\\\/secure.gravatar.com\\\/avatar\\\/37d968a2e67a6fd04c169c4bdef102d0bc5d31b2546345219e348575eb80e9a0?s=96&d=mm&r=g\",\"url\":\"https:\\\/\\\/secure.gravatar.com\\\/avatar\\\/37d968a2e67a6fd04c169c4bdef102d0bc5d31b2546345219e348575eb80e9a0?s=96&d=mm&r=g\",\"contentUrl\":\"https:\\\/\\\/secure.gravatar.com\\\/avatar\\\/37d968a2e67a6fd04c169c4bdef102d0bc5d31b2546345219e348575eb80e9a0?s=96&d=mm&r=g\",\"caption\":\"redazione\"},\"sameAs\":[\"http:\\\/\\\/www.bellunopress.it\",\"https:\\\/\\\/x.com\\\/bellunopress\"],\"url\":\"https:\\\/\\\/www.bellunopress.it\\\/fr\\\/author\\\/redazione\\\/\"}]}<\/script>\n<!-- \/ Yoast SEO plugin. -->","yoast_head_json":{"title":"Domenica esercitazione di emergenza nella galleria \"Monte Zucco\" linea ferroviaria Belluno-Calalzo - Bellunopress - Dolomiti","robots":{"index":"index","follow":"follow","max-snippet":"max-snippet:-1","max-image-preview":"max-image-preview:large","max-video-preview":"max-video-preview:-1"},"canonical":"https:\/\/www.bellunopress.it\/fr\/2009\/11\/21\/domenica-esercitazione-di-emergenza-nella-galleria-monte-zucco-linea-ferroviaria-belluno-calalzo\/","og_locale":"fr_FR","og_type":"article","og_title":"Domenica esercitazione di emergenza nella galleria \"Monte Zucco\" linea ferroviaria Belluno-Calalzo - Bellunopress - Dolomiti","og_description":"Domenica 22 novembre, dalle 10.20 alle 12.00, si svolger\u00e0 nel tunnel di \u201cMonte Zucco\u201d (lunghezza 2,9 km nel comune di Perarolo di Cadore), sulla linea Belluno-Calalzo, una simulazione per testare le procedure previste dal \u201cProtocollo per la gestione della emergenza in linea in caso di soccorso sanitario\u201d.\u00a0 Nell\u2019intervallo di tempo non ci saranno treni in [&hellip;]","og_url":"https:\/\/www.bellunopress.it\/fr\/2009\/11\/21\/domenica-esercitazione-di-emergenza-nella-galleria-monte-zucco-linea-ferroviaria-belluno-calalzo\/","og_site_name":"Bellunopress - Dolomiti","article_publisher":"https:\/\/www.facebook.com\/profile.php?id=100008943462799","article_published_time":"2009-11-21T00:04:17+00:00","og_image":[{"url":"http:\/\/www.bellunopress.it\/wp-content\/uploads\/2009\/07\/treno.jpg","type":"","width":"","height":""}],"author":"redazione","twitter_card":"summary_large_image","twitter_creator":"@bellunopress","twitter_site":"@bellunopress","twitter_misc":{"\u00c9crit par":"redazione","Dur\u00e9e de lecture estim\u00e9e":"1 minute"},"schema":{"@context":"https:\/\/schema.org","@graph":[{"@type":"Article","@id":"https:\/\/www.bellunopress.it\/2009\/11\/21\/domenica-esercitazione-di-emergenza-nella-galleria-monte-zucco-linea-ferroviaria-belluno-calalzo\/#article","isPartOf":{"@id":"https:\/\/www.bellunopress.it\/2009\/11\/21\/domenica-esercitazione-di-emergenza-nella-galleria-monte-zucco-linea-ferroviaria-belluno-calalzo\/"},"author":{"name":"redazione","@id":"https:\/\/www.bellunopress.it\/#\/schema\/person\/79bb06722b37ece1c03d3e94beb30d73"},"headline":"Domenica esercitazione di emergenza nella galleria &#8220;Monte Zucco&#8221; linea ferroviaria Belluno-Calalzo","datePublished":"2009-11-21T00:04:17+00:00","mainEntityOfPage":{"@id":"https:\/\/www.bellunopress.it\/2009\/11\/21\/domenica-esercitazione-di-emergenza-nella-galleria-monte-zucco-linea-ferroviaria-belluno-calalzo\/"},"wordCount":300,"publisher":{"@id":"https:\/\/www.bellunopress.it\/#organization"},"image":{"@id":"https:\/\/www.bellunopress.it\/2009\/11\/21\/domenica-esercitazione-di-emergenza-nella-galleria-monte-zucco-linea-ferroviaria-belluno-calalzo\/#primaryimage"},"thumbnailUrl":"http:\/\/www.bellunopress.it\/wp-content\/uploads\/2009\/07\/treno.jpg","keywords":["Belluno","Cadore"],"articleSection":["Cronaca\/Politica","Prima Pagina"],"inLanguage":"fr-FR"},{"@type":"WebPage","@id":"https:\/\/www.bellunopress.it\/2009\/11\/21\/domenica-esercitazione-di-emergenza-nella-galleria-monte-zucco-linea-ferroviaria-belluno-calalzo\/","url":"https:\/\/www.bellunopress.it\/2009\/11\/21\/domenica-esercitazione-di-emergenza-nella-galleria-monte-zucco-linea-ferroviaria-belluno-calalzo\/","name":"Domenica esercitazione di emergenza nella galleria \"Monte Zucco\" linea ferroviaria Belluno-Calalzo - Bellunopress - Dolomiti","isPartOf":{"@id":"https:\/\/www.bellunopress.it\/#website"},"primaryImageOfPage":{"@id":"https:\/\/www.bellunopress.it\/2009\/11\/21\/domenica-esercitazione-di-emergenza-nella-galleria-monte-zucco-linea-ferroviaria-belluno-calalzo\/#primaryimage"},"image":{"@id":"https:\/\/www.bellunopress.it\/2009\/11\/21\/domenica-esercitazione-di-emergenza-nella-galleria-monte-zucco-linea-ferroviaria-belluno-calalzo\/#primaryimage"},"thumbnailUrl":"http:\/\/www.bellunopress.it\/wp-content\/uploads\/2009\/07\/treno.jpg","datePublished":"2009-11-21T00:04:17+00:00","breadcrumb":{"@id":"https:\/\/www.bellunopress.it\/2009\/11\/21\/domenica-esercitazione-di-emergenza-nella-galleria-monte-zucco-linea-ferroviaria-belluno-calalzo\/#breadcrumb"},"inLanguage":"fr-FR","potentialAction":[{"@type":"ReadAction","target":["https:\/\/www.bellunopress.it\/2009\/11\/21\/domenica-esercitazione-di-emergenza-nella-galleria-monte-zucco-linea-ferroviaria-belluno-calalzo\/"]}]},{"@type":"ImageObject","inLanguage":"fr-FR","@id":"https:\/\/www.bellunopress.it\/2009\/11\/21\/domenica-esercitazione-di-emergenza-nella-galleria-monte-zucco-linea-ferroviaria-belluno-calalzo\/#primaryimage","url":"http:\/\/www.bellunopress.it\/wp-content\/uploads\/2009\/07\/treno.jpg","contentUrl":"http:\/\/www.bellunopress.it\/wp-content\/uploads\/2009\/07\/treno.jpg"},{"@type":"BreadcrumbList","@id":"https:\/\/www.bellunopress.it\/2009\/11\/21\/domenica-esercitazione-di-emergenza-nella-galleria-monte-zucco-linea-ferroviaria-belluno-calalzo\/#breadcrumb","itemListElement":[{"@type":"ListItem","position":1,"name":"Home","item":"https:\/\/www.bellunopress.it\/"},{"@type":"ListItem","position":2,"name":"Domenica esercitazione di emergenza nella galleria &#8220;Monte Zucco&#8221; linea ferroviaria Belluno-Calalzo"}]},{"@type":"WebSite","@id":"https:\/\/www.bellunopress.it\/#website","url":"https:\/\/www.bellunopress.it\/","name":"Bellunopress - Dolomiti","description":"e-mail: redazione@bellunopress.it","publisher":{"@id":"https:\/\/www.bellunopress.it\/#organization"},"potentialAction":[{"@type":"SearchAction","target":{"@type":"EntryPoint","urlTemplate":"https:\/\/www.bellunopress.it\/?s={search_term_string}"},"query-input":{"@type":"PropertyValueSpecification","valueRequired":true,"valueName":"search_term_string"}}],"inLanguage":"fr-FR"},{"@type":"Organization","@id":"https:\/\/www.bellunopress.it\/#organization","name":"Bellunopress","url":"https:\/\/www.bellunopress.it\/","logo":{"@type":"ImageObject","inLanguage":"fr-FR","@id":"https:\/\/www.bellunopress.it\/#\/schema\/logo\/image\/","url":"https:\/\/www.bellunopress.it\/wp-content\/uploads\/2011\/05\/cropped-logo-bellunopress-.jpg","contentUrl":"https:\/\/www.bellunopress.it\/wp-content\/uploads\/2011\/05\/cropped-logo-bellunopress-.jpg","width":512,"height":512,"caption":"Bellunopress"},"image":{"@id":"https:\/\/www.bellunopress.it\/#\/schema\/logo\/image\/"},"sameAs":["https:\/\/www.facebook.com\/profile.php?id=100008943462799","https:\/\/x.com\/bellunopress","https:\/\/www.linkedin.com\/hp\/?dnr=JBzUWaJfMUw8vbXJJ2tVW5-I3jZKvC4wsoxE&amp;amp;amp;amp;amp;amp;trk=nav_responsive_tab_home","https:\/\/www.youtube.com\/channel\/UCxL0wu1uN0_3_7hGG0306cw"]},{"@type":"Person","@id":"https:\/\/www.bellunopress.it\/#\/schema\/person\/79bb06722b37ece1c03d3e94beb30d73","name":"r\u00e9daction","image":{"@type":"ImageObject","inLanguage":"fr-FR","@id":"https:\/\/secure.gravatar.com\/avatar\/37d968a2e67a6fd04c169c4bdef102d0bc5d31b2546345219e348575eb80e9a0?s=96&d=mm&r=g","url":"https:\/\/secure.gravatar.com\/avatar\/37d968a2e67a6fd04c169c4bdef102d0bc5d31b2546345219e348575eb80e9a0?s=96&d=mm&r=g","contentUrl":"https:\/\/secure.gravatar.com\/avatar\/37d968a2e67a6fd04c169c4bdef102d0bc5d31b2546345219e348575eb80e9a0?s=96&d=mm&r=g","caption":"redazione"},"sameAs":["http:\/\/www.bellunopress.it","https:\/\/x.com\/bellunopress"],"url":"https:\/\/www.bellunopress.it\/fr\/author\/redazione\/"}]}},"_links":{"self":[{"href":"https:\/\/www.bellunopress.it\/fr\/wp-json\/wp\/v2\/posts\/9951","targetHints":{"allow":["GET"]}}],"collection":[{"href":"https:\/\/www.bellunopress.it\/fr\/wp-json\/wp\/v2\/posts"}],"about":[{"href":"https:\/\/www.bellunopress.it\/fr\/wp-json\/wp\/v2\/types\/post"}],"author":[{"embeddable":true,"href":"https:\/\/www.bellunopress.it\/fr\/wp-json\/wp\/v2\/users\/2"}],"replies":[{"embeddable":true,"href":"https:\/\/www.bellunopress.it\/fr\/wp-json\/wp\/v2\/comments?post=9951"}],"version-history":[{"count":1,"href":"https:\/\/www.bellunopress.it\/fr\/wp-json\/wp\/v2\/posts\/9951\/revisions"}],"predecessor-version":[{"id":9952,"href":"https:\/\/www.bellunopress.it\/fr\/wp-json\/wp\/v2\/posts\/9951\/revisions\/9952"}],"wp:attachment":[{"href":"https:\/\/www.bellunopress.it\/fr\/wp-json\/wp\/v2\/media?parent=9951"}],"wp:term":[{"taxonomy":"category","embeddable":true,"href":"https:\/\/www.bellunopress.it\/fr\/wp-json\/wp\/v2\/categories?post=9951"},{"taxonomy":"post_tag","embeddable":true,"href":"https:\/\/www.bellunopress.it\/fr\/wp-json\/wp\/v2\/tags?post=9951"}],"curies":[{"name":"wp","href":"https:\/\/api.w.org\/{rel}","templated":true}]}}