{"id":9939,"date":"2009-11-20T13:27:23","date_gmt":"2009-11-20T12:27:23","guid":{"rendered":"http:\/\/www.bellunopress.it\/?p=9939"},"modified":"2009-11-20T19:37:48","modified_gmt":"2009-11-20T18:37:48","slug":"casi-di-rabbia-la-regione-avvia-le-contromisure-per-circoscrivere-i-focolai","status":"publish","type":"post","link":"https:\/\/www.bellunopress.it\/fr\/2009\/11\/20\/casi-di-rabbia-la-regione-avvia-le-contromisure-per-circoscrivere-i-focolai\/","title":{"rendered":"Casi di rabbia: La Regione avvia le contromisure per circoscrivere i focolai"},"content":{"rendered":"<p><a href=\"http:\/\/www.bellunopress.it\/wp-content\/uploads\/2009\/10\/betty.jpg\"><img loading=\"lazy\" decoding=\"async\" class=\"alignleft size-medium wp-image-9087\" title=\"betty\" src=\"http:\/\/www.bellunopress.it\/wp-content\/uploads\/2009\/10\/betty-300x225.jpg\" alt=\"\" width=\"300\" height=\"225\" \/><\/a>Raccolta degli animali selvatici trovati morti, segnalazione di quelli che presentano sintomi che possano far pensare alla rabbia e una campagna di vaccinazione orale per le volpi. Sono queste le misure predisposte dal gruppo di lavoro della Regione del Veneto per il contenimento dell\u2019epidemia di rabbia silvestre che, dopo aver fatto la sua comparsi nel Friuli Venezia Giulia nell\u2019ottobre dello scorso anno, sta ora interessano anche il Veneto. Tre sono fino a questo momento i casi riscontrati, tutti nel bellunese:\u00a0 un cane positivo per rabbia il 17 novembre nel comune di Lozzo di Cadore\u00a0 e di due volpi nel comune di Longarone e Forno di Zoldo il 19 novembre 2009. Il gruppo di lavoro composto da rappresentanti dell\u2019Unit\u00e0 di progetto di Sanit\u00e0 animale e Igiene alimentare e di quella di Caccia e Pesca della Regione del Veneto, delle aziende sanitarie 1 e 2 di Belluno, e dall\u2019Istituto Zooprofilattico delle Venezie ha convenuto sulla necessit\u00e0 di sensibilizzare le autorit\u00e0 competenti nella raccolta degli animali selvatici trovati morti e di segnalare quelli con eventuale sintomatologia anomala come strumento per raccogliere in tempi brevi maggiori informazioni sulla presenza dell\u2019infezione nella popolazione selvatica del territorio regionale. E\u2019 stato inoltre deciso di attivate le procedure necessarie per la programmazione delle campagne di vaccinazione orale delle volpi. Ulteriori misure sono allo studio in funzione dell\u2019evoluzione della situazione epidemiologica della rabbia sul territorio regionale.\u00a0La Regione del Veneto ha anche sollecitato una riunione,\u00a0coordinata dal Ministero della Salute,\u00a0con le altre Regioni e Province Autonome confinanti per concordare le misure sanitarie di rispettiva competenza.<\/p>","protected":false},"excerpt":{"rendered":"<p>Raccolta degli animali selvatici trovati morti, segnalazione di quelli che presentano sintomi che possano far pensare alla rabbia e una campagna di vaccinazione orale per le volpi. Sono queste le misure predisposte dal gruppo di lavoro della Regione del Veneto per il contenimento dell\u2019epidemia di rabbia silvestre che, dopo aver fatto la sua comparsi nel [&hellip;]<\/p>\n","protected":false},"author":2,"featured_media":0,"comment_status":"closed","ping_status":"open","sticky":false,"template":"","format":"standard","meta":{"footnotes":""},"categories":[5,17],"tags":[3050],"class_list":["post-9939","post","type-post","status-publish","format-standard","category-cronaca","category-sanita","tag-sanita"],"yoast_head":"<!-- This site is optimized with the Yoast SEO plugin v28.4 - https:\/\/yoast.com\/product\/yoast-seo-wordpress\/ -->\n<title>Casi di rabbia: La Regione avvia le contromisure per circoscrivere i focolai - Bellunopress - Dolomiti<\/title>\n<meta name=\"robots\" content=\"index, follow, max-snippet:-1, max-image-preview:large, max-video-preview:-1\" \/>\n<link rel=\"canonical\" href=\"https:\/\/www.bellunopress.it\/fr\/2009\/11\/20\/casi-di-rabbia-la-regione-avvia-le-contromisure-per-circoscrivere-i-focolai\/\" \/>\n<meta property=\"og:locale\" content=\"fr_FR\" \/>\n<meta property=\"og:type\" content=\"article\" \/>\n<meta property=\"og:title\" content=\"Casi di rabbia: La Regione avvia le contromisure per circoscrivere i focolai - Bellunopress - Dolomiti\" \/>\n<meta property=\"og:description\" content=\"Raccolta degli animali selvatici trovati morti, segnalazione di quelli che presentano sintomi che possano far pensare alla rabbia e una campagna di vaccinazione orale per le volpi. Sono queste le misure predisposte dal gruppo di lavoro della Regione del Veneto per il contenimento dell\u2019epidemia di rabbia silvestre che, dopo aver fatto la sua comparsi nel [&hellip;]\" \/>\n<meta property=\"og:url\" content=\"https:\/\/www.bellunopress.it\/fr\/2009\/11\/20\/casi-di-rabbia-la-regione-avvia-le-contromisure-per-circoscrivere-i-focolai\/\" \/>\n<meta property=\"og:site_name\" content=\"Bellunopress - Dolomiti\" \/>\n<meta property=\"article:publisher\" content=\"https:\/\/www.facebook.com\/profile.php?id=100008943462799\" \/>\n<meta property=\"article:published_time\" content=\"2009-11-20T12:27:23+00:00\" \/>\n<meta property=\"article:modified_time\" content=\"2009-11-20T18:37:48+00:00\" \/>\n<meta property=\"og:image\" content=\"http:\/\/www.bellunopress.it\/wp-content\/uploads\/2009\/10\/betty-300x225.jpg\" \/>\n<meta name=\"author\" content=\"redazione\" \/>\n<meta name=\"twitter:card\" content=\"summary_large_image\" \/>\n<meta name=\"twitter:creator\" content=\"@bellunopress\" \/>\n<meta name=\"twitter:site\" content=\"@bellunopress\" \/>\n<meta name=\"twitter:label1\" content=\"\u00c9crit par\" \/>\n\t<meta name=\"twitter:data1\" content=\"redazione\" \/>\n\t<meta name=\"twitter:label2\" content=\"Dur\u00e9e de lecture estim\u00e9e\" \/>\n\t<meta name=\"twitter:data2\" content=\"1 minute\" \/>\n<script type=\"application\/ld+json\" class=\"yoast-schema-graph\">{\"@context\":\"https:\\\/\\\/schema.org\",\"@graph\":[{\"@type\":\"Article\",\"@id\":\"https:\\\/\\\/www.bellunopress.it\\\/2009\\\/11\\\/20\\\/casi-di-rabbia-la-regione-avvia-le-contromisure-per-circoscrivere-i-focolai\\\/#article\",\"isPartOf\":{\"@id\":\"https:\\\/\\\/www.bellunopress.it\\\/2009\\\/11\\\/20\\\/casi-di-rabbia-la-regione-avvia-le-contromisure-per-circoscrivere-i-focolai\\\/\"},\"author\":{\"name\":\"redazione\",\"@id\":\"https:\\\/\\\/www.bellunopress.it\\\/#\\\/schema\\\/person\\\/79bb06722b37ece1c03d3e94beb30d73\"},\"headline\":\"Casi di rabbia: La Regione avvia le contromisure per circoscrivere i focolai\",\"datePublished\":\"2009-11-20T12:27:23+00:00\",\"dateModified\":\"2009-11-20T18:37:48+00:00\",\"mainEntityOfPage\":{\"@id\":\"https:\\\/\\\/www.bellunopress.it\\\/2009\\\/11\\\/20\\\/casi-di-rabbia-la-regione-avvia-le-contromisure-per-circoscrivere-i-focolai\\\/\"},\"wordCount\":270,\"publisher\":{\"@id\":\"https:\\\/\\\/www.bellunopress.it\\\/#organization\"},\"image\":{\"@id\":\"https:\\\/\\\/www.bellunopress.it\\\/2009\\\/11\\\/20\\\/casi-di-rabbia-la-regione-avvia-le-contromisure-per-circoscrivere-i-focolai\\\/#primaryimage\"},\"thumbnailUrl\":\"http:\\\/\\\/www.bellunopress.it\\\/wp-content\\\/uploads\\\/2009\\\/10\\\/betty-300x225.jpg\",\"keywords\":[\"Sanit\u00e0\"],\"articleSection\":[\"Cronaca\\\/Politica\",\"Sanit\u00e0 Medicina\"],\"inLanguage\":\"fr-FR\"},{\"@type\":\"WebPage\",\"@id\":\"https:\\\/\\\/www.bellunopress.it\\\/2009\\\/11\\\/20\\\/casi-di-rabbia-la-regione-avvia-le-contromisure-per-circoscrivere-i-focolai\\\/\",\"url\":\"https:\\\/\\\/www.bellunopress.it\\\/2009\\\/11\\\/20\\\/casi-di-rabbia-la-regione-avvia-le-contromisure-per-circoscrivere-i-focolai\\\/\",\"name\":\"Casi di rabbia: La Regione avvia le contromisure per circoscrivere i focolai - Bellunopress - Dolomiti\",\"isPartOf\":{\"@id\":\"https:\\\/\\\/www.bellunopress.it\\\/#website\"},\"primaryImageOfPage\":{\"@id\":\"https:\\\/\\\/www.bellunopress.it\\\/2009\\\/11\\\/20\\\/casi-di-rabbia-la-regione-avvia-le-contromisure-per-circoscrivere-i-focolai\\\/#primaryimage\"},\"image\":{\"@id\":\"https:\\\/\\\/www.bellunopress.it\\\/2009\\\/11\\\/20\\\/casi-di-rabbia-la-regione-avvia-le-contromisure-per-circoscrivere-i-focolai\\\/#primaryimage\"},\"thumbnailUrl\":\"http:\\\/\\\/www.bellunopress.it\\\/wp-content\\\/uploads\\\/2009\\\/10\\\/betty-300x225.jpg\",\"datePublished\":\"2009-11-20T12:27:23+00:00\",\"dateModified\":\"2009-11-20T18:37:48+00:00\",\"breadcrumb\":{\"@id\":\"https:\\\/\\\/www.bellunopress.it\\\/2009\\\/11\\\/20\\\/casi-di-rabbia-la-regione-avvia-le-contromisure-per-circoscrivere-i-focolai\\\/#breadcrumb\"},\"inLanguage\":\"fr-FR\",\"potentialAction\":[{\"@type\":\"ReadAction\",\"target\":[\"https:\\\/\\\/www.bellunopress.it\\\/2009\\\/11\\\/20\\\/casi-di-rabbia-la-regione-avvia-le-contromisure-per-circoscrivere-i-focolai\\\/\"]}]},{\"@type\":\"ImageObject\",\"inLanguage\":\"fr-FR\",\"@id\":\"https:\\\/\\\/www.bellunopress.it\\\/2009\\\/11\\\/20\\\/casi-di-rabbia-la-regione-avvia-le-contromisure-per-circoscrivere-i-focolai\\\/#primaryimage\",\"url\":\"http:\\\/\\\/www.bellunopress.it\\\/wp-content\\\/uploads\\\/2009\\\/10\\\/betty-300x225.jpg\",\"contentUrl\":\"http:\\\/\\\/www.bellunopress.it\\\/wp-content\\\/uploads\\\/2009\\\/10\\\/betty-300x225.jpg\"},{\"@type\":\"BreadcrumbList\",\"@id\":\"https:\\\/\\\/www.bellunopress.it\\\/2009\\\/11\\\/20\\\/casi-di-rabbia-la-regione-avvia-le-contromisure-per-circoscrivere-i-focolai\\\/#breadcrumb\",\"itemListElement\":[{\"@type\":\"ListItem\",\"position\":1,\"name\":\"Home\",\"item\":\"https:\\\/\\\/www.bellunopress.it\\\/\"},{\"@type\":\"ListItem\",\"position\":2,\"name\":\"Casi di rabbia: La Regione avvia le contromisure per circoscrivere i focolai\"}]},{\"@type\":\"WebSite\",\"@id\":\"https:\\\/\\\/www.bellunopress.it\\\/#website\",\"url\":\"https:\\\/\\\/www.bellunopress.it\\\/\",\"name\":\"Bellunopress - Dolomiti\",\"description\":\"e-mail: redazione@bellunopress.it\",\"publisher\":{\"@id\":\"https:\\\/\\\/www.bellunopress.it\\\/#organization\"},\"potentialAction\":[{\"@type\":\"SearchAction\",\"target\":{\"@type\":\"EntryPoint\",\"urlTemplate\":\"https:\\\/\\\/www.bellunopress.it\\\/?s={search_term_string}\"},\"query-input\":{\"@type\":\"PropertyValueSpecification\",\"valueRequired\":true,\"valueName\":\"search_term_string\"}}],\"inLanguage\":\"fr-FR\"},{\"@type\":\"Organization\",\"@id\":\"https:\\\/\\\/www.bellunopress.it\\\/#organization\",\"name\":\"Bellunopress\",\"url\":\"https:\\\/\\\/www.bellunopress.it\\\/\",\"logo\":{\"@type\":\"ImageObject\",\"inLanguage\":\"fr-FR\",\"@id\":\"https:\\\/\\\/www.bellunopress.it\\\/#\\\/schema\\\/logo\\\/image\\\/\",\"url\":\"https:\\\/\\\/www.bellunopress.it\\\/wp-content\\\/uploads\\\/2011\\\/05\\\/cropped-logo-bellunopress-.jpg\",\"contentUrl\":\"https:\\\/\\\/www.bellunopress.it\\\/wp-content\\\/uploads\\\/2011\\\/05\\\/cropped-logo-bellunopress-.jpg\",\"width\":512,\"height\":512,\"caption\":\"Bellunopress\"},\"image\":{\"@id\":\"https:\\\/\\\/www.bellunopress.it\\\/#\\\/schema\\\/logo\\\/image\\\/\"},\"sameAs\":[\"https:\\\/\\\/www.facebook.com\\\/profile.php?id=100008943462799\",\"https:\\\/\\\/x.com\\\/bellunopress\",\"https:\\\/\\\/www.linkedin.com\\\/hp\\\/?dnr=JBzUWaJfMUw8vbXJJ2tVW5-I3jZKvC4wsoxE&amp;amp;amp;amp;amp;amp;trk=nav_responsive_tab_home\",\"https:\\\/\\\/www.youtube.com\\\/channel\\\/UCxL0wu1uN0_3_7hGG0306cw\"]},{\"@type\":\"Person\",\"@id\":\"https:\\\/\\\/www.bellunopress.it\\\/#\\\/schema\\\/person\\\/79bb06722b37ece1c03d3e94beb30d73\",\"name\":\"redazione\",\"image\":{\"@type\":\"ImageObject\",\"inLanguage\":\"fr-FR\",\"@id\":\"https:\\\/\\\/secure.gravatar.com\\\/avatar\\\/37d968a2e67a6fd04c169c4bdef102d0bc5d31b2546345219e348575eb80e9a0?s=96&d=mm&r=g\",\"url\":\"https:\\\/\\\/secure.gravatar.com\\\/avatar\\\/37d968a2e67a6fd04c169c4bdef102d0bc5d31b2546345219e348575eb80e9a0?s=96&d=mm&r=g\",\"contentUrl\":\"https:\\\/\\\/secure.gravatar.com\\\/avatar\\\/37d968a2e67a6fd04c169c4bdef102d0bc5d31b2546345219e348575eb80e9a0?s=96&d=mm&r=g\",\"caption\":\"redazione\"},\"sameAs\":[\"http:\\\/\\\/www.bellunopress.it\",\"https:\\\/\\\/x.com\\\/bellunopress\"],\"url\":\"https:\\\/\\\/www.bellunopress.it\\\/fr\\\/author\\\/redazione\\\/\"}]}<\/script>\n<!-- \/ Yoast SEO plugin. -->","yoast_head_json":{"title":"Casi di rabbia: La Regione avvia le contromisure per circoscrivere i focolai - Bellunopress - Dolomiti","robots":{"index":"index","follow":"follow","max-snippet":"max-snippet:-1","max-image-preview":"max-image-preview:large","max-video-preview":"max-video-preview:-1"},"canonical":"https:\/\/www.bellunopress.it\/fr\/2009\/11\/20\/casi-di-rabbia-la-regione-avvia-le-contromisure-per-circoscrivere-i-focolai\/","og_locale":"fr_FR","og_type":"article","og_title":"Casi di rabbia: La Regione avvia le contromisure per circoscrivere i focolai - Bellunopress - Dolomiti","og_description":"Raccolta degli animali selvatici trovati morti, segnalazione di quelli che presentano sintomi che possano far pensare alla rabbia e una campagna di vaccinazione orale per le volpi. Sono queste le misure predisposte dal gruppo di lavoro della Regione del Veneto per il contenimento dell\u2019epidemia di rabbia silvestre che, dopo aver fatto la sua comparsi nel [&hellip;]","og_url":"https:\/\/www.bellunopress.it\/fr\/2009\/11\/20\/casi-di-rabbia-la-regione-avvia-le-contromisure-per-circoscrivere-i-focolai\/","og_site_name":"Bellunopress - Dolomiti","article_publisher":"https:\/\/www.facebook.com\/profile.php?id=100008943462799","article_published_time":"2009-11-20T12:27:23+00:00","article_modified_time":"2009-11-20T18:37:48+00:00","og_image":[{"url":"http:\/\/www.bellunopress.it\/wp-content\/uploads\/2009\/10\/betty-300x225.jpg","type":"","width":"","height":""}],"author":"redazione","twitter_card":"summary_large_image","twitter_creator":"@bellunopress","twitter_site":"@bellunopress","twitter_misc":{"\u00c9crit par":"redazione","Dur\u00e9e de lecture estim\u00e9e":"1 minute"},"schema":{"@context":"https:\/\/schema.org","@graph":[{"@type":"Article","@id":"https:\/\/www.bellunopress.it\/2009\/11\/20\/casi-di-rabbia-la-regione-avvia-le-contromisure-per-circoscrivere-i-focolai\/#article","isPartOf":{"@id":"https:\/\/www.bellunopress.it\/2009\/11\/20\/casi-di-rabbia-la-regione-avvia-le-contromisure-per-circoscrivere-i-focolai\/"},"author":{"name":"redazione","@id":"https:\/\/www.bellunopress.it\/#\/schema\/person\/79bb06722b37ece1c03d3e94beb30d73"},"headline":"Casi di rabbia: La Regione avvia le contromisure per circoscrivere i focolai","datePublished":"2009-11-20T12:27:23+00:00","dateModified":"2009-11-20T18:37:48+00:00","mainEntityOfPage":{"@id":"https:\/\/www.bellunopress.it\/2009\/11\/20\/casi-di-rabbia-la-regione-avvia-le-contromisure-per-circoscrivere-i-focolai\/"},"wordCount":270,"publisher":{"@id":"https:\/\/www.bellunopress.it\/#organization"},"image":{"@id":"https:\/\/www.bellunopress.it\/2009\/11\/20\/casi-di-rabbia-la-regione-avvia-le-contromisure-per-circoscrivere-i-focolai\/#primaryimage"},"thumbnailUrl":"http:\/\/www.bellunopress.it\/wp-content\/uploads\/2009\/10\/betty-300x225.jpg","keywords":["Sanit\u00e0"],"articleSection":["Cronaca\/Politica","Sanit\u00e0 Medicina"],"inLanguage":"fr-FR"},{"@type":"WebPage","@id":"https:\/\/www.bellunopress.it\/2009\/11\/20\/casi-di-rabbia-la-regione-avvia-le-contromisure-per-circoscrivere-i-focolai\/","url":"https:\/\/www.bellunopress.it\/2009\/11\/20\/casi-di-rabbia-la-regione-avvia-le-contromisure-per-circoscrivere-i-focolai\/","name":"Casi di rabbia: La Regione avvia le contromisure per circoscrivere i focolai - Bellunopress - Dolomiti","isPartOf":{"@id":"https:\/\/www.bellunopress.it\/#website"},"primaryImageOfPage":{"@id":"https:\/\/www.bellunopress.it\/2009\/11\/20\/casi-di-rabbia-la-regione-avvia-le-contromisure-per-circoscrivere-i-focolai\/#primaryimage"},"image":{"@id":"https:\/\/www.bellunopress.it\/2009\/11\/20\/casi-di-rabbia-la-regione-avvia-le-contromisure-per-circoscrivere-i-focolai\/#primaryimage"},"thumbnailUrl":"http:\/\/www.bellunopress.it\/wp-content\/uploads\/2009\/10\/betty-300x225.jpg","datePublished":"2009-11-20T12:27:23+00:00","dateModified":"2009-11-20T18:37:48+00:00","breadcrumb":{"@id":"https:\/\/www.bellunopress.it\/2009\/11\/20\/casi-di-rabbia-la-regione-avvia-le-contromisure-per-circoscrivere-i-focolai\/#breadcrumb"},"inLanguage":"fr-FR","potentialAction":[{"@type":"ReadAction","target":["https:\/\/www.bellunopress.it\/2009\/11\/20\/casi-di-rabbia-la-regione-avvia-le-contromisure-per-circoscrivere-i-focolai\/"]}]},{"@type":"ImageObject","inLanguage":"fr-FR","@id":"https:\/\/www.bellunopress.it\/2009\/11\/20\/casi-di-rabbia-la-regione-avvia-le-contromisure-per-circoscrivere-i-focolai\/#primaryimage","url":"http:\/\/www.bellunopress.it\/wp-content\/uploads\/2009\/10\/betty-300x225.jpg","contentUrl":"http:\/\/www.bellunopress.it\/wp-content\/uploads\/2009\/10\/betty-300x225.jpg"},{"@type":"BreadcrumbList","@id":"https:\/\/www.bellunopress.it\/2009\/11\/20\/casi-di-rabbia-la-regione-avvia-le-contromisure-per-circoscrivere-i-focolai\/#breadcrumb","itemListElement":[{"@type":"ListItem","position":1,"name":"Home","item":"https:\/\/www.bellunopress.it\/"},{"@type":"ListItem","position":2,"name":"Casi di rabbia: La Regione avvia le contromisure per circoscrivere i focolai"}]},{"@type":"WebSite","@id":"https:\/\/www.bellunopress.it\/#website","url":"https:\/\/www.bellunopress.it\/","name":"Bellunopress - Dolomiti","description":"e-mail: redazione@bellunopress.it","publisher":{"@id":"https:\/\/www.bellunopress.it\/#organization"},"potentialAction":[{"@type":"SearchAction","target":{"@type":"EntryPoint","urlTemplate":"https:\/\/www.bellunopress.it\/?s={search_term_string}"},"query-input":{"@type":"PropertyValueSpecification","valueRequired":true,"valueName":"search_term_string"}}],"inLanguage":"fr-FR"},{"@type":"Organization","@id":"https:\/\/www.bellunopress.it\/#organization","name":"Bellunopress","url":"https:\/\/www.bellunopress.it\/","logo":{"@type":"ImageObject","inLanguage":"fr-FR","@id":"https:\/\/www.bellunopress.it\/#\/schema\/logo\/image\/","url":"https:\/\/www.bellunopress.it\/wp-content\/uploads\/2011\/05\/cropped-logo-bellunopress-.jpg","contentUrl":"https:\/\/www.bellunopress.it\/wp-content\/uploads\/2011\/05\/cropped-logo-bellunopress-.jpg","width":512,"height":512,"caption":"Bellunopress"},"image":{"@id":"https:\/\/www.bellunopress.it\/#\/schema\/logo\/image\/"},"sameAs":["https:\/\/www.facebook.com\/profile.php?id=100008943462799","https:\/\/x.com\/bellunopress","https:\/\/www.linkedin.com\/hp\/?dnr=JBzUWaJfMUw8vbXJJ2tVW5-I3jZKvC4wsoxE&amp;amp;amp;amp;amp;amp;trk=nav_responsive_tab_home","https:\/\/www.youtube.com\/channel\/UCxL0wu1uN0_3_7hGG0306cw"]},{"@type":"Person","@id":"https:\/\/www.bellunopress.it\/#\/schema\/person\/79bb06722b37ece1c03d3e94beb30d73","name":"r\u00e9daction","image":{"@type":"ImageObject","inLanguage":"fr-FR","@id":"https:\/\/secure.gravatar.com\/avatar\/37d968a2e67a6fd04c169c4bdef102d0bc5d31b2546345219e348575eb80e9a0?s=96&d=mm&r=g","url":"https:\/\/secure.gravatar.com\/avatar\/37d968a2e67a6fd04c169c4bdef102d0bc5d31b2546345219e348575eb80e9a0?s=96&d=mm&r=g","contentUrl":"https:\/\/secure.gravatar.com\/avatar\/37d968a2e67a6fd04c169c4bdef102d0bc5d31b2546345219e348575eb80e9a0?s=96&d=mm&r=g","caption":"redazione"},"sameAs":["http:\/\/www.bellunopress.it","https:\/\/x.com\/bellunopress"],"url":"https:\/\/www.bellunopress.it\/fr\/author\/redazione\/"}]}},"_links":{"self":[{"href":"https:\/\/www.bellunopress.it\/fr\/wp-json\/wp\/v2\/posts\/9939","targetHints":{"allow":["GET"]}}],"collection":[{"href":"https:\/\/www.bellunopress.it\/fr\/wp-json\/wp\/v2\/posts"}],"about":[{"href":"https:\/\/www.bellunopress.it\/fr\/wp-json\/wp\/v2\/types\/post"}],"author":[{"embeddable":true,"href":"https:\/\/www.bellunopress.it\/fr\/wp-json\/wp\/v2\/users\/2"}],"replies":[{"embeddable":true,"href":"https:\/\/www.bellunopress.it\/fr\/wp-json\/wp\/v2\/comments?post=9939"}],"version-history":[{"count":3,"href":"https:\/\/www.bellunopress.it\/fr\/wp-json\/wp\/v2\/posts\/9939\/revisions"}],"predecessor-version":[{"id":9945,"href":"https:\/\/www.bellunopress.it\/fr\/wp-json\/wp\/v2\/posts\/9939\/revisions\/9945"}],"wp:attachment":[{"href":"https:\/\/www.bellunopress.it\/fr\/wp-json\/wp\/v2\/media?parent=9939"}],"wp:term":[{"taxonomy":"category","embeddable":true,"href":"https:\/\/www.bellunopress.it\/fr\/wp-json\/wp\/v2\/categories?post=9939"},{"taxonomy":"post_tag","embeddable":true,"href":"https:\/\/www.bellunopress.it\/fr\/wp-json\/wp\/v2\/tags?post=9939"}],"curies":[{"name":"wp","href":"https:\/\/api.w.org\/{rel}","templated":true}]}}