{"id":9926,"date":"2009-11-19T23:03:30","date_gmt":"2009-11-19T22:03:30","guid":{"rendered":"http:\/\/www.bellunopress.it\/?p=9926"},"modified":"2009-11-19T23:07:20","modified_gmt":"2009-11-19T22:07:20","slug":"a-cortina-e-a-mel-il-21-novembre-larma-dei-carabinieri-celebra-virgo-fidelis","status":"publish","type":"post","link":"https:\/\/www.bellunopress.it\/fr\/2009\/11\/19\/a-cortina-e-a-mel-il-21-novembre-larma-dei-carabinieri-celebra-virgo-fidelis\/","title":{"rendered":"A Cortina e a Mel il 21 novembre l&#8217;Arma dei Carabinieri celebra &#8220;Virgo Fidelis&#8221;"},"content":{"rendered":"<p>Con questo nome la Madonna \u00e8 divenuta Patrona dell&#8217;Arma dei Carabinieri dall&#8217;11 novembre 1949, data di promulgazione del Breve relativo di Papa Pio XII, che in tal senso aveva accolto il voto unanime dei cappellani militari dell&#8217;Arma e dell&#8217;Ordinario Militare per l&#8217;Italia. Il titolo di &#8220;Virgo Fidelis&#8221; era stato sollecitato in relazione al motto araldico dell&#8217;Arma &#8220;Fedele nei secoli&#8221;.<br \/>\nLa ricorrenza della Patrona \u00e8 stata fissata dallo stesso Pontefice il giorno 21 del mese di novembre, in cui cade la Presentazione di Maria Vergine.<br \/>\nIl 21 novembre 2009 ricorre, con la Virgo Fidelis, Patrona dell\u2019Arma, il 68\u00b0 anniversario dell\u2019eroica difesa del caposaldo di Culqualber, da parte del 1\u00b0 Battaglione Carabinieri e Zapti\u00e8 mobilitato, che il 21 novembre 1941 si sacrific\u00f2 in una delle ultime cruente battaglie in terra d\u2019Africa.<br \/>\nPer quel fatto d\u2019armi alla Bandiera dell\u2019Arma fu conferita la seconda Medaglia d\u2019Oro al Valor Militare, con la seguente motivazione:<br \/>\n\u201cGlorioso veterano di cruenti cimenti bellici, destinato a rinforzare un caposaldo di vitale importanza, vi diventava artefice di epica resistenza. Apprestato saldamente a difesa d\u2019impervio settore affidatogli, per tre mesi affrontava con indomito valore la violenta aggressivit\u00e0 di preponderanti agguerrite forze, che conteneva e rintuzzava con audaci atti controffensivi, contribuendo decisamente alla vigorosa resistenza dell\u2019intero caposaldo, ed infine, dopo aspre giornate di alterne vicende, a segnare, per l\u2019ultima volta in terra d\u2019Africa, la vittoria delle nostre armi.<br \/>\nDelineatasi la crisi, deciso al sacrificio supremo, si saldava graniticamente agli spalti difensivi e li conteneva al soverchiante avversario in sanguinosa, impari lotta corpo a corpo, nella quale Comandante e Carabinieri, fusi in un sol eroico blocco, simbolo delle virt\u00f9 italiche, immolavano la vita perpetuando le gloriose tradizioni dell\u2019Arma\u201d<br \/>\nCulqualber Africa Orientale agosto \u2013 novembre 1941.<br \/>\nLA CERIMONIA<br \/>\nIl 21 novembre 2009, alle ore 10,30, nella Chiesa Parrocchiale di Loreto di questo Capoluogo sar\u00e0 commemorata la ricorrenza della \u201cVirgo Fidelis\u201d con la celebrazione della \u00a0S.Messa, alla presenza delle Massime Autorit\u00e0 locali, degli appartenenti all\u2019Arma in Servizio ed in congedo, nonch\u00e9 delle altre rappresentanze militari.<br \/>\nAlle successive ore 11,30,\u00a0 presso l\u2019attiguo Monumento ai Caduti della Missione \u201cAntica Babilonia\u201d, sar\u00e0 posizionata una corona a cura di un Carabiniere\u00a0 della\u00a0 Compagnia di Belluno, che,\u00a0 unitamente ad un militare del 7\u00b0 Reggimento Alpini di Belluno, apriranno il tragitto del breve corteo delle Autorit\u00e0 partecipanti, verso il luogo della sua deposizione.<br \/>\nIl 21 novembre 2009, alle ore 17.30, invece, si svolger\u00e0 a Cortina D\u2019Ampezzo, presso la Chiesa della Beata Vergine della Difesa, analoga cerimonia organizzata da quella Compagnia, mentre il 22 novembre 2009, alle ore 10.00, in Mel, presso quella Chiesa Arcipretale, si terr\u00e0 la cerimonia organizzata dalla Compagnia di Feltre. Alle medesime parteciperanno le rispettive Sezioni dell\u2019Associazione Nazionale Carabinieri.<br \/>\nIn occasione della ricorrenza della \u201cVirgo Fidelis\u201d, viene celebrata in tutta l\u2019Italia, come nei decorsi anni, anche la Giornata dell\u2019Orfano a cura dell\u2019Opera Nazionale Assistenza Orfani Militari dell\u2019Arma dei Carabinieri (O.N.A.O.M.A.C.)..<\/p>","protected":false},"excerpt":{"rendered":"<p>Con questo nome la Madonna \u00e8 divenuta Patrona dell&#8217;Arma dei Carabinieri dall&#8217;11 novembre 1949, data di promulgazione del Breve relativo di Papa Pio XII, che in tal senso aveva accolto il voto unanime dei cappellani militari dell&#8217;Arma e dell&#8217;Ordinario Militare per l&#8217;Italia. Il titolo di &#8220;Virgo Fidelis&#8221; era stato sollecitato in relazione al motto araldico [&hellip;]<\/p>\n","protected":false},"author":2,"featured_media":0,"comment_status":"closed","ping_status":"open","sticky":false,"template":"","format":"standard","meta":{"footnotes":""},"categories":[5,26],"tags":[139,302],"class_list":["post-9926","post","type-post","status-publish","format-standard","category-cronaca","category-prima-pagina","tag-belluno","tag-feltre"],"yoast_head":"<!-- This site is optimized with the Yoast SEO plugin v28.4 - https:\/\/yoast.com\/product\/yoast-seo-wordpress\/ -->\n<title>A Cortina e a Mel il 21 novembre l&#039;Arma dei Carabinieri celebra &quot;Virgo Fidelis&quot; - Bellunopress - Dolomiti<\/title>\n<meta name=\"robots\" content=\"index, follow, max-snippet:-1, max-image-preview:large, max-video-preview:-1\" \/>\n<link rel=\"canonical\" href=\"https:\/\/www.bellunopress.it\/fr\/2009\/11\/19\/a-cortina-e-a-mel-il-21-novembre-larma-dei-carabinieri-celebra-virgo-fidelis\/\" \/>\n<meta property=\"og:locale\" content=\"fr_FR\" \/>\n<meta property=\"og:type\" content=\"article\" \/>\n<meta property=\"og:title\" content=\"A Cortina e a Mel il 21 novembre l&#039;Arma dei Carabinieri celebra &quot;Virgo Fidelis&quot; - Bellunopress - Dolomiti\" \/>\n<meta property=\"og:description\" content=\"Con questo nome la Madonna \u00e8 divenuta Patrona dell&#8217;Arma dei Carabinieri dall&#8217;11 novembre 1949, data di promulgazione del Breve relativo di Papa Pio XII, che in tal senso aveva accolto il voto unanime dei cappellani militari dell&#8217;Arma e dell&#8217;Ordinario Militare per l&#8217;Italia. Il titolo di &#8220;Virgo Fidelis&#8221; era stato sollecitato in relazione al motto araldico [&hellip;]\" \/>\n<meta property=\"og:url\" content=\"https:\/\/www.bellunopress.it\/fr\/2009\/11\/19\/a-cortina-e-a-mel-il-21-novembre-larma-dei-carabinieri-celebra-virgo-fidelis\/\" \/>\n<meta property=\"og:site_name\" content=\"Bellunopress - Dolomiti\" \/>\n<meta property=\"article:publisher\" content=\"https:\/\/www.facebook.com\/profile.php?id=100008943462799\" \/>\n<meta property=\"article:published_time\" content=\"2009-11-19T22:03:30+00:00\" \/>\n<meta property=\"article:modified_time\" content=\"2009-11-19T22:07:20+00:00\" \/>\n<meta property=\"og:image\" content=\"http:\/\/www.bellunopress.it\/wp-content\/uploads\/2012\/07\/logo-bellunopress-250x250-2012.jpg\" \/>\n<meta name=\"author\" content=\"redazione\" \/>\n<meta name=\"twitter:card\" content=\"summary_large_image\" \/>\n<meta name=\"twitter:creator\" content=\"@bellunopress\" \/>\n<meta name=\"twitter:site\" content=\"@bellunopress\" \/>\n<meta name=\"twitter:label1\" content=\"\u00c9crit par\" \/>\n\t<meta name=\"twitter:data1\" content=\"redazione\" \/>\n\t<meta name=\"twitter:label2\" content=\"Dur\u00e9e de lecture estim\u00e9e\" \/>\n\t<meta name=\"twitter:data2\" content=\"2 minutes\" \/>\n<script type=\"application\/ld+json\" class=\"yoast-schema-graph\">{\"@context\":\"https:\\\/\\\/schema.org\",\"@graph\":[{\"@type\":\"Article\",\"@id\":\"https:\\\/\\\/www.bellunopress.it\\\/2009\\\/11\\\/19\\\/a-cortina-e-a-mel-il-21-novembre-larma-dei-carabinieri-celebra-virgo-fidelis\\\/#article\",\"isPartOf\":{\"@id\":\"https:\\\/\\\/www.bellunopress.it\\\/2009\\\/11\\\/19\\\/a-cortina-e-a-mel-il-21-novembre-larma-dei-carabinieri-celebra-virgo-fidelis\\\/\"},\"author\":{\"name\":\"redazione\",\"@id\":\"https:\\\/\\\/www.bellunopress.it\\\/#\\\/schema\\\/person\\\/79bb06722b37ece1c03d3e94beb30d73\"},\"headline\":\"A Cortina e a Mel il 21 novembre l&#8217;Arma dei Carabinieri celebra &#8220;Virgo Fidelis&#8221;\",\"datePublished\":\"2009-11-19T22:03:30+00:00\",\"dateModified\":\"2009-11-19T22:07:20+00:00\",\"mainEntityOfPage\":{\"@id\":\"https:\\\/\\\/www.bellunopress.it\\\/2009\\\/11\\\/19\\\/a-cortina-e-a-mel-il-21-novembre-larma-dei-carabinieri-celebra-virgo-fidelis\\\/\"},\"wordCount\":494,\"publisher\":{\"@id\":\"https:\\\/\\\/www.bellunopress.it\\\/#organization\"},\"keywords\":[\"Belluno\",\"Feltre\"],\"articleSection\":[\"Cronaca\\\/Politica\",\"Prima Pagina\"],\"inLanguage\":\"fr-FR\"},{\"@type\":\"WebPage\",\"@id\":\"https:\\\/\\\/www.bellunopress.it\\\/2009\\\/11\\\/19\\\/a-cortina-e-a-mel-il-21-novembre-larma-dei-carabinieri-celebra-virgo-fidelis\\\/\",\"url\":\"https:\\\/\\\/www.bellunopress.it\\\/2009\\\/11\\\/19\\\/a-cortina-e-a-mel-il-21-novembre-larma-dei-carabinieri-celebra-virgo-fidelis\\\/\",\"name\":\"A Cortina e a Mel il 21 novembre l'Arma dei Carabinieri celebra \\\"Virgo Fidelis\\\" - Bellunopress - Dolomiti\",\"isPartOf\":{\"@id\":\"https:\\\/\\\/www.bellunopress.it\\\/#website\"},\"datePublished\":\"2009-11-19T22:03:30+00:00\",\"dateModified\":\"2009-11-19T22:07:20+00:00\",\"breadcrumb\":{\"@id\":\"https:\\\/\\\/www.bellunopress.it\\\/2009\\\/11\\\/19\\\/a-cortina-e-a-mel-il-21-novembre-larma-dei-carabinieri-celebra-virgo-fidelis\\\/#breadcrumb\"},\"inLanguage\":\"fr-FR\",\"potentialAction\":[{\"@type\":\"ReadAction\",\"target\":[\"https:\\\/\\\/www.bellunopress.it\\\/2009\\\/11\\\/19\\\/a-cortina-e-a-mel-il-21-novembre-larma-dei-carabinieri-celebra-virgo-fidelis\\\/\"]}]},{\"@type\":\"BreadcrumbList\",\"@id\":\"https:\\\/\\\/www.bellunopress.it\\\/2009\\\/11\\\/19\\\/a-cortina-e-a-mel-il-21-novembre-larma-dei-carabinieri-celebra-virgo-fidelis\\\/#breadcrumb\",\"itemListElement\":[{\"@type\":\"ListItem\",\"position\":1,\"name\":\"Home\",\"item\":\"https:\\\/\\\/www.bellunopress.it\\\/\"},{\"@type\":\"ListItem\",\"position\":2,\"name\":\"A Cortina e a Mel il 21 novembre l&#8217;Arma dei Carabinieri celebra &#8220;Virgo Fidelis&#8221;\"}]},{\"@type\":\"WebSite\",\"@id\":\"https:\\\/\\\/www.bellunopress.it\\\/#website\",\"url\":\"https:\\\/\\\/www.bellunopress.it\\\/\",\"name\":\"Bellunopress - Dolomiti\",\"description\":\"e-mail: redazione@bellunopress.it\",\"publisher\":{\"@id\":\"https:\\\/\\\/www.bellunopress.it\\\/#organization\"},\"potentialAction\":[{\"@type\":\"SearchAction\",\"target\":{\"@type\":\"EntryPoint\",\"urlTemplate\":\"https:\\\/\\\/www.bellunopress.it\\\/?s={search_term_string}\"},\"query-input\":{\"@type\":\"PropertyValueSpecification\",\"valueRequired\":true,\"valueName\":\"search_term_string\"}}],\"inLanguage\":\"fr-FR\"},{\"@type\":\"Organization\",\"@id\":\"https:\\\/\\\/www.bellunopress.it\\\/#organization\",\"name\":\"Bellunopress\",\"url\":\"https:\\\/\\\/www.bellunopress.it\\\/\",\"logo\":{\"@type\":\"ImageObject\",\"inLanguage\":\"fr-FR\",\"@id\":\"https:\\\/\\\/www.bellunopress.it\\\/#\\\/schema\\\/logo\\\/image\\\/\",\"url\":\"https:\\\/\\\/www.bellunopress.it\\\/wp-content\\\/uploads\\\/2011\\\/05\\\/cropped-logo-bellunopress-.jpg\",\"contentUrl\":\"https:\\\/\\\/www.bellunopress.it\\\/wp-content\\\/uploads\\\/2011\\\/05\\\/cropped-logo-bellunopress-.jpg\",\"width\":512,\"height\":512,\"caption\":\"Bellunopress\"},\"image\":{\"@id\":\"https:\\\/\\\/www.bellunopress.it\\\/#\\\/schema\\\/logo\\\/image\\\/\"},\"sameAs\":[\"https:\\\/\\\/www.facebook.com\\\/profile.php?id=100008943462799\",\"https:\\\/\\\/x.com\\\/bellunopress\",\"https:\\\/\\\/www.linkedin.com\\\/hp\\\/?dnr=JBzUWaJfMUw8vbXJJ2tVW5-I3jZKvC4wsoxE&amp;amp;amp;amp;amp;amp;trk=nav_responsive_tab_home\",\"https:\\\/\\\/www.youtube.com\\\/channel\\\/UCxL0wu1uN0_3_7hGG0306cw\"]},{\"@type\":\"Person\",\"@id\":\"https:\\\/\\\/www.bellunopress.it\\\/#\\\/schema\\\/person\\\/79bb06722b37ece1c03d3e94beb30d73\",\"name\":\"redazione\",\"image\":{\"@type\":\"ImageObject\",\"inLanguage\":\"fr-FR\",\"@id\":\"https:\\\/\\\/secure.gravatar.com\\\/avatar\\\/37d968a2e67a6fd04c169c4bdef102d0bc5d31b2546345219e348575eb80e9a0?s=96&d=mm&r=g\",\"url\":\"https:\\\/\\\/secure.gravatar.com\\\/avatar\\\/37d968a2e67a6fd04c169c4bdef102d0bc5d31b2546345219e348575eb80e9a0?s=96&d=mm&r=g\",\"contentUrl\":\"https:\\\/\\\/secure.gravatar.com\\\/avatar\\\/37d968a2e67a6fd04c169c4bdef102d0bc5d31b2546345219e348575eb80e9a0?s=96&d=mm&r=g\",\"caption\":\"redazione\"},\"sameAs\":[\"http:\\\/\\\/www.bellunopress.it\",\"https:\\\/\\\/x.com\\\/bellunopress\"],\"url\":\"https:\\\/\\\/www.bellunopress.it\\\/fr\\\/author\\\/redazione\\\/\"}]}<\/script>\n<!-- \/ Yoast SEO plugin. -->","yoast_head_json":{"title":"A Cortina e a Mel il 21 novembre l'Arma dei Carabinieri celebra \"Virgo Fidelis\" - Bellunopress - Dolomiti","robots":{"index":"index","follow":"follow","max-snippet":"max-snippet:-1","max-image-preview":"max-image-preview:large","max-video-preview":"max-video-preview:-1"},"canonical":"https:\/\/www.bellunopress.it\/fr\/2009\/11\/19\/a-cortina-e-a-mel-il-21-novembre-larma-dei-carabinieri-celebra-virgo-fidelis\/","og_locale":"fr_FR","og_type":"article","og_title":"A Cortina e a Mel il 21 novembre l'Arma dei Carabinieri celebra \"Virgo Fidelis\" - Bellunopress - Dolomiti","og_description":"Con questo nome la Madonna \u00e8 divenuta Patrona dell&#8217;Arma dei Carabinieri dall&#8217;11 novembre 1949, data di promulgazione del Breve relativo di Papa Pio XII, che in tal senso aveva accolto il voto unanime dei cappellani militari dell&#8217;Arma e dell&#8217;Ordinario Militare per l&#8217;Italia. Il titolo di &#8220;Virgo Fidelis&#8221; era stato sollecitato in relazione al motto araldico [&hellip;]","og_url":"https:\/\/www.bellunopress.it\/fr\/2009\/11\/19\/a-cortina-e-a-mel-il-21-novembre-larma-dei-carabinieri-celebra-virgo-fidelis\/","og_site_name":"Bellunopress - Dolomiti","article_publisher":"https:\/\/www.facebook.com\/profile.php?id=100008943462799","article_published_time":"2009-11-19T22:03:30+00:00","article_modified_time":"2009-11-19T22:07:20+00:00","og_image":[{"url":"http:\/\/www.bellunopress.it\/wp-content\/uploads\/2012\/07\/logo-bellunopress-250x250-2012.jpg","type":"","width":"","height":""}],"author":"redazione","twitter_card":"summary_large_image","twitter_creator":"@bellunopress","twitter_site":"@bellunopress","twitter_misc":{"\u00c9crit par":"redazione","Dur\u00e9e de lecture estim\u00e9e":"2 minutes"},"schema":{"@context":"https:\/\/schema.org","@graph":[{"@type":"Article","@id":"https:\/\/www.bellunopress.it\/2009\/11\/19\/a-cortina-e-a-mel-il-21-novembre-larma-dei-carabinieri-celebra-virgo-fidelis\/#article","isPartOf":{"@id":"https:\/\/www.bellunopress.it\/2009\/11\/19\/a-cortina-e-a-mel-il-21-novembre-larma-dei-carabinieri-celebra-virgo-fidelis\/"},"author":{"name":"redazione","@id":"https:\/\/www.bellunopress.it\/#\/schema\/person\/79bb06722b37ece1c03d3e94beb30d73"},"headline":"A Cortina e a Mel il 21 novembre l&#8217;Arma dei Carabinieri celebra &#8220;Virgo Fidelis&#8221;","datePublished":"2009-11-19T22:03:30+00:00","dateModified":"2009-11-19T22:07:20+00:00","mainEntityOfPage":{"@id":"https:\/\/www.bellunopress.it\/2009\/11\/19\/a-cortina-e-a-mel-il-21-novembre-larma-dei-carabinieri-celebra-virgo-fidelis\/"},"wordCount":494,"publisher":{"@id":"https:\/\/www.bellunopress.it\/#organization"},"keywords":["Belluno","Feltre"],"articleSection":["Cronaca\/Politica","Prima Pagina"],"inLanguage":"fr-FR"},{"@type":"WebPage","@id":"https:\/\/www.bellunopress.it\/2009\/11\/19\/a-cortina-e-a-mel-il-21-novembre-larma-dei-carabinieri-celebra-virgo-fidelis\/","url":"https:\/\/www.bellunopress.it\/2009\/11\/19\/a-cortina-e-a-mel-il-21-novembre-larma-dei-carabinieri-celebra-virgo-fidelis\/","name":"A Cortina e a Mel il 21 novembre l'Arma dei Carabinieri celebra \"Virgo Fidelis\" - Bellunopress - Dolomiti","isPartOf":{"@id":"https:\/\/www.bellunopress.it\/#website"},"datePublished":"2009-11-19T22:03:30+00:00","dateModified":"2009-11-19T22:07:20+00:00","breadcrumb":{"@id":"https:\/\/www.bellunopress.it\/2009\/11\/19\/a-cortina-e-a-mel-il-21-novembre-larma-dei-carabinieri-celebra-virgo-fidelis\/#breadcrumb"},"inLanguage":"fr-FR","potentialAction":[{"@type":"ReadAction","target":["https:\/\/www.bellunopress.it\/2009\/11\/19\/a-cortina-e-a-mel-il-21-novembre-larma-dei-carabinieri-celebra-virgo-fidelis\/"]}]},{"@type":"BreadcrumbList","@id":"https:\/\/www.bellunopress.it\/2009\/11\/19\/a-cortina-e-a-mel-il-21-novembre-larma-dei-carabinieri-celebra-virgo-fidelis\/#breadcrumb","itemListElement":[{"@type":"ListItem","position":1,"name":"Home","item":"https:\/\/www.bellunopress.it\/"},{"@type":"ListItem","position":2,"name":"A Cortina e a Mel il 21 novembre l&#8217;Arma dei Carabinieri celebra &#8220;Virgo Fidelis&#8221;"}]},{"@type":"WebSite","@id":"https:\/\/www.bellunopress.it\/#website","url":"https:\/\/www.bellunopress.it\/","name":"Bellunopress - Dolomiti","description":"e-mail: redazione@bellunopress.it","publisher":{"@id":"https:\/\/www.bellunopress.it\/#organization"},"potentialAction":[{"@type":"SearchAction","target":{"@type":"EntryPoint","urlTemplate":"https:\/\/www.bellunopress.it\/?s={search_term_string}"},"query-input":{"@type":"PropertyValueSpecification","valueRequired":true,"valueName":"search_term_string"}}],"inLanguage":"fr-FR"},{"@type":"Organization","@id":"https:\/\/www.bellunopress.it\/#organization","name":"Bellunopress","url":"https:\/\/www.bellunopress.it\/","logo":{"@type":"ImageObject","inLanguage":"fr-FR","@id":"https:\/\/www.bellunopress.it\/#\/schema\/logo\/image\/","url":"https:\/\/www.bellunopress.it\/wp-content\/uploads\/2011\/05\/cropped-logo-bellunopress-.jpg","contentUrl":"https:\/\/www.bellunopress.it\/wp-content\/uploads\/2011\/05\/cropped-logo-bellunopress-.jpg","width":512,"height":512,"caption":"Bellunopress"},"image":{"@id":"https:\/\/www.bellunopress.it\/#\/schema\/logo\/image\/"},"sameAs":["https:\/\/www.facebook.com\/profile.php?id=100008943462799","https:\/\/x.com\/bellunopress","https:\/\/www.linkedin.com\/hp\/?dnr=JBzUWaJfMUw8vbXJJ2tVW5-I3jZKvC4wsoxE&amp;amp;amp;amp;amp;amp;trk=nav_responsive_tab_home","https:\/\/www.youtube.com\/channel\/UCxL0wu1uN0_3_7hGG0306cw"]},{"@type":"Person","@id":"https:\/\/www.bellunopress.it\/#\/schema\/person\/79bb06722b37ece1c03d3e94beb30d73","name":"r\u00e9daction","image":{"@type":"ImageObject","inLanguage":"fr-FR","@id":"https:\/\/secure.gravatar.com\/avatar\/37d968a2e67a6fd04c169c4bdef102d0bc5d31b2546345219e348575eb80e9a0?s=96&d=mm&r=g","url":"https:\/\/secure.gravatar.com\/avatar\/37d968a2e67a6fd04c169c4bdef102d0bc5d31b2546345219e348575eb80e9a0?s=96&d=mm&r=g","contentUrl":"https:\/\/secure.gravatar.com\/avatar\/37d968a2e67a6fd04c169c4bdef102d0bc5d31b2546345219e348575eb80e9a0?s=96&d=mm&r=g","caption":"redazione"},"sameAs":["http:\/\/www.bellunopress.it","https:\/\/x.com\/bellunopress"],"url":"https:\/\/www.bellunopress.it\/fr\/author\/redazione\/"}]}},"_links":{"self":[{"href":"https:\/\/www.bellunopress.it\/fr\/wp-json\/wp\/v2\/posts\/9926","targetHints":{"allow":["GET"]}}],"collection":[{"href":"https:\/\/www.bellunopress.it\/fr\/wp-json\/wp\/v2\/posts"}],"about":[{"href":"https:\/\/www.bellunopress.it\/fr\/wp-json\/wp\/v2\/types\/post"}],"author":[{"embeddable":true,"href":"https:\/\/www.bellunopress.it\/fr\/wp-json\/wp\/v2\/users\/2"}],"replies":[{"embeddable":true,"href":"https:\/\/www.bellunopress.it\/fr\/wp-json\/wp\/v2\/comments?post=9926"}],"version-history":[{"count":4,"href":"https:\/\/www.bellunopress.it\/fr\/wp-json\/wp\/v2\/posts\/9926\/revisions"}],"predecessor-version":[{"id":9932,"href":"https:\/\/www.bellunopress.it\/fr\/wp-json\/wp\/v2\/posts\/9926\/revisions\/9932"}],"wp:attachment":[{"href":"https:\/\/www.bellunopress.it\/fr\/wp-json\/wp\/v2\/media?parent=9926"}],"wp:term":[{"taxonomy":"category","embeddable":true,"href":"https:\/\/www.bellunopress.it\/fr\/wp-json\/wp\/v2\/categories?post=9926"},{"taxonomy":"post_tag","embeddable":true,"href":"https:\/\/www.bellunopress.it\/fr\/wp-json\/wp\/v2\/tags?post=9926"}],"curies":[{"name":"wp","href":"https:\/\/api.w.org\/{rel}","templated":true}]}}