{"id":9923,"date":"2009-11-19T22:54:48","date_gmt":"2009-11-19T21:54:48","guid":{"rendered":"http:\/\/www.bellunopress.it\/?p=9923"},"modified":"2009-11-19T22:54:48","modified_gmt":"2009-11-19T21:54:48","slug":"meno-due-al-grande-fondo-in-norvegia","status":"publish","type":"post","link":"https:\/\/www.bellunopress.it\/fr\/2009\/11\/19\/meno-due-al-grande-fondo-in-norvegia\/","title":{"rendered":"Meno due al grande fondo in Norvegia"},"content":{"rendered":"<p><a href=\"http:\/\/www.bellunopress.it\/wp-content\/uploads\/2009\/11\/radio-piu.png\"><img loading=\"lazy\" decoding=\"async\" class=\"alignleft size-medium wp-image-9924\" title=\"radio-piu\" src=\"http:\/\/www.bellunopress.it\/wp-content\/uploads\/2009\/11\/radio-piu-300x232.png\" alt=\"\" width=\"300\" height=\"232\" srcset=\"https:\/\/www.bellunopress.it\/wp-content\/uploads\/2009\/11\/radio-piu-300x232.png 300w, https:\/\/www.bellunopress.it\/wp-content\/uploads\/2009\/11\/radio-piu.png 483w\" sizes=\"auto, (max-width: 300px) 100vw, 300px\" \/><\/a>Sabato e domenica in Norvegia a Beitostolen prende il via la Coppa del Mondo di sci di fondo. Sabato alle 11.30 toccher\u00e0 alle donne (10 chilometri tenica libera), alle 13.15 start per la categoria maschile (15 chilometri tecnica libera) e domenica le staffette maschili e femminili. A Beitostolen continua a nevicare, lo confermano Magda Genuin e Fulvio Scola ai microfoni di Radio Pi\u00f9 che in questa settimana ha stabilito un collegamento in diretta, tutti i giorni alle 14. Anche ieri i due agordini erano ai microfoni sereni e pronti per il debutto. Con loro una sorpresa: Pietro Piller Cottrer.<br \/>\nEcco i loro commenti.<br \/>\nMagda Genuin<br \/>\nTra le donne, chi vedi come favorite? visto lo stato di forma dimostrato nello scorso fine settimana sar\u00e0 ancora la Bjorghen la protagonista?<br \/>\n&#8220;Lo stato di forma della Bjorghen invita a darla per favorita, salvo sorprese. Io punto ad un grande risultato della italiane, sia della Follis che della Longa&#8221;.<br \/>\nE Magda?<br \/>\n&#8220;Domanda difficile. Spero molto meglio di sabato. Non lo so, spero di entrare nelle prime 30, ma visto l&#8217;ultimo risultato non sar\u00e0 facile. Corro per un risultato che mi soddisfi&#8221;.<br \/>\nTra le prime 30 significa staffetta domenica?<br \/>\n&#8220;Questo dipende dalla altre ragazze, la staffetta si gioca in casa. Non ho risposte certe al momento&#8221;.<br \/>\nFulvio Scola<br \/>\nNei maschi invece \u00e8 previsto al via anche il vincitore dell&#8217;ultimo tour de ski lo svizzero Dario Cologna che rientra dopo un&#8217;infortunio, che con il norvegese Petter Northug promette di fare scintille, altri protagonisti Italiani?<br \/>\n&#8220;Per quanto riguarda l&#8217;Italia i due protagonisti, anche alla luce dei risultati degli ultimi anni, sono Giorgio di Centa e Pietro Piller Cottrer. Potranno dire la loro anche sul podio&#8221;.<br \/>\nPietri Piller Cottrer<br \/>\nPronto per sabato e domenica?<br \/>\n&#8220;Direi proprio di s\u00ec. E&#8217; arrivato il momento di gareggiare dopo tanti allenamenti. Non vedo l&#8217;ora&#8221;.<br \/>\nPrevisionie promesse?<br \/>\n&#8220;Promesse \u00e8 dura farle. Ho sempre dimostrato di mettercela tutta. Anche questa volta non mancher\u00f2 di farlo&#8221;.<br \/>\nUna buona squadra azzurra?<br \/>\n&#8220;Direi che in virt\u00f9 dei grandi risultati come squadra la passata stagione, partiamo consepevole dei nostri mezzi. Forse le altre nazioni dovranno controllarci, soprattutto nel &#8220;pattinaggio&#8221;. Non facciamo gli spavaldi, ma siamo consapevoli dei nostri mezzi&#8221;.<\/p>","protected":false},"excerpt":{"rendered":"<p>Sabato e domenica in Norvegia a Beitostolen prende il via la Coppa del Mondo di sci di fondo. Sabato alle 11.30 toccher\u00e0 alle donne (10 chilometri tenica libera), alle 13.15 start per la categoria maschile (15 chilometri tecnica libera) e domenica le staffette maschili e femminili. A Beitostolen continua a nevicare, lo confermano Magda Genuin [&hellip;]<\/p>\n","protected":false},"author":2,"featured_media":0,"comment_status":"closed","ping_status":"open","sticky":false,"template":"","format":"standard","meta":{"footnotes":""},"categories":[25,4],"tags":[139],"class_list":["post-9923","post","type-post","status-publish","format-standard","category-pausa-caffe","category-sport","tag-belluno"],"yoast_head":"<!-- This site is optimized with the Yoast SEO plugin v28.4 - https:\/\/yoast.com\/product\/yoast-seo-wordpress\/ -->\n<title>Meno due al grande fondo in Norvegia - Bellunopress - Dolomiti<\/title>\n<meta name=\"robots\" content=\"index, follow, max-snippet:-1, max-image-preview:large, max-video-preview:-1\" \/>\n<link rel=\"canonical\" href=\"https:\/\/www.bellunopress.it\/fr\/2009\/11\/19\/meno-due-al-grande-fondo-in-norvegia\/\" \/>\n<meta property=\"og:locale\" content=\"fr_FR\" \/>\n<meta property=\"og:type\" content=\"article\" \/>\n<meta property=\"og:title\" content=\"Meno due al grande fondo in Norvegia - Bellunopress - Dolomiti\" \/>\n<meta property=\"og:description\" content=\"Sabato e domenica in Norvegia a Beitostolen prende il via la Coppa del Mondo di sci di fondo. Sabato alle 11.30 toccher\u00e0 alle donne (10 chilometri tenica libera), alle 13.15 start per la categoria maschile (15 chilometri tecnica libera) e domenica le staffette maschili e femminili. A Beitostolen continua a nevicare, lo confermano Magda Genuin [&hellip;]\" \/>\n<meta property=\"og:url\" content=\"https:\/\/www.bellunopress.it\/fr\/2009\/11\/19\/meno-due-al-grande-fondo-in-norvegia\/\" \/>\n<meta property=\"og:site_name\" content=\"Bellunopress - Dolomiti\" \/>\n<meta property=\"article:publisher\" content=\"https:\/\/www.facebook.com\/profile.php?id=100008943462799\" \/>\n<meta property=\"article:published_time\" content=\"2009-11-19T21:54:48+00:00\" \/>\n<meta property=\"og:image\" content=\"http:\/\/www.bellunopress.it\/wp-content\/uploads\/2009\/11\/radio-piu-300x232.png\" \/>\n<meta name=\"author\" content=\"redazione\" \/>\n<meta name=\"twitter:card\" content=\"summary_large_image\" \/>\n<meta name=\"twitter:creator\" content=\"@bellunopress\" \/>\n<meta name=\"twitter:site\" content=\"@bellunopress\" \/>\n<meta name=\"twitter:label1\" content=\"\u00c9crit par\" \/>\n\t<meta name=\"twitter:data1\" content=\"redazione\" \/>\n\t<meta name=\"twitter:label2\" content=\"Dur\u00e9e de lecture estim\u00e9e\" \/>\n\t<meta name=\"twitter:data2\" content=\"2 minutes\" \/>\n<script type=\"application\/ld+json\" class=\"yoast-schema-graph\">{\"@context\":\"https:\\\/\\\/schema.org\",\"@graph\":[{\"@type\":\"Article\",\"@id\":\"https:\\\/\\\/www.bellunopress.it\\\/2009\\\/11\\\/19\\\/meno-due-al-grande-fondo-in-norvegia\\\/#article\",\"isPartOf\":{\"@id\":\"https:\\\/\\\/www.bellunopress.it\\\/2009\\\/11\\\/19\\\/meno-due-al-grande-fondo-in-norvegia\\\/\"},\"author\":{\"name\":\"redazione\",\"@id\":\"https:\\\/\\\/www.bellunopress.it\\\/#\\\/schema\\\/person\\\/79bb06722b37ece1c03d3e94beb30d73\"},\"headline\":\"Meno due al grande fondo in Norvegia\",\"datePublished\":\"2009-11-19T21:54:48+00:00\",\"mainEntityOfPage\":{\"@id\":\"https:\\\/\\\/www.bellunopress.it\\\/2009\\\/11\\\/19\\\/meno-due-al-grande-fondo-in-norvegia\\\/\"},\"wordCount\":364,\"publisher\":{\"@id\":\"https:\\\/\\\/www.bellunopress.it\\\/#organization\"},\"image\":{\"@id\":\"https:\\\/\\\/www.bellunopress.it\\\/2009\\\/11\\\/19\\\/meno-due-al-grande-fondo-in-norvegia\\\/#primaryimage\"},\"thumbnailUrl\":\"http:\\\/\\\/www.bellunopress.it\\\/wp-content\\\/uploads\\\/2009\\\/11\\\/radio-piu-300x232.png\",\"keywords\":[\"Belluno\"],\"articleSection\":[\"Pausa Caff\u00e8\",\"Sport, tempo libero\"],\"inLanguage\":\"fr-FR\"},{\"@type\":\"WebPage\",\"@id\":\"https:\\\/\\\/www.bellunopress.it\\\/2009\\\/11\\\/19\\\/meno-due-al-grande-fondo-in-norvegia\\\/\",\"url\":\"https:\\\/\\\/www.bellunopress.it\\\/2009\\\/11\\\/19\\\/meno-due-al-grande-fondo-in-norvegia\\\/\",\"name\":\"Meno due al grande fondo in Norvegia - Bellunopress - Dolomiti\",\"isPartOf\":{\"@id\":\"https:\\\/\\\/www.bellunopress.it\\\/#website\"},\"primaryImageOfPage\":{\"@id\":\"https:\\\/\\\/www.bellunopress.it\\\/2009\\\/11\\\/19\\\/meno-due-al-grande-fondo-in-norvegia\\\/#primaryimage\"},\"image\":{\"@id\":\"https:\\\/\\\/www.bellunopress.it\\\/2009\\\/11\\\/19\\\/meno-due-al-grande-fondo-in-norvegia\\\/#primaryimage\"},\"thumbnailUrl\":\"http:\\\/\\\/www.bellunopress.it\\\/wp-content\\\/uploads\\\/2009\\\/11\\\/radio-piu-300x232.png\",\"datePublished\":\"2009-11-19T21:54:48+00:00\",\"breadcrumb\":{\"@id\":\"https:\\\/\\\/www.bellunopress.it\\\/2009\\\/11\\\/19\\\/meno-due-al-grande-fondo-in-norvegia\\\/#breadcrumb\"},\"inLanguage\":\"fr-FR\",\"potentialAction\":[{\"@type\":\"ReadAction\",\"target\":[\"https:\\\/\\\/www.bellunopress.it\\\/2009\\\/11\\\/19\\\/meno-due-al-grande-fondo-in-norvegia\\\/\"]}]},{\"@type\":\"ImageObject\",\"inLanguage\":\"fr-FR\",\"@id\":\"https:\\\/\\\/www.bellunopress.it\\\/2009\\\/11\\\/19\\\/meno-due-al-grande-fondo-in-norvegia\\\/#primaryimage\",\"url\":\"http:\\\/\\\/www.bellunopress.it\\\/wp-content\\\/uploads\\\/2009\\\/11\\\/radio-piu-300x232.png\",\"contentUrl\":\"http:\\\/\\\/www.bellunopress.it\\\/wp-content\\\/uploads\\\/2009\\\/11\\\/radio-piu-300x232.png\"},{\"@type\":\"BreadcrumbList\",\"@id\":\"https:\\\/\\\/www.bellunopress.it\\\/2009\\\/11\\\/19\\\/meno-due-al-grande-fondo-in-norvegia\\\/#breadcrumb\",\"itemListElement\":[{\"@type\":\"ListItem\",\"position\":1,\"name\":\"Home\",\"item\":\"https:\\\/\\\/www.bellunopress.it\\\/\"},{\"@type\":\"ListItem\",\"position\":2,\"name\":\"Meno due al grande fondo in Norvegia\"}]},{\"@type\":\"WebSite\",\"@id\":\"https:\\\/\\\/www.bellunopress.it\\\/#website\",\"url\":\"https:\\\/\\\/www.bellunopress.it\\\/\",\"name\":\"Bellunopress - Dolomiti\",\"description\":\"e-mail: redazione@bellunopress.it\",\"publisher\":{\"@id\":\"https:\\\/\\\/www.bellunopress.it\\\/#organization\"},\"potentialAction\":[{\"@type\":\"SearchAction\",\"target\":{\"@type\":\"EntryPoint\",\"urlTemplate\":\"https:\\\/\\\/www.bellunopress.it\\\/?s={search_term_string}\"},\"query-input\":{\"@type\":\"PropertyValueSpecification\",\"valueRequired\":true,\"valueName\":\"search_term_string\"}}],\"inLanguage\":\"fr-FR\"},{\"@type\":\"Organization\",\"@id\":\"https:\\\/\\\/www.bellunopress.it\\\/#organization\",\"name\":\"Bellunopress\",\"url\":\"https:\\\/\\\/www.bellunopress.it\\\/\",\"logo\":{\"@type\":\"ImageObject\",\"inLanguage\":\"fr-FR\",\"@id\":\"https:\\\/\\\/www.bellunopress.it\\\/#\\\/schema\\\/logo\\\/image\\\/\",\"url\":\"https:\\\/\\\/www.bellunopress.it\\\/wp-content\\\/uploads\\\/2011\\\/05\\\/cropped-logo-bellunopress-.jpg\",\"contentUrl\":\"https:\\\/\\\/www.bellunopress.it\\\/wp-content\\\/uploads\\\/2011\\\/05\\\/cropped-logo-bellunopress-.jpg\",\"width\":512,\"height\":512,\"caption\":\"Bellunopress\"},\"image\":{\"@id\":\"https:\\\/\\\/www.bellunopress.it\\\/#\\\/schema\\\/logo\\\/image\\\/\"},\"sameAs\":[\"https:\\\/\\\/www.facebook.com\\\/profile.php?id=100008943462799\",\"https:\\\/\\\/x.com\\\/bellunopress\",\"https:\\\/\\\/www.linkedin.com\\\/hp\\\/?dnr=JBzUWaJfMUw8vbXJJ2tVW5-I3jZKvC4wsoxE&amp;amp;amp;amp;amp;amp;trk=nav_responsive_tab_home\",\"https:\\\/\\\/www.youtube.com\\\/channel\\\/UCxL0wu1uN0_3_7hGG0306cw\"]},{\"@type\":\"Person\",\"@id\":\"https:\\\/\\\/www.bellunopress.it\\\/#\\\/schema\\\/person\\\/79bb06722b37ece1c03d3e94beb30d73\",\"name\":\"redazione\",\"image\":{\"@type\":\"ImageObject\",\"inLanguage\":\"fr-FR\",\"@id\":\"https:\\\/\\\/secure.gravatar.com\\\/avatar\\\/37d968a2e67a6fd04c169c4bdef102d0bc5d31b2546345219e348575eb80e9a0?s=96&d=mm&r=g\",\"url\":\"https:\\\/\\\/secure.gravatar.com\\\/avatar\\\/37d968a2e67a6fd04c169c4bdef102d0bc5d31b2546345219e348575eb80e9a0?s=96&d=mm&r=g\",\"contentUrl\":\"https:\\\/\\\/secure.gravatar.com\\\/avatar\\\/37d968a2e67a6fd04c169c4bdef102d0bc5d31b2546345219e348575eb80e9a0?s=96&d=mm&r=g\",\"caption\":\"redazione\"},\"sameAs\":[\"http:\\\/\\\/www.bellunopress.it\",\"https:\\\/\\\/x.com\\\/bellunopress\"],\"url\":\"https:\\\/\\\/www.bellunopress.it\\\/fr\\\/author\\\/redazione\\\/\"}]}<\/script>\n<!-- \/ Yoast SEO plugin. -->","yoast_head_json":{"title":"Meno due al grande fondo in Norvegia - Bellunopress - Dolomiti","robots":{"index":"index","follow":"follow","max-snippet":"max-snippet:-1","max-image-preview":"max-image-preview:large","max-video-preview":"max-video-preview:-1"},"canonical":"https:\/\/www.bellunopress.it\/fr\/2009\/11\/19\/meno-due-al-grande-fondo-in-norvegia\/","og_locale":"fr_FR","og_type":"article","og_title":"Meno due al grande fondo in Norvegia - Bellunopress - Dolomiti","og_description":"Sabato e domenica in Norvegia a Beitostolen prende il via la Coppa del Mondo di sci di fondo. Sabato alle 11.30 toccher\u00e0 alle donne (10 chilometri tenica libera), alle 13.15 start per la categoria maschile (15 chilometri tecnica libera) e domenica le staffette maschili e femminili. A Beitostolen continua a nevicare, lo confermano Magda Genuin [&hellip;]","og_url":"https:\/\/www.bellunopress.it\/fr\/2009\/11\/19\/meno-due-al-grande-fondo-in-norvegia\/","og_site_name":"Bellunopress - Dolomiti","article_publisher":"https:\/\/www.facebook.com\/profile.php?id=100008943462799","article_published_time":"2009-11-19T21:54:48+00:00","og_image":[{"url":"http:\/\/www.bellunopress.it\/wp-content\/uploads\/2009\/11\/radio-piu-300x232.png","type":"","width":"","height":""}],"author":"redazione","twitter_card":"summary_large_image","twitter_creator":"@bellunopress","twitter_site":"@bellunopress","twitter_misc":{"\u00c9crit par":"redazione","Dur\u00e9e de lecture estim\u00e9e":"2 minutes"},"schema":{"@context":"https:\/\/schema.org","@graph":[{"@type":"Article","@id":"https:\/\/www.bellunopress.it\/2009\/11\/19\/meno-due-al-grande-fondo-in-norvegia\/#article","isPartOf":{"@id":"https:\/\/www.bellunopress.it\/2009\/11\/19\/meno-due-al-grande-fondo-in-norvegia\/"},"author":{"name":"redazione","@id":"https:\/\/www.bellunopress.it\/#\/schema\/person\/79bb06722b37ece1c03d3e94beb30d73"},"headline":"Meno due al grande fondo in Norvegia","datePublished":"2009-11-19T21:54:48+00:00","mainEntityOfPage":{"@id":"https:\/\/www.bellunopress.it\/2009\/11\/19\/meno-due-al-grande-fondo-in-norvegia\/"},"wordCount":364,"publisher":{"@id":"https:\/\/www.bellunopress.it\/#organization"},"image":{"@id":"https:\/\/www.bellunopress.it\/2009\/11\/19\/meno-due-al-grande-fondo-in-norvegia\/#primaryimage"},"thumbnailUrl":"http:\/\/www.bellunopress.it\/wp-content\/uploads\/2009\/11\/radio-piu-300x232.png","keywords":["Belluno"],"articleSection":["Pausa Caff\u00e8","Sport, tempo libero"],"inLanguage":"fr-FR"},{"@type":"WebPage","@id":"https:\/\/www.bellunopress.it\/2009\/11\/19\/meno-due-al-grande-fondo-in-norvegia\/","url":"https:\/\/www.bellunopress.it\/2009\/11\/19\/meno-due-al-grande-fondo-in-norvegia\/","name":"Meno due al grande fondo in Norvegia - Bellunopress - Dolomiti","isPartOf":{"@id":"https:\/\/www.bellunopress.it\/#website"},"primaryImageOfPage":{"@id":"https:\/\/www.bellunopress.it\/2009\/11\/19\/meno-due-al-grande-fondo-in-norvegia\/#primaryimage"},"image":{"@id":"https:\/\/www.bellunopress.it\/2009\/11\/19\/meno-due-al-grande-fondo-in-norvegia\/#primaryimage"},"thumbnailUrl":"http:\/\/www.bellunopress.it\/wp-content\/uploads\/2009\/11\/radio-piu-300x232.png","datePublished":"2009-11-19T21:54:48+00:00","breadcrumb":{"@id":"https:\/\/www.bellunopress.it\/2009\/11\/19\/meno-due-al-grande-fondo-in-norvegia\/#breadcrumb"},"inLanguage":"fr-FR","potentialAction":[{"@type":"ReadAction","target":["https:\/\/www.bellunopress.it\/2009\/11\/19\/meno-due-al-grande-fondo-in-norvegia\/"]}]},{"@type":"ImageObject","inLanguage":"fr-FR","@id":"https:\/\/www.bellunopress.it\/2009\/11\/19\/meno-due-al-grande-fondo-in-norvegia\/#primaryimage","url":"http:\/\/www.bellunopress.it\/wp-content\/uploads\/2009\/11\/radio-piu-300x232.png","contentUrl":"http:\/\/www.bellunopress.it\/wp-content\/uploads\/2009\/11\/radio-piu-300x232.png"},{"@type":"BreadcrumbList","@id":"https:\/\/www.bellunopress.it\/2009\/11\/19\/meno-due-al-grande-fondo-in-norvegia\/#breadcrumb","itemListElement":[{"@type":"ListItem","position":1,"name":"Home","item":"https:\/\/www.bellunopress.it\/"},{"@type":"ListItem","position":2,"name":"Meno due al grande fondo in Norvegia"}]},{"@type":"WebSite","@id":"https:\/\/www.bellunopress.it\/#website","url":"https:\/\/www.bellunopress.it\/","name":"Bellunopress - Dolomiti","description":"e-mail: redazione@bellunopress.it","publisher":{"@id":"https:\/\/www.bellunopress.it\/#organization"},"potentialAction":[{"@type":"SearchAction","target":{"@type":"EntryPoint","urlTemplate":"https:\/\/www.bellunopress.it\/?s={search_term_string}"},"query-input":{"@type":"PropertyValueSpecification","valueRequired":true,"valueName":"search_term_string"}}],"inLanguage":"fr-FR"},{"@type":"Organization","@id":"https:\/\/www.bellunopress.it\/#organization","name":"Bellunopress","url":"https:\/\/www.bellunopress.it\/","logo":{"@type":"ImageObject","inLanguage":"fr-FR","@id":"https:\/\/www.bellunopress.it\/#\/schema\/logo\/image\/","url":"https:\/\/www.bellunopress.it\/wp-content\/uploads\/2011\/05\/cropped-logo-bellunopress-.jpg","contentUrl":"https:\/\/www.bellunopress.it\/wp-content\/uploads\/2011\/05\/cropped-logo-bellunopress-.jpg","width":512,"height":512,"caption":"Bellunopress"},"image":{"@id":"https:\/\/www.bellunopress.it\/#\/schema\/logo\/image\/"},"sameAs":["https:\/\/www.facebook.com\/profile.php?id=100008943462799","https:\/\/x.com\/bellunopress","https:\/\/www.linkedin.com\/hp\/?dnr=JBzUWaJfMUw8vbXJJ2tVW5-I3jZKvC4wsoxE&amp;amp;amp;amp;amp;amp;trk=nav_responsive_tab_home","https:\/\/www.youtube.com\/channel\/UCxL0wu1uN0_3_7hGG0306cw"]},{"@type":"Person","@id":"https:\/\/www.bellunopress.it\/#\/schema\/person\/79bb06722b37ece1c03d3e94beb30d73","name":"r\u00e9daction","image":{"@type":"ImageObject","inLanguage":"fr-FR","@id":"https:\/\/secure.gravatar.com\/avatar\/37d968a2e67a6fd04c169c4bdef102d0bc5d31b2546345219e348575eb80e9a0?s=96&d=mm&r=g","url":"https:\/\/secure.gravatar.com\/avatar\/37d968a2e67a6fd04c169c4bdef102d0bc5d31b2546345219e348575eb80e9a0?s=96&d=mm&r=g","contentUrl":"https:\/\/secure.gravatar.com\/avatar\/37d968a2e67a6fd04c169c4bdef102d0bc5d31b2546345219e348575eb80e9a0?s=96&d=mm&r=g","caption":"redazione"},"sameAs":["http:\/\/www.bellunopress.it","https:\/\/x.com\/bellunopress"],"url":"https:\/\/www.bellunopress.it\/fr\/author\/redazione\/"}]}},"_links":{"self":[{"href":"https:\/\/www.bellunopress.it\/fr\/wp-json\/wp\/v2\/posts\/9923","targetHints":{"allow":["GET"]}}],"collection":[{"href":"https:\/\/www.bellunopress.it\/fr\/wp-json\/wp\/v2\/posts"}],"about":[{"href":"https:\/\/www.bellunopress.it\/fr\/wp-json\/wp\/v2\/types\/post"}],"author":[{"embeddable":true,"href":"https:\/\/www.bellunopress.it\/fr\/wp-json\/wp\/v2\/users\/2"}],"replies":[{"embeddable":true,"href":"https:\/\/www.bellunopress.it\/fr\/wp-json\/wp\/v2\/comments?post=9923"}],"version-history":[{"count":1,"href":"https:\/\/www.bellunopress.it\/fr\/wp-json\/wp\/v2\/posts\/9923\/revisions"}],"predecessor-version":[{"id":9925,"href":"https:\/\/www.bellunopress.it\/fr\/wp-json\/wp\/v2\/posts\/9923\/revisions\/9925"}],"wp:attachment":[{"href":"https:\/\/www.bellunopress.it\/fr\/wp-json\/wp\/v2\/media?parent=9923"}],"wp:term":[{"taxonomy":"category","embeddable":true,"href":"https:\/\/www.bellunopress.it\/fr\/wp-json\/wp\/v2\/categories?post=9923"},{"taxonomy":"post_tag","embeddable":true,"href":"https:\/\/www.bellunopress.it\/fr\/wp-json\/wp\/v2\/tags?post=9923"}],"curies":[{"name":"wp","href":"https:\/\/api.w.org\/{rel}","templated":true}]}}