{"id":9910,"date":"2009-11-19T20:32:50","date_gmt":"2009-11-19T19:32:50","guid":{"rendered":"http:\/\/www.bellunopress.it\/?p=9910"},"modified":"2009-11-19T22:50:31","modified_gmt":"2009-11-19T21:50:31","slug":"sabato-a-feltre-o-quanti-belli-colori%c2%94dal-cappuccetto-di-bruno-munari","status":"publish","type":"post","link":"https:\/\/www.bellunopress.it\/fr\/2009\/11\/19\/sabato-a-feltre-o-quanti-belli-colori%c2%94dal-cappuccetto-di-bruno-munari\/","title":{"rendered":"Sabato a Feltre &#8220;O quanti belli colori&#8221; dal Cappuccetto di Bruno Munari"},"content":{"rendered":"<p>Per la Stagione di Teatro per le Scuole e le Famiglie, sabato 21 novembre, alle ore 17:30 presso l&#8217;Auditorium dell&#8217;Istituto Canossiano di Feltre, un festoso appuntamento dedicato proprio alle famiglie: O quanti belli colori liberamente tratto da Cappuccetto Rosso Verde Giallo Blu e Bianco di Bruno Munari. Un attore-imbonitore, Giullare e Cantastorie, un tavolo lungo lungo lungo, un mucchio di oggetti, un libro di incredibile e fantastica visione, una storia nota a chiunque, una pentola piena di colori, un mestolone di legno&#8230; ed ecco nascere uno spettacolo divertente ed originale. Bruno Munari prende una delle storie pi\u00f9 semplici e popolari che esistano, Cappuccetto Rosso e, con la sua inesauribile fantasia, pensa di dare al cappuccio una serie di colori diversi, cos\u00ec Cappuccetto diventa Verde, Giallo, Blu e anche Bianco. Nella versione Verde sono le rane che aiutano Cappuccetto Verde a salvarsi dalle fauci del Lupo, nella versione Gialla il bosco \u00e8 una metropoli contemporanea intasata di traffico e rumori, il Lupo \u00e8 un tassista e sono i canarini ad aiutare Cappuccetto Giallo a raggiungere la casa della Nonna. Il bosco del Blu diventa Mare, la Nonna abita su un isolotto nelle cui acque si muove il terribile Squalo\\Lupo. Nel Bianco, Munari raggiunge forse il suo picco poetico, tutto \u00e8 coperto di neve; alberi, case, strade, tutto, non si vede altro che bianco, istanti di pura magia. L&#8217;attore, supportato da una scenografia musicale espressamente scritta per lo spettacolo, conduce il racconto, ne interpreta i ruoli, le voci, gli ambienti, accompagnandoci in un viaggio all&#8217;insegna della creativit\u00e0 e della semplicit\u00e0. In scena Oberdan\u00a0 Cesanelli, musiche originali Rodolfo Spaccapaniccia, scene, figure ed oggetti Paolo De Santi, Corrado Virgili, Simona Nicheli, costumi Maria Luce Martini, Sauro Marinelli, regia Paolo De Santi, Marco Renzi, produzione eventi culturali \/ teatri comunicanti centro di produzione e servizi per le attivit\u00e0 culturali e lo spettacolo. La Stagione di Teatro per le Scuole e le Famiglie \u00e8 organizzata da Tib Teatro, per la direzione artistica di Daniela Nicosia, con il Comune di Feltre, la Fondazione Teatri delle Dolomiti e il Ministero per i Beni e le Attivit\u00e0 Culturali. Info e prenotazioni 0437-950555. <a href=\"http:\/\/www.tibteatro.it\">www.tibteatro.it<\/a><\/p>","protected":false},"excerpt":{"rendered":"<p>Per la Stagione di Teatro per le Scuole e le Famiglie, sabato 21 novembre, alle ore 17:30 presso l&#8217;Auditorium dell&#8217;Istituto Canossiano di Feltre, un festoso appuntamento dedicato proprio alle famiglie: O quanti belli colori liberamente tratto da Cappuccetto Rosso Verde Giallo Blu e Bianco di Bruno Munari. Un attore-imbonitore, Giullare e Cantastorie, un tavolo lungo [&hellip;]<\/p>\n","protected":false},"author":2,"featured_media":0,"comment_status":"closed","ping_status":"open","sticky":false,"template":"","format":"standard","meta":{"footnotes":""},"categories":[3,25],"tags":[63,302],"class_list":["post-9910","post","type-post","status-publish","format-standard","category-arte-cultura-spettacoli-scienza-archivi","category-pausa-caffe","tag-dolomiti","tag-feltre"],"yoast_head":"<!-- This site is optimized with the Yoast SEO plugin v28.4 - https:\/\/yoast.com\/product\/yoast-seo-wordpress\/ -->\n<title>Sabato a Feltre &quot;O quanti belli colori&quot; dal Cappuccetto di Bruno Munari - Bellunopress - Dolomiti<\/title>\n<meta name=\"robots\" content=\"index, follow, max-snippet:-1, max-image-preview:large, max-video-preview:-1\" \/>\n<link rel=\"canonical\" href=\"https:\/\/www.bellunopress.it\/fr\/2009\/11\/19\/sabato-a-feltre-o-quanti-belli-colori\u0094dal-cappuccetto-di-bruno-munari\/\" \/>\n<meta property=\"og:locale\" content=\"fr_FR\" \/>\n<meta property=\"og:type\" content=\"article\" \/>\n<meta property=\"og:title\" content=\"Sabato a Feltre &quot;O quanti belli colori&quot; dal Cappuccetto di Bruno Munari - Bellunopress - Dolomiti\" \/>\n<meta property=\"og:description\" content=\"Per la Stagione di Teatro per le Scuole e le Famiglie, sabato 21 novembre, alle ore 17:30 presso l&#8217;Auditorium dell&#8217;Istituto Canossiano di Feltre, un festoso appuntamento dedicato proprio alle famiglie: O quanti belli colori liberamente tratto da Cappuccetto Rosso Verde Giallo Blu e Bianco di Bruno Munari. Un attore-imbonitore, Giullare e Cantastorie, un tavolo lungo [&hellip;]\" \/>\n<meta property=\"og:url\" content=\"https:\/\/www.bellunopress.it\/fr\/2009\/11\/19\/sabato-a-feltre-o-quanti-belli-colori\u0094dal-cappuccetto-di-bruno-munari\/\" \/>\n<meta property=\"og:site_name\" content=\"Bellunopress - Dolomiti\" \/>\n<meta property=\"article:publisher\" content=\"https:\/\/www.facebook.com\/profile.php?id=100008943462799\" \/>\n<meta property=\"article:published_time\" content=\"2009-11-19T19:32:50+00:00\" \/>\n<meta property=\"article:modified_time\" content=\"2009-11-19T21:50:31+00:00\" \/>\n<meta property=\"og:image\" content=\"http:\/\/www.bellunopress.it\/wp-content\/uploads\/2012\/07\/logo-bellunopress-250x250-2012.jpg\" \/>\n<meta name=\"author\" content=\"redazione\" \/>\n<meta name=\"twitter:card\" content=\"summary_large_image\" \/>\n<meta name=\"twitter:creator\" content=\"@bellunopress\" \/>\n<meta name=\"twitter:site\" content=\"@bellunopress\" \/>\n<meta name=\"twitter:label1\" content=\"\u00c9crit par\" \/>\n\t<meta name=\"twitter:data1\" content=\"redazione\" \/>\n\t<meta name=\"twitter:label2\" content=\"Dur\u00e9e de lecture estim\u00e9e\" \/>\n\t<meta name=\"twitter:data2\" content=\"2 minutes\" \/>\n<script type=\"application\/ld+json\" class=\"yoast-schema-graph\">{\"@context\":\"https:\\\/\\\/schema.org\",\"@graph\":[{\"@type\":\"Article\",\"@id\":\"https:\\\/\\\/www.bellunopress.it\\\/2009\\\/11\\\/19\\\/sabato-a-feltre-o-quanti-belli-colori%c2%94dal-cappuccetto-di-bruno-munari\\\/#article\",\"isPartOf\":{\"@id\":\"https:\\\/\\\/www.bellunopress.it\\\/2009\\\/11\\\/19\\\/sabato-a-feltre-o-quanti-belli-colori%c2%94dal-cappuccetto-di-bruno-munari\\\/\"},\"author\":{\"name\":\"redazione\",\"@id\":\"https:\\\/\\\/www.bellunopress.it\\\/#\\\/schema\\\/person\\\/79bb06722b37ece1c03d3e94beb30d73\"},\"headline\":\"Sabato a Feltre &#8220;O quanti belli colori&#8221; dal Cappuccetto di Bruno Munari\",\"datePublished\":\"2009-11-19T19:32:50+00:00\",\"dateModified\":\"2009-11-19T21:50:31+00:00\",\"mainEntityOfPage\":{\"@id\":\"https:\\\/\\\/www.bellunopress.it\\\/2009\\\/11\\\/19\\\/sabato-a-feltre-o-quanti-belli-colori%c2%94dal-cappuccetto-di-bruno-munari\\\/\"},\"wordCount\":366,\"publisher\":{\"@id\":\"https:\\\/\\\/www.bellunopress.it\\\/#organization\"},\"keywords\":[\"Dolomiti\",\"Feltre\"],\"articleSection\":[\"Arte, Cultura, Spettacoli, Scienza\",\"Pausa Caff\u00e8\"],\"inLanguage\":\"fr-FR\"},{\"@type\":\"WebPage\",\"@id\":\"https:\\\/\\\/www.bellunopress.it\\\/2009\\\/11\\\/19\\\/sabato-a-feltre-o-quanti-belli-colori%c2%94dal-cappuccetto-di-bruno-munari\\\/\",\"url\":\"https:\\\/\\\/www.bellunopress.it\\\/2009\\\/11\\\/19\\\/sabato-a-feltre-o-quanti-belli-colori%c2%94dal-cappuccetto-di-bruno-munari\\\/\",\"name\":\"Sabato a Feltre \\\"O quanti belli colori\\\" dal Cappuccetto di Bruno Munari - Bellunopress - Dolomiti\",\"isPartOf\":{\"@id\":\"https:\\\/\\\/www.bellunopress.it\\\/#website\"},\"datePublished\":\"2009-11-19T19:32:50+00:00\",\"dateModified\":\"2009-11-19T21:50:31+00:00\",\"breadcrumb\":{\"@id\":\"https:\\\/\\\/www.bellunopress.it\\\/2009\\\/11\\\/19\\\/sabato-a-feltre-o-quanti-belli-colori%c2%94dal-cappuccetto-di-bruno-munari\\\/#breadcrumb\"},\"inLanguage\":\"fr-FR\",\"potentialAction\":[{\"@type\":\"ReadAction\",\"target\":[\"https:\\\/\\\/www.bellunopress.it\\\/2009\\\/11\\\/19\\\/sabato-a-feltre-o-quanti-belli-colori%c2%94dal-cappuccetto-di-bruno-munari\\\/\"]}]},{\"@type\":\"BreadcrumbList\",\"@id\":\"https:\\\/\\\/www.bellunopress.it\\\/2009\\\/11\\\/19\\\/sabato-a-feltre-o-quanti-belli-colori%c2%94dal-cappuccetto-di-bruno-munari\\\/#breadcrumb\",\"itemListElement\":[{\"@type\":\"ListItem\",\"position\":1,\"name\":\"Home\",\"item\":\"https:\\\/\\\/www.bellunopress.it\\\/\"},{\"@type\":\"ListItem\",\"position\":2,\"name\":\"Sabato a Feltre &#8220;O quanti belli colori&#8221; dal Cappuccetto di Bruno Munari\"}]},{\"@type\":\"WebSite\",\"@id\":\"https:\\\/\\\/www.bellunopress.it\\\/#website\",\"url\":\"https:\\\/\\\/www.bellunopress.it\\\/\",\"name\":\"Bellunopress - Dolomiti\",\"description\":\"e-mail: redazione@bellunopress.it\",\"publisher\":{\"@id\":\"https:\\\/\\\/www.bellunopress.it\\\/#organization\"},\"potentialAction\":[{\"@type\":\"SearchAction\",\"target\":{\"@type\":\"EntryPoint\",\"urlTemplate\":\"https:\\\/\\\/www.bellunopress.it\\\/?s={search_term_string}\"},\"query-input\":{\"@type\":\"PropertyValueSpecification\",\"valueRequired\":true,\"valueName\":\"search_term_string\"}}],\"inLanguage\":\"fr-FR\"},{\"@type\":\"Organization\",\"@id\":\"https:\\\/\\\/www.bellunopress.it\\\/#organization\",\"name\":\"Bellunopress\",\"url\":\"https:\\\/\\\/www.bellunopress.it\\\/\",\"logo\":{\"@type\":\"ImageObject\",\"inLanguage\":\"fr-FR\",\"@id\":\"https:\\\/\\\/www.bellunopress.it\\\/#\\\/schema\\\/logo\\\/image\\\/\",\"url\":\"https:\\\/\\\/www.bellunopress.it\\\/wp-content\\\/uploads\\\/2011\\\/05\\\/cropped-logo-bellunopress-.jpg\",\"contentUrl\":\"https:\\\/\\\/www.bellunopress.it\\\/wp-content\\\/uploads\\\/2011\\\/05\\\/cropped-logo-bellunopress-.jpg\",\"width\":512,\"height\":512,\"caption\":\"Bellunopress\"},\"image\":{\"@id\":\"https:\\\/\\\/www.bellunopress.it\\\/#\\\/schema\\\/logo\\\/image\\\/\"},\"sameAs\":[\"https:\\\/\\\/www.facebook.com\\\/profile.php?id=100008943462799\",\"https:\\\/\\\/x.com\\\/bellunopress\",\"https:\\\/\\\/www.linkedin.com\\\/hp\\\/?dnr=JBzUWaJfMUw8vbXJJ2tVW5-I3jZKvC4wsoxE&amp;amp;amp;amp;amp;amp;trk=nav_responsive_tab_home\",\"https:\\\/\\\/www.youtube.com\\\/channel\\\/UCxL0wu1uN0_3_7hGG0306cw\"]},{\"@type\":\"Person\",\"@id\":\"https:\\\/\\\/www.bellunopress.it\\\/#\\\/schema\\\/person\\\/79bb06722b37ece1c03d3e94beb30d73\",\"name\":\"redazione\",\"image\":{\"@type\":\"ImageObject\",\"inLanguage\":\"fr-FR\",\"@id\":\"https:\\\/\\\/secure.gravatar.com\\\/avatar\\\/37d968a2e67a6fd04c169c4bdef102d0bc5d31b2546345219e348575eb80e9a0?s=96&d=mm&r=g\",\"url\":\"https:\\\/\\\/secure.gravatar.com\\\/avatar\\\/37d968a2e67a6fd04c169c4bdef102d0bc5d31b2546345219e348575eb80e9a0?s=96&d=mm&r=g\",\"contentUrl\":\"https:\\\/\\\/secure.gravatar.com\\\/avatar\\\/37d968a2e67a6fd04c169c4bdef102d0bc5d31b2546345219e348575eb80e9a0?s=96&d=mm&r=g\",\"caption\":\"redazione\"},\"sameAs\":[\"http:\\\/\\\/www.bellunopress.it\",\"https:\\\/\\\/x.com\\\/bellunopress\"],\"url\":\"https:\\\/\\\/www.bellunopress.it\\\/fr\\\/author\\\/redazione\\\/\"}]}<\/script>\n<!-- \/ Yoast SEO plugin. -->","yoast_head_json":{"title":"Sabato a Feltre \"O quanti belli colori\" dal Cappuccetto di Bruno Munari - Bellunopress - Dolomiti","robots":{"index":"index","follow":"follow","max-snippet":"max-snippet:-1","max-image-preview":"max-image-preview:large","max-video-preview":"max-video-preview:-1"},"canonical":"https:\/\/www.bellunopress.it\/fr\/2009\/11\/19\/sabato-a-feltre-o-quanti-belli-colori\u0094dal-cappuccetto-di-bruno-munari\/","og_locale":"fr_FR","og_type":"article","og_title":"Sabato a Feltre \"O quanti belli colori\" dal Cappuccetto di Bruno Munari - Bellunopress - Dolomiti","og_description":"Per la Stagione di Teatro per le Scuole e le Famiglie, sabato 21 novembre, alle ore 17:30 presso l&#8217;Auditorium dell&#8217;Istituto Canossiano di Feltre, un festoso appuntamento dedicato proprio alle famiglie: O quanti belli colori liberamente tratto da Cappuccetto Rosso Verde Giallo Blu e Bianco di Bruno Munari. Un attore-imbonitore, Giullare e Cantastorie, un tavolo lungo [&hellip;]","og_url":"https:\/\/www.bellunopress.it\/fr\/2009\/11\/19\/sabato-a-feltre-o-quanti-belli-colori\u0094dal-cappuccetto-di-bruno-munari\/","og_site_name":"Bellunopress - Dolomiti","article_publisher":"https:\/\/www.facebook.com\/profile.php?id=100008943462799","article_published_time":"2009-11-19T19:32:50+00:00","article_modified_time":"2009-11-19T21:50:31+00:00","og_image":[{"url":"http:\/\/www.bellunopress.it\/wp-content\/uploads\/2012\/07\/logo-bellunopress-250x250-2012.jpg","type":"","width":"","height":""}],"author":"redazione","twitter_card":"summary_large_image","twitter_creator":"@bellunopress","twitter_site":"@bellunopress","twitter_misc":{"\u00c9crit par":"redazione","Dur\u00e9e de lecture estim\u00e9e":"2 minutes"},"schema":{"@context":"https:\/\/schema.org","@graph":[{"@type":"Article","@id":"https:\/\/www.bellunopress.it\/2009\/11\/19\/sabato-a-feltre-o-quanti-belli-colori%c2%94dal-cappuccetto-di-bruno-munari\/#article","isPartOf":{"@id":"https:\/\/www.bellunopress.it\/2009\/11\/19\/sabato-a-feltre-o-quanti-belli-colori%c2%94dal-cappuccetto-di-bruno-munari\/"},"author":{"name":"redazione","@id":"https:\/\/www.bellunopress.it\/#\/schema\/person\/79bb06722b37ece1c03d3e94beb30d73"},"headline":"Sabato a Feltre &#8220;O quanti belli colori&#8221; dal Cappuccetto di Bruno Munari","datePublished":"2009-11-19T19:32:50+00:00","dateModified":"2009-11-19T21:50:31+00:00","mainEntityOfPage":{"@id":"https:\/\/www.bellunopress.it\/2009\/11\/19\/sabato-a-feltre-o-quanti-belli-colori%c2%94dal-cappuccetto-di-bruno-munari\/"},"wordCount":366,"publisher":{"@id":"https:\/\/www.bellunopress.it\/#organization"},"keywords":["Dolomiti","Feltre"],"articleSection":["Arte, Cultura, Spettacoli, Scienza","Pausa Caff\u00e8"],"inLanguage":"fr-FR"},{"@type":"WebPage","@id":"https:\/\/www.bellunopress.it\/2009\/11\/19\/sabato-a-feltre-o-quanti-belli-colori%c2%94dal-cappuccetto-di-bruno-munari\/","url":"https:\/\/www.bellunopress.it\/2009\/11\/19\/sabato-a-feltre-o-quanti-belli-colori%c2%94dal-cappuccetto-di-bruno-munari\/","name":"Sabato a Feltre \"O quanti belli colori\" dal Cappuccetto di Bruno Munari - Bellunopress - Dolomiti","isPartOf":{"@id":"https:\/\/www.bellunopress.it\/#website"},"datePublished":"2009-11-19T19:32:50+00:00","dateModified":"2009-11-19T21:50:31+00:00","breadcrumb":{"@id":"https:\/\/www.bellunopress.it\/2009\/11\/19\/sabato-a-feltre-o-quanti-belli-colori%c2%94dal-cappuccetto-di-bruno-munari\/#breadcrumb"},"inLanguage":"fr-FR","potentialAction":[{"@type":"ReadAction","target":["https:\/\/www.bellunopress.it\/2009\/11\/19\/sabato-a-feltre-o-quanti-belli-colori%c2%94dal-cappuccetto-di-bruno-munari\/"]}]},{"@type":"BreadcrumbList","@id":"https:\/\/www.bellunopress.it\/2009\/11\/19\/sabato-a-feltre-o-quanti-belli-colori%c2%94dal-cappuccetto-di-bruno-munari\/#breadcrumb","itemListElement":[{"@type":"ListItem","position":1,"name":"Home","item":"https:\/\/www.bellunopress.it\/"},{"@type":"ListItem","position":2,"name":"Sabato a Feltre &#8220;O quanti belli colori&#8221; dal Cappuccetto di Bruno Munari"}]},{"@type":"WebSite","@id":"https:\/\/www.bellunopress.it\/#website","url":"https:\/\/www.bellunopress.it\/","name":"Bellunopress - Dolomiti","description":"e-mail: redazione@bellunopress.it","publisher":{"@id":"https:\/\/www.bellunopress.it\/#organization"},"potentialAction":[{"@type":"SearchAction","target":{"@type":"EntryPoint","urlTemplate":"https:\/\/www.bellunopress.it\/?s={search_term_string}"},"query-input":{"@type":"PropertyValueSpecification","valueRequired":true,"valueName":"search_term_string"}}],"inLanguage":"fr-FR"},{"@type":"Organization","@id":"https:\/\/www.bellunopress.it\/#organization","name":"Bellunopress","url":"https:\/\/www.bellunopress.it\/","logo":{"@type":"ImageObject","inLanguage":"fr-FR","@id":"https:\/\/www.bellunopress.it\/#\/schema\/logo\/image\/","url":"https:\/\/www.bellunopress.it\/wp-content\/uploads\/2011\/05\/cropped-logo-bellunopress-.jpg","contentUrl":"https:\/\/www.bellunopress.it\/wp-content\/uploads\/2011\/05\/cropped-logo-bellunopress-.jpg","width":512,"height":512,"caption":"Bellunopress"},"image":{"@id":"https:\/\/www.bellunopress.it\/#\/schema\/logo\/image\/"},"sameAs":["https:\/\/www.facebook.com\/profile.php?id=100008943462799","https:\/\/x.com\/bellunopress","https:\/\/www.linkedin.com\/hp\/?dnr=JBzUWaJfMUw8vbXJJ2tVW5-I3jZKvC4wsoxE&amp;amp;amp;amp;amp;amp;trk=nav_responsive_tab_home","https:\/\/www.youtube.com\/channel\/UCxL0wu1uN0_3_7hGG0306cw"]},{"@type":"Person","@id":"https:\/\/www.bellunopress.it\/#\/schema\/person\/79bb06722b37ece1c03d3e94beb30d73","name":"r\u00e9daction","image":{"@type":"ImageObject","inLanguage":"fr-FR","@id":"https:\/\/secure.gravatar.com\/avatar\/37d968a2e67a6fd04c169c4bdef102d0bc5d31b2546345219e348575eb80e9a0?s=96&d=mm&r=g","url":"https:\/\/secure.gravatar.com\/avatar\/37d968a2e67a6fd04c169c4bdef102d0bc5d31b2546345219e348575eb80e9a0?s=96&d=mm&r=g","contentUrl":"https:\/\/secure.gravatar.com\/avatar\/37d968a2e67a6fd04c169c4bdef102d0bc5d31b2546345219e348575eb80e9a0?s=96&d=mm&r=g","caption":"redazione"},"sameAs":["http:\/\/www.bellunopress.it","https:\/\/x.com\/bellunopress"],"url":"https:\/\/www.bellunopress.it\/fr\/author\/redazione\/"}]}},"_links":{"self":[{"href":"https:\/\/www.bellunopress.it\/fr\/wp-json\/wp\/v2\/posts\/9910","targetHints":{"allow":["GET"]}}],"collection":[{"href":"https:\/\/www.bellunopress.it\/fr\/wp-json\/wp\/v2\/posts"}],"about":[{"href":"https:\/\/www.bellunopress.it\/fr\/wp-json\/wp\/v2\/types\/post"}],"author":[{"embeddable":true,"href":"https:\/\/www.bellunopress.it\/fr\/wp-json\/wp\/v2\/users\/2"}],"replies":[{"embeddable":true,"href":"https:\/\/www.bellunopress.it\/fr\/wp-json\/wp\/v2\/comments?post=9910"}],"version-history":[{"count":2,"href":"https:\/\/www.bellunopress.it\/fr\/wp-json\/wp\/v2\/posts\/9910\/revisions"}],"predecessor-version":[{"id":9922,"href":"https:\/\/www.bellunopress.it\/fr\/wp-json\/wp\/v2\/posts\/9910\/revisions\/9922"}],"wp:attachment":[{"href":"https:\/\/www.bellunopress.it\/fr\/wp-json\/wp\/v2\/media?parent=9910"}],"wp:term":[{"taxonomy":"category","embeddable":true,"href":"https:\/\/www.bellunopress.it\/fr\/wp-json\/wp\/v2\/categories?post=9910"},{"taxonomy":"post_tag","embeddable":true,"href":"https:\/\/www.bellunopress.it\/fr\/wp-json\/wp\/v2\/tags?post=9910"}],"curies":[{"name":"wp","href":"https:\/\/api.w.org\/{rel}","templated":true}]}}