{"id":9897,"date":"2009-11-19T14:48:38","date_gmt":"2009-11-19T13:48:38","guid":{"rendered":"http:\/\/www.bellunopress.it\/?p=9897"},"modified":"2009-11-19T14:48:38","modified_gmt":"2009-11-19T13:48:38","slug":"soddisfazione-di-de-bona-per-l%e2%80%99estradizione-in-italia-di-cesare-battisti","status":"publish","type":"post","link":"https:\/\/www.bellunopress.it\/fr\/2009\/11\/19\/soddisfazione-di-de-bona-per-l%e2%80%99estradizione-in-italia-di-cesare-battisti\/","title":{"rendered":"Soddisfazione di De Bona per l\u2019estradizione in Italia di Cesare Battisti"},"content":{"rendered":"<p>\u00a0\u00abLa mia soddisfazione \u00e8 grande per il verdetto espresso dai giudici del Tribunale federale supremo del Brasile con il quale \u00e8 stata decretata l\u2019estradabilit\u00e0 di Cesare Battisti riconoscendo che i crimini da lui commessi sono reati comuni e non politici. Infatti l\u2019ex terrorista \u00e8 stato condannato in Italia per aver compiuto delitti efferati: quattro omicidi, uno dei quali in Veneto, a Santa Maria di Sala in provincia di Venezia, con l\u2019uccisione del macellaio mestrino Lino Sabbadin. La decisione della Corte suprema brasiliana, anche se dovr\u00e0 essere ratificata dal presidente Lula, risponde alle aspettative non solo delle istituzioni e dei cittadini del nostro Paese, ma \u00e8 stata accolta in maniera molto sentita dalle comunit\u00e0 di origine italiana residenti in Brasile\u00bb.<br \/>\nLo dichiara l\u2019assessore ai Flussi migratori della Regione Veneto, Oscar De Bona, il quale\u00a0 aggiunge che il\u00a0 pronunciamento \u00e8 certamente il risultato della buona politica messa in atto dal Governo italiano. E sottolinea: \u00abE\u2019 anche il frutto del movimento di opinione scattato tra gli italiani del Brasile all\u2019indomani della concessione dell\u2019asilo politico a Battisti. Non solo buona parte della popolazione, ma anche molti uomini politici brasiliani avevano manifestato la loro contrariet\u00e0 nei confronti del comportamento del governo. Per parte mia, in qualit\u00e0 di assessore regionale, nel febbraio scorso avevo scritto ai circa 200 circoli e famiglie venete presenti in Brasile per farli partecipi del \u201cforte disagio\u201d di fronte al comportamento del Brasile. Cos\u00ec avevo diramato l\u2019invito a svolgere azione di sensibilizzazione nei propri territori per tenere alta l\u2019attenzione affinch\u00e9 fosse rivista la decisione governativa. Cosa che \u00e8 puntualmente avvenuta, rafforzata dalla raccolta di migliaia di firme che erano poi state inviate al presidente Lula. Anche questo, credo, ha contribuito a portare all\u2019esito favorevole di questi giorni\u00bb.<\/p>","protected":false},"excerpt":{"rendered":"<p>\u00a0\u00abLa mia soddisfazione \u00e8 grande per il verdetto espresso dai giudici del Tribunale federale supremo del Brasile con il quale \u00e8 stata decretata l\u2019estradabilit\u00e0 di Cesare Battisti riconoscendo che i crimini da lui commessi sono reati comuni e non politici. Infatti l\u2019ex terrorista \u00e8 stato condannato in Italia per aver compiuto delitti efferati: quattro omicidi, [&hellip;]<\/p>\n","protected":false},"author":2,"featured_media":0,"comment_status":"closed","ping_status":"open","sticky":false,"template":"","format":"standard","meta":{"footnotes":""},"categories":[5,26],"tags":[],"class_list":["post-9897","post","type-post","status-publish","format-standard","category-cronaca","category-prima-pagina"],"yoast_head":"<!-- This site is optimized with the Yoast SEO plugin v28.4 - https:\/\/yoast.com\/product\/yoast-seo-wordpress\/ -->\n<title>Soddisfazione di De Bona per l\u2019estradizione in Italia di Cesare Battisti - Bellunopress - Dolomiti<\/title>\n<meta name=\"robots\" content=\"index, follow, max-snippet:-1, max-image-preview:large, max-video-preview:-1\" \/>\n<link rel=\"canonical\" href=\"https:\/\/www.bellunopress.it\/fr\/2009\/11\/19\/soddisfazione-di-de-bona-per-l\u2019estradizione-in-italia-di-cesare-battisti\/\" \/>\n<meta property=\"og:locale\" content=\"fr_FR\" \/>\n<meta property=\"og:type\" content=\"article\" \/>\n<meta property=\"og:title\" content=\"Soddisfazione di De Bona per l\u2019estradizione in Italia di Cesare Battisti - Bellunopress - Dolomiti\" \/>\n<meta property=\"og:description\" content=\"\u00a0\u00abLa mia soddisfazione \u00e8 grande per il verdetto espresso dai giudici del Tribunale federale supremo del Brasile con il quale \u00e8 stata decretata l\u2019estradabilit\u00e0 di Cesare Battisti riconoscendo che i crimini da lui commessi sono reati comuni e non politici. Infatti l\u2019ex terrorista \u00e8 stato condannato in Italia per aver compiuto delitti efferati: quattro omicidi, [&hellip;]\" \/>\n<meta property=\"og:url\" content=\"https:\/\/www.bellunopress.it\/fr\/2009\/11\/19\/soddisfazione-di-de-bona-per-l\u2019estradizione-in-italia-di-cesare-battisti\/\" \/>\n<meta property=\"og:site_name\" content=\"Bellunopress - Dolomiti\" \/>\n<meta property=\"article:publisher\" content=\"https:\/\/www.facebook.com\/profile.php?id=100008943462799\" \/>\n<meta property=\"article:published_time\" content=\"2009-11-19T13:48:38+00:00\" \/>\n<meta property=\"og:image\" content=\"http:\/\/www.bellunopress.it\/wp-content\/uploads\/2012\/07\/logo-bellunopress-250x250-2012.jpg\" \/>\n<meta name=\"author\" content=\"redazione\" \/>\n<meta name=\"twitter:card\" content=\"summary_large_image\" \/>\n<meta name=\"twitter:creator\" content=\"@bellunopress\" \/>\n<meta name=\"twitter:site\" content=\"@bellunopress\" \/>\n<meta name=\"twitter:label1\" content=\"\u00c9crit par\" \/>\n\t<meta name=\"twitter:data1\" content=\"redazione\" \/>\n\t<meta name=\"twitter:label2\" content=\"Dur\u00e9e de lecture estim\u00e9e\" \/>\n\t<meta name=\"twitter:data2\" content=\"1 minute\" \/>\n<script type=\"application\/ld+json\" class=\"yoast-schema-graph\">{\"@context\":\"https:\\\/\\\/schema.org\",\"@graph\":[{\"@type\":\"Article\",\"@id\":\"https:\\\/\\\/www.bellunopress.it\\\/2009\\\/11\\\/19\\\/soddisfazione-di-de-bona-per-l%e2%80%99estradizione-in-italia-di-cesare-battisti\\\/#article\",\"isPartOf\":{\"@id\":\"https:\\\/\\\/www.bellunopress.it\\\/2009\\\/11\\\/19\\\/soddisfazione-di-de-bona-per-l%e2%80%99estradizione-in-italia-di-cesare-battisti\\\/\"},\"author\":{\"name\":\"redazione\",\"@id\":\"https:\\\/\\\/www.bellunopress.it\\\/#\\\/schema\\\/person\\\/79bb06722b37ece1c03d3e94beb30d73\"},\"headline\":\"Soddisfazione di De Bona per l\u2019estradizione in Italia di Cesare Battisti\",\"datePublished\":\"2009-11-19T13:48:38+00:00\",\"mainEntityOfPage\":{\"@id\":\"https:\\\/\\\/www.bellunopress.it\\\/2009\\\/11\\\/19\\\/soddisfazione-di-de-bona-per-l%e2%80%99estradizione-in-italia-di-cesare-battisti\\\/\"},\"wordCount\":299,\"publisher\":{\"@id\":\"https:\\\/\\\/www.bellunopress.it\\\/#organization\"},\"articleSection\":[\"Cronaca\\\/Politica\",\"Prima Pagina\"],\"inLanguage\":\"fr-FR\"},{\"@type\":\"WebPage\",\"@id\":\"https:\\\/\\\/www.bellunopress.it\\\/2009\\\/11\\\/19\\\/soddisfazione-di-de-bona-per-l%e2%80%99estradizione-in-italia-di-cesare-battisti\\\/\",\"url\":\"https:\\\/\\\/www.bellunopress.it\\\/2009\\\/11\\\/19\\\/soddisfazione-di-de-bona-per-l%e2%80%99estradizione-in-italia-di-cesare-battisti\\\/\",\"name\":\"Soddisfazione di De Bona per l\u2019estradizione in Italia di Cesare Battisti - Bellunopress - Dolomiti\",\"isPartOf\":{\"@id\":\"https:\\\/\\\/www.bellunopress.it\\\/#website\"},\"datePublished\":\"2009-11-19T13:48:38+00:00\",\"breadcrumb\":{\"@id\":\"https:\\\/\\\/www.bellunopress.it\\\/2009\\\/11\\\/19\\\/soddisfazione-di-de-bona-per-l%e2%80%99estradizione-in-italia-di-cesare-battisti\\\/#breadcrumb\"},\"inLanguage\":\"fr-FR\",\"potentialAction\":[{\"@type\":\"ReadAction\",\"target\":[\"https:\\\/\\\/www.bellunopress.it\\\/2009\\\/11\\\/19\\\/soddisfazione-di-de-bona-per-l%e2%80%99estradizione-in-italia-di-cesare-battisti\\\/\"]}]},{\"@type\":\"BreadcrumbList\",\"@id\":\"https:\\\/\\\/www.bellunopress.it\\\/2009\\\/11\\\/19\\\/soddisfazione-di-de-bona-per-l%e2%80%99estradizione-in-italia-di-cesare-battisti\\\/#breadcrumb\",\"itemListElement\":[{\"@type\":\"ListItem\",\"position\":1,\"name\":\"Home\",\"item\":\"https:\\\/\\\/www.bellunopress.it\\\/\"},{\"@type\":\"ListItem\",\"position\":2,\"name\":\"Soddisfazione di De Bona per l\u2019estradizione in Italia di Cesare Battisti\"}]},{\"@type\":\"WebSite\",\"@id\":\"https:\\\/\\\/www.bellunopress.it\\\/#website\",\"url\":\"https:\\\/\\\/www.bellunopress.it\\\/\",\"name\":\"Bellunopress - Dolomiti\",\"description\":\"e-mail: redazione@bellunopress.it\",\"publisher\":{\"@id\":\"https:\\\/\\\/www.bellunopress.it\\\/#organization\"},\"potentialAction\":[{\"@type\":\"SearchAction\",\"target\":{\"@type\":\"EntryPoint\",\"urlTemplate\":\"https:\\\/\\\/www.bellunopress.it\\\/?s={search_term_string}\"},\"query-input\":{\"@type\":\"PropertyValueSpecification\",\"valueRequired\":true,\"valueName\":\"search_term_string\"}}],\"inLanguage\":\"fr-FR\"},{\"@type\":\"Organization\",\"@id\":\"https:\\\/\\\/www.bellunopress.it\\\/#organization\",\"name\":\"Bellunopress\",\"url\":\"https:\\\/\\\/www.bellunopress.it\\\/\",\"logo\":{\"@type\":\"ImageObject\",\"inLanguage\":\"fr-FR\",\"@id\":\"https:\\\/\\\/www.bellunopress.it\\\/#\\\/schema\\\/logo\\\/image\\\/\",\"url\":\"https:\\\/\\\/www.bellunopress.it\\\/wp-content\\\/uploads\\\/2011\\\/05\\\/cropped-logo-bellunopress-.jpg\",\"contentUrl\":\"https:\\\/\\\/www.bellunopress.it\\\/wp-content\\\/uploads\\\/2011\\\/05\\\/cropped-logo-bellunopress-.jpg\",\"width\":512,\"height\":512,\"caption\":\"Bellunopress\"},\"image\":{\"@id\":\"https:\\\/\\\/www.bellunopress.it\\\/#\\\/schema\\\/logo\\\/image\\\/\"},\"sameAs\":[\"https:\\\/\\\/www.facebook.com\\\/profile.php?id=100008943462799\",\"https:\\\/\\\/x.com\\\/bellunopress\",\"https:\\\/\\\/www.linkedin.com\\\/hp\\\/?dnr=JBzUWaJfMUw8vbXJJ2tVW5-I3jZKvC4wsoxE&amp;amp;amp;amp;amp;amp;trk=nav_responsive_tab_home\",\"https:\\\/\\\/www.youtube.com\\\/channel\\\/UCxL0wu1uN0_3_7hGG0306cw\"]},{\"@type\":\"Person\",\"@id\":\"https:\\\/\\\/www.bellunopress.it\\\/#\\\/schema\\\/person\\\/79bb06722b37ece1c03d3e94beb30d73\",\"name\":\"redazione\",\"image\":{\"@type\":\"ImageObject\",\"inLanguage\":\"fr-FR\",\"@id\":\"https:\\\/\\\/secure.gravatar.com\\\/avatar\\\/37d968a2e67a6fd04c169c4bdef102d0bc5d31b2546345219e348575eb80e9a0?s=96&d=mm&r=g\",\"url\":\"https:\\\/\\\/secure.gravatar.com\\\/avatar\\\/37d968a2e67a6fd04c169c4bdef102d0bc5d31b2546345219e348575eb80e9a0?s=96&d=mm&r=g\",\"contentUrl\":\"https:\\\/\\\/secure.gravatar.com\\\/avatar\\\/37d968a2e67a6fd04c169c4bdef102d0bc5d31b2546345219e348575eb80e9a0?s=96&d=mm&r=g\",\"caption\":\"redazione\"},\"sameAs\":[\"http:\\\/\\\/www.bellunopress.it\",\"https:\\\/\\\/x.com\\\/bellunopress\"],\"url\":\"https:\\\/\\\/www.bellunopress.it\\\/fr\\\/author\\\/redazione\\\/\"}]}<\/script>\n<!-- \/ Yoast SEO plugin. -->","yoast_head_json":{"title":"Soddisfazione di De Bona per l\u2019estradizione in Italia di Cesare Battisti - Bellunopress - Dolomiti","robots":{"index":"index","follow":"follow","max-snippet":"max-snippet:-1","max-image-preview":"max-image-preview:large","max-video-preview":"max-video-preview:-1"},"canonical":"https:\/\/www.bellunopress.it\/fr\/2009\/11\/19\/soddisfazione-di-de-bona-per-l\u2019estradizione-in-italia-di-cesare-battisti\/","og_locale":"fr_FR","og_type":"article","og_title":"Soddisfazione di De Bona per l\u2019estradizione in Italia di Cesare Battisti - Bellunopress - Dolomiti","og_description":"\u00a0\u00abLa mia soddisfazione \u00e8 grande per il verdetto espresso dai giudici del Tribunale federale supremo del Brasile con il quale \u00e8 stata decretata l\u2019estradabilit\u00e0 di Cesare Battisti riconoscendo che i crimini da lui commessi sono reati comuni e non politici. Infatti l\u2019ex terrorista \u00e8 stato condannato in Italia per aver compiuto delitti efferati: quattro omicidi, [&hellip;]","og_url":"https:\/\/www.bellunopress.it\/fr\/2009\/11\/19\/soddisfazione-di-de-bona-per-l\u2019estradizione-in-italia-di-cesare-battisti\/","og_site_name":"Bellunopress - Dolomiti","article_publisher":"https:\/\/www.facebook.com\/profile.php?id=100008943462799","article_published_time":"2009-11-19T13:48:38+00:00","og_image":[{"url":"http:\/\/www.bellunopress.it\/wp-content\/uploads\/2012\/07\/logo-bellunopress-250x250-2012.jpg","type":"","width":"","height":""}],"author":"redazione","twitter_card":"summary_large_image","twitter_creator":"@bellunopress","twitter_site":"@bellunopress","twitter_misc":{"\u00c9crit par":"redazione","Dur\u00e9e de lecture estim\u00e9e":"1 minute"},"schema":{"@context":"https:\/\/schema.org","@graph":[{"@type":"Article","@id":"https:\/\/www.bellunopress.it\/2009\/11\/19\/soddisfazione-di-de-bona-per-l%e2%80%99estradizione-in-italia-di-cesare-battisti\/#article","isPartOf":{"@id":"https:\/\/www.bellunopress.it\/2009\/11\/19\/soddisfazione-di-de-bona-per-l%e2%80%99estradizione-in-italia-di-cesare-battisti\/"},"author":{"name":"redazione","@id":"https:\/\/www.bellunopress.it\/#\/schema\/person\/79bb06722b37ece1c03d3e94beb30d73"},"headline":"Soddisfazione di De Bona per l\u2019estradizione in Italia di Cesare Battisti","datePublished":"2009-11-19T13:48:38+00:00","mainEntityOfPage":{"@id":"https:\/\/www.bellunopress.it\/2009\/11\/19\/soddisfazione-di-de-bona-per-l%e2%80%99estradizione-in-italia-di-cesare-battisti\/"},"wordCount":299,"publisher":{"@id":"https:\/\/www.bellunopress.it\/#organization"},"articleSection":["Cronaca\/Politica","Prima Pagina"],"inLanguage":"fr-FR"},{"@type":"WebPage","@id":"https:\/\/www.bellunopress.it\/2009\/11\/19\/soddisfazione-di-de-bona-per-l%e2%80%99estradizione-in-italia-di-cesare-battisti\/","url":"https:\/\/www.bellunopress.it\/2009\/11\/19\/soddisfazione-di-de-bona-per-l%e2%80%99estradizione-in-italia-di-cesare-battisti\/","name":"Soddisfazione di De Bona per l\u2019estradizione in Italia di Cesare Battisti - Bellunopress - Dolomiti","isPartOf":{"@id":"https:\/\/www.bellunopress.it\/#website"},"datePublished":"2009-11-19T13:48:38+00:00","breadcrumb":{"@id":"https:\/\/www.bellunopress.it\/2009\/11\/19\/soddisfazione-di-de-bona-per-l%e2%80%99estradizione-in-italia-di-cesare-battisti\/#breadcrumb"},"inLanguage":"fr-FR","potentialAction":[{"@type":"ReadAction","target":["https:\/\/www.bellunopress.it\/2009\/11\/19\/soddisfazione-di-de-bona-per-l%e2%80%99estradizione-in-italia-di-cesare-battisti\/"]}]},{"@type":"BreadcrumbList","@id":"https:\/\/www.bellunopress.it\/2009\/11\/19\/soddisfazione-di-de-bona-per-l%e2%80%99estradizione-in-italia-di-cesare-battisti\/#breadcrumb","itemListElement":[{"@type":"ListItem","position":1,"name":"Home","item":"https:\/\/www.bellunopress.it\/"},{"@type":"ListItem","position":2,"name":"Soddisfazione di De Bona per l\u2019estradizione in Italia di Cesare Battisti"}]},{"@type":"WebSite","@id":"https:\/\/www.bellunopress.it\/#website","url":"https:\/\/www.bellunopress.it\/","name":"Bellunopress - Dolomiti","description":"e-mail: redazione@bellunopress.it","publisher":{"@id":"https:\/\/www.bellunopress.it\/#organization"},"potentialAction":[{"@type":"SearchAction","target":{"@type":"EntryPoint","urlTemplate":"https:\/\/www.bellunopress.it\/?s={search_term_string}"},"query-input":{"@type":"PropertyValueSpecification","valueRequired":true,"valueName":"search_term_string"}}],"inLanguage":"fr-FR"},{"@type":"Organization","@id":"https:\/\/www.bellunopress.it\/#organization","name":"Bellunopress","url":"https:\/\/www.bellunopress.it\/","logo":{"@type":"ImageObject","inLanguage":"fr-FR","@id":"https:\/\/www.bellunopress.it\/#\/schema\/logo\/image\/","url":"https:\/\/www.bellunopress.it\/wp-content\/uploads\/2011\/05\/cropped-logo-bellunopress-.jpg","contentUrl":"https:\/\/www.bellunopress.it\/wp-content\/uploads\/2011\/05\/cropped-logo-bellunopress-.jpg","width":512,"height":512,"caption":"Bellunopress"},"image":{"@id":"https:\/\/www.bellunopress.it\/#\/schema\/logo\/image\/"},"sameAs":["https:\/\/www.facebook.com\/profile.php?id=100008943462799","https:\/\/x.com\/bellunopress","https:\/\/www.linkedin.com\/hp\/?dnr=JBzUWaJfMUw8vbXJJ2tVW5-I3jZKvC4wsoxE&amp;amp;amp;amp;amp;amp;trk=nav_responsive_tab_home","https:\/\/www.youtube.com\/channel\/UCxL0wu1uN0_3_7hGG0306cw"]},{"@type":"Person","@id":"https:\/\/www.bellunopress.it\/#\/schema\/person\/79bb06722b37ece1c03d3e94beb30d73","name":"r\u00e9daction","image":{"@type":"ImageObject","inLanguage":"fr-FR","@id":"https:\/\/secure.gravatar.com\/avatar\/37d968a2e67a6fd04c169c4bdef102d0bc5d31b2546345219e348575eb80e9a0?s=96&d=mm&r=g","url":"https:\/\/secure.gravatar.com\/avatar\/37d968a2e67a6fd04c169c4bdef102d0bc5d31b2546345219e348575eb80e9a0?s=96&d=mm&r=g","contentUrl":"https:\/\/secure.gravatar.com\/avatar\/37d968a2e67a6fd04c169c4bdef102d0bc5d31b2546345219e348575eb80e9a0?s=96&d=mm&r=g","caption":"redazione"},"sameAs":["http:\/\/www.bellunopress.it","https:\/\/x.com\/bellunopress"],"url":"https:\/\/www.bellunopress.it\/fr\/author\/redazione\/"}]}},"_links":{"self":[{"href":"https:\/\/www.bellunopress.it\/fr\/wp-json\/wp\/v2\/posts\/9897","targetHints":{"allow":["GET"]}}],"collection":[{"href":"https:\/\/www.bellunopress.it\/fr\/wp-json\/wp\/v2\/posts"}],"about":[{"href":"https:\/\/www.bellunopress.it\/fr\/wp-json\/wp\/v2\/types\/post"}],"author":[{"embeddable":true,"href":"https:\/\/www.bellunopress.it\/fr\/wp-json\/wp\/v2\/users\/2"}],"replies":[{"embeddable":true,"href":"https:\/\/www.bellunopress.it\/fr\/wp-json\/wp\/v2\/comments?post=9897"}],"version-history":[{"count":1,"href":"https:\/\/www.bellunopress.it\/fr\/wp-json\/wp\/v2\/posts\/9897\/revisions"}],"predecessor-version":[{"id":9898,"href":"https:\/\/www.bellunopress.it\/fr\/wp-json\/wp\/v2\/posts\/9897\/revisions\/9898"}],"wp:attachment":[{"href":"https:\/\/www.bellunopress.it\/fr\/wp-json\/wp\/v2\/media?parent=9897"}],"wp:term":[{"taxonomy":"category","embeddable":true,"href":"https:\/\/www.bellunopress.it\/fr\/wp-json\/wp\/v2\/categories?post=9897"},{"taxonomy":"post_tag","embeddable":true,"href":"https:\/\/www.bellunopress.it\/fr\/wp-json\/wp\/v2\/tags?post=9897"}],"curies":[{"name":"wp","href":"https:\/\/api.w.org\/{rel}","templated":true}]}}