{"id":9894,"date":"2009-11-19T14:24:47","date_gmt":"2009-11-19T13:24:47","guid":{"rendered":"http:\/\/www.bellunopress.it\/?p=9894"},"modified":"2009-11-19T14:25:40","modified_gmt":"2009-11-19T13:25:40","slug":"che-fine-hannofatto-i-progetti-per-la-banda-larga-internet-nei-comuni-sergio-reolon-lo-chiede-in-una-interrogazione-agli-amministratori-della-provincia","status":"publish","type":"post","link":"https:\/\/www.bellunopress.it\/fr\/2009\/11\/19\/che-fine-hannofatto-i-progetti-per-la-banda-larga-internet-nei-comuni-sergio-reolon-lo-chiede-in-una-interrogazione-agli-amministratori-della-provincia\/","title":{"rendered":"Che fine hanno fatto i progetti per la banda larga internet nei Comuni? Sergio Reolon lo chiede in una interrogazione agli amministratori della Provincia"},"content":{"rendered":"<p><a href=\"http:\/\/www.bellunopress.it\/wp-content\/uploads\/2009\/05\/sergio-reolon-legg-270x180.jpg\"><img loading=\"lazy\" decoding=\"async\" class=\"alignleft size-medium wp-image-3812\" title=\"sergio-reolon-legg-270x180\" src=\"http:\/\/www.bellunopress.it\/wp-content\/uploads\/2009\/05\/sergio-reolon-legg-270x180.jpg\" alt=\"\" width=\"270\" height=\"180\" \/><\/a>Della questione del taglio di 800 milioni di euro destinati allo sviluppo della banda larga, fatto dal governo Berlusconi ne avevamo dato notizia nel riflettore dell&#8217;8 novembre scorso dal titolo &#8220;Vi vogliono con l&#8217;anello al naso&#8221; (vedi articolo sul motore di ricerca in alto a destra). Oggi \u00e8 l&#8217;ex presidente della Provincia Sergio Reolon con una interrogazione a risposta scritta che chiede notizie al suo successore, sullo stato di avanzamento dei lavori che erano gi\u00e0 stati messi in cantiere dalla sua giunta in collaborazione con la Provincia autonoma di Trento per i comuni di confine di Sovramonte, Lamon, Fonzaso, Arsi\u00e8, Cismon del Grappa.<\/p>\n<p>Ecco il testo dell&#8217;interrogazione:<\/p>\n<p>INTERROGAZIONE A RISPOSTA SCRITTA<br \/>\nNella scorsa consiliatura la Provincia di Belluno \u00e8 stata la promotrice del progetto per il ompletamento della dorsale di distribuzione est dell\u2019infrastruttura in fibra ottica della Provincia Autonoma di Trento<br \/>\nattraverso il collegamento con i comuni di confine in provincia di Belluno e Vicenza attraverso i Comuni veneti di , quale primo nucleo di una dorsale provinciale in fibra ottica vista quale infrastruttura fondamentale per lo sviluppo economico e sociale del territorio provinciale.<br \/>\nQuesto progetto, del valore complessivo di 5 milioni di euro, \u00e8 stato inserito nel piano operativo annuale 2008 e finanziato con i fondi del Programma Triennale degli Interventi dell\u2019Intesa Regione<br \/>\nVeneto\/Provincia Autonoma di Trento del giugno 2008. Lo schema di accordo di programma tra Amministrazione Provinciale, Regione Veneto, PAT e Consorzio BIM (che partecipa con un finanziamento) \u00e8 stato approvato lo scorso giugno e ha individuato la Provincia come<br \/>\nsoggetto capofila e attuatore dell&#8217;iniziativa. A tale scopo era stata creata all&#8217;interno della struttura provinciale una apposita &#8220;Unit\u00e0 di progetto reti ed infrastrutture&#8221; chiamata a presidiare le successive<br \/>\nfasi progettuali e realizzative del progetto. Nel contempo alla stessa era stata affidata l&#8217;elaborazione di uno studio di fattibilit\u00e0 dell&#8217;intera dorsale provinciale nonch\u00e8 la progettazione preliminare del<br \/>\nsecondo stralcio relativo all&#8217;anello, di circa 20 KM, interessante i comuni di Feltre, Seren del Grappa e Pedavena. Al fine del finanziamento di questo specifico stralcio era stato chiesto alla Regione Veneto di modificare, integrare e\/o aggiornare il Piano di sviluppo rurale alla luce delle modifiche apportate dal recente Reg. CE 74\/2009 che concedeva specifiche risorse per la diffusione della banda<br \/>\nlarga nelle aree rurali non ancora raggiunte da questo servizio. Alla luce di quanto premesso si chiede di conoscere:<\/p>\n<p>\u00a0\u00a0 1. lo stato di elaborazione del progetto complessivo di<br \/>\n\u00a0\u00a0\u00a0\u00a0\u00a0 infrastrutturazione in fibra ottica del territorio provinciale;<br \/>\n\u00a0\u00a0 2. a che punto sia l&#8217;attivit\u00e0 relativa alla realizzazione del 1\u00b0<br \/>\n\u00a0\u00a0\u00a0\u00a0\u00a0 stralcio relativo alla chiusura della dorsale est trentina, gi\u00e0<br \/>\n\u00a0\u00a0\u00a0\u00a0\u00a0 finanziato nell&#8217;ambito dell&#8217;Intesa Regione Veneto\/PAT;<br \/>\n\u00a0\u00a0 3. a che punto sia il progetto e il relativo finanziamento relativo<br \/>\n\u00a0\u00a0\u00a0\u00a0\u00a0 al 2\u00b0 stralcio relativo all&#8217;anello di Feltre<\/p>\n<p>Sergio Reolon<\/p>\n<p>BELLUNO 11\/11\/09<\/p>","protected":false},"excerpt":{"rendered":"<p>Della questione del taglio di 800 milioni di euro destinati allo sviluppo della banda larga, fatto dal governo Berlusconi ne avevamo dato notizia nel riflettore dell&#8217;8 novembre scorso dal titolo &#8220;Vi vogliono con l&#8217;anello al naso&#8221; (vedi articolo sul motore di ricerca in alto a destra). Oggi \u00e8 l&#8217;ex presidente della Provincia Sergio Reolon con [&hellip;]<\/p>\n","protected":false},"author":2,"featured_media":0,"comment_status":"closed","ping_status":"open","sticky":false,"template":"","format":"standard","meta":{"footnotes":""},"categories":[5],"tags":[139,302],"class_list":["post-9894","post","type-post","status-publish","format-standard","category-cronaca","tag-belluno","tag-feltre"],"yoast_head":"<!-- This site is optimized with the Yoast SEO plugin v28.4 - https:\/\/yoast.com\/product\/yoast-seo-wordpress\/ -->\n<title>Che fine hanno fatto i progetti per la banda larga internet nei Comuni? Sergio Reolon lo chiede in una interrogazione agli amministratori della Provincia - Bellunopress - Dolomiti<\/title>\n<meta name=\"robots\" content=\"index, follow, max-snippet:-1, max-image-preview:large, max-video-preview:-1\" \/>\n<link rel=\"canonical\" href=\"https:\/\/www.bellunopress.it\/fr\/2009\/11\/19\/che-fine-hannofatto-i-progetti-per-la-banda-larga-internet-nei-comuni-sergio-reolon-lo-chiede-in-una-interrogazione-agli-amministratori-della-provincia\/\" \/>\n<meta property=\"og:locale\" content=\"fr_FR\" \/>\n<meta property=\"og:type\" content=\"article\" \/>\n<meta property=\"og:title\" content=\"Che fine hanno fatto i progetti per la banda larga internet nei Comuni? Sergio Reolon lo chiede in una interrogazione agli amministratori della Provincia - Bellunopress - Dolomiti\" \/>\n<meta property=\"og:description\" content=\"Della questione del taglio di 800 milioni di euro destinati allo sviluppo della banda larga, fatto dal governo Berlusconi ne avevamo dato notizia nel riflettore dell&#8217;8 novembre scorso dal titolo &#8220;Vi vogliono con l&#8217;anello al naso&#8221; (vedi articolo sul motore di ricerca in alto a destra). Oggi \u00e8 l&#8217;ex presidente della Provincia Sergio Reolon con [&hellip;]\" \/>\n<meta property=\"og:url\" content=\"https:\/\/www.bellunopress.it\/fr\/2009\/11\/19\/che-fine-hannofatto-i-progetti-per-la-banda-larga-internet-nei-comuni-sergio-reolon-lo-chiede-in-una-interrogazione-agli-amministratori-della-provincia\/\" \/>\n<meta property=\"og:site_name\" content=\"Bellunopress - Dolomiti\" \/>\n<meta property=\"article:publisher\" content=\"https:\/\/www.facebook.com\/profile.php?id=100008943462799\" \/>\n<meta property=\"article:published_time\" content=\"2009-11-19T13:24:47+00:00\" \/>\n<meta property=\"article:modified_time\" content=\"2009-11-19T13:25:40+00:00\" \/>\n<meta property=\"og:image\" content=\"http:\/\/www.bellunopress.it\/wp-content\/uploads\/2009\/05\/sergio-reolon-legg-270x180.jpg\" \/>\n<meta name=\"author\" content=\"redazione\" \/>\n<meta name=\"twitter:card\" content=\"summary_large_image\" \/>\n<meta name=\"twitter:creator\" content=\"@bellunopress\" \/>\n<meta name=\"twitter:site\" content=\"@bellunopress\" \/>\n<meta name=\"twitter:label1\" content=\"\u00c9crit par\" \/>\n\t<meta name=\"twitter:data1\" content=\"redazione\" \/>\n\t<meta name=\"twitter:label2\" content=\"Dur\u00e9e de lecture estim\u00e9e\" \/>\n\t<meta name=\"twitter:data2\" content=\"2 minutes\" \/>\n<script type=\"application\/ld+json\" class=\"yoast-schema-graph\">{\"@context\":\"https:\\\/\\\/schema.org\",\"@graph\":[{\"@type\":\"Article\",\"@id\":\"https:\\\/\\\/www.bellunopress.it\\\/2009\\\/11\\\/19\\\/che-fine-hannofatto-i-progetti-per-la-banda-larga-internet-nei-comuni-sergio-reolon-lo-chiede-in-una-interrogazione-agli-amministratori-della-provincia\\\/#article\",\"isPartOf\":{\"@id\":\"https:\\\/\\\/www.bellunopress.it\\\/2009\\\/11\\\/19\\\/che-fine-hannofatto-i-progetti-per-la-banda-larga-internet-nei-comuni-sergio-reolon-lo-chiede-in-una-interrogazione-agli-amministratori-della-provincia\\\/\"},\"author\":{\"name\":\"redazione\",\"@id\":\"https:\\\/\\\/www.bellunopress.it\\\/#\\\/schema\\\/person\\\/79bb06722b37ece1c03d3e94beb30d73\"},\"headline\":\"Che fine hanno fatto i progetti per la banda larga internet nei Comuni? Sergio Reolon lo chiede in una interrogazione agli amministratori della Provincia\",\"datePublished\":\"2009-11-19T13:24:47+00:00\",\"dateModified\":\"2009-11-19T13:25:40+00:00\",\"mainEntityOfPage\":{\"@id\":\"https:\\\/\\\/www.bellunopress.it\\\/2009\\\/11\\\/19\\\/che-fine-hannofatto-i-progetti-per-la-banda-larga-internet-nei-comuni-sergio-reolon-lo-chiede-in-una-interrogazione-agli-amministratori-della-provincia\\\/\"},\"wordCount\":476,\"publisher\":{\"@id\":\"https:\\\/\\\/www.bellunopress.it\\\/#organization\"},\"image\":{\"@id\":\"https:\\\/\\\/www.bellunopress.it\\\/2009\\\/11\\\/19\\\/che-fine-hannofatto-i-progetti-per-la-banda-larga-internet-nei-comuni-sergio-reolon-lo-chiede-in-una-interrogazione-agli-amministratori-della-provincia\\\/#primaryimage\"},\"thumbnailUrl\":\"http:\\\/\\\/www.bellunopress.it\\\/wp-content\\\/uploads\\\/2009\\\/05\\\/sergio-reolon-legg-270x180.jpg\",\"keywords\":[\"Belluno\",\"Feltre\"],\"articleSection\":[\"Cronaca\\\/Politica\"],\"inLanguage\":\"fr-FR\"},{\"@type\":\"WebPage\",\"@id\":\"https:\\\/\\\/www.bellunopress.it\\\/2009\\\/11\\\/19\\\/che-fine-hannofatto-i-progetti-per-la-banda-larga-internet-nei-comuni-sergio-reolon-lo-chiede-in-una-interrogazione-agli-amministratori-della-provincia\\\/\",\"url\":\"https:\\\/\\\/www.bellunopress.it\\\/2009\\\/11\\\/19\\\/che-fine-hannofatto-i-progetti-per-la-banda-larga-internet-nei-comuni-sergio-reolon-lo-chiede-in-una-interrogazione-agli-amministratori-della-provincia\\\/\",\"name\":\"Che fine hanno fatto i progetti per la banda larga internet nei Comuni? Sergio Reolon lo chiede in una interrogazione agli amministratori della Provincia - Bellunopress - Dolomiti\",\"isPartOf\":{\"@id\":\"https:\\\/\\\/www.bellunopress.it\\\/#website\"},\"primaryImageOfPage\":{\"@id\":\"https:\\\/\\\/www.bellunopress.it\\\/2009\\\/11\\\/19\\\/che-fine-hannofatto-i-progetti-per-la-banda-larga-internet-nei-comuni-sergio-reolon-lo-chiede-in-una-interrogazione-agli-amministratori-della-provincia\\\/#primaryimage\"},\"image\":{\"@id\":\"https:\\\/\\\/www.bellunopress.it\\\/2009\\\/11\\\/19\\\/che-fine-hannofatto-i-progetti-per-la-banda-larga-internet-nei-comuni-sergio-reolon-lo-chiede-in-una-interrogazione-agli-amministratori-della-provincia\\\/#primaryimage\"},\"thumbnailUrl\":\"http:\\\/\\\/www.bellunopress.it\\\/wp-content\\\/uploads\\\/2009\\\/05\\\/sergio-reolon-legg-270x180.jpg\",\"datePublished\":\"2009-11-19T13:24:47+00:00\",\"dateModified\":\"2009-11-19T13:25:40+00:00\",\"breadcrumb\":{\"@id\":\"https:\\\/\\\/www.bellunopress.it\\\/2009\\\/11\\\/19\\\/che-fine-hannofatto-i-progetti-per-la-banda-larga-internet-nei-comuni-sergio-reolon-lo-chiede-in-una-interrogazione-agli-amministratori-della-provincia\\\/#breadcrumb\"},\"inLanguage\":\"fr-FR\",\"potentialAction\":[{\"@type\":\"ReadAction\",\"target\":[\"https:\\\/\\\/www.bellunopress.it\\\/2009\\\/11\\\/19\\\/che-fine-hannofatto-i-progetti-per-la-banda-larga-internet-nei-comuni-sergio-reolon-lo-chiede-in-una-interrogazione-agli-amministratori-della-provincia\\\/\"]}]},{\"@type\":\"ImageObject\",\"inLanguage\":\"fr-FR\",\"@id\":\"https:\\\/\\\/www.bellunopress.it\\\/2009\\\/11\\\/19\\\/che-fine-hannofatto-i-progetti-per-la-banda-larga-internet-nei-comuni-sergio-reolon-lo-chiede-in-una-interrogazione-agli-amministratori-della-provincia\\\/#primaryimage\",\"url\":\"http:\\\/\\\/www.bellunopress.it\\\/wp-content\\\/uploads\\\/2009\\\/05\\\/sergio-reolon-legg-270x180.jpg\",\"contentUrl\":\"http:\\\/\\\/www.bellunopress.it\\\/wp-content\\\/uploads\\\/2009\\\/05\\\/sergio-reolon-legg-270x180.jpg\"},{\"@type\":\"BreadcrumbList\",\"@id\":\"https:\\\/\\\/www.bellunopress.it\\\/2009\\\/11\\\/19\\\/che-fine-hannofatto-i-progetti-per-la-banda-larga-internet-nei-comuni-sergio-reolon-lo-chiede-in-una-interrogazione-agli-amministratori-della-provincia\\\/#breadcrumb\",\"itemListElement\":[{\"@type\":\"ListItem\",\"position\":1,\"name\":\"Home\",\"item\":\"https:\\\/\\\/www.bellunopress.it\\\/\"},{\"@type\":\"ListItem\",\"position\":2,\"name\":\"Che fine hanno fatto i progetti per la banda larga internet nei Comuni? Sergio Reolon lo chiede in una interrogazione agli amministratori della Provincia\"}]},{\"@type\":\"WebSite\",\"@id\":\"https:\\\/\\\/www.bellunopress.it\\\/#website\",\"url\":\"https:\\\/\\\/www.bellunopress.it\\\/\",\"name\":\"Bellunopress - Dolomiti\",\"description\":\"e-mail: redazione@bellunopress.it\",\"publisher\":{\"@id\":\"https:\\\/\\\/www.bellunopress.it\\\/#organization\"},\"potentialAction\":[{\"@type\":\"SearchAction\",\"target\":{\"@type\":\"EntryPoint\",\"urlTemplate\":\"https:\\\/\\\/www.bellunopress.it\\\/?s={search_term_string}\"},\"query-input\":{\"@type\":\"PropertyValueSpecification\",\"valueRequired\":true,\"valueName\":\"search_term_string\"}}],\"inLanguage\":\"fr-FR\"},{\"@type\":\"Organization\",\"@id\":\"https:\\\/\\\/www.bellunopress.it\\\/#organization\",\"name\":\"Bellunopress\",\"url\":\"https:\\\/\\\/www.bellunopress.it\\\/\",\"logo\":{\"@type\":\"ImageObject\",\"inLanguage\":\"fr-FR\",\"@id\":\"https:\\\/\\\/www.bellunopress.it\\\/#\\\/schema\\\/logo\\\/image\\\/\",\"url\":\"https:\\\/\\\/www.bellunopress.it\\\/wp-content\\\/uploads\\\/2011\\\/05\\\/cropped-logo-bellunopress-.jpg\",\"contentUrl\":\"https:\\\/\\\/www.bellunopress.it\\\/wp-content\\\/uploads\\\/2011\\\/05\\\/cropped-logo-bellunopress-.jpg\",\"width\":512,\"height\":512,\"caption\":\"Bellunopress\"},\"image\":{\"@id\":\"https:\\\/\\\/www.bellunopress.it\\\/#\\\/schema\\\/logo\\\/image\\\/\"},\"sameAs\":[\"https:\\\/\\\/www.facebook.com\\\/profile.php?id=100008943462799\",\"https:\\\/\\\/x.com\\\/bellunopress\",\"https:\\\/\\\/www.linkedin.com\\\/hp\\\/?dnr=JBzUWaJfMUw8vbXJJ2tVW5-I3jZKvC4wsoxE&amp;amp;amp;amp;amp;amp;trk=nav_responsive_tab_home\",\"https:\\\/\\\/www.youtube.com\\\/channel\\\/UCxL0wu1uN0_3_7hGG0306cw\"]},{\"@type\":\"Person\",\"@id\":\"https:\\\/\\\/www.bellunopress.it\\\/#\\\/schema\\\/person\\\/79bb06722b37ece1c03d3e94beb30d73\",\"name\":\"redazione\",\"image\":{\"@type\":\"ImageObject\",\"inLanguage\":\"fr-FR\",\"@id\":\"https:\\\/\\\/secure.gravatar.com\\\/avatar\\\/37d968a2e67a6fd04c169c4bdef102d0bc5d31b2546345219e348575eb80e9a0?s=96&d=mm&r=g\",\"url\":\"https:\\\/\\\/secure.gravatar.com\\\/avatar\\\/37d968a2e67a6fd04c169c4bdef102d0bc5d31b2546345219e348575eb80e9a0?s=96&d=mm&r=g\",\"contentUrl\":\"https:\\\/\\\/secure.gravatar.com\\\/avatar\\\/37d968a2e67a6fd04c169c4bdef102d0bc5d31b2546345219e348575eb80e9a0?s=96&d=mm&r=g\",\"caption\":\"redazione\"},\"sameAs\":[\"http:\\\/\\\/www.bellunopress.it\",\"https:\\\/\\\/x.com\\\/bellunopress\"],\"url\":\"https:\\\/\\\/www.bellunopress.it\\\/fr\\\/author\\\/redazione\\\/\"}]}<\/script>\n<!-- \/ Yoast SEO plugin. -->","yoast_head_json":{"title":"Che fine hanno fatto i progetti per la banda larga internet nei Comuni? Sergio Reolon lo chiede in una interrogazione agli amministratori della Provincia - Bellunopress - Dolomiti","robots":{"index":"index","follow":"follow","max-snippet":"max-snippet:-1","max-image-preview":"max-image-preview:large","max-video-preview":"max-video-preview:-1"},"canonical":"https:\/\/www.bellunopress.it\/fr\/2009\/11\/19\/che-fine-hannofatto-i-progetti-per-la-banda-larga-internet-nei-comuni-sergio-reolon-lo-chiede-in-una-interrogazione-agli-amministratori-della-provincia\/","og_locale":"fr_FR","og_type":"article","og_title":"Che fine hanno fatto i progetti per la banda larga internet nei Comuni? Sergio Reolon lo chiede in una interrogazione agli amministratori della Provincia - Bellunopress - Dolomiti","og_description":"Della questione del taglio di 800 milioni di euro destinati allo sviluppo della banda larga, fatto dal governo Berlusconi ne avevamo dato notizia nel riflettore dell&#8217;8 novembre scorso dal titolo &#8220;Vi vogliono con l&#8217;anello al naso&#8221; (vedi articolo sul motore di ricerca in alto a destra). Oggi \u00e8 l&#8217;ex presidente della Provincia Sergio Reolon con [&hellip;]","og_url":"https:\/\/www.bellunopress.it\/fr\/2009\/11\/19\/che-fine-hannofatto-i-progetti-per-la-banda-larga-internet-nei-comuni-sergio-reolon-lo-chiede-in-una-interrogazione-agli-amministratori-della-provincia\/","og_site_name":"Bellunopress - Dolomiti","article_publisher":"https:\/\/www.facebook.com\/profile.php?id=100008943462799","article_published_time":"2009-11-19T13:24:47+00:00","article_modified_time":"2009-11-19T13:25:40+00:00","og_image":[{"url":"http:\/\/www.bellunopress.it\/wp-content\/uploads\/2009\/05\/sergio-reolon-legg-270x180.jpg","type":"","width":"","height":""}],"author":"redazione","twitter_card":"summary_large_image","twitter_creator":"@bellunopress","twitter_site":"@bellunopress","twitter_misc":{"\u00c9crit par":"redazione","Dur\u00e9e de lecture estim\u00e9e":"2 minutes"},"schema":{"@context":"https:\/\/schema.org","@graph":[{"@type":"Article","@id":"https:\/\/www.bellunopress.it\/2009\/11\/19\/che-fine-hannofatto-i-progetti-per-la-banda-larga-internet-nei-comuni-sergio-reolon-lo-chiede-in-una-interrogazione-agli-amministratori-della-provincia\/#article","isPartOf":{"@id":"https:\/\/www.bellunopress.it\/2009\/11\/19\/che-fine-hannofatto-i-progetti-per-la-banda-larga-internet-nei-comuni-sergio-reolon-lo-chiede-in-una-interrogazione-agli-amministratori-della-provincia\/"},"author":{"name":"redazione","@id":"https:\/\/www.bellunopress.it\/#\/schema\/person\/79bb06722b37ece1c03d3e94beb30d73"},"headline":"Che fine hanno fatto i progetti per la banda larga internet nei Comuni? Sergio Reolon lo chiede in una interrogazione agli amministratori della Provincia","datePublished":"2009-11-19T13:24:47+00:00","dateModified":"2009-11-19T13:25:40+00:00","mainEntityOfPage":{"@id":"https:\/\/www.bellunopress.it\/2009\/11\/19\/che-fine-hannofatto-i-progetti-per-la-banda-larga-internet-nei-comuni-sergio-reolon-lo-chiede-in-una-interrogazione-agli-amministratori-della-provincia\/"},"wordCount":476,"publisher":{"@id":"https:\/\/www.bellunopress.it\/#organization"},"image":{"@id":"https:\/\/www.bellunopress.it\/2009\/11\/19\/che-fine-hannofatto-i-progetti-per-la-banda-larga-internet-nei-comuni-sergio-reolon-lo-chiede-in-una-interrogazione-agli-amministratori-della-provincia\/#primaryimage"},"thumbnailUrl":"http:\/\/www.bellunopress.it\/wp-content\/uploads\/2009\/05\/sergio-reolon-legg-270x180.jpg","keywords":["Belluno","Feltre"],"articleSection":["Cronaca\/Politica"],"inLanguage":"fr-FR"},{"@type":"WebPage","@id":"https:\/\/www.bellunopress.it\/2009\/11\/19\/che-fine-hannofatto-i-progetti-per-la-banda-larga-internet-nei-comuni-sergio-reolon-lo-chiede-in-una-interrogazione-agli-amministratori-della-provincia\/","url":"https:\/\/www.bellunopress.it\/2009\/11\/19\/che-fine-hannofatto-i-progetti-per-la-banda-larga-internet-nei-comuni-sergio-reolon-lo-chiede-in-una-interrogazione-agli-amministratori-della-provincia\/","name":"Che fine hanno fatto i progetti per la banda larga internet nei Comuni? Sergio Reolon lo chiede in una interrogazione agli amministratori della Provincia - Bellunopress - Dolomiti","isPartOf":{"@id":"https:\/\/www.bellunopress.it\/#website"},"primaryImageOfPage":{"@id":"https:\/\/www.bellunopress.it\/2009\/11\/19\/che-fine-hannofatto-i-progetti-per-la-banda-larga-internet-nei-comuni-sergio-reolon-lo-chiede-in-una-interrogazione-agli-amministratori-della-provincia\/#primaryimage"},"image":{"@id":"https:\/\/www.bellunopress.it\/2009\/11\/19\/che-fine-hannofatto-i-progetti-per-la-banda-larga-internet-nei-comuni-sergio-reolon-lo-chiede-in-una-interrogazione-agli-amministratori-della-provincia\/#primaryimage"},"thumbnailUrl":"http:\/\/www.bellunopress.it\/wp-content\/uploads\/2009\/05\/sergio-reolon-legg-270x180.jpg","datePublished":"2009-11-19T13:24:47+00:00","dateModified":"2009-11-19T13:25:40+00:00","breadcrumb":{"@id":"https:\/\/www.bellunopress.it\/2009\/11\/19\/che-fine-hannofatto-i-progetti-per-la-banda-larga-internet-nei-comuni-sergio-reolon-lo-chiede-in-una-interrogazione-agli-amministratori-della-provincia\/#breadcrumb"},"inLanguage":"fr-FR","potentialAction":[{"@type":"ReadAction","target":["https:\/\/www.bellunopress.it\/2009\/11\/19\/che-fine-hannofatto-i-progetti-per-la-banda-larga-internet-nei-comuni-sergio-reolon-lo-chiede-in-una-interrogazione-agli-amministratori-della-provincia\/"]}]},{"@type":"ImageObject","inLanguage":"fr-FR","@id":"https:\/\/www.bellunopress.it\/2009\/11\/19\/che-fine-hannofatto-i-progetti-per-la-banda-larga-internet-nei-comuni-sergio-reolon-lo-chiede-in-una-interrogazione-agli-amministratori-della-provincia\/#primaryimage","url":"http:\/\/www.bellunopress.it\/wp-content\/uploads\/2009\/05\/sergio-reolon-legg-270x180.jpg","contentUrl":"http:\/\/www.bellunopress.it\/wp-content\/uploads\/2009\/05\/sergio-reolon-legg-270x180.jpg"},{"@type":"BreadcrumbList","@id":"https:\/\/www.bellunopress.it\/2009\/11\/19\/che-fine-hannofatto-i-progetti-per-la-banda-larga-internet-nei-comuni-sergio-reolon-lo-chiede-in-una-interrogazione-agli-amministratori-della-provincia\/#breadcrumb","itemListElement":[{"@type":"ListItem","position":1,"name":"Home","item":"https:\/\/www.bellunopress.it\/"},{"@type":"ListItem","position":2,"name":"Che fine hanno fatto i progetti per la banda larga internet nei Comuni? Sergio Reolon lo chiede in una interrogazione agli amministratori della Provincia"}]},{"@type":"WebSite","@id":"https:\/\/www.bellunopress.it\/#website","url":"https:\/\/www.bellunopress.it\/","name":"Bellunopress - Dolomiti","description":"e-mail: redazione@bellunopress.it","publisher":{"@id":"https:\/\/www.bellunopress.it\/#organization"},"potentialAction":[{"@type":"SearchAction","target":{"@type":"EntryPoint","urlTemplate":"https:\/\/www.bellunopress.it\/?s={search_term_string}"},"query-input":{"@type":"PropertyValueSpecification","valueRequired":true,"valueName":"search_term_string"}}],"inLanguage":"fr-FR"},{"@type":"Organization","@id":"https:\/\/www.bellunopress.it\/#organization","name":"Bellunopress","url":"https:\/\/www.bellunopress.it\/","logo":{"@type":"ImageObject","inLanguage":"fr-FR","@id":"https:\/\/www.bellunopress.it\/#\/schema\/logo\/image\/","url":"https:\/\/www.bellunopress.it\/wp-content\/uploads\/2011\/05\/cropped-logo-bellunopress-.jpg","contentUrl":"https:\/\/www.bellunopress.it\/wp-content\/uploads\/2011\/05\/cropped-logo-bellunopress-.jpg","width":512,"height":512,"caption":"Bellunopress"},"image":{"@id":"https:\/\/www.bellunopress.it\/#\/schema\/logo\/image\/"},"sameAs":["https:\/\/www.facebook.com\/profile.php?id=100008943462799","https:\/\/x.com\/bellunopress","https:\/\/www.linkedin.com\/hp\/?dnr=JBzUWaJfMUw8vbXJJ2tVW5-I3jZKvC4wsoxE&amp;amp;amp;amp;amp;amp;trk=nav_responsive_tab_home","https:\/\/www.youtube.com\/channel\/UCxL0wu1uN0_3_7hGG0306cw"]},{"@type":"Person","@id":"https:\/\/www.bellunopress.it\/#\/schema\/person\/79bb06722b37ece1c03d3e94beb30d73","name":"r\u00e9daction","image":{"@type":"ImageObject","inLanguage":"fr-FR","@id":"https:\/\/secure.gravatar.com\/avatar\/37d968a2e67a6fd04c169c4bdef102d0bc5d31b2546345219e348575eb80e9a0?s=96&d=mm&r=g","url":"https:\/\/secure.gravatar.com\/avatar\/37d968a2e67a6fd04c169c4bdef102d0bc5d31b2546345219e348575eb80e9a0?s=96&d=mm&r=g","contentUrl":"https:\/\/secure.gravatar.com\/avatar\/37d968a2e67a6fd04c169c4bdef102d0bc5d31b2546345219e348575eb80e9a0?s=96&d=mm&r=g","caption":"redazione"},"sameAs":["http:\/\/www.bellunopress.it","https:\/\/x.com\/bellunopress"],"url":"https:\/\/www.bellunopress.it\/fr\/author\/redazione\/"}]}},"_links":{"self":[{"href":"https:\/\/www.bellunopress.it\/fr\/wp-json\/wp\/v2\/posts\/9894","targetHints":{"allow":["GET"]}}],"collection":[{"href":"https:\/\/www.bellunopress.it\/fr\/wp-json\/wp\/v2\/posts"}],"about":[{"href":"https:\/\/www.bellunopress.it\/fr\/wp-json\/wp\/v2\/types\/post"}],"author":[{"embeddable":true,"href":"https:\/\/www.bellunopress.it\/fr\/wp-json\/wp\/v2\/users\/2"}],"replies":[{"embeddable":true,"href":"https:\/\/www.bellunopress.it\/fr\/wp-json\/wp\/v2\/comments?post=9894"}],"version-history":[{"count":2,"href":"https:\/\/www.bellunopress.it\/fr\/wp-json\/wp\/v2\/posts\/9894\/revisions"}],"predecessor-version":[{"id":9896,"href":"https:\/\/www.bellunopress.it\/fr\/wp-json\/wp\/v2\/posts\/9894\/revisions\/9896"}],"wp:attachment":[{"href":"https:\/\/www.bellunopress.it\/fr\/wp-json\/wp\/v2\/media?parent=9894"}],"wp:term":[{"taxonomy":"category","embeddable":true,"href":"https:\/\/www.bellunopress.it\/fr\/wp-json\/wp\/v2\/categories?post=9894"},{"taxonomy":"post_tag","embeddable":true,"href":"https:\/\/www.bellunopress.it\/fr\/wp-json\/wp\/v2\/tags?post=9894"}],"curies":[{"name":"wp","href":"https:\/\/api.w.org\/{rel}","templated":true}]}}