{"id":9889,"date":"2009-11-19T01:04:09","date_gmt":"2009-11-19T00:04:09","guid":{"rendered":"http:\/\/www.bellunopress.it\/?p=9889"},"modified":"2009-11-19T01:04:09","modified_gmt":"2009-11-19T00:04:09","slug":"natura-che-cura-ieri-sera-alla-biblioteca-di-ponte-nelle-alpi-la-conferenza-sulle-malattie-di-stagione","status":"publish","type":"post","link":"https:\/\/www.bellunopress.it\/fr\/2009\/11\/19\/natura-che-cura-ieri-sera-alla-biblioteca-di-ponte-nelle-alpi-la-conferenza-sulle-malattie-di-stagione\/","title":{"rendered":"Natura che cura: ieri sera alla Biblioteca di Ponte nelle Alpi la conferenza sulle malattie di stagione"},"content":{"rendered":"<p><a href=\"http:\/\/www.bellunopress.it\/wp-content\/uploads\/2009\/11\/naturopatia-franchi-cecchi-bassi-venturin-002.jpg\"><img loading=\"lazy\" decoding=\"async\" class=\"alignleft size-medium wp-image-9891\" title=\"naturopatia-franchi-cecchi-bassi-venturin-002\" src=\"http:\/\/www.bellunopress.it\/wp-content\/uploads\/2009\/11\/naturopatia-franchi-cecchi-bassi-venturin-002.jpg\" alt=\"\" width=\"280\" height=\"186\" \/><\/a>\u00ab400 attacchi ogni giorno da virus e batteri. E basta perdere una sola di queste battaglie per perdere la vita\u00bb! Lo ha detto ieri sera (mercoled\u00ec 18 novembre) alla Biblioteca di Ponte nelle Alpi il dottor Maurizio Cecchi, nel corso della conferenza dedicata alle malattie di stagione promossa dall&#8217;Associazione di Naturopatia di Belluno. \u00abUna volta eravamo preda dei leoni, oggi lo siamo dei virus &#8211; ha proseguito Cecchi &#8211; . E considerate che i batteri rappresentano il 25% della materia vivente, i virus il 6% e gli esseri umani solo l&#8217;1%\u00bb. Al tavolo dei relatori c&#8217;era anche il vicepresidente dell&#8217;Associazione Stefano Venturin che ha introdotto la serata, il dottor Luciano Bassi medico di base e l&#8217;erborista Giuditta Franchi. Bassi, dopo aver spiegato le relazioni tra virus e difese immunitarie si \u00e8 soffermato sui vaccini, gli antivirali, autentici killer dei virus. E ha fornito alcune indicazioni di carattere generale sull&#8217;influenza suina A H1N1: \u00abPer le persone con pi\u00f9 di 65 anni non \u00e8 necessario il vaccino, perch\u00e9 sono gi\u00e0 entrate in contatto nella loro vita con un virus simile (la Spagnola) e quindi possiedono le difese immunitarie\u00bb.\u00a0 Bassi ha parlato anche dell&#8217;uso eccessivo della tachipirina alla prima febbre. \u00abE&#8217; oramai consolidato \u2013 ha dettoi \u2013\u00a0 che la febbre a 39-40 \u00e8 una difesa dell&#8217;organismo per uccidere i virus. Ma se ai primi sintomi interveniamo con i farmaci per abbassarla, impediamo all&#8217;organismo di difendersi\u00bb. Giuditta Franchi, erborista, ha sottolineato come la natura rallenti i suoi ritmi nell&#8217;autunno e in inverno. \u00abAnche noi dovremmo imparare a rallentare un po&#8217; nei mesi invernali, per far riposare il corpo\u00bb. Sulle malattie di stagione l&#8217;insegnamento viene dagli animali, \u00abquando stanno male, non mangiano. Cos\u00ec noi dovremmo alleggerire la dieta quando abbiamo l&#8217;influenza\u00bb.<\/p>","protected":false},"excerpt":{"rendered":"<p>\u00ab400 attacchi ogni giorno da virus e batteri. E basta perdere una sola di queste battaglie per perdere la vita\u00bb! Lo ha detto ieri sera (mercoled\u00ec 18 novembre) alla Biblioteca di Ponte nelle Alpi il dottor Maurizio Cecchi, nel corso della conferenza dedicata alle malattie di stagione promossa dall&#8217;Associazione di Naturopatia di Belluno. \u00abUna volta [&hellip;]<\/p>\n","protected":false},"author":2,"featured_media":0,"comment_status":"closed","ping_status":"open","sticky":false,"template":"","format":"standard","meta":{"footnotes":""},"categories":[26,17],"tags":[3050],"class_list":["post-9889","post","type-post","status-publish","format-standard","category-prima-pagina","category-sanita","tag-sanita"],"yoast_head":"<!-- This site is optimized with the Yoast SEO plugin v28.4 - https:\/\/yoast.com\/product\/yoast-seo-wordpress\/ -->\n<title>Natura che cura: ieri sera alla Biblioteca di Ponte nelle Alpi la conferenza sulle malattie di stagione - Bellunopress - Dolomiti<\/title>\n<meta name=\"robots\" content=\"index, follow, max-snippet:-1, max-image-preview:large, max-video-preview:-1\" \/>\n<link rel=\"canonical\" href=\"https:\/\/www.bellunopress.it\/fr\/2009\/11\/19\/natura-che-cura-ieri-sera-alla-biblioteca-di-ponte-nelle-alpi-la-conferenza-sulle-malattie-di-stagione\/\" \/>\n<meta property=\"og:locale\" content=\"fr_FR\" \/>\n<meta property=\"og:type\" content=\"article\" \/>\n<meta property=\"og:title\" content=\"Natura che cura: ieri sera alla Biblioteca di Ponte nelle Alpi la conferenza sulle malattie di stagione - Bellunopress - Dolomiti\" \/>\n<meta property=\"og:description\" content=\"\u00ab400 attacchi ogni giorno da virus e batteri. E basta perdere una sola di queste battaglie per perdere la vita\u00bb! Lo ha detto ieri sera (mercoled\u00ec 18 novembre) alla Biblioteca di Ponte nelle Alpi il dottor Maurizio Cecchi, nel corso della conferenza dedicata alle malattie di stagione promossa dall&#8217;Associazione di Naturopatia di Belluno. \u00abUna volta [&hellip;]\" \/>\n<meta property=\"og:url\" content=\"https:\/\/www.bellunopress.it\/fr\/2009\/11\/19\/natura-che-cura-ieri-sera-alla-biblioteca-di-ponte-nelle-alpi-la-conferenza-sulle-malattie-di-stagione\/\" \/>\n<meta property=\"og:site_name\" content=\"Bellunopress - Dolomiti\" \/>\n<meta property=\"article:publisher\" content=\"https:\/\/www.facebook.com\/profile.php?id=100008943462799\" \/>\n<meta property=\"article:published_time\" content=\"2009-11-19T00:04:09+00:00\" \/>\n<meta property=\"og:image\" content=\"http:\/\/www.bellunopress.it\/wp-content\/uploads\/2009\/11\/naturopatia-franchi-cecchi-bassi-venturin-002.jpg\" \/>\n<meta name=\"author\" content=\"redazione\" \/>\n<meta name=\"twitter:card\" content=\"summary_large_image\" \/>\n<meta name=\"twitter:creator\" content=\"@bellunopress\" \/>\n<meta name=\"twitter:site\" content=\"@bellunopress\" \/>\n<meta name=\"twitter:label1\" content=\"\u00c9crit par\" \/>\n\t<meta name=\"twitter:data1\" content=\"redazione\" \/>\n\t<meta name=\"twitter:label2\" content=\"Dur\u00e9e de lecture estim\u00e9e\" \/>\n\t<meta name=\"twitter:data2\" content=\"1 minute\" \/>\n<script type=\"application\/ld+json\" class=\"yoast-schema-graph\">{\"@context\":\"https:\\\/\\\/schema.org\",\"@graph\":[{\"@type\":\"Article\",\"@id\":\"https:\\\/\\\/www.bellunopress.it\\\/2009\\\/11\\\/19\\\/natura-che-cura-ieri-sera-alla-biblioteca-di-ponte-nelle-alpi-la-conferenza-sulle-malattie-di-stagione\\\/#article\",\"isPartOf\":{\"@id\":\"https:\\\/\\\/www.bellunopress.it\\\/2009\\\/11\\\/19\\\/natura-che-cura-ieri-sera-alla-biblioteca-di-ponte-nelle-alpi-la-conferenza-sulle-malattie-di-stagione\\\/\"},\"author\":{\"name\":\"redazione\",\"@id\":\"https:\\\/\\\/www.bellunopress.it\\\/#\\\/schema\\\/person\\\/79bb06722b37ece1c03d3e94beb30d73\"},\"headline\":\"Natura che cura: ieri sera alla Biblioteca di Ponte nelle Alpi la conferenza sulle malattie di stagione\",\"datePublished\":\"2009-11-19T00:04:09+00:00\",\"mainEntityOfPage\":{\"@id\":\"https:\\\/\\\/www.bellunopress.it\\\/2009\\\/11\\\/19\\\/natura-che-cura-ieri-sera-alla-biblioteca-di-ponte-nelle-alpi-la-conferenza-sulle-malattie-di-stagione\\\/\"},\"wordCount\":304,\"publisher\":{\"@id\":\"https:\\\/\\\/www.bellunopress.it\\\/#organization\"},\"image\":{\"@id\":\"https:\\\/\\\/www.bellunopress.it\\\/2009\\\/11\\\/19\\\/natura-che-cura-ieri-sera-alla-biblioteca-di-ponte-nelle-alpi-la-conferenza-sulle-malattie-di-stagione\\\/#primaryimage\"},\"thumbnailUrl\":\"http:\\\/\\\/www.bellunopress.it\\\/wp-content\\\/uploads\\\/2009\\\/11\\\/naturopatia-franchi-cecchi-bassi-venturin-002.jpg\",\"keywords\":[\"Sanit\u00e0\"],\"articleSection\":[\"Prima Pagina\",\"Sanit\u00e0 Medicina\"],\"inLanguage\":\"fr-FR\"},{\"@type\":\"WebPage\",\"@id\":\"https:\\\/\\\/www.bellunopress.it\\\/2009\\\/11\\\/19\\\/natura-che-cura-ieri-sera-alla-biblioteca-di-ponte-nelle-alpi-la-conferenza-sulle-malattie-di-stagione\\\/\",\"url\":\"https:\\\/\\\/www.bellunopress.it\\\/2009\\\/11\\\/19\\\/natura-che-cura-ieri-sera-alla-biblioteca-di-ponte-nelle-alpi-la-conferenza-sulle-malattie-di-stagione\\\/\",\"name\":\"Natura che cura: ieri sera alla Biblioteca di Ponte nelle Alpi la conferenza sulle malattie di stagione - Bellunopress - Dolomiti\",\"isPartOf\":{\"@id\":\"https:\\\/\\\/www.bellunopress.it\\\/#website\"},\"primaryImageOfPage\":{\"@id\":\"https:\\\/\\\/www.bellunopress.it\\\/2009\\\/11\\\/19\\\/natura-che-cura-ieri-sera-alla-biblioteca-di-ponte-nelle-alpi-la-conferenza-sulle-malattie-di-stagione\\\/#primaryimage\"},\"image\":{\"@id\":\"https:\\\/\\\/www.bellunopress.it\\\/2009\\\/11\\\/19\\\/natura-che-cura-ieri-sera-alla-biblioteca-di-ponte-nelle-alpi-la-conferenza-sulle-malattie-di-stagione\\\/#primaryimage\"},\"thumbnailUrl\":\"http:\\\/\\\/www.bellunopress.it\\\/wp-content\\\/uploads\\\/2009\\\/11\\\/naturopatia-franchi-cecchi-bassi-venturin-002.jpg\",\"datePublished\":\"2009-11-19T00:04:09+00:00\",\"breadcrumb\":{\"@id\":\"https:\\\/\\\/www.bellunopress.it\\\/2009\\\/11\\\/19\\\/natura-che-cura-ieri-sera-alla-biblioteca-di-ponte-nelle-alpi-la-conferenza-sulle-malattie-di-stagione\\\/#breadcrumb\"},\"inLanguage\":\"fr-FR\",\"potentialAction\":[{\"@type\":\"ReadAction\",\"target\":[\"https:\\\/\\\/www.bellunopress.it\\\/2009\\\/11\\\/19\\\/natura-che-cura-ieri-sera-alla-biblioteca-di-ponte-nelle-alpi-la-conferenza-sulle-malattie-di-stagione\\\/\"]}]},{\"@type\":\"ImageObject\",\"inLanguage\":\"fr-FR\",\"@id\":\"https:\\\/\\\/www.bellunopress.it\\\/2009\\\/11\\\/19\\\/natura-che-cura-ieri-sera-alla-biblioteca-di-ponte-nelle-alpi-la-conferenza-sulle-malattie-di-stagione\\\/#primaryimage\",\"url\":\"http:\\\/\\\/www.bellunopress.it\\\/wp-content\\\/uploads\\\/2009\\\/11\\\/naturopatia-franchi-cecchi-bassi-venturin-002.jpg\",\"contentUrl\":\"http:\\\/\\\/www.bellunopress.it\\\/wp-content\\\/uploads\\\/2009\\\/11\\\/naturopatia-franchi-cecchi-bassi-venturin-002.jpg\"},{\"@type\":\"BreadcrumbList\",\"@id\":\"https:\\\/\\\/www.bellunopress.it\\\/2009\\\/11\\\/19\\\/natura-che-cura-ieri-sera-alla-biblioteca-di-ponte-nelle-alpi-la-conferenza-sulle-malattie-di-stagione\\\/#breadcrumb\",\"itemListElement\":[{\"@type\":\"ListItem\",\"position\":1,\"name\":\"Home\",\"item\":\"https:\\\/\\\/www.bellunopress.it\\\/\"},{\"@type\":\"ListItem\",\"position\":2,\"name\":\"Natura che cura: ieri sera alla Biblioteca di Ponte nelle Alpi la conferenza sulle malattie di stagione\"}]},{\"@type\":\"WebSite\",\"@id\":\"https:\\\/\\\/www.bellunopress.it\\\/#website\",\"url\":\"https:\\\/\\\/www.bellunopress.it\\\/\",\"name\":\"Bellunopress - Dolomiti\",\"description\":\"e-mail: redazione@bellunopress.it\",\"publisher\":{\"@id\":\"https:\\\/\\\/www.bellunopress.it\\\/#organization\"},\"potentialAction\":[{\"@type\":\"SearchAction\",\"target\":{\"@type\":\"EntryPoint\",\"urlTemplate\":\"https:\\\/\\\/www.bellunopress.it\\\/?s={search_term_string}\"},\"query-input\":{\"@type\":\"PropertyValueSpecification\",\"valueRequired\":true,\"valueName\":\"search_term_string\"}}],\"inLanguage\":\"fr-FR\"},{\"@type\":\"Organization\",\"@id\":\"https:\\\/\\\/www.bellunopress.it\\\/#organization\",\"name\":\"Bellunopress\",\"url\":\"https:\\\/\\\/www.bellunopress.it\\\/\",\"logo\":{\"@type\":\"ImageObject\",\"inLanguage\":\"fr-FR\",\"@id\":\"https:\\\/\\\/www.bellunopress.it\\\/#\\\/schema\\\/logo\\\/image\\\/\",\"url\":\"https:\\\/\\\/www.bellunopress.it\\\/wp-content\\\/uploads\\\/2011\\\/05\\\/cropped-logo-bellunopress-.jpg\",\"contentUrl\":\"https:\\\/\\\/www.bellunopress.it\\\/wp-content\\\/uploads\\\/2011\\\/05\\\/cropped-logo-bellunopress-.jpg\",\"width\":512,\"height\":512,\"caption\":\"Bellunopress\"},\"image\":{\"@id\":\"https:\\\/\\\/www.bellunopress.it\\\/#\\\/schema\\\/logo\\\/image\\\/\"},\"sameAs\":[\"https:\\\/\\\/www.facebook.com\\\/profile.php?id=100008943462799\",\"https:\\\/\\\/x.com\\\/bellunopress\",\"https:\\\/\\\/www.linkedin.com\\\/hp\\\/?dnr=JBzUWaJfMUw8vbXJJ2tVW5-I3jZKvC4wsoxE&amp;amp;amp;amp;amp;amp;trk=nav_responsive_tab_home\",\"https:\\\/\\\/www.youtube.com\\\/channel\\\/UCxL0wu1uN0_3_7hGG0306cw\"]},{\"@type\":\"Person\",\"@id\":\"https:\\\/\\\/www.bellunopress.it\\\/#\\\/schema\\\/person\\\/79bb06722b37ece1c03d3e94beb30d73\",\"name\":\"redazione\",\"image\":{\"@type\":\"ImageObject\",\"inLanguage\":\"fr-FR\",\"@id\":\"https:\\\/\\\/secure.gravatar.com\\\/avatar\\\/37d968a2e67a6fd04c169c4bdef102d0bc5d31b2546345219e348575eb80e9a0?s=96&d=mm&r=g\",\"url\":\"https:\\\/\\\/secure.gravatar.com\\\/avatar\\\/37d968a2e67a6fd04c169c4bdef102d0bc5d31b2546345219e348575eb80e9a0?s=96&d=mm&r=g\",\"contentUrl\":\"https:\\\/\\\/secure.gravatar.com\\\/avatar\\\/37d968a2e67a6fd04c169c4bdef102d0bc5d31b2546345219e348575eb80e9a0?s=96&d=mm&r=g\",\"caption\":\"redazione\"},\"sameAs\":[\"http:\\\/\\\/www.bellunopress.it\",\"https:\\\/\\\/x.com\\\/bellunopress\"],\"url\":\"https:\\\/\\\/www.bellunopress.it\\\/fr\\\/author\\\/redazione\\\/\"}]}<\/script>\n<!-- \/ Yoast SEO plugin. -->","yoast_head_json":{"title":"Natura che cura: ieri sera alla Biblioteca di Ponte nelle Alpi la conferenza sulle malattie di stagione - Bellunopress - Dolomiti","robots":{"index":"index","follow":"follow","max-snippet":"max-snippet:-1","max-image-preview":"max-image-preview:large","max-video-preview":"max-video-preview:-1"},"canonical":"https:\/\/www.bellunopress.it\/fr\/2009\/11\/19\/natura-che-cura-ieri-sera-alla-biblioteca-di-ponte-nelle-alpi-la-conferenza-sulle-malattie-di-stagione\/","og_locale":"fr_FR","og_type":"article","og_title":"Natura che cura: ieri sera alla Biblioteca di Ponte nelle Alpi la conferenza sulle malattie di stagione - Bellunopress - Dolomiti","og_description":"\u00ab400 attacchi ogni giorno da virus e batteri. E basta perdere una sola di queste battaglie per perdere la vita\u00bb! Lo ha detto ieri sera (mercoled\u00ec 18 novembre) alla Biblioteca di Ponte nelle Alpi il dottor Maurizio Cecchi, nel corso della conferenza dedicata alle malattie di stagione promossa dall&#8217;Associazione di Naturopatia di Belluno. \u00abUna volta [&hellip;]","og_url":"https:\/\/www.bellunopress.it\/fr\/2009\/11\/19\/natura-che-cura-ieri-sera-alla-biblioteca-di-ponte-nelle-alpi-la-conferenza-sulle-malattie-di-stagione\/","og_site_name":"Bellunopress - Dolomiti","article_publisher":"https:\/\/www.facebook.com\/profile.php?id=100008943462799","article_published_time":"2009-11-19T00:04:09+00:00","og_image":[{"url":"http:\/\/www.bellunopress.it\/wp-content\/uploads\/2009\/11\/naturopatia-franchi-cecchi-bassi-venturin-002.jpg","type":"","width":"","height":""}],"author":"redazione","twitter_card":"summary_large_image","twitter_creator":"@bellunopress","twitter_site":"@bellunopress","twitter_misc":{"\u00c9crit par":"redazione","Dur\u00e9e de lecture estim\u00e9e":"1 minute"},"schema":{"@context":"https:\/\/schema.org","@graph":[{"@type":"Article","@id":"https:\/\/www.bellunopress.it\/2009\/11\/19\/natura-che-cura-ieri-sera-alla-biblioteca-di-ponte-nelle-alpi-la-conferenza-sulle-malattie-di-stagione\/#article","isPartOf":{"@id":"https:\/\/www.bellunopress.it\/2009\/11\/19\/natura-che-cura-ieri-sera-alla-biblioteca-di-ponte-nelle-alpi-la-conferenza-sulle-malattie-di-stagione\/"},"author":{"name":"redazione","@id":"https:\/\/www.bellunopress.it\/#\/schema\/person\/79bb06722b37ece1c03d3e94beb30d73"},"headline":"Natura che cura: ieri sera alla Biblioteca di Ponte nelle Alpi la conferenza sulle malattie di stagione","datePublished":"2009-11-19T00:04:09+00:00","mainEntityOfPage":{"@id":"https:\/\/www.bellunopress.it\/2009\/11\/19\/natura-che-cura-ieri-sera-alla-biblioteca-di-ponte-nelle-alpi-la-conferenza-sulle-malattie-di-stagione\/"},"wordCount":304,"publisher":{"@id":"https:\/\/www.bellunopress.it\/#organization"},"image":{"@id":"https:\/\/www.bellunopress.it\/2009\/11\/19\/natura-che-cura-ieri-sera-alla-biblioteca-di-ponte-nelle-alpi-la-conferenza-sulle-malattie-di-stagione\/#primaryimage"},"thumbnailUrl":"http:\/\/www.bellunopress.it\/wp-content\/uploads\/2009\/11\/naturopatia-franchi-cecchi-bassi-venturin-002.jpg","keywords":["Sanit\u00e0"],"articleSection":["Prima Pagina","Sanit\u00e0 Medicina"],"inLanguage":"fr-FR"},{"@type":"WebPage","@id":"https:\/\/www.bellunopress.it\/2009\/11\/19\/natura-che-cura-ieri-sera-alla-biblioteca-di-ponte-nelle-alpi-la-conferenza-sulle-malattie-di-stagione\/","url":"https:\/\/www.bellunopress.it\/2009\/11\/19\/natura-che-cura-ieri-sera-alla-biblioteca-di-ponte-nelle-alpi-la-conferenza-sulle-malattie-di-stagione\/","name":"Natura che cura: ieri sera alla Biblioteca di Ponte nelle Alpi la conferenza sulle malattie di stagione - Bellunopress - Dolomiti","isPartOf":{"@id":"https:\/\/www.bellunopress.it\/#website"},"primaryImageOfPage":{"@id":"https:\/\/www.bellunopress.it\/2009\/11\/19\/natura-che-cura-ieri-sera-alla-biblioteca-di-ponte-nelle-alpi-la-conferenza-sulle-malattie-di-stagione\/#primaryimage"},"image":{"@id":"https:\/\/www.bellunopress.it\/2009\/11\/19\/natura-che-cura-ieri-sera-alla-biblioteca-di-ponte-nelle-alpi-la-conferenza-sulle-malattie-di-stagione\/#primaryimage"},"thumbnailUrl":"http:\/\/www.bellunopress.it\/wp-content\/uploads\/2009\/11\/naturopatia-franchi-cecchi-bassi-venturin-002.jpg","datePublished":"2009-11-19T00:04:09+00:00","breadcrumb":{"@id":"https:\/\/www.bellunopress.it\/2009\/11\/19\/natura-che-cura-ieri-sera-alla-biblioteca-di-ponte-nelle-alpi-la-conferenza-sulle-malattie-di-stagione\/#breadcrumb"},"inLanguage":"fr-FR","potentialAction":[{"@type":"ReadAction","target":["https:\/\/www.bellunopress.it\/2009\/11\/19\/natura-che-cura-ieri-sera-alla-biblioteca-di-ponte-nelle-alpi-la-conferenza-sulle-malattie-di-stagione\/"]}]},{"@type":"ImageObject","inLanguage":"fr-FR","@id":"https:\/\/www.bellunopress.it\/2009\/11\/19\/natura-che-cura-ieri-sera-alla-biblioteca-di-ponte-nelle-alpi-la-conferenza-sulle-malattie-di-stagione\/#primaryimage","url":"http:\/\/www.bellunopress.it\/wp-content\/uploads\/2009\/11\/naturopatia-franchi-cecchi-bassi-venturin-002.jpg","contentUrl":"http:\/\/www.bellunopress.it\/wp-content\/uploads\/2009\/11\/naturopatia-franchi-cecchi-bassi-venturin-002.jpg"},{"@type":"BreadcrumbList","@id":"https:\/\/www.bellunopress.it\/2009\/11\/19\/natura-che-cura-ieri-sera-alla-biblioteca-di-ponte-nelle-alpi-la-conferenza-sulle-malattie-di-stagione\/#breadcrumb","itemListElement":[{"@type":"ListItem","position":1,"name":"Home","item":"https:\/\/www.bellunopress.it\/"},{"@type":"ListItem","position":2,"name":"Natura che cura: ieri sera alla Biblioteca di Ponte nelle Alpi la conferenza sulle malattie di stagione"}]},{"@type":"WebSite","@id":"https:\/\/www.bellunopress.it\/#website","url":"https:\/\/www.bellunopress.it\/","name":"Bellunopress - Dolomiti","description":"e-mail: redazione@bellunopress.it","publisher":{"@id":"https:\/\/www.bellunopress.it\/#organization"},"potentialAction":[{"@type":"SearchAction","target":{"@type":"EntryPoint","urlTemplate":"https:\/\/www.bellunopress.it\/?s={search_term_string}"},"query-input":{"@type":"PropertyValueSpecification","valueRequired":true,"valueName":"search_term_string"}}],"inLanguage":"fr-FR"},{"@type":"Organization","@id":"https:\/\/www.bellunopress.it\/#organization","name":"Bellunopress","url":"https:\/\/www.bellunopress.it\/","logo":{"@type":"ImageObject","inLanguage":"fr-FR","@id":"https:\/\/www.bellunopress.it\/#\/schema\/logo\/image\/","url":"https:\/\/www.bellunopress.it\/wp-content\/uploads\/2011\/05\/cropped-logo-bellunopress-.jpg","contentUrl":"https:\/\/www.bellunopress.it\/wp-content\/uploads\/2011\/05\/cropped-logo-bellunopress-.jpg","width":512,"height":512,"caption":"Bellunopress"},"image":{"@id":"https:\/\/www.bellunopress.it\/#\/schema\/logo\/image\/"},"sameAs":["https:\/\/www.facebook.com\/profile.php?id=100008943462799","https:\/\/x.com\/bellunopress","https:\/\/www.linkedin.com\/hp\/?dnr=JBzUWaJfMUw8vbXJJ2tVW5-I3jZKvC4wsoxE&amp;amp;amp;amp;amp;amp;trk=nav_responsive_tab_home","https:\/\/www.youtube.com\/channel\/UCxL0wu1uN0_3_7hGG0306cw"]},{"@type":"Person","@id":"https:\/\/www.bellunopress.it\/#\/schema\/person\/79bb06722b37ece1c03d3e94beb30d73","name":"r\u00e9daction","image":{"@type":"ImageObject","inLanguage":"fr-FR","@id":"https:\/\/secure.gravatar.com\/avatar\/37d968a2e67a6fd04c169c4bdef102d0bc5d31b2546345219e348575eb80e9a0?s=96&d=mm&r=g","url":"https:\/\/secure.gravatar.com\/avatar\/37d968a2e67a6fd04c169c4bdef102d0bc5d31b2546345219e348575eb80e9a0?s=96&d=mm&r=g","contentUrl":"https:\/\/secure.gravatar.com\/avatar\/37d968a2e67a6fd04c169c4bdef102d0bc5d31b2546345219e348575eb80e9a0?s=96&d=mm&r=g","caption":"redazione"},"sameAs":["http:\/\/www.bellunopress.it","https:\/\/x.com\/bellunopress"],"url":"https:\/\/www.bellunopress.it\/fr\/author\/redazione\/"}]}},"_links":{"self":[{"href":"https:\/\/www.bellunopress.it\/fr\/wp-json\/wp\/v2\/posts\/9889","targetHints":{"allow":["GET"]}}],"collection":[{"href":"https:\/\/www.bellunopress.it\/fr\/wp-json\/wp\/v2\/posts"}],"about":[{"href":"https:\/\/www.bellunopress.it\/fr\/wp-json\/wp\/v2\/types\/post"}],"author":[{"embeddable":true,"href":"https:\/\/www.bellunopress.it\/fr\/wp-json\/wp\/v2\/users\/2"}],"replies":[{"embeddable":true,"href":"https:\/\/www.bellunopress.it\/fr\/wp-json\/wp\/v2\/comments?post=9889"}],"version-history":[{"count":1,"href":"https:\/\/www.bellunopress.it\/fr\/wp-json\/wp\/v2\/posts\/9889\/revisions"}],"predecessor-version":[{"id":9892,"href":"https:\/\/www.bellunopress.it\/fr\/wp-json\/wp\/v2\/posts\/9889\/revisions\/9892"}],"wp:attachment":[{"href":"https:\/\/www.bellunopress.it\/fr\/wp-json\/wp\/v2\/media?parent=9889"}],"wp:term":[{"taxonomy":"category","embeddable":true,"href":"https:\/\/www.bellunopress.it\/fr\/wp-json\/wp\/v2\/categories?post=9889"},{"taxonomy":"post_tag","embeddable":true,"href":"https:\/\/www.bellunopress.it\/fr\/wp-json\/wp\/v2\/tags?post=9889"}],"curies":[{"name":"wp","href":"https:\/\/api.w.org\/{rel}","templated":true}]}}