{"id":9861,"date":"2009-11-18T20:27:59","date_gmt":"2009-11-18T19:27:59","guid":{"rendered":"http:\/\/www.bellunopress.it\/?p=9861"},"modified":"2009-11-18T20:27:59","modified_gmt":"2009-11-18T19:27:59","slug":"federalismo-a-intermittenza-la-lega-respinge-la-proposta-dellidv-di-trasferire-le-competenze-relative-ai-dissesti-idrogeologici-da-regione-a-provincia","status":"publish","type":"post","link":"https:\/\/www.bellunopress.it\/fr\/2009\/11\/18\/federalismo-a-intermittenza-la-lega-respinge-la-proposta-dellidv-di-trasferire-le-competenze-relative-ai-dissesti-idrogeologici-da-regione-a-provincia\/","title":{"rendered":"Federalismo a intermittenza: la Lega respinge la proposta dell&#8217;Idv di trasferire le competenze relative ai dissesti idrogeologici da Regione a Provincia"},"content":{"rendered":"<figure id=\"attachment_8532\" aria-describedby=\"caption-attachment-8532\" style=\"width: 65px\" class=\"wp-caption alignleft\"><a href=\"http:\/\/www.bellunopress.it\/wp-content\/uploads\/2009\/09\/angelo-levis-idv.jpg\"><img loading=\"lazy\" decoding=\"async\" class=\"size-medium wp-image-8532\" title=\"angelo-levis-idv\" src=\"http:\/\/www.bellunopress.it\/wp-content\/uploads\/2009\/09\/angelo-levis-idv.jpg\" alt=\"Angelo Levis\" width=\"65\" height=\"82\" \/><\/a><figcaption id=\"caption-attachment-8532\" class=\"wp-caption-text\">Angelo Levis<\/figcaption><\/figure>\n<p>La maggioranza Lega-Pdl in Consiglio provinciale boccia la mozione federalista dell&#8217;Italia dei valori. E&#8217; successo il 17 novembre, quando il gruppo consiliare dell\u2019Idv ha presentato una mozione per ottenere dal Consiglio provinciale una delibera di richiesta formale alla Regione Veneto nella quale si richiedeva di trasferire alla Provincia le competenze e le risorse in materia di dissesti idrogeologici di tutti i siti. \u00abLa disposizione cui si voleva ottemperare &#8211; spiega Angelo Levis, capogruppo Idv in consiglio provinciale &#8211; \u00e8 il D.L. del 31 marzo 1998 n. 112. Per la verit\u00e0 esiste una deliberazione della Giunta Regionale (la n. 1022 del 18-03-2005) nella quale si sono introdotte modifiche alla individuazione dei soggetti attuatori per alcuni dissesti ideologici di rilevanza nazionale situati anche in provincia di Belluno. L&#8217;Idv ritiene che alla prova dei fatti (soprattutto preso atto della frana di Cancia) tale competenza debba ritornare alla provincia di Belluno perch\u00e9 solo chi opera vicino al territorio e lo conosce a fondo \u00e8 in grado di dare risposte certe ed immediate ai propri cittadini. Purtroppo la maggioranza che governa la nostra provincia a parole \u00e8 federalista ma non concretamente.<\/p>","protected":false},"excerpt":{"rendered":"<p>La maggioranza Lega-Pdl in Consiglio provinciale boccia la mozione federalista dell&#8217;Italia dei valori. E&#8217; successo il 17 novembre, quando il gruppo consiliare dell\u2019Idv ha presentato una mozione per ottenere dal Consiglio provinciale una delibera di richiesta formale alla Regione Veneto nella quale si richiedeva di trasferire alla Provincia le competenze e le risorse in materia [&hellip;]<\/p>\n","protected":false},"author":2,"featured_media":0,"comment_status":"closed","ping_status":"open","sticky":false,"template":"","format":"standard","meta":{"footnotes":""},"categories":[5,26],"tags":[139],"class_list":["post-9861","post","type-post","status-publish","format-standard","category-cronaca","category-prima-pagina","tag-belluno"],"yoast_head":"<!-- This site is optimized with the Yoast SEO plugin v28.4 - https:\/\/yoast.com\/product\/yoast-seo-wordpress\/ -->\n<title>Federalismo a intermittenza: la Lega respinge la proposta dell&#039;Idv di trasferire le competenze relative ai dissesti idrogeologici da Regione a Provincia - Bellunopress - Dolomiti<\/title>\n<meta name=\"robots\" content=\"index, follow, max-snippet:-1, max-image-preview:large, max-video-preview:-1\" \/>\n<link rel=\"canonical\" href=\"https:\/\/www.bellunopress.it\/fr\/2009\/11\/18\/federalismo-a-intermittenza-la-lega-respinge-la-proposta-dellidv-di-trasferire-le-competenze-relative-ai-dissesti-idrogeologici-da-regione-a-provincia\/\" \/>\n<meta property=\"og:locale\" content=\"fr_FR\" \/>\n<meta property=\"og:type\" content=\"article\" \/>\n<meta property=\"og:title\" content=\"Federalismo a intermittenza: la Lega respinge la proposta dell&#039;Idv di trasferire le competenze relative ai dissesti idrogeologici da Regione a Provincia - Bellunopress - Dolomiti\" \/>\n<meta property=\"og:description\" content=\"La maggioranza Lega-Pdl in Consiglio provinciale boccia la mozione federalista dell&#8217;Italia dei valori. E&#8217; successo il 17 novembre, quando il gruppo consiliare dell\u2019Idv ha presentato una mozione per ottenere dal Consiglio provinciale una delibera di richiesta formale alla Regione Veneto nella quale si richiedeva di trasferire alla Provincia le competenze e le risorse in materia [&hellip;]\" \/>\n<meta property=\"og:url\" content=\"https:\/\/www.bellunopress.it\/fr\/2009\/11\/18\/federalismo-a-intermittenza-la-lega-respinge-la-proposta-dellidv-di-trasferire-le-competenze-relative-ai-dissesti-idrogeologici-da-regione-a-provincia\/\" \/>\n<meta property=\"og:site_name\" content=\"Bellunopress - Dolomiti\" \/>\n<meta property=\"article:publisher\" content=\"https:\/\/www.facebook.com\/profile.php?id=100008943462799\" \/>\n<meta property=\"article:published_time\" content=\"2009-11-18T19:27:59+00:00\" \/>\n<meta property=\"og:image\" content=\"http:\/\/www.bellunopress.it\/wp-content\/uploads\/2009\/09\/angelo-levis-idv.jpg\" \/>\n<meta name=\"author\" content=\"redazione\" \/>\n<meta name=\"twitter:card\" content=\"summary_large_image\" \/>\n<meta name=\"twitter:creator\" content=\"@bellunopress\" \/>\n<meta name=\"twitter:site\" content=\"@bellunopress\" \/>\n<meta name=\"twitter:label1\" content=\"\u00c9crit par\" \/>\n\t<meta name=\"twitter:data1\" content=\"redazione\" \/>\n\t<meta name=\"twitter:label2\" content=\"Dur\u00e9e de lecture estim\u00e9e\" \/>\n\t<meta name=\"twitter:data2\" content=\"1 minute\" \/>\n<script type=\"application\/ld+json\" class=\"yoast-schema-graph\">{\"@context\":\"https:\\\/\\\/schema.org\",\"@graph\":[{\"@type\":\"Article\",\"@id\":\"https:\\\/\\\/www.bellunopress.it\\\/2009\\\/11\\\/18\\\/federalismo-a-intermittenza-la-lega-respinge-la-proposta-dellidv-di-trasferire-le-competenze-relative-ai-dissesti-idrogeologici-da-regione-a-provincia\\\/#article\",\"isPartOf\":{\"@id\":\"https:\\\/\\\/www.bellunopress.it\\\/2009\\\/11\\\/18\\\/federalismo-a-intermittenza-la-lega-respinge-la-proposta-dellidv-di-trasferire-le-competenze-relative-ai-dissesti-idrogeologici-da-regione-a-provincia\\\/\"},\"author\":{\"name\":\"redazione\",\"@id\":\"https:\\\/\\\/www.bellunopress.it\\\/#\\\/schema\\\/person\\\/79bb06722b37ece1c03d3e94beb30d73\"},\"headline\":\"Federalismo a intermittenza: la Lega respinge la proposta dell&#8217;Idv di trasferire le competenze relative ai dissesti idrogeologici da Regione a Provincia\",\"datePublished\":\"2009-11-18T19:27:59+00:00\",\"mainEntityOfPage\":{\"@id\":\"https:\\\/\\\/www.bellunopress.it\\\/2009\\\/11\\\/18\\\/federalismo-a-intermittenza-la-lega-respinge-la-proposta-dellidv-di-trasferire-le-competenze-relative-ai-dissesti-idrogeologici-da-regione-a-provincia\\\/\"},\"wordCount\":215,\"publisher\":{\"@id\":\"https:\\\/\\\/www.bellunopress.it\\\/#organization\"},\"image\":{\"@id\":\"https:\\\/\\\/www.bellunopress.it\\\/2009\\\/11\\\/18\\\/federalismo-a-intermittenza-la-lega-respinge-la-proposta-dellidv-di-trasferire-le-competenze-relative-ai-dissesti-idrogeologici-da-regione-a-provincia\\\/#primaryimage\"},\"thumbnailUrl\":\"http:\\\/\\\/www.bellunopress.it\\\/wp-content\\\/uploads\\\/2009\\\/09\\\/angelo-levis-idv.jpg\",\"keywords\":[\"Belluno\"],\"articleSection\":[\"Cronaca\\\/Politica\",\"Prima Pagina\"],\"inLanguage\":\"fr-FR\"},{\"@type\":\"WebPage\",\"@id\":\"https:\\\/\\\/www.bellunopress.it\\\/2009\\\/11\\\/18\\\/federalismo-a-intermittenza-la-lega-respinge-la-proposta-dellidv-di-trasferire-le-competenze-relative-ai-dissesti-idrogeologici-da-regione-a-provincia\\\/\",\"url\":\"https:\\\/\\\/www.bellunopress.it\\\/2009\\\/11\\\/18\\\/federalismo-a-intermittenza-la-lega-respinge-la-proposta-dellidv-di-trasferire-le-competenze-relative-ai-dissesti-idrogeologici-da-regione-a-provincia\\\/\",\"name\":\"Federalismo a intermittenza: la Lega respinge la proposta dell'Idv di trasferire le competenze relative ai dissesti idrogeologici da Regione a Provincia - Bellunopress - Dolomiti\",\"isPartOf\":{\"@id\":\"https:\\\/\\\/www.bellunopress.it\\\/#website\"},\"primaryImageOfPage\":{\"@id\":\"https:\\\/\\\/www.bellunopress.it\\\/2009\\\/11\\\/18\\\/federalismo-a-intermittenza-la-lega-respinge-la-proposta-dellidv-di-trasferire-le-competenze-relative-ai-dissesti-idrogeologici-da-regione-a-provincia\\\/#primaryimage\"},\"image\":{\"@id\":\"https:\\\/\\\/www.bellunopress.it\\\/2009\\\/11\\\/18\\\/federalismo-a-intermittenza-la-lega-respinge-la-proposta-dellidv-di-trasferire-le-competenze-relative-ai-dissesti-idrogeologici-da-regione-a-provincia\\\/#primaryimage\"},\"thumbnailUrl\":\"http:\\\/\\\/www.bellunopress.it\\\/wp-content\\\/uploads\\\/2009\\\/09\\\/angelo-levis-idv.jpg\",\"datePublished\":\"2009-11-18T19:27:59+00:00\",\"breadcrumb\":{\"@id\":\"https:\\\/\\\/www.bellunopress.it\\\/2009\\\/11\\\/18\\\/federalismo-a-intermittenza-la-lega-respinge-la-proposta-dellidv-di-trasferire-le-competenze-relative-ai-dissesti-idrogeologici-da-regione-a-provincia\\\/#breadcrumb\"},\"inLanguage\":\"fr-FR\",\"potentialAction\":[{\"@type\":\"ReadAction\",\"target\":[\"https:\\\/\\\/www.bellunopress.it\\\/2009\\\/11\\\/18\\\/federalismo-a-intermittenza-la-lega-respinge-la-proposta-dellidv-di-trasferire-le-competenze-relative-ai-dissesti-idrogeologici-da-regione-a-provincia\\\/\"]}]},{\"@type\":\"ImageObject\",\"inLanguage\":\"fr-FR\",\"@id\":\"https:\\\/\\\/www.bellunopress.it\\\/2009\\\/11\\\/18\\\/federalismo-a-intermittenza-la-lega-respinge-la-proposta-dellidv-di-trasferire-le-competenze-relative-ai-dissesti-idrogeologici-da-regione-a-provincia\\\/#primaryimage\",\"url\":\"http:\\\/\\\/www.bellunopress.it\\\/wp-content\\\/uploads\\\/2009\\\/09\\\/angelo-levis-idv.jpg\",\"contentUrl\":\"http:\\\/\\\/www.bellunopress.it\\\/wp-content\\\/uploads\\\/2009\\\/09\\\/angelo-levis-idv.jpg\"},{\"@type\":\"BreadcrumbList\",\"@id\":\"https:\\\/\\\/www.bellunopress.it\\\/2009\\\/11\\\/18\\\/federalismo-a-intermittenza-la-lega-respinge-la-proposta-dellidv-di-trasferire-le-competenze-relative-ai-dissesti-idrogeologici-da-regione-a-provincia\\\/#breadcrumb\",\"itemListElement\":[{\"@type\":\"ListItem\",\"position\":1,\"name\":\"Home\",\"item\":\"https:\\\/\\\/www.bellunopress.it\\\/\"},{\"@type\":\"ListItem\",\"position\":2,\"name\":\"Federalismo a intermittenza: la Lega respinge la proposta dell&#8217;Idv di trasferire le competenze relative ai dissesti idrogeologici da Regione a Provincia\"}]},{\"@type\":\"WebSite\",\"@id\":\"https:\\\/\\\/www.bellunopress.it\\\/#website\",\"url\":\"https:\\\/\\\/www.bellunopress.it\\\/\",\"name\":\"Bellunopress - Dolomiti\",\"description\":\"e-mail: redazione@bellunopress.it\",\"publisher\":{\"@id\":\"https:\\\/\\\/www.bellunopress.it\\\/#organization\"},\"potentialAction\":[{\"@type\":\"SearchAction\",\"target\":{\"@type\":\"EntryPoint\",\"urlTemplate\":\"https:\\\/\\\/www.bellunopress.it\\\/?s={search_term_string}\"},\"query-input\":{\"@type\":\"PropertyValueSpecification\",\"valueRequired\":true,\"valueName\":\"search_term_string\"}}],\"inLanguage\":\"fr-FR\"},{\"@type\":\"Organization\",\"@id\":\"https:\\\/\\\/www.bellunopress.it\\\/#organization\",\"name\":\"Bellunopress\",\"url\":\"https:\\\/\\\/www.bellunopress.it\\\/\",\"logo\":{\"@type\":\"ImageObject\",\"inLanguage\":\"fr-FR\",\"@id\":\"https:\\\/\\\/www.bellunopress.it\\\/#\\\/schema\\\/logo\\\/image\\\/\",\"url\":\"https:\\\/\\\/www.bellunopress.it\\\/wp-content\\\/uploads\\\/2011\\\/05\\\/cropped-logo-bellunopress-.jpg\",\"contentUrl\":\"https:\\\/\\\/www.bellunopress.it\\\/wp-content\\\/uploads\\\/2011\\\/05\\\/cropped-logo-bellunopress-.jpg\",\"width\":512,\"height\":512,\"caption\":\"Bellunopress\"},\"image\":{\"@id\":\"https:\\\/\\\/www.bellunopress.it\\\/#\\\/schema\\\/logo\\\/image\\\/\"},\"sameAs\":[\"https:\\\/\\\/www.facebook.com\\\/profile.php?id=100008943462799\",\"https:\\\/\\\/x.com\\\/bellunopress\",\"https:\\\/\\\/www.linkedin.com\\\/hp\\\/?dnr=JBzUWaJfMUw8vbXJJ2tVW5-I3jZKvC4wsoxE&amp;amp;amp;amp;amp;amp;trk=nav_responsive_tab_home\",\"https:\\\/\\\/www.youtube.com\\\/channel\\\/UCxL0wu1uN0_3_7hGG0306cw\"]},{\"@type\":\"Person\",\"@id\":\"https:\\\/\\\/www.bellunopress.it\\\/#\\\/schema\\\/person\\\/79bb06722b37ece1c03d3e94beb30d73\",\"name\":\"redazione\",\"image\":{\"@type\":\"ImageObject\",\"inLanguage\":\"fr-FR\",\"@id\":\"https:\\\/\\\/secure.gravatar.com\\\/avatar\\\/37d968a2e67a6fd04c169c4bdef102d0bc5d31b2546345219e348575eb80e9a0?s=96&d=mm&r=g\",\"url\":\"https:\\\/\\\/secure.gravatar.com\\\/avatar\\\/37d968a2e67a6fd04c169c4bdef102d0bc5d31b2546345219e348575eb80e9a0?s=96&d=mm&r=g\",\"contentUrl\":\"https:\\\/\\\/secure.gravatar.com\\\/avatar\\\/37d968a2e67a6fd04c169c4bdef102d0bc5d31b2546345219e348575eb80e9a0?s=96&d=mm&r=g\",\"caption\":\"redazione\"},\"sameAs\":[\"http:\\\/\\\/www.bellunopress.it\",\"https:\\\/\\\/x.com\\\/bellunopress\"],\"url\":\"https:\\\/\\\/www.bellunopress.it\\\/fr\\\/author\\\/redazione\\\/\"}]}<\/script>\n<!-- \/ Yoast SEO plugin. -->","yoast_head_json":{"title":"Federalismo a intermittenza: la Lega respinge la proposta dell'Idv di trasferire le competenze relative ai dissesti idrogeologici da Regione a Provincia - Bellunopress - Dolomiti","robots":{"index":"index","follow":"follow","max-snippet":"max-snippet:-1","max-image-preview":"max-image-preview:large","max-video-preview":"max-video-preview:-1"},"canonical":"https:\/\/www.bellunopress.it\/fr\/2009\/11\/18\/federalismo-a-intermittenza-la-lega-respinge-la-proposta-dellidv-di-trasferire-le-competenze-relative-ai-dissesti-idrogeologici-da-regione-a-provincia\/","og_locale":"fr_FR","og_type":"article","og_title":"Federalismo a intermittenza: la Lega respinge la proposta dell'Idv di trasferire le competenze relative ai dissesti idrogeologici da Regione a Provincia - Bellunopress - Dolomiti","og_description":"La maggioranza Lega-Pdl in Consiglio provinciale boccia la mozione federalista dell&#8217;Italia dei valori. E&#8217; successo il 17 novembre, quando il gruppo consiliare dell\u2019Idv ha presentato una mozione per ottenere dal Consiglio provinciale una delibera di richiesta formale alla Regione Veneto nella quale si richiedeva di trasferire alla Provincia le competenze e le risorse in materia [&hellip;]","og_url":"https:\/\/www.bellunopress.it\/fr\/2009\/11\/18\/federalismo-a-intermittenza-la-lega-respinge-la-proposta-dellidv-di-trasferire-le-competenze-relative-ai-dissesti-idrogeologici-da-regione-a-provincia\/","og_site_name":"Bellunopress - Dolomiti","article_publisher":"https:\/\/www.facebook.com\/profile.php?id=100008943462799","article_published_time":"2009-11-18T19:27:59+00:00","og_image":[{"url":"http:\/\/www.bellunopress.it\/wp-content\/uploads\/2009\/09\/angelo-levis-idv.jpg","type":"","width":"","height":""}],"author":"redazione","twitter_card":"summary_large_image","twitter_creator":"@bellunopress","twitter_site":"@bellunopress","twitter_misc":{"\u00c9crit par":"redazione","Dur\u00e9e de lecture estim\u00e9e":"1 minute"},"schema":{"@context":"https:\/\/schema.org","@graph":[{"@type":"Article","@id":"https:\/\/www.bellunopress.it\/2009\/11\/18\/federalismo-a-intermittenza-la-lega-respinge-la-proposta-dellidv-di-trasferire-le-competenze-relative-ai-dissesti-idrogeologici-da-regione-a-provincia\/#article","isPartOf":{"@id":"https:\/\/www.bellunopress.it\/2009\/11\/18\/federalismo-a-intermittenza-la-lega-respinge-la-proposta-dellidv-di-trasferire-le-competenze-relative-ai-dissesti-idrogeologici-da-regione-a-provincia\/"},"author":{"name":"redazione","@id":"https:\/\/www.bellunopress.it\/#\/schema\/person\/79bb06722b37ece1c03d3e94beb30d73"},"headline":"Federalismo a intermittenza: la Lega respinge la proposta dell&#8217;Idv di trasferire le competenze relative ai dissesti idrogeologici da Regione a Provincia","datePublished":"2009-11-18T19:27:59+00:00","mainEntityOfPage":{"@id":"https:\/\/www.bellunopress.it\/2009\/11\/18\/federalismo-a-intermittenza-la-lega-respinge-la-proposta-dellidv-di-trasferire-le-competenze-relative-ai-dissesti-idrogeologici-da-regione-a-provincia\/"},"wordCount":215,"publisher":{"@id":"https:\/\/www.bellunopress.it\/#organization"},"image":{"@id":"https:\/\/www.bellunopress.it\/2009\/11\/18\/federalismo-a-intermittenza-la-lega-respinge-la-proposta-dellidv-di-trasferire-le-competenze-relative-ai-dissesti-idrogeologici-da-regione-a-provincia\/#primaryimage"},"thumbnailUrl":"http:\/\/www.bellunopress.it\/wp-content\/uploads\/2009\/09\/angelo-levis-idv.jpg","keywords":["Belluno"],"articleSection":["Cronaca\/Politica","Prima Pagina"],"inLanguage":"fr-FR"},{"@type":"WebPage","@id":"https:\/\/www.bellunopress.it\/2009\/11\/18\/federalismo-a-intermittenza-la-lega-respinge-la-proposta-dellidv-di-trasferire-le-competenze-relative-ai-dissesti-idrogeologici-da-regione-a-provincia\/","url":"https:\/\/www.bellunopress.it\/2009\/11\/18\/federalismo-a-intermittenza-la-lega-respinge-la-proposta-dellidv-di-trasferire-le-competenze-relative-ai-dissesti-idrogeologici-da-regione-a-provincia\/","name":"Federalismo a intermittenza: la Lega respinge la proposta dell'Idv di trasferire le competenze relative ai dissesti idrogeologici da Regione a Provincia - Bellunopress - Dolomiti","isPartOf":{"@id":"https:\/\/www.bellunopress.it\/#website"},"primaryImageOfPage":{"@id":"https:\/\/www.bellunopress.it\/2009\/11\/18\/federalismo-a-intermittenza-la-lega-respinge-la-proposta-dellidv-di-trasferire-le-competenze-relative-ai-dissesti-idrogeologici-da-regione-a-provincia\/#primaryimage"},"image":{"@id":"https:\/\/www.bellunopress.it\/2009\/11\/18\/federalismo-a-intermittenza-la-lega-respinge-la-proposta-dellidv-di-trasferire-le-competenze-relative-ai-dissesti-idrogeologici-da-regione-a-provincia\/#primaryimage"},"thumbnailUrl":"http:\/\/www.bellunopress.it\/wp-content\/uploads\/2009\/09\/angelo-levis-idv.jpg","datePublished":"2009-11-18T19:27:59+00:00","breadcrumb":{"@id":"https:\/\/www.bellunopress.it\/2009\/11\/18\/federalismo-a-intermittenza-la-lega-respinge-la-proposta-dellidv-di-trasferire-le-competenze-relative-ai-dissesti-idrogeologici-da-regione-a-provincia\/#breadcrumb"},"inLanguage":"fr-FR","potentialAction":[{"@type":"ReadAction","target":["https:\/\/www.bellunopress.it\/2009\/11\/18\/federalismo-a-intermittenza-la-lega-respinge-la-proposta-dellidv-di-trasferire-le-competenze-relative-ai-dissesti-idrogeologici-da-regione-a-provincia\/"]}]},{"@type":"ImageObject","inLanguage":"fr-FR","@id":"https:\/\/www.bellunopress.it\/2009\/11\/18\/federalismo-a-intermittenza-la-lega-respinge-la-proposta-dellidv-di-trasferire-le-competenze-relative-ai-dissesti-idrogeologici-da-regione-a-provincia\/#primaryimage","url":"http:\/\/www.bellunopress.it\/wp-content\/uploads\/2009\/09\/angelo-levis-idv.jpg","contentUrl":"http:\/\/www.bellunopress.it\/wp-content\/uploads\/2009\/09\/angelo-levis-idv.jpg"},{"@type":"BreadcrumbList","@id":"https:\/\/www.bellunopress.it\/2009\/11\/18\/federalismo-a-intermittenza-la-lega-respinge-la-proposta-dellidv-di-trasferire-le-competenze-relative-ai-dissesti-idrogeologici-da-regione-a-provincia\/#breadcrumb","itemListElement":[{"@type":"ListItem","position":1,"name":"Home","item":"https:\/\/www.bellunopress.it\/"},{"@type":"ListItem","position":2,"name":"Federalismo a intermittenza: la Lega respinge la proposta dell&#8217;Idv di trasferire le competenze relative ai dissesti idrogeologici da Regione a Provincia"}]},{"@type":"WebSite","@id":"https:\/\/www.bellunopress.it\/#website","url":"https:\/\/www.bellunopress.it\/","name":"Bellunopress - Dolomiti","description":"e-mail: redazione@bellunopress.it","publisher":{"@id":"https:\/\/www.bellunopress.it\/#organization"},"potentialAction":[{"@type":"SearchAction","target":{"@type":"EntryPoint","urlTemplate":"https:\/\/www.bellunopress.it\/?s={search_term_string}"},"query-input":{"@type":"PropertyValueSpecification","valueRequired":true,"valueName":"search_term_string"}}],"inLanguage":"fr-FR"},{"@type":"Organization","@id":"https:\/\/www.bellunopress.it\/#organization","name":"Bellunopress","url":"https:\/\/www.bellunopress.it\/","logo":{"@type":"ImageObject","inLanguage":"fr-FR","@id":"https:\/\/www.bellunopress.it\/#\/schema\/logo\/image\/","url":"https:\/\/www.bellunopress.it\/wp-content\/uploads\/2011\/05\/cropped-logo-bellunopress-.jpg","contentUrl":"https:\/\/www.bellunopress.it\/wp-content\/uploads\/2011\/05\/cropped-logo-bellunopress-.jpg","width":512,"height":512,"caption":"Bellunopress"},"image":{"@id":"https:\/\/www.bellunopress.it\/#\/schema\/logo\/image\/"},"sameAs":["https:\/\/www.facebook.com\/profile.php?id=100008943462799","https:\/\/x.com\/bellunopress","https:\/\/www.linkedin.com\/hp\/?dnr=JBzUWaJfMUw8vbXJJ2tVW5-I3jZKvC4wsoxE&amp;amp;amp;amp;amp;amp;trk=nav_responsive_tab_home","https:\/\/www.youtube.com\/channel\/UCxL0wu1uN0_3_7hGG0306cw"]},{"@type":"Person","@id":"https:\/\/www.bellunopress.it\/#\/schema\/person\/79bb06722b37ece1c03d3e94beb30d73","name":"r\u00e9daction","image":{"@type":"ImageObject","inLanguage":"fr-FR","@id":"https:\/\/secure.gravatar.com\/avatar\/37d968a2e67a6fd04c169c4bdef102d0bc5d31b2546345219e348575eb80e9a0?s=96&d=mm&r=g","url":"https:\/\/secure.gravatar.com\/avatar\/37d968a2e67a6fd04c169c4bdef102d0bc5d31b2546345219e348575eb80e9a0?s=96&d=mm&r=g","contentUrl":"https:\/\/secure.gravatar.com\/avatar\/37d968a2e67a6fd04c169c4bdef102d0bc5d31b2546345219e348575eb80e9a0?s=96&d=mm&r=g","caption":"redazione"},"sameAs":["http:\/\/www.bellunopress.it","https:\/\/x.com\/bellunopress"],"url":"https:\/\/www.bellunopress.it\/fr\/author\/redazione\/"}]}},"_links":{"self":[{"href":"https:\/\/www.bellunopress.it\/fr\/wp-json\/wp\/v2\/posts\/9861","targetHints":{"allow":["GET"]}}],"collection":[{"href":"https:\/\/www.bellunopress.it\/fr\/wp-json\/wp\/v2\/posts"}],"about":[{"href":"https:\/\/www.bellunopress.it\/fr\/wp-json\/wp\/v2\/types\/post"}],"author":[{"embeddable":true,"href":"https:\/\/www.bellunopress.it\/fr\/wp-json\/wp\/v2\/users\/2"}],"replies":[{"embeddable":true,"href":"https:\/\/www.bellunopress.it\/fr\/wp-json\/wp\/v2\/comments?post=9861"}],"version-history":[{"count":1,"href":"https:\/\/www.bellunopress.it\/fr\/wp-json\/wp\/v2\/posts\/9861\/revisions"}],"predecessor-version":[{"id":9862,"href":"https:\/\/www.bellunopress.it\/fr\/wp-json\/wp\/v2\/posts\/9861\/revisions\/9862"}],"wp:attachment":[{"href":"https:\/\/www.bellunopress.it\/fr\/wp-json\/wp\/v2\/media?parent=9861"}],"wp:term":[{"taxonomy":"category","embeddable":true,"href":"https:\/\/www.bellunopress.it\/fr\/wp-json\/wp\/v2\/categories?post=9861"},{"taxonomy":"post_tag","embeddable":true,"href":"https:\/\/www.bellunopress.it\/fr\/wp-json\/wp\/v2\/tags?post=9861"}],"curies":[{"name":"wp","href":"https:\/\/api.w.org\/{rel}","templated":true}]}}