{"id":9854,"date":"2009-11-18T13:43:42","date_gmt":"2009-11-18T12:43:42","guid":{"rendered":"http:\/\/www.bellunopress.it\/?p=9854"},"modified":"2009-11-18T13:43:42","modified_gmt":"2009-11-18T12:43:42","slug":"la-privatizzazione-dellacqua-e-cosa-fatta-regione-e-comuni-espropriati-di-un-bene-comune-fistarol-%c2%abconseguenze-negative-per-i-cittadini%c2%bb","status":"publish","type":"post","link":"https:\/\/www.bellunopress.it\/fr\/2009\/11\/18\/la-privatizzazione-dellacqua-e-cosa-fatta-regione-e-comuni-espropriati-di-un-bene-comune-fistarol-%c2%abconseguenze-negative-per-i-cittadini%c2%bb\/","title":{"rendered":"La privatizzazione dell&#8217;acqua \u00e8 cosa fatta. Regione e Comuni espropriati di un bene comune. Fistarol: \u00abConseguenze negative per i cittadini\u00bb"},"content":{"rendered":"<figure id=\"attachment_1343\" aria-describedby=\"caption-attachment-1343\" style=\"width: 270px\" class=\"wp-caption alignleft\"><a href=\"http:\/\/www.bellunopress.it\/wp-content\/uploads\/2009\/03\/maurizio-fistarol-270x180.jpg\"><img loading=\"lazy\" decoding=\"async\" class=\"size-medium wp-image-1343\" title=\"maurizio-fistarol-270x180\" src=\"http:\/\/www.bellunopress.it\/wp-content\/uploads\/2009\/03\/maurizio-fistarol-270x180.jpg\" alt=\"Maurizio Fistarol senatore Pd\" width=\"270\" height=\"180\" \/><\/a><figcaption id=\"caption-attachment-1343\" class=\"wp-caption-text\">Maurizio Fistarol senatore Pd<\/figcaption><\/figure>\n<p>\u00abAncora una volta il governo, con un atto di arroganza politica, mette la fiducia su un provvedimento cos\u00ec delicato e di pubblico interesse. In questo modo impedisce di apportare modifiche e miglioramenti e vuole neutralizzare la contraddizioni che ci sono nella maggioranza su questo tema\u00bb. Cos\u00ec il senatore del Partito democratico, Maurizio Fistarol, a poche ore dal voto alla Camerasul decreto Ronchi, gi\u00e0 approvato dal Senato, che contiene anche la contestata norma sulla liberalizzazione dell&#8217;acqua. \u00abOggi &#8211; ha dichiarato l\u2019esponente del Pd &#8211; si consuma un atto, purtroppo non l\u2019unico, a dir poco deplorevole, che avr\u00e0 conseguenze molto gravi per il futuro di tutti i cittadini\u00bb.<br \/>\n\u00abpolitica dell\u2019acqua al migliore offerente &#8211; ha continuato Fistarol &#8211; \u00e8 stata arginata da un\u00a0 emendamento del Pd, inserito nel testo. \u201cL\u2019acqua \u00e8 di propriet\u00e0 dello Stato\u201d: poche parole che, per\u00f2, riescono nell\u2019impresa di limitare la mercificazione selvaggia voluta dal ministro Ronchi, ideatore del decreto. L&#8217;acqua non \u00e8 una merce e, in base alla Costituzione, la titolarit\u00e0 della sua gestione \u00e8 in capo alle Regioni e agli enti locali. Prevedere non la possibilit\u00e0, ma l&#8217;obbligo entro 1 anno, di affidare a privati la gestione dei servizi pubblici vuol dire espropriare Regioni e Comuni del diritto-dovere di amministrare l&#8217;uso dell&#8217;acqua nell&#8217;interesse delle persone e delle comunit\u00e0 e apre la strada ad un monopolio privato nelle mani di tre o quattro multinazionali\u00bb. \u00abUna scelta &#8211; ha spiegato il senatore del Pd &#8211; che va contro l&#8217;interesse dei cittadini e che non \u00e8 dettata, come falsamente sostengono governo e maggioranza, da norme europee. Una scelta tanto pi\u00f9 grave nel caso del partito di Bossi e Calderoli che in Padania coi suoi sindaci si batte per l&#8217;acqua bene pubblico e a Roma prende decisioni ultraliberiste. Contraddizioni della Lega, ma anche del Pdl con gli amministratori che a Belluno dicono una cosa e i parlamentari a Roma che votano in un altro modo. Questo ingresso dei privati non aprir\u00e0 la strada ad investimenti per migliorare il servizio. Agli inizi degli anni \u201890 il Comune di Belluno, sotto l\u2019amministrazione Bressa, aveva indetto una gara per la gestione privata dell\u2019acquedotto, a cui parteciparono i pi\u00f9 grossi soggetti europei, ma la blocc\u00f2 perch\u00e9 si rese conto che per i cittadini e per la stessa amministrazione era pi\u00f9 conveniente una gestione comunale, anche avendo a disposizione poche risorse per gli investimenti. Nessuna pregiudiziale ideologica da parte nostra su eventuali presenze anche di privati &#8211; ha concluso Fistarol &#8211; ma questo precedente dovrebbe far riflettere\u00bb.<\/p>","protected":false},"excerpt":{"rendered":"<p>\u00abAncora una volta il governo, con un atto di arroganza politica, mette la fiducia su un provvedimento cos\u00ec delicato e di pubblico interesse. In questo modo impedisce di apportare modifiche e miglioramenti e vuole neutralizzare la contraddizioni che ci sono nella maggioranza su questo tema\u00bb. Cos\u00ec il senatore del Partito democratico, Maurizio Fistarol, a poche [&hellip;]<\/p>\n","protected":false},"author":2,"featured_media":0,"comment_status":"closed","ping_status":"open","sticky":false,"template":"","format":"standard","meta":{"footnotes":""},"categories":[5],"tags":[139],"class_list":["post-9854","post","type-post","status-publish","format-standard","category-cronaca","tag-belluno"],"yoast_head":"<!-- This site is optimized with the Yoast SEO plugin v28.4 - https:\/\/yoast.com\/product\/yoast-seo-wordpress\/ -->\n<title>La privatizzazione dell&#039;acqua \u00e8 cosa fatta. Regione e Comuni espropriati di un bene comune. Fistarol: \u00abConseguenze negative per i cittadini\u00bb - Bellunopress - Dolomiti<\/title>\n<meta name=\"robots\" content=\"index, follow, max-snippet:-1, max-image-preview:large, max-video-preview:-1\" \/>\n<link rel=\"canonical\" href=\"https:\/\/www.bellunopress.it\/fr\/2009\/11\/18\/la-privatizzazione-dellacqua-e-cosa-fatta-regione-e-comuni-espropriati-di-un-bene-comune-fistarol-\u00abconseguenze-negative-per-i-cittadini\u00bb\/\" \/>\n<meta property=\"og:locale\" content=\"fr_FR\" \/>\n<meta property=\"og:type\" content=\"article\" \/>\n<meta property=\"og:title\" content=\"La privatizzazione dell&#039;acqua \u00e8 cosa fatta. Regione e Comuni espropriati di un bene comune. Fistarol: \u00abConseguenze negative per i cittadini\u00bb - Bellunopress - Dolomiti\" \/>\n<meta property=\"og:description\" content=\"\u00abAncora una volta il governo, con un atto di arroganza politica, mette la fiducia su un provvedimento cos\u00ec delicato e di pubblico interesse. In questo modo impedisce di apportare modifiche e miglioramenti e vuole neutralizzare la contraddizioni che ci sono nella maggioranza su questo tema\u00bb. Cos\u00ec il senatore del Partito democratico, Maurizio Fistarol, a poche [&hellip;]\" \/>\n<meta property=\"og:url\" content=\"https:\/\/www.bellunopress.it\/fr\/2009\/11\/18\/la-privatizzazione-dellacqua-e-cosa-fatta-regione-e-comuni-espropriati-di-un-bene-comune-fistarol-\u00abconseguenze-negative-per-i-cittadini\u00bb\/\" \/>\n<meta property=\"og:site_name\" content=\"Bellunopress - Dolomiti\" \/>\n<meta property=\"article:publisher\" content=\"https:\/\/www.facebook.com\/profile.php?id=100008943462799\" \/>\n<meta property=\"article:published_time\" content=\"2009-11-18T12:43:42+00:00\" \/>\n<meta property=\"og:image\" content=\"http:\/\/www.bellunopress.it\/wp-content\/uploads\/2009\/03\/maurizio-fistarol-270x180.jpg\" \/>\n<meta name=\"author\" content=\"redazione\" \/>\n<meta name=\"twitter:card\" content=\"summary_large_image\" \/>\n<meta name=\"twitter:creator\" content=\"@bellunopress\" \/>\n<meta name=\"twitter:site\" content=\"@bellunopress\" \/>\n<meta name=\"twitter:label1\" content=\"\u00c9crit par\" \/>\n\t<meta name=\"twitter:data1\" content=\"redazione\" \/>\n\t<meta name=\"twitter:label2\" content=\"Dur\u00e9e de lecture estim\u00e9e\" \/>\n\t<meta name=\"twitter:data2\" content=\"2 minutes\" \/>\n<script type=\"application\/ld+json\" class=\"yoast-schema-graph\">{\"@context\":\"https:\\\/\\\/schema.org\",\"@graph\":[{\"@type\":\"Article\",\"@id\":\"https:\\\/\\\/www.bellunopress.it\\\/2009\\\/11\\\/18\\\/la-privatizzazione-dellacqua-e-cosa-fatta-regione-e-comuni-espropriati-di-un-bene-comune-fistarol-%c2%abconseguenze-negative-per-i-cittadini%c2%bb\\\/#article\",\"isPartOf\":{\"@id\":\"https:\\\/\\\/www.bellunopress.it\\\/2009\\\/11\\\/18\\\/la-privatizzazione-dellacqua-e-cosa-fatta-regione-e-comuni-espropriati-di-un-bene-comune-fistarol-%c2%abconseguenze-negative-per-i-cittadini%c2%bb\\\/\"},\"author\":{\"name\":\"redazione\",\"@id\":\"https:\\\/\\\/www.bellunopress.it\\\/#\\\/schema\\\/person\\\/79bb06722b37ece1c03d3e94beb30d73\"},\"headline\":\"La privatizzazione dell&#8217;acqua \u00e8 cosa fatta. Regione e Comuni espropriati di un bene comune. Fistarol: \u00abConseguenze negative per i cittadini\u00bb\",\"datePublished\":\"2009-11-18T12:43:42+00:00\",\"mainEntityOfPage\":{\"@id\":\"https:\\\/\\\/www.bellunopress.it\\\/2009\\\/11\\\/18\\\/la-privatizzazione-dellacqua-e-cosa-fatta-regione-e-comuni-espropriati-di-un-bene-comune-fistarol-%c2%abconseguenze-negative-per-i-cittadini%c2%bb\\\/\"},\"wordCount\":451,\"publisher\":{\"@id\":\"https:\\\/\\\/www.bellunopress.it\\\/#organization\"},\"image\":{\"@id\":\"https:\\\/\\\/www.bellunopress.it\\\/2009\\\/11\\\/18\\\/la-privatizzazione-dellacqua-e-cosa-fatta-regione-e-comuni-espropriati-di-un-bene-comune-fistarol-%c2%abconseguenze-negative-per-i-cittadini%c2%bb\\\/#primaryimage\"},\"thumbnailUrl\":\"http:\\\/\\\/www.bellunopress.it\\\/wp-content\\\/uploads\\\/2009\\\/03\\\/maurizio-fistarol-270x180.jpg\",\"keywords\":[\"Belluno\"],\"articleSection\":[\"Cronaca\\\/Politica\"],\"inLanguage\":\"fr-FR\"},{\"@type\":\"WebPage\",\"@id\":\"https:\\\/\\\/www.bellunopress.it\\\/2009\\\/11\\\/18\\\/la-privatizzazione-dellacqua-e-cosa-fatta-regione-e-comuni-espropriati-di-un-bene-comune-fistarol-%c2%abconseguenze-negative-per-i-cittadini%c2%bb\\\/\",\"url\":\"https:\\\/\\\/www.bellunopress.it\\\/2009\\\/11\\\/18\\\/la-privatizzazione-dellacqua-e-cosa-fatta-regione-e-comuni-espropriati-di-un-bene-comune-fistarol-%c2%abconseguenze-negative-per-i-cittadini%c2%bb\\\/\",\"name\":\"La privatizzazione dell'acqua \u00e8 cosa fatta. Regione e Comuni espropriati di un bene comune. Fistarol: \u00abConseguenze negative per i cittadini\u00bb - Bellunopress - Dolomiti\",\"isPartOf\":{\"@id\":\"https:\\\/\\\/www.bellunopress.it\\\/#website\"},\"primaryImageOfPage\":{\"@id\":\"https:\\\/\\\/www.bellunopress.it\\\/2009\\\/11\\\/18\\\/la-privatizzazione-dellacqua-e-cosa-fatta-regione-e-comuni-espropriati-di-un-bene-comune-fistarol-%c2%abconseguenze-negative-per-i-cittadini%c2%bb\\\/#primaryimage\"},\"image\":{\"@id\":\"https:\\\/\\\/www.bellunopress.it\\\/2009\\\/11\\\/18\\\/la-privatizzazione-dellacqua-e-cosa-fatta-regione-e-comuni-espropriati-di-un-bene-comune-fistarol-%c2%abconseguenze-negative-per-i-cittadini%c2%bb\\\/#primaryimage\"},\"thumbnailUrl\":\"http:\\\/\\\/www.bellunopress.it\\\/wp-content\\\/uploads\\\/2009\\\/03\\\/maurizio-fistarol-270x180.jpg\",\"datePublished\":\"2009-11-18T12:43:42+00:00\",\"breadcrumb\":{\"@id\":\"https:\\\/\\\/www.bellunopress.it\\\/2009\\\/11\\\/18\\\/la-privatizzazione-dellacqua-e-cosa-fatta-regione-e-comuni-espropriati-di-un-bene-comune-fistarol-%c2%abconseguenze-negative-per-i-cittadini%c2%bb\\\/#breadcrumb\"},\"inLanguage\":\"fr-FR\",\"potentialAction\":[{\"@type\":\"ReadAction\",\"target\":[\"https:\\\/\\\/www.bellunopress.it\\\/2009\\\/11\\\/18\\\/la-privatizzazione-dellacqua-e-cosa-fatta-regione-e-comuni-espropriati-di-un-bene-comune-fistarol-%c2%abconseguenze-negative-per-i-cittadini%c2%bb\\\/\"]}]},{\"@type\":\"ImageObject\",\"inLanguage\":\"fr-FR\",\"@id\":\"https:\\\/\\\/www.bellunopress.it\\\/2009\\\/11\\\/18\\\/la-privatizzazione-dellacqua-e-cosa-fatta-regione-e-comuni-espropriati-di-un-bene-comune-fistarol-%c2%abconseguenze-negative-per-i-cittadini%c2%bb\\\/#primaryimage\",\"url\":\"http:\\\/\\\/www.bellunopress.it\\\/wp-content\\\/uploads\\\/2009\\\/03\\\/maurizio-fistarol-270x180.jpg\",\"contentUrl\":\"http:\\\/\\\/www.bellunopress.it\\\/wp-content\\\/uploads\\\/2009\\\/03\\\/maurizio-fistarol-270x180.jpg\"},{\"@type\":\"BreadcrumbList\",\"@id\":\"https:\\\/\\\/www.bellunopress.it\\\/2009\\\/11\\\/18\\\/la-privatizzazione-dellacqua-e-cosa-fatta-regione-e-comuni-espropriati-di-un-bene-comune-fistarol-%c2%abconseguenze-negative-per-i-cittadini%c2%bb\\\/#breadcrumb\",\"itemListElement\":[{\"@type\":\"ListItem\",\"position\":1,\"name\":\"Home\",\"item\":\"https:\\\/\\\/www.bellunopress.it\\\/\"},{\"@type\":\"ListItem\",\"position\":2,\"name\":\"La privatizzazione dell&#8217;acqua \u00e8 cosa fatta. Regione e Comuni espropriati di un bene comune. Fistarol: \u00abConseguenze negative per i cittadini\u00bb\"}]},{\"@type\":\"WebSite\",\"@id\":\"https:\\\/\\\/www.bellunopress.it\\\/#website\",\"url\":\"https:\\\/\\\/www.bellunopress.it\\\/\",\"name\":\"Bellunopress - Dolomiti\",\"description\":\"e-mail: redazione@bellunopress.it\",\"publisher\":{\"@id\":\"https:\\\/\\\/www.bellunopress.it\\\/#organization\"},\"potentialAction\":[{\"@type\":\"SearchAction\",\"target\":{\"@type\":\"EntryPoint\",\"urlTemplate\":\"https:\\\/\\\/www.bellunopress.it\\\/?s={search_term_string}\"},\"query-input\":{\"@type\":\"PropertyValueSpecification\",\"valueRequired\":true,\"valueName\":\"search_term_string\"}}],\"inLanguage\":\"fr-FR\"},{\"@type\":\"Organization\",\"@id\":\"https:\\\/\\\/www.bellunopress.it\\\/#organization\",\"name\":\"Bellunopress\",\"url\":\"https:\\\/\\\/www.bellunopress.it\\\/\",\"logo\":{\"@type\":\"ImageObject\",\"inLanguage\":\"fr-FR\",\"@id\":\"https:\\\/\\\/www.bellunopress.it\\\/#\\\/schema\\\/logo\\\/image\\\/\",\"url\":\"https:\\\/\\\/www.bellunopress.it\\\/wp-content\\\/uploads\\\/2011\\\/05\\\/cropped-logo-bellunopress-.jpg\",\"contentUrl\":\"https:\\\/\\\/www.bellunopress.it\\\/wp-content\\\/uploads\\\/2011\\\/05\\\/cropped-logo-bellunopress-.jpg\",\"width\":512,\"height\":512,\"caption\":\"Bellunopress\"},\"image\":{\"@id\":\"https:\\\/\\\/www.bellunopress.it\\\/#\\\/schema\\\/logo\\\/image\\\/\"},\"sameAs\":[\"https:\\\/\\\/www.facebook.com\\\/profile.php?id=100008943462799\",\"https:\\\/\\\/x.com\\\/bellunopress\",\"https:\\\/\\\/www.linkedin.com\\\/hp\\\/?dnr=JBzUWaJfMUw8vbXJJ2tVW5-I3jZKvC4wsoxE&amp;amp;amp;amp;amp;amp;trk=nav_responsive_tab_home\",\"https:\\\/\\\/www.youtube.com\\\/channel\\\/UCxL0wu1uN0_3_7hGG0306cw\"]},{\"@type\":\"Person\",\"@id\":\"https:\\\/\\\/www.bellunopress.it\\\/#\\\/schema\\\/person\\\/79bb06722b37ece1c03d3e94beb30d73\",\"name\":\"redazione\",\"image\":{\"@type\":\"ImageObject\",\"inLanguage\":\"fr-FR\",\"@id\":\"https:\\\/\\\/secure.gravatar.com\\\/avatar\\\/37d968a2e67a6fd04c169c4bdef102d0bc5d31b2546345219e348575eb80e9a0?s=96&d=mm&r=g\",\"url\":\"https:\\\/\\\/secure.gravatar.com\\\/avatar\\\/37d968a2e67a6fd04c169c4bdef102d0bc5d31b2546345219e348575eb80e9a0?s=96&d=mm&r=g\",\"contentUrl\":\"https:\\\/\\\/secure.gravatar.com\\\/avatar\\\/37d968a2e67a6fd04c169c4bdef102d0bc5d31b2546345219e348575eb80e9a0?s=96&d=mm&r=g\",\"caption\":\"redazione\"},\"sameAs\":[\"http:\\\/\\\/www.bellunopress.it\",\"https:\\\/\\\/x.com\\\/bellunopress\"],\"url\":\"https:\\\/\\\/www.bellunopress.it\\\/fr\\\/author\\\/redazione\\\/\"}]}<\/script>\n<!-- \/ Yoast SEO plugin. -->","yoast_head_json":{"title":"La privatizzazione dell'acqua \u00e8 cosa fatta. Regione e Comuni espropriati di un bene comune. Fistarol: \u00abConseguenze negative per i cittadini\u00bb - Bellunopress - Dolomiti","robots":{"index":"index","follow":"follow","max-snippet":"max-snippet:-1","max-image-preview":"max-image-preview:large","max-video-preview":"max-video-preview:-1"},"canonical":"https:\/\/www.bellunopress.it\/fr\/2009\/11\/18\/la-privatizzazione-dellacqua-e-cosa-fatta-regione-e-comuni-espropriati-di-un-bene-comune-fistarol-\u00abconseguenze-negative-per-i-cittadini\u00bb\/","og_locale":"fr_FR","og_type":"article","og_title":"La privatizzazione dell'acqua \u00e8 cosa fatta. Regione e Comuni espropriati di un bene comune. Fistarol: \u00abConseguenze negative per i cittadini\u00bb - Bellunopress - Dolomiti","og_description":"\u00abAncora una volta il governo, con un atto di arroganza politica, mette la fiducia su un provvedimento cos\u00ec delicato e di pubblico interesse. In questo modo impedisce di apportare modifiche e miglioramenti e vuole neutralizzare la contraddizioni che ci sono nella maggioranza su questo tema\u00bb. Cos\u00ec il senatore del Partito democratico, Maurizio Fistarol, a poche [&hellip;]","og_url":"https:\/\/www.bellunopress.it\/fr\/2009\/11\/18\/la-privatizzazione-dellacqua-e-cosa-fatta-regione-e-comuni-espropriati-di-un-bene-comune-fistarol-\u00abconseguenze-negative-per-i-cittadini\u00bb\/","og_site_name":"Bellunopress - Dolomiti","article_publisher":"https:\/\/www.facebook.com\/profile.php?id=100008943462799","article_published_time":"2009-11-18T12:43:42+00:00","og_image":[{"url":"http:\/\/www.bellunopress.it\/wp-content\/uploads\/2009\/03\/maurizio-fistarol-270x180.jpg","type":"","width":"","height":""}],"author":"redazione","twitter_card":"summary_large_image","twitter_creator":"@bellunopress","twitter_site":"@bellunopress","twitter_misc":{"\u00c9crit par":"redazione","Dur\u00e9e de lecture estim\u00e9e":"2 minutes"},"schema":{"@context":"https:\/\/schema.org","@graph":[{"@type":"Article","@id":"https:\/\/www.bellunopress.it\/2009\/11\/18\/la-privatizzazione-dellacqua-e-cosa-fatta-regione-e-comuni-espropriati-di-un-bene-comune-fistarol-%c2%abconseguenze-negative-per-i-cittadini%c2%bb\/#article","isPartOf":{"@id":"https:\/\/www.bellunopress.it\/2009\/11\/18\/la-privatizzazione-dellacqua-e-cosa-fatta-regione-e-comuni-espropriati-di-un-bene-comune-fistarol-%c2%abconseguenze-negative-per-i-cittadini%c2%bb\/"},"author":{"name":"redazione","@id":"https:\/\/www.bellunopress.it\/#\/schema\/person\/79bb06722b37ece1c03d3e94beb30d73"},"headline":"La privatizzazione dell&#8217;acqua \u00e8 cosa fatta. Regione e Comuni espropriati di un bene comune. Fistarol: \u00abConseguenze negative per i cittadini\u00bb","datePublished":"2009-11-18T12:43:42+00:00","mainEntityOfPage":{"@id":"https:\/\/www.bellunopress.it\/2009\/11\/18\/la-privatizzazione-dellacqua-e-cosa-fatta-regione-e-comuni-espropriati-di-un-bene-comune-fistarol-%c2%abconseguenze-negative-per-i-cittadini%c2%bb\/"},"wordCount":451,"publisher":{"@id":"https:\/\/www.bellunopress.it\/#organization"},"image":{"@id":"https:\/\/www.bellunopress.it\/2009\/11\/18\/la-privatizzazione-dellacqua-e-cosa-fatta-regione-e-comuni-espropriati-di-un-bene-comune-fistarol-%c2%abconseguenze-negative-per-i-cittadini%c2%bb\/#primaryimage"},"thumbnailUrl":"http:\/\/www.bellunopress.it\/wp-content\/uploads\/2009\/03\/maurizio-fistarol-270x180.jpg","keywords":["Belluno"],"articleSection":["Cronaca\/Politica"],"inLanguage":"fr-FR"},{"@type":"WebPage","@id":"https:\/\/www.bellunopress.it\/2009\/11\/18\/la-privatizzazione-dellacqua-e-cosa-fatta-regione-e-comuni-espropriati-di-un-bene-comune-fistarol-%c2%abconseguenze-negative-per-i-cittadini%c2%bb\/","url":"https:\/\/www.bellunopress.it\/2009\/11\/18\/la-privatizzazione-dellacqua-e-cosa-fatta-regione-e-comuni-espropriati-di-un-bene-comune-fistarol-%c2%abconseguenze-negative-per-i-cittadini%c2%bb\/","name":"La privatizzazione dell'acqua \u00e8 cosa fatta. Regione e Comuni espropriati di un bene comune. Fistarol: \u00abConseguenze negative per i cittadini\u00bb - Bellunopress - Dolomiti","isPartOf":{"@id":"https:\/\/www.bellunopress.it\/#website"},"primaryImageOfPage":{"@id":"https:\/\/www.bellunopress.it\/2009\/11\/18\/la-privatizzazione-dellacqua-e-cosa-fatta-regione-e-comuni-espropriati-di-un-bene-comune-fistarol-%c2%abconseguenze-negative-per-i-cittadini%c2%bb\/#primaryimage"},"image":{"@id":"https:\/\/www.bellunopress.it\/2009\/11\/18\/la-privatizzazione-dellacqua-e-cosa-fatta-regione-e-comuni-espropriati-di-un-bene-comune-fistarol-%c2%abconseguenze-negative-per-i-cittadini%c2%bb\/#primaryimage"},"thumbnailUrl":"http:\/\/www.bellunopress.it\/wp-content\/uploads\/2009\/03\/maurizio-fistarol-270x180.jpg","datePublished":"2009-11-18T12:43:42+00:00","breadcrumb":{"@id":"https:\/\/www.bellunopress.it\/2009\/11\/18\/la-privatizzazione-dellacqua-e-cosa-fatta-regione-e-comuni-espropriati-di-un-bene-comune-fistarol-%c2%abconseguenze-negative-per-i-cittadini%c2%bb\/#breadcrumb"},"inLanguage":"fr-FR","potentialAction":[{"@type":"ReadAction","target":["https:\/\/www.bellunopress.it\/2009\/11\/18\/la-privatizzazione-dellacqua-e-cosa-fatta-regione-e-comuni-espropriati-di-un-bene-comune-fistarol-%c2%abconseguenze-negative-per-i-cittadini%c2%bb\/"]}]},{"@type":"ImageObject","inLanguage":"fr-FR","@id":"https:\/\/www.bellunopress.it\/2009\/11\/18\/la-privatizzazione-dellacqua-e-cosa-fatta-regione-e-comuni-espropriati-di-un-bene-comune-fistarol-%c2%abconseguenze-negative-per-i-cittadini%c2%bb\/#primaryimage","url":"http:\/\/www.bellunopress.it\/wp-content\/uploads\/2009\/03\/maurizio-fistarol-270x180.jpg","contentUrl":"http:\/\/www.bellunopress.it\/wp-content\/uploads\/2009\/03\/maurizio-fistarol-270x180.jpg"},{"@type":"BreadcrumbList","@id":"https:\/\/www.bellunopress.it\/2009\/11\/18\/la-privatizzazione-dellacqua-e-cosa-fatta-regione-e-comuni-espropriati-di-un-bene-comune-fistarol-%c2%abconseguenze-negative-per-i-cittadini%c2%bb\/#breadcrumb","itemListElement":[{"@type":"ListItem","position":1,"name":"Home","item":"https:\/\/www.bellunopress.it\/"},{"@type":"ListItem","position":2,"name":"La privatizzazione dell&#8217;acqua \u00e8 cosa fatta. Regione e Comuni espropriati di un bene comune. Fistarol: \u00abConseguenze negative per i cittadini\u00bb"}]},{"@type":"WebSite","@id":"https:\/\/www.bellunopress.it\/#website","url":"https:\/\/www.bellunopress.it\/","name":"Bellunopress - Dolomiti","description":"e-mail: redazione@bellunopress.it","publisher":{"@id":"https:\/\/www.bellunopress.it\/#organization"},"potentialAction":[{"@type":"SearchAction","target":{"@type":"EntryPoint","urlTemplate":"https:\/\/www.bellunopress.it\/?s={search_term_string}"},"query-input":{"@type":"PropertyValueSpecification","valueRequired":true,"valueName":"search_term_string"}}],"inLanguage":"fr-FR"},{"@type":"Organization","@id":"https:\/\/www.bellunopress.it\/#organization","name":"Bellunopress","url":"https:\/\/www.bellunopress.it\/","logo":{"@type":"ImageObject","inLanguage":"fr-FR","@id":"https:\/\/www.bellunopress.it\/#\/schema\/logo\/image\/","url":"https:\/\/www.bellunopress.it\/wp-content\/uploads\/2011\/05\/cropped-logo-bellunopress-.jpg","contentUrl":"https:\/\/www.bellunopress.it\/wp-content\/uploads\/2011\/05\/cropped-logo-bellunopress-.jpg","width":512,"height":512,"caption":"Bellunopress"},"image":{"@id":"https:\/\/www.bellunopress.it\/#\/schema\/logo\/image\/"},"sameAs":["https:\/\/www.facebook.com\/profile.php?id=100008943462799","https:\/\/x.com\/bellunopress","https:\/\/www.linkedin.com\/hp\/?dnr=JBzUWaJfMUw8vbXJJ2tVW5-I3jZKvC4wsoxE&amp;amp;amp;amp;amp;amp;trk=nav_responsive_tab_home","https:\/\/www.youtube.com\/channel\/UCxL0wu1uN0_3_7hGG0306cw"]},{"@type":"Person","@id":"https:\/\/www.bellunopress.it\/#\/schema\/person\/79bb06722b37ece1c03d3e94beb30d73","name":"r\u00e9daction","image":{"@type":"ImageObject","inLanguage":"fr-FR","@id":"https:\/\/secure.gravatar.com\/avatar\/37d968a2e67a6fd04c169c4bdef102d0bc5d31b2546345219e348575eb80e9a0?s=96&d=mm&r=g","url":"https:\/\/secure.gravatar.com\/avatar\/37d968a2e67a6fd04c169c4bdef102d0bc5d31b2546345219e348575eb80e9a0?s=96&d=mm&r=g","contentUrl":"https:\/\/secure.gravatar.com\/avatar\/37d968a2e67a6fd04c169c4bdef102d0bc5d31b2546345219e348575eb80e9a0?s=96&d=mm&r=g","caption":"redazione"},"sameAs":["http:\/\/www.bellunopress.it","https:\/\/x.com\/bellunopress"],"url":"https:\/\/www.bellunopress.it\/fr\/author\/redazione\/"}]}},"_links":{"self":[{"href":"https:\/\/www.bellunopress.it\/fr\/wp-json\/wp\/v2\/posts\/9854","targetHints":{"allow":["GET"]}}],"collection":[{"href":"https:\/\/www.bellunopress.it\/fr\/wp-json\/wp\/v2\/posts"}],"about":[{"href":"https:\/\/www.bellunopress.it\/fr\/wp-json\/wp\/v2\/types\/post"}],"author":[{"embeddable":true,"href":"https:\/\/www.bellunopress.it\/fr\/wp-json\/wp\/v2\/users\/2"}],"replies":[{"embeddable":true,"href":"https:\/\/www.bellunopress.it\/fr\/wp-json\/wp\/v2\/comments?post=9854"}],"version-history":[{"count":1,"href":"https:\/\/www.bellunopress.it\/fr\/wp-json\/wp\/v2\/posts\/9854\/revisions"}],"predecessor-version":[{"id":9855,"href":"https:\/\/www.bellunopress.it\/fr\/wp-json\/wp\/v2\/posts\/9854\/revisions\/9855"}],"wp:attachment":[{"href":"https:\/\/www.bellunopress.it\/fr\/wp-json\/wp\/v2\/media?parent=9854"}],"wp:term":[{"taxonomy":"category","embeddable":true,"href":"https:\/\/www.bellunopress.it\/fr\/wp-json\/wp\/v2\/categories?post=9854"},{"taxonomy":"post_tag","embeddable":true,"href":"https:\/\/www.bellunopress.it\/fr\/wp-json\/wp\/v2\/tags?post=9854"}],"curies":[{"name":"wp","href":"https:\/\/api.w.org\/{rel}","templated":true}]}}