{"id":9850,"date":"2009-11-18T00:17:43","date_gmt":"2009-11-17T23:17:43","guid":{"rendered":"http:\/\/www.bellunopress.it\/?p=9850"},"modified":"2009-11-19T09:19:33","modified_gmt":"2009-11-19T08:19:33","slug":"ufficializzate-le-nomine-delle-societa-partecipate-della-provincia-prade-dice-di-non-aver-avuto-alcun-peso-nelle-scelte-una-poltroncina-anche-per-il-dissidente-marrone-che-diceva-di-non-volere-nulla","status":"publish","type":"post","link":"https:\/\/www.bellunopress.it\/fr\/2009\/11\/18\/ufficializzate-le-nomine-delle-societa-partecipate-della-provincia-prade-dice-di-non-aver-avuto-alcun-peso-nelle-scelte-una-poltroncina-anche-per-il-dissidente-marrone-che-diceva-di-non-volere-nulla\/","title":{"rendered":"Ufficializzate le nomine delle societ\u00e0 partecipate della Provincia. Prade dice di non aver avuto alcun peso nelle scelte. Una poltroncina anche per il dissidente Marrone che diceva di non volere nulla"},"content":{"rendered":"<p>Pierdomenico Gnes il superdirigente pi\u00f9 pagato del Comune di Belluno (oltre 155mila euro l&#8217;anno) lascia la poltrona dorata e va alla presidenza della DolomitiBus. Cos\u00ec non dovr\u00e0 firmare lo sforamento di 1 milione e 600 mila euro di bilancio del Comune e potr\u00e0 dormire sonni tranquilli. A Giuseppe De Biasi (Lega) la presidenza di Dolomiti Ambiente e a Renzo Minella (Pdl) quella di Dolomiti Turismo. Nel consiglio di amministrazione Siro Maracchi e Massimiliano Raineri, entrambi Pdl. Ve li ricordate i 7 dissidenti del Pdl? quelli che avevano tenuto sotto scacco 20 giorni Prade e la sua giunta votando no al bilancio? Quelli che avevano dichiarato solennemente che non erano interessati alle poltrone. Ebbene, uno dei capi cordata, Antonio Marrone ha avuto la carica di consigliere a Longarone Fiere. Meglio di niente, visto che il presidente Bottacin gli aveva negato la presidenza di Dolomiti Turismo.\u00a0 Nel consiglio di amministrazione della Fondazione per l\u2019U niversit\u00e0 e l\u2019alta cultura Flavia Colle (Pdl &#8211; in quota Lid Intesa dolomitica di Oscar De Bona).<br \/>\nMentre il sindaco Prade in un formalissimo, quanto ineffabile, comunicato stampa dichiara: &#8221; che n\u00e9 io personalmente n\u00e9 nessuno di questa Amministrazione hanno avuto un ruolo nelle nomine nelle societ\u00e0 dell&#8217;Amministrazione Provinciale. Non poteva essere altrimenti e sfido qualcuno a provare il contrario&#8221;. E prosegue &#8220;Prendo atto con soddisfazione che un consigliere comunale della mia maggioranza, Antonio Marrone, con il quale sto condividendo il governo di questa Citt\u00e0 da oltre due anni, \u00e8 stato scelto per un incarico di responsabilit\u00e0: mi pare il riconoscimento di una persona capace, con grande esperienza e che conosce bene il nostro territorio provinciale. Prendo anche atto, sempre con soddisfazione, che Pierdomenico Gnes, uno dei nostri pi\u00f9 bravi dirigenti, va a presiedere la Dolomitibus. Vuol dire che in Comune di Belluno si pesca bene, e non mi pare cosa di poco conto. Da ultimo, mi preme ricordare che quando ho nominato i presidenti di Bellunum e di Nis, Ermanno Gaspari e Pio Benvegn\u00f9, due dei migliori manager che si trovano in giro, ho rivendicato autonomia di scelta e mi sono assunto le mie responsabilit\u00e0. Io sono fatto cos\u00ec: rivendico la mia autonomia e, coerentemente, rispetto quella degli altri&#8221;.<\/p>","protected":false},"excerpt":{"rendered":"<p>Pierdomenico Gnes il superdirigente pi\u00f9 pagato del Comune di Belluno (oltre 155mila euro l&#8217;anno) lascia la poltrona dorata e va alla presidenza della DolomitiBus. Cos\u00ec non dovr\u00e0 firmare lo sforamento di 1 milione e 600 mila euro di bilancio del Comune e potr\u00e0 dormire sonni tranquilli. A Giuseppe De Biasi (Lega) la presidenza di Dolomiti [&hellip;]<\/p>\n","protected":false},"author":2,"featured_media":0,"comment_status":"closed","ping_status":"open","sticky":false,"template":"","format":"standard","meta":{"footnotes":""},"categories":[5,26],"tags":[139,63],"class_list":["post-9850","post","type-post","status-publish","format-standard","category-cronaca","category-prima-pagina","tag-belluno","tag-dolomiti"],"yoast_head":"<!-- This site is optimized with the Yoast SEO plugin v28.4 - https:\/\/yoast.com\/product\/yoast-seo-wordpress\/ -->\n<title>Ufficializzate le nomine delle societ\u00e0 partecipate della Provincia. Prade dice di non aver avuto alcun peso nelle scelte. Una poltroncina anche per il dissidente Marrone che diceva di non volere nulla - Bellunopress - Dolomiti<\/title>\n<meta name=\"robots\" content=\"index, follow, max-snippet:-1, max-image-preview:large, max-video-preview:-1\" \/>\n<link rel=\"canonical\" href=\"https:\/\/www.bellunopress.it\/fr\/2009\/11\/18\/ufficializzate-le-nomine-delle-societa-partecipate-della-provincia-prade-dice-di-non-aver-avuto-alcun-peso-nelle-scelte-una-poltroncina-anche-per-il-dissidente-marrone-che-diceva-di-non-volere-nulla\/\" \/>\n<meta property=\"og:locale\" content=\"fr_FR\" \/>\n<meta property=\"og:type\" content=\"article\" \/>\n<meta property=\"og:title\" content=\"Ufficializzate le nomine delle societ\u00e0 partecipate della Provincia. Prade dice di non aver avuto alcun peso nelle scelte. Una poltroncina anche per il dissidente Marrone che diceva di non volere nulla - Bellunopress - Dolomiti\" \/>\n<meta property=\"og:description\" content=\"Pierdomenico Gnes il superdirigente pi\u00f9 pagato del Comune di Belluno (oltre 155mila euro l&#8217;anno) lascia la poltrona dorata e va alla presidenza della DolomitiBus. Cos\u00ec non dovr\u00e0 firmare lo sforamento di 1 milione e 600 mila euro di bilancio del Comune e potr\u00e0 dormire sonni tranquilli. A Giuseppe De Biasi (Lega) la presidenza di Dolomiti [&hellip;]\" \/>\n<meta property=\"og:url\" content=\"https:\/\/www.bellunopress.it\/fr\/2009\/11\/18\/ufficializzate-le-nomine-delle-societa-partecipate-della-provincia-prade-dice-di-non-aver-avuto-alcun-peso-nelle-scelte-una-poltroncina-anche-per-il-dissidente-marrone-che-diceva-di-non-volere-nulla\/\" \/>\n<meta property=\"og:site_name\" content=\"Bellunopress - Dolomiti\" \/>\n<meta property=\"article:publisher\" content=\"https:\/\/www.facebook.com\/profile.php?id=100008943462799\" \/>\n<meta property=\"article:published_time\" content=\"2009-11-17T23:17:43+00:00\" \/>\n<meta property=\"article:modified_time\" content=\"2009-11-19T08:19:33+00:00\" \/>\n<meta property=\"og:image\" content=\"http:\/\/www.bellunopress.it\/wp-content\/uploads\/2012\/07\/logo-bellunopress-250x250-2012.jpg\" \/>\n<meta name=\"author\" content=\"redazione\" \/>\n<meta name=\"twitter:card\" content=\"summary_large_image\" \/>\n<meta name=\"twitter:creator\" content=\"@bellunopress\" \/>\n<meta name=\"twitter:site\" content=\"@bellunopress\" \/>\n<meta name=\"twitter:label1\" content=\"\u00c9crit par\" \/>\n\t<meta name=\"twitter:data1\" content=\"redazione\" \/>\n\t<meta name=\"twitter:label2\" content=\"Dur\u00e9e de lecture estim\u00e9e\" \/>\n\t<meta name=\"twitter:data2\" content=\"2 minutes\" \/>\n<script type=\"application\/ld+json\" class=\"yoast-schema-graph\">{\"@context\":\"https:\\\/\\\/schema.org\",\"@graph\":[{\"@type\":\"Article\",\"@id\":\"https:\\\/\\\/www.bellunopress.it\\\/2009\\\/11\\\/18\\\/ufficializzate-le-nomine-delle-societa-partecipate-della-provincia-prade-dice-di-non-aver-avuto-alcun-peso-nelle-scelte-una-poltroncina-anche-per-il-dissidente-marrone-che-diceva-di-non-volere-nulla\\\/#article\",\"isPartOf\":{\"@id\":\"https:\\\/\\\/www.bellunopress.it\\\/2009\\\/11\\\/18\\\/ufficializzate-le-nomine-delle-societa-partecipate-della-provincia-prade-dice-di-non-aver-avuto-alcun-peso-nelle-scelte-una-poltroncina-anche-per-il-dissidente-marrone-che-diceva-di-non-volere-nulla\\\/\"},\"author\":{\"name\":\"redazione\",\"@id\":\"https:\\\/\\\/www.bellunopress.it\\\/#\\\/schema\\\/person\\\/79bb06722b37ece1c03d3e94beb30d73\"},\"headline\":\"Ufficializzate le nomine delle societ\u00e0 partecipate della Provincia. Prade dice di non aver avuto alcun peso nelle scelte. Una poltroncina anche per il dissidente Marrone che diceva di non volere nulla\",\"datePublished\":\"2009-11-17T23:17:43+00:00\",\"dateModified\":\"2009-11-19T08:19:33+00:00\",\"mainEntityOfPage\":{\"@id\":\"https:\\\/\\\/www.bellunopress.it\\\/2009\\\/11\\\/18\\\/ufficializzate-le-nomine-delle-societa-partecipate-della-provincia-prade-dice-di-non-aver-avuto-alcun-peso-nelle-scelte-una-poltroncina-anche-per-il-dissidente-marrone-che-diceva-di-non-volere-nulla\\\/\"},\"wordCount\":391,\"publisher\":{\"@id\":\"https:\\\/\\\/www.bellunopress.it\\\/#organization\"},\"keywords\":[\"Belluno\",\"Dolomiti\"],\"articleSection\":[\"Cronaca\\\/Politica\",\"Prima Pagina\"],\"inLanguage\":\"fr-FR\"},{\"@type\":\"WebPage\",\"@id\":\"https:\\\/\\\/www.bellunopress.it\\\/2009\\\/11\\\/18\\\/ufficializzate-le-nomine-delle-societa-partecipate-della-provincia-prade-dice-di-non-aver-avuto-alcun-peso-nelle-scelte-una-poltroncina-anche-per-il-dissidente-marrone-che-diceva-di-non-volere-nulla\\\/\",\"url\":\"https:\\\/\\\/www.bellunopress.it\\\/2009\\\/11\\\/18\\\/ufficializzate-le-nomine-delle-societa-partecipate-della-provincia-prade-dice-di-non-aver-avuto-alcun-peso-nelle-scelte-una-poltroncina-anche-per-il-dissidente-marrone-che-diceva-di-non-volere-nulla\\\/\",\"name\":\"Ufficializzate le nomine delle societ\u00e0 partecipate della Provincia. Prade dice di non aver avuto alcun peso nelle scelte. Una poltroncina anche per il dissidente Marrone che diceva di non volere nulla - Bellunopress - Dolomiti\",\"isPartOf\":{\"@id\":\"https:\\\/\\\/www.bellunopress.it\\\/#website\"},\"datePublished\":\"2009-11-17T23:17:43+00:00\",\"dateModified\":\"2009-11-19T08:19:33+00:00\",\"breadcrumb\":{\"@id\":\"https:\\\/\\\/www.bellunopress.it\\\/2009\\\/11\\\/18\\\/ufficializzate-le-nomine-delle-societa-partecipate-della-provincia-prade-dice-di-non-aver-avuto-alcun-peso-nelle-scelte-una-poltroncina-anche-per-il-dissidente-marrone-che-diceva-di-non-volere-nulla\\\/#breadcrumb\"},\"inLanguage\":\"fr-FR\",\"potentialAction\":[{\"@type\":\"ReadAction\",\"target\":[\"https:\\\/\\\/www.bellunopress.it\\\/2009\\\/11\\\/18\\\/ufficializzate-le-nomine-delle-societa-partecipate-della-provincia-prade-dice-di-non-aver-avuto-alcun-peso-nelle-scelte-una-poltroncina-anche-per-il-dissidente-marrone-che-diceva-di-non-volere-nulla\\\/\"]}]},{\"@type\":\"BreadcrumbList\",\"@id\":\"https:\\\/\\\/www.bellunopress.it\\\/2009\\\/11\\\/18\\\/ufficializzate-le-nomine-delle-societa-partecipate-della-provincia-prade-dice-di-non-aver-avuto-alcun-peso-nelle-scelte-una-poltroncina-anche-per-il-dissidente-marrone-che-diceva-di-non-volere-nulla\\\/#breadcrumb\",\"itemListElement\":[{\"@type\":\"ListItem\",\"position\":1,\"name\":\"Home\",\"item\":\"https:\\\/\\\/www.bellunopress.it\\\/\"},{\"@type\":\"ListItem\",\"position\":2,\"name\":\"Ufficializzate le nomine delle societ\u00e0 partecipate della Provincia. Prade dice di non aver avuto alcun peso nelle scelte. Una poltroncina anche per il dissidente Marrone che diceva di non volere nulla\"}]},{\"@type\":\"WebSite\",\"@id\":\"https:\\\/\\\/www.bellunopress.it\\\/#website\",\"url\":\"https:\\\/\\\/www.bellunopress.it\\\/\",\"name\":\"Bellunopress - Dolomiti\",\"description\":\"e-mail: redazione@bellunopress.it\",\"publisher\":{\"@id\":\"https:\\\/\\\/www.bellunopress.it\\\/#organization\"},\"potentialAction\":[{\"@type\":\"SearchAction\",\"target\":{\"@type\":\"EntryPoint\",\"urlTemplate\":\"https:\\\/\\\/www.bellunopress.it\\\/?s={search_term_string}\"},\"query-input\":{\"@type\":\"PropertyValueSpecification\",\"valueRequired\":true,\"valueName\":\"search_term_string\"}}],\"inLanguage\":\"fr-FR\"},{\"@type\":\"Organization\",\"@id\":\"https:\\\/\\\/www.bellunopress.it\\\/#organization\",\"name\":\"Bellunopress\",\"url\":\"https:\\\/\\\/www.bellunopress.it\\\/\",\"logo\":{\"@type\":\"ImageObject\",\"inLanguage\":\"fr-FR\",\"@id\":\"https:\\\/\\\/www.bellunopress.it\\\/#\\\/schema\\\/logo\\\/image\\\/\",\"url\":\"https:\\\/\\\/www.bellunopress.it\\\/wp-content\\\/uploads\\\/2011\\\/05\\\/cropped-logo-bellunopress-.jpg\",\"contentUrl\":\"https:\\\/\\\/www.bellunopress.it\\\/wp-content\\\/uploads\\\/2011\\\/05\\\/cropped-logo-bellunopress-.jpg\",\"width\":512,\"height\":512,\"caption\":\"Bellunopress\"},\"image\":{\"@id\":\"https:\\\/\\\/www.bellunopress.it\\\/#\\\/schema\\\/logo\\\/image\\\/\"},\"sameAs\":[\"https:\\\/\\\/www.facebook.com\\\/profile.php?id=100008943462799\",\"https:\\\/\\\/x.com\\\/bellunopress\",\"https:\\\/\\\/www.linkedin.com\\\/hp\\\/?dnr=JBzUWaJfMUw8vbXJJ2tVW5-I3jZKvC4wsoxE&amp;amp;amp;amp;amp;amp;trk=nav_responsive_tab_home\",\"https:\\\/\\\/www.youtube.com\\\/channel\\\/UCxL0wu1uN0_3_7hGG0306cw\"]},{\"@type\":\"Person\",\"@id\":\"https:\\\/\\\/www.bellunopress.it\\\/#\\\/schema\\\/person\\\/79bb06722b37ece1c03d3e94beb30d73\",\"name\":\"redazione\",\"image\":{\"@type\":\"ImageObject\",\"inLanguage\":\"fr-FR\",\"@id\":\"https:\\\/\\\/secure.gravatar.com\\\/avatar\\\/37d968a2e67a6fd04c169c4bdef102d0bc5d31b2546345219e348575eb80e9a0?s=96&d=mm&r=g\",\"url\":\"https:\\\/\\\/secure.gravatar.com\\\/avatar\\\/37d968a2e67a6fd04c169c4bdef102d0bc5d31b2546345219e348575eb80e9a0?s=96&d=mm&r=g\",\"contentUrl\":\"https:\\\/\\\/secure.gravatar.com\\\/avatar\\\/37d968a2e67a6fd04c169c4bdef102d0bc5d31b2546345219e348575eb80e9a0?s=96&d=mm&r=g\",\"caption\":\"redazione\"},\"sameAs\":[\"http:\\\/\\\/www.bellunopress.it\",\"https:\\\/\\\/x.com\\\/bellunopress\"],\"url\":\"https:\\\/\\\/www.bellunopress.it\\\/fr\\\/author\\\/redazione\\\/\"}]}<\/script>\n<!-- \/ Yoast SEO plugin. -->","yoast_head_json":{"title":"Ufficializzate le nomine delle societ\u00e0 partecipate della Provincia. Prade dice di non aver avuto alcun peso nelle scelte. Una poltroncina anche per il dissidente Marrone che diceva di non volere nulla - Bellunopress - Dolomiti","robots":{"index":"index","follow":"follow","max-snippet":"max-snippet:-1","max-image-preview":"max-image-preview:large","max-video-preview":"max-video-preview:-1"},"canonical":"https:\/\/www.bellunopress.it\/fr\/2009\/11\/18\/ufficializzate-le-nomine-delle-societa-partecipate-della-provincia-prade-dice-di-non-aver-avuto-alcun-peso-nelle-scelte-una-poltroncina-anche-per-il-dissidente-marrone-che-diceva-di-non-volere-nulla\/","og_locale":"fr_FR","og_type":"article","og_title":"Ufficializzate le nomine delle societ\u00e0 partecipate della Provincia. Prade dice di non aver avuto alcun peso nelle scelte. Una poltroncina anche per il dissidente Marrone che diceva di non volere nulla - Bellunopress - Dolomiti","og_description":"Pierdomenico Gnes il superdirigente pi\u00f9 pagato del Comune di Belluno (oltre 155mila euro l&#8217;anno) lascia la poltrona dorata e va alla presidenza della DolomitiBus. Cos\u00ec non dovr\u00e0 firmare lo sforamento di 1 milione e 600 mila euro di bilancio del Comune e potr\u00e0 dormire sonni tranquilli. A Giuseppe De Biasi (Lega) la presidenza di Dolomiti [&hellip;]","og_url":"https:\/\/www.bellunopress.it\/fr\/2009\/11\/18\/ufficializzate-le-nomine-delle-societa-partecipate-della-provincia-prade-dice-di-non-aver-avuto-alcun-peso-nelle-scelte-una-poltroncina-anche-per-il-dissidente-marrone-che-diceva-di-non-volere-nulla\/","og_site_name":"Bellunopress - Dolomiti","article_publisher":"https:\/\/www.facebook.com\/profile.php?id=100008943462799","article_published_time":"2009-11-17T23:17:43+00:00","article_modified_time":"2009-11-19T08:19:33+00:00","og_image":[{"url":"http:\/\/www.bellunopress.it\/wp-content\/uploads\/2012\/07\/logo-bellunopress-250x250-2012.jpg","type":"","width":"","height":""}],"author":"redazione","twitter_card":"summary_large_image","twitter_creator":"@bellunopress","twitter_site":"@bellunopress","twitter_misc":{"\u00c9crit par":"redazione","Dur\u00e9e de lecture estim\u00e9e":"2 minutes"},"schema":{"@context":"https:\/\/schema.org","@graph":[{"@type":"Article","@id":"https:\/\/www.bellunopress.it\/2009\/11\/18\/ufficializzate-le-nomine-delle-societa-partecipate-della-provincia-prade-dice-di-non-aver-avuto-alcun-peso-nelle-scelte-una-poltroncina-anche-per-il-dissidente-marrone-che-diceva-di-non-volere-nulla\/#article","isPartOf":{"@id":"https:\/\/www.bellunopress.it\/2009\/11\/18\/ufficializzate-le-nomine-delle-societa-partecipate-della-provincia-prade-dice-di-non-aver-avuto-alcun-peso-nelle-scelte-una-poltroncina-anche-per-il-dissidente-marrone-che-diceva-di-non-volere-nulla\/"},"author":{"name":"redazione","@id":"https:\/\/www.bellunopress.it\/#\/schema\/person\/79bb06722b37ece1c03d3e94beb30d73"},"headline":"Ufficializzate le nomine delle societ\u00e0 partecipate della Provincia. Prade dice di non aver avuto alcun peso nelle scelte. Una poltroncina anche per il dissidente Marrone che diceva di non volere nulla","datePublished":"2009-11-17T23:17:43+00:00","dateModified":"2009-11-19T08:19:33+00:00","mainEntityOfPage":{"@id":"https:\/\/www.bellunopress.it\/2009\/11\/18\/ufficializzate-le-nomine-delle-societa-partecipate-della-provincia-prade-dice-di-non-aver-avuto-alcun-peso-nelle-scelte-una-poltroncina-anche-per-il-dissidente-marrone-che-diceva-di-non-volere-nulla\/"},"wordCount":391,"publisher":{"@id":"https:\/\/www.bellunopress.it\/#organization"},"keywords":["Belluno","Dolomiti"],"articleSection":["Cronaca\/Politica","Prima Pagina"],"inLanguage":"fr-FR"},{"@type":"WebPage","@id":"https:\/\/www.bellunopress.it\/2009\/11\/18\/ufficializzate-le-nomine-delle-societa-partecipate-della-provincia-prade-dice-di-non-aver-avuto-alcun-peso-nelle-scelte-una-poltroncina-anche-per-il-dissidente-marrone-che-diceva-di-non-volere-nulla\/","url":"https:\/\/www.bellunopress.it\/2009\/11\/18\/ufficializzate-le-nomine-delle-societa-partecipate-della-provincia-prade-dice-di-non-aver-avuto-alcun-peso-nelle-scelte-una-poltroncina-anche-per-il-dissidente-marrone-che-diceva-di-non-volere-nulla\/","name":"Ufficializzate le nomine delle societ\u00e0 partecipate della Provincia. Prade dice di non aver avuto alcun peso nelle scelte. Una poltroncina anche per il dissidente Marrone che diceva di non volere nulla - Bellunopress - Dolomiti","isPartOf":{"@id":"https:\/\/www.bellunopress.it\/#website"},"datePublished":"2009-11-17T23:17:43+00:00","dateModified":"2009-11-19T08:19:33+00:00","breadcrumb":{"@id":"https:\/\/www.bellunopress.it\/2009\/11\/18\/ufficializzate-le-nomine-delle-societa-partecipate-della-provincia-prade-dice-di-non-aver-avuto-alcun-peso-nelle-scelte-una-poltroncina-anche-per-il-dissidente-marrone-che-diceva-di-non-volere-nulla\/#breadcrumb"},"inLanguage":"fr-FR","potentialAction":[{"@type":"ReadAction","target":["https:\/\/www.bellunopress.it\/2009\/11\/18\/ufficializzate-le-nomine-delle-societa-partecipate-della-provincia-prade-dice-di-non-aver-avuto-alcun-peso-nelle-scelte-una-poltroncina-anche-per-il-dissidente-marrone-che-diceva-di-non-volere-nulla\/"]}]},{"@type":"BreadcrumbList","@id":"https:\/\/www.bellunopress.it\/2009\/11\/18\/ufficializzate-le-nomine-delle-societa-partecipate-della-provincia-prade-dice-di-non-aver-avuto-alcun-peso-nelle-scelte-una-poltroncina-anche-per-il-dissidente-marrone-che-diceva-di-non-volere-nulla\/#breadcrumb","itemListElement":[{"@type":"ListItem","position":1,"name":"Home","item":"https:\/\/www.bellunopress.it\/"},{"@type":"ListItem","position":2,"name":"Ufficializzate le nomine delle societ\u00e0 partecipate della Provincia. Prade dice di non aver avuto alcun peso nelle scelte. Una poltroncina anche per il dissidente Marrone che diceva di non volere nulla"}]},{"@type":"WebSite","@id":"https:\/\/www.bellunopress.it\/#website","url":"https:\/\/www.bellunopress.it\/","name":"Bellunopress - Dolomiti","description":"e-mail: redazione@bellunopress.it","publisher":{"@id":"https:\/\/www.bellunopress.it\/#organization"},"potentialAction":[{"@type":"SearchAction","target":{"@type":"EntryPoint","urlTemplate":"https:\/\/www.bellunopress.it\/?s={search_term_string}"},"query-input":{"@type":"PropertyValueSpecification","valueRequired":true,"valueName":"search_term_string"}}],"inLanguage":"fr-FR"},{"@type":"Organization","@id":"https:\/\/www.bellunopress.it\/#organization","name":"Bellunopress","url":"https:\/\/www.bellunopress.it\/","logo":{"@type":"ImageObject","inLanguage":"fr-FR","@id":"https:\/\/www.bellunopress.it\/#\/schema\/logo\/image\/","url":"https:\/\/www.bellunopress.it\/wp-content\/uploads\/2011\/05\/cropped-logo-bellunopress-.jpg","contentUrl":"https:\/\/www.bellunopress.it\/wp-content\/uploads\/2011\/05\/cropped-logo-bellunopress-.jpg","width":512,"height":512,"caption":"Bellunopress"},"image":{"@id":"https:\/\/www.bellunopress.it\/#\/schema\/logo\/image\/"},"sameAs":["https:\/\/www.facebook.com\/profile.php?id=100008943462799","https:\/\/x.com\/bellunopress","https:\/\/www.linkedin.com\/hp\/?dnr=JBzUWaJfMUw8vbXJJ2tVW5-I3jZKvC4wsoxE&amp;amp;amp;amp;amp;amp;trk=nav_responsive_tab_home","https:\/\/www.youtube.com\/channel\/UCxL0wu1uN0_3_7hGG0306cw"]},{"@type":"Person","@id":"https:\/\/www.bellunopress.it\/#\/schema\/person\/79bb06722b37ece1c03d3e94beb30d73","name":"r\u00e9daction","image":{"@type":"ImageObject","inLanguage":"fr-FR","@id":"https:\/\/secure.gravatar.com\/avatar\/37d968a2e67a6fd04c169c4bdef102d0bc5d31b2546345219e348575eb80e9a0?s=96&d=mm&r=g","url":"https:\/\/secure.gravatar.com\/avatar\/37d968a2e67a6fd04c169c4bdef102d0bc5d31b2546345219e348575eb80e9a0?s=96&d=mm&r=g","contentUrl":"https:\/\/secure.gravatar.com\/avatar\/37d968a2e67a6fd04c169c4bdef102d0bc5d31b2546345219e348575eb80e9a0?s=96&d=mm&r=g","caption":"redazione"},"sameAs":["http:\/\/www.bellunopress.it","https:\/\/x.com\/bellunopress"],"url":"https:\/\/www.bellunopress.it\/fr\/author\/redazione\/"}]}},"_links":{"self":[{"href":"https:\/\/www.bellunopress.it\/fr\/wp-json\/wp\/v2\/posts\/9850","targetHints":{"allow":["GET"]}}],"collection":[{"href":"https:\/\/www.bellunopress.it\/fr\/wp-json\/wp\/v2\/posts"}],"about":[{"href":"https:\/\/www.bellunopress.it\/fr\/wp-json\/wp\/v2\/types\/post"}],"author":[{"embeddable":true,"href":"https:\/\/www.bellunopress.it\/fr\/wp-json\/wp\/v2\/users\/2"}],"replies":[{"embeddable":true,"href":"https:\/\/www.bellunopress.it\/fr\/wp-json\/wp\/v2\/comments?post=9850"}],"version-history":[{"count":3,"href":"https:\/\/www.bellunopress.it\/fr\/wp-json\/wp\/v2\/posts\/9850\/revisions"}],"predecessor-version":[{"id":9893,"href":"https:\/\/www.bellunopress.it\/fr\/wp-json\/wp\/v2\/posts\/9850\/revisions\/9893"}],"wp:attachment":[{"href":"https:\/\/www.bellunopress.it\/fr\/wp-json\/wp\/v2\/media?parent=9850"}],"wp:term":[{"taxonomy":"category","embeddable":true,"href":"https:\/\/www.bellunopress.it\/fr\/wp-json\/wp\/v2\/categories?post=9850"},{"taxonomy":"post_tag","embeddable":true,"href":"https:\/\/www.bellunopress.it\/fr\/wp-json\/wp\/v2\/tags?post=9850"}],"curies":[{"name":"wp","href":"https:\/\/api.w.org\/{rel}","templated":true}]}}