{"id":9848,"date":"2009-11-17T23:09:42","date_gmt":"2009-11-17T22:09:42","guid":{"rendered":"http:\/\/www.bellunopress.it\/?p=9848"},"modified":"2009-11-17T23:09:42","modified_gmt":"2009-11-17T22:09:42","slug":"montagne-eremi-verticali-due-serate-sulla-montagna-venerdi-20-e-venerdi-27-al-piccolo-teatro-pierobon-di-paiane","status":"publish","type":"post","link":"https:\/\/www.bellunopress.it\/fr\/2009\/11\/17\/montagne-eremi-verticali-due-serate-sulla-montagna-venerdi-20-e-venerdi-27-al-piccolo-teatro-pierobon-di-paiane\/","title":{"rendered":"Montagne, eremi verticali: due serate sulla montagna venerd\u00ec 20 e venerd\u00ec 27 al Piccolo teatro Pierobon di Paiane"},"content":{"rendered":"<p>Dopo un anno di assenza, ritorna a Ponte nelle Alpi la rassegna Montagne: eremi verticali, due<br \/>\nserate con grandi alpinisti, proiezioni immagini e video, per condividere la passione per la<br \/>\nmontagna tout court. La rassegna nasce da un\u2019idea di Simone Favero, col patrocinio del comune di Ponte nelle Alpi, nell\u2019estate 2007, ed \u00e8 ora giunta alla sua seconda edizione. Quest\u2019anno si \u00e8 puntato su un<br \/>\n\u201calpinismo giovane\u201d, due ragazzi che non hanno ancora trent\u2019anni, ma che hanno chiara e<br \/>\nlimpida la loro idea di alpinismo. Una serata \u00e8 dedicata all\u2019arrampicata su ghiaccio e una alle<br \/>\nascensioni prevalentemente tradizionali; la montagna \u00e8 la stessa, ma cambiano le condizioni<br \/>\nche la permeano, cambia l\u2019approccio nei mezzi e nelle forme, ma resta inalterato lo spirito.<br \/>\nLa serata di venerd\u00ec 20 novembre vedr\u00e0 protagonista Barry Bona, con una video\u2010proiezione<br \/>\nche parla della sua passione fondata sui giochi precari ed assurdi, sul fascino che la magia del<br \/>\nghiaccio e la stagione fredda riveste sull\u2019alpinista di Tambre. Un viaggio attraverso la propria<br \/>\nmaturazione alpinistica associata allo spalancamento delle proprie possibilit\u00e0 esplorative, dai<br \/>\nprimi esperimenti fatti su un dirupo attraversato da uno sputacchio di ghiaccioli, appena<br \/>\ndietro casa, alla rivisitazione in versione invernale delle pi\u00f9 grandi e celebri cascate d\u2019acqua<br \/>\ndel mondo, ridotte ad impressionanti mostri di ghiaccio dalle basse temperature.<br \/>\nDice di lui: \u201cRincorrere le cascate sar\u00e0 per me sempre stimolo d\u2019avventura, esplorazione e<br \/>\nsfida, fantasia ed entusiasmo, un dono che ogni anno si rinnova in maniera diversa\u201d.<br \/>\nVenerd\u00ec 27 novembre alle ore 21.00 sar\u00e0 Alessandro Ba\u00f9 a calcare il palco del Piccolo Teatro<br \/>\n\u201cG. Pierobon\u201d di Paiane, con la sua serata Luci in Nord Ovest. Il ventottenne padovano \u00e8 tra i<br \/>\npi\u00f9 forti alpinisti in circolazione: per lui la montagna \u00e8 curiosit\u00e0: la sua attivit\u00e0 \u00e8 varia,<br \/>\npartendo dall\u2019alpinismo classico si \u00e8 poi dedicato alla falesia, e al boulder.Negli ultimi anni ha<br \/>\niniziato ad aprire vie in Dolomiti con stile classico. Le emozioni pi\u00f9 intense le trova sulle<br \/>\ngrandi pareti dove coniuga la preparazione sportiva con quella mentale, cercando sempre<br \/>\nqualcosa di nuovo. L\u2019ambiente che preferisce \u00e8 la Nord Ovest della Civetta, la parete delle<br \/>\npareti \u00e8 il suo \u201cparcogiochi\u201d, il suo luogo dei sogni.<br \/>\nDice di lui: \u201dOgni volta che scalo cerco la novit\u00e0, qualcosa di sconosciuto e incredibilmente<br \/>\nattraente che mi metta alla prova. Per me arrampicare vuol dire andare costantemente fuori<br \/>\ndagli schemi, preparare il fisico, ma soprattutto la mente, nel tentativo di realizzare un<br \/>\nobiettivo\u201d. Le serate sono a ingresso gratuito e si svolgeranno al Piccolo Teatro \u201cG. Pierobon\u201d a Paiane di<br \/>\nPonte nelle Alpi, con inizio alle ore 21.00.<\/p>","protected":false},"excerpt":{"rendered":"<p>Dopo un anno di assenza, ritorna a Ponte nelle Alpi la rassegna Montagne: eremi verticali, due serate con grandi alpinisti, proiezioni immagini e video, per condividere la passione per la montagna tout court. La rassegna nasce da un\u2019idea di Simone Favero, col patrocinio del comune di Ponte nelle Alpi, nell\u2019estate 2007, ed \u00e8 ora giunta [&hellip;]<\/p>\n","protected":false},"author":2,"featured_media":0,"comment_status":"closed","ping_status":"open","sticky":false,"template":"","format":"standard","meta":{"footnotes":""},"categories":[3,26],"tags":[63],"class_list":["post-9848","post","type-post","status-publish","format-standard","category-arte-cultura-spettacoli-scienza-archivi","category-prima-pagina","tag-dolomiti"],"yoast_head":"<!-- This site is optimized with the Yoast SEO plugin v28.4 - https:\/\/yoast.com\/product\/yoast-seo-wordpress\/ -->\n<title>Montagne, eremi verticali: due serate sulla montagna venerd\u00ec 20 e venerd\u00ec 27 al Piccolo teatro Pierobon di Paiane - Bellunopress - Dolomiti<\/title>\n<meta name=\"robots\" content=\"index, follow, max-snippet:-1, max-image-preview:large, max-video-preview:-1\" \/>\n<link rel=\"canonical\" href=\"https:\/\/www.bellunopress.it\/fr\/2009\/11\/17\/montagne-eremi-verticali-due-serate-sulla-montagna-venerdi-20-e-venerdi-27-al-piccolo-teatro-pierobon-di-paiane\/\" \/>\n<meta property=\"og:locale\" content=\"fr_FR\" \/>\n<meta property=\"og:type\" content=\"article\" \/>\n<meta property=\"og:title\" content=\"Montagne, eremi verticali: due serate sulla montagna venerd\u00ec 20 e venerd\u00ec 27 al Piccolo teatro Pierobon di Paiane - Bellunopress - Dolomiti\" \/>\n<meta property=\"og:description\" content=\"Dopo un anno di assenza, ritorna a Ponte nelle Alpi la rassegna Montagne: eremi verticali, due serate con grandi alpinisti, proiezioni immagini e video, per condividere la passione per la montagna tout court. La rassegna nasce da un\u2019idea di Simone Favero, col patrocinio del comune di Ponte nelle Alpi, nell\u2019estate 2007, ed \u00e8 ora giunta [&hellip;]\" \/>\n<meta property=\"og:url\" content=\"https:\/\/www.bellunopress.it\/fr\/2009\/11\/17\/montagne-eremi-verticali-due-serate-sulla-montagna-venerdi-20-e-venerdi-27-al-piccolo-teatro-pierobon-di-paiane\/\" \/>\n<meta property=\"og:site_name\" content=\"Bellunopress - Dolomiti\" \/>\n<meta property=\"article:publisher\" content=\"https:\/\/www.facebook.com\/profile.php?id=100008943462799\" \/>\n<meta property=\"article:published_time\" content=\"2009-11-17T22:09:42+00:00\" \/>\n<meta property=\"og:image\" content=\"http:\/\/www.bellunopress.it\/wp-content\/uploads\/2012\/07\/logo-bellunopress-250x250-2012.jpg\" \/>\n<meta name=\"author\" content=\"redazione\" \/>\n<meta name=\"twitter:card\" content=\"summary_large_image\" \/>\n<meta name=\"twitter:creator\" content=\"@bellunopress\" \/>\n<meta name=\"twitter:site\" content=\"@bellunopress\" \/>\n<meta name=\"twitter:label1\" content=\"\u00c9crit par\" \/>\n\t<meta name=\"twitter:data1\" content=\"redazione\" \/>\n\t<meta name=\"twitter:label2\" content=\"Dur\u00e9e de lecture estim\u00e9e\" \/>\n\t<meta name=\"twitter:data2\" content=\"2 minutes\" \/>\n<script type=\"application\/ld+json\" class=\"yoast-schema-graph\">{\"@context\":\"https:\\\/\\\/schema.org\",\"@graph\":[{\"@type\":\"Article\",\"@id\":\"https:\\\/\\\/www.bellunopress.it\\\/2009\\\/11\\\/17\\\/montagne-eremi-verticali-due-serate-sulla-montagna-venerdi-20-e-venerdi-27-al-piccolo-teatro-pierobon-di-paiane\\\/#article\",\"isPartOf\":{\"@id\":\"https:\\\/\\\/www.bellunopress.it\\\/2009\\\/11\\\/17\\\/montagne-eremi-verticali-due-serate-sulla-montagna-venerdi-20-e-venerdi-27-al-piccolo-teatro-pierobon-di-paiane\\\/\"},\"author\":{\"name\":\"redazione\",\"@id\":\"https:\\\/\\\/www.bellunopress.it\\\/#\\\/schema\\\/person\\\/79bb06722b37ece1c03d3e94beb30d73\"},\"headline\":\"Montagne, eremi verticali: due serate sulla montagna venerd\u00ec 20 e venerd\u00ec 27 al Piccolo teatro Pierobon di Paiane\",\"datePublished\":\"2009-11-17T22:09:42+00:00\",\"mainEntityOfPage\":{\"@id\":\"https:\\\/\\\/www.bellunopress.it\\\/2009\\\/11\\\/17\\\/montagne-eremi-verticali-due-serate-sulla-montagna-venerdi-20-e-venerdi-27-al-piccolo-teatro-pierobon-di-paiane\\\/\"},\"wordCount\":443,\"publisher\":{\"@id\":\"https:\\\/\\\/www.bellunopress.it\\\/#organization\"},\"keywords\":[\"Dolomiti\"],\"articleSection\":[\"Arte, Cultura, Spettacoli, Scienza\",\"Prima Pagina\"],\"inLanguage\":\"fr-FR\"},{\"@type\":\"WebPage\",\"@id\":\"https:\\\/\\\/www.bellunopress.it\\\/2009\\\/11\\\/17\\\/montagne-eremi-verticali-due-serate-sulla-montagna-venerdi-20-e-venerdi-27-al-piccolo-teatro-pierobon-di-paiane\\\/\",\"url\":\"https:\\\/\\\/www.bellunopress.it\\\/2009\\\/11\\\/17\\\/montagne-eremi-verticali-due-serate-sulla-montagna-venerdi-20-e-venerdi-27-al-piccolo-teatro-pierobon-di-paiane\\\/\",\"name\":\"Montagne, eremi verticali: due serate sulla montagna venerd\u00ec 20 e venerd\u00ec 27 al Piccolo teatro Pierobon di Paiane - Bellunopress - Dolomiti\",\"isPartOf\":{\"@id\":\"https:\\\/\\\/www.bellunopress.it\\\/#website\"},\"datePublished\":\"2009-11-17T22:09:42+00:00\",\"breadcrumb\":{\"@id\":\"https:\\\/\\\/www.bellunopress.it\\\/2009\\\/11\\\/17\\\/montagne-eremi-verticali-due-serate-sulla-montagna-venerdi-20-e-venerdi-27-al-piccolo-teatro-pierobon-di-paiane\\\/#breadcrumb\"},\"inLanguage\":\"fr-FR\",\"potentialAction\":[{\"@type\":\"ReadAction\",\"target\":[\"https:\\\/\\\/www.bellunopress.it\\\/2009\\\/11\\\/17\\\/montagne-eremi-verticali-due-serate-sulla-montagna-venerdi-20-e-venerdi-27-al-piccolo-teatro-pierobon-di-paiane\\\/\"]}]},{\"@type\":\"BreadcrumbList\",\"@id\":\"https:\\\/\\\/www.bellunopress.it\\\/2009\\\/11\\\/17\\\/montagne-eremi-verticali-due-serate-sulla-montagna-venerdi-20-e-venerdi-27-al-piccolo-teatro-pierobon-di-paiane\\\/#breadcrumb\",\"itemListElement\":[{\"@type\":\"ListItem\",\"position\":1,\"name\":\"Home\",\"item\":\"https:\\\/\\\/www.bellunopress.it\\\/\"},{\"@type\":\"ListItem\",\"position\":2,\"name\":\"Montagne, eremi verticali: due serate sulla montagna venerd\u00ec 20 e venerd\u00ec 27 al Piccolo teatro Pierobon di Paiane\"}]},{\"@type\":\"WebSite\",\"@id\":\"https:\\\/\\\/www.bellunopress.it\\\/#website\",\"url\":\"https:\\\/\\\/www.bellunopress.it\\\/\",\"name\":\"Bellunopress - Dolomiti\",\"description\":\"e-mail: redazione@bellunopress.it\",\"publisher\":{\"@id\":\"https:\\\/\\\/www.bellunopress.it\\\/#organization\"},\"potentialAction\":[{\"@type\":\"SearchAction\",\"target\":{\"@type\":\"EntryPoint\",\"urlTemplate\":\"https:\\\/\\\/www.bellunopress.it\\\/?s={search_term_string}\"},\"query-input\":{\"@type\":\"PropertyValueSpecification\",\"valueRequired\":true,\"valueName\":\"search_term_string\"}}],\"inLanguage\":\"fr-FR\"},{\"@type\":\"Organization\",\"@id\":\"https:\\\/\\\/www.bellunopress.it\\\/#organization\",\"name\":\"Bellunopress\",\"url\":\"https:\\\/\\\/www.bellunopress.it\\\/\",\"logo\":{\"@type\":\"ImageObject\",\"inLanguage\":\"fr-FR\",\"@id\":\"https:\\\/\\\/www.bellunopress.it\\\/#\\\/schema\\\/logo\\\/image\\\/\",\"url\":\"https:\\\/\\\/www.bellunopress.it\\\/wp-content\\\/uploads\\\/2011\\\/05\\\/cropped-logo-bellunopress-.jpg\",\"contentUrl\":\"https:\\\/\\\/www.bellunopress.it\\\/wp-content\\\/uploads\\\/2011\\\/05\\\/cropped-logo-bellunopress-.jpg\",\"width\":512,\"height\":512,\"caption\":\"Bellunopress\"},\"image\":{\"@id\":\"https:\\\/\\\/www.bellunopress.it\\\/#\\\/schema\\\/logo\\\/image\\\/\"},\"sameAs\":[\"https:\\\/\\\/www.facebook.com\\\/profile.php?id=100008943462799\",\"https:\\\/\\\/x.com\\\/bellunopress\",\"https:\\\/\\\/www.linkedin.com\\\/hp\\\/?dnr=JBzUWaJfMUw8vbXJJ2tVW5-I3jZKvC4wsoxE&amp;amp;amp;amp;amp;amp;trk=nav_responsive_tab_home\",\"https:\\\/\\\/www.youtube.com\\\/channel\\\/UCxL0wu1uN0_3_7hGG0306cw\"]},{\"@type\":\"Person\",\"@id\":\"https:\\\/\\\/www.bellunopress.it\\\/#\\\/schema\\\/person\\\/79bb06722b37ece1c03d3e94beb30d73\",\"name\":\"redazione\",\"image\":{\"@type\":\"ImageObject\",\"inLanguage\":\"fr-FR\",\"@id\":\"https:\\\/\\\/secure.gravatar.com\\\/avatar\\\/37d968a2e67a6fd04c169c4bdef102d0bc5d31b2546345219e348575eb80e9a0?s=96&d=mm&r=g\",\"url\":\"https:\\\/\\\/secure.gravatar.com\\\/avatar\\\/37d968a2e67a6fd04c169c4bdef102d0bc5d31b2546345219e348575eb80e9a0?s=96&d=mm&r=g\",\"contentUrl\":\"https:\\\/\\\/secure.gravatar.com\\\/avatar\\\/37d968a2e67a6fd04c169c4bdef102d0bc5d31b2546345219e348575eb80e9a0?s=96&d=mm&r=g\",\"caption\":\"redazione\"},\"sameAs\":[\"http:\\\/\\\/www.bellunopress.it\",\"https:\\\/\\\/x.com\\\/bellunopress\"],\"url\":\"https:\\\/\\\/www.bellunopress.it\\\/fr\\\/author\\\/redazione\\\/\"}]}<\/script>\n<!-- \/ Yoast SEO plugin. -->","yoast_head_json":{"title":"Montagne, eremi verticali: due serate sulla montagna venerd\u00ec 20 e venerd\u00ec 27 al Piccolo teatro Pierobon di Paiane - Bellunopress - Dolomiti","robots":{"index":"index","follow":"follow","max-snippet":"max-snippet:-1","max-image-preview":"max-image-preview:large","max-video-preview":"max-video-preview:-1"},"canonical":"https:\/\/www.bellunopress.it\/fr\/2009\/11\/17\/montagne-eremi-verticali-due-serate-sulla-montagna-venerdi-20-e-venerdi-27-al-piccolo-teatro-pierobon-di-paiane\/","og_locale":"fr_FR","og_type":"article","og_title":"Montagne, eremi verticali: due serate sulla montagna venerd\u00ec 20 e venerd\u00ec 27 al Piccolo teatro Pierobon di Paiane - Bellunopress - Dolomiti","og_description":"Dopo un anno di assenza, ritorna a Ponte nelle Alpi la rassegna Montagne: eremi verticali, due serate con grandi alpinisti, proiezioni immagini e video, per condividere la passione per la montagna tout court. La rassegna nasce da un\u2019idea di Simone Favero, col patrocinio del comune di Ponte nelle Alpi, nell\u2019estate 2007, ed \u00e8 ora giunta [&hellip;]","og_url":"https:\/\/www.bellunopress.it\/fr\/2009\/11\/17\/montagne-eremi-verticali-due-serate-sulla-montagna-venerdi-20-e-venerdi-27-al-piccolo-teatro-pierobon-di-paiane\/","og_site_name":"Bellunopress - Dolomiti","article_publisher":"https:\/\/www.facebook.com\/profile.php?id=100008943462799","article_published_time":"2009-11-17T22:09:42+00:00","og_image":[{"url":"http:\/\/www.bellunopress.it\/wp-content\/uploads\/2012\/07\/logo-bellunopress-250x250-2012.jpg","type":"","width":"","height":""}],"author":"redazione","twitter_card":"summary_large_image","twitter_creator":"@bellunopress","twitter_site":"@bellunopress","twitter_misc":{"\u00c9crit par":"redazione","Dur\u00e9e de lecture estim\u00e9e":"2 minutes"},"schema":{"@context":"https:\/\/schema.org","@graph":[{"@type":"Article","@id":"https:\/\/www.bellunopress.it\/2009\/11\/17\/montagne-eremi-verticali-due-serate-sulla-montagna-venerdi-20-e-venerdi-27-al-piccolo-teatro-pierobon-di-paiane\/#article","isPartOf":{"@id":"https:\/\/www.bellunopress.it\/2009\/11\/17\/montagne-eremi-verticali-due-serate-sulla-montagna-venerdi-20-e-venerdi-27-al-piccolo-teatro-pierobon-di-paiane\/"},"author":{"name":"redazione","@id":"https:\/\/www.bellunopress.it\/#\/schema\/person\/79bb06722b37ece1c03d3e94beb30d73"},"headline":"Montagne, eremi verticali: due serate sulla montagna venerd\u00ec 20 e venerd\u00ec 27 al Piccolo teatro Pierobon di Paiane","datePublished":"2009-11-17T22:09:42+00:00","mainEntityOfPage":{"@id":"https:\/\/www.bellunopress.it\/2009\/11\/17\/montagne-eremi-verticali-due-serate-sulla-montagna-venerdi-20-e-venerdi-27-al-piccolo-teatro-pierobon-di-paiane\/"},"wordCount":443,"publisher":{"@id":"https:\/\/www.bellunopress.it\/#organization"},"keywords":["Dolomiti"],"articleSection":["Arte, Cultura, Spettacoli, Scienza","Prima Pagina"],"inLanguage":"fr-FR"},{"@type":"WebPage","@id":"https:\/\/www.bellunopress.it\/2009\/11\/17\/montagne-eremi-verticali-due-serate-sulla-montagna-venerdi-20-e-venerdi-27-al-piccolo-teatro-pierobon-di-paiane\/","url":"https:\/\/www.bellunopress.it\/2009\/11\/17\/montagne-eremi-verticali-due-serate-sulla-montagna-venerdi-20-e-venerdi-27-al-piccolo-teatro-pierobon-di-paiane\/","name":"Montagne, eremi verticali: due serate sulla montagna venerd\u00ec 20 e venerd\u00ec 27 al Piccolo teatro Pierobon di Paiane - Bellunopress - Dolomiti","isPartOf":{"@id":"https:\/\/www.bellunopress.it\/#website"},"datePublished":"2009-11-17T22:09:42+00:00","breadcrumb":{"@id":"https:\/\/www.bellunopress.it\/2009\/11\/17\/montagne-eremi-verticali-due-serate-sulla-montagna-venerdi-20-e-venerdi-27-al-piccolo-teatro-pierobon-di-paiane\/#breadcrumb"},"inLanguage":"fr-FR","potentialAction":[{"@type":"ReadAction","target":["https:\/\/www.bellunopress.it\/2009\/11\/17\/montagne-eremi-verticali-due-serate-sulla-montagna-venerdi-20-e-venerdi-27-al-piccolo-teatro-pierobon-di-paiane\/"]}]},{"@type":"BreadcrumbList","@id":"https:\/\/www.bellunopress.it\/2009\/11\/17\/montagne-eremi-verticali-due-serate-sulla-montagna-venerdi-20-e-venerdi-27-al-piccolo-teatro-pierobon-di-paiane\/#breadcrumb","itemListElement":[{"@type":"ListItem","position":1,"name":"Home","item":"https:\/\/www.bellunopress.it\/"},{"@type":"ListItem","position":2,"name":"Montagne, eremi verticali: due serate sulla montagna venerd\u00ec 20 e venerd\u00ec 27 al Piccolo teatro Pierobon di Paiane"}]},{"@type":"WebSite","@id":"https:\/\/www.bellunopress.it\/#website","url":"https:\/\/www.bellunopress.it\/","name":"Bellunopress - Dolomiti","description":"e-mail: redazione@bellunopress.it","publisher":{"@id":"https:\/\/www.bellunopress.it\/#organization"},"potentialAction":[{"@type":"SearchAction","target":{"@type":"EntryPoint","urlTemplate":"https:\/\/www.bellunopress.it\/?s={search_term_string}"},"query-input":{"@type":"PropertyValueSpecification","valueRequired":true,"valueName":"search_term_string"}}],"inLanguage":"fr-FR"},{"@type":"Organization","@id":"https:\/\/www.bellunopress.it\/#organization","name":"Bellunopress","url":"https:\/\/www.bellunopress.it\/","logo":{"@type":"ImageObject","inLanguage":"fr-FR","@id":"https:\/\/www.bellunopress.it\/#\/schema\/logo\/image\/","url":"https:\/\/www.bellunopress.it\/wp-content\/uploads\/2011\/05\/cropped-logo-bellunopress-.jpg","contentUrl":"https:\/\/www.bellunopress.it\/wp-content\/uploads\/2011\/05\/cropped-logo-bellunopress-.jpg","width":512,"height":512,"caption":"Bellunopress"},"image":{"@id":"https:\/\/www.bellunopress.it\/#\/schema\/logo\/image\/"},"sameAs":["https:\/\/www.facebook.com\/profile.php?id=100008943462799","https:\/\/x.com\/bellunopress","https:\/\/www.linkedin.com\/hp\/?dnr=JBzUWaJfMUw8vbXJJ2tVW5-I3jZKvC4wsoxE&amp;amp;amp;amp;amp;amp;trk=nav_responsive_tab_home","https:\/\/www.youtube.com\/channel\/UCxL0wu1uN0_3_7hGG0306cw"]},{"@type":"Person","@id":"https:\/\/www.bellunopress.it\/#\/schema\/person\/79bb06722b37ece1c03d3e94beb30d73","name":"r\u00e9daction","image":{"@type":"ImageObject","inLanguage":"fr-FR","@id":"https:\/\/secure.gravatar.com\/avatar\/37d968a2e67a6fd04c169c4bdef102d0bc5d31b2546345219e348575eb80e9a0?s=96&d=mm&r=g","url":"https:\/\/secure.gravatar.com\/avatar\/37d968a2e67a6fd04c169c4bdef102d0bc5d31b2546345219e348575eb80e9a0?s=96&d=mm&r=g","contentUrl":"https:\/\/secure.gravatar.com\/avatar\/37d968a2e67a6fd04c169c4bdef102d0bc5d31b2546345219e348575eb80e9a0?s=96&d=mm&r=g","caption":"redazione"},"sameAs":["http:\/\/www.bellunopress.it","https:\/\/x.com\/bellunopress"],"url":"https:\/\/www.bellunopress.it\/fr\/author\/redazione\/"}]}},"_links":{"self":[{"href":"https:\/\/www.bellunopress.it\/fr\/wp-json\/wp\/v2\/posts\/9848","targetHints":{"allow":["GET"]}}],"collection":[{"href":"https:\/\/www.bellunopress.it\/fr\/wp-json\/wp\/v2\/posts"}],"about":[{"href":"https:\/\/www.bellunopress.it\/fr\/wp-json\/wp\/v2\/types\/post"}],"author":[{"embeddable":true,"href":"https:\/\/www.bellunopress.it\/fr\/wp-json\/wp\/v2\/users\/2"}],"replies":[{"embeddable":true,"href":"https:\/\/www.bellunopress.it\/fr\/wp-json\/wp\/v2\/comments?post=9848"}],"version-history":[{"count":1,"href":"https:\/\/www.bellunopress.it\/fr\/wp-json\/wp\/v2\/posts\/9848\/revisions"}],"predecessor-version":[{"id":9849,"href":"https:\/\/www.bellunopress.it\/fr\/wp-json\/wp\/v2\/posts\/9848\/revisions\/9849"}],"wp:attachment":[{"href":"https:\/\/www.bellunopress.it\/fr\/wp-json\/wp\/v2\/media?parent=9848"}],"wp:term":[{"taxonomy":"category","embeddable":true,"href":"https:\/\/www.bellunopress.it\/fr\/wp-json\/wp\/v2\/categories?post=9848"},{"taxonomy":"post_tag","embeddable":true,"href":"https:\/\/www.bellunopress.it\/fr\/wp-json\/wp\/v2\/tags?post=9848"}],"curies":[{"name":"wp","href":"https:\/\/api.w.org\/{rel}","templated":true}]}}