{"id":9846,"date":"2009-11-17T23:02:20","date_gmt":"2009-11-17T22:02:20","guid":{"rendered":"http:\/\/www.bellunopress.it\/?p=9846"},"modified":"2009-11-17T23:02:20","modified_gmt":"2009-11-17T22:02:20","slug":"in-merito-ai-fondi-in-provincia","status":"publish","type":"post","link":"https:\/\/www.bellunopress.it\/fr\/2009\/11\/17\/in-merito-ai-fondi-in-provincia\/","title":{"rendered":"In merito ai fondi in Provincia"},"content":{"rendered":"<p>In merito ai fondi destinati dalla provincia era prevedibile che molte richieste venissero da immigrati, in quanto solitamente sono le fasce pi\u00f9 povere quelle colpite per prime dalla crisi. Sulla base dei dati forniti dal Gazzettino del 17\/10 sembra che le richieste degli immigrati siano 12 su 17 e a beneficiare dei fondi ci siano gi\u00e0 alcuni stranieri, tra i quali anche un giovane di 21 anni. E\u2019 motivo di conforto constatare che le risorse sono destinate\u00a0 a coloro che ne hanno necessit\u00e0, stranieri e non,\u00a0 in base a regole definite, condivise e solidali. Non possiamo accettare per\u00f2 discriminazioni sulla base di appartenenza a culture, razze e nazionalit\u00e0.Forse questo \u00e8 il momento di svelare da parte della giunta provinciale il vero senso del \u201cpreferibilmente italiani\u201d? Alla luce dei fatti e dei fondi gi\u00e0 stanziati a stranieri, quel \u201cpreferibilmente italiani\u201d non ha nessun significato. In questo caso allora \u201cpreferibilmente italiani\u201d ha fondamentalmente un significato demagogico e serve solo per dimostrare, a parole, ai propri elettori, la coerenza a quei principi che determinano consenso elettorale, mentre nella realt\u00e0 restano del tutto impraticabili. L\u2019unica cosa ragionevole \u00e8 quella di toglierle dal regolamento. Storpiare il significato delle parole, affermare e poi contraddire, creare confusione nei cittadini, fare gesti vistosi, che servono a poco o nulla, se non a mantenere consenso elettorale, \u00e8 un modo di fare politica che dovrebbe essere sempre evitato, in quanto favorisce l\u2019istinto, gli impulsi emotivi e la delega a scapito della responsabilit\u00e0, della razionalit\u00e0 e della fatica di pensare dei cittadini. Anche a livello nazionale le cose non sono molto diverse. Alla biblioteca di Ponteranica, la targa dedicata a Peppino Impastato, assassinato dalla mafia, \u00e8 stata fatta rimuovere dal sindaco leghista per intitolare la struttura a un sacerdote bergamasco (Corriere della sera). Il pacchetto sicurezza, mentre si scaglia contro i clandestini, perseguibili di reato, ed i loro piccoli che\u00a0 diventeranno \u201cinvisibili\u201d, privi dei fondamentali diritti, come quello di curarsi, di crescere nella propria famiglia, perch\u00e9 rischiano di essere portati via e dati in adozione, non penalizza in nessun modo coloro che impiegano lavoratori irregolari, sottopagati ed in nero, traendo un ingiusto profitto. La stessa logica caratterizza i respingimenti in massa e la tassa sulle badanti. Una forte chiusura all\u2019accoglienza \u00e8 gi\u00e0 diffusa anche nella societ\u00e0 civile: all\u2019Atm di Milano, un giovane marocchino, residente in Italia dal 2004, \u00e8 stato escluso dall\u2019assunzione perch\u00e9 extracomunitario e poi riammesso dal tribunale del lavoro (Famiglia Cristiana) e a Treviso, un ragazzo napoletano \u00e8 stato costretto a cambiare scuola perch\u00e9 emarginato e offeso dai compagni (La Repubblica).<\/p>\n<p>Circolo Cavarzano-Oltrardo del Partito democratico<\/p>","protected":false},"excerpt":{"rendered":"<p>In merito ai fondi destinati dalla provincia era prevedibile che molte richieste venissero da immigrati, in quanto solitamente sono le fasce pi\u00f9 povere quelle colpite per prime dalla crisi. Sulla base dei dati forniti dal Gazzettino del 17\/10 sembra che le richieste degli immigrati siano 12 su 17 e a beneficiare dei fondi ci siano [&hellip;]<\/p>\n","protected":false},"author":2,"featured_media":0,"comment_status":"closed","ping_status":"open","sticky":false,"template":"","format":"standard","meta":{"footnotes":""},"categories":[1],"tags":[],"class_list":["post-9846","post","type-post","status-publish","format-standard","category-leo"],"yoast_head":"<!-- This site is optimized with the Yoast SEO plugin v28.4 - https:\/\/yoast.com\/product\/yoast-seo-wordpress\/ -->\n<title>In merito ai fondi in Provincia  - Bellunopress - Dolomiti<\/title>\n<meta name=\"robots\" content=\"index, follow, max-snippet:-1, max-image-preview:large, max-video-preview:-1\" \/>\n<link rel=\"canonical\" href=\"https:\/\/www.bellunopress.it\/fr\/2009\/11\/17\/in-merito-ai-fondi-in-provincia\/\" \/>\n<meta property=\"og:locale\" content=\"fr_FR\" \/>\n<meta property=\"og:type\" content=\"article\" \/>\n<meta property=\"og:title\" content=\"In merito ai fondi in Provincia  - Bellunopress - Dolomiti\" \/>\n<meta property=\"og:description\" content=\"In merito ai fondi destinati dalla provincia era prevedibile che molte richieste venissero da immigrati, in quanto solitamente sono le fasce pi\u00f9 povere quelle colpite per prime dalla crisi. Sulla base dei dati forniti dal Gazzettino del 17\/10 sembra che le richieste degli immigrati siano 12 su 17 e a beneficiare dei fondi ci siano [&hellip;]\" \/>\n<meta property=\"og:url\" content=\"https:\/\/www.bellunopress.it\/fr\/2009\/11\/17\/in-merito-ai-fondi-in-provincia\/\" \/>\n<meta property=\"og:site_name\" content=\"Bellunopress - Dolomiti\" \/>\n<meta property=\"article:publisher\" content=\"https:\/\/www.facebook.com\/profile.php?id=100008943462799\" \/>\n<meta property=\"article:published_time\" content=\"2009-11-17T22:02:20+00:00\" \/>\n<meta property=\"og:image\" content=\"http:\/\/www.bellunopress.it\/wp-content\/uploads\/2012\/07\/logo-bellunopress-250x250-2012.jpg\" \/>\n<meta name=\"author\" content=\"redazione\" \/>\n<meta name=\"twitter:card\" content=\"summary_large_image\" \/>\n<meta name=\"twitter:creator\" content=\"@bellunopress\" \/>\n<meta name=\"twitter:site\" content=\"@bellunopress\" \/>\n<meta name=\"twitter:label1\" content=\"Written by\" \/>\n\t<meta name=\"twitter:data1\" content=\"redazione\" \/>\n\t<meta name=\"twitter:label2\" content=\"Est. reading time\" \/>\n\t<meta name=\"twitter:data2\" content=\"2 minutes\" \/>\n<script type=\"application\/ld+json\" class=\"yoast-schema-graph\">{\"@context\":\"https:\\\/\\\/schema.org\",\"@graph\":[{\"@type\":\"Article\",\"@id\":\"https:\\\/\\\/www.bellunopress.it\\\/2009\\\/11\\\/17\\\/in-merito-ai-fondi-in-provincia\\\/#article\",\"isPartOf\":{\"@id\":\"https:\\\/\\\/www.bellunopress.it\\\/2009\\\/11\\\/17\\\/in-merito-ai-fondi-in-provincia\\\/\"},\"author\":{\"name\":\"redazione\",\"@id\":\"https:\\\/\\\/www.bellunopress.it\\\/#\\\/schema\\\/person\\\/79bb06722b37ece1c03d3e94beb30d73\"},\"headline\":\"In merito ai fondi in Provincia\",\"datePublished\":\"2009-11-17T22:02:20+00:00\",\"mainEntityOfPage\":{\"@id\":\"https:\\\/\\\/www.bellunopress.it\\\/2009\\\/11\\\/17\\\/in-merito-ai-fondi-in-provincia\\\/\"},\"wordCount\":427,\"publisher\":{\"@id\":\"https:\\\/\\\/www.bellunopress.it\\\/#organization\"},\"articleSection\":[\"Lettere Opinioni\"],\"inLanguage\":\"fr-FR\"},{\"@type\":\"WebPage\",\"@id\":\"https:\\\/\\\/www.bellunopress.it\\\/2009\\\/11\\\/17\\\/in-merito-ai-fondi-in-provincia\\\/\",\"url\":\"https:\\\/\\\/www.bellunopress.it\\\/2009\\\/11\\\/17\\\/in-merito-ai-fondi-in-provincia\\\/\",\"name\":\"In merito ai fondi in Provincia - Bellunopress - Dolomiti\",\"isPartOf\":{\"@id\":\"https:\\\/\\\/www.bellunopress.it\\\/#website\"},\"datePublished\":\"2009-11-17T22:02:20+00:00\",\"breadcrumb\":{\"@id\":\"https:\\\/\\\/www.bellunopress.it\\\/2009\\\/11\\\/17\\\/in-merito-ai-fondi-in-provincia\\\/#breadcrumb\"},\"inLanguage\":\"fr-FR\",\"potentialAction\":[{\"@type\":\"ReadAction\",\"target\":[\"https:\\\/\\\/www.bellunopress.it\\\/2009\\\/11\\\/17\\\/in-merito-ai-fondi-in-provincia\\\/\"]}]},{\"@type\":\"BreadcrumbList\",\"@id\":\"https:\\\/\\\/www.bellunopress.it\\\/2009\\\/11\\\/17\\\/in-merito-ai-fondi-in-provincia\\\/#breadcrumb\",\"itemListElement\":[{\"@type\":\"ListItem\",\"position\":1,\"name\":\"Home\",\"item\":\"https:\\\/\\\/www.bellunopress.it\\\/\"},{\"@type\":\"ListItem\",\"position\":2,\"name\":\"In merito ai fondi in Provincia\"}]},{\"@type\":\"WebSite\",\"@id\":\"https:\\\/\\\/www.bellunopress.it\\\/#website\",\"url\":\"https:\\\/\\\/www.bellunopress.it\\\/\",\"name\":\"Bellunopress - Dolomiti\",\"description\":\"e-mail: redazione@bellunopress.it\",\"publisher\":{\"@id\":\"https:\\\/\\\/www.bellunopress.it\\\/#organization\"},\"potentialAction\":[{\"@type\":\"SearchAction\",\"target\":{\"@type\":\"EntryPoint\",\"urlTemplate\":\"https:\\\/\\\/www.bellunopress.it\\\/?s={search_term_string}\"},\"query-input\":{\"@type\":\"PropertyValueSpecification\",\"valueRequired\":true,\"valueName\":\"search_term_string\"}}],\"inLanguage\":\"fr-FR\"},{\"@type\":\"Organization\",\"@id\":\"https:\\\/\\\/www.bellunopress.it\\\/#organization\",\"name\":\"Bellunopress\",\"url\":\"https:\\\/\\\/www.bellunopress.it\\\/\",\"logo\":{\"@type\":\"ImageObject\",\"inLanguage\":\"fr-FR\",\"@id\":\"https:\\\/\\\/www.bellunopress.it\\\/#\\\/schema\\\/logo\\\/image\\\/\",\"url\":\"https:\\\/\\\/www.bellunopress.it\\\/wp-content\\\/uploads\\\/2011\\\/05\\\/cropped-logo-bellunopress-.jpg\",\"contentUrl\":\"https:\\\/\\\/www.bellunopress.it\\\/wp-content\\\/uploads\\\/2011\\\/05\\\/cropped-logo-bellunopress-.jpg\",\"width\":512,\"height\":512,\"caption\":\"Bellunopress\"},\"image\":{\"@id\":\"https:\\\/\\\/www.bellunopress.it\\\/#\\\/schema\\\/logo\\\/image\\\/\"},\"sameAs\":[\"https:\\\/\\\/www.facebook.com\\\/profile.php?id=100008943462799\",\"https:\\\/\\\/x.com\\\/bellunopress\",\"https:\\\/\\\/www.linkedin.com\\\/hp\\\/?dnr=JBzUWaJfMUw8vbXJJ2tVW5-I3jZKvC4wsoxE&amp;amp;amp;amp;amp;amp;trk=nav_responsive_tab_home\",\"https:\\\/\\\/www.youtube.com\\\/channel\\\/UCxL0wu1uN0_3_7hGG0306cw\"]},{\"@type\":\"Person\",\"@id\":\"https:\\\/\\\/www.bellunopress.it\\\/#\\\/schema\\\/person\\\/79bb06722b37ece1c03d3e94beb30d73\",\"name\":\"redazione\",\"image\":{\"@type\":\"ImageObject\",\"inLanguage\":\"fr-FR\",\"@id\":\"https:\\\/\\\/secure.gravatar.com\\\/avatar\\\/37d968a2e67a6fd04c169c4bdef102d0bc5d31b2546345219e348575eb80e9a0?s=96&d=mm&r=g\",\"url\":\"https:\\\/\\\/secure.gravatar.com\\\/avatar\\\/37d968a2e67a6fd04c169c4bdef102d0bc5d31b2546345219e348575eb80e9a0?s=96&d=mm&r=g\",\"contentUrl\":\"https:\\\/\\\/secure.gravatar.com\\\/avatar\\\/37d968a2e67a6fd04c169c4bdef102d0bc5d31b2546345219e348575eb80e9a0?s=96&d=mm&r=g\",\"caption\":\"redazione\"},\"sameAs\":[\"http:\\\/\\\/www.bellunopress.it\",\"https:\\\/\\\/x.com\\\/bellunopress\"],\"url\":\"https:\\\/\\\/www.bellunopress.it\\\/fr\\\/author\\\/redazione\\\/\"}]}<\/script>\n<!-- \/ Yoast SEO plugin. -->","yoast_head_json":{"title":"In merito ai fondi in Provincia  - Bellunopress - Dolomiti","robots":{"index":"index","follow":"follow","max-snippet":"max-snippet:-1","max-image-preview":"max-image-preview:large","max-video-preview":"max-video-preview:-1"},"canonical":"https:\/\/www.bellunopress.it\/fr\/2009\/11\/17\/in-merito-ai-fondi-in-provincia\/","og_locale":"fr_FR","og_type":"article","og_title":"In merito ai fondi in Provincia  - Bellunopress - Dolomiti","og_description":"In merito ai fondi destinati dalla provincia era prevedibile che molte richieste venissero da immigrati, in quanto solitamente sono le fasce pi\u00f9 povere quelle colpite per prime dalla crisi. Sulla base dei dati forniti dal Gazzettino del 17\/10 sembra che le richieste degli immigrati siano 12 su 17 e a beneficiare dei fondi ci siano [&hellip;]","og_url":"https:\/\/www.bellunopress.it\/fr\/2009\/11\/17\/in-merito-ai-fondi-in-provincia\/","og_site_name":"Bellunopress - Dolomiti","article_publisher":"https:\/\/www.facebook.com\/profile.php?id=100008943462799","article_published_time":"2009-11-17T22:02:20+00:00","og_image":[{"url":"http:\/\/www.bellunopress.it\/wp-content\/uploads\/2012\/07\/logo-bellunopress-250x250-2012.jpg","type":"","width":"","height":""}],"author":"redazione","twitter_card":"summary_large_image","twitter_creator":"@bellunopress","twitter_site":"@bellunopress","twitter_misc":{"Written by":"redazione","Est. reading time":"2 minutes"},"schema":{"@context":"https:\/\/schema.org","@graph":[{"@type":"Article","@id":"https:\/\/www.bellunopress.it\/2009\/11\/17\/in-merito-ai-fondi-in-provincia\/#article","isPartOf":{"@id":"https:\/\/www.bellunopress.it\/2009\/11\/17\/in-merito-ai-fondi-in-provincia\/"},"author":{"name":"redazione","@id":"https:\/\/www.bellunopress.it\/#\/schema\/person\/79bb06722b37ece1c03d3e94beb30d73"},"headline":"In merito ai fondi in Provincia","datePublished":"2009-11-17T22:02:20+00:00","mainEntityOfPage":{"@id":"https:\/\/www.bellunopress.it\/2009\/11\/17\/in-merito-ai-fondi-in-provincia\/"},"wordCount":427,"publisher":{"@id":"https:\/\/www.bellunopress.it\/#organization"},"articleSection":["Lettere Opinioni"],"inLanguage":"fr-FR"},{"@type":"WebPage","@id":"https:\/\/www.bellunopress.it\/2009\/11\/17\/in-merito-ai-fondi-in-provincia\/","url":"https:\/\/www.bellunopress.it\/2009\/11\/17\/in-merito-ai-fondi-in-provincia\/","name":"In merito ai fondi in Provincia - Bellunopress - Dolomiti","isPartOf":{"@id":"https:\/\/www.bellunopress.it\/#website"},"datePublished":"2009-11-17T22:02:20+00:00","breadcrumb":{"@id":"https:\/\/www.bellunopress.it\/2009\/11\/17\/in-merito-ai-fondi-in-provincia\/#breadcrumb"},"inLanguage":"fr-FR","potentialAction":[{"@type":"ReadAction","target":["https:\/\/www.bellunopress.it\/2009\/11\/17\/in-merito-ai-fondi-in-provincia\/"]}]},{"@type":"BreadcrumbList","@id":"https:\/\/www.bellunopress.it\/2009\/11\/17\/in-merito-ai-fondi-in-provincia\/#breadcrumb","itemListElement":[{"@type":"ListItem","position":1,"name":"Home","item":"https:\/\/www.bellunopress.it\/"},{"@type":"ListItem","position":2,"name":"In merito ai fondi in Provincia"}]},{"@type":"WebSite","@id":"https:\/\/www.bellunopress.it\/#website","url":"https:\/\/www.bellunopress.it\/","name":"Bellunopress - Dolomiti","description":"e-mail: redazione@bellunopress.it","publisher":{"@id":"https:\/\/www.bellunopress.it\/#organization"},"potentialAction":[{"@type":"SearchAction","target":{"@type":"EntryPoint","urlTemplate":"https:\/\/www.bellunopress.it\/?s={search_term_string}"},"query-input":{"@type":"PropertyValueSpecification","valueRequired":true,"valueName":"search_term_string"}}],"inLanguage":"fr-FR"},{"@type":"Organization","@id":"https:\/\/www.bellunopress.it\/#organization","name":"Bellunopress","url":"https:\/\/www.bellunopress.it\/","logo":{"@type":"ImageObject","inLanguage":"fr-FR","@id":"https:\/\/www.bellunopress.it\/#\/schema\/logo\/image\/","url":"https:\/\/www.bellunopress.it\/wp-content\/uploads\/2011\/05\/cropped-logo-bellunopress-.jpg","contentUrl":"https:\/\/www.bellunopress.it\/wp-content\/uploads\/2011\/05\/cropped-logo-bellunopress-.jpg","width":512,"height":512,"caption":"Bellunopress"},"image":{"@id":"https:\/\/www.bellunopress.it\/#\/schema\/logo\/image\/"},"sameAs":["https:\/\/www.facebook.com\/profile.php?id=100008943462799","https:\/\/x.com\/bellunopress","https:\/\/www.linkedin.com\/hp\/?dnr=JBzUWaJfMUw8vbXJJ2tVW5-I3jZKvC4wsoxE&amp;amp;amp;amp;amp;amp;trk=nav_responsive_tab_home","https:\/\/www.youtube.com\/channel\/UCxL0wu1uN0_3_7hGG0306cw"]},{"@type":"Person","@id":"https:\/\/www.bellunopress.it\/#\/schema\/person\/79bb06722b37ece1c03d3e94beb30d73","name":"r\u00e9daction","image":{"@type":"ImageObject","inLanguage":"fr-FR","@id":"https:\/\/secure.gravatar.com\/avatar\/37d968a2e67a6fd04c169c4bdef102d0bc5d31b2546345219e348575eb80e9a0?s=96&d=mm&r=g","url":"https:\/\/secure.gravatar.com\/avatar\/37d968a2e67a6fd04c169c4bdef102d0bc5d31b2546345219e348575eb80e9a0?s=96&d=mm&r=g","contentUrl":"https:\/\/secure.gravatar.com\/avatar\/37d968a2e67a6fd04c169c4bdef102d0bc5d31b2546345219e348575eb80e9a0?s=96&d=mm&r=g","caption":"redazione"},"sameAs":["http:\/\/www.bellunopress.it","https:\/\/x.com\/bellunopress"],"url":"https:\/\/www.bellunopress.it\/fr\/author\/redazione\/"}]}},"_links":{"self":[{"href":"https:\/\/www.bellunopress.it\/fr\/wp-json\/wp\/v2\/posts\/9846","targetHints":{"allow":["GET"]}}],"collection":[{"href":"https:\/\/www.bellunopress.it\/fr\/wp-json\/wp\/v2\/posts"}],"about":[{"href":"https:\/\/www.bellunopress.it\/fr\/wp-json\/wp\/v2\/types\/post"}],"author":[{"embeddable":true,"href":"https:\/\/www.bellunopress.it\/fr\/wp-json\/wp\/v2\/users\/2"}],"replies":[{"embeddable":true,"href":"https:\/\/www.bellunopress.it\/fr\/wp-json\/wp\/v2\/comments?post=9846"}],"version-history":[{"count":1,"href":"https:\/\/www.bellunopress.it\/fr\/wp-json\/wp\/v2\/posts\/9846\/revisions"}],"predecessor-version":[{"id":9847,"href":"https:\/\/www.bellunopress.it\/fr\/wp-json\/wp\/v2\/posts\/9846\/revisions\/9847"}],"wp:attachment":[{"href":"https:\/\/www.bellunopress.it\/fr\/wp-json\/wp\/v2\/media?parent=9846"}],"wp:term":[{"taxonomy":"category","embeddable":true,"href":"https:\/\/www.bellunopress.it\/fr\/wp-json\/wp\/v2\/categories?post=9846"},{"taxonomy":"post_tag","embeddable":true,"href":"https:\/\/www.bellunopress.it\/fr\/wp-json\/wp\/v2\/tags?post=9846"}],"curies":[{"name":"wp","href":"https:\/\/api.w.org\/{rel}","templated":true}]}}