{"id":9842,"date":"2009-11-17T22:51:37","date_gmt":"2009-11-17T21:51:37","guid":{"rendered":"http:\/\/www.bellunopress.it\/?p=9842"},"modified":"2009-11-17T22:51:37","modified_gmt":"2009-11-17T21:51:37","slug":"%e2%80%9cstratosferica%e2%80%9d-mostra-personale-di-gianfranco-meggiato-al-museo-della-torre-dell%e2%80%99orologio-%e2%80%93-palazzo-anselmi-a-vittorio-veneto","status":"publish","type":"post","link":"https:\/\/www.bellunopress.it\/fr\/2009\/11\/17\/%e2%80%9cstratosferica%e2%80%9d-mostra-personale-di-gianfranco-meggiato-al-museo-della-torre-dell%e2%80%99orologio-%e2%80%93-palazzo-anselmi-a-vittorio-veneto\/","title":{"rendered":"\u201cStratosferica\u201d mostra personale di Gianfranco Meggiato al Museo della Torre dell\u2019Orologio \u2013 Palazzo Anselmi a Vittorio Veneto"},"content":{"rendered":"<p>Continuer\u00e0 da gioved\u00ec 19 Novembre fino a domenica 13 Dicembre la mostra personale di Gianfranco Meggiato\u00a0 \u201cSTRATOSFERICA\u201d presso il prestigioso spazio del Museo della Torre dell\u2019Orologio a Serravalle di Vittorio Veneto (TV) La mostra \u00e8 aperta dal venerd\u00ec alla domenica dalle 16 alle 19:00 e la mattina di domenica dalle 10:30 alle 12:30. Per chi vorr\u00e0 visitare l\u2019esposizione durante gli altri giorni \u00e8 possibile farlo su appuntamento telefonando allo 328 388 55 54 o inviando una mail a <a href=\"mailto:info@leonart.it\">info@leonart.it<\/a>.<\/p>\n<p>GIANFRANCO MEGGIATO &#8211; Saggio critico di Vittorio Sgarbi<\/p>\n<p>Lo scultore Gianfranco Meggiato esprime un gusto elegante e un tratto scultoreo che sembra derivare dallo studio della tradizione orafa. Si tratta qui di una sorta di alchimista che, pur avendo fruito di una solida cultura accademica, ha poi preferito percorrere la strada autonoma di un\u2019invenzione preziosa, che lo porta a creare grandi e fascinose strutture involute nella materia dorata e calda del bronzo. L\u2019attrattiva di queste opere sta proprio negli interessanti risultati di un lavoro che vive e opera all\u2019interno dell\u2019esperienza informale, dove l\u2019artista pone in luci diversi richiami di sapore tecnologico, che esordiscono in risultati formali dalla nitida fisionomia. Meggiato \u00e8 dunque capace di far convivere armoniosamente due diverse tendenze in una modalit\u00e0 espressiva piuttosto inusitata. Da questa combinazione tra il concreto della forma meccanica e l\u2019allusione della non forma, si ricava il massimo dell\u2019effetto estetico, dove l\u2019organizzazione stilistica della forma si traduce in volont\u00e0 di conferire a questi suoi pezzi un carattere puramente immaginativo, e dove le strutturazioni spaziali mutuate evidentemente dalle scienze esatte, si avviluppano in legami logici, ma organizzati secondo presupposti poetici e fantasmatici. In questo senso il suo modo di procedere ha un andamento quasi monumentale e quando ci si accosta a queste sculture in bronzo ci\u00f2 che stupisce \u00e8 il tratto espressivo dove gangli di cellule del cervello oppure curiose proliferazioni vegetali si saldano in momenti che appaiono come il frutto di una felice intuizione poetica. Gianfranco Meggiato \u00e8 certamente figlio del nostro tempo, dato che sa trasferire in arte proprio il senso della situazione socio-culturale del nostro vivere ovvero l\u2019alienazione e le contraddizioni date dalla dipendenza tecnologica. In questa sua scelta persiste infatti la necessit\u00e0 di aderire a una formazione geometrica che, nella sua assolutezza, si presenta in modo paradigmatico. Egli costruisce architetture chiuse, lineari e ariose in chiave asimmetrica, fortemente movimentate nella forma e curiosamente stabili nella loro incongruit\u00e0 spaziale. Esse appaiono infatti come ingannevoli all\u2019occhio, che si fa coinvolgere dalla luminosit\u00e0 della materia bronzea e dalle profondit\u00e0 inquietanti di alveari labirintici dei quali \u00e8 impossibile definire le origini e i confini. La fantasia di Meggiato lo porta ad allestire situazioni involute e macrocosmiche, che sembrano disporre di involucri misteriosi per mascherare un\u2019interiorit\u00e0 psicologica, creando una serie di anatomie immaginarie, o di aggregati di materia organica filamentosa e vitale. L\u2019intreccio discorsivo di queste strutture ha che vedere con l\u2019elaborazione teorica di un artista scienziato, che percorre con la ragione un viaggio esplorativo avventuroso, in un non luogo riprodotto in pura ritmicit\u00e0 dove le leggi della natura appaiono sovvertite. Questo modo di operare con perizia decorativa e volumetrica rivela un\u2019inventiva assai brillante e fantasiosa, capace di sfruttare ogni particolare della massa scultorea per creare contrasti fra le superfici lisce e le anfrattuosit\u00e0, le quali possono anche avere l\u2019apparenza solidificata del ribollimento di un magma primigenio. In queste strutture \u00e8 l\u2019aria stessa a diventare protagonista ed elemento strutturale che definisce l\u2019andamento dinamico e volatile della materia bronzea. Questa scrittura fatta di segni ambigui, non chiede tuttavia di essere decifrata, ma se mai pretende l\u2019accoglimento visivo e mentale di un messaggio del tutto anomalo, prodotto da uno spirito libero e sovvertitore.<\/p>","protected":false},"excerpt":{"rendered":"<p>Continuer\u00e0 da gioved\u00ec 19 Novembre fino a domenica 13 Dicembre la mostra personale di Gianfranco Meggiato\u00a0 \u201cSTRATOSFERICA\u201d presso il prestigioso spazio del Museo della Torre dell\u2019Orologio a Serravalle di Vittorio Veneto (TV) La mostra \u00e8 aperta dal venerd\u00ec alla domenica dalle 16 alle 19:00 e la mattina di domenica dalle 10:30 alle 12:30. Per chi [&hellip;]<\/p>\n","protected":false},"author":2,"featured_media":0,"comment_status":"closed","ping_status":"open","sticky":false,"template":"","format":"standard","meta":{"footnotes":""},"categories":[3,25],"tags":[],"class_list":["post-9842","post","type-post","status-publish","format-standard","category-arte-cultura-spettacoli-scienza-archivi","category-pausa-caffe"],"yoast_head":"<!-- This site is optimized with the Yoast SEO plugin v28.4 - https:\/\/yoast.com\/product\/yoast-seo-wordpress\/ -->\n<title>\u201cStratosferica\u201d mostra personale di Gianfranco Meggiato al Museo della Torre dell\u2019Orologio \u2013 Palazzo Anselmi a Vittorio Veneto - Bellunopress - Dolomiti<\/title>\n<meta name=\"robots\" content=\"index, follow, max-snippet:-1, max-image-preview:large, max-video-preview:-1\" \/>\n<link rel=\"canonical\" href=\"https:\/\/www.bellunopress.it\/fr\/2009\/11\/17\/\u201cstratosferica\u201d-mostra-personale-di-gianfranco-meggiato-al-museo-della-torre-dell\u2019orologio-\u2013-palazzo-anselmi-a-vittorio-veneto\/\" \/>\n<meta property=\"og:locale\" content=\"fr_FR\" \/>\n<meta property=\"og:type\" content=\"article\" \/>\n<meta property=\"og:title\" content=\"\u201cStratosferica\u201d mostra personale di Gianfranco Meggiato al Museo della Torre dell\u2019Orologio \u2013 Palazzo Anselmi a Vittorio Veneto - Bellunopress - Dolomiti\" \/>\n<meta property=\"og:description\" content=\"Continuer\u00e0 da gioved\u00ec 19 Novembre fino a domenica 13 Dicembre la mostra personale di Gianfranco Meggiato\u00a0 \u201cSTRATOSFERICA\u201d presso il prestigioso spazio del Museo della Torre dell\u2019Orologio a Serravalle di Vittorio Veneto (TV) La mostra \u00e8 aperta dal venerd\u00ec alla domenica dalle 16 alle 19:00 e la mattina di domenica dalle 10:30 alle 12:30. Per chi [&hellip;]\" \/>\n<meta property=\"og:url\" content=\"https:\/\/www.bellunopress.it\/fr\/2009\/11\/17\/\u201cstratosferica\u201d-mostra-personale-di-gianfranco-meggiato-al-museo-della-torre-dell\u2019orologio-\u2013-palazzo-anselmi-a-vittorio-veneto\/\" \/>\n<meta property=\"og:site_name\" content=\"Bellunopress - Dolomiti\" \/>\n<meta property=\"article:publisher\" content=\"https:\/\/www.facebook.com\/profile.php?id=100008943462799\" \/>\n<meta property=\"article:published_time\" content=\"2009-11-17T21:51:37+00:00\" \/>\n<meta property=\"og:image\" content=\"http:\/\/www.bellunopress.it\/wp-content\/uploads\/2012\/07\/logo-bellunopress-250x250-2012.jpg\" \/>\n<meta name=\"author\" content=\"redazione\" \/>\n<meta name=\"twitter:card\" content=\"summary_large_image\" \/>\n<meta name=\"twitter:creator\" content=\"@bellunopress\" \/>\n<meta name=\"twitter:site\" content=\"@bellunopress\" \/>\n<meta name=\"twitter:label1\" content=\"\u00c9crit par\" \/>\n\t<meta name=\"twitter:data1\" content=\"redazione\" \/>\n\t<meta name=\"twitter:label2\" content=\"Dur\u00e9e de lecture estim\u00e9e\" \/>\n\t<meta name=\"twitter:data2\" content=\"3 minutes\" \/>\n<script type=\"application\/ld+json\" class=\"yoast-schema-graph\">{\"@context\":\"https:\\\/\\\/schema.org\",\"@graph\":[{\"@type\":\"Article\",\"@id\":\"https:\\\/\\\/www.bellunopress.it\\\/2009\\\/11\\\/17\\\/%e2%80%9cstratosferica%e2%80%9d-mostra-personale-di-gianfranco-meggiato-al-museo-della-torre-dell%e2%80%99orologio-%e2%80%93-palazzo-anselmi-a-vittorio-veneto\\\/#article\",\"isPartOf\":{\"@id\":\"https:\\\/\\\/www.bellunopress.it\\\/2009\\\/11\\\/17\\\/%e2%80%9cstratosferica%e2%80%9d-mostra-personale-di-gianfranco-meggiato-al-museo-della-torre-dell%e2%80%99orologio-%e2%80%93-palazzo-anselmi-a-vittorio-veneto\\\/\"},\"author\":{\"name\":\"redazione\",\"@id\":\"https:\\\/\\\/www.bellunopress.it\\\/#\\\/schema\\\/person\\\/79bb06722b37ece1c03d3e94beb30d73\"},\"headline\":\"\u201cStratosferica\u201d mostra personale di Gianfranco Meggiato al Museo della Torre dell\u2019Orologio \u2013 Palazzo Anselmi a Vittorio Veneto\",\"datePublished\":\"2009-11-17T21:51:37+00:00\",\"mainEntityOfPage\":{\"@id\":\"https:\\\/\\\/www.bellunopress.it\\\/2009\\\/11\\\/17\\\/%e2%80%9cstratosferica%e2%80%9d-mostra-personale-di-gianfranco-meggiato-al-museo-della-torre-dell%e2%80%99orologio-%e2%80%93-palazzo-anselmi-a-vittorio-veneto\\\/\"},\"wordCount\":626,\"publisher\":{\"@id\":\"https:\\\/\\\/www.bellunopress.it\\\/#organization\"},\"articleSection\":[\"Arte, Cultura, Spettacoli, Scienza\",\"Pausa Caff\u00e8\"],\"inLanguage\":\"fr-FR\"},{\"@type\":\"WebPage\",\"@id\":\"https:\\\/\\\/www.bellunopress.it\\\/2009\\\/11\\\/17\\\/%e2%80%9cstratosferica%e2%80%9d-mostra-personale-di-gianfranco-meggiato-al-museo-della-torre-dell%e2%80%99orologio-%e2%80%93-palazzo-anselmi-a-vittorio-veneto\\\/\",\"url\":\"https:\\\/\\\/www.bellunopress.it\\\/2009\\\/11\\\/17\\\/%e2%80%9cstratosferica%e2%80%9d-mostra-personale-di-gianfranco-meggiato-al-museo-della-torre-dell%e2%80%99orologio-%e2%80%93-palazzo-anselmi-a-vittorio-veneto\\\/\",\"name\":\"\u201cStratosferica\u201d mostra personale di Gianfranco Meggiato al Museo della Torre dell\u2019Orologio \u2013 Palazzo Anselmi a Vittorio Veneto - Bellunopress - Dolomiti\",\"isPartOf\":{\"@id\":\"https:\\\/\\\/www.bellunopress.it\\\/#website\"},\"datePublished\":\"2009-11-17T21:51:37+00:00\",\"breadcrumb\":{\"@id\":\"https:\\\/\\\/www.bellunopress.it\\\/2009\\\/11\\\/17\\\/%e2%80%9cstratosferica%e2%80%9d-mostra-personale-di-gianfranco-meggiato-al-museo-della-torre-dell%e2%80%99orologio-%e2%80%93-palazzo-anselmi-a-vittorio-veneto\\\/#breadcrumb\"},\"inLanguage\":\"fr-FR\",\"potentialAction\":[{\"@type\":\"ReadAction\",\"target\":[\"https:\\\/\\\/www.bellunopress.it\\\/2009\\\/11\\\/17\\\/%e2%80%9cstratosferica%e2%80%9d-mostra-personale-di-gianfranco-meggiato-al-museo-della-torre-dell%e2%80%99orologio-%e2%80%93-palazzo-anselmi-a-vittorio-veneto\\\/\"]}]},{\"@type\":\"BreadcrumbList\",\"@id\":\"https:\\\/\\\/www.bellunopress.it\\\/2009\\\/11\\\/17\\\/%e2%80%9cstratosferica%e2%80%9d-mostra-personale-di-gianfranco-meggiato-al-museo-della-torre-dell%e2%80%99orologio-%e2%80%93-palazzo-anselmi-a-vittorio-veneto\\\/#breadcrumb\",\"itemListElement\":[{\"@type\":\"ListItem\",\"position\":1,\"name\":\"Home\",\"item\":\"https:\\\/\\\/www.bellunopress.it\\\/\"},{\"@type\":\"ListItem\",\"position\":2,\"name\":\"\u201cStratosferica\u201d mostra personale di Gianfranco Meggiato al Museo della Torre dell\u2019Orologio \u2013 Palazzo Anselmi a Vittorio Veneto\"}]},{\"@type\":\"WebSite\",\"@id\":\"https:\\\/\\\/www.bellunopress.it\\\/#website\",\"url\":\"https:\\\/\\\/www.bellunopress.it\\\/\",\"name\":\"Bellunopress - Dolomiti\",\"description\":\"e-mail: redazione@bellunopress.it\",\"publisher\":{\"@id\":\"https:\\\/\\\/www.bellunopress.it\\\/#organization\"},\"potentialAction\":[{\"@type\":\"SearchAction\",\"target\":{\"@type\":\"EntryPoint\",\"urlTemplate\":\"https:\\\/\\\/www.bellunopress.it\\\/?s={search_term_string}\"},\"query-input\":{\"@type\":\"PropertyValueSpecification\",\"valueRequired\":true,\"valueName\":\"search_term_string\"}}],\"inLanguage\":\"fr-FR\"},{\"@type\":\"Organization\",\"@id\":\"https:\\\/\\\/www.bellunopress.it\\\/#organization\",\"name\":\"Bellunopress\",\"url\":\"https:\\\/\\\/www.bellunopress.it\\\/\",\"logo\":{\"@type\":\"ImageObject\",\"inLanguage\":\"fr-FR\",\"@id\":\"https:\\\/\\\/www.bellunopress.it\\\/#\\\/schema\\\/logo\\\/image\\\/\",\"url\":\"https:\\\/\\\/www.bellunopress.it\\\/wp-content\\\/uploads\\\/2011\\\/05\\\/cropped-logo-bellunopress-.jpg\",\"contentUrl\":\"https:\\\/\\\/www.bellunopress.it\\\/wp-content\\\/uploads\\\/2011\\\/05\\\/cropped-logo-bellunopress-.jpg\",\"width\":512,\"height\":512,\"caption\":\"Bellunopress\"},\"image\":{\"@id\":\"https:\\\/\\\/www.bellunopress.it\\\/#\\\/schema\\\/logo\\\/image\\\/\"},\"sameAs\":[\"https:\\\/\\\/www.facebook.com\\\/profile.php?id=100008943462799\",\"https:\\\/\\\/x.com\\\/bellunopress\",\"https:\\\/\\\/www.linkedin.com\\\/hp\\\/?dnr=JBzUWaJfMUw8vbXJJ2tVW5-I3jZKvC4wsoxE&amp;amp;amp;amp;amp;amp;trk=nav_responsive_tab_home\",\"https:\\\/\\\/www.youtube.com\\\/channel\\\/UCxL0wu1uN0_3_7hGG0306cw\"]},{\"@type\":\"Person\",\"@id\":\"https:\\\/\\\/www.bellunopress.it\\\/#\\\/schema\\\/person\\\/79bb06722b37ece1c03d3e94beb30d73\",\"name\":\"redazione\",\"image\":{\"@type\":\"ImageObject\",\"inLanguage\":\"fr-FR\",\"@id\":\"https:\\\/\\\/secure.gravatar.com\\\/avatar\\\/37d968a2e67a6fd04c169c4bdef102d0bc5d31b2546345219e348575eb80e9a0?s=96&d=mm&r=g\",\"url\":\"https:\\\/\\\/secure.gravatar.com\\\/avatar\\\/37d968a2e67a6fd04c169c4bdef102d0bc5d31b2546345219e348575eb80e9a0?s=96&d=mm&r=g\",\"contentUrl\":\"https:\\\/\\\/secure.gravatar.com\\\/avatar\\\/37d968a2e67a6fd04c169c4bdef102d0bc5d31b2546345219e348575eb80e9a0?s=96&d=mm&r=g\",\"caption\":\"redazione\"},\"sameAs\":[\"http:\\\/\\\/www.bellunopress.it\",\"https:\\\/\\\/x.com\\\/bellunopress\"],\"url\":\"https:\\\/\\\/www.bellunopress.it\\\/fr\\\/author\\\/redazione\\\/\"}]}<\/script>\n<!-- \/ Yoast SEO plugin. -->","yoast_head_json":{"title":"\u201cStratosferica\u201d mostra personale di Gianfranco Meggiato al Museo della Torre dell\u2019Orologio \u2013 Palazzo Anselmi a Vittorio Veneto - Bellunopress - Dolomiti","robots":{"index":"index","follow":"follow","max-snippet":"max-snippet:-1","max-image-preview":"max-image-preview:large","max-video-preview":"max-video-preview:-1"},"canonical":"https:\/\/www.bellunopress.it\/fr\/2009\/11\/17\/\u201cstratosferica\u201d-mostra-personale-di-gianfranco-meggiato-al-museo-della-torre-dell\u2019orologio-\u2013-palazzo-anselmi-a-vittorio-veneto\/","og_locale":"fr_FR","og_type":"article","og_title":"\u201cStratosferica\u201d mostra personale di Gianfranco Meggiato al Museo della Torre dell\u2019Orologio \u2013 Palazzo Anselmi a Vittorio Veneto - Bellunopress - Dolomiti","og_description":"Continuer\u00e0 da gioved\u00ec 19 Novembre fino a domenica 13 Dicembre la mostra personale di Gianfranco Meggiato\u00a0 \u201cSTRATOSFERICA\u201d presso il prestigioso spazio del Museo della Torre dell\u2019Orologio a Serravalle di Vittorio Veneto (TV) La mostra \u00e8 aperta dal venerd\u00ec alla domenica dalle 16 alle 19:00 e la mattina di domenica dalle 10:30 alle 12:30. Per chi [&hellip;]","og_url":"https:\/\/www.bellunopress.it\/fr\/2009\/11\/17\/\u201cstratosferica\u201d-mostra-personale-di-gianfranco-meggiato-al-museo-della-torre-dell\u2019orologio-\u2013-palazzo-anselmi-a-vittorio-veneto\/","og_site_name":"Bellunopress - Dolomiti","article_publisher":"https:\/\/www.facebook.com\/profile.php?id=100008943462799","article_published_time":"2009-11-17T21:51:37+00:00","og_image":[{"url":"http:\/\/www.bellunopress.it\/wp-content\/uploads\/2012\/07\/logo-bellunopress-250x250-2012.jpg","type":"","width":"","height":""}],"author":"redazione","twitter_card":"summary_large_image","twitter_creator":"@bellunopress","twitter_site":"@bellunopress","twitter_misc":{"\u00c9crit par":"redazione","Dur\u00e9e de lecture estim\u00e9e":"3 minutes"},"schema":{"@context":"https:\/\/schema.org","@graph":[{"@type":"Article","@id":"https:\/\/www.bellunopress.it\/2009\/11\/17\/%e2%80%9cstratosferica%e2%80%9d-mostra-personale-di-gianfranco-meggiato-al-museo-della-torre-dell%e2%80%99orologio-%e2%80%93-palazzo-anselmi-a-vittorio-veneto\/#article","isPartOf":{"@id":"https:\/\/www.bellunopress.it\/2009\/11\/17\/%e2%80%9cstratosferica%e2%80%9d-mostra-personale-di-gianfranco-meggiato-al-museo-della-torre-dell%e2%80%99orologio-%e2%80%93-palazzo-anselmi-a-vittorio-veneto\/"},"author":{"name":"redazione","@id":"https:\/\/www.bellunopress.it\/#\/schema\/person\/79bb06722b37ece1c03d3e94beb30d73"},"headline":"\u201cStratosferica\u201d mostra personale di Gianfranco Meggiato al Museo della Torre dell\u2019Orologio \u2013 Palazzo Anselmi a Vittorio Veneto","datePublished":"2009-11-17T21:51:37+00:00","mainEntityOfPage":{"@id":"https:\/\/www.bellunopress.it\/2009\/11\/17\/%e2%80%9cstratosferica%e2%80%9d-mostra-personale-di-gianfranco-meggiato-al-museo-della-torre-dell%e2%80%99orologio-%e2%80%93-palazzo-anselmi-a-vittorio-veneto\/"},"wordCount":626,"publisher":{"@id":"https:\/\/www.bellunopress.it\/#organization"},"articleSection":["Arte, Cultura, Spettacoli, Scienza","Pausa Caff\u00e8"],"inLanguage":"fr-FR"},{"@type":"WebPage","@id":"https:\/\/www.bellunopress.it\/2009\/11\/17\/%e2%80%9cstratosferica%e2%80%9d-mostra-personale-di-gianfranco-meggiato-al-museo-della-torre-dell%e2%80%99orologio-%e2%80%93-palazzo-anselmi-a-vittorio-veneto\/","url":"https:\/\/www.bellunopress.it\/2009\/11\/17\/%e2%80%9cstratosferica%e2%80%9d-mostra-personale-di-gianfranco-meggiato-al-museo-della-torre-dell%e2%80%99orologio-%e2%80%93-palazzo-anselmi-a-vittorio-veneto\/","name":"\u201cStratosferica\u201d mostra personale di Gianfranco Meggiato al Museo della Torre dell\u2019Orologio \u2013 Palazzo Anselmi a Vittorio Veneto - Bellunopress - Dolomiti","isPartOf":{"@id":"https:\/\/www.bellunopress.it\/#website"},"datePublished":"2009-11-17T21:51:37+00:00","breadcrumb":{"@id":"https:\/\/www.bellunopress.it\/2009\/11\/17\/%e2%80%9cstratosferica%e2%80%9d-mostra-personale-di-gianfranco-meggiato-al-museo-della-torre-dell%e2%80%99orologio-%e2%80%93-palazzo-anselmi-a-vittorio-veneto\/#breadcrumb"},"inLanguage":"fr-FR","potentialAction":[{"@type":"ReadAction","target":["https:\/\/www.bellunopress.it\/2009\/11\/17\/%e2%80%9cstratosferica%e2%80%9d-mostra-personale-di-gianfranco-meggiato-al-museo-della-torre-dell%e2%80%99orologio-%e2%80%93-palazzo-anselmi-a-vittorio-veneto\/"]}]},{"@type":"BreadcrumbList","@id":"https:\/\/www.bellunopress.it\/2009\/11\/17\/%e2%80%9cstratosferica%e2%80%9d-mostra-personale-di-gianfranco-meggiato-al-museo-della-torre-dell%e2%80%99orologio-%e2%80%93-palazzo-anselmi-a-vittorio-veneto\/#breadcrumb","itemListElement":[{"@type":"ListItem","position":1,"name":"Home","item":"https:\/\/www.bellunopress.it\/"},{"@type":"ListItem","position":2,"name":"\u201cStratosferica\u201d mostra personale di Gianfranco Meggiato al Museo della Torre dell\u2019Orologio \u2013 Palazzo Anselmi a Vittorio Veneto"}]},{"@type":"WebSite","@id":"https:\/\/www.bellunopress.it\/#website","url":"https:\/\/www.bellunopress.it\/","name":"Bellunopress - Dolomiti","description":"e-mail: redazione@bellunopress.it","publisher":{"@id":"https:\/\/www.bellunopress.it\/#organization"},"potentialAction":[{"@type":"SearchAction","target":{"@type":"EntryPoint","urlTemplate":"https:\/\/www.bellunopress.it\/?s={search_term_string}"},"query-input":{"@type":"PropertyValueSpecification","valueRequired":true,"valueName":"search_term_string"}}],"inLanguage":"fr-FR"},{"@type":"Organization","@id":"https:\/\/www.bellunopress.it\/#organization","name":"Bellunopress","url":"https:\/\/www.bellunopress.it\/","logo":{"@type":"ImageObject","inLanguage":"fr-FR","@id":"https:\/\/www.bellunopress.it\/#\/schema\/logo\/image\/","url":"https:\/\/www.bellunopress.it\/wp-content\/uploads\/2011\/05\/cropped-logo-bellunopress-.jpg","contentUrl":"https:\/\/www.bellunopress.it\/wp-content\/uploads\/2011\/05\/cropped-logo-bellunopress-.jpg","width":512,"height":512,"caption":"Bellunopress"},"image":{"@id":"https:\/\/www.bellunopress.it\/#\/schema\/logo\/image\/"},"sameAs":["https:\/\/www.facebook.com\/profile.php?id=100008943462799","https:\/\/x.com\/bellunopress","https:\/\/www.linkedin.com\/hp\/?dnr=JBzUWaJfMUw8vbXJJ2tVW5-I3jZKvC4wsoxE&amp;amp;amp;amp;amp;amp;trk=nav_responsive_tab_home","https:\/\/www.youtube.com\/channel\/UCxL0wu1uN0_3_7hGG0306cw"]},{"@type":"Person","@id":"https:\/\/www.bellunopress.it\/#\/schema\/person\/79bb06722b37ece1c03d3e94beb30d73","name":"r\u00e9daction","image":{"@type":"ImageObject","inLanguage":"fr-FR","@id":"https:\/\/secure.gravatar.com\/avatar\/37d968a2e67a6fd04c169c4bdef102d0bc5d31b2546345219e348575eb80e9a0?s=96&d=mm&r=g","url":"https:\/\/secure.gravatar.com\/avatar\/37d968a2e67a6fd04c169c4bdef102d0bc5d31b2546345219e348575eb80e9a0?s=96&d=mm&r=g","contentUrl":"https:\/\/secure.gravatar.com\/avatar\/37d968a2e67a6fd04c169c4bdef102d0bc5d31b2546345219e348575eb80e9a0?s=96&d=mm&r=g","caption":"redazione"},"sameAs":["http:\/\/www.bellunopress.it","https:\/\/x.com\/bellunopress"],"url":"https:\/\/www.bellunopress.it\/fr\/author\/redazione\/"}]}},"_links":{"self":[{"href":"https:\/\/www.bellunopress.it\/fr\/wp-json\/wp\/v2\/posts\/9842","targetHints":{"allow":["GET"]}}],"collection":[{"href":"https:\/\/www.bellunopress.it\/fr\/wp-json\/wp\/v2\/posts"}],"about":[{"href":"https:\/\/www.bellunopress.it\/fr\/wp-json\/wp\/v2\/types\/post"}],"author":[{"embeddable":true,"href":"https:\/\/www.bellunopress.it\/fr\/wp-json\/wp\/v2\/users\/2"}],"replies":[{"embeddable":true,"href":"https:\/\/www.bellunopress.it\/fr\/wp-json\/wp\/v2\/comments?post=9842"}],"version-history":[{"count":1,"href":"https:\/\/www.bellunopress.it\/fr\/wp-json\/wp\/v2\/posts\/9842\/revisions"}],"predecessor-version":[{"id":9843,"href":"https:\/\/www.bellunopress.it\/fr\/wp-json\/wp\/v2\/posts\/9842\/revisions\/9843"}],"wp:attachment":[{"href":"https:\/\/www.bellunopress.it\/fr\/wp-json\/wp\/v2\/media?parent=9842"}],"wp:term":[{"taxonomy":"category","embeddable":true,"href":"https:\/\/www.bellunopress.it\/fr\/wp-json\/wp\/v2\/categories?post=9842"},{"taxonomy":"post_tag","embeddable":true,"href":"https:\/\/www.bellunopress.it\/fr\/wp-json\/wp\/v2\/tags?post=9842"}],"curies":[{"name":"wp","href":"https:\/\/api.w.org\/{rel}","templated":true}]}}