{"id":98354,"date":"2018-10-02T17:05:34","date_gmt":"2018-10-02T15:05:34","guid":{"rendered":"http:\/\/www.bellunopress.it\/?p=98354"},"modified":"2018-10-02T17:05:34","modified_gmt":"2018-10-02T15:05:34","slug":"riaperti-i-termini-per-partecipare-al-concorso-pubblico-al-comune-di-feltre","status":"publish","type":"post","link":"https:\/\/www.bellunopress.it\/fr\/2018\/10\/02\/riaperti-i-termini-per-partecipare-al-concorso-pubblico-al-comune-di-feltre\/","title":{"rendered":"Riaperti i termini per partecipare al concorso pubblico al Comune di Feltre"},"content":{"rendered":"<p align=\"LEFT\"><a href=\"http:\/\/www.bellunopress.it\/fr\/2010\/10\/11\/feltre-proclamazione-del-lutto-cittadino-domani-martedi-12-ottobre\/feltre-2\/\" rel=\"attachment wp-att-20043\"><img loading=\"lazy\" decoding=\"async\" class=\"alignleft size-full wp-image-20043\" src=\"http:\/\/www.bellunopress.it\/wp-content\/uploads\/2010\/10\/feltre.jpg\" alt=\"\" width=\"140\" height=\"107\" \/><\/a>Il Comune di Feltre (BL) ha indetto la riapertura del termine di presentazione delle domande del seguente concorso pubblico:<\/p>\n<p align=\"LEFT\">CONCORSO PUBBLICO, PER SOLI ESAMI, PER L\u2019ASSUNZIONE A TEMPO INDETERMINATO DI N. 1 ISTRUTTORE DIRETTIVO TECNICO \u2013 CATEGORIA D \u2013 ISTRUTTORE DIRETTIVO &#8211; PRESSO L\u2019U.O. AMBIENTE DEL SETTORE GESTIONE DEL TERRITORIO (gi\u00e0 bandito con avviso del 07\/08\/2018 \u2013 prot. n. 16626).<\/p>\n<p align=\"LEFT\">REQUISITI RICHIESTI:<\/p>\n<ul>\n<li>\n<p align=\"LEFT\">il possesso dei titoli di studio (o titoli ad essi equipollenti), come riportati nel testo del bando.<\/p>\n<\/li>\n<\/ul>\n<p align=\"LEFT\">Sono stati integrati i titoli di studio richiesti per la partecipazione al concorso pubblico sopra indicato, ammettendo anche le lauree in chimica &#8211; chimica industriale e scienze geologiche.<\/p>\n<ul>\n<li>\n<p align=\"LEFT\">il possesso di: patente di guida di cat. B.<\/p>\n<\/li>\n<\/ul>\n<p align=\"LEFT\">SCADENZA PRESENTAZIONE DOMANDE: entro le ore 12.00 del trentesimo giorno successivo alla data di pubblicazione dell\u2019avviso di riapertura del termine nella Gazzetta Ufficiale della Repubblica Italiana.<\/p>\n<p align=\"LEFT\">La data certa di scadenza per la presentazione delle domande sar\u00e0 pubblicata sul sito del Comune di Feltre al seguente indirizzo <a href=\"http:\/\/www.comune.feltre.bl.it\/\">www.comune.feltre.bl.it<\/a> (link: Amministrazione Trasparente \u2013 Bandi di concorso).<\/p>\n<p align=\"LEFT\">Le domande di partecipazione presentate entro il termine originario di scadenza (ore 12.00 del 17\/09\/2018) restano acquisite, pertanto i candidati che hanno gi\u00e0 inoltrato la domanda di ammissione sulla base del precedente avviso non sono tenuti alla ripresentazione di nuova istanza.<\/p>\n<p align=\"LEFT\">CALENDARIO EVENTUALE PRESELEZIONE E PROVE D\u2019ESAME:<\/p>\n<p align=\"LEFT\">Il calendario (con indicazione di luogo \u2013 data \u2013 ora) della preselezione (qualora venga espletata), della prova scritta, della prova teorico-pratica e della prova orale sar\u00e0 pubblicato sul sito internet del Comune di Feltre al seguente indirizzo <a href=\"http:\/\/www.comune.feltre.bl.it\/\">www.comune.feltre.bl.it<\/a> (link: Amministrazione Trasparente \u2013 Bandi di concorso), con un preavviso di 15 giorni (naturali\/consecutivi) rispetto alla data della preselezione (qualora venga espletata) o della prima prova scritta.<\/p>\n<p align=\"LEFT\">Il bando integrale \u00e8 scaricabile dal sito del Comune di Feltre <span lang=\"zxx\"><a href=\"http:\/\/www.comune.feltr.bl.it\/\">www.comune.feltre.bl.it<\/a><\/span> (link: Amministrazione Trasparente \u2013 Bandi di concorso).<\/p>\n<p align=\"LEFT\">Per informazioni rivolgersi all&#8217;Ufficio del Personale del Comune di Feltre &#8211; Tel. 0439\/885223.<\/p>","protected":false},"excerpt":{"rendered":"<p>Il Comune di Feltre (BL) ha indetto la riapertura del termine di presentazione delle domande del seguente concorso pubblico: CONCORSO PUBBLICO, PER SOLI ESAMI, PER L\u2019ASSUNZIONE A TEMPO INDETERMINATO DI N. 1 ISTRUTTORE DIRETTIVO TECNICO \u2013 CATEGORIA D \u2013 ISTRUTTORE DIRETTIVO &#8211; PRESSO L\u2019U.O. AMBIENTE DEL SETTORE GESTIONE DEL TERRITORIO (gi\u00e0 bandito con avviso del [&hellip;]<\/p>\n","protected":false},"author":2,"featured_media":0,"comment_status":"closed","ping_status":"open","sticky":false,"template":"","format":"standard","meta":{"footnotes":""},"categories":[26,8],"tags":[],"class_list":["post-98354","post","type-post","status-publish","format-standard","category-prima-pagina","category-societa-istituzioni"],"yoast_head":"<!-- This site is optimized with the Yoast SEO plugin v28.4 - https:\/\/yoast.com\/product\/yoast-seo-wordpress\/ -->\n<title>Riaperti i termini per partecipare al concorso pubblico al Comune di Feltre - Bellunopress - Dolomiti<\/title>\n<meta name=\"robots\" content=\"index, follow, max-snippet:-1, max-image-preview:large, max-video-preview:-1\" \/>\n<link rel=\"canonical\" href=\"https:\/\/www.bellunopress.it\/fr\/2018\/10\/02\/riaperti-i-termini-per-partecipare-al-concorso-pubblico-al-comune-di-feltre\/\" \/>\n<meta property=\"og:locale\" content=\"fr_FR\" \/>\n<meta property=\"og:type\" content=\"article\" \/>\n<meta property=\"og:title\" content=\"Riaperti i termini per partecipare al concorso pubblico al Comune di Feltre - Bellunopress - Dolomiti\" \/>\n<meta property=\"og:description\" content=\"Il Comune di Feltre (BL) ha indetto la riapertura del termine di presentazione delle domande del seguente concorso pubblico: CONCORSO PUBBLICO, PER SOLI ESAMI, PER L\u2019ASSUNZIONE A TEMPO INDETERMINATO DI N. 1 ISTRUTTORE DIRETTIVO TECNICO \u2013 CATEGORIA D \u2013 ISTRUTTORE DIRETTIVO &#8211; PRESSO L\u2019U.O. AMBIENTE DEL SETTORE GESTIONE DEL TERRITORIO (gi\u00e0 bandito con avviso del [&hellip;]\" \/>\n<meta property=\"og:url\" content=\"https:\/\/www.bellunopress.it\/fr\/2018\/10\/02\/riaperti-i-termini-per-partecipare-al-concorso-pubblico-al-comune-di-feltre\/\" \/>\n<meta property=\"og:site_name\" content=\"Bellunopress - Dolomiti\" \/>\n<meta property=\"article:publisher\" content=\"https:\/\/www.facebook.com\/profile.php?id=100008943462799\" \/>\n<meta property=\"article:published_time\" content=\"2018-10-02T15:05:34+00:00\" \/>\n<meta property=\"og:image\" content=\"http:\/\/www.bellunopress.it\/wp-content\/uploads\/2010\/10\/feltre.jpg\" \/>\n<meta name=\"author\" content=\"redazione\" \/>\n<meta name=\"twitter:card\" content=\"summary_large_image\" \/>\n<meta name=\"twitter:creator\" content=\"@bellunopress\" \/>\n<meta name=\"twitter:site\" content=\"@bellunopress\" \/>\n<meta name=\"twitter:label1\" content=\"\u00c9crit par\" \/>\n\t<meta name=\"twitter:data1\" content=\"redazione\" \/>\n\t<meta name=\"twitter:label2\" content=\"Dur\u00e9e de lecture estim\u00e9e\" \/>\n\t<meta name=\"twitter:data2\" content=\"2 minutes\" \/>\n<script type=\"application\/ld+json\" class=\"yoast-schema-graph\">{\"@context\":\"https:\\\/\\\/schema.org\",\"@graph\":[{\"@type\":\"Article\",\"@id\":\"https:\\\/\\\/www.bellunopress.it\\\/2018\\\/10\\\/02\\\/riaperti-i-termini-per-partecipare-al-concorso-pubblico-al-comune-di-feltre\\\/#article\",\"isPartOf\":{\"@id\":\"https:\\\/\\\/www.bellunopress.it\\\/2018\\\/10\\\/02\\\/riaperti-i-termini-per-partecipare-al-concorso-pubblico-al-comune-di-feltre\\\/\"},\"author\":{\"name\":\"redazione\",\"@id\":\"https:\\\/\\\/www.bellunopress.it\\\/#\\\/schema\\\/person\\\/79bb06722b37ece1c03d3e94beb30d73\"},\"headline\":\"Riaperti i termini per partecipare al concorso pubblico al Comune di Feltre\",\"datePublished\":\"2018-10-02T15:05:34+00:00\",\"mainEntityOfPage\":{\"@id\":\"https:\\\/\\\/www.bellunopress.it\\\/2018\\\/10\\\/02\\\/riaperti-i-termini-per-partecipare-al-concorso-pubblico-al-comune-di-feltre\\\/\"},\"wordCount\":329,\"publisher\":{\"@id\":\"https:\\\/\\\/www.bellunopress.it\\\/#organization\"},\"image\":{\"@id\":\"https:\\\/\\\/www.bellunopress.it\\\/2018\\\/10\\\/02\\\/riaperti-i-termini-per-partecipare-al-concorso-pubblico-al-comune-di-feltre\\\/#primaryimage\"},\"thumbnailUrl\":\"http:\\\/\\\/www.bellunopress.it\\\/wp-content\\\/uploads\\\/2010\\\/10\\\/feltre.jpg\",\"articleSection\":[\"Prima Pagina\",\"Societ\u00e0, Associazioni, Istituzioni\"],\"inLanguage\":\"fr-FR\"},{\"@type\":\"WebPage\",\"@id\":\"https:\\\/\\\/www.bellunopress.it\\\/2018\\\/10\\\/02\\\/riaperti-i-termini-per-partecipare-al-concorso-pubblico-al-comune-di-feltre\\\/\",\"url\":\"https:\\\/\\\/www.bellunopress.it\\\/2018\\\/10\\\/02\\\/riaperti-i-termini-per-partecipare-al-concorso-pubblico-al-comune-di-feltre\\\/\",\"name\":\"Riaperti i termini per partecipare al concorso pubblico al Comune di Feltre - Bellunopress - Dolomiti\",\"isPartOf\":{\"@id\":\"https:\\\/\\\/www.bellunopress.it\\\/#website\"},\"primaryImageOfPage\":{\"@id\":\"https:\\\/\\\/www.bellunopress.it\\\/2018\\\/10\\\/02\\\/riaperti-i-termini-per-partecipare-al-concorso-pubblico-al-comune-di-feltre\\\/#primaryimage\"},\"image\":{\"@id\":\"https:\\\/\\\/www.bellunopress.it\\\/2018\\\/10\\\/02\\\/riaperti-i-termini-per-partecipare-al-concorso-pubblico-al-comune-di-feltre\\\/#primaryimage\"},\"thumbnailUrl\":\"http:\\\/\\\/www.bellunopress.it\\\/wp-content\\\/uploads\\\/2010\\\/10\\\/feltre.jpg\",\"datePublished\":\"2018-10-02T15:05:34+00:00\",\"breadcrumb\":{\"@id\":\"https:\\\/\\\/www.bellunopress.it\\\/2018\\\/10\\\/02\\\/riaperti-i-termini-per-partecipare-al-concorso-pubblico-al-comune-di-feltre\\\/#breadcrumb\"},\"inLanguage\":\"fr-FR\",\"potentialAction\":[{\"@type\":\"ReadAction\",\"target\":[\"https:\\\/\\\/www.bellunopress.it\\\/2018\\\/10\\\/02\\\/riaperti-i-termini-per-partecipare-al-concorso-pubblico-al-comune-di-feltre\\\/\"]}]},{\"@type\":\"ImageObject\",\"inLanguage\":\"fr-FR\",\"@id\":\"https:\\\/\\\/www.bellunopress.it\\\/2018\\\/10\\\/02\\\/riaperti-i-termini-per-partecipare-al-concorso-pubblico-al-comune-di-feltre\\\/#primaryimage\",\"url\":\"http:\\\/\\\/www.bellunopress.it\\\/wp-content\\\/uploads\\\/2010\\\/10\\\/feltre.jpg\",\"contentUrl\":\"http:\\\/\\\/www.bellunopress.it\\\/wp-content\\\/uploads\\\/2010\\\/10\\\/feltre.jpg\"},{\"@type\":\"BreadcrumbList\",\"@id\":\"https:\\\/\\\/www.bellunopress.it\\\/2018\\\/10\\\/02\\\/riaperti-i-termini-per-partecipare-al-concorso-pubblico-al-comune-di-feltre\\\/#breadcrumb\",\"itemListElement\":[{\"@type\":\"ListItem\",\"position\":1,\"name\":\"Home\",\"item\":\"https:\\\/\\\/www.bellunopress.it\\\/\"},{\"@type\":\"ListItem\",\"position\":2,\"name\":\"Riaperti i termini per partecipare al concorso pubblico al Comune di Feltre\"}]},{\"@type\":\"WebSite\",\"@id\":\"https:\\\/\\\/www.bellunopress.it\\\/#website\",\"url\":\"https:\\\/\\\/www.bellunopress.it\\\/\",\"name\":\"Bellunopress - Dolomiti\",\"description\":\"e-mail: redazione@bellunopress.it\",\"publisher\":{\"@id\":\"https:\\\/\\\/www.bellunopress.it\\\/#organization\"},\"potentialAction\":[{\"@type\":\"SearchAction\",\"target\":{\"@type\":\"EntryPoint\",\"urlTemplate\":\"https:\\\/\\\/www.bellunopress.it\\\/?s={search_term_string}\"},\"query-input\":{\"@type\":\"PropertyValueSpecification\",\"valueRequired\":true,\"valueName\":\"search_term_string\"}}],\"inLanguage\":\"fr-FR\"},{\"@type\":\"Organization\",\"@id\":\"https:\\\/\\\/www.bellunopress.it\\\/#organization\",\"name\":\"Bellunopress\",\"url\":\"https:\\\/\\\/www.bellunopress.it\\\/\",\"logo\":{\"@type\":\"ImageObject\",\"inLanguage\":\"fr-FR\",\"@id\":\"https:\\\/\\\/www.bellunopress.it\\\/#\\\/schema\\\/logo\\\/image\\\/\",\"url\":\"https:\\\/\\\/www.bellunopress.it\\\/wp-content\\\/uploads\\\/2011\\\/05\\\/cropped-logo-bellunopress-.jpg\",\"contentUrl\":\"https:\\\/\\\/www.bellunopress.it\\\/wp-content\\\/uploads\\\/2011\\\/05\\\/cropped-logo-bellunopress-.jpg\",\"width\":512,\"height\":512,\"caption\":\"Bellunopress\"},\"image\":{\"@id\":\"https:\\\/\\\/www.bellunopress.it\\\/#\\\/schema\\\/logo\\\/image\\\/\"},\"sameAs\":[\"https:\\\/\\\/www.facebook.com\\\/profile.php?id=100008943462799\",\"https:\\\/\\\/x.com\\\/bellunopress\",\"https:\\\/\\\/www.linkedin.com\\\/hp\\\/?dnr=JBzUWaJfMUw8vbXJJ2tVW5-I3jZKvC4wsoxE&amp;amp;amp;amp;amp;amp;trk=nav_responsive_tab_home\",\"https:\\\/\\\/www.youtube.com\\\/channel\\\/UCxL0wu1uN0_3_7hGG0306cw\"]},{\"@type\":\"Person\",\"@id\":\"https:\\\/\\\/www.bellunopress.it\\\/#\\\/schema\\\/person\\\/79bb06722b37ece1c03d3e94beb30d73\",\"name\":\"redazione\",\"image\":{\"@type\":\"ImageObject\",\"inLanguage\":\"fr-FR\",\"@id\":\"https:\\\/\\\/secure.gravatar.com\\\/avatar\\\/37d968a2e67a6fd04c169c4bdef102d0bc5d31b2546345219e348575eb80e9a0?s=96&d=mm&r=g\",\"url\":\"https:\\\/\\\/secure.gravatar.com\\\/avatar\\\/37d968a2e67a6fd04c169c4bdef102d0bc5d31b2546345219e348575eb80e9a0?s=96&d=mm&r=g\",\"contentUrl\":\"https:\\\/\\\/secure.gravatar.com\\\/avatar\\\/37d968a2e67a6fd04c169c4bdef102d0bc5d31b2546345219e348575eb80e9a0?s=96&d=mm&r=g\",\"caption\":\"redazione\"},\"sameAs\":[\"http:\\\/\\\/www.bellunopress.it\",\"https:\\\/\\\/x.com\\\/bellunopress\"],\"url\":\"https:\\\/\\\/www.bellunopress.it\\\/fr\\\/author\\\/redazione\\\/\"}]}<\/script>\n<!-- \/ Yoast SEO plugin. -->","yoast_head_json":{"title":"Riaperti i termini per partecipare al concorso pubblico al Comune di Feltre - Bellunopress - Dolomiti","robots":{"index":"index","follow":"follow","max-snippet":"max-snippet:-1","max-image-preview":"max-image-preview:large","max-video-preview":"max-video-preview:-1"},"canonical":"https:\/\/www.bellunopress.it\/fr\/2018\/10\/02\/riaperti-i-termini-per-partecipare-al-concorso-pubblico-al-comune-di-feltre\/","og_locale":"fr_FR","og_type":"article","og_title":"Riaperti i termini per partecipare al concorso pubblico al Comune di Feltre - Bellunopress - Dolomiti","og_description":"Il Comune di Feltre (BL) ha indetto la riapertura del termine di presentazione delle domande del seguente concorso pubblico: CONCORSO PUBBLICO, PER SOLI ESAMI, PER L\u2019ASSUNZIONE A TEMPO INDETERMINATO DI N. 1 ISTRUTTORE DIRETTIVO TECNICO \u2013 CATEGORIA D \u2013 ISTRUTTORE DIRETTIVO &#8211; PRESSO L\u2019U.O. AMBIENTE DEL SETTORE GESTIONE DEL TERRITORIO (gi\u00e0 bandito con avviso del [&hellip;]","og_url":"https:\/\/www.bellunopress.it\/fr\/2018\/10\/02\/riaperti-i-termini-per-partecipare-al-concorso-pubblico-al-comune-di-feltre\/","og_site_name":"Bellunopress - Dolomiti","article_publisher":"https:\/\/www.facebook.com\/profile.php?id=100008943462799","article_published_time":"2018-10-02T15:05:34+00:00","og_image":[{"url":"http:\/\/www.bellunopress.it\/wp-content\/uploads\/2010\/10\/feltre.jpg","type":"","width":"","height":""}],"author":"redazione","twitter_card":"summary_large_image","twitter_creator":"@bellunopress","twitter_site":"@bellunopress","twitter_misc":{"\u00c9crit par":"redazione","Dur\u00e9e de lecture estim\u00e9e":"2 minutes"},"schema":{"@context":"https:\/\/schema.org","@graph":[{"@type":"Article","@id":"https:\/\/www.bellunopress.it\/2018\/10\/02\/riaperti-i-termini-per-partecipare-al-concorso-pubblico-al-comune-di-feltre\/#article","isPartOf":{"@id":"https:\/\/www.bellunopress.it\/2018\/10\/02\/riaperti-i-termini-per-partecipare-al-concorso-pubblico-al-comune-di-feltre\/"},"author":{"name":"redazione","@id":"https:\/\/www.bellunopress.it\/#\/schema\/person\/79bb06722b37ece1c03d3e94beb30d73"},"headline":"Riaperti i termini per partecipare al concorso pubblico al Comune di Feltre","datePublished":"2018-10-02T15:05:34+00:00","mainEntityOfPage":{"@id":"https:\/\/www.bellunopress.it\/2018\/10\/02\/riaperti-i-termini-per-partecipare-al-concorso-pubblico-al-comune-di-feltre\/"},"wordCount":329,"publisher":{"@id":"https:\/\/www.bellunopress.it\/#organization"},"image":{"@id":"https:\/\/www.bellunopress.it\/2018\/10\/02\/riaperti-i-termini-per-partecipare-al-concorso-pubblico-al-comune-di-feltre\/#primaryimage"},"thumbnailUrl":"http:\/\/www.bellunopress.it\/wp-content\/uploads\/2010\/10\/feltre.jpg","articleSection":["Prima Pagina","Societ\u00e0, Associazioni, Istituzioni"],"inLanguage":"fr-FR"},{"@type":"WebPage","@id":"https:\/\/www.bellunopress.it\/2018\/10\/02\/riaperti-i-termini-per-partecipare-al-concorso-pubblico-al-comune-di-feltre\/","url":"https:\/\/www.bellunopress.it\/2018\/10\/02\/riaperti-i-termini-per-partecipare-al-concorso-pubblico-al-comune-di-feltre\/","name":"Riaperti i termini per partecipare al concorso pubblico al Comune di Feltre - Bellunopress - Dolomiti","isPartOf":{"@id":"https:\/\/www.bellunopress.it\/#website"},"primaryImageOfPage":{"@id":"https:\/\/www.bellunopress.it\/2018\/10\/02\/riaperti-i-termini-per-partecipare-al-concorso-pubblico-al-comune-di-feltre\/#primaryimage"},"image":{"@id":"https:\/\/www.bellunopress.it\/2018\/10\/02\/riaperti-i-termini-per-partecipare-al-concorso-pubblico-al-comune-di-feltre\/#primaryimage"},"thumbnailUrl":"http:\/\/www.bellunopress.it\/wp-content\/uploads\/2010\/10\/feltre.jpg","datePublished":"2018-10-02T15:05:34+00:00","breadcrumb":{"@id":"https:\/\/www.bellunopress.it\/2018\/10\/02\/riaperti-i-termini-per-partecipare-al-concorso-pubblico-al-comune-di-feltre\/#breadcrumb"},"inLanguage":"fr-FR","potentialAction":[{"@type":"ReadAction","target":["https:\/\/www.bellunopress.it\/2018\/10\/02\/riaperti-i-termini-per-partecipare-al-concorso-pubblico-al-comune-di-feltre\/"]}]},{"@type":"ImageObject","inLanguage":"fr-FR","@id":"https:\/\/www.bellunopress.it\/2018\/10\/02\/riaperti-i-termini-per-partecipare-al-concorso-pubblico-al-comune-di-feltre\/#primaryimage","url":"http:\/\/www.bellunopress.it\/wp-content\/uploads\/2010\/10\/feltre.jpg","contentUrl":"http:\/\/www.bellunopress.it\/wp-content\/uploads\/2010\/10\/feltre.jpg"},{"@type":"BreadcrumbList","@id":"https:\/\/www.bellunopress.it\/2018\/10\/02\/riaperti-i-termini-per-partecipare-al-concorso-pubblico-al-comune-di-feltre\/#breadcrumb","itemListElement":[{"@type":"ListItem","position":1,"name":"Home","item":"https:\/\/www.bellunopress.it\/"},{"@type":"ListItem","position":2,"name":"Riaperti i termini per partecipare al concorso pubblico al Comune di Feltre"}]},{"@type":"WebSite","@id":"https:\/\/www.bellunopress.it\/#website","url":"https:\/\/www.bellunopress.it\/","name":"Bellunopress - Dolomiti","description":"e-mail: redazione@bellunopress.it","publisher":{"@id":"https:\/\/www.bellunopress.it\/#organization"},"potentialAction":[{"@type":"SearchAction","target":{"@type":"EntryPoint","urlTemplate":"https:\/\/www.bellunopress.it\/?s={search_term_string}"},"query-input":{"@type":"PropertyValueSpecification","valueRequired":true,"valueName":"search_term_string"}}],"inLanguage":"fr-FR"},{"@type":"Organization","@id":"https:\/\/www.bellunopress.it\/#organization","name":"Bellunopress","url":"https:\/\/www.bellunopress.it\/","logo":{"@type":"ImageObject","inLanguage":"fr-FR","@id":"https:\/\/www.bellunopress.it\/#\/schema\/logo\/image\/","url":"https:\/\/www.bellunopress.it\/wp-content\/uploads\/2011\/05\/cropped-logo-bellunopress-.jpg","contentUrl":"https:\/\/www.bellunopress.it\/wp-content\/uploads\/2011\/05\/cropped-logo-bellunopress-.jpg","width":512,"height":512,"caption":"Bellunopress"},"image":{"@id":"https:\/\/www.bellunopress.it\/#\/schema\/logo\/image\/"},"sameAs":["https:\/\/www.facebook.com\/profile.php?id=100008943462799","https:\/\/x.com\/bellunopress","https:\/\/www.linkedin.com\/hp\/?dnr=JBzUWaJfMUw8vbXJJ2tVW5-I3jZKvC4wsoxE&amp;amp;amp;amp;amp;amp;trk=nav_responsive_tab_home","https:\/\/www.youtube.com\/channel\/UCxL0wu1uN0_3_7hGG0306cw"]},{"@type":"Person","@id":"https:\/\/www.bellunopress.it\/#\/schema\/person\/79bb06722b37ece1c03d3e94beb30d73","name":"r\u00e9daction","image":{"@type":"ImageObject","inLanguage":"fr-FR","@id":"https:\/\/secure.gravatar.com\/avatar\/37d968a2e67a6fd04c169c4bdef102d0bc5d31b2546345219e348575eb80e9a0?s=96&d=mm&r=g","url":"https:\/\/secure.gravatar.com\/avatar\/37d968a2e67a6fd04c169c4bdef102d0bc5d31b2546345219e348575eb80e9a0?s=96&d=mm&r=g","contentUrl":"https:\/\/secure.gravatar.com\/avatar\/37d968a2e67a6fd04c169c4bdef102d0bc5d31b2546345219e348575eb80e9a0?s=96&d=mm&r=g","caption":"redazione"},"sameAs":["http:\/\/www.bellunopress.it","https:\/\/x.com\/bellunopress"],"url":"https:\/\/www.bellunopress.it\/fr\/author\/redazione\/"}]}},"_links":{"self":[{"href":"https:\/\/www.bellunopress.it\/fr\/wp-json\/wp\/v2\/posts\/98354","targetHints":{"allow":["GET"]}}],"collection":[{"href":"https:\/\/www.bellunopress.it\/fr\/wp-json\/wp\/v2\/posts"}],"about":[{"href":"https:\/\/www.bellunopress.it\/fr\/wp-json\/wp\/v2\/types\/post"}],"author":[{"embeddable":true,"href":"https:\/\/www.bellunopress.it\/fr\/wp-json\/wp\/v2\/users\/2"}],"replies":[{"embeddable":true,"href":"https:\/\/www.bellunopress.it\/fr\/wp-json\/wp\/v2\/comments?post=98354"}],"version-history":[{"count":1,"href":"https:\/\/www.bellunopress.it\/fr\/wp-json\/wp\/v2\/posts\/98354\/revisions"}],"predecessor-version":[{"id":98355,"href":"https:\/\/www.bellunopress.it\/fr\/wp-json\/wp\/v2\/posts\/98354\/revisions\/98355"}],"wp:attachment":[{"href":"https:\/\/www.bellunopress.it\/fr\/wp-json\/wp\/v2\/media?parent=98354"}],"wp:term":[{"taxonomy":"category","embeddable":true,"href":"https:\/\/www.bellunopress.it\/fr\/wp-json\/wp\/v2\/categories?post=98354"},{"taxonomy":"post_tag","embeddable":true,"href":"https:\/\/www.bellunopress.it\/fr\/wp-json\/wp\/v2\/tags?post=98354"}],"curies":[{"name":"wp","href":"https:\/\/api.w.org\/{rel}","templated":true}]}}