{"id":9831,"date":"2009-11-17T21:58:49","date_gmt":"2009-11-17T20:58:49","guid":{"rendered":"http:\/\/www.bellunopress.it\/?p=9831"},"modified":"2009-11-18T08:14:45","modified_gmt":"2009-11-18T07:14:45","slug":"aumentano-i-fondi-per-le-uls-di-belluno-e-feltre-belluno-235955000-nel-2008-229892000","status":"publish","type":"post","link":"https:\/\/www.bellunopress.it\/fr\/2009\/11\/17\/aumentano-i-fondi-per-le-uls-di-belluno-e-feltre-belluno-235955000-nel-2008-229892000\/","title":{"rendered":"Aumentano i fondi per le Uls di Belluno e Feltre: Belluno 235.955.000 (nel 2008, 229.892.000)"},"content":{"rendered":"<p>La Giunta regionale, nella sua seduta odierna su proposta dell\u2019Assessore alla Sanit\u00e0 Sandro Sandri, di concerto con il collega al Sociale Stefano Valdegamberi, ha approvato definitivamente il Riparto del Fondo Sanitario per il 2009, dopo il vaglio della Commissione del Consiglio regionale. Tra le Ullss e Aziende Ospedaliere venete vengono distribuiti 7 miliardi 712 milioni 882 mila euro, contro 7 miliardi 303 milioni del 2008. \u201cSono molti pi\u00f9 soldi dell\u2019anno scorso grazie al grande lavoro fatto a suo tempo in sede di riparto nazionale \u2013 ha detto Sandri \u2013 ed i successi ottenuti con il recente rinnovo del Patto Nazionale per la Salute consentono di prevedere che, nel riparto 2010, potremo inserire aumenti significativi per fare ulteriori passi in avanti nel riequilibrio delle risorse destinate alle diverse Aziende. Anche se l\u2019approvazione ha richiesto tempi che non esito a definire troppo lunghi, ne \u00e8 scaturito un buon provvedimento, nel quale abbiamo tenuto ampio conto delle indicazioni uscite dalla Commissione consiliare, riducendo ulteriormente gi\u00e0 quest\u2019anno il divario tra le varie Ullss\u201d.\u00a0 Secondo Sandri, si tratta di un \u201criparto decisamente innovativo rispetto a quelli che l\u2019hanno preceduto: inizia infatti un cammino di progressivo avvicinamento a quella che sar\u00e0 la realt\u00e0 legata al federalismo fiscale, con l\u2019abbandono del vecchio e ingiusto criterio della spesa storica e con la prospettiva dell\u2019inserimento del criterio dei costi standard. Con questo provvedimento \u2013 aggiunge Sandri \u2013 abbiamo anche definito un modello di riparto che rafforza i criteri legati alla popolazione, al finanziamento delle funzioni non remunerate dalle DRG, ed alle specificit\u00e0 aziendali. Importante notare anche \u2013 dice l\u2019Assessore \u2013 che, introducendo nuovi criteri ed eliminandone altri ritenuti non pi\u00f9 adeguati, abbiamo ottenuto una sensibile diminuzione del divario tra le quote pro capite delle diverse Aziende\u201d. Sandri sottolinea anche l\u2019importanza di altri 2 fattori: il minor peso assegnato alla spesa storica, la cui quota scende nel 2009 all\u20191% per scomparire nel 2010; e l\u2019avvio di un cammino di razionalizzazione della spesa per le Ullss con le pi\u00f9 alte costosit\u00e0. \u201cSi tratta \u2013 precisa Sandri \u2013 di raggiungere un obiettivo di riequilibrio in tempi medi per evitare il collasso di queste strutture. A questo scopo, abbiamo istituito un Fondo di Affiancamento di 41 milioni 100 mila euro, che caler\u00e0 di anno in anno sino ad azzerarsi, ma nel contingente consentir\u00e0 a queste Ullss di agire progressivamente sui propri bilanci, senza intaccare i servizi erogati\u201d. Per quanto riguarda le aree svantaggiate, confermato il criterio del 25% in pi\u00f9 per le aree montane e lagunari, compresa Chioggia, che l\u2019anno scorso ne era rimasta esclusa con corollario di forti polemiche. \u201cAnche qui per\u00f2 \u2013 dice Sandri \u2013 abbiamo ricercato criteri pi\u00f9 oggettivi dei precedenti, come densit\u00e0 e dispersione della popolazione, che determinano effettivamente maggiori costosit\u00e0, criteri che abbiamo applicato anche per le altre Ulss\u201d. Il Riparto comprende anche alcune destinazioni specifiche: 81 milioni 510 mila euro dedicati alle attivit\u00e0 trasfusionali; 19 milioni per le Ullss che svolgono funzioni sovraziendali a valenza provinciale; 15 milioni per lo start up del nuovo Modello Regionale Cure Primarie; oltre 9 milioni e 100 mila euro per innalzare al livello minimo definito la quota pro capite in alcune Ullss.<\/p>\n<p>DETTAGLIO PROPOSTA DI RIPARTO TRA LE ULSS E AZ. OSPEDALIERE<\/p>\n<p>Ulss n. 1 Belluno:\u00a0\u00a0\u00a0\u00a0\u00a0\u00a0\u00a0 235.955.000 (nel 2008, 229.892.000)<br \/>\nUlss n. 2 Feltre:\u00a0\u00a0\u00a0\u00a0\u00a0\u00a0\u00a0\u00a0\u00a0\u00a0 143.757.000 (nel 2008, 138.148.000)<br \/>\nUlss n. 3 Bassano:\u00a0\u00a0\u00a0\u00a0\u00a0\u00a0 274.440.000 (nel 2008 260.952.000)<br \/>\nUlss n. 4 Thiene:\u00a0\u00a0\u00a0\u00a0\u00a0\u00a0\u00a0\u00a0 278.562.000 (nel 2008, 265.793.000)<br \/>\nUlss n. 5 Arzignano:\u00a0\u00a0 261.429.000 (nel 2008, 245.176.000)<br \/>\nUlss n. 6 Vicenza:\u00a0\u00a0\u00a0\u00a0\u00a0\u00a0 498.598.000 (nel 2008, 470.521.000)<br \/>\nUlss n. 7 Pieve di S.:\u00a0\u00a0 326.146.000 (nel 2008, 314.179.000)<br \/>\nUlss n. 8 Asolo:\u00a0\u00a0\u00a0\u00a0\u00a0\u00a0\u00a0\u00a0\u00a0\u00a0 355.541.000 (nel 2008, 336.962.000)<br \/>\nUlss n. 9 Treviso:\u00a0\u00a0\u00a0\u00a0\u00a0\u00a0\u00a0 625.693.000 (nel 2008, 597.627.000)<br \/>\nUlss 10 S. Don\u00e0:\u00a0\u00a0\u00a0\u00a0\u00a0\u00a0\u00a0\u00a0 308.084.000 (nel 2008, 300.351.000)<br \/>\nUlss 12 Veneziana:\u00a0\u00a0\u00a0\u00a0 565.930.000 (nel 2008, 542.865.000)<br \/>\nUlss 13 Mirano:\u00a0\u00a0\u00a0\u00a0\u00a0\u00a0\u00a0\u00a0\u00a0 378.771.000 (nel 2008, 349.088.000)<br \/>\nUlss 14 Chioggia:\u00a0\u00a0\u00a0\u00a0\u00a0\u00a0 205.741.000 (nel 2008, 191.746.000)<br \/>\nUlss 15 Cittadella:\u00a0\u00a0\u00a0\u00a0\u00a0 374.385.000 (nel 2008, 331.688.000)<br \/>\nUlss 16 Padova:\u00a0\u00a0\u00a0\u00a0\u00a0\u00a0\u00a0\u00a0\u00a0 637.867.000 (nel 2008, 609.168.000)<br \/>\nUlss 17 Este:\u00a0\u00a0\u00a0\u00a0\u00a0\u00a0\u00a0\u00a0\u00a0\u00a0\u00a0\u00a0\u00a0\u00a0 282.050.000 (nel 2008, 264.952.000)<br \/>\nUlss 18 Rovigo:\u00a0\u00a0\u00a0\u00a0\u00a0\u00a0\u00a0\u00a0\u00a0 303.727.000 (nel 2008, 283.862.000)<br \/>\nUlss 19 Adria:\u00a0\u00a0\u00a0\u00a0\u00a0\u00a0\u00a0\u00a0\u00a0\u00a0\u00a0\u00a0 127.922.000 (nel 2008, 123.113.000)<br \/>\nUlss 20 Verona:\u00a0\u00a0\u00a0\u00a0\u00a0\u00a0\u00a0\u00a0\u00a0 695.717.000 (nel 2008, 671.322.000)<br \/>\nUlss 21 Legnago:\u00a0\u00a0\u00a0\u00a0\u00a0\u00a0\u00a0 234.786.000 (nel 2008, 220.573.000)<br \/>\nUlss 22 Bussolengo:\u00a0\u00a0 415.222.000 (nel 2008, 392.248.000)<br \/>\nAz. Osp. Padova:\u00a0\u00a0\u00a0\u00a0\u00a0\u00a0\u00a0\u00a0\u00a0 80.617.000 (nel 2008, 77.344.000)<br \/>\nAz. Osp. Verona:\u00a0\u00a0\u00a0\u00a0\u00a0\u00a0\u00a0\u00a0\u00a0 95.246.000 (nel 2008, 79.269.000)<br \/>\nIst. Oncologico V.to:\u00a0\u00a0\u00a0\u00a0\u00a0\u00a0 6.696.000 (nel 2008, 6.630.000)<\/p>","protected":false},"excerpt":{"rendered":"<p>La Giunta regionale, nella sua seduta odierna su proposta dell\u2019Assessore alla Sanit\u00e0 Sandro Sandri, di concerto con il collega al Sociale Stefano Valdegamberi, ha approvato definitivamente il Riparto del Fondo Sanitario per il 2009, dopo il vaglio della Commissione del Consiglio regionale. Tra le Ullss e Aziende Ospedaliere venete vengono distribuiti 7 miliardi 712 milioni [&hellip;]<\/p>\n","protected":false},"author":2,"featured_media":0,"comment_status":"closed","ping_status":"open","sticky":false,"template":"","format":"standard","meta":{"footnotes":""},"categories":[26,17],"tags":[3050],"class_list":["post-9831","post","type-post","status-publish","format-standard","category-prima-pagina","category-sanita","tag-sanita"],"yoast_head":"<!-- This site is optimized with the Yoast SEO plugin v28.4 - https:\/\/yoast.com\/product\/yoast-seo-wordpress\/ -->\n<title>Aumentano i fondi per le Uls di Belluno e Feltre: Belluno 235.955.000 (nel 2008, 229.892.000) - Bellunopress - Dolomiti<\/title>\n<meta name=\"robots\" content=\"index, follow, max-snippet:-1, max-image-preview:large, max-video-preview:-1\" \/>\n<link rel=\"canonical\" href=\"https:\/\/www.bellunopress.it\/fr\/2009\/11\/17\/aumentano-i-fondi-per-le-uls-di-belluno-e-feltre-belluno-235955000-nel-2008-229892000\/\" \/>\n<meta property=\"og:locale\" content=\"fr_FR\" \/>\n<meta property=\"og:type\" content=\"article\" \/>\n<meta property=\"og:title\" content=\"Aumentano i fondi per le Uls di Belluno e Feltre: Belluno 235.955.000 (nel 2008, 229.892.000) - Bellunopress - Dolomiti\" \/>\n<meta property=\"og:description\" content=\"La Giunta regionale, nella sua seduta odierna su proposta dell\u2019Assessore alla Sanit\u00e0 Sandro Sandri, di concerto con il collega al Sociale Stefano Valdegamberi, ha approvato definitivamente il Riparto del Fondo Sanitario per il 2009, dopo il vaglio della Commissione del Consiglio regionale. Tra le Ullss e Aziende Ospedaliere venete vengono distribuiti 7 miliardi 712 milioni [&hellip;]\" \/>\n<meta property=\"og:url\" content=\"https:\/\/www.bellunopress.it\/fr\/2009\/11\/17\/aumentano-i-fondi-per-le-uls-di-belluno-e-feltre-belluno-235955000-nel-2008-229892000\/\" \/>\n<meta property=\"og:site_name\" content=\"Bellunopress - Dolomiti\" \/>\n<meta property=\"article:publisher\" content=\"https:\/\/www.facebook.com\/profile.php?id=100008943462799\" \/>\n<meta property=\"article:published_time\" content=\"2009-11-17T20:58:49+00:00\" \/>\n<meta property=\"article:modified_time\" content=\"2009-11-18T07:14:45+00:00\" \/>\n<meta property=\"og:image\" content=\"http:\/\/www.bellunopress.it\/wp-content\/uploads\/2012\/07\/logo-bellunopress-250x250-2012.jpg\" \/>\n<meta name=\"author\" content=\"redazione\" \/>\n<meta name=\"twitter:card\" content=\"summary_large_image\" \/>\n<meta name=\"twitter:creator\" content=\"@bellunopress\" \/>\n<meta name=\"twitter:site\" content=\"@bellunopress\" \/>\n<meta name=\"twitter:label1\" content=\"Written by\" \/>\n\t<meta name=\"twitter:data1\" content=\"redazione\" \/>\n\t<meta name=\"twitter:label2\" content=\"Est. reading time\" \/>\n\t<meta name=\"twitter:data2\" content=\"3 minutes\" \/>\n<script type=\"application\/ld+json\" class=\"yoast-schema-graph\">{\"@context\":\"https:\\\/\\\/schema.org\",\"@graph\":[{\"@type\":\"Article\",\"@id\":\"https:\\\/\\\/www.bellunopress.it\\\/2009\\\/11\\\/17\\\/aumentano-i-fondi-per-le-uls-di-belluno-e-feltre-belluno-235955000-nel-2008-229892000\\\/#article\",\"isPartOf\":{\"@id\":\"https:\\\/\\\/www.bellunopress.it\\\/2009\\\/11\\\/17\\\/aumentano-i-fondi-per-le-uls-di-belluno-e-feltre-belluno-235955000-nel-2008-229892000\\\/\"},\"author\":{\"name\":\"redazione\",\"@id\":\"https:\\\/\\\/www.bellunopress.it\\\/#\\\/schema\\\/person\\\/79bb06722b37ece1c03d3e94beb30d73\"},\"headline\":\"Aumentano i fondi per le Uls di Belluno e Feltre: Belluno 235.955.000 (nel 2008, 229.892.000)\",\"datePublished\":\"2009-11-17T20:58:49+00:00\",\"dateModified\":\"2009-11-18T07:14:45+00:00\",\"mainEntityOfPage\":{\"@id\":\"https:\\\/\\\/www.bellunopress.it\\\/2009\\\/11\\\/17\\\/aumentano-i-fondi-per-le-uls-di-belluno-e-feltre-belluno-235955000-nel-2008-229892000\\\/\"},\"wordCount\":611,\"publisher\":{\"@id\":\"https:\\\/\\\/www.bellunopress.it\\\/#organization\"},\"keywords\":[\"Sanit\u00e0\"],\"articleSection\":[\"Prima Pagina\",\"Sanit\u00e0 Medicina\"],\"inLanguage\":\"fr-FR\"},{\"@type\":\"WebPage\",\"@id\":\"https:\\\/\\\/www.bellunopress.it\\\/2009\\\/11\\\/17\\\/aumentano-i-fondi-per-le-uls-di-belluno-e-feltre-belluno-235955000-nel-2008-229892000\\\/\",\"url\":\"https:\\\/\\\/www.bellunopress.it\\\/2009\\\/11\\\/17\\\/aumentano-i-fondi-per-le-uls-di-belluno-e-feltre-belluno-235955000-nel-2008-229892000\\\/\",\"name\":\"Aumentano i fondi per le Uls di Belluno e Feltre: Belluno 235.955.000 (nel 2008, 229.892.000) - Bellunopress - Dolomiti\",\"isPartOf\":{\"@id\":\"https:\\\/\\\/www.bellunopress.it\\\/#website\"},\"datePublished\":\"2009-11-17T20:58:49+00:00\",\"dateModified\":\"2009-11-18T07:14:45+00:00\",\"breadcrumb\":{\"@id\":\"https:\\\/\\\/www.bellunopress.it\\\/2009\\\/11\\\/17\\\/aumentano-i-fondi-per-le-uls-di-belluno-e-feltre-belluno-235955000-nel-2008-229892000\\\/#breadcrumb\"},\"inLanguage\":\"fr-FR\",\"potentialAction\":[{\"@type\":\"ReadAction\",\"target\":[\"https:\\\/\\\/www.bellunopress.it\\\/2009\\\/11\\\/17\\\/aumentano-i-fondi-per-le-uls-di-belluno-e-feltre-belluno-235955000-nel-2008-229892000\\\/\"]}]},{\"@type\":\"BreadcrumbList\",\"@id\":\"https:\\\/\\\/www.bellunopress.it\\\/2009\\\/11\\\/17\\\/aumentano-i-fondi-per-le-uls-di-belluno-e-feltre-belluno-235955000-nel-2008-229892000\\\/#breadcrumb\",\"itemListElement\":[{\"@type\":\"ListItem\",\"position\":1,\"name\":\"Home\",\"item\":\"https:\\\/\\\/www.bellunopress.it\\\/\"},{\"@type\":\"ListItem\",\"position\":2,\"name\":\"Aumentano i fondi per le Uls di Belluno e Feltre: Belluno 235.955.000 (nel 2008, 229.892.000)\"}]},{\"@type\":\"WebSite\",\"@id\":\"https:\\\/\\\/www.bellunopress.it\\\/#website\",\"url\":\"https:\\\/\\\/www.bellunopress.it\\\/\",\"name\":\"Bellunopress - Dolomiti\",\"description\":\"e-mail: redazione@bellunopress.it\",\"publisher\":{\"@id\":\"https:\\\/\\\/www.bellunopress.it\\\/#organization\"},\"potentialAction\":[{\"@type\":\"SearchAction\",\"target\":{\"@type\":\"EntryPoint\",\"urlTemplate\":\"https:\\\/\\\/www.bellunopress.it\\\/?s={search_term_string}\"},\"query-input\":{\"@type\":\"PropertyValueSpecification\",\"valueRequired\":true,\"valueName\":\"search_term_string\"}}],\"inLanguage\":\"fr-FR\"},{\"@type\":\"Organization\",\"@id\":\"https:\\\/\\\/www.bellunopress.it\\\/#organization\",\"name\":\"Bellunopress\",\"url\":\"https:\\\/\\\/www.bellunopress.it\\\/\",\"logo\":{\"@type\":\"ImageObject\",\"inLanguage\":\"fr-FR\",\"@id\":\"https:\\\/\\\/www.bellunopress.it\\\/#\\\/schema\\\/logo\\\/image\\\/\",\"url\":\"https:\\\/\\\/www.bellunopress.it\\\/wp-content\\\/uploads\\\/2011\\\/05\\\/cropped-logo-bellunopress-.jpg\",\"contentUrl\":\"https:\\\/\\\/www.bellunopress.it\\\/wp-content\\\/uploads\\\/2011\\\/05\\\/cropped-logo-bellunopress-.jpg\",\"width\":512,\"height\":512,\"caption\":\"Bellunopress\"},\"image\":{\"@id\":\"https:\\\/\\\/www.bellunopress.it\\\/#\\\/schema\\\/logo\\\/image\\\/\"},\"sameAs\":[\"https:\\\/\\\/www.facebook.com\\\/profile.php?id=100008943462799\",\"https:\\\/\\\/x.com\\\/bellunopress\",\"https:\\\/\\\/www.linkedin.com\\\/hp\\\/?dnr=JBzUWaJfMUw8vbXJJ2tVW5-I3jZKvC4wsoxE&amp;amp;amp;amp;amp;amp;trk=nav_responsive_tab_home\",\"https:\\\/\\\/www.youtube.com\\\/channel\\\/UCxL0wu1uN0_3_7hGG0306cw\"]},{\"@type\":\"Person\",\"@id\":\"https:\\\/\\\/www.bellunopress.it\\\/#\\\/schema\\\/person\\\/79bb06722b37ece1c03d3e94beb30d73\",\"name\":\"redazione\",\"image\":{\"@type\":\"ImageObject\",\"inLanguage\":\"fr-FR\",\"@id\":\"https:\\\/\\\/secure.gravatar.com\\\/avatar\\\/37d968a2e67a6fd04c169c4bdef102d0bc5d31b2546345219e348575eb80e9a0?s=96&d=mm&r=g\",\"url\":\"https:\\\/\\\/secure.gravatar.com\\\/avatar\\\/37d968a2e67a6fd04c169c4bdef102d0bc5d31b2546345219e348575eb80e9a0?s=96&d=mm&r=g\",\"contentUrl\":\"https:\\\/\\\/secure.gravatar.com\\\/avatar\\\/37d968a2e67a6fd04c169c4bdef102d0bc5d31b2546345219e348575eb80e9a0?s=96&d=mm&r=g\",\"caption\":\"redazione\"},\"sameAs\":[\"http:\\\/\\\/www.bellunopress.it\",\"https:\\\/\\\/x.com\\\/bellunopress\"],\"url\":\"https:\\\/\\\/www.bellunopress.it\\\/fr\\\/author\\\/redazione\\\/\"}]}<\/script>\n<!-- \/ Yoast SEO plugin. -->","yoast_head_json":{"title":"Aumentano i fondi per le Uls di Belluno e Feltre: Belluno 235.955.000 (nel 2008, 229.892.000) - Bellunopress - Dolomiti","robots":{"index":"index","follow":"follow","max-snippet":"max-snippet:-1","max-image-preview":"max-image-preview:large","max-video-preview":"max-video-preview:-1"},"canonical":"https:\/\/www.bellunopress.it\/fr\/2009\/11\/17\/aumentano-i-fondi-per-le-uls-di-belluno-e-feltre-belluno-235955000-nel-2008-229892000\/","og_locale":"fr_FR","og_type":"article","og_title":"Aumentano i fondi per le Uls di Belluno e Feltre: Belluno 235.955.000 (nel 2008, 229.892.000) - Bellunopress - Dolomiti","og_description":"La Giunta regionale, nella sua seduta odierna su proposta dell\u2019Assessore alla Sanit\u00e0 Sandro Sandri, di concerto con il collega al Sociale Stefano Valdegamberi, ha approvato definitivamente il Riparto del Fondo Sanitario per il 2009, dopo il vaglio della Commissione del Consiglio regionale. Tra le Ullss e Aziende Ospedaliere venete vengono distribuiti 7 miliardi 712 milioni [&hellip;]","og_url":"https:\/\/www.bellunopress.it\/fr\/2009\/11\/17\/aumentano-i-fondi-per-le-uls-di-belluno-e-feltre-belluno-235955000-nel-2008-229892000\/","og_site_name":"Bellunopress - Dolomiti","article_publisher":"https:\/\/www.facebook.com\/profile.php?id=100008943462799","article_published_time":"2009-11-17T20:58:49+00:00","article_modified_time":"2009-11-18T07:14:45+00:00","og_image":[{"url":"http:\/\/www.bellunopress.it\/wp-content\/uploads\/2012\/07\/logo-bellunopress-250x250-2012.jpg","type":"","width":"","height":""}],"author":"redazione","twitter_card":"summary_large_image","twitter_creator":"@bellunopress","twitter_site":"@bellunopress","twitter_misc":{"Written by":"redazione","Est. reading time":"3 minutes"},"schema":{"@context":"https:\/\/schema.org","@graph":[{"@type":"Article","@id":"https:\/\/www.bellunopress.it\/2009\/11\/17\/aumentano-i-fondi-per-le-uls-di-belluno-e-feltre-belluno-235955000-nel-2008-229892000\/#article","isPartOf":{"@id":"https:\/\/www.bellunopress.it\/2009\/11\/17\/aumentano-i-fondi-per-le-uls-di-belluno-e-feltre-belluno-235955000-nel-2008-229892000\/"},"author":{"name":"redazione","@id":"https:\/\/www.bellunopress.it\/#\/schema\/person\/79bb06722b37ece1c03d3e94beb30d73"},"headline":"Aumentano i fondi per le Uls di Belluno e Feltre: Belluno 235.955.000 (nel 2008, 229.892.000)","datePublished":"2009-11-17T20:58:49+00:00","dateModified":"2009-11-18T07:14:45+00:00","mainEntityOfPage":{"@id":"https:\/\/www.bellunopress.it\/2009\/11\/17\/aumentano-i-fondi-per-le-uls-di-belluno-e-feltre-belluno-235955000-nel-2008-229892000\/"},"wordCount":611,"publisher":{"@id":"https:\/\/www.bellunopress.it\/#organization"},"keywords":["Sanit\u00e0"],"articleSection":["Prima Pagina","Sanit\u00e0 Medicina"],"inLanguage":"fr-FR"},{"@type":"WebPage","@id":"https:\/\/www.bellunopress.it\/2009\/11\/17\/aumentano-i-fondi-per-le-uls-di-belluno-e-feltre-belluno-235955000-nel-2008-229892000\/","url":"https:\/\/www.bellunopress.it\/2009\/11\/17\/aumentano-i-fondi-per-le-uls-di-belluno-e-feltre-belluno-235955000-nel-2008-229892000\/","name":"Aumentano i fondi per le Uls di Belluno e Feltre: Belluno 235.955.000 (nel 2008, 229.892.000) - Bellunopress - Dolomiti","isPartOf":{"@id":"https:\/\/www.bellunopress.it\/#website"},"datePublished":"2009-11-17T20:58:49+00:00","dateModified":"2009-11-18T07:14:45+00:00","breadcrumb":{"@id":"https:\/\/www.bellunopress.it\/2009\/11\/17\/aumentano-i-fondi-per-le-uls-di-belluno-e-feltre-belluno-235955000-nel-2008-229892000\/#breadcrumb"},"inLanguage":"fr-FR","potentialAction":[{"@type":"ReadAction","target":["https:\/\/www.bellunopress.it\/2009\/11\/17\/aumentano-i-fondi-per-le-uls-di-belluno-e-feltre-belluno-235955000-nel-2008-229892000\/"]}]},{"@type":"BreadcrumbList","@id":"https:\/\/www.bellunopress.it\/2009\/11\/17\/aumentano-i-fondi-per-le-uls-di-belluno-e-feltre-belluno-235955000-nel-2008-229892000\/#breadcrumb","itemListElement":[{"@type":"ListItem","position":1,"name":"Home","item":"https:\/\/www.bellunopress.it\/"},{"@type":"ListItem","position":2,"name":"Aumentano i fondi per le Uls di Belluno e Feltre: Belluno 235.955.000 (nel 2008, 229.892.000)"}]},{"@type":"WebSite","@id":"https:\/\/www.bellunopress.it\/#website","url":"https:\/\/www.bellunopress.it\/","name":"Bellunopress - Dolomiti","description":"e-mail: redazione@bellunopress.it","publisher":{"@id":"https:\/\/www.bellunopress.it\/#organization"},"potentialAction":[{"@type":"SearchAction","target":{"@type":"EntryPoint","urlTemplate":"https:\/\/www.bellunopress.it\/?s={search_term_string}"},"query-input":{"@type":"PropertyValueSpecification","valueRequired":true,"valueName":"search_term_string"}}],"inLanguage":"fr-FR"},{"@type":"Organization","@id":"https:\/\/www.bellunopress.it\/#organization","name":"Bellunopress","url":"https:\/\/www.bellunopress.it\/","logo":{"@type":"ImageObject","inLanguage":"fr-FR","@id":"https:\/\/www.bellunopress.it\/#\/schema\/logo\/image\/","url":"https:\/\/www.bellunopress.it\/wp-content\/uploads\/2011\/05\/cropped-logo-bellunopress-.jpg","contentUrl":"https:\/\/www.bellunopress.it\/wp-content\/uploads\/2011\/05\/cropped-logo-bellunopress-.jpg","width":512,"height":512,"caption":"Bellunopress"},"image":{"@id":"https:\/\/www.bellunopress.it\/#\/schema\/logo\/image\/"},"sameAs":["https:\/\/www.facebook.com\/profile.php?id=100008943462799","https:\/\/x.com\/bellunopress","https:\/\/www.linkedin.com\/hp\/?dnr=JBzUWaJfMUw8vbXJJ2tVW5-I3jZKvC4wsoxE&amp;amp;amp;amp;amp;amp;trk=nav_responsive_tab_home","https:\/\/www.youtube.com\/channel\/UCxL0wu1uN0_3_7hGG0306cw"]},{"@type":"Person","@id":"https:\/\/www.bellunopress.it\/#\/schema\/person\/79bb06722b37ece1c03d3e94beb30d73","name":"r\u00e9daction","image":{"@type":"ImageObject","inLanguage":"fr-FR","@id":"https:\/\/secure.gravatar.com\/avatar\/37d968a2e67a6fd04c169c4bdef102d0bc5d31b2546345219e348575eb80e9a0?s=96&d=mm&r=g","url":"https:\/\/secure.gravatar.com\/avatar\/37d968a2e67a6fd04c169c4bdef102d0bc5d31b2546345219e348575eb80e9a0?s=96&d=mm&r=g","contentUrl":"https:\/\/secure.gravatar.com\/avatar\/37d968a2e67a6fd04c169c4bdef102d0bc5d31b2546345219e348575eb80e9a0?s=96&d=mm&r=g","caption":"redazione"},"sameAs":["http:\/\/www.bellunopress.it","https:\/\/x.com\/bellunopress"],"url":"https:\/\/www.bellunopress.it\/fr\/author\/redazione\/"}]}},"_links":{"self":[{"href":"https:\/\/www.bellunopress.it\/fr\/wp-json\/wp\/v2\/posts\/9831","targetHints":{"allow":["GET"]}}],"collection":[{"href":"https:\/\/www.bellunopress.it\/fr\/wp-json\/wp\/v2\/posts"}],"about":[{"href":"https:\/\/www.bellunopress.it\/fr\/wp-json\/wp\/v2\/types\/post"}],"author":[{"embeddable":true,"href":"https:\/\/www.bellunopress.it\/fr\/wp-json\/wp\/v2\/users\/2"}],"replies":[{"embeddable":true,"href":"https:\/\/www.bellunopress.it\/fr\/wp-json\/wp\/v2\/comments?post=9831"}],"version-history":[{"count":2,"href":"https:\/\/www.bellunopress.it\/fr\/wp-json\/wp\/v2\/posts\/9831\/revisions"}],"predecessor-version":[{"id":9853,"href":"https:\/\/www.bellunopress.it\/fr\/wp-json\/wp\/v2\/posts\/9831\/revisions\/9853"}],"wp:attachment":[{"href":"https:\/\/www.bellunopress.it\/fr\/wp-json\/wp\/v2\/media?parent=9831"}],"wp:term":[{"taxonomy":"category","embeddable":true,"href":"https:\/\/www.bellunopress.it\/fr\/wp-json\/wp\/v2\/categories?post=9831"},{"taxonomy":"post_tag","embeddable":true,"href":"https:\/\/www.bellunopress.it\/fr\/wp-json\/wp\/v2\/tags?post=9831"}],"curies":[{"name":"wp","href":"https:\/\/api.w.org\/{rel}","templated":true}]}}