{"id":9826,"date":"2009-11-17T21:41:27","date_gmt":"2009-11-17T20:41:27","guid":{"rendered":"http:\/\/www.bellunopress.it\/?p=9826"},"modified":"2009-11-17T21:41:27","modified_gmt":"2009-11-17T20:41:27","slug":"consegnate-in-abruzzo-le-prime-case-realizzate-dagli-alpini-di-belluno-il-presidente-della-provincia-gianpaolo-bottacin-a-fossa-per-l%e2%80%99inaugurazione","status":"publish","type":"post","link":"https:\/\/www.bellunopress.it\/fr\/2009\/11\/17\/consegnate-in-abruzzo-le-prime-case-realizzate-dagli-alpini-di-belluno-il-presidente-della-provincia-gianpaolo-bottacin-a-fossa-per-l%e2%80%99inaugurazione\/","title":{"rendered":"Consegnate in Abruzzo le prime case realizzate dagli Alpini di Belluno. Il presidente della Provincia, Gianpaolo Bottacin, a Fossa per l\u2019inaugurazione"},"content":{"rendered":"<p><a href=\"http:\/\/www.bellunopress.it\/wp-content\/uploads\/2009\/11\/arrigo-cadore-gianpaolo-bottacin.jpg\"><img loading=\"lazy\" decoding=\"async\" class=\"alignleft size-medium wp-image-9827\" title=\"arrigo-cadore-gianpaolo-bottacin\" src=\"http:\/\/www.bellunopress.it\/wp-content\/uploads\/2009\/11\/arrigo-cadore-gianpaolo-bottacin.jpg\" alt=\"\" width=\"290\" height=\"163\" \/><\/a>Si \u00e8 svolta sabato scorso a Fossa (L\u2019Aquila) l\u2019inaugurazione delle casette realizzate dall\u2019ANA di Belluno a favore della popolazione colpita dal sisma dello scorso 6 aprile 2009 in Abruzzo. Al momento sono state consegnate venti delle trentadue abitazioni che costituiscono quello che \u00e8 un autentico \u201cvillaggio\u201d, a cui si aggiunge un\u2019ulteriore struttura che funger\u00e0 da circolo di ritrovo per le famiglie ospitate. Alla cerimonia erano presenti il presidente della Provincia di Belluno, Gianpaolo Bottacin, il presidente della sezione bellunese dell\u2019ANA, Arrigo Cadore, e l\u2019assessore provinciale, Matteo Toscani. \u00abIn poco tempo, grazie al grande lavoro degli Alpini e con il contributo di migliaia di donatori, \u00e8 stato realizzato questo impianto che vuole dare una mano a chi \u00e8 stato colpito duramente dalla tragedia del sisma &#8211; ha commentato Bottacin &#8211; . Da subito abbiamo voluto che la beneficenza dei Bellunesi trovasse un concreto riscontro, ed \u00e8 per questo che ci siamo attivati a Fossa (per le case che poi diverranno un campus universitario) e ad Ocre, dove \u00e8 stata realizzata una copertura in una struttura sportiva. Porto dall\u2019Abruzzo il saluto ed il ringraziamento della gente abruzzese ai Bellunesi, che sono certo continueranno ad essere attivi nella raccolta fondi (c\/c IBAN: IT 59 V 06225 11910 100000004283) che rimarr\u00e0 aperta fino al prossimo 31 dicembre\u00bb. Alla consegna delle casette erano presenti, fra gli altri, anche Luigi Calvisi, sindaco di Fossa, Mario Mantovani, sottosegretario alle Infrastrutture, e Corrado Perona, presidente nazionale ANA.<\/p>","protected":false},"excerpt":{"rendered":"<p>Si \u00e8 svolta sabato scorso a Fossa (L\u2019Aquila) l\u2019inaugurazione delle casette realizzate dall\u2019ANA di Belluno a favore della popolazione colpita dal sisma dello scorso 6 aprile 2009 in Abruzzo. Al momento sono state consegnate venti delle trentadue abitazioni che costituiscono quello che \u00e8 un autentico \u201cvillaggio\u201d, a cui si aggiunge un\u2019ulteriore struttura che funger\u00e0 da [&hellip;]<\/p>\n","protected":false},"author":2,"featured_media":0,"comment_status":"closed","ping_status":"open","sticky":false,"template":"","format":"standard","meta":{"footnotes":""},"categories":[5],"tags":[139,151],"class_list":["post-9826","post","type-post","status-publish","format-standard","category-cronaca","tag-belluno","tag-cadore"],"yoast_head":"<!-- This site is optimized with the Yoast SEO plugin v28.4 - https:\/\/yoast.com\/product\/yoast-seo-wordpress\/ -->\n<title>Consegnate in Abruzzo le prime case realizzate dagli Alpini di Belluno. Il presidente della Provincia, Gianpaolo Bottacin, a Fossa per l\u2019inaugurazione - Bellunopress - Dolomiti<\/title>\n<meta name=\"robots\" content=\"index, follow, max-snippet:-1, max-image-preview:large, max-video-preview:-1\" \/>\n<link rel=\"canonical\" href=\"https:\/\/www.bellunopress.it\/fr\/2009\/11\/17\/consegnate-in-abruzzo-le-prime-case-realizzate-dagli-alpini-di-belluno-il-presidente-della-provincia-gianpaolo-bottacin-a-fossa-per-l\u2019inaugurazione\/\" \/>\n<meta property=\"og:locale\" content=\"fr_FR\" \/>\n<meta property=\"og:type\" content=\"article\" \/>\n<meta property=\"og:title\" content=\"Consegnate in Abruzzo le prime case realizzate dagli Alpini di Belluno. Il presidente della Provincia, Gianpaolo Bottacin, a Fossa per l\u2019inaugurazione - Bellunopress - Dolomiti\" \/>\n<meta property=\"og:description\" content=\"Si \u00e8 svolta sabato scorso a Fossa (L\u2019Aquila) l\u2019inaugurazione delle casette realizzate dall\u2019ANA di Belluno a favore della popolazione colpita dal sisma dello scorso 6 aprile 2009 in Abruzzo. Al momento sono state consegnate venti delle trentadue abitazioni che costituiscono quello che \u00e8 un autentico \u201cvillaggio\u201d, a cui si aggiunge un\u2019ulteriore struttura che funger\u00e0 da [&hellip;]\" \/>\n<meta property=\"og:url\" content=\"https:\/\/www.bellunopress.it\/fr\/2009\/11\/17\/consegnate-in-abruzzo-le-prime-case-realizzate-dagli-alpini-di-belluno-il-presidente-della-provincia-gianpaolo-bottacin-a-fossa-per-l\u2019inaugurazione\/\" \/>\n<meta property=\"og:site_name\" content=\"Bellunopress - Dolomiti\" \/>\n<meta property=\"article:publisher\" content=\"https:\/\/www.facebook.com\/profile.php?id=100008943462799\" \/>\n<meta property=\"article:published_time\" content=\"2009-11-17T20:41:27+00:00\" \/>\n<meta property=\"og:image\" content=\"http:\/\/www.bellunopress.it\/wp-content\/uploads\/2009\/11\/arrigo-cadore-gianpaolo-bottacin.jpg\" \/>\n<meta name=\"author\" content=\"redazione\" \/>\n<meta name=\"twitter:card\" content=\"summary_large_image\" \/>\n<meta name=\"twitter:creator\" content=\"@bellunopress\" \/>\n<meta name=\"twitter:site\" content=\"@bellunopress\" \/>\n<meta name=\"twitter:label1\" content=\"\u00c9crit par\" \/>\n\t<meta name=\"twitter:data1\" content=\"redazione\" \/>\n\t<meta name=\"twitter:label2\" content=\"Dur\u00e9e de lecture estim\u00e9e\" \/>\n\t<meta name=\"twitter:data2\" content=\"1 minute\" \/>\n<script type=\"application\/ld+json\" class=\"yoast-schema-graph\">{\"@context\":\"https:\\\/\\\/schema.org\",\"@graph\":[{\"@type\":\"Article\",\"@id\":\"https:\\\/\\\/www.bellunopress.it\\\/2009\\\/11\\\/17\\\/consegnate-in-abruzzo-le-prime-case-realizzate-dagli-alpini-di-belluno-il-presidente-della-provincia-gianpaolo-bottacin-a-fossa-per-l%e2%80%99inaugurazione\\\/#article\",\"isPartOf\":{\"@id\":\"https:\\\/\\\/www.bellunopress.it\\\/2009\\\/11\\\/17\\\/consegnate-in-abruzzo-le-prime-case-realizzate-dagli-alpini-di-belluno-il-presidente-della-provincia-gianpaolo-bottacin-a-fossa-per-l%e2%80%99inaugurazione\\\/\"},\"author\":{\"name\":\"redazione\",\"@id\":\"https:\\\/\\\/www.bellunopress.it\\\/#\\\/schema\\\/person\\\/79bb06722b37ece1c03d3e94beb30d73\"},\"headline\":\"Consegnate in Abruzzo le prime case realizzate dagli Alpini di Belluno. Il presidente della Provincia, Gianpaolo Bottacin, a Fossa per l\u2019inaugurazione\",\"datePublished\":\"2009-11-17T20:41:27+00:00\",\"mainEntityOfPage\":{\"@id\":\"https:\\\/\\\/www.bellunopress.it\\\/2009\\\/11\\\/17\\\/consegnate-in-abruzzo-le-prime-case-realizzate-dagli-alpini-di-belluno-il-presidente-della-provincia-gianpaolo-bottacin-a-fossa-per-l%e2%80%99inaugurazione\\\/\"},\"wordCount\":255,\"publisher\":{\"@id\":\"https:\\\/\\\/www.bellunopress.it\\\/#organization\"},\"image\":{\"@id\":\"https:\\\/\\\/www.bellunopress.it\\\/2009\\\/11\\\/17\\\/consegnate-in-abruzzo-le-prime-case-realizzate-dagli-alpini-di-belluno-il-presidente-della-provincia-gianpaolo-bottacin-a-fossa-per-l%e2%80%99inaugurazione\\\/#primaryimage\"},\"thumbnailUrl\":\"http:\\\/\\\/www.bellunopress.it\\\/wp-content\\\/uploads\\\/2009\\\/11\\\/arrigo-cadore-gianpaolo-bottacin.jpg\",\"keywords\":[\"Belluno\",\"Cadore\"],\"articleSection\":[\"Cronaca\\\/Politica\"],\"inLanguage\":\"fr-FR\"},{\"@type\":\"WebPage\",\"@id\":\"https:\\\/\\\/www.bellunopress.it\\\/2009\\\/11\\\/17\\\/consegnate-in-abruzzo-le-prime-case-realizzate-dagli-alpini-di-belluno-il-presidente-della-provincia-gianpaolo-bottacin-a-fossa-per-l%e2%80%99inaugurazione\\\/\",\"url\":\"https:\\\/\\\/www.bellunopress.it\\\/2009\\\/11\\\/17\\\/consegnate-in-abruzzo-le-prime-case-realizzate-dagli-alpini-di-belluno-il-presidente-della-provincia-gianpaolo-bottacin-a-fossa-per-l%e2%80%99inaugurazione\\\/\",\"name\":\"Consegnate in Abruzzo le prime case realizzate dagli Alpini di Belluno. Il presidente della Provincia, Gianpaolo Bottacin, a Fossa per l\u2019inaugurazione - Bellunopress - Dolomiti\",\"isPartOf\":{\"@id\":\"https:\\\/\\\/www.bellunopress.it\\\/#website\"},\"primaryImageOfPage\":{\"@id\":\"https:\\\/\\\/www.bellunopress.it\\\/2009\\\/11\\\/17\\\/consegnate-in-abruzzo-le-prime-case-realizzate-dagli-alpini-di-belluno-il-presidente-della-provincia-gianpaolo-bottacin-a-fossa-per-l%e2%80%99inaugurazione\\\/#primaryimage\"},\"image\":{\"@id\":\"https:\\\/\\\/www.bellunopress.it\\\/2009\\\/11\\\/17\\\/consegnate-in-abruzzo-le-prime-case-realizzate-dagli-alpini-di-belluno-il-presidente-della-provincia-gianpaolo-bottacin-a-fossa-per-l%e2%80%99inaugurazione\\\/#primaryimage\"},\"thumbnailUrl\":\"http:\\\/\\\/www.bellunopress.it\\\/wp-content\\\/uploads\\\/2009\\\/11\\\/arrigo-cadore-gianpaolo-bottacin.jpg\",\"datePublished\":\"2009-11-17T20:41:27+00:00\",\"breadcrumb\":{\"@id\":\"https:\\\/\\\/www.bellunopress.it\\\/2009\\\/11\\\/17\\\/consegnate-in-abruzzo-le-prime-case-realizzate-dagli-alpini-di-belluno-il-presidente-della-provincia-gianpaolo-bottacin-a-fossa-per-l%e2%80%99inaugurazione\\\/#breadcrumb\"},\"inLanguage\":\"fr-FR\",\"potentialAction\":[{\"@type\":\"ReadAction\",\"target\":[\"https:\\\/\\\/www.bellunopress.it\\\/2009\\\/11\\\/17\\\/consegnate-in-abruzzo-le-prime-case-realizzate-dagli-alpini-di-belluno-il-presidente-della-provincia-gianpaolo-bottacin-a-fossa-per-l%e2%80%99inaugurazione\\\/\"]}]},{\"@type\":\"ImageObject\",\"inLanguage\":\"fr-FR\",\"@id\":\"https:\\\/\\\/www.bellunopress.it\\\/2009\\\/11\\\/17\\\/consegnate-in-abruzzo-le-prime-case-realizzate-dagli-alpini-di-belluno-il-presidente-della-provincia-gianpaolo-bottacin-a-fossa-per-l%e2%80%99inaugurazione\\\/#primaryimage\",\"url\":\"http:\\\/\\\/www.bellunopress.it\\\/wp-content\\\/uploads\\\/2009\\\/11\\\/arrigo-cadore-gianpaolo-bottacin.jpg\",\"contentUrl\":\"http:\\\/\\\/www.bellunopress.it\\\/wp-content\\\/uploads\\\/2009\\\/11\\\/arrigo-cadore-gianpaolo-bottacin.jpg\"},{\"@type\":\"BreadcrumbList\",\"@id\":\"https:\\\/\\\/www.bellunopress.it\\\/2009\\\/11\\\/17\\\/consegnate-in-abruzzo-le-prime-case-realizzate-dagli-alpini-di-belluno-il-presidente-della-provincia-gianpaolo-bottacin-a-fossa-per-l%e2%80%99inaugurazione\\\/#breadcrumb\",\"itemListElement\":[{\"@type\":\"ListItem\",\"position\":1,\"name\":\"Home\",\"item\":\"https:\\\/\\\/www.bellunopress.it\\\/\"},{\"@type\":\"ListItem\",\"position\":2,\"name\":\"Consegnate in Abruzzo le prime case realizzate dagli Alpini di Belluno. Il presidente della Provincia, Gianpaolo Bottacin, a Fossa per l\u2019inaugurazione\"}]},{\"@type\":\"WebSite\",\"@id\":\"https:\\\/\\\/www.bellunopress.it\\\/#website\",\"url\":\"https:\\\/\\\/www.bellunopress.it\\\/\",\"name\":\"Bellunopress - Dolomiti\",\"description\":\"e-mail: redazione@bellunopress.it\",\"publisher\":{\"@id\":\"https:\\\/\\\/www.bellunopress.it\\\/#organization\"},\"potentialAction\":[{\"@type\":\"SearchAction\",\"target\":{\"@type\":\"EntryPoint\",\"urlTemplate\":\"https:\\\/\\\/www.bellunopress.it\\\/?s={search_term_string}\"},\"query-input\":{\"@type\":\"PropertyValueSpecification\",\"valueRequired\":true,\"valueName\":\"search_term_string\"}}],\"inLanguage\":\"fr-FR\"},{\"@type\":\"Organization\",\"@id\":\"https:\\\/\\\/www.bellunopress.it\\\/#organization\",\"name\":\"Bellunopress\",\"url\":\"https:\\\/\\\/www.bellunopress.it\\\/\",\"logo\":{\"@type\":\"ImageObject\",\"inLanguage\":\"fr-FR\",\"@id\":\"https:\\\/\\\/www.bellunopress.it\\\/#\\\/schema\\\/logo\\\/image\\\/\",\"url\":\"https:\\\/\\\/www.bellunopress.it\\\/wp-content\\\/uploads\\\/2011\\\/05\\\/cropped-logo-bellunopress-.jpg\",\"contentUrl\":\"https:\\\/\\\/www.bellunopress.it\\\/wp-content\\\/uploads\\\/2011\\\/05\\\/cropped-logo-bellunopress-.jpg\",\"width\":512,\"height\":512,\"caption\":\"Bellunopress\"},\"image\":{\"@id\":\"https:\\\/\\\/www.bellunopress.it\\\/#\\\/schema\\\/logo\\\/image\\\/\"},\"sameAs\":[\"https:\\\/\\\/www.facebook.com\\\/profile.php?id=100008943462799\",\"https:\\\/\\\/x.com\\\/bellunopress\",\"https:\\\/\\\/www.linkedin.com\\\/hp\\\/?dnr=JBzUWaJfMUw8vbXJJ2tVW5-I3jZKvC4wsoxE&amp;amp;amp;amp;amp;amp;trk=nav_responsive_tab_home\",\"https:\\\/\\\/www.youtube.com\\\/channel\\\/UCxL0wu1uN0_3_7hGG0306cw\"]},{\"@type\":\"Person\",\"@id\":\"https:\\\/\\\/www.bellunopress.it\\\/#\\\/schema\\\/person\\\/79bb06722b37ece1c03d3e94beb30d73\",\"name\":\"redazione\",\"image\":{\"@type\":\"ImageObject\",\"inLanguage\":\"fr-FR\",\"@id\":\"https:\\\/\\\/secure.gravatar.com\\\/avatar\\\/37d968a2e67a6fd04c169c4bdef102d0bc5d31b2546345219e348575eb80e9a0?s=96&d=mm&r=g\",\"url\":\"https:\\\/\\\/secure.gravatar.com\\\/avatar\\\/37d968a2e67a6fd04c169c4bdef102d0bc5d31b2546345219e348575eb80e9a0?s=96&d=mm&r=g\",\"contentUrl\":\"https:\\\/\\\/secure.gravatar.com\\\/avatar\\\/37d968a2e67a6fd04c169c4bdef102d0bc5d31b2546345219e348575eb80e9a0?s=96&d=mm&r=g\",\"caption\":\"redazione\"},\"sameAs\":[\"http:\\\/\\\/www.bellunopress.it\",\"https:\\\/\\\/x.com\\\/bellunopress\"],\"url\":\"https:\\\/\\\/www.bellunopress.it\\\/fr\\\/author\\\/redazione\\\/\"}]}<\/script>\n<!-- \/ Yoast SEO plugin. -->","yoast_head_json":{"title":"Consegnate in Abruzzo le prime case realizzate dagli Alpini di Belluno. Il presidente della Provincia, Gianpaolo Bottacin, a Fossa per l\u2019inaugurazione - Bellunopress - Dolomiti","robots":{"index":"index","follow":"follow","max-snippet":"max-snippet:-1","max-image-preview":"max-image-preview:large","max-video-preview":"max-video-preview:-1"},"canonical":"https:\/\/www.bellunopress.it\/fr\/2009\/11\/17\/consegnate-in-abruzzo-le-prime-case-realizzate-dagli-alpini-di-belluno-il-presidente-della-provincia-gianpaolo-bottacin-a-fossa-per-l\u2019inaugurazione\/","og_locale":"fr_FR","og_type":"article","og_title":"Consegnate in Abruzzo le prime case realizzate dagli Alpini di Belluno. Il presidente della Provincia, Gianpaolo Bottacin, a Fossa per l\u2019inaugurazione - Bellunopress - Dolomiti","og_description":"Si \u00e8 svolta sabato scorso a Fossa (L\u2019Aquila) l\u2019inaugurazione delle casette realizzate dall\u2019ANA di Belluno a favore della popolazione colpita dal sisma dello scorso 6 aprile 2009 in Abruzzo. Al momento sono state consegnate venti delle trentadue abitazioni che costituiscono quello che \u00e8 un autentico \u201cvillaggio\u201d, a cui si aggiunge un\u2019ulteriore struttura che funger\u00e0 da [&hellip;]","og_url":"https:\/\/www.bellunopress.it\/fr\/2009\/11\/17\/consegnate-in-abruzzo-le-prime-case-realizzate-dagli-alpini-di-belluno-il-presidente-della-provincia-gianpaolo-bottacin-a-fossa-per-l\u2019inaugurazione\/","og_site_name":"Bellunopress - Dolomiti","article_publisher":"https:\/\/www.facebook.com\/profile.php?id=100008943462799","article_published_time":"2009-11-17T20:41:27+00:00","og_image":[{"url":"http:\/\/www.bellunopress.it\/wp-content\/uploads\/2009\/11\/arrigo-cadore-gianpaolo-bottacin.jpg","type":"","width":"","height":""}],"author":"redazione","twitter_card":"summary_large_image","twitter_creator":"@bellunopress","twitter_site":"@bellunopress","twitter_misc":{"\u00c9crit par":"redazione","Dur\u00e9e de lecture estim\u00e9e":"1 minute"},"schema":{"@context":"https:\/\/schema.org","@graph":[{"@type":"Article","@id":"https:\/\/www.bellunopress.it\/2009\/11\/17\/consegnate-in-abruzzo-le-prime-case-realizzate-dagli-alpini-di-belluno-il-presidente-della-provincia-gianpaolo-bottacin-a-fossa-per-l%e2%80%99inaugurazione\/#article","isPartOf":{"@id":"https:\/\/www.bellunopress.it\/2009\/11\/17\/consegnate-in-abruzzo-le-prime-case-realizzate-dagli-alpini-di-belluno-il-presidente-della-provincia-gianpaolo-bottacin-a-fossa-per-l%e2%80%99inaugurazione\/"},"author":{"name":"redazione","@id":"https:\/\/www.bellunopress.it\/#\/schema\/person\/79bb06722b37ece1c03d3e94beb30d73"},"headline":"Consegnate in Abruzzo le prime case realizzate dagli Alpini di Belluno. Il presidente della Provincia, Gianpaolo Bottacin, a Fossa per l\u2019inaugurazione","datePublished":"2009-11-17T20:41:27+00:00","mainEntityOfPage":{"@id":"https:\/\/www.bellunopress.it\/2009\/11\/17\/consegnate-in-abruzzo-le-prime-case-realizzate-dagli-alpini-di-belluno-il-presidente-della-provincia-gianpaolo-bottacin-a-fossa-per-l%e2%80%99inaugurazione\/"},"wordCount":255,"publisher":{"@id":"https:\/\/www.bellunopress.it\/#organization"},"image":{"@id":"https:\/\/www.bellunopress.it\/2009\/11\/17\/consegnate-in-abruzzo-le-prime-case-realizzate-dagli-alpini-di-belluno-il-presidente-della-provincia-gianpaolo-bottacin-a-fossa-per-l%e2%80%99inaugurazione\/#primaryimage"},"thumbnailUrl":"http:\/\/www.bellunopress.it\/wp-content\/uploads\/2009\/11\/arrigo-cadore-gianpaolo-bottacin.jpg","keywords":["Belluno","Cadore"],"articleSection":["Cronaca\/Politica"],"inLanguage":"fr-FR"},{"@type":"WebPage","@id":"https:\/\/www.bellunopress.it\/2009\/11\/17\/consegnate-in-abruzzo-le-prime-case-realizzate-dagli-alpini-di-belluno-il-presidente-della-provincia-gianpaolo-bottacin-a-fossa-per-l%e2%80%99inaugurazione\/","url":"https:\/\/www.bellunopress.it\/2009\/11\/17\/consegnate-in-abruzzo-le-prime-case-realizzate-dagli-alpini-di-belluno-il-presidente-della-provincia-gianpaolo-bottacin-a-fossa-per-l%e2%80%99inaugurazione\/","name":"Consegnate in Abruzzo le prime case realizzate dagli Alpini di Belluno. Il presidente della Provincia, Gianpaolo Bottacin, a Fossa per l\u2019inaugurazione - Bellunopress - Dolomiti","isPartOf":{"@id":"https:\/\/www.bellunopress.it\/#website"},"primaryImageOfPage":{"@id":"https:\/\/www.bellunopress.it\/2009\/11\/17\/consegnate-in-abruzzo-le-prime-case-realizzate-dagli-alpini-di-belluno-il-presidente-della-provincia-gianpaolo-bottacin-a-fossa-per-l%e2%80%99inaugurazione\/#primaryimage"},"image":{"@id":"https:\/\/www.bellunopress.it\/2009\/11\/17\/consegnate-in-abruzzo-le-prime-case-realizzate-dagli-alpini-di-belluno-il-presidente-della-provincia-gianpaolo-bottacin-a-fossa-per-l%e2%80%99inaugurazione\/#primaryimage"},"thumbnailUrl":"http:\/\/www.bellunopress.it\/wp-content\/uploads\/2009\/11\/arrigo-cadore-gianpaolo-bottacin.jpg","datePublished":"2009-11-17T20:41:27+00:00","breadcrumb":{"@id":"https:\/\/www.bellunopress.it\/2009\/11\/17\/consegnate-in-abruzzo-le-prime-case-realizzate-dagli-alpini-di-belluno-il-presidente-della-provincia-gianpaolo-bottacin-a-fossa-per-l%e2%80%99inaugurazione\/#breadcrumb"},"inLanguage":"fr-FR","potentialAction":[{"@type":"ReadAction","target":["https:\/\/www.bellunopress.it\/2009\/11\/17\/consegnate-in-abruzzo-le-prime-case-realizzate-dagli-alpini-di-belluno-il-presidente-della-provincia-gianpaolo-bottacin-a-fossa-per-l%e2%80%99inaugurazione\/"]}]},{"@type":"ImageObject","inLanguage":"fr-FR","@id":"https:\/\/www.bellunopress.it\/2009\/11\/17\/consegnate-in-abruzzo-le-prime-case-realizzate-dagli-alpini-di-belluno-il-presidente-della-provincia-gianpaolo-bottacin-a-fossa-per-l%e2%80%99inaugurazione\/#primaryimage","url":"http:\/\/www.bellunopress.it\/wp-content\/uploads\/2009\/11\/arrigo-cadore-gianpaolo-bottacin.jpg","contentUrl":"http:\/\/www.bellunopress.it\/wp-content\/uploads\/2009\/11\/arrigo-cadore-gianpaolo-bottacin.jpg"},{"@type":"BreadcrumbList","@id":"https:\/\/www.bellunopress.it\/2009\/11\/17\/consegnate-in-abruzzo-le-prime-case-realizzate-dagli-alpini-di-belluno-il-presidente-della-provincia-gianpaolo-bottacin-a-fossa-per-l%e2%80%99inaugurazione\/#breadcrumb","itemListElement":[{"@type":"ListItem","position":1,"name":"Home","item":"https:\/\/www.bellunopress.it\/"},{"@type":"ListItem","position":2,"name":"Consegnate in Abruzzo le prime case realizzate dagli Alpini di Belluno. Il presidente della Provincia, Gianpaolo Bottacin, a Fossa per l\u2019inaugurazione"}]},{"@type":"WebSite","@id":"https:\/\/www.bellunopress.it\/#website","url":"https:\/\/www.bellunopress.it\/","name":"Bellunopress - Dolomiti","description":"e-mail: redazione@bellunopress.it","publisher":{"@id":"https:\/\/www.bellunopress.it\/#organization"},"potentialAction":[{"@type":"SearchAction","target":{"@type":"EntryPoint","urlTemplate":"https:\/\/www.bellunopress.it\/?s={search_term_string}"},"query-input":{"@type":"PropertyValueSpecification","valueRequired":true,"valueName":"search_term_string"}}],"inLanguage":"fr-FR"},{"@type":"Organization","@id":"https:\/\/www.bellunopress.it\/#organization","name":"Bellunopress","url":"https:\/\/www.bellunopress.it\/","logo":{"@type":"ImageObject","inLanguage":"fr-FR","@id":"https:\/\/www.bellunopress.it\/#\/schema\/logo\/image\/","url":"https:\/\/www.bellunopress.it\/wp-content\/uploads\/2011\/05\/cropped-logo-bellunopress-.jpg","contentUrl":"https:\/\/www.bellunopress.it\/wp-content\/uploads\/2011\/05\/cropped-logo-bellunopress-.jpg","width":512,"height":512,"caption":"Bellunopress"},"image":{"@id":"https:\/\/www.bellunopress.it\/#\/schema\/logo\/image\/"},"sameAs":["https:\/\/www.facebook.com\/profile.php?id=100008943462799","https:\/\/x.com\/bellunopress","https:\/\/www.linkedin.com\/hp\/?dnr=JBzUWaJfMUw8vbXJJ2tVW5-I3jZKvC4wsoxE&amp;amp;amp;amp;amp;amp;trk=nav_responsive_tab_home","https:\/\/www.youtube.com\/channel\/UCxL0wu1uN0_3_7hGG0306cw"]},{"@type":"Person","@id":"https:\/\/www.bellunopress.it\/#\/schema\/person\/79bb06722b37ece1c03d3e94beb30d73","name":"r\u00e9daction","image":{"@type":"ImageObject","inLanguage":"fr-FR","@id":"https:\/\/secure.gravatar.com\/avatar\/37d968a2e67a6fd04c169c4bdef102d0bc5d31b2546345219e348575eb80e9a0?s=96&d=mm&r=g","url":"https:\/\/secure.gravatar.com\/avatar\/37d968a2e67a6fd04c169c4bdef102d0bc5d31b2546345219e348575eb80e9a0?s=96&d=mm&r=g","contentUrl":"https:\/\/secure.gravatar.com\/avatar\/37d968a2e67a6fd04c169c4bdef102d0bc5d31b2546345219e348575eb80e9a0?s=96&d=mm&r=g","caption":"redazione"},"sameAs":["http:\/\/www.bellunopress.it","https:\/\/x.com\/bellunopress"],"url":"https:\/\/www.bellunopress.it\/fr\/author\/redazione\/"}]}},"_links":{"self":[{"href":"https:\/\/www.bellunopress.it\/fr\/wp-json\/wp\/v2\/posts\/9826","targetHints":{"allow":["GET"]}}],"collection":[{"href":"https:\/\/www.bellunopress.it\/fr\/wp-json\/wp\/v2\/posts"}],"about":[{"href":"https:\/\/www.bellunopress.it\/fr\/wp-json\/wp\/v2\/types\/post"}],"author":[{"embeddable":true,"href":"https:\/\/www.bellunopress.it\/fr\/wp-json\/wp\/v2\/users\/2"}],"replies":[{"embeddable":true,"href":"https:\/\/www.bellunopress.it\/fr\/wp-json\/wp\/v2\/comments?post=9826"}],"version-history":[{"count":1,"href":"https:\/\/www.bellunopress.it\/fr\/wp-json\/wp\/v2\/posts\/9826\/revisions"}],"predecessor-version":[{"id":9828,"href":"https:\/\/www.bellunopress.it\/fr\/wp-json\/wp\/v2\/posts\/9826\/revisions\/9828"}],"wp:attachment":[{"href":"https:\/\/www.bellunopress.it\/fr\/wp-json\/wp\/v2\/media?parent=9826"}],"wp:term":[{"taxonomy":"category","embeddable":true,"href":"https:\/\/www.bellunopress.it\/fr\/wp-json\/wp\/v2\/categories?post=9826"},{"taxonomy":"post_tag","embeddable":true,"href":"https:\/\/www.bellunopress.it\/fr\/wp-json\/wp\/v2\/tags?post=9826"}],"curies":[{"name":"wp","href":"https:\/\/api.w.org\/{rel}","templated":true}]}}