{"id":9815,"date":"2009-11-17T11:23:55","date_gmt":"2009-11-17T10:23:55","guid":{"rendered":"http:\/\/www.bellunopress.it\/?p=9815"},"modified":"2009-11-17T11:23:55","modified_gmt":"2009-11-17T10:23:55","slug":"fabio-capello-promuove-le-eccellenze-venete-da-harrods-a-londra-anche-mohamed-al-fayed-visita-lo-spazio-veneto","status":"publish","type":"post","link":"https:\/\/www.bellunopress.it\/fr\/2009\/11\/17\/fabio-capello-promuove-le-eccellenze-venete-da-harrods-a-londra-anche-mohamed-al-fayed-visita-lo-spazio-veneto\/","title":{"rendered":"Fabio Capello promuove le eccellenze venete da Harrods a Londra.  Anche Mohamed Al Fayed visita lo spazio veneto"},"content":{"rendered":"<p><a href=\"http:\/\/www.bellunopress.it\/wp-content\/uploads\/2009\/11\/capello-manzato-al-fayed.jpg\"><img loading=\"lazy\" decoding=\"async\" class=\"alignleft size-medium wp-image-9816\" title=\"capello-manzato-al-fayed\" src=\"http:\/\/www.bellunopress.it\/wp-content\/uploads\/2009\/11\/capello-manzato-al-fayed.jpg\" alt=\"\" width=\"202\" height=\"138\" \/><\/a>\u201cPorterei volentieri la Nazionale in Veneto, perch\u00e8 \u00e8 un territorio che racchiude tutto ci\u00f2 di cui si pu\u00f2 aver bisogno\u201d. Lo ha detto davanti a decine di giornalisti britannici, \u201cmister\u201d Fabio Capello, allenatore della selezione inglese e l\u2019italiano pi\u00f9 amato nel Regno Unito, passeggiando nelle stanze dei grandi magazzini Harrods che in questi giorni espongono in un grandioso allestimento le eccellenze turistiche ed enogastronomiche del Veneto: da Venezia alle Dolomiti, dal Garda alle colline del Prosecco, dalle spiagge alle terme, dalle Ville alle citt\u00e0 d\u2019arte fino ai misteri, antichi pi\u00f9 di quelli scozzesi. A salutare il mister della nazionale inglese, accompagnato dal vicepresidente della Giunta veneta Franco Manzato, c\u2019era anche Mohamed Al Fayed, proprietario di Harrods e della squadra del Fulham.<br \/>\nCapello, che conosce benissimo il Veneto e la sua enogastronomia (\u201cAmo soprattutto Prosecco e sopressa\u201d, ha detto), \u00e8 stato protagonista assieme a Manzato di un mini talk show dedicato alla stampa del Regno Unito, all\u2019interno dello spazio espositivo di Harrods. \u201cI \u2018palloni d\u2019oro\u2019 del Veneto sono tantissimi \u2013 ha detto il coach \u2013 e io li conosco bene. Oltre al tradizionale capocannoniere che \u00e8 Venezia, il Veneto propone un\u2019offerta turistica completa, dalla montagna alle ville palladiane che si possono visitare anche sfruttando la pista ciclabile che ne unisce moltissime. Per non dimenticare i luoghi del mistero: ce ne sono a centinaia e ripropongono leggende antichissime\u201d. Manzato ha ricordato al pubblico inglese, da sempre appassionato di golf, che \u201cda questi giorni l\u2019offerta veneta di 40 splendidi e curatissimi green \u00e8 in rete al sito <a href=\"http:\/\/www.golfinveneto.com\">www.golfinveneto.com<\/a>, dove si possono acquistare pacchetti che includono non solo lo sport ma anche l\u2019enogastronomia e la conoscenza di un territorio esclusivo e magico, che in 150 chilometri offre tutto il possibile per trascorrere vacanze brevi o lunghe senza annoiarsi mai\u201d.<br \/>\n\u201cVenezia e il Veneto hanno un profondo legame storico con la Gran Bretagna e la sua cultura \u2013 ha ricordato Manzato \u2013 esaltato dalle opere di Shakespeare: Giulietta e Romeo, la Bisbetica Domata, il Mercante di Venezia, l\u2019Otello&#8230; La comunanza di queste due realt\u00e0 storiche si rif\u00e0 alla tradizione mercantile e al loro rapporto con il mare. Oggi sono migliaia i turisti inglesi che ogni anno vengono a visitarci e noi vogliamo dire loro che li aspettiamo sempre pi\u00f9 numerosi, con nuove proposte ed offerte capaci di soddisfare le loro aspettative, i loro desideri e le loro emozioni\u201d. Il Veneto \u00e8 soprattutto Venezia, con le sue grandi feste civili e religiose, tra cui il Carnevale pi\u00f9 bello del mondo che tra pochi mesi avr\u00e0 il suo clou. Con l\u2019iniziativa <a href=\"mailto:VENETO@HARRODS\">VENETO@HARRODS<\/a> la Regione e gli imprenditori veneti dei settori turistico e agroalimentare vogliono ricordare agli inglesi che il Veneto rimane pronto ad attenderli e augura loro di tornare\u201d.<\/p>","protected":false},"excerpt":{"rendered":"<p>\u201cPorterei volentieri la Nazionale in Veneto, perch\u00e8 \u00e8 un territorio che racchiude tutto ci\u00f2 di cui si pu\u00f2 aver bisogno\u201d. Lo ha detto davanti a decine di giornalisti britannici, \u201cmister\u201d Fabio Capello, allenatore della selezione inglese e l\u2019italiano pi\u00f9 amato nel Regno Unito, passeggiando nelle stanze dei grandi magazzini Harrods che in questi giorni espongono [&hellip;]<\/p>\n","protected":false},"author":2,"featured_media":0,"comment_status":"closed","ping_status":"open","sticky":false,"template":"","format":"standard","meta":{"footnotes":""},"categories":[36,25],"tags":[139,63],"class_list":["post-9815","post","type-post","status-publish","format-standard","category-lavoro-economia","category-pausa-caffe","tag-belluno","tag-dolomiti"],"yoast_head":"<!-- This site is optimized with the Yoast SEO plugin v28.4 - https:\/\/yoast.com\/product\/yoast-seo-wordpress\/ -->\n<title>Fabio Capello promuove le eccellenze venete da Harrods a Londra. Anche Mohamed Al Fayed visita lo spazio veneto - Bellunopress - Dolomiti<\/title>\n<meta name=\"robots\" content=\"index, follow, max-snippet:-1, max-image-preview:large, max-video-preview:-1\" \/>\n<link rel=\"canonical\" href=\"https:\/\/www.bellunopress.it\/fr\/2009\/11\/17\/fabio-capello-promuove-le-eccellenze-venete-da-harrods-a-londra-anche-mohamed-al-fayed-visita-lo-spazio-veneto\/\" \/>\n<meta property=\"og:locale\" content=\"fr_FR\" \/>\n<meta property=\"og:type\" content=\"article\" \/>\n<meta property=\"og:title\" content=\"Fabio Capello promuove le eccellenze venete da Harrods a Londra. Anche Mohamed Al Fayed visita lo spazio veneto - Bellunopress - Dolomiti\" \/>\n<meta property=\"og:description\" content=\"\u201cPorterei volentieri la Nazionale in Veneto, perch\u00e8 \u00e8 un territorio che racchiude tutto ci\u00f2 di cui si pu\u00f2 aver bisogno\u201d. Lo ha detto davanti a decine di giornalisti britannici, \u201cmister\u201d Fabio Capello, allenatore della selezione inglese e l\u2019italiano pi\u00f9 amato nel Regno Unito, passeggiando nelle stanze dei grandi magazzini Harrods che in questi giorni espongono [&hellip;]\" \/>\n<meta property=\"og:url\" content=\"https:\/\/www.bellunopress.it\/fr\/2009\/11\/17\/fabio-capello-promuove-le-eccellenze-venete-da-harrods-a-londra-anche-mohamed-al-fayed-visita-lo-spazio-veneto\/\" \/>\n<meta property=\"og:site_name\" content=\"Bellunopress - Dolomiti\" \/>\n<meta property=\"article:publisher\" content=\"https:\/\/www.facebook.com\/profile.php?id=100008943462799\" \/>\n<meta property=\"article:published_time\" content=\"2009-11-17T10:23:55+00:00\" \/>\n<meta property=\"og:image\" content=\"http:\/\/www.bellunopress.it\/wp-content\/uploads\/2009\/11\/capello-manzato-al-fayed.jpg\" \/>\n<meta name=\"author\" content=\"redazione\" \/>\n<meta name=\"twitter:card\" content=\"summary_large_image\" \/>\n<meta name=\"twitter:creator\" content=\"@bellunopress\" \/>\n<meta name=\"twitter:site\" content=\"@bellunopress\" \/>\n<meta name=\"twitter:label1\" content=\"\u00c9crit par\" \/>\n\t<meta name=\"twitter:data1\" content=\"redazione\" \/>\n\t<meta name=\"twitter:label2\" content=\"Dur\u00e9e de lecture estim\u00e9e\" \/>\n\t<meta name=\"twitter:data2\" content=\"2 minutes\" \/>\n<script type=\"application\/ld+json\" class=\"yoast-schema-graph\">{\"@context\":\"https:\\\/\\\/schema.org\",\"@graph\":[{\"@type\":\"Article\",\"@id\":\"https:\\\/\\\/www.bellunopress.it\\\/2009\\\/11\\\/17\\\/fabio-capello-promuove-le-eccellenze-venete-da-harrods-a-londra-anche-mohamed-al-fayed-visita-lo-spazio-veneto\\\/#article\",\"isPartOf\":{\"@id\":\"https:\\\/\\\/www.bellunopress.it\\\/2009\\\/11\\\/17\\\/fabio-capello-promuove-le-eccellenze-venete-da-harrods-a-londra-anche-mohamed-al-fayed-visita-lo-spazio-veneto\\\/\"},\"author\":{\"name\":\"redazione\",\"@id\":\"https:\\\/\\\/www.bellunopress.it\\\/#\\\/schema\\\/person\\\/79bb06722b37ece1c03d3e94beb30d73\"},\"headline\":\"Fabio Capello promuove le eccellenze venete da Harrods a Londra. Anche Mohamed Al Fayed visita lo spazio veneto\",\"datePublished\":\"2009-11-17T10:23:55+00:00\",\"mainEntityOfPage\":{\"@id\":\"https:\\\/\\\/www.bellunopress.it\\\/2009\\\/11\\\/17\\\/fabio-capello-promuove-le-eccellenze-venete-da-harrods-a-londra-anche-mohamed-al-fayed-visita-lo-spazio-veneto\\\/\"},\"wordCount\":472,\"publisher\":{\"@id\":\"https:\\\/\\\/www.bellunopress.it\\\/#organization\"},\"image\":{\"@id\":\"https:\\\/\\\/www.bellunopress.it\\\/2009\\\/11\\\/17\\\/fabio-capello-promuove-le-eccellenze-venete-da-harrods-a-londra-anche-mohamed-al-fayed-visita-lo-spazio-veneto\\\/#primaryimage\"},\"thumbnailUrl\":\"http:\\\/\\\/www.bellunopress.it\\\/wp-content\\\/uploads\\\/2009\\\/11\\\/capello-manzato-al-fayed.jpg\",\"keywords\":[\"Belluno\",\"Dolomiti\"],\"articleSection\":[\"Lavoro, Economia, Turismo\",\"Pausa Caff\u00e8\"],\"inLanguage\":\"fr-FR\"},{\"@type\":\"WebPage\",\"@id\":\"https:\\\/\\\/www.bellunopress.it\\\/2009\\\/11\\\/17\\\/fabio-capello-promuove-le-eccellenze-venete-da-harrods-a-londra-anche-mohamed-al-fayed-visita-lo-spazio-veneto\\\/\",\"url\":\"https:\\\/\\\/www.bellunopress.it\\\/2009\\\/11\\\/17\\\/fabio-capello-promuove-le-eccellenze-venete-da-harrods-a-londra-anche-mohamed-al-fayed-visita-lo-spazio-veneto\\\/\",\"name\":\"Fabio Capello promuove le eccellenze venete da Harrods a Londra. Anche Mohamed Al Fayed visita lo spazio veneto - Bellunopress - Dolomiti\",\"isPartOf\":{\"@id\":\"https:\\\/\\\/www.bellunopress.it\\\/#website\"},\"primaryImageOfPage\":{\"@id\":\"https:\\\/\\\/www.bellunopress.it\\\/2009\\\/11\\\/17\\\/fabio-capello-promuove-le-eccellenze-venete-da-harrods-a-londra-anche-mohamed-al-fayed-visita-lo-spazio-veneto\\\/#primaryimage\"},\"image\":{\"@id\":\"https:\\\/\\\/www.bellunopress.it\\\/2009\\\/11\\\/17\\\/fabio-capello-promuove-le-eccellenze-venete-da-harrods-a-londra-anche-mohamed-al-fayed-visita-lo-spazio-veneto\\\/#primaryimage\"},\"thumbnailUrl\":\"http:\\\/\\\/www.bellunopress.it\\\/wp-content\\\/uploads\\\/2009\\\/11\\\/capello-manzato-al-fayed.jpg\",\"datePublished\":\"2009-11-17T10:23:55+00:00\",\"breadcrumb\":{\"@id\":\"https:\\\/\\\/www.bellunopress.it\\\/2009\\\/11\\\/17\\\/fabio-capello-promuove-le-eccellenze-venete-da-harrods-a-londra-anche-mohamed-al-fayed-visita-lo-spazio-veneto\\\/#breadcrumb\"},\"inLanguage\":\"fr-FR\",\"potentialAction\":[{\"@type\":\"ReadAction\",\"target\":[\"https:\\\/\\\/www.bellunopress.it\\\/2009\\\/11\\\/17\\\/fabio-capello-promuove-le-eccellenze-venete-da-harrods-a-londra-anche-mohamed-al-fayed-visita-lo-spazio-veneto\\\/\"]}]},{\"@type\":\"ImageObject\",\"inLanguage\":\"fr-FR\",\"@id\":\"https:\\\/\\\/www.bellunopress.it\\\/2009\\\/11\\\/17\\\/fabio-capello-promuove-le-eccellenze-venete-da-harrods-a-londra-anche-mohamed-al-fayed-visita-lo-spazio-veneto\\\/#primaryimage\",\"url\":\"http:\\\/\\\/www.bellunopress.it\\\/wp-content\\\/uploads\\\/2009\\\/11\\\/capello-manzato-al-fayed.jpg\",\"contentUrl\":\"http:\\\/\\\/www.bellunopress.it\\\/wp-content\\\/uploads\\\/2009\\\/11\\\/capello-manzato-al-fayed.jpg\"},{\"@type\":\"BreadcrumbList\",\"@id\":\"https:\\\/\\\/www.bellunopress.it\\\/2009\\\/11\\\/17\\\/fabio-capello-promuove-le-eccellenze-venete-da-harrods-a-londra-anche-mohamed-al-fayed-visita-lo-spazio-veneto\\\/#breadcrumb\",\"itemListElement\":[{\"@type\":\"ListItem\",\"position\":1,\"name\":\"Home\",\"item\":\"https:\\\/\\\/www.bellunopress.it\\\/\"},{\"@type\":\"ListItem\",\"position\":2,\"name\":\"Fabio Capello promuove le eccellenze venete da Harrods a Londra. Anche Mohamed Al Fayed visita lo spazio veneto\"}]},{\"@type\":\"WebSite\",\"@id\":\"https:\\\/\\\/www.bellunopress.it\\\/#website\",\"url\":\"https:\\\/\\\/www.bellunopress.it\\\/\",\"name\":\"Bellunopress - Dolomiti\",\"description\":\"e-mail: redazione@bellunopress.it\",\"publisher\":{\"@id\":\"https:\\\/\\\/www.bellunopress.it\\\/#organization\"},\"potentialAction\":[{\"@type\":\"SearchAction\",\"target\":{\"@type\":\"EntryPoint\",\"urlTemplate\":\"https:\\\/\\\/www.bellunopress.it\\\/?s={search_term_string}\"},\"query-input\":{\"@type\":\"PropertyValueSpecification\",\"valueRequired\":true,\"valueName\":\"search_term_string\"}}],\"inLanguage\":\"fr-FR\"},{\"@type\":\"Organization\",\"@id\":\"https:\\\/\\\/www.bellunopress.it\\\/#organization\",\"name\":\"Bellunopress\",\"url\":\"https:\\\/\\\/www.bellunopress.it\\\/\",\"logo\":{\"@type\":\"ImageObject\",\"inLanguage\":\"fr-FR\",\"@id\":\"https:\\\/\\\/www.bellunopress.it\\\/#\\\/schema\\\/logo\\\/image\\\/\",\"url\":\"https:\\\/\\\/www.bellunopress.it\\\/wp-content\\\/uploads\\\/2011\\\/05\\\/cropped-logo-bellunopress-.jpg\",\"contentUrl\":\"https:\\\/\\\/www.bellunopress.it\\\/wp-content\\\/uploads\\\/2011\\\/05\\\/cropped-logo-bellunopress-.jpg\",\"width\":512,\"height\":512,\"caption\":\"Bellunopress\"},\"image\":{\"@id\":\"https:\\\/\\\/www.bellunopress.it\\\/#\\\/schema\\\/logo\\\/image\\\/\"},\"sameAs\":[\"https:\\\/\\\/www.facebook.com\\\/profile.php?id=100008943462799\",\"https:\\\/\\\/x.com\\\/bellunopress\",\"https:\\\/\\\/www.linkedin.com\\\/hp\\\/?dnr=JBzUWaJfMUw8vbXJJ2tVW5-I3jZKvC4wsoxE&amp;amp;amp;amp;amp;amp;trk=nav_responsive_tab_home\",\"https:\\\/\\\/www.youtube.com\\\/channel\\\/UCxL0wu1uN0_3_7hGG0306cw\"]},{\"@type\":\"Person\",\"@id\":\"https:\\\/\\\/www.bellunopress.it\\\/#\\\/schema\\\/person\\\/79bb06722b37ece1c03d3e94beb30d73\",\"name\":\"redazione\",\"image\":{\"@type\":\"ImageObject\",\"inLanguage\":\"fr-FR\",\"@id\":\"https:\\\/\\\/secure.gravatar.com\\\/avatar\\\/37d968a2e67a6fd04c169c4bdef102d0bc5d31b2546345219e348575eb80e9a0?s=96&d=mm&r=g\",\"url\":\"https:\\\/\\\/secure.gravatar.com\\\/avatar\\\/37d968a2e67a6fd04c169c4bdef102d0bc5d31b2546345219e348575eb80e9a0?s=96&d=mm&r=g\",\"contentUrl\":\"https:\\\/\\\/secure.gravatar.com\\\/avatar\\\/37d968a2e67a6fd04c169c4bdef102d0bc5d31b2546345219e348575eb80e9a0?s=96&d=mm&r=g\",\"caption\":\"redazione\"},\"sameAs\":[\"http:\\\/\\\/www.bellunopress.it\",\"https:\\\/\\\/x.com\\\/bellunopress\"],\"url\":\"https:\\\/\\\/www.bellunopress.it\\\/fr\\\/author\\\/redazione\\\/\"}]}<\/script>\n<!-- \/ Yoast SEO plugin. -->","yoast_head_json":{"title":"Fabio Capello promuove le eccellenze venete da Harrods a Londra. Anche Mohamed Al Fayed visita lo spazio veneto - Bellunopress - Dolomiti","robots":{"index":"index","follow":"follow","max-snippet":"max-snippet:-1","max-image-preview":"max-image-preview:large","max-video-preview":"max-video-preview:-1"},"canonical":"https:\/\/www.bellunopress.it\/fr\/2009\/11\/17\/fabio-capello-promuove-le-eccellenze-venete-da-harrods-a-londra-anche-mohamed-al-fayed-visita-lo-spazio-veneto\/","og_locale":"fr_FR","og_type":"article","og_title":"Fabio Capello promuove le eccellenze venete da Harrods a Londra. Anche Mohamed Al Fayed visita lo spazio veneto - Bellunopress - Dolomiti","og_description":"\u201cPorterei volentieri la Nazionale in Veneto, perch\u00e8 \u00e8 un territorio che racchiude tutto ci\u00f2 di cui si pu\u00f2 aver bisogno\u201d. Lo ha detto davanti a decine di giornalisti britannici, \u201cmister\u201d Fabio Capello, allenatore della selezione inglese e l\u2019italiano pi\u00f9 amato nel Regno Unito, passeggiando nelle stanze dei grandi magazzini Harrods che in questi giorni espongono [&hellip;]","og_url":"https:\/\/www.bellunopress.it\/fr\/2009\/11\/17\/fabio-capello-promuove-le-eccellenze-venete-da-harrods-a-londra-anche-mohamed-al-fayed-visita-lo-spazio-veneto\/","og_site_name":"Bellunopress - Dolomiti","article_publisher":"https:\/\/www.facebook.com\/profile.php?id=100008943462799","article_published_time":"2009-11-17T10:23:55+00:00","og_image":[{"url":"http:\/\/www.bellunopress.it\/wp-content\/uploads\/2009\/11\/capello-manzato-al-fayed.jpg","type":"","width":"","height":""}],"author":"redazione","twitter_card":"summary_large_image","twitter_creator":"@bellunopress","twitter_site":"@bellunopress","twitter_misc":{"\u00c9crit par":"redazione","Dur\u00e9e de lecture estim\u00e9e":"2 minutes"},"schema":{"@context":"https:\/\/schema.org","@graph":[{"@type":"Article","@id":"https:\/\/www.bellunopress.it\/2009\/11\/17\/fabio-capello-promuove-le-eccellenze-venete-da-harrods-a-londra-anche-mohamed-al-fayed-visita-lo-spazio-veneto\/#article","isPartOf":{"@id":"https:\/\/www.bellunopress.it\/2009\/11\/17\/fabio-capello-promuove-le-eccellenze-venete-da-harrods-a-londra-anche-mohamed-al-fayed-visita-lo-spazio-veneto\/"},"author":{"name":"redazione","@id":"https:\/\/www.bellunopress.it\/#\/schema\/person\/79bb06722b37ece1c03d3e94beb30d73"},"headline":"Fabio Capello promuove le eccellenze venete da Harrods a Londra. Anche Mohamed Al Fayed visita lo spazio veneto","datePublished":"2009-11-17T10:23:55+00:00","mainEntityOfPage":{"@id":"https:\/\/www.bellunopress.it\/2009\/11\/17\/fabio-capello-promuove-le-eccellenze-venete-da-harrods-a-londra-anche-mohamed-al-fayed-visita-lo-spazio-veneto\/"},"wordCount":472,"publisher":{"@id":"https:\/\/www.bellunopress.it\/#organization"},"image":{"@id":"https:\/\/www.bellunopress.it\/2009\/11\/17\/fabio-capello-promuove-le-eccellenze-venete-da-harrods-a-londra-anche-mohamed-al-fayed-visita-lo-spazio-veneto\/#primaryimage"},"thumbnailUrl":"http:\/\/www.bellunopress.it\/wp-content\/uploads\/2009\/11\/capello-manzato-al-fayed.jpg","keywords":["Belluno","Dolomiti"],"articleSection":["Lavoro, Economia, Turismo","Pausa Caff\u00e8"],"inLanguage":"fr-FR"},{"@type":"WebPage","@id":"https:\/\/www.bellunopress.it\/2009\/11\/17\/fabio-capello-promuove-le-eccellenze-venete-da-harrods-a-londra-anche-mohamed-al-fayed-visita-lo-spazio-veneto\/","url":"https:\/\/www.bellunopress.it\/2009\/11\/17\/fabio-capello-promuove-le-eccellenze-venete-da-harrods-a-londra-anche-mohamed-al-fayed-visita-lo-spazio-veneto\/","name":"Fabio Capello promuove le eccellenze venete da Harrods a Londra. Anche Mohamed Al Fayed visita lo spazio veneto - Bellunopress - Dolomiti","isPartOf":{"@id":"https:\/\/www.bellunopress.it\/#website"},"primaryImageOfPage":{"@id":"https:\/\/www.bellunopress.it\/2009\/11\/17\/fabio-capello-promuove-le-eccellenze-venete-da-harrods-a-londra-anche-mohamed-al-fayed-visita-lo-spazio-veneto\/#primaryimage"},"image":{"@id":"https:\/\/www.bellunopress.it\/2009\/11\/17\/fabio-capello-promuove-le-eccellenze-venete-da-harrods-a-londra-anche-mohamed-al-fayed-visita-lo-spazio-veneto\/#primaryimage"},"thumbnailUrl":"http:\/\/www.bellunopress.it\/wp-content\/uploads\/2009\/11\/capello-manzato-al-fayed.jpg","datePublished":"2009-11-17T10:23:55+00:00","breadcrumb":{"@id":"https:\/\/www.bellunopress.it\/2009\/11\/17\/fabio-capello-promuove-le-eccellenze-venete-da-harrods-a-londra-anche-mohamed-al-fayed-visita-lo-spazio-veneto\/#breadcrumb"},"inLanguage":"fr-FR","potentialAction":[{"@type":"ReadAction","target":["https:\/\/www.bellunopress.it\/2009\/11\/17\/fabio-capello-promuove-le-eccellenze-venete-da-harrods-a-londra-anche-mohamed-al-fayed-visita-lo-spazio-veneto\/"]}]},{"@type":"ImageObject","inLanguage":"fr-FR","@id":"https:\/\/www.bellunopress.it\/2009\/11\/17\/fabio-capello-promuove-le-eccellenze-venete-da-harrods-a-londra-anche-mohamed-al-fayed-visita-lo-spazio-veneto\/#primaryimage","url":"http:\/\/www.bellunopress.it\/wp-content\/uploads\/2009\/11\/capello-manzato-al-fayed.jpg","contentUrl":"http:\/\/www.bellunopress.it\/wp-content\/uploads\/2009\/11\/capello-manzato-al-fayed.jpg"},{"@type":"BreadcrumbList","@id":"https:\/\/www.bellunopress.it\/2009\/11\/17\/fabio-capello-promuove-le-eccellenze-venete-da-harrods-a-londra-anche-mohamed-al-fayed-visita-lo-spazio-veneto\/#breadcrumb","itemListElement":[{"@type":"ListItem","position":1,"name":"Home","item":"https:\/\/www.bellunopress.it\/"},{"@type":"ListItem","position":2,"name":"Fabio Capello promuove le eccellenze venete da Harrods a Londra. Anche Mohamed Al Fayed visita lo spazio veneto"}]},{"@type":"WebSite","@id":"https:\/\/www.bellunopress.it\/#website","url":"https:\/\/www.bellunopress.it\/","name":"Bellunopress - Dolomiti","description":"e-mail: redazione@bellunopress.it","publisher":{"@id":"https:\/\/www.bellunopress.it\/#organization"},"potentialAction":[{"@type":"SearchAction","target":{"@type":"EntryPoint","urlTemplate":"https:\/\/www.bellunopress.it\/?s={search_term_string}"},"query-input":{"@type":"PropertyValueSpecification","valueRequired":true,"valueName":"search_term_string"}}],"inLanguage":"fr-FR"},{"@type":"Organization","@id":"https:\/\/www.bellunopress.it\/#organization","name":"Bellunopress","url":"https:\/\/www.bellunopress.it\/","logo":{"@type":"ImageObject","inLanguage":"fr-FR","@id":"https:\/\/www.bellunopress.it\/#\/schema\/logo\/image\/","url":"https:\/\/www.bellunopress.it\/wp-content\/uploads\/2011\/05\/cropped-logo-bellunopress-.jpg","contentUrl":"https:\/\/www.bellunopress.it\/wp-content\/uploads\/2011\/05\/cropped-logo-bellunopress-.jpg","width":512,"height":512,"caption":"Bellunopress"},"image":{"@id":"https:\/\/www.bellunopress.it\/#\/schema\/logo\/image\/"},"sameAs":["https:\/\/www.facebook.com\/profile.php?id=100008943462799","https:\/\/x.com\/bellunopress","https:\/\/www.linkedin.com\/hp\/?dnr=JBzUWaJfMUw8vbXJJ2tVW5-I3jZKvC4wsoxE&amp;amp;amp;amp;amp;amp;trk=nav_responsive_tab_home","https:\/\/www.youtube.com\/channel\/UCxL0wu1uN0_3_7hGG0306cw"]},{"@type":"Person","@id":"https:\/\/www.bellunopress.it\/#\/schema\/person\/79bb06722b37ece1c03d3e94beb30d73","name":"r\u00e9daction","image":{"@type":"ImageObject","inLanguage":"fr-FR","@id":"https:\/\/secure.gravatar.com\/avatar\/37d968a2e67a6fd04c169c4bdef102d0bc5d31b2546345219e348575eb80e9a0?s=96&d=mm&r=g","url":"https:\/\/secure.gravatar.com\/avatar\/37d968a2e67a6fd04c169c4bdef102d0bc5d31b2546345219e348575eb80e9a0?s=96&d=mm&r=g","contentUrl":"https:\/\/secure.gravatar.com\/avatar\/37d968a2e67a6fd04c169c4bdef102d0bc5d31b2546345219e348575eb80e9a0?s=96&d=mm&r=g","caption":"redazione"},"sameAs":["http:\/\/www.bellunopress.it","https:\/\/x.com\/bellunopress"],"url":"https:\/\/www.bellunopress.it\/fr\/author\/redazione\/"}]}},"_links":{"self":[{"href":"https:\/\/www.bellunopress.it\/fr\/wp-json\/wp\/v2\/posts\/9815","targetHints":{"allow":["GET"]}}],"collection":[{"href":"https:\/\/www.bellunopress.it\/fr\/wp-json\/wp\/v2\/posts"}],"about":[{"href":"https:\/\/www.bellunopress.it\/fr\/wp-json\/wp\/v2\/types\/post"}],"author":[{"embeddable":true,"href":"https:\/\/www.bellunopress.it\/fr\/wp-json\/wp\/v2\/users\/2"}],"replies":[{"embeddable":true,"href":"https:\/\/www.bellunopress.it\/fr\/wp-json\/wp\/v2\/comments?post=9815"}],"version-history":[{"count":1,"href":"https:\/\/www.bellunopress.it\/fr\/wp-json\/wp\/v2\/posts\/9815\/revisions"}],"predecessor-version":[{"id":9817,"href":"https:\/\/www.bellunopress.it\/fr\/wp-json\/wp\/v2\/posts\/9815\/revisions\/9817"}],"wp:attachment":[{"href":"https:\/\/www.bellunopress.it\/fr\/wp-json\/wp\/v2\/media?parent=9815"}],"wp:term":[{"taxonomy":"category","embeddable":true,"href":"https:\/\/www.bellunopress.it\/fr\/wp-json\/wp\/v2\/categories?post=9815"},{"taxonomy":"post_tag","embeddable":true,"href":"https:\/\/www.bellunopress.it\/fr\/wp-json\/wp\/v2\/tags?post=9815"}],"curies":[{"name":"wp","href":"https:\/\/api.w.org\/{rel}","templated":true}]}}