{"id":9813,"date":"2009-11-16T21:43:20","date_gmt":"2009-11-16T20:43:20","guid":{"rendered":"http:\/\/www.bellunopress.it\/?p=9813"},"modified":"2009-11-16T21:43:20","modified_gmt":"2009-11-16T20:43:20","slug":"influenza-riunita-unita-di-crisi-veneto-la-regione-da-subito-il-vaccino-alle-persone-sane-tra-6-mesi-e-27-anni","status":"publish","type":"post","link":"https:\/\/www.bellunopress.it\/fr\/2009\/11\/16\/influenza-riunita-unita-di-crisi-veneto-la-regione-da-subito-il-vaccino-alle-persone-sane-tra-6-mesi-e-27-anni\/","title":{"rendered":"Influenza: riunita unit\u00e0 di crisi Veneto. La Regione: da subito il vaccino alle persone sane tra 6 mesi e 27 anni"},"content":{"rendered":"<p>In Veneto la vaccinazione contro l\u2019influenza A\/H1N1 verr\u00e0 offerta da subito, oltre che alle categorie prioritarie per le quali \u00e8 gi\u00e0 in corso, anche ai soggetti sani tra 6 mesi e 27 anni, in considerazione di motivazioni epidemiologiche (\u00e8 questa la fascia d\u2019et\u00e0 di gran lunga pi\u00f9 colpita sinora) e della sufficiente disponibilit\u00e0 di vaccini, stante che sinora la percentuale delle persone aventi diritto che si \u00e8 vaccinata non supera mediamente il 20%. E\u2019 questa la principale decisione scaturita dall\u2019Unit\u00e0 di Crisi Regionale, riunitasi oggi a Venezia per valutare l\u2019andamento dell\u2019epidemia influenzale e della campagna vaccinale. Attualmente la disponibilit\u00e0 di dosi in Veneto \u00e8 arrivata a quota 260.000 e toccher\u00e0 300.000 a fine settimana. \u201cSe da un lato c\u2019\u00e8 un po\u2019 di rammarico per la scarsa adesione sinora riscontrata \u2013 sottolinea l\u2019Assessore alla Sanit\u00e0 Sandro Sandri \u2013 dall\u2019altro \u00e8 un fatto positivo quello di poter allargare da subito l\u2019offerta vaccinale a tutti i nostri giovani, che risultano i pi\u00f9 colpiti dal virus. Rivolgo a tutti un nuovo appello a vaccinarsi \u2013 aggiunge Sandri &#8211; in particolare ad una categoria di persone molto a rischio come le puerpere al 2\u00b0 e 3\u00b0 trimestre di gravidanza. Questo vaccino \u2013 aggiunge Sandri \u2013 \u00e8 sicuro, \u00e8 stato testato su un numero di volontari anche superiore a quello del vaccino stagionale, ed \u00e8 stato certificato da tutti i massimi organismi scientifici internazionali e nazionali. Il timore che \u00e8 stato diffuso tra la gente \u00e8 infondato e mi auguro che pian piano tutti se ne possano convincere\u201d. Su questo fronte, l\u2019Unit\u00e0 di Crisi ha anche valutato delle segnalazioni pervenute secondo le quali alcuni medici sul territorio, contrari al vaccino, avrebbero rifiutato di distribuire ai pazienti il relativo materiale informativo. \u201cMi auguro che ci\u00f2 non corrisponda al vero \u2013 ha commentato Sandri \u2013 perch\u00e9, se cos\u00ec fosse, sarebbe molto grave: un comportamento che potrebbe portare ad una lettera di censura ma anche, all\u2019estremo, all\u2019interruzione del rapporto convenzionale\u201d. Riguardo all\u2019organizzazione ospedaliera, l\u2019Unit\u00e0 di Crisi ha deciso di rafforzare il monitoraggio della disponibilit\u00e0 di posti letto nelle Terapie Intensive, che gi\u00e0 da ieri viene compiuto due volte al giorno. E\u2019 infine pronta la gara per l\u2019acquisto dei saturimetri di cui dotare i medici di medicina generale, che si terr\u00e0 a giorni. Il saturimetro \u00e8 uno strumento con il quale \u00e8 possibile misurare velocemente l\u2019ossigenazione del sangue ed \u00e8 particolarmente utile per ottenere un dato sulla base del quale, nel corso di una visita domiciliare, valutare l\u2019opportunit\u00e0 o meno del ricovero del paziente con difficolt\u00e0 respiratorie.<\/p>","protected":false},"excerpt":{"rendered":"<p>In Veneto la vaccinazione contro l\u2019influenza A\/H1N1 verr\u00e0 offerta da subito, oltre che alle categorie prioritarie per le quali \u00e8 gi\u00e0 in corso, anche ai soggetti sani tra 6 mesi e 27 anni, in considerazione di motivazioni epidemiologiche (\u00e8 questa la fascia d\u2019et\u00e0 di gran lunga pi\u00f9 colpita sinora) e della sufficiente disponibilit\u00e0 di vaccini, [&hellip;]<\/p>\n","protected":false},"author":2,"featured_media":0,"comment_status":"closed","ping_status":"open","sticky":false,"template":"","format":"standard","meta":{"footnotes":""},"categories":[26,17],"tags":[3050],"class_list":["post-9813","post","type-post","status-publish","format-standard","category-prima-pagina","category-sanita","tag-sanita"],"yoast_head":"<!-- This site is optimized with the Yoast SEO plugin v28.4 - https:\/\/yoast.com\/product\/yoast-seo-wordpress\/ -->\n<title>Influenza: riunita unit\u00e0 di crisi Veneto. La Regione: da subito il vaccino alle persone sane tra 6 mesi e 27 anni - Bellunopress - Dolomiti<\/title>\n<meta name=\"robots\" content=\"index, follow, max-snippet:-1, max-image-preview:large, max-video-preview:-1\" \/>\n<link rel=\"canonical\" href=\"https:\/\/www.bellunopress.it\/fr\/2009\/11\/16\/influenza-riunita-unita-di-crisi-veneto-la-regione-da-subito-il-vaccino-alle-persone-sane-tra-6-mesi-e-27-anni\/\" \/>\n<meta property=\"og:locale\" content=\"fr_FR\" \/>\n<meta property=\"og:type\" content=\"article\" \/>\n<meta property=\"og:title\" content=\"Influenza: riunita unit\u00e0 di crisi Veneto. La Regione: da subito il vaccino alle persone sane tra 6 mesi e 27 anni - Bellunopress - Dolomiti\" \/>\n<meta property=\"og:description\" content=\"In Veneto la vaccinazione contro l\u2019influenza A\/H1N1 verr\u00e0 offerta da subito, oltre che alle categorie prioritarie per le quali \u00e8 gi\u00e0 in corso, anche ai soggetti sani tra 6 mesi e 27 anni, in considerazione di motivazioni epidemiologiche (\u00e8 questa la fascia d\u2019et\u00e0 di gran lunga pi\u00f9 colpita sinora) e della sufficiente disponibilit\u00e0 di vaccini, [&hellip;]\" \/>\n<meta property=\"og:url\" content=\"https:\/\/www.bellunopress.it\/fr\/2009\/11\/16\/influenza-riunita-unita-di-crisi-veneto-la-regione-da-subito-il-vaccino-alle-persone-sane-tra-6-mesi-e-27-anni\/\" \/>\n<meta property=\"og:site_name\" content=\"Bellunopress - Dolomiti\" \/>\n<meta property=\"article:publisher\" content=\"https:\/\/www.facebook.com\/profile.php?id=100008943462799\" \/>\n<meta property=\"article:published_time\" content=\"2009-11-16T20:43:20+00:00\" \/>\n<meta property=\"og:image\" content=\"http:\/\/www.bellunopress.it\/wp-content\/uploads\/2012\/07\/logo-bellunopress-250x250-2012.jpg\" \/>\n<meta name=\"author\" content=\"redazione\" \/>\n<meta name=\"twitter:card\" content=\"summary_large_image\" \/>\n<meta name=\"twitter:creator\" content=\"@bellunopress\" \/>\n<meta name=\"twitter:site\" content=\"@bellunopress\" \/>\n<meta name=\"twitter:label1\" content=\"Written by\" \/>\n\t<meta name=\"twitter:data1\" content=\"redazione\" \/>\n\t<meta name=\"twitter:label2\" content=\"Est. reading time\" \/>\n\t<meta name=\"twitter:data2\" content=\"2 minutes\" \/>\n<script type=\"application\/ld+json\" class=\"yoast-schema-graph\">{\"@context\":\"https:\\\/\\\/schema.org\",\"@graph\":[{\"@type\":\"Article\",\"@id\":\"https:\\\/\\\/www.bellunopress.it\\\/2009\\\/11\\\/16\\\/influenza-riunita-unita-di-crisi-veneto-la-regione-da-subito-il-vaccino-alle-persone-sane-tra-6-mesi-e-27-anni\\\/#article\",\"isPartOf\":{\"@id\":\"https:\\\/\\\/www.bellunopress.it\\\/2009\\\/11\\\/16\\\/influenza-riunita-unita-di-crisi-veneto-la-regione-da-subito-il-vaccino-alle-persone-sane-tra-6-mesi-e-27-anni\\\/\"},\"author\":{\"name\":\"redazione\",\"@id\":\"https:\\\/\\\/www.bellunopress.it\\\/#\\\/schema\\\/person\\\/79bb06722b37ece1c03d3e94beb30d73\"},\"headline\":\"Influenza: riunita unit\u00e0 di crisi Veneto. La Regione: da subito il vaccino alle persone sane tra 6 mesi e 27 anni\",\"datePublished\":\"2009-11-16T20:43:20+00:00\",\"mainEntityOfPage\":{\"@id\":\"https:\\\/\\\/www.bellunopress.it\\\/2009\\\/11\\\/16\\\/influenza-riunita-unita-di-crisi-veneto-la-regione-da-subito-il-vaccino-alle-persone-sane-tra-6-mesi-e-27-anni\\\/\"},\"wordCount\":427,\"publisher\":{\"@id\":\"https:\\\/\\\/www.bellunopress.it\\\/#organization\"},\"keywords\":[\"Sanit\u00e0\"],\"articleSection\":[\"Prima Pagina\",\"Sanit\u00e0 Medicina\"],\"inLanguage\":\"fr-FR\"},{\"@type\":\"WebPage\",\"@id\":\"https:\\\/\\\/www.bellunopress.it\\\/2009\\\/11\\\/16\\\/influenza-riunita-unita-di-crisi-veneto-la-regione-da-subito-il-vaccino-alle-persone-sane-tra-6-mesi-e-27-anni\\\/\",\"url\":\"https:\\\/\\\/www.bellunopress.it\\\/2009\\\/11\\\/16\\\/influenza-riunita-unita-di-crisi-veneto-la-regione-da-subito-il-vaccino-alle-persone-sane-tra-6-mesi-e-27-anni\\\/\",\"name\":\"Influenza: riunita unit\u00e0 di crisi Veneto. La Regione: da subito il vaccino alle persone sane tra 6 mesi e 27 anni - Bellunopress - Dolomiti\",\"isPartOf\":{\"@id\":\"https:\\\/\\\/www.bellunopress.it\\\/#website\"},\"datePublished\":\"2009-11-16T20:43:20+00:00\",\"breadcrumb\":{\"@id\":\"https:\\\/\\\/www.bellunopress.it\\\/2009\\\/11\\\/16\\\/influenza-riunita-unita-di-crisi-veneto-la-regione-da-subito-il-vaccino-alle-persone-sane-tra-6-mesi-e-27-anni\\\/#breadcrumb\"},\"inLanguage\":\"fr-FR\",\"potentialAction\":[{\"@type\":\"ReadAction\",\"target\":[\"https:\\\/\\\/www.bellunopress.it\\\/2009\\\/11\\\/16\\\/influenza-riunita-unita-di-crisi-veneto-la-regione-da-subito-il-vaccino-alle-persone-sane-tra-6-mesi-e-27-anni\\\/\"]}]},{\"@type\":\"BreadcrumbList\",\"@id\":\"https:\\\/\\\/www.bellunopress.it\\\/2009\\\/11\\\/16\\\/influenza-riunita-unita-di-crisi-veneto-la-regione-da-subito-il-vaccino-alle-persone-sane-tra-6-mesi-e-27-anni\\\/#breadcrumb\",\"itemListElement\":[{\"@type\":\"ListItem\",\"position\":1,\"name\":\"Home\",\"item\":\"https:\\\/\\\/www.bellunopress.it\\\/\"},{\"@type\":\"ListItem\",\"position\":2,\"name\":\"Influenza: riunita unit\u00e0 di crisi Veneto. La Regione: da subito il vaccino alle persone sane tra 6 mesi e 27 anni\"}]},{\"@type\":\"WebSite\",\"@id\":\"https:\\\/\\\/www.bellunopress.it\\\/#website\",\"url\":\"https:\\\/\\\/www.bellunopress.it\\\/\",\"name\":\"Bellunopress - Dolomiti\",\"description\":\"e-mail: redazione@bellunopress.it\",\"publisher\":{\"@id\":\"https:\\\/\\\/www.bellunopress.it\\\/#organization\"},\"potentialAction\":[{\"@type\":\"SearchAction\",\"target\":{\"@type\":\"EntryPoint\",\"urlTemplate\":\"https:\\\/\\\/www.bellunopress.it\\\/?s={search_term_string}\"},\"query-input\":{\"@type\":\"PropertyValueSpecification\",\"valueRequired\":true,\"valueName\":\"search_term_string\"}}],\"inLanguage\":\"fr-FR\"},{\"@type\":\"Organization\",\"@id\":\"https:\\\/\\\/www.bellunopress.it\\\/#organization\",\"name\":\"Bellunopress\",\"url\":\"https:\\\/\\\/www.bellunopress.it\\\/\",\"logo\":{\"@type\":\"ImageObject\",\"inLanguage\":\"fr-FR\",\"@id\":\"https:\\\/\\\/www.bellunopress.it\\\/#\\\/schema\\\/logo\\\/image\\\/\",\"url\":\"https:\\\/\\\/www.bellunopress.it\\\/wp-content\\\/uploads\\\/2011\\\/05\\\/cropped-logo-bellunopress-.jpg\",\"contentUrl\":\"https:\\\/\\\/www.bellunopress.it\\\/wp-content\\\/uploads\\\/2011\\\/05\\\/cropped-logo-bellunopress-.jpg\",\"width\":512,\"height\":512,\"caption\":\"Bellunopress\"},\"image\":{\"@id\":\"https:\\\/\\\/www.bellunopress.it\\\/#\\\/schema\\\/logo\\\/image\\\/\"},\"sameAs\":[\"https:\\\/\\\/www.facebook.com\\\/profile.php?id=100008943462799\",\"https:\\\/\\\/x.com\\\/bellunopress\",\"https:\\\/\\\/www.linkedin.com\\\/hp\\\/?dnr=JBzUWaJfMUw8vbXJJ2tVW5-I3jZKvC4wsoxE&amp;amp;amp;amp;amp;amp;trk=nav_responsive_tab_home\",\"https:\\\/\\\/www.youtube.com\\\/channel\\\/UCxL0wu1uN0_3_7hGG0306cw\"]},{\"@type\":\"Person\",\"@id\":\"https:\\\/\\\/www.bellunopress.it\\\/#\\\/schema\\\/person\\\/79bb06722b37ece1c03d3e94beb30d73\",\"name\":\"redazione\",\"image\":{\"@type\":\"ImageObject\",\"inLanguage\":\"fr-FR\",\"@id\":\"https:\\\/\\\/secure.gravatar.com\\\/avatar\\\/37d968a2e67a6fd04c169c4bdef102d0bc5d31b2546345219e348575eb80e9a0?s=96&d=mm&r=g\",\"url\":\"https:\\\/\\\/secure.gravatar.com\\\/avatar\\\/37d968a2e67a6fd04c169c4bdef102d0bc5d31b2546345219e348575eb80e9a0?s=96&d=mm&r=g\",\"contentUrl\":\"https:\\\/\\\/secure.gravatar.com\\\/avatar\\\/37d968a2e67a6fd04c169c4bdef102d0bc5d31b2546345219e348575eb80e9a0?s=96&d=mm&r=g\",\"caption\":\"redazione\"},\"sameAs\":[\"http:\\\/\\\/www.bellunopress.it\",\"https:\\\/\\\/x.com\\\/bellunopress\"],\"url\":\"https:\\\/\\\/www.bellunopress.it\\\/fr\\\/author\\\/redazione\\\/\"}]}<\/script>\n<!-- \/ Yoast SEO plugin. -->","yoast_head_json":{"title":"Influenza: riunita unit\u00e0 di crisi Veneto. La Regione: da subito il vaccino alle persone sane tra 6 mesi e 27 anni - Bellunopress - Dolomiti","robots":{"index":"index","follow":"follow","max-snippet":"max-snippet:-1","max-image-preview":"max-image-preview:large","max-video-preview":"max-video-preview:-1"},"canonical":"https:\/\/www.bellunopress.it\/fr\/2009\/11\/16\/influenza-riunita-unita-di-crisi-veneto-la-regione-da-subito-il-vaccino-alle-persone-sane-tra-6-mesi-e-27-anni\/","og_locale":"fr_FR","og_type":"article","og_title":"Influenza: riunita unit\u00e0 di crisi Veneto. La Regione: da subito il vaccino alle persone sane tra 6 mesi e 27 anni - Bellunopress - Dolomiti","og_description":"In Veneto la vaccinazione contro l\u2019influenza A\/H1N1 verr\u00e0 offerta da subito, oltre che alle categorie prioritarie per le quali \u00e8 gi\u00e0 in corso, anche ai soggetti sani tra 6 mesi e 27 anni, in considerazione di motivazioni epidemiologiche (\u00e8 questa la fascia d\u2019et\u00e0 di gran lunga pi\u00f9 colpita sinora) e della sufficiente disponibilit\u00e0 di vaccini, [&hellip;]","og_url":"https:\/\/www.bellunopress.it\/fr\/2009\/11\/16\/influenza-riunita-unita-di-crisi-veneto-la-regione-da-subito-il-vaccino-alle-persone-sane-tra-6-mesi-e-27-anni\/","og_site_name":"Bellunopress - Dolomiti","article_publisher":"https:\/\/www.facebook.com\/profile.php?id=100008943462799","article_published_time":"2009-11-16T20:43:20+00:00","og_image":[{"url":"http:\/\/www.bellunopress.it\/wp-content\/uploads\/2012\/07\/logo-bellunopress-250x250-2012.jpg","type":"","width":"","height":""}],"author":"redazione","twitter_card":"summary_large_image","twitter_creator":"@bellunopress","twitter_site":"@bellunopress","twitter_misc":{"Written by":"redazione","Est. reading time":"2 minutes"},"schema":{"@context":"https:\/\/schema.org","@graph":[{"@type":"Article","@id":"https:\/\/www.bellunopress.it\/2009\/11\/16\/influenza-riunita-unita-di-crisi-veneto-la-regione-da-subito-il-vaccino-alle-persone-sane-tra-6-mesi-e-27-anni\/#article","isPartOf":{"@id":"https:\/\/www.bellunopress.it\/2009\/11\/16\/influenza-riunita-unita-di-crisi-veneto-la-regione-da-subito-il-vaccino-alle-persone-sane-tra-6-mesi-e-27-anni\/"},"author":{"name":"redazione","@id":"https:\/\/www.bellunopress.it\/#\/schema\/person\/79bb06722b37ece1c03d3e94beb30d73"},"headline":"Influenza: riunita unit\u00e0 di crisi Veneto. La Regione: da subito il vaccino alle persone sane tra 6 mesi e 27 anni","datePublished":"2009-11-16T20:43:20+00:00","mainEntityOfPage":{"@id":"https:\/\/www.bellunopress.it\/2009\/11\/16\/influenza-riunita-unita-di-crisi-veneto-la-regione-da-subito-il-vaccino-alle-persone-sane-tra-6-mesi-e-27-anni\/"},"wordCount":427,"publisher":{"@id":"https:\/\/www.bellunopress.it\/#organization"},"keywords":["Sanit\u00e0"],"articleSection":["Prima Pagina","Sanit\u00e0 Medicina"],"inLanguage":"fr-FR"},{"@type":"WebPage","@id":"https:\/\/www.bellunopress.it\/2009\/11\/16\/influenza-riunita-unita-di-crisi-veneto-la-regione-da-subito-il-vaccino-alle-persone-sane-tra-6-mesi-e-27-anni\/","url":"https:\/\/www.bellunopress.it\/2009\/11\/16\/influenza-riunita-unita-di-crisi-veneto-la-regione-da-subito-il-vaccino-alle-persone-sane-tra-6-mesi-e-27-anni\/","name":"Influenza: riunita unit\u00e0 di crisi Veneto. La Regione: da subito il vaccino alle persone sane tra 6 mesi e 27 anni - Bellunopress - Dolomiti","isPartOf":{"@id":"https:\/\/www.bellunopress.it\/#website"},"datePublished":"2009-11-16T20:43:20+00:00","breadcrumb":{"@id":"https:\/\/www.bellunopress.it\/2009\/11\/16\/influenza-riunita-unita-di-crisi-veneto-la-regione-da-subito-il-vaccino-alle-persone-sane-tra-6-mesi-e-27-anni\/#breadcrumb"},"inLanguage":"fr-FR","potentialAction":[{"@type":"ReadAction","target":["https:\/\/www.bellunopress.it\/2009\/11\/16\/influenza-riunita-unita-di-crisi-veneto-la-regione-da-subito-il-vaccino-alle-persone-sane-tra-6-mesi-e-27-anni\/"]}]},{"@type":"BreadcrumbList","@id":"https:\/\/www.bellunopress.it\/2009\/11\/16\/influenza-riunita-unita-di-crisi-veneto-la-regione-da-subito-il-vaccino-alle-persone-sane-tra-6-mesi-e-27-anni\/#breadcrumb","itemListElement":[{"@type":"ListItem","position":1,"name":"Home","item":"https:\/\/www.bellunopress.it\/"},{"@type":"ListItem","position":2,"name":"Influenza: riunita unit\u00e0 di crisi Veneto. La Regione: da subito il vaccino alle persone sane tra 6 mesi e 27 anni"}]},{"@type":"WebSite","@id":"https:\/\/www.bellunopress.it\/#website","url":"https:\/\/www.bellunopress.it\/","name":"Bellunopress - Dolomiti","description":"e-mail: redazione@bellunopress.it","publisher":{"@id":"https:\/\/www.bellunopress.it\/#organization"},"potentialAction":[{"@type":"SearchAction","target":{"@type":"EntryPoint","urlTemplate":"https:\/\/www.bellunopress.it\/?s={search_term_string}"},"query-input":{"@type":"PropertyValueSpecification","valueRequired":true,"valueName":"search_term_string"}}],"inLanguage":"fr-FR"},{"@type":"Organization","@id":"https:\/\/www.bellunopress.it\/#organization","name":"Bellunopress","url":"https:\/\/www.bellunopress.it\/","logo":{"@type":"ImageObject","inLanguage":"fr-FR","@id":"https:\/\/www.bellunopress.it\/#\/schema\/logo\/image\/","url":"https:\/\/www.bellunopress.it\/wp-content\/uploads\/2011\/05\/cropped-logo-bellunopress-.jpg","contentUrl":"https:\/\/www.bellunopress.it\/wp-content\/uploads\/2011\/05\/cropped-logo-bellunopress-.jpg","width":512,"height":512,"caption":"Bellunopress"},"image":{"@id":"https:\/\/www.bellunopress.it\/#\/schema\/logo\/image\/"},"sameAs":["https:\/\/www.facebook.com\/profile.php?id=100008943462799","https:\/\/x.com\/bellunopress","https:\/\/www.linkedin.com\/hp\/?dnr=JBzUWaJfMUw8vbXJJ2tVW5-I3jZKvC4wsoxE&amp;amp;amp;amp;amp;amp;trk=nav_responsive_tab_home","https:\/\/www.youtube.com\/channel\/UCxL0wu1uN0_3_7hGG0306cw"]},{"@type":"Person","@id":"https:\/\/www.bellunopress.it\/#\/schema\/person\/79bb06722b37ece1c03d3e94beb30d73","name":"r\u00e9daction","image":{"@type":"ImageObject","inLanguage":"fr-FR","@id":"https:\/\/secure.gravatar.com\/avatar\/37d968a2e67a6fd04c169c4bdef102d0bc5d31b2546345219e348575eb80e9a0?s=96&d=mm&r=g","url":"https:\/\/secure.gravatar.com\/avatar\/37d968a2e67a6fd04c169c4bdef102d0bc5d31b2546345219e348575eb80e9a0?s=96&d=mm&r=g","contentUrl":"https:\/\/secure.gravatar.com\/avatar\/37d968a2e67a6fd04c169c4bdef102d0bc5d31b2546345219e348575eb80e9a0?s=96&d=mm&r=g","caption":"redazione"},"sameAs":["http:\/\/www.bellunopress.it","https:\/\/x.com\/bellunopress"],"url":"https:\/\/www.bellunopress.it\/fr\/author\/redazione\/"}]}},"_links":{"self":[{"href":"https:\/\/www.bellunopress.it\/fr\/wp-json\/wp\/v2\/posts\/9813","targetHints":{"allow":["GET"]}}],"collection":[{"href":"https:\/\/www.bellunopress.it\/fr\/wp-json\/wp\/v2\/posts"}],"about":[{"href":"https:\/\/www.bellunopress.it\/fr\/wp-json\/wp\/v2\/types\/post"}],"author":[{"embeddable":true,"href":"https:\/\/www.bellunopress.it\/fr\/wp-json\/wp\/v2\/users\/2"}],"replies":[{"embeddable":true,"href":"https:\/\/www.bellunopress.it\/fr\/wp-json\/wp\/v2\/comments?post=9813"}],"version-history":[{"count":1,"href":"https:\/\/www.bellunopress.it\/fr\/wp-json\/wp\/v2\/posts\/9813\/revisions"}],"predecessor-version":[{"id":9814,"href":"https:\/\/www.bellunopress.it\/fr\/wp-json\/wp\/v2\/posts\/9813\/revisions\/9814"}],"wp:attachment":[{"href":"https:\/\/www.bellunopress.it\/fr\/wp-json\/wp\/v2\/media?parent=9813"}],"wp:term":[{"taxonomy":"category","embeddable":true,"href":"https:\/\/www.bellunopress.it\/fr\/wp-json\/wp\/v2\/categories?post=9813"},{"taxonomy":"post_tag","embeddable":true,"href":"https:\/\/www.bellunopress.it\/fr\/wp-json\/wp\/v2\/tags?post=9813"}],"curies":[{"name":"wp","href":"https:\/\/api.w.org\/{rel}","templated":true}]}}