{"id":97979,"date":"2018-09-16T13:12:32","date_gmt":"2018-09-16T11:12:32","guid":{"rendered":"http:\/\/www.bellunopress.it\/?p=97979"},"modified":"2018-09-16T13:12:32","modified_gmt":"2018-09-16T11:12:32","slug":"soccorsi-nella-notte-in-val-di-resella-due-escursionisti","status":"publish","type":"post","link":"https:\/\/www.bellunopress.it\/fr\/2018\/09\/16\/soccorsi-nella-notte-in-val-di-resella-due-escursionisti\/","title":{"rendered":"Soccorsi nella notte in Val di Resella due escursionisti"},"content":{"rendered":"<p><a href=\"http:\/\/www.bellunopress.it\/fr\/2014\/07\/27\/cinquantunenne-di-arsie-precipita-nel-bosco-e-perde-la-vita\/soccorso-alpino-lamon\/\" rel=\"attachment wp-att-60931\"><img loading=\"lazy\" decoding=\"async\" class=\"alignleft size-full wp-image-60931\" src=\"http:\/\/www.bellunopress.it\/wp-content\/uploads\/2014\/07\/soccorso-alpino-lamon.jpg\" alt=\"\" width=\"290\" height=\"218\" \/><\/a>Alano di Piave (BL), 16 &#8211; 09 &#8211; 18\u00a0 &#8211;\u00a0\u00a0Ieri verso le 18.20 la Centrale del 118 ha allertato il Soccorso alpino di Feltre per due escursionisti che si erano persi in Val di Resella, verso il Monte Tomba. Sette soccorritori, ricevute le coordinate del punto in cui doveva trovarsi la coppia, A.C., 40 anni, di Porto Tolle (RO), lui e G.S., 35 anni, di Alano di Piave (BL), lei, si sono diretti nel luogo indicato scendendo e risalendo una valle, ma non li hanno trovati, n\u00e9 i due rispondevano ai richiami.<\/p>\n<p>Attivato il protocollo di ricerca, la squadra, in contatto telefonico con gli escursionisti, si \u00e8 fatta inviare nuovamente tramite whatsapp la posizione e si \u00e8 messa in cammino, passando nella vallata a fianco, dove verso le 23 li ha individuati, a 160 metri di distanza in linea d&#8217;aria dalla prima geolocalizzazione, poi rivelatasi errata. La coppia, persa la traccia del sentiero, si era inoltrata in un groviglio di rovi e infestanti, incapace di proseguire o tornare sui propri passi. Aperto un varco tra la vegetazione, i soccorritori hanno guidato gli escursionisti fino al sentiero, non molto lontano, per poi riaccompagnarli a valle.<\/p>\n<p>L&#8217;intervento si \u00e8 concluso a mezzanotte e 40 circa.<\/p>","protected":false},"excerpt":{"rendered":"<p>Alano di Piave (BL), 16 &#8211; 09 &#8211; 18\u00a0 &#8211;\u00a0\u00a0Ieri verso le 18.20 la Centrale del 118 ha allertato il Soccorso alpino di Feltre per due escursionisti che si erano persi in Val di Resella, verso il Monte Tomba. Sette soccorritori, ricevute le coordinate del punto in cui doveva trovarsi la coppia, A.C., 40 anni, [&hellip;]<\/p>\n","protected":false},"author":2,"featured_media":0,"comment_status":"closed","ping_status":"open","sticky":false,"template":"","format":"standard","meta":{"footnotes":""},"categories":[5,26],"tags":[],"class_list":["post-97979","post","type-post","status-publish","format-standard","category-cronaca","category-prima-pagina"],"yoast_head":"<!-- This site is optimized with the Yoast SEO plugin v28.4 - https:\/\/yoast.com\/product\/yoast-seo-wordpress\/ -->\n<title>Soccorsi nella notte in Val di Resella due escursionisti - Bellunopress - Dolomiti<\/title>\n<meta name=\"robots\" content=\"index, follow, max-snippet:-1, max-image-preview:large, max-video-preview:-1\" \/>\n<link rel=\"canonical\" href=\"https:\/\/www.bellunopress.it\/fr\/2018\/09\/16\/soccorsi-nella-notte-in-val-di-resella-due-escursionisti\/\" \/>\n<meta property=\"og:locale\" content=\"fr_FR\" \/>\n<meta property=\"og:type\" content=\"article\" \/>\n<meta property=\"og:title\" content=\"Soccorsi nella notte in Val di Resella due escursionisti - Bellunopress - Dolomiti\" \/>\n<meta property=\"og:description\" content=\"Alano di Piave (BL), 16 &#8211; 09 &#8211; 18\u00a0 &#8211;\u00a0\u00a0Ieri verso le 18.20 la Centrale del 118 ha allertato il Soccorso alpino di Feltre per due escursionisti che si erano persi in Val di Resella, verso il Monte Tomba. Sette soccorritori, ricevute le coordinate del punto in cui doveva trovarsi la coppia, A.C., 40 anni, [&hellip;]\" \/>\n<meta property=\"og:url\" content=\"https:\/\/www.bellunopress.it\/fr\/2018\/09\/16\/soccorsi-nella-notte-in-val-di-resella-due-escursionisti\/\" \/>\n<meta property=\"og:site_name\" content=\"Bellunopress - Dolomiti\" \/>\n<meta property=\"article:publisher\" content=\"https:\/\/www.facebook.com\/profile.php?id=100008943462799\" \/>\n<meta property=\"article:published_time\" content=\"2018-09-16T11:12:32+00:00\" \/>\n<meta property=\"og:image\" content=\"http:\/\/www.bellunopress.it\/wp-content\/uploads\/2014\/07\/soccorso-alpino-lamon.jpg\" \/>\n<meta name=\"author\" content=\"redazione\" \/>\n<meta name=\"twitter:card\" content=\"summary_large_image\" \/>\n<meta name=\"twitter:creator\" content=\"@bellunopress\" \/>\n<meta name=\"twitter:site\" content=\"@bellunopress\" \/>\n<meta name=\"twitter:label1\" content=\"\u00c9crit par\" \/>\n\t<meta name=\"twitter:data1\" content=\"redazione\" \/>\n\t<meta name=\"twitter:label2\" content=\"Dur\u00e9e de lecture estim\u00e9e\" \/>\n\t<meta name=\"twitter:data2\" content=\"1 minute\" \/>\n<script type=\"application\/ld+json\" class=\"yoast-schema-graph\">{\"@context\":\"https:\\\/\\\/schema.org\",\"@graph\":[{\"@type\":\"Article\",\"@id\":\"https:\\\/\\\/www.bellunopress.it\\\/2018\\\/09\\\/16\\\/soccorsi-nella-notte-in-val-di-resella-due-escursionisti\\\/#article\",\"isPartOf\":{\"@id\":\"https:\\\/\\\/www.bellunopress.it\\\/2018\\\/09\\\/16\\\/soccorsi-nella-notte-in-val-di-resella-due-escursionisti\\\/\"},\"author\":{\"name\":\"redazione\",\"@id\":\"https:\\\/\\\/www.bellunopress.it\\\/#\\\/schema\\\/person\\\/79bb06722b37ece1c03d3e94beb30d73\"},\"headline\":\"Soccorsi nella notte in Val di Resella due escursionisti\",\"datePublished\":\"2018-09-16T11:12:32+00:00\",\"mainEntityOfPage\":{\"@id\":\"https:\\\/\\\/www.bellunopress.it\\\/2018\\\/09\\\/16\\\/soccorsi-nella-notte-in-val-di-resella-due-escursionisti\\\/\"},\"wordCount\":204,\"publisher\":{\"@id\":\"https:\\\/\\\/www.bellunopress.it\\\/#organization\"},\"image\":{\"@id\":\"https:\\\/\\\/www.bellunopress.it\\\/2018\\\/09\\\/16\\\/soccorsi-nella-notte-in-val-di-resella-due-escursionisti\\\/#primaryimage\"},\"thumbnailUrl\":\"http:\\\/\\\/www.bellunopress.it\\\/wp-content\\\/uploads\\\/2014\\\/07\\\/soccorso-alpino-lamon.jpg\",\"articleSection\":[\"Cronaca\\\/Politica\",\"Prima Pagina\"],\"inLanguage\":\"fr-FR\"},{\"@type\":\"WebPage\",\"@id\":\"https:\\\/\\\/www.bellunopress.it\\\/2018\\\/09\\\/16\\\/soccorsi-nella-notte-in-val-di-resella-due-escursionisti\\\/\",\"url\":\"https:\\\/\\\/www.bellunopress.it\\\/2018\\\/09\\\/16\\\/soccorsi-nella-notte-in-val-di-resella-due-escursionisti\\\/\",\"name\":\"Soccorsi nella notte in Val di Resella due escursionisti - Bellunopress - Dolomiti\",\"isPartOf\":{\"@id\":\"https:\\\/\\\/www.bellunopress.it\\\/#website\"},\"primaryImageOfPage\":{\"@id\":\"https:\\\/\\\/www.bellunopress.it\\\/2018\\\/09\\\/16\\\/soccorsi-nella-notte-in-val-di-resella-due-escursionisti\\\/#primaryimage\"},\"image\":{\"@id\":\"https:\\\/\\\/www.bellunopress.it\\\/2018\\\/09\\\/16\\\/soccorsi-nella-notte-in-val-di-resella-due-escursionisti\\\/#primaryimage\"},\"thumbnailUrl\":\"http:\\\/\\\/www.bellunopress.it\\\/wp-content\\\/uploads\\\/2014\\\/07\\\/soccorso-alpino-lamon.jpg\",\"datePublished\":\"2018-09-16T11:12:32+00:00\",\"breadcrumb\":{\"@id\":\"https:\\\/\\\/www.bellunopress.it\\\/2018\\\/09\\\/16\\\/soccorsi-nella-notte-in-val-di-resella-due-escursionisti\\\/#breadcrumb\"},\"inLanguage\":\"fr-FR\",\"potentialAction\":[{\"@type\":\"ReadAction\",\"target\":[\"https:\\\/\\\/www.bellunopress.it\\\/2018\\\/09\\\/16\\\/soccorsi-nella-notte-in-val-di-resella-due-escursionisti\\\/\"]}]},{\"@type\":\"ImageObject\",\"inLanguage\":\"fr-FR\",\"@id\":\"https:\\\/\\\/www.bellunopress.it\\\/2018\\\/09\\\/16\\\/soccorsi-nella-notte-in-val-di-resella-due-escursionisti\\\/#primaryimage\",\"url\":\"http:\\\/\\\/www.bellunopress.it\\\/wp-content\\\/uploads\\\/2014\\\/07\\\/soccorso-alpino-lamon.jpg\",\"contentUrl\":\"http:\\\/\\\/www.bellunopress.it\\\/wp-content\\\/uploads\\\/2014\\\/07\\\/soccorso-alpino-lamon.jpg\"},{\"@type\":\"BreadcrumbList\",\"@id\":\"https:\\\/\\\/www.bellunopress.it\\\/2018\\\/09\\\/16\\\/soccorsi-nella-notte-in-val-di-resella-due-escursionisti\\\/#breadcrumb\",\"itemListElement\":[{\"@type\":\"ListItem\",\"position\":1,\"name\":\"Home\",\"item\":\"https:\\\/\\\/www.bellunopress.it\\\/\"},{\"@type\":\"ListItem\",\"position\":2,\"name\":\"Soccorsi nella notte in Val di Resella due escursionisti\"}]},{\"@type\":\"WebSite\",\"@id\":\"https:\\\/\\\/www.bellunopress.it\\\/#website\",\"url\":\"https:\\\/\\\/www.bellunopress.it\\\/\",\"name\":\"Bellunopress - Dolomiti\",\"description\":\"e-mail: redazione@bellunopress.it\",\"publisher\":{\"@id\":\"https:\\\/\\\/www.bellunopress.it\\\/#organization\"},\"potentialAction\":[{\"@type\":\"SearchAction\",\"target\":{\"@type\":\"EntryPoint\",\"urlTemplate\":\"https:\\\/\\\/www.bellunopress.it\\\/?s={search_term_string}\"},\"query-input\":{\"@type\":\"PropertyValueSpecification\",\"valueRequired\":true,\"valueName\":\"search_term_string\"}}],\"inLanguage\":\"fr-FR\"},{\"@type\":\"Organization\",\"@id\":\"https:\\\/\\\/www.bellunopress.it\\\/#organization\",\"name\":\"Bellunopress\",\"url\":\"https:\\\/\\\/www.bellunopress.it\\\/\",\"logo\":{\"@type\":\"ImageObject\",\"inLanguage\":\"fr-FR\",\"@id\":\"https:\\\/\\\/www.bellunopress.it\\\/#\\\/schema\\\/logo\\\/image\\\/\",\"url\":\"https:\\\/\\\/www.bellunopress.it\\\/wp-content\\\/uploads\\\/2011\\\/05\\\/cropped-logo-bellunopress-.jpg\",\"contentUrl\":\"https:\\\/\\\/www.bellunopress.it\\\/wp-content\\\/uploads\\\/2011\\\/05\\\/cropped-logo-bellunopress-.jpg\",\"width\":512,\"height\":512,\"caption\":\"Bellunopress\"},\"image\":{\"@id\":\"https:\\\/\\\/www.bellunopress.it\\\/#\\\/schema\\\/logo\\\/image\\\/\"},\"sameAs\":[\"https:\\\/\\\/www.facebook.com\\\/profile.php?id=100008943462799\",\"https:\\\/\\\/x.com\\\/bellunopress\",\"https:\\\/\\\/www.linkedin.com\\\/hp\\\/?dnr=JBzUWaJfMUw8vbXJJ2tVW5-I3jZKvC4wsoxE&amp;amp;amp;amp;amp;amp;trk=nav_responsive_tab_home\",\"https:\\\/\\\/www.youtube.com\\\/channel\\\/UCxL0wu1uN0_3_7hGG0306cw\"]},{\"@type\":\"Person\",\"@id\":\"https:\\\/\\\/www.bellunopress.it\\\/#\\\/schema\\\/person\\\/79bb06722b37ece1c03d3e94beb30d73\",\"name\":\"redazione\",\"image\":{\"@type\":\"ImageObject\",\"inLanguage\":\"fr-FR\",\"@id\":\"https:\\\/\\\/secure.gravatar.com\\\/avatar\\\/37d968a2e67a6fd04c169c4bdef102d0bc5d31b2546345219e348575eb80e9a0?s=96&d=mm&r=g\",\"url\":\"https:\\\/\\\/secure.gravatar.com\\\/avatar\\\/37d968a2e67a6fd04c169c4bdef102d0bc5d31b2546345219e348575eb80e9a0?s=96&d=mm&r=g\",\"contentUrl\":\"https:\\\/\\\/secure.gravatar.com\\\/avatar\\\/37d968a2e67a6fd04c169c4bdef102d0bc5d31b2546345219e348575eb80e9a0?s=96&d=mm&r=g\",\"caption\":\"redazione\"},\"sameAs\":[\"http:\\\/\\\/www.bellunopress.it\",\"https:\\\/\\\/x.com\\\/bellunopress\"],\"url\":\"https:\\\/\\\/www.bellunopress.it\\\/fr\\\/author\\\/redazione\\\/\"}]}<\/script>\n<!-- \/ Yoast SEO plugin. -->","yoast_head_json":{"title":"Soccorsi nella notte in Val di Resella due escursionisti - Bellunopress - Dolomiti","robots":{"index":"index","follow":"follow","max-snippet":"max-snippet:-1","max-image-preview":"max-image-preview:large","max-video-preview":"max-video-preview:-1"},"canonical":"https:\/\/www.bellunopress.it\/fr\/2018\/09\/16\/soccorsi-nella-notte-in-val-di-resella-due-escursionisti\/","og_locale":"fr_FR","og_type":"article","og_title":"Soccorsi nella notte in Val di Resella due escursionisti - Bellunopress - Dolomiti","og_description":"Alano di Piave (BL), 16 &#8211; 09 &#8211; 18\u00a0 &#8211;\u00a0\u00a0Ieri verso le 18.20 la Centrale del 118 ha allertato il Soccorso alpino di Feltre per due escursionisti che si erano persi in Val di Resella, verso il Monte Tomba. Sette soccorritori, ricevute le coordinate del punto in cui doveva trovarsi la coppia, A.C., 40 anni, [&hellip;]","og_url":"https:\/\/www.bellunopress.it\/fr\/2018\/09\/16\/soccorsi-nella-notte-in-val-di-resella-due-escursionisti\/","og_site_name":"Bellunopress - Dolomiti","article_publisher":"https:\/\/www.facebook.com\/profile.php?id=100008943462799","article_published_time":"2018-09-16T11:12:32+00:00","og_image":[{"url":"http:\/\/www.bellunopress.it\/wp-content\/uploads\/2014\/07\/soccorso-alpino-lamon.jpg","type":"","width":"","height":""}],"author":"redazione","twitter_card":"summary_large_image","twitter_creator":"@bellunopress","twitter_site":"@bellunopress","twitter_misc":{"\u00c9crit par":"redazione","Dur\u00e9e de lecture estim\u00e9e":"1 minute"},"schema":{"@context":"https:\/\/schema.org","@graph":[{"@type":"Article","@id":"https:\/\/www.bellunopress.it\/2018\/09\/16\/soccorsi-nella-notte-in-val-di-resella-due-escursionisti\/#article","isPartOf":{"@id":"https:\/\/www.bellunopress.it\/2018\/09\/16\/soccorsi-nella-notte-in-val-di-resella-due-escursionisti\/"},"author":{"name":"redazione","@id":"https:\/\/www.bellunopress.it\/#\/schema\/person\/79bb06722b37ece1c03d3e94beb30d73"},"headline":"Soccorsi nella notte in Val di Resella due escursionisti","datePublished":"2018-09-16T11:12:32+00:00","mainEntityOfPage":{"@id":"https:\/\/www.bellunopress.it\/2018\/09\/16\/soccorsi-nella-notte-in-val-di-resella-due-escursionisti\/"},"wordCount":204,"publisher":{"@id":"https:\/\/www.bellunopress.it\/#organization"},"image":{"@id":"https:\/\/www.bellunopress.it\/2018\/09\/16\/soccorsi-nella-notte-in-val-di-resella-due-escursionisti\/#primaryimage"},"thumbnailUrl":"http:\/\/www.bellunopress.it\/wp-content\/uploads\/2014\/07\/soccorso-alpino-lamon.jpg","articleSection":["Cronaca\/Politica","Prima Pagina"],"inLanguage":"fr-FR"},{"@type":"WebPage","@id":"https:\/\/www.bellunopress.it\/2018\/09\/16\/soccorsi-nella-notte-in-val-di-resella-due-escursionisti\/","url":"https:\/\/www.bellunopress.it\/2018\/09\/16\/soccorsi-nella-notte-in-val-di-resella-due-escursionisti\/","name":"Soccorsi nella notte in Val di Resella due escursionisti - Bellunopress - Dolomiti","isPartOf":{"@id":"https:\/\/www.bellunopress.it\/#website"},"primaryImageOfPage":{"@id":"https:\/\/www.bellunopress.it\/2018\/09\/16\/soccorsi-nella-notte-in-val-di-resella-due-escursionisti\/#primaryimage"},"image":{"@id":"https:\/\/www.bellunopress.it\/2018\/09\/16\/soccorsi-nella-notte-in-val-di-resella-due-escursionisti\/#primaryimage"},"thumbnailUrl":"http:\/\/www.bellunopress.it\/wp-content\/uploads\/2014\/07\/soccorso-alpino-lamon.jpg","datePublished":"2018-09-16T11:12:32+00:00","breadcrumb":{"@id":"https:\/\/www.bellunopress.it\/2018\/09\/16\/soccorsi-nella-notte-in-val-di-resella-due-escursionisti\/#breadcrumb"},"inLanguage":"fr-FR","potentialAction":[{"@type":"ReadAction","target":["https:\/\/www.bellunopress.it\/2018\/09\/16\/soccorsi-nella-notte-in-val-di-resella-due-escursionisti\/"]}]},{"@type":"ImageObject","inLanguage":"fr-FR","@id":"https:\/\/www.bellunopress.it\/2018\/09\/16\/soccorsi-nella-notte-in-val-di-resella-due-escursionisti\/#primaryimage","url":"http:\/\/www.bellunopress.it\/wp-content\/uploads\/2014\/07\/soccorso-alpino-lamon.jpg","contentUrl":"http:\/\/www.bellunopress.it\/wp-content\/uploads\/2014\/07\/soccorso-alpino-lamon.jpg"},{"@type":"BreadcrumbList","@id":"https:\/\/www.bellunopress.it\/2018\/09\/16\/soccorsi-nella-notte-in-val-di-resella-due-escursionisti\/#breadcrumb","itemListElement":[{"@type":"ListItem","position":1,"name":"Home","item":"https:\/\/www.bellunopress.it\/"},{"@type":"ListItem","position":2,"name":"Soccorsi nella notte in Val di Resella due escursionisti"}]},{"@type":"WebSite","@id":"https:\/\/www.bellunopress.it\/#website","url":"https:\/\/www.bellunopress.it\/","name":"Bellunopress - Dolomiti","description":"e-mail: redazione@bellunopress.it","publisher":{"@id":"https:\/\/www.bellunopress.it\/#organization"},"potentialAction":[{"@type":"SearchAction","target":{"@type":"EntryPoint","urlTemplate":"https:\/\/www.bellunopress.it\/?s={search_term_string}"},"query-input":{"@type":"PropertyValueSpecification","valueRequired":true,"valueName":"search_term_string"}}],"inLanguage":"fr-FR"},{"@type":"Organization","@id":"https:\/\/www.bellunopress.it\/#organization","name":"Bellunopress","url":"https:\/\/www.bellunopress.it\/","logo":{"@type":"ImageObject","inLanguage":"fr-FR","@id":"https:\/\/www.bellunopress.it\/#\/schema\/logo\/image\/","url":"https:\/\/www.bellunopress.it\/wp-content\/uploads\/2011\/05\/cropped-logo-bellunopress-.jpg","contentUrl":"https:\/\/www.bellunopress.it\/wp-content\/uploads\/2011\/05\/cropped-logo-bellunopress-.jpg","width":512,"height":512,"caption":"Bellunopress"},"image":{"@id":"https:\/\/www.bellunopress.it\/#\/schema\/logo\/image\/"},"sameAs":["https:\/\/www.facebook.com\/profile.php?id=100008943462799","https:\/\/x.com\/bellunopress","https:\/\/www.linkedin.com\/hp\/?dnr=JBzUWaJfMUw8vbXJJ2tVW5-I3jZKvC4wsoxE&amp;amp;amp;amp;amp;amp;trk=nav_responsive_tab_home","https:\/\/www.youtube.com\/channel\/UCxL0wu1uN0_3_7hGG0306cw"]},{"@type":"Person","@id":"https:\/\/www.bellunopress.it\/#\/schema\/person\/79bb06722b37ece1c03d3e94beb30d73","name":"r\u00e9daction","image":{"@type":"ImageObject","inLanguage":"fr-FR","@id":"https:\/\/secure.gravatar.com\/avatar\/37d968a2e67a6fd04c169c4bdef102d0bc5d31b2546345219e348575eb80e9a0?s=96&d=mm&r=g","url":"https:\/\/secure.gravatar.com\/avatar\/37d968a2e67a6fd04c169c4bdef102d0bc5d31b2546345219e348575eb80e9a0?s=96&d=mm&r=g","contentUrl":"https:\/\/secure.gravatar.com\/avatar\/37d968a2e67a6fd04c169c4bdef102d0bc5d31b2546345219e348575eb80e9a0?s=96&d=mm&r=g","caption":"redazione"},"sameAs":["http:\/\/www.bellunopress.it","https:\/\/x.com\/bellunopress"],"url":"https:\/\/www.bellunopress.it\/fr\/author\/redazione\/"}]}},"_links":{"self":[{"href":"https:\/\/www.bellunopress.it\/fr\/wp-json\/wp\/v2\/posts\/97979","targetHints":{"allow":["GET"]}}],"collection":[{"href":"https:\/\/www.bellunopress.it\/fr\/wp-json\/wp\/v2\/posts"}],"about":[{"href":"https:\/\/www.bellunopress.it\/fr\/wp-json\/wp\/v2\/types\/post"}],"author":[{"embeddable":true,"href":"https:\/\/www.bellunopress.it\/fr\/wp-json\/wp\/v2\/users\/2"}],"replies":[{"embeddable":true,"href":"https:\/\/www.bellunopress.it\/fr\/wp-json\/wp\/v2\/comments?post=97979"}],"version-history":[{"count":1,"href":"https:\/\/www.bellunopress.it\/fr\/wp-json\/wp\/v2\/posts\/97979\/revisions"}],"predecessor-version":[{"id":97980,"href":"https:\/\/www.bellunopress.it\/fr\/wp-json\/wp\/v2\/posts\/97979\/revisions\/97980"}],"wp:attachment":[{"href":"https:\/\/www.bellunopress.it\/fr\/wp-json\/wp\/v2\/media?parent=97979"}],"wp:term":[{"taxonomy":"category","embeddable":true,"href":"https:\/\/www.bellunopress.it\/fr\/wp-json\/wp\/v2\/categories?post=97979"},{"taxonomy":"post_tag","embeddable":true,"href":"https:\/\/www.bellunopress.it\/fr\/wp-json\/wp\/v2\/tags?post=97979"}],"curies":[{"name":"wp","href":"https:\/\/api.w.org\/{rel}","templated":true}]}}