{"id":97975,"date":"2018-09-16T10:54:55","date_gmt":"2018-09-16T08:54:55","guid":{"rendered":"http:\/\/www.bellunopress.it\/?p=97975"},"modified":"2018-09-16T10:54:55","modified_gmt":"2018-09-16T08:54:55","slug":"autonomia-bard-niente-frenate-o-retromarce","status":"publish","type":"post","link":"https:\/\/www.bellunopress.it\/fr\/2018\/09\/16\/autonomia-bard-niente-frenate-o-retromarce\/","title":{"rendered":"Autonomia. Bard: niente frenate o retromarce"},"content":{"rendered":"<p><a href=\"http:\/\/www.bellunopress.it\/fr\/2010\/09\/19\/nei-comuni-e-nelle-piazze-bellunesi-si-raccolgono-le-firme-per-il-referendum-belluno-autonoma-regione-dolomiti\/logo-belluno-autonoma-leggera\/\" rel=\"attachment wp-att-19333\"><img loading=\"lazy\" decoding=\"async\" class=\"alignleft size-full wp-image-19333\" src=\"http:\/\/www.bellunopress.it\/wp-content\/uploads\/2010\/09\/logo-belluno-autonoma-leggera.jpg\" alt=\"\" width=\"150\" height=\"169\" \/><\/a>\u00abNella battaglia per l&#8217;autonomia del Veneto, che deve portare necessariamente benefici e risultati alla Provincia di Belluno, noi stiamo con il Presidente Zaia. Non \u00e8 pi\u00f9 il tempo delle frenate o delle retromarce, n\u00e9 da parte del Governo n\u00e9 di chi fino a pochi mesi fa guidava questo Paese\u00bb: il movimento Belluno Autonoma Regione Dolomiti torna a chiedere azioni per la concretizzazione dell&#8217;autonomia regionale e provinciale, quando manca poco pi\u00f9 di un mese al primo anniversario dei referendum.<br \/>\n\u00abIl sottosegretario Bressa si deve rassegnare: la Costituzione prevede la possibilit\u00e0 di delegare fino a tutte le 23 materie e la trattativa Veneto-Stato, se ci sar\u00e0, dovr\u00e0 essere su tutte, senza per questo portare questa Regione al pari di regioni e province a statuto speciale. &#8211; sottolineano dal Bard \u2013 Gi\u00e0, le province: anche quelle sono ancora in Costituzione, nonostante il fallito tentativo del Partito Democratico di eliminarle&#8230;\u00bb<br \/>\n\u00abAnche le retromarce del Movimento 5 Stelle non sono accettabili. &#8211; proseguono dal movimento \u2013 In Veneto e a Belluno i loro rappresentanti si sono spesi per i referendum autonomisti, ed a livello nazionale hanno siglato un contratto con un partito che non ha certo fatto mistero di voler chiudere questa partita in breve tempo\u00bb<br \/>\nDal Bard tornano a mettere al centro dell&#8217;attenzione anche il \u201cpieno ripristino\u201d della Provincia di Belluno: \u00abSe veramente per il primo anniversario dei referendum arriver\u00e0 l&#8217;accordo tra Regione e Governo, allora \u00e8 necessario accelerare per capire come cambier\u00e0 il ruolo della Provincia. &#8211; sottolineano \u2013 Bisogna portare a casa competenze e risorse, sul modello di quanto gi\u00e0 accade a Sondrio e potrebbe accadere a Verbania, se passasse il referendum per il cambio di regione del prossimo 21 ottobre. Non dimentichiamo, poi, la questione elettivit\u00e0, vero snodo per poter governare con decisione un territorio: da tempo giace in Senato una proposta della Lega per il ripristino del voto popolare; lo stesso Ministro dell&#8217;Interno ha sottolineato il ruolo delle province, soprattutto nelle aree periferiche, e i suoi candidati alle ultime elezioni politiche nel Bellunese hanno ribadito l&#8217;intenzione di abrogare la legge Delrio. Ora li attendiamo alla prova dei fatti\u00bb.<\/p>","protected":false},"excerpt":{"rendered":"<p>\u00abNella battaglia per l&#8217;autonomia del Veneto, che deve portare necessariamente benefici e risultati alla Provincia di Belluno, noi stiamo con il Presidente Zaia. Non \u00e8 pi\u00f9 il tempo delle frenate o delle retromarce, n\u00e9 da parte del Governo n\u00e9 di chi fino a pochi mesi fa guidava questo Paese\u00bb: il movimento Belluno Autonoma Regione Dolomiti [&hellip;]<\/p>\n","protected":false},"author":2,"featured_media":0,"comment_status":"closed","ping_status":"open","sticky":false,"template":"","format":"standard","meta":{"footnotes":""},"categories":[5,26],"tags":[],"class_list":["post-97975","post","type-post","status-publish","format-standard","category-cronaca","category-prima-pagina"],"yoast_head":"<!-- This site is optimized with the Yoast SEO plugin v28.4 - https:\/\/yoast.com\/product\/yoast-seo-wordpress\/ -->\n<title>Autonomia. Bard: niente frenate o retromarce - Bellunopress - Dolomiti<\/title>\n<meta name=\"robots\" content=\"index, follow, max-snippet:-1, max-image-preview:large, max-video-preview:-1\" \/>\n<link rel=\"canonical\" href=\"https:\/\/www.bellunopress.it\/fr\/2018\/09\/16\/autonomia-bard-niente-frenate-o-retromarce\/\" \/>\n<meta property=\"og:locale\" content=\"fr_FR\" \/>\n<meta property=\"og:type\" content=\"article\" \/>\n<meta property=\"og:title\" content=\"Autonomia. Bard: niente frenate o retromarce - Bellunopress - Dolomiti\" \/>\n<meta property=\"og:description\" content=\"\u00abNella battaglia per l&#8217;autonomia del Veneto, che deve portare necessariamente benefici e risultati alla Provincia di Belluno, noi stiamo con il Presidente Zaia. Non \u00e8 pi\u00f9 il tempo delle frenate o delle retromarce, n\u00e9 da parte del Governo n\u00e9 di chi fino a pochi mesi fa guidava questo Paese\u00bb: il movimento Belluno Autonoma Regione Dolomiti [&hellip;]\" \/>\n<meta property=\"og:url\" content=\"https:\/\/www.bellunopress.it\/fr\/2018\/09\/16\/autonomia-bard-niente-frenate-o-retromarce\/\" \/>\n<meta property=\"og:site_name\" content=\"Bellunopress - Dolomiti\" \/>\n<meta property=\"article:publisher\" content=\"https:\/\/www.facebook.com\/profile.php?id=100008943462799\" \/>\n<meta property=\"article:published_time\" content=\"2018-09-16T08:54:55+00:00\" \/>\n<meta property=\"og:image\" content=\"http:\/\/www.bellunopress.it\/wp-content\/uploads\/2010\/09\/logo-belluno-autonoma-leggera.jpg\" \/>\n<meta name=\"author\" content=\"redazione\" \/>\n<meta name=\"twitter:card\" content=\"summary_large_image\" \/>\n<meta name=\"twitter:creator\" content=\"@bellunopress\" \/>\n<meta name=\"twitter:site\" content=\"@bellunopress\" \/>\n<meta name=\"twitter:label1\" content=\"Written by\" \/>\n\t<meta name=\"twitter:data1\" content=\"redazione\" \/>\n\t<meta name=\"twitter:label2\" content=\"Est. reading time\" \/>\n\t<meta name=\"twitter:data2\" content=\"2 minutes\" \/>\n<script type=\"application\/ld+json\" class=\"yoast-schema-graph\">{\"@context\":\"https:\\\/\\\/schema.org\",\"@graph\":[{\"@type\":\"Article\",\"@id\":\"https:\\\/\\\/www.bellunopress.it\\\/2018\\\/09\\\/16\\\/autonomia-bard-niente-frenate-o-retromarce\\\/#article\",\"isPartOf\":{\"@id\":\"https:\\\/\\\/www.bellunopress.it\\\/2018\\\/09\\\/16\\\/autonomia-bard-niente-frenate-o-retromarce\\\/\"},\"author\":{\"name\":\"redazione\",\"@id\":\"https:\\\/\\\/www.bellunopress.it\\\/#\\\/schema\\\/person\\\/79bb06722b37ece1c03d3e94beb30d73\"},\"headline\":\"Autonomia. Bard: niente frenate o retromarce\",\"datePublished\":\"2018-09-16T08:54:55+00:00\",\"mainEntityOfPage\":{\"@id\":\"https:\\\/\\\/www.bellunopress.it\\\/2018\\\/09\\\/16\\\/autonomia-bard-niente-frenate-o-retromarce\\\/\"},\"wordCount\":352,\"publisher\":{\"@id\":\"https:\\\/\\\/www.bellunopress.it\\\/#organization\"},\"image\":{\"@id\":\"https:\\\/\\\/www.bellunopress.it\\\/2018\\\/09\\\/16\\\/autonomia-bard-niente-frenate-o-retromarce\\\/#primaryimage\"},\"thumbnailUrl\":\"http:\\\/\\\/www.bellunopress.it\\\/wp-content\\\/uploads\\\/2010\\\/09\\\/logo-belluno-autonoma-leggera.jpg\",\"articleSection\":[\"Cronaca\\\/Politica\",\"Prima Pagina\"],\"inLanguage\":\"fr-FR\"},{\"@type\":\"WebPage\",\"@id\":\"https:\\\/\\\/www.bellunopress.it\\\/2018\\\/09\\\/16\\\/autonomia-bard-niente-frenate-o-retromarce\\\/\",\"url\":\"https:\\\/\\\/www.bellunopress.it\\\/2018\\\/09\\\/16\\\/autonomia-bard-niente-frenate-o-retromarce\\\/\",\"name\":\"Autonomia. Bard: niente frenate o retromarce - Bellunopress - Dolomiti\",\"isPartOf\":{\"@id\":\"https:\\\/\\\/www.bellunopress.it\\\/#website\"},\"primaryImageOfPage\":{\"@id\":\"https:\\\/\\\/www.bellunopress.it\\\/2018\\\/09\\\/16\\\/autonomia-bard-niente-frenate-o-retromarce\\\/#primaryimage\"},\"image\":{\"@id\":\"https:\\\/\\\/www.bellunopress.it\\\/2018\\\/09\\\/16\\\/autonomia-bard-niente-frenate-o-retromarce\\\/#primaryimage\"},\"thumbnailUrl\":\"http:\\\/\\\/www.bellunopress.it\\\/wp-content\\\/uploads\\\/2010\\\/09\\\/logo-belluno-autonoma-leggera.jpg\",\"datePublished\":\"2018-09-16T08:54:55+00:00\",\"breadcrumb\":{\"@id\":\"https:\\\/\\\/www.bellunopress.it\\\/2018\\\/09\\\/16\\\/autonomia-bard-niente-frenate-o-retromarce\\\/#breadcrumb\"},\"inLanguage\":\"fr-FR\",\"potentialAction\":[{\"@type\":\"ReadAction\",\"target\":[\"https:\\\/\\\/www.bellunopress.it\\\/2018\\\/09\\\/16\\\/autonomia-bard-niente-frenate-o-retromarce\\\/\"]}]},{\"@type\":\"ImageObject\",\"inLanguage\":\"fr-FR\",\"@id\":\"https:\\\/\\\/www.bellunopress.it\\\/2018\\\/09\\\/16\\\/autonomia-bard-niente-frenate-o-retromarce\\\/#primaryimage\",\"url\":\"http:\\\/\\\/www.bellunopress.it\\\/wp-content\\\/uploads\\\/2010\\\/09\\\/logo-belluno-autonoma-leggera.jpg\",\"contentUrl\":\"http:\\\/\\\/www.bellunopress.it\\\/wp-content\\\/uploads\\\/2010\\\/09\\\/logo-belluno-autonoma-leggera.jpg\"},{\"@type\":\"BreadcrumbList\",\"@id\":\"https:\\\/\\\/www.bellunopress.it\\\/2018\\\/09\\\/16\\\/autonomia-bard-niente-frenate-o-retromarce\\\/#breadcrumb\",\"itemListElement\":[{\"@type\":\"ListItem\",\"position\":1,\"name\":\"Home\",\"item\":\"https:\\\/\\\/www.bellunopress.it\\\/\"},{\"@type\":\"ListItem\",\"position\":2,\"name\":\"Autonomia. Bard: niente frenate o retromarce\"}]},{\"@type\":\"WebSite\",\"@id\":\"https:\\\/\\\/www.bellunopress.it\\\/#website\",\"url\":\"https:\\\/\\\/www.bellunopress.it\\\/\",\"name\":\"Bellunopress - Dolomiti\",\"description\":\"e-mail: redazione@bellunopress.it\",\"publisher\":{\"@id\":\"https:\\\/\\\/www.bellunopress.it\\\/#organization\"},\"potentialAction\":[{\"@type\":\"SearchAction\",\"target\":{\"@type\":\"EntryPoint\",\"urlTemplate\":\"https:\\\/\\\/www.bellunopress.it\\\/?s={search_term_string}\"},\"query-input\":{\"@type\":\"PropertyValueSpecification\",\"valueRequired\":true,\"valueName\":\"search_term_string\"}}],\"inLanguage\":\"fr-FR\"},{\"@type\":\"Organization\",\"@id\":\"https:\\\/\\\/www.bellunopress.it\\\/#organization\",\"name\":\"Bellunopress\",\"url\":\"https:\\\/\\\/www.bellunopress.it\\\/\",\"logo\":{\"@type\":\"ImageObject\",\"inLanguage\":\"fr-FR\",\"@id\":\"https:\\\/\\\/www.bellunopress.it\\\/#\\\/schema\\\/logo\\\/image\\\/\",\"url\":\"https:\\\/\\\/www.bellunopress.it\\\/wp-content\\\/uploads\\\/2011\\\/05\\\/cropped-logo-bellunopress-.jpg\",\"contentUrl\":\"https:\\\/\\\/www.bellunopress.it\\\/wp-content\\\/uploads\\\/2011\\\/05\\\/cropped-logo-bellunopress-.jpg\",\"width\":512,\"height\":512,\"caption\":\"Bellunopress\"},\"image\":{\"@id\":\"https:\\\/\\\/www.bellunopress.it\\\/#\\\/schema\\\/logo\\\/image\\\/\"},\"sameAs\":[\"https:\\\/\\\/www.facebook.com\\\/profile.php?id=100008943462799\",\"https:\\\/\\\/x.com\\\/bellunopress\",\"https:\\\/\\\/www.linkedin.com\\\/hp\\\/?dnr=JBzUWaJfMUw8vbXJJ2tVW5-I3jZKvC4wsoxE&amp;amp;amp;amp;amp;amp;trk=nav_responsive_tab_home\",\"https:\\\/\\\/www.youtube.com\\\/channel\\\/UCxL0wu1uN0_3_7hGG0306cw\"]},{\"@type\":\"Person\",\"@id\":\"https:\\\/\\\/www.bellunopress.it\\\/#\\\/schema\\\/person\\\/79bb06722b37ece1c03d3e94beb30d73\",\"name\":\"redazione\",\"image\":{\"@type\":\"ImageObject\",\"inLanguage\":\"fr-FR\",\"@id\":\"https:\\\/\\\/secure.gravatar.com\\\/avatar\\\/37d968a2e67a6fd04c169c4bdef102d0bc5d31b2546345219e348575eb80e9a0?s=96&d=mm&r=g\",\"url\":\"https:\\\/\\\/secure.gravatar.com\\\/avatar\\\/37d968a2e67a6fd04c169c4bdef102d0bc5d31b2546345219e348575eb80e9a0?s=96&d=mm&r=g\",\"contentUrl\":\"https:\\\/\\\/secure.gravatar.com\\\/avatar\\\/37d968a2e67a6fd04c169c4bdef102d0bc5d31b2546345219e348575eb80e9a0?s=96&d=mm&r=g\",\"caption\":\"redazione\"},\"sameAs\":[\"http:\\\/\\\/www.bellunopress.it\",\"https:\\\/\\\/x.com\\\/bellunopress\"],\"url\":\"https:\\\/\\\/www.bellunopress.it\\\/fr\\\/author\\\/redazione\\\/\"}]}<\/script>\n<!-- \/ Yoast SEO plugin. -->","yoast_head_json":{"title":"Autonomia. Bard: niente frenate o retromarce - Bellunopress - Dolomiti","robots":{"index":"index","follow":"follow","max-snippet":"max-snippet:-1","max-image-preview":"max-image-preview:large","max-video-preview":"max-video-preview:-1"},"canonical":"https:\/\/www.bellunopress.it\/fr\/2018\/09\/16\/autonomia-bard-niente-frenate-o-retromarce\/","og_locale":"fr_FR","og_type":"article","og_title":"Autonomia. Bard: niente frenate o retromarce - Bellunopress - Dolomiti","og_description":"\u00abNella battaglia per l&#8217;autonomia del Veneto, che deve portare necessariamente benefici e risultati alla Provincia di Belluno, noi stiamo con il Presidente Zaia. Non \u00e8 pi\u00f9 il tempo delle frenate o delle retromarce, n\u00e9 da parte del Governo n\u00e9 di chi fino a pochi mesi fa guidava questo Paese\u00bb: il movimento Belluno Autonoma Regione Dolomiti [&hellip;]","og_url":"https:\/\/www.bellunopress.it\/fr\/2018\/09\/16\/autonomia-bard-niente-frenate-o-retromarce\/","og_site_name":"Bellunopress - Dolomiti","article_publisher":"https:\/\/www.facebook.com\/profile.php?id=100008943462799","article_published_time":"2018-09-16T08:54:55+00:00","og_image":[{"url":"http:\/\/www.bellunopress.it\/wp-content\/uploads\/2010\/09\/logo-belluno-autonoma-leggera.jpg","type":"","width":"","height":""}],"author":"redazione","twitter_card":"summary_large_image","twitter_creator":"@bellunopress","twitter_site":"@bellunopress","twitter_misc":{"Written by":"redazione","Est. reading time":"2 minutes"},"schema":{"@context":"https:\/\/schema.org","@graph":[{"@type":"Article","@id":"https:\/\/www.bellunopress.it\/2018\/09\/16\/autonomia-bard-niente-frenate-o-retromarce\/#article","isPartOf":{"@id":"https:\/\/www.bellunopress.it\/2018\/09\/16\/autonomia-bard-niente-frenate-o-retromarce\/"},"author":{"name":"redazione","@id":"https:\/\/www.bellunopress.it\/#\/schema\/person\/79bb06722b37ece1c03d3e94beb30d73"},"headline":"Autonomia. Bard: niente frenate o retromarce","datePublished":"2018-09-16T08:54:55+00:00","mainEntityOfPage":{"@id":"https:\/\/www.bellunopress.it\/2018\/09\/16\/autonomia-bard-niente-frenate-o-retromarce\/"},"wordCount":352,"publisher":{"@id":"https:\/\/www.bellunopress.it\/#organization"},"image":{"@id":"https:\/\/www.bellunopress.it\/2018\/09\/16\/autonomia-bard-niente-frenate-o-retromarce\/#primaryimage"},"thumbnailUrl":"http:\/\/www.bellunopress.it\/wp-content\/uploads\/2010\/09\/logo-belluno-autonoma-leggera.jpg","articleSection":["Cronaca\/Politica","Prima Pagina"],"inLanguage":"fr-FR"},{"@type":"WebPage","@id":"https:\/\/www.bellunopress.it\/2018\/09\/16\/autonomia-bard-niente-frenate-o-retromarce\/","url":"https:\/\/www.bellunopress.it\/2018\/09\/16\/autonomia-bard-niente-frenate-o-retromarce\/","name":"Autonomia. Bard: niente frenate o retromarce - Bellunopress - Dolomiti","isPartOf":{"@id":"https:\/\/www.bellunopress.it\/#website"},"primaryImageOfPage":{"@id":"https:\/\/www.bellunopress.it\/2018\/09\/16\/autonomia-bard-niente-frenate-o-retromarce\/#primaryimage"},"image":{"@id":"https:\/\/www.bellunopress.it\/2018\/09\/16\/autonomia-bard-niente-frenate-o-retromarce\/#primaryimage"},"thumbnailUrl":"http:\/\/www.bellunopress.it\/wp-content\/uploads\/2010\/09\/logo-belluno-autonoma-leggera.jpg","datePublished":"2018-09-16T08:54:55+00:00","breadcrumb":{"@id":"https:\/\/www.bellunopress.it\/2018\/09\/16\/autonomia-bard-niente-frenate-o-retromarce\/#breadcrumb"},"inLanguage":"fr-FR","potentialAction":[{"@type":"ReadAction","target":["https:\/\/www.bellunopress.it\/2018\/09\/16\/autonomia-bard-niente-frenate-o-retromarce\/"]}]},{"@type":"ImageObject","inLanguage":"fr-FR","@id":"https:\/\/www.bellunopress.it\/2018\/09\/16\/autonomia-bard-niente-frenate-o-retromarce\/#primaryimage","url":"http:\/\/www.bellunopress.it\/wp-content\/uploads\/2010\/09\/logo-belluno-autonoma-leggera.jpg","contentUrl":"http:\/\/www.bellunopress.it\/wp-content\/uploads\/2010\/09\/logo-belluno-autonoma-leggera.jpg"},{"@type":"BreadcrumbList","@id":"https:\/\/www.bellunopress.it\/2018\/09\/16\/autonomia-bard-niente-frenate-o-retromarce\/#breadcrumb","itemListElement":[{"@type":"ListItem","position":1,"name":"Home","item":"https:\/\/www.bellunopress.it\/"},{"@type":"ListItem","position":2,"name":"Autonomia. Bard: niente frenate o retromarce"}]},{"@type":"WebSite","@id":"https:\/\/www.bellunopress.it\/#website","url":"https:\/\/www.bellunopress.it\/","name":"Bellunopress - Dolomiti","description":"e-mail: redazione@bellunopress.it","publisher":{"@id":"https:\/\/www.bellunopress.it\/#organization"},"potentialAction":[{"@type":"SearchAction","target":{"@type":"EntryPoint","urlTemplate":"https:\/\/www.bellunopress.it\/?s={search_term_string}"},"query-input":{"@type":"PropertyValueSpecification","valueRequired":true,"valueName":"search_term_string"}}],"inLanguage":"fr-FR"},{"@type":"Organization","@id":"https:\/\/www.bellunopress.it\/#organization","name":"Bellunopress","url":"https:\/\/www.bellunopress.it\/","logo":{"@type":"ImageObject","inLanguage":"fr-FR","@id":"https:\/\/www.bellunopress.it\/#\/schema\/logo\/image\/","url":"https:\/\/www.bellunopress.it\/wp-content\/uploads\/2011\/05\/cropped-logo-bellunopress-.jpg","contentUrl":"https:\/\/www.bellunopress.it\/wp-content\/uploads\/2011\/05\/cropped-logo-bellunopress-.jpg","width":512,"height":512,"caption":"Bellunopress"},"image":{"@id":"https:\/\/www.bellunopress.it\/#\/schema\/logo\/image\/"},"sameAs":["https:\/\/www.facebook.com\/profile.php?id=100008943462799","https:\/\/x.com\/bellunopress","https:\/\/www.linkedin.com\/hp\/?dnr=JBzUWaJfMUw8vbXJJ2tVW5-I3jZKvC4wsoxE&amp;amp;amp;amp;amp;amp;trk=nav_responsive_tab_home","https:\/\/www.youtube.com\/channel\/UCxL0wu1uN0_3_7hGG0306cw"]},{"@type":"Person","@id":"https:\/\/www.bellunopress.it\/#\/schema\/person\/79bb06722b37ece1c03d3e94beb30d73","name":"r\u00e9daction","image":{"@type":"ImageObject","inLanguage":"fr-FR","@id":"https:\/\/secure.gravatar.com\/avatar\/37d968a2e67a6fd04c169c4bdef102d0bc5d31b2546345219e348575eb80e9a0?s=96&d=mm&r=g","url":"https:\/\/secure.gravatar.com\/avatar\/37d968a2e67a6fd04c169c4bdef102d0bc5d31b2546345219e348575eb80e9a0?s=96&d=mm&r=g","contentUrl":"https:\/\/secure.gravatar.com\/avatar\/37d968a2e67a6fd04c169c4bdef102d0bc5d31b2546345219e348575eb80e9a0?s=96&d=mm&r=g","caption":"redazione"},"sameAs":["http:\/\/www.bellunopress.it","https:\/\/x.com\/bellunopress"],"url":"https:\/\/www.bellunopress.it\/fr\/author\/redazione\/"}]}},"_links":{"self":[{"href":"https:\/\/www.bellunopress.it\/fr\/wp-json\/wp\/v2\/posts\/97975","targetHints":{"allow":["GET"]}}],"collection":[{"href":"https:\/\/www.bellunopress.it\/fr\/wp-json\/wp\/v2\/posts"}],"about":[{"href":"https:\/\/www.bellunopress.it\/fr\/wp-json\/wp\/v2\/types\/post"}],"author":[{"embeddable":true,"href":"https:\/\/www.bellunopress.it\/fr\/wp-json\/wp\/v2\/users\/2"}],"replies":[{"embeddable":true,"href":"https:\/\/www.bellunopress.it\/fr\/wp-json\/wp\/v2\/comments?post=97975"}],"version-history":[{"count":1,"href":"https:\/\/www.bellunopress.it\/fr\/wp-json\/wp\/v2\/posts\/97975\/revisions"}],"predecessor-version":[{"id":97976,"href":"https:\/\/www.bellunopress.it\/fr\/wp-json\/wp\/v2\/posts\/97975\/revisions\/97976"}],"wp:attachment":[{"href":"https:\/\/www.bellunopress.it\/fr\/wp-json\/wp\/v2\/media?parent=97975"}],"wp:term":[{"taxonomy":"category","embeddable":true,"href":"https:\/\/www.bellunopress.it\/fr\/wp-json\/wp\/v2\/categories?post=97975"},{"taxonomy":"post_tag","embeddable":true,"href":"https:\/\/www.bellunopress.it\/fr\/wp-json\/wp\/v2\/tags?post=97975"}],"curies":[{"name":"wp","href":"https:\/\/api.w.org\/{rel}","templated":true}]}}