{"id":97969,"date":"2018-09-15T17:01:19","date_gmt":"2018-09-15T15:01:19","guid":{"rendered":"http:\/\/www.bellunopress.it\/?p=97969"},"modified":"2018-09-15T17:04:15","modified_gmt":"2018-09-15T15:04:15","slug":"centraline-idroelettriche-dinca-m5s-il-far-west-sta-per-finire-ecco-come-tutto-cambiera","status":"publish","type":"post","link":"https:\/\/www.bellunopress.it\/fr\/2018\/09\/15\/centraline-idroelettriche-dinca-m5s-il-far-west-sta-per-finire-ecco-come-tutto-cambiera\/","title":{"rendered":"Centraline idroelettriche. D&#8217;Inc\u00e0 (M5S): \u201cIl Far West sta per finire, ecco come tutto cambier\u00e0\u201d"},"content":{"rendered":"<figure id=\"attachment_91252\" aria-describedby=\"caption-attachment-91252\" style=\"width: 226px\" class=\"wp-caption alignleft\"><a href=\"http:\/\/www.bellunopress.it\/fr\/2017\/12\/04\/gelato-ecco-la-legge-per-tutelarlo-dinca-m5s-il-gelato-e-made-in-italy-puro-irradiato-nel-mondo-dalle-montagne-bellunesi-ecco-la-mia-proposta-per-difenderlo\/federico-dinca-7\/\" rel=\"attachment wp-att-91252\"><img loading=\"lazy\" decoding=\"async\" class=\"size-full wp-image-91252\" src=\"http:\/\/www.bellunopress.it\/wp-content\/uploads\/2017\/12\/federico-dinc\u00e0.jpg\" alt=\"\" width=\"226\" height=\"300\" \/><\/a><figcaption id=\"caption-attachment-91252\" class=\"wp-caption-text\">Federico D&#8217;Inc\u00e0, deputato (M5S)<\/figcaption><\/figure>\n<p>Battute finali per il Far West delle centraline idroelettriche: ad annunciarlo \u00e8 il parlamentare veneto del Movimento 5 Stelle Federico D&#8217;Inc\u00e0, che ha seguito da vicino il procedimento relativo al nuovo Decreto Incentivi. In sostanza non verr\u00e0 concessa alcuna autorizzazione agli impianti che non corrisponderanno alle direttive a impatto zero previste dalla nuova normativa.<\/p>\n<p>\u201cSiamo in dirittura di arrivo di un percorso che non \u00e8 stato facile, ma che ha avuto nei nostri rappresentanti al Governo una importante sponda responsabile \u2013 spiega D&#8217;Inc\u00e0 &#8211; ho seguito in prima persona il nuovo decreto incentivi al Ministero dello sviluppo economico prima e al Ministero dell\u2019ambiente poi, incontrando associazioni e comitati\u201d.<\/p>\n<p>\u201cSecondo i dati forniti dalla Provincia di Belluno nel 2017 attualmente sono in itinere domande per 63 impianti che, allo stato, non hanno n\u00e9 concessione di derivazione n\u00e9 autorizzazione alla costruzione \u2013 rivela D&#8217;Inc\u00e0 &#8211; a questi vanno sommati i 17 progetti che hanno gi\u00e0 ottenuto la concessione senza alcuna valutazione di carattere ambientale e che sono ancora privi di autorizzazione alla costruzione\u201d.<\/p>\n<p>\u201cIl nuovo decreto, di prossima emanazione, recepisce in pratica il parere del Ministero dell\u2019ambiente che si era pronunciato pesantemente sulla vecchia bozza del decreto incentivi del MISE \u2013 sottolinea D&#8217;Inc\u00e0 &#8211; e, ad avviso degli uffici, la nuova formulazione non consentir\u00e0 l\u2019accesso ai nuovi incentivi per tutti quegli impianti che non rispetteranno la tipologia costruttiva a impatto zero sui corpi idrici indicata nel nuovo testo\u201d.<\/p>\n<p>La soluzione incontra il favore dei comitati e delle associazioni. \u201cUna soluzione che ho seguito con attenzione \u2013 avverte il parlamentare &#8211; conscio degli attacchi che avrebbe potuto subire da chi vede in questi incentivi una fonte facile di guadagno senza curarsi dei danni che questo pu\u00f2 produrre sull\u2019ecosistema bellunese e sulle pesanti ricadute negative sul turismo\u201d.<\/p>\n<p>Il Ministero ha avviato una consultazione con i principali stakeholder che dovranno inviare le loro osservazioni entro il 19 settembre: \u201cUna fase delicata \u2013 conclude D&#8217;Inc\u00e0 &#8211; direi la pi\u00f9 delicata, in cui forti saranno le spinte di chi vuole mantenere lo status quo. Ma \u00e8 anche il momento delle responsabilit\u00e0, il momento in cui tutti devono fare la propria parte e tenere la posizione sia nel Governo che nella societ\u00e0 civile con i comitati ed i sindaci. Il traguardo \u00e8 vicino e spero che i miei, i nostri sforzi, siano ripagati per il bene del territorio e delle nostre generazioni future a cui non dobbiamo lasciare una eredit\u00e0 ambientale compromessa\u201d.<\/p>\n<p><strong>Nota tecnica<\/strong><\/p>\n<p>Le istanze in istruttoria relative agli impianti idroelettrici hanno per lungo tempo e di fatto bypassato le disposizioni di recepimento della Direttiva Quadro Acque (DQA) 2000\/60. Si tratta di istanze presentate prima che fossero adottati tutta una serie di atti conseguenti alla apertura della procedura PILOT 6011\/2014 per recuperare i ritardi nel recepimento della DQA, e che per questo motivo verrebbero escluse dalla loro applicazione. Nello specifico sono le istanze presentate prima della corretta classificazione dei corpi idrici recepita nel marzo 2016 e alle Misure di Tutela per idroelettrico in esso contenute (applicabili solo alle nuove istanze presentate dopo la pubblicazione della delibera stessa), prima della piena operativit\u00e0 del Decreto Direttoriale STA del Ministero Ambiente 29 del febbraio 2017 \u201dLinee Guida per le valutazioni ambientali ex ante da effettuare per le domande di derivazione idrica&#8230;\u201d e prima che l\u2019Autorit\u00e0 di Bacino Distrettuale adeguasse gli approcci metodologici da utilizzare nei territori di competenza, alle Linee Guida citate del decreto. Inoltre le autorizzazioni rilasciate in Provincia di Belluno fino 2016, sono state quasi tutte escluse dalla valutazione di impatto ambientale dalla direttiva della Regione 2834\/2009, in violazione della Direttiva 2011\/92\/UE.<\/p>","protected":false},"excerpt":{"rendered":"<p>Battute finali per il Far West delle centraline idroelettriche: ad annunciarlo \u00e8 il parlamentare veneto del Movimento 5 Stelle Federico D&#8217;Inc\u00e0, che ha seguito da vicino il procedimento relativo al nuovo Decreto Incentivi. In sostanza non verr\u00e0 concessa alcuna autorizzazione agli impianti che non corrisponderanno alle direttive a impatto zero previste dalla nuova normativa. \u201cSiamo [&hellip;]<\/p>\n","protected":false},"author":2,"featured_media":0,"comment_status":"closed","ping_status":"open","sticky":false,"template":"","format":"standard","meta":{"footnotes":""},"categories":[5,38,26],"tags":[],"class_list":["post-97969","post","type-post","status-publish","format-standard","category-cronaca","category-natura-ambiente","category-prima-pagina"],"yoast_head":"<!-- This site is optimized with the Yoast SEO plugin v28.4 - https:\/\/yoast.com\/product\/yoast-seo-wordpress\/ -->\n<title>Centraline idroelettriche. D&#039;Inc\u00e0 (M5S): \u201cIl Far West sta per finire, ecco come tutto cambier\u00e0\u201d - Bellunopress - Dolomiti<\/title>\n<meta name=\"robots\" content=\"index, follow, max-snippet:-1, max-image-preview:large, max-video-preview:-1\" \/>\n<link rel=\"canonical\" href=\"https:\/\/www.bellunopress.it\/fr\/2018\/09\/15\/centraline-idroelettriche-dinca-m5s-il-far-west-sta-per-finire-ecco-come-tutto-cambiera\/\" \/>\n<meta property=\"og:locale\" content=\"fr_FR\" \/>\n<meta property=\"og:type\" content=\"article\" \/>\n<meta property=\"og:title\" content=\"Centraline idroelettriche. D&#039;Inc\u00e0 (M5S): \u201cIl Far West sta per finire, ecco come tutto cambier\u00e0\u201d - Bellunopress - Dolomiti\" \/>\n<meta property=\"og:description\" content=\"Battute finali per il Far West delle centraline idroelettriche: ad annunciarlo \u00e8 il parlamentare veneto del Movimento 5 Stelle Federico D&#8217;Inc\u00e0, che ha seguito da vicino il procedimento relativo al nuovo Decreto Incentivi. In sostanza non verr\u00e0 concessa alcuna autorizzazione agli impianti che non corrisponderanno alle direttive a impatto zero previste dalla nuova normativa. \u201cSiamo [&hellip;]\" \/>\n<meta property=\"og:url\" content=\"https:\/\/www.bellunopress.it\/fr\/2018\/09\/15\/centraline-idroelettriche-dinca-m5s-il-far-west-sta-per-finire-ecco-come-tutto-cambiera\/\" \/>\n<meta property=\"og:site_name\" content=\"Bellunopress - Dolomiti\" \/>\n<meta property=\"article:publisher\" content=\"https:\/\/www.facebook.com\/profile.php?id=100008943462799\" \/>\n<meta property=\"article:published_time\" content=\"2018-09-15T15:01:19+00:00\" \/>\n<meta property=\"article:modified_time\" content=\"2018-09-15T15:04:15+00:00\" \/>\n<meta property=\"og:image\" content=\"http:\/\/www.bellunopress.it\/wp-content\/uploads\/2017\/12\/federico-dinc\u00e0.jpg\" \/>\n<meta name=\"author\" content=\"redazione\" \/>\n<meta name=\"twitter:card\" content=\"summary_large_image\" \/>\n<meta name=\"twitter:creator\" content=\"@bellunopress\" \/>\n<meta name=\"twitter:site\" content=\"@bellunopress\" \/>\n<meta name=\"twitter:label1\" content=\"\u00c9crit par\" \/>\n\t<meta name=\"twitter:data1\" content=\"redazione\" \/>\n\t<meta name=\"twitter:label2\" content=\"Dur\u00e9e de lecture estim\u00e9e\" \/>\n\t<meta name=\"twitter:data2\" content=\"3 minutes\" \/>\n<script type=\"application\/ld+json\" class=\"yoast-schema-graph\">{\"@context\":\"https:\\\/\\\/schema.org\",\"@graph\":[{\"@type\":\"Article\",\"@id\":\"https:\\\/\\\/www.bellunopress.it\\\/2018\\\/09\\\/15\\\/centraline-idroelettriche-dinca-m5s-il-far-west-sta-per-finire-ecco-come-tutto-cambiera\\\/#article\",\"isPartOf\":{\"@id\":\"https:\\\/\\\/www.bellunopress.it\\\/2018\\\/09\\\/15\\\/centraline-idroelettriche-dinca-m5s-il-far-west-sta-per-finire-ecco-come-tutto-cambiera\\\/\"},\"author\":{\"name\":\"redazione\",\"@id\":\"https:\\\/\\\/www.bellunopress.it\\\/#\\\/schema\\\/person\\\/79bb06722b37ece1c03d3e94beb30d73\"},\"headline\":\"Centraline idroelettriche. D&#8217;Inc\u00e0 (M5S): \u201cIl Far West sta per finire, ecco come tutto cambier\u00e0\u201d\",\"datePublished\":\"2018-09-15T15:01:19+00:00\",\"dateModified\":\"2018-09-15T15:04:15+00:00\",\"mainEntityOfPage\":{\"@id\":\"https:\\\/\\\/www.bellunopress.it\\\/2018\\\/09\\\/15\\\/centraline-idroelettriche-dinca-m5s-il-far-west-sta-per-finire-ecco-come-tutto-cambiera\\\/\"},\"wordCount\":612,\"publisher\":{\"@id\":\"https:\\\/\\\/www.bellunopress.it\\\/#organization\"},\"articleSection\":[\"Cronaca\\\/Politica\",\"Meteo, natura, ambiente, animali\",\"Prima Pagina\"],\"inLanguage\":\"fr-FR\"},{\"@type\":\"WebPage\",\"@id\":\"https:\\\/\\\/www.bellunopress.it\\\/2018\\\/09\\\/15\\\/centraline-idroelettriche-dinca-m5s-il-far-west-sta-per-finire-ecco-come-tutto-cambiera\\\/\",\"url\":\"https:\\\/\\\/www.bellunopress.it\\\/2018\\\/09\\\/15\\\/centraline-idroelettriche-dinca-m5s-il-far-west-sta-per-finire-ecco-come-tutto-cambiera\\\/\",\"name\":\"Centraline idroelettriche. D'Inc\u00e0 (M5S): \u201cIl Far West sta per finire, ecco come tutto cambier\u00e0\u201d - Bellunopress - Dolomiti\",\"isPartOf\":{\"@id\":\"https:\\\/\\\/www.bellunopress.it\\\/#website\"},\"datePublished\":\"2018-09-15T15:01:19+00:00\",\"dateModified\":\"2018-09-15T15:04:15+00:00\",\"breadcrumb\":{\"@id\":\"https:\\\/\\\/www.bellunopress.it\\\/2018\\\/09\\\/15\\\/centraline-idroelettriche-dinca-m5s-il-far-west-sta-per-finire-ecco-come-tutto-cambiera\\\/#breadcrumb\"},\"inLanguage\":\"fr-FR\",\"potentialAction\":[{\"@type\":\"ReadAction\",\"target\":[\"https:\\\/\\\/www.bellunopress.it\\\/2018\\\/09\\\/15\\\/centraline-idroelettriche-dinca-m5s-il-far-west-sta-per-finire-ecco-come-tutto-cambiera\\\/\"]}]},{\"@type\":\"BreadcrumbList\",\"@id\":\"https:\\\/\\\/www.bellunopress.it\\\/2018\\\/09\\\/15\\\/centraline-idroelettriche-dinca-m5s-il-far-west-sta-per-finire-ecco-come-tutto-cambiera\\\/#breadcrumb\",\"itemListElement\":[{\"@type\":\"ListItem\",\"position\":1,\"name\":\"Home\",\"item\":\"https:\\\/\\\/www.bellunopress.it\\\/\"},{\"@type\":\"ListItem\",\"position\":2,\"name\":\"Centraline idroelettriche. D&#8217;Inc\u00e0 (M5S): \u201cIl Far West sta per finire, ecco come tutto cambier\u00e0\u201d\"}]},{\"@type\":\"WebSite\",\"@id\":\"https:\\\/\\\/www.bellunopress.it\\\/#website\",\"url\":\"https:\\\/\\\/www.bellunopress.it\\\/\",\"name\":\"Bellunopress - Dolomiti\",\"description\":\"e-mail: redazione@bellunopress.it\",\"publisher\":{\"@id\":\"https:\\\/\\\/www.bellunopress.it\\\/#organization\"},\"potentialAction\":[{\"@type\":\"SearchAction\",\"target\":{\"@type\":\"EntryPoint\",\"urlTemplate\":\"https:\\\/\\\/www.bellunopress.it\\\/?s={search_term_string}\"},\"query-input\":{\"@type\":\"PropertyValueSpecification\",\"valueRequired\":true,\"valueName\":\"search_term_string\"}}],\"inLanguage\":\"fr-FR\"},{\"@type\":\"Organization\",\"@id\":\"https:\\\/\\\/www.bellunopress.it\\\/#organization\",\"name\":\"Bellunopress\",\"url\":\"https:\\\/\\\/www.bellunopress.it\\\/\",\"logo\":{\"@type\":\"ImageObject\",\"inLanguage\":\"fr-FR\",\"@id\":\"https:\\\/\\\/www.bellunopress.it\\\/#\\\/schema\\\/logo\\\/image\\\/\",\"url\":\"https:\\\/\\\/www.bellunopress.it\\\/wp-content\\\/uploads\\\/2011\\\/05\\\/cropped-logo-bellunopress-.jpg\",\"contentUrl\":\"https:\\\/\\\/www.bellunopress.it\\\/wp-content\\\/uploads\\\/2011\\\/05\\\/cropped-logo-bellunopress-.jpg\",\"width\":512,\"height\":512,\"caption\":\"Bellunopress\"},\"image\":{\"@id\":\"https:\\\/\\\/www.bellunopress.it\\\/#\\\/schema\\\/logo\\\/image\\\/\"},\"sameAs\":[\"https:\\\/\\\/www.facebook.com\\\/profile.php?id=100008943462799\",\"https:\\\/\\\/x.com\\\/bellunopress\",\"https:\\\/\\\/www.linkedin.com\\\/hp\\\/?dnr=JBzUWaJfMUw8vbXJJ2tVW5-I3jZKvC4wsoxE&amp;amp;amp;amp;amp;amp;trk=nav_responsive_tab_home\",\"https:\\\/\\\/www.youtube.com\\\/channel\\\/UCxL0wu1uN0_3_7hGG0306cw\"]},{\"@type\":\"Person\",\"@id\":\"https:\\\/\\\/www.bellunopress.it\\\/#\\\/schema\\\/person\\\/79bb06722b37ece1c03d3e94beb30d73\",\"name\":\"redazione\",\"image\":{\"@type\":\"ImageObject\",\"inLanguage\":\"fr-FR\",\"@id\":\"https:\\\/\\\/secure.gravatar.com\\\/avatar\\\/37d968a2e67a6fd04c169c4bdef102d0bc5d31b2546345219e348575eb80e9a0?s=96&d=mm&r=g\",\"url\":\"https:\\\/\\\/secure.gravatar.com\\\/avatar\\\/37d968a2e67a6fd04c169c4bdef102d0bc5d31b2546345219e348575eb80e9a0?s=96&d=mm&r=g\",\"contentUrl\":\"https:\\\/\\\/secure.gravatar.com\\\/avatar\\\/37d968a2e67a6fd04c169c4bdef102d0bc5d31b2546345219e348575eb80e9a0?s=96&d=mm&r=g\",\"caption\":\"redazione\"},\"sameAs\":[\"http:\\\/\\\/www.bellunopress.it\",\"https:\\\/\\\/x.com\\\/bellunopress\"],\"url\":\"https:\\\/\\\/www.bellunopress.it\\\/fr\\\/author\\\/redazione\\\/\"}]}<\/script>\n<!-- \/ Yoast SEO plugin. -->","yoast_head_json":{"title":"Centraline idroelettriche. D'Inc\u00e0 (M5S): \u201cIl Far West sta per finire, ecco come tutto cambier\u00e0\u201d - Bellunopress - Dolomiti","robots":{"index":"index","follow":"follow","max-snippet":"max-snippet:-1","max-image-preview":"max-image-preview:large","max-video-preview":"max-video-preview:-1"},"canonical":"https:\/\/www.bellunopress.it\/fr\/2018\/09\/15\/centraline-idroelettriche-dinca-m5s-il-far-west-sta-per-finire-ecco-come-tutto-cambiera\/","og_locale":"fr_FR","og_type":"article","og_title":"Centraline idroelettriche. D'Inc\u00e0 (M5S): \u201cIl Far West sta per finire, ecco come tutto cambier\u00e0\u201d - Bellunopress - Dolomiti","og_description":"Battute finali per il Far West delle centraline idroelettriche: ad annunciarlo \u00e8 il parlamentare veneto del Movimento 5 Stelle Federico D&#8217;Inc\u00e0, che ha seguito da vicino il procedimento relativo al nuovo Decreto Incentivi. In sostanza non verr\u00e0 concessa alcuna autorizzazione agli impianti che non corrisponderanno alle direttive a impatto zero previste dalla nuova normativa. \u201cSiamo [&hellip;]","og_url":"https:\/\/www.bellunopress.it\/fr\/2018\/09\/15\/centraline-idroelettriche-dinca-m5s-il-far-west-sta-per-finire-ecco-come-tutto-cambiera\/","og_site_name":"Bellunopress - Dolomiti","article_publisher":"https:\/\/www.facebook.com\/profile.php?id=100008943462799","article_published_time":"2018-09-15T15:01:19+00:00","article_modified_time":"2018-09-15T15:04:15+00:00","og_image":[{"url":"http:\/\/www.bellunopress.it\/wp-content\/uploads\/2017\/12\/federico-dinc\u00e0.jpg","type":"","width":"","height":""}],"author":"redazione","twitter_card":"summary_large_image","twitter_creator":"@bellunopress","twitter_site":"@bellunopress","twitter_misc":{"\u00c9crit par":"redazione","Dur\u00e9e de lecture estim\u00e9e":"3 minutes"},"schema":{"@context":"https:\/\/schema.org","@graph":[{"@type":"Article","@id":"https:\/\/www.bellunopress.it\/2018\/09\/15\/centraline-idroelettriche-dinca-m5s-il-far-west-sta-per-finire-ecco-come-tutto-cambiera\/#article","isPartOf":{"@id":"https:\/\/www.bellunopress.it\/2018\/09\/15\/centraline-idroelettriche-dinca-m5s-il-far-west-sta-per-finire-ecco-come-tutto-cambiera\/"},"author":{"name":"redazione","@id":"https:\/\/www.bellunopress.it\/#\/schema\/person\/79bb06722b37ece1c03d3e94beb30d73"},"headline":"Centraline idroelettriche. D&#8217;Inc\u00e0 (M5S): \u201cIl Far West sta per finire, ecco come tutto cambier\u00e0\u201d","datePublished":"2018-09-15T15:01:19+00:00","dateModified":"2018-09-15T15:04:15+00:00","mainEntityOfPage":{"@id":"https:\/\/www.bellunopress.it\/2018\/09\/15\/centraline-idroelettriche-dinca-m5s-il-far-west-sta-per-finire-ecco-come-tutto-cambiera\/"},"wordCount":612,"publisher":{"@id":"https:\/\/www.bellunopress.it\/#organization"},"articleSection":["Cronaca\/Politica","Meteo, natura, ambiente, animali","Prima Pagina"],"inLanguage":"fr-FR"},{"@type":"WebPage","@id":"https:\/\/www.bellunopress.it\/2018\/09\/15\/centraline-idroelettriche-dinca-m5s-il-far-west-sta-per-finire-ecco-come-tutto-cambiera\/","url":"https:\/\/www.bellunopress.it\/2018\/09\/15\/centraline-idroelettriche-dinca-m5s-il-far-west-sta-per-finire-ecco-come-tutto-cambiera\/","name":"Centraline idroelettriche. D'Inc\u00e0 (M5S): \u201cIl Far West sta per finire, ecco come tutto cambier\u00e0\u201d - Bellunopress - Dolomiti","isPartOf":{"@id":"https:\/\/www.bellunopress.it\/#website"},"datePublished":"2018-09-15T15:01:19+00:00","dateModified":"2018-09-15T15:04:15+00:00","breadcrumb":{"@id":"https:\/\/www.bellunopress.it\/2018\/09\/15\/centraline-idroelettriche-dinca-m5s-il-far-west-sta-per-finire-ecco-come-tutto-cambiera\/#breadcrumb"},"inLanguage":"fr-FR","potentialAction":[{"@type":"ReadAction","target":["https:\/\/www.bellunopress.it\/2018\/09\/15\/centraline-idroelettriche-dinca-m5s-il-far-west-sta-per-finire-ecco-come-tutto-cambiera\/"]}]},{"@type":"BreadcrumbList","@id":"https:\/\/www.bellunopress.it\/2018\/09\/15\/centraline-idroelettriche-dinca-m5s-il-far-west-sta-per-finire-ecco-come-tutto-cambiera\/#breadcrumb","itemListElement":[{"@type":"ListItem","position":1,"name":"Home","item":"https:\/\/www.bellunopress.it\/"},{"@type":"ListItem","position":2,"name":"Centraline idroelettriche. D&#8217;Inc\u00e0 (M5S): \u201cIl Far West sta per finire, ecco come tutto cambier\u00e0\u201d"}]},{"@type":"WebSite","@id":"https:\/\/www.bellunopress.it\/#website","url":"https:\/\/www.bellunopress.it\/","name":"Bellunopress - Dolomiti","description":"e-mail: redazione@bellunopress.it","publisher":{"@id":"https:\/\/www.bellunopress.it\/#organization"},"potentialAction":[{"@type":"SearchAction","target":{"@type":"EntryPoint","urlTemplate":"https:\/\/www.bellunopress.it\/?s={search_term_string}"},"query-input":{"@type":"PropertyValueSpecification","valueRequired":true,"valueName":"search_term_string"}}],"inLanguage":"fr-FR"},{"@type":"Organization","@id":"https:\/\/www.bellunopress.it\/#organization","name":"Bellunopress","url":"https:\/\/www.bellunopress.it\/","logo":{"@type":"ImageObject","inLanguage":"fr-FR","@id":"https:\/\/www.bellunopress.it\/#\/schema\/logo\/image\/","url":"https:\/\/www.bellunopress.it\/wp-content\/uploads\/2011\/05\/cropped-logo-bellunopress-.jpg","contentUrl":"https:\/\/www.bellunopress.it\/wp-content\/uploads\/2011\/05\/cropped-logo-bellunopress-.jpg","width":512,"height":512,"caption":"Bellunopress"},"image":{"@id":"https:\/\/www.bellunopress.it\/#\/schema\/logo\/image\/"},"sameAs":["https:\/\/www.facebook.com\/profile.php?id=100008943462799","https:\/\/x.com\/bellunopress","https:\/\/www.linkedin.com\/hp\/?dnr=JBzUWaJfMUw8vbXJJ2tVW5-I3jZKvC4wsoxE&amp;amp;amp;amp;amp;amp;trk=nav_responsive_tab_home","https:\/\/www.youtube.com\/channel\/UCxL0wu1uN0_3_7hGG0306cw"]},{"@type":"Person","@id":"https:\/\/www.bellunopress.it\/#\/schema\/person\/79bb06722b37ece1c03d3e94beb30d73","name":"r\u00e9daction","image":{"@type":"ImageObject","inLanguage":"fr-FR","@id":"https:\/\/secure.gravatar.com\/avatar\/37d968a2e67a6fd04c169c4bdef102d0bc5d31b2546345219e348575eb80e9a0?s=96&d=mm&r=g","url":"https:\/\/secure.gravatar.com\/avatar\/37d968a2e67a6fd04c169c4bdef102d0bc5d31b2546345219e348575eb80e9a0?s=96&d=mm&r=g","contentUrl":"https:\/\/secure.gravatar.com\/avatar\/37d968a2e67a6fd04c169c4bdef102d0bc5d31b2546345219e348575eb80e9a0?s=96&d=mm&r=g","caption":"redazione"},"sameAs":["http:\/\/www.bellunopress.it","https:\/\/x.com\/bellunopress"],"url":"https:\/\/www.bellunopress.it\/fr\/author\/redazione\/"}]}},"_links":{"self":[{"href":"https:\/\/www.bellunopress.it\/fr\/wp-json\/wp\/v2\/posts\/97969","targetHints":{"allow":["GET"]}}],"collection":[{"href":"https:\/\/www.bellunopress.it\/fr\/wp-json\/wp\/v2\/posts"}],"about":[{"href":"https:\/\/www.bellunopress.it\/fr\/wp-json\/wp\/v2\/types\/post"}],"author":[{"embeddable":true,"href":"https:\/\/www.bellunopress.it\/fr\/wp-json\/wp\/v2\/users\/2"}],"replies":[{"embeddable":true,"href":"https:\/\/www.bellunopress.it\/fr\/wp-json\/wp\/v2\/comments?post=97969"}],"version-history":[{"count":2,"href":"https:\/\/www.bellunopress.it\/fr\/wp-json\/wp\/v2\/posts\/97969\/revisions"}],"predecessor-version":[{"id":97971,"href":"https:\/\/www.bellunopress.it\/fr\/wp-json\/wp\/v2\/posts\/97969\/revisions\/97971"}],"wp:attachment":[{"href":"https:\/\/www.bellunopress.it\/fr\/wp-json\/wp\/v2\/media?parent=97969"}],"wp:term":[{"taxonomy":"category","embeddable":true,"href":"https:\/\/www.bellunopress.it\/fr\/wp-json\/wp\/v2\/categories?post=97969"},{"taxonomy":"post_tag","embeddable":true,"href":"https:\/\/www.bellunopress.it\/fr\/wp-json\/wp\/v2\/tags?post=97969"}],"curies":[{"name":"wp","href":"https:\/\/api.w.org\/{rel}","templated":true}]}}