{"id":97967,"date":"2018-09-15T16:23:23","date_gmt":"2018-09-15T14:23:23","guid":{"rendered":"http:\/\/www.bellunopress.it\/?p=97967"},"modified":"2018-09-15T16:23:23","modified_gmt":"2018-09-15T14:23:23","slug":"ricatto-a-massaro-100mila-euro-di-soldi-pubblici-per-la-stagione-invernale-2018-2019-del-nevegal","status":"publish","type":"post","link":"https:\/\/www.bellunopress.it\/fr\/2018\/09\/15\/ricatto-a-massaro-100mila-euro-di-soldi-pubblici-per-la-stagione-invernale-2018-2019-del-nevegal\/","title":{"rendered":"Ricatto a Massaro: 100mila euro di soldi pubblici per la stagione invernale 2018-2019 del Nevegal"},"content":{"rendered":"<p><a href=\"http:\/\/www.bellunopress.it\/fr\/2012\/12\/03\/alpe-del-nevegal-via-allinnevamento-artificiale\/cannoni-nevegal\/\" rel=\"attachment wp-att-44441\"><img loading=\"lazy\" decoding=\"async\" class=\"alignleft size-full wp-image-44441\" src=\"http:\/\/www.bellunopress.it\/wp-content\/uploads\/2012\/12\/cannoni-nevegal.jpeg\" alt=\"\" width=\"272\" height=\"169\" \/><\/a>Con lettera del 13 settembre 2018 gli operatori e le associazioni del Colle bellunese che da mesi si riuniscono sotto il nome di #progettanevegaldomani, hanno formalizzato le loro richieste al sindaco di Belluno Jacopo Massaro.<\/p>\n<p>Nella lettera non si dice espressamente l&#8217;ammontare del contributo da erogare, ma la richiesta \u00e8 per lo pi\u00f9 analoga a quella della precedente stagione invernale, ossia 100mila euro per aprire gli impianti.<\/p>\n<p>Ecco il dettaglio della missiva indirizzata al Primo cittadino<\/p>\n<p>1. se chiudono gli impianti in Nevegal il danno, anche solo per la stagione invernale, sarebbe enorme e, oltre a travalicare i confini del colle, della citt\u00e0 e persino della provincia, comporterebbe :<br \/>\nun danno in termini di occupazione (tra maestri di sci, operai, tecnici e operatori dell\u2019impiantistica, addetti dei rifugi e della ristorazione e altri si conta una perdita di lavoro per un centinaio di persone,<br \/>\nun danno economico legato non solo all\u2019introito per l\u2019utilizzo degli impianti ma a anche all\u2019indotto generato e cui beneficiano non solo gli operatori del Nevegal ma anche quelli del territorio circostante e della citt\u00e0 nel suo complesso,<br \/>\nun danno con esiti e ricadute temporali non circoscrivibili alla sola stagione invernale 2018 \/2019 ma certamente alla stagione estiva e ad un tempo molto pi\u00f9 ampio, forse segnando l\u2019irreversibilit\u00e0 della situazione,<br \/>\nun danno di immagine che potrebbe compromettere il settore turistico nel suo complesso anche per la citt\u00e0 , il territorio provinciale e regionale,<br \/>\nun danno sociale relativo al servizio di pubblica utilit\u00e0 garantito soprattutto dalla scuola di sci alle famiglie (non solo residenti in Comune di Belluno ma anche nei comuni limitrofi ) ma anche a quanti, per pi\u00f9 motivi, non possono accedere alla montagna dolomitica<\/p>\n<p>2. gli impianti sono solo un elemento strumentale che, come altra parte delle infrastrutture, serve da supporto per garantire accessibilit\u00e0 e fruizione ad altre risorse e mete che non ne possono prescindere . Nel rispetto quindi delle diverse competenze e possibilit\u00e0 , Serve una decisione condivisa di quali siano gli investimenti utili per reggere il sistema di offerte integrato che caratterizza il Nevegal,<br \/>\n3. serve una chiara visione politica che identifichi quale ruolo occupa il Nevegal nel complessivo governo della citt\u00e0 e del territorio in base alla quale si assumano decisioni strutturali che travalichino l\u2019approccio emergenziale ,<\/p>\n<p>4. serve definire una nuova governance per il Nevegal di domani , esito di un necessario ri-orientamento delle parti verso obiettivi comuni e condivisi e che definisca , con un accordo sottoscritto , quali siano i compiti della parte pubblica e quali quelli della parte privata , restituendo certezza a chi voglia intervenire , finanziariamente o con opere di sussidiariet\u00e0 , allo sviluppo del Colle,<\/p>\n<p>5. serve , in definitiva , agire su due fronti:<br \/>\nquello dell\u2019emergenza immediata per evitare la chiusura degli impianti e non rischiare le ricadute di cui sopra<br \/>\nquello della visione dello sviluppo del Nevegal con tempi medio lunghi , mettendo mano ad un vero e proprio piano strategico ventennale (di cui l\u2019agenda strategica su cui il gruppo #progettanevegaldomani sta lavorando pu\u00f2 considerarsi cornice propedeutica da cui partire ) in base al quale attivare la ricerca di forme e fonti di finanziamento da reperire ad ogni possibile livello (provinciale regionale nazionale europeo )<\/p>\n<p>Seguono le firme:<\/p>\n<p>Scuola Sci Nevegal<br \/>\nAics regionale del Veneto<br \/>\nAss. Nevegallika<br \/>\nAss. Amici del Nevegal<br \/>\nApres Sky Nevegal<br \/>\nSociet\u00e0 Alpe del Nevegal<br \/>\nSlalom ski<br \/>\nCollegio Regionale scuole maestri di sci Regione Veneto<br \/>\nPro Loco Pieve Castionese<br \/>\nRifugio Bristot<br \/>\nRent &amp;Go Nevegal<br \/>\nAg. Immobiliare \u201cLe Torri\u201d<br \/>\nMalga col Toront<br \/>\nAlbergo Nevegal\/Miari<br \/>\nAlbergo Slalom<br \/>\nAlbergo Pineta<br \/>\nAmm. Gruppo FB Amanti alpe del nevegal<br \/>\nPizzeria Dal Bo<br \/>\nAgriturismo Faverghera<br \/>\nB&amp;B Checco Zaino<br \/>\nRistorante la Casera<br \/>\nAzienda Agricola Luisa Poto<br \/>\nAzienda Agricola Da Rold<br \/>\nMazzorana Sport<\/p>","protected":false},"excerpt":{"rendered":"<p>Con lettera del 13 settembre 2018 gli operatori e le associazioni del Colle bellunese che da mesi si riuniscono sotto il nome di #progettanevegaldomani, hanno formalizzato le loro richieste al sindaco di Belluno Jacopo Massaro. Nella lettera non si dice espressamente l&#8217;ammontare del contributo da erogare, ma la richiesta \u00e8 per lo pi\u00f9 analoga a [&hellip;]<\/p>\n","protected":false},"author":2,"featured_media":0,"comment_status":"closed","ping_status":"open","sticky":false,"template":"","format":"standard","meta":{"footnotes":""},"categories":[1],"tags":[],"class_list":["post-97967","post","type-post","status-publish","format-standard","category-leo"],"yoast_head":"<!-- This site is optimized with the Yoast SEO plugin v28.4 - https:\/\/yoast.com\/product\/yoast-seo-wordpress\/ -->\n<title>Ricatto a Massaro: 100mila euro di soldi pubblici per la stagione invernale 2018-2019 del Nevegal - Bellunopress - Dolomiti<\/title>\n<meta name=\"robots\" content=\"index, follow, max-snippet:-1, max-image-preview:large, max-video-preview:-1\" \/>\n<link rel=\"canonical\" href=\"https:\/\/www.bellunopress.it\/fr\/2018\/09\/15\/ricatto-a-massaro-100mila-euro-di-soldi-pubblici-per-la-stagione-invernale-2018-2019-del-nevegal\/\" \/>\n<meta property=\"og:locale\" content=\"fr_FR\" \/>\n<meta property=\"og:type\" content=\"article\" \/>\n<meta property=\"og:title\" content=\"Ricatto a Massaro: 100mila euro di soldi pubblici per la stagione invernale 2018-2019 del Nevegal - Bellunopress - Dolomiti\" \/>\n<meta property=\"og:description\" content=\"Con lettera del 13 settembre 2018 gli operatori e le associazioni del Colle bellunese che da mesi si riuniscono sotto il nome di #progettanevegaldomani, hanno formalizzato le loro richieste al sindaco di Belluno Jacopo Massaro. Nella lettera non si dice espressamente l&#8217;ammontare del contributo da erogare, ma la richiesta \u00e8 per lo pi\u00f9 analoga a [&hellip;]\" \/>\n<meta property=\"og:url\" content=\"https:\/\/www.bellunopress.it\/fr\/2018\/09\/15\/ricatto-a-massaro-100mila-euro-di-soldi-pubblici-per-la-stagione-invernale-2018-2019-del-nevegal\/\" \/>\n<meta property=\"og:site_name\" content=\"Bellunopress - Dolomiti\" \/>\n<meta property=\"article:publisher\" content=\"https:\/\/www.facebook.com\/profile.php?id=100008943462799\" \/>\n<meta property=\"article:published_time\" content=\"2018-09-15T14:23:23+00:00\" \/>\n<meta property=\"og:image\" content=\"http:\/\/www.bellunopress.it\/wp-content\/uploads\/2012\/12\/cannoni-nevegal.jpeg\" \/>\n<meta name=\"author\" content=\"redazione\" \/>\n<meta name=\"twitter:card\" content=\"summary_large_image\" \/>\n<meta name=\"twitter:creator\" content=\"@bellunopress\" \/>\n<meta name=\"twitter:site\" content=\"@bellunopress\" \/>\n<meta name=\"twitter:label1\" content=\"\u00c9crit par\" \/>\n\t<meta name=\"twitter:data1\" content=\"redazione\" \/>\n\t<meta name=\"twitter:label2\" content=\"Dur\u00e9e de lecture estim\u00e9e\" \/>\n\t<meta name=\"twitter:data2\" content=\"3 minutes\" \/>\n<script type=\"application\/ld+json\" class=\"yoast-schema-graph\">{\"@context\":\"https:\\\/\\\/schema.org\",\"@graph\":[{\"@type\":\"Article\",\"@id\":\"https:\\\/\\\/www.bellunopress.it\\\/2018\\\/09\\\/15\\\/ricatto-a-massaro-100mila-euro-di-soldi-pubblici-per-la-stagione-invernale-2018-2019-del-nevegal\\\/#article\",\"isPartOf\":{\"@id\":\"https:\\\/\\\/www.bellunopress.it\\\/2018\\\/09\\\/15\\\/ricatto-a-massaro-100mila-euro-di-soldi-pubblici-per-la-stagione-invernale-2018-2019-del-nevegal\\\/\"},\"author\":{\"name\":\"redazione\",\"@id\":\"https:\\\/\\\/www.bellunopress.it\\\/#\\\/schema\\\/person\\\/79bb06722b37ece1c03d3e94beb30d73\"},\"headline\":\"Ricatto a Massaro: 100mila euro di soldi pubblici per la stagione invernale 2018-2019 del Nevegal\",\"datePublished\":\"2018-09-15T14:23:23+00:00\",\"mainEntityOfPage\":{\"@id\":\"https:\\\/\\\/www.bellunopress.it\\\/2018\\\/09\\\/15\\\/ricatto-a-massaro-100mila-euro-di-soldi-pubblici-per-la-stagione-invernale-2018-2019-del-nevegal\\\/\"},\"wordCount\":616,\"publisher\":{\"@id\":\"https:\\\/\\\/www.bellunopress.it\\\/#organization\"},\"image\":{\"@id\":\"https:\\\/\\\/www.bellunopress.it\\\/2018\\\/09\\\/15\\\/ricatto-a-massaro-100mila-euro-di-soldi-pubblici-per-la-stagione-invernale-2018-2019-del-nevegal\\\/#primaryimage\"},\"thumbnailUrl\":\"http:\\\/\\\/www.bellunopress.it\\\/wp-content\\\/uploads\\\/2012\\\/12\\\/cannoni-nevegal.jpeg\",\"articleSection\":[\"Lettere Opinioni\"],\"inLanguage\":\"fr-FR\"},{\"@type\":\"WebPage\",\"@id\":\"https:\\\/\\\/www.bellunopress.it\\\/2018\\\/09\\\/15\\\/ricatto-a-massaro-100mila-euro-di-soldi-pubblici-per-la-stagione-invernale-2018-2019-del-nevegal\\\/\",\"url\":\"https:\\\/\\\/www.bellunopress.it\\\/2018\\\/09\\\/15\\\/ricatto-a-massaro-100mila-euro-di-soldi-pubblici-per-la-stagione-invernale-2018-2019-del-nevegal\\\/\",\"name\":\"Ricatto a Massaro: 100mila euro di soldi pubblici per la stagione invernale 2018-2019 del Nevegal - Bellunopress - Dolomiti\",\"isPartOf\":{\"@id\":\"https:\\\/\\\/www.bellunopress.it\\\/#website\"},\"primaryImageOfPage\":{\"@id\":\"https:\\\/\\\/www.bellunopress.it\\\/2018\\\/09\\\/15\\\/ricatto-a-massaro-100mila-euro-di-soldi-pubblici-per-la-stagione-invernale-2018-2019-del-nevegal\\\/#primaryimage\"},\"image\":{\"@id\":\"https:\\\/\\\/www.bellunopress.it\\\/2018\\\/09\\\/15\\\/ricatto-a-massaro-100mila-euro-di-soldi-pubblici-per-la-stagione-invernale-2018-2019-del-nevegal\\\/#primaryimage\"},\"thumbnailUrl\":\"http:\\\/\\\/www.bellunopress.it\\\/wp-content\\\/uploads\\\/2012\\\/12\\\/cannoni-nevegal.jpeg\",\"datePublished\":\"2018-09-15T14:23:23+00:00\",\"breadcrumb\":{\"@id\":\"https:\\\/\\\/www.bellunopress.it\\\/2018\\\/09\\\/15\\\/ricatto-a-massaro-100mila-euro-di-soldi-pubblici-per-la-stagione-invernale-2018-2019-del-nevegal\\\/#breadcrumb\"},\"inLanguage\":\"fr-FR\",\"potentialAction\":[{\"@type\":\"ReadAction\",\"target\":[\"https:\\\/\\\/www.bellunopress.it\\\/2018\\\/09\\\/15\\\/ricatto-a-massaro-100mila-euro-di-soldi-pubblici-per-la-stagione-invernale-2018-2019-del-nevegal\\\/\"]}]},{\"@type\":\"ImageObject\",\"inLanguage\":\"fr-FR\",\"@id\":\"https:\\\/\\\/www.bellunopress.it\\\/2018\\\/09\\\/15\\\/ricatto-a-massaro-100mila-euro-di-soldi-pubblici-per-la-stagione-invernale-2018-2019-del-nevegal\\\/#primaryimage\",\"url\":\"http:\\\/\\\/www.bellunopress.it\\\/wp-content\\\/uploads\\\/2012\\\/12\\\/cannoni-nevegal.jpeg\",\"contentUrl\":\"http:\\\/\\\/www.bellunopress.it\\\/wp-content\\\/uploads\\\/2012\\\/12\\\/cannoni-nevegal.jpeg\"},{\"@type\":\"BreadcrumbList\",\"@id\":\"https:\\\/\\\/www.bellunopress.it\\\/2018\\\/09\\\/15\\\/ricatto-a-massaro-100mila-euro-di-soldi-pubblici-per-la-stagione-invernale-2018-2019-del-nevegal\\\/#breadcrumb\",\"itemListElement\":[{\"@type\":\"ListItem\",\"position\":1,\"name\":\"Home\",\"item\":\"https:\\\/\\\/www.bellunopress.it\\\/\"},{\"@type\":\"ListItem\",\"position\":2,\"name\":\"Ricatto a Massaro: 100mila euro di soldi pubblici per la stagione invernale 2018-2019 del Nevegal\"}]},{\"@type\":\"WebSite\",\"@id\":\"https:\\\/\\\/www.bellunopress.it\\\/#website\",\"url\":\"https:\\\/\\\/www.bellunopress.it\\\/\",\"name\":\"Bellunopress - Dolomiti\",\"description\":\"e-mail: redazione@bellunopress.it\",\"publisher\":{\"@id\":\"https:\\\/\\\/www.bellunopress.it\\\/#organization\"},\"potentialAction\":[{\"@type\":\"SearchAction\",\"target\":{\"@type\":\"EntryPoint\",\"urlTemplate\":\"https:\\\/\\\/www.bellunopress.it\\\/?s={search_term_string}\"},\"query-input\":{\"@type\":\"PropertyValueSpecification\",\"valueRequired\":true,\"valueName\":\"search_term_string\"}}],\"inLanguage\":\"fr-FR\"},{\"@type\":\"Organization\",\"@id\":\"https:\\\/\\\/www.bellunopress.it\\\/#organization\",\"name\":\"Bellunopress\",\"url\":\"https:\\\/\\\/www.bellunopress.it\\\/\",\"logo\":{\"@type\":\"ImageObject\",\"inLanguage\":\"fr-FR\",\"@id\":\"https:\\\/\\\/www.bellunopress.it\\\/#\\\/schema\\\/logo\\\/image\\\/\",\"url\":\"https:\\\/\\\/www.bellunopress.it\\\/wp-content\\\/uploads\\\/2011\\\/05\\\/cropped-logo-bellunopress-.jpg\",\"contentUrl\":\"https:\\\/\\\/www.bellunopress.it\\\/wp-content\\\/uploads\\\/2011\\\/05\\\/cropped-logo-bellunopress-.jpg\",\"width\":512,\"height\":512,\"caption\":\"Bellunopress\"},\"image\":{\"@id\":\"https:\\\/\\\/www.bellunopress.it\\\/#\\\/schema\\\/logo\\\/image\\\/\"},\"sameAs\":[\"https:\\\/\\\/www.facebook.com\\\/profile.php?id=100008943462799\",\"https:\\\/\\\/x.com\\\/bellunopress\",\"https:\\\/\\\/www.linkedin.com\\\/hp\\\/?dnr=JBzUWaJfMUw8vbXJJ2tVW5-I3jZKvC4wsoxE&amp;amp;amp;amp;amp;amp;trk=nav_responsive_tab_home\",\"https:\\\/\\\/www.youtube.com\\\/channel\\\/UCxL0wu1uN0_3_7hGG0306cw\"]},{\"@type\":\"Person\",\"@id\":\"https:\\\/\\\/www.bellunopress.it\\\/#\\\/schema\\\/person\\\/79bb06722b37ece1c03d3e94beb30d73\",\"name\":\"redazione\",\"image\":{\"@type\":\"ImageObject\",\"inLanguage\":\"fr-FR\",\"@id\":\"https:\\\/\\\/secure.gravatar.com\\\/avatar\\\/37d968a2e67a6fd04c169c4bdef102d0bc5d31b2546345219e348575eb80e9a0?s=96&d=mm&r=g\",\"url\":\"https:\\\/\\\/secure.gravatar.com\\\/avatar\\\/37d968a2e67a6fd04c169c4bdef102d0bc5d31b2546345219e348575eb80e9a0?s=96&d=mm&r=g\",\"contentUrl\":\"https:\\\/\\\/secure.gravatar.com\\\/avatar\\\/37d968a2e67a6fd04c169c4bdef102d0bc5d31b2546345219e348575eb80e9a0?s=96&d=mm&r=g\",\"caption\":\"redazione\"},\"sameAs\":[\"http:\\\/\\\/www.bellunopress.it\",\"https:\\\/\\\/x.com\\\/bellunopress\"],\"url\":\"https:\\\/\\\/www.bellunopress.it\\\/fr\\\/author\\\/redazione\\\/\"}]}<\/script>\n<!-- \/ Yoast SEO plugin. -->","yoast_head_json":{"title":"Ricatto a Massaro: 100mila euro di soldi pubblici per la stagione invernale 2018-2019 del Nevegal - Bellunopress - Dolomiti","robots":{"index":"index","follow":"follow","max-snippet":"max-snippet:-1","max-image-preview":"max-image-preview:large","max-video-preview":"max-video-preview:-1"},"canonical":"https:\/\/www.bellunopress.it\/fr\/2018\/09\/15\/ricatto-a-massaro-100mila-euro-di-soldi-pubblici-per-la-stagione-invernale-2018-2019-del-nevegal\/","og_locale":"fr_FR","og_type":"article","og_title":"Ricatto a Massaro: 100mila euro di soldi pubblici per la stagione invernale 2018-2019 del Nevegal - Bellunopress - Dolomiti","og_description":"Con lettera del 13 settembre 2018 gli operatori e le associazioni del Colle bellunese che da mesi si riuniscono sotto il nome di #progettanevegaldomani, hanno formalizzato le loro richieste al sindaco di Belluno Jacopo Massaro. Nella lettera non si dice espressamente l&#8217;ammontare del contributo da erogare, ma la richiesta \u00e8 per lo pi\u00f9 analoga a [&hellip;]","og_url":"https:\/\/www.bellunopress.it\/fr\/2018\/09\/15\/ricatto-a-massaro-100mila-euro-di-soldi-pubblici-per-la-stagione-invernale-2018-2019-del-nevegal\/","og_site_name":"Bellunopress - Dolomiti","article_publisher":"https:\/\/www.facebook.com\/profile.php?id=100008943462799","article_published_time":"2018-09-15T14:23:23+00:00","og_image":[{"url":"http:\/\/www.bellunopress.it\/wp-content\/uploads\/2012\/12\/cannoni-nevegal.jpeg","type":"","width":"","height":""}],"author":"redazione","twitter_card":"summary_large_image","twitter_creator":"@bellunopress","twitter_site":"@bellunopress","twitter_misc":{"\u00c9crit par":"redazione","Dur\u00e9e de lecture estim\u00e9e":"3 minutes"},"schema":{"@context":"https:\/\/schema.org","@graph":[{"@type":"Article","@id":"https:\/\/www.bellunopress.it\/2018\/09\/15\/ricatto-a-massaro-100mila-euro-di-soldi-pubblici-per-la-stagione-invernale-2018-2019-del-nevegal\/#article","isPartOf":{"@id":"https:\/\/www.bellunopress.it\/2018\/09\/15\/ricatto-a-massaro-100mila-euro-di-soldi-pubblici-per-la-stagione-invernale-2018-2019-del-nevegal\/"},"author":{"name":"redazione","@id":"https:\/\/www.bellunopress.it\/#\/schema\/person\/79bb06722b37ece1c03d3e94beb30d73"},"headline":"Ricatto a Massaro: 100mila euro di soldi pubblici per la stagione invernale 2018-2019 del Nevegal","datePublished":"2018-09-15T14:23:23+00:00","mainEntityOfPage":{"@id":"https:\/\/www.bellunopress.it\/2018\/09\/15\/ricatto-a-massaro-100mila-euro-di-soldi-pubblici-per-la-stagione-invernale-2018-2019-del-nevegal\/"},"wordCount":616,"publisher":{"@id":"https:\/\/www.bellunopress.it\/#organization"},"image":{"@id":"https:\/\/www.bellunopress.it\/2018\/09\/15\/ricatto-a-massaro-100mila-euro-di-soldi-pubblici-per-la-stagione-invernale-2018-2019-del-nevegal\/#primaryimage"},"thumbnailUrl":"http:\/\/www.bellunopress.it\/wp-content\/uploads\/2012\/12\/cannoni-nevegal.jpeg","articleSection":["Lettere Opinioni"],"inLanguage":"fr-FR"},{"@type":"WebPage","@id":"https:\/\/www.bellunopress.it\/2018\/09\/15\/ricatto-a-massaro-100mila-euro-di-soldi-pubblici-per-la-stagione-invernale-2018-2019-del-nevegal\/","url":"https:\/\/www.bellunopress.it\/2018\/09\/15\/ricatto-a-massaro-100mila-euro-di-soldi-pubblici-per-la-stagione-invernale-2018-2019-del-nevegal\/","name":"Ricatto a Massaro: 100mila euro di soldi pubblici per la stagione invernale 2018-2019 del Nevegal - Bellunopress - Dolomiti","isPartOf":{"@id":"https:\/\/www.bellunopress.it\/#website"},"primaryImageOfPage":{"@id":"https:\/\/www.bellunopress.it\/2018\/09\/15\/ricatto-a-massaro-100mila-euro-di-soldi-pubblici-per-la-stagione-invernale-2018-2019-del-nevegal\/#primaryimage"},"image":{"@id":"https:\/\/www.bellunopress.it\/2018\/09\/15\/ricatto-a-massaro-100mila-euro-di-soldi-pubblici-per-la-stagione-invernale-2018-2019-del-nevegal\/#primaryimage"},"thumbnailUrl":"http:\/\/www.bellunopress.it\/wp-content\/uploads\/2012\/12\/cannoni-nevegal.jpeg","datePublished":"2018-09-15T14:23:23+00:00","breadcrumb":{"@id":"https:\/\/www.bellunopress.it\/2018\/09\/15\/ricatto-a-massaro-100mila-euro-di-soldi-pubblici-per-la-stagione-invernale-2018-2019-del-nevegal\/#breadcrumb"},"inLanguage":"fr-FR","potentialAction":[{"@type":"ReadAction","target":["https:\/\/www.bellunopress.it\/2018\/09\/15\/ricatto-a-massaro-100mila-euro-di-soldi-pubblici-per-la-stagione-invernale-2018-2019-del-nevegal\/"]}]},{"@type":"ImageObject","inLanguage":"fr-FR","@id":"https:\/\/www.bellunopress.it\/2018\/09\/15\/ricatto-a-massaro-100mila-euro-di-soldi-pubblici-per-la-stagione-invernale-2018-2019-del-nevegal\/#primaryimage","url":"http:\/\/www.bellunopress.it\/wp-content\/uploads\/2012\/12\/cannoni-nevegal.jpeg","contentUrl":"http:\/\/www.bellunopress.it\/wp-content\/uploads\/2012\/12\/cannoni-nevegal.jpeg"},{"@type":"BreadcrumbList","@id":"https:\/\/www.bellunopress.it\/2018\/09\/15\/ricatto-a-massaro-100mila-euro-di-soldi-pubblici-per-la-stagione-invernale-2018-2019-del-nevegal\/#breadcrumb","itemListElement":[{"@type":"ListItem","position":1,"name":"Home","item":"https:\/\/www.bellunopress.it\/"},{"@type":"ListItem","position":2,"name":"Ricatto a Massaro: 100mila euro di soldi pubblici per la stagione invernale 2018-2019 del Nevegal"}]},{"@type":"WebSite","@id":"https:\/\/www.bellunopress.it\/#website","url":"https:\/\/www.bellunopress.it\/","name":"Bellunopress - Dolomiti","description":"e-mail: redazione@bellunopress.it","publisher":{"@id":"https:\/\/www.bellunopress.it\/#organization"},"potentialAction":[{"@type":"SearchAction","target":{"@type":"EntryPoint","urlTemplate":"https:\/\/www.bellunopress.it\/?s={search_term_string}"},"query-input":{"@type":"PropertyValueSpecification","valueRequired":true,"valueName":"search_term_string"}}],"inLanguage":"fr-FR"},{"@type":"Organization","@id":"https:\/\/www.bellunopress.it\/#organization","name":"Bellunopress","url":"https:\/\/www.bellunopress.it\/","logo":{"@type":"ImageObject","inLanguage":"fr-FR","@id":"https:\/\/www.bellunopress.it\/#\/schema\/logo\/image\/","url":"https:\/\/www.bellunopress.it\/wp-content\/uploads\/2011\/05\/cropped-logo-bellunopress-.jpg","contentUrl":"https:\/\/www.bellunopress.it\/wp-content\/uploads\/2011\/05\/cropped-logo-bellunopress-.jpg","width":512,"height":512,"caption":"Bellunopress"},"image":{"@id":"https:\/\/www.bellunopress.it\/#\/schema\/logo\/image\/"},"sameAs":["https:\/\/www.facebook.com\/profile.php?id=100008943462799","https:\/\/x.com\/bellunopress","https:\/\/www.linkedin.com\/hp\/?dnr=JBzUWaJfMUw8vbXJJ2tVW5-I3jZKvC4wsoxE&amp;amp;amp;amp;amp;amp;trk=nav_responsive_tab_home","https:\/\/www.youtube.com\/channel\/UCxL0wu1uN0_3_7hGG0306cw"]},{"@type":"Person","@id":"https:\/\/www.bellunopress.it\/#\/schema\/person\/79bb06722b37ece1c03d3e94beb30d73","name":"r\u00e9daction","image":{"@type":"ImageObject","inLanguage":"fr-FR","@id":"https:\/\/secure.gravatar.com\/avatar\/37d968a2e67a6fd04c169c4bdef102d0bc5d31b2546345219e348575eb80e9a0?s=96&d=mm&r=g","url":"https:\/\/secure.gravatar.com\/avatar\/37d968a2e67a6fd04c169c4bdef102d0bc5d31b2546345219e348575eb80e9a0?s=96&d=mm&r=g","contentUrl":"https:\/\/secure.gravatar.com\/avatar\/37d968a2e67a6fd04c169c4bdef102d0bc5d31b2546345219e348575eb80e9a0?s=96&d=mm&r=g","caption":"redazione"},"sameAs":["http:\/\/www.bellunopress.it","https:\/\/x.com\/bellunopress"],"url":"https:\/\/www.bellunopress.it\/fr\/author\/redazione\/"}]}},"_links":{"self":[{"href":"https:\/\/www.bellunopress.it\/fr\/wp-json\/wp\/v2\/posts\/97967","targetHints":{"allow":["GET"]}}],"collection":[{"href":"https:\/\/www.bellunopress.it\/fr\/wp-json\/wp\/v2\/posts"}],"about":[{"href":"https:\/\/www.bellunopress.it\/fr\/wp-json\/wp\/v2\/types\/post"}],"author":[{"embeddable":true,"href":"https:\/\/www.bellunopress.it\/fr\/wp-json\/wp\/v2\/users\/2"}],"replies":[{"embeddable":true,"href":"https:\/\/www.bellunopress.it\/fr\/wp-json\/wp\/v2\/comments?post=97967"}],"version-history":[{"count":1,"href":"https:\/\/www.bellunopress.it\/fr\/wp-json\/wp\/v2\/posts\/97967\/revisions"}],"predecessor-version":[{"id":97968,"href":"https:\/\/www.bellunopress.it\/fr\/wp-json\/wp\/v2\/posts\/97967\/revisions\/97968"}],"wp:attachment":[{"href":"https:\/\/www.bellunopress.it\/fr\/wp-json\/wp\/v2\/media?parent=97967"}],"wp:term":[{"taxonomy":"category","embeddable":true,"href":"https:\/\/www.bellunopress.it\/fr\/wp-json\/wp\/v2\/categories?post=97967"},{"taxonomy":"post_tag","embeddable":true,"href":"https:\/\/www.bellunopress.it\/fr\/wp-json\/wp\/v2\/tags?post=97967"}],"curies":[{"name":"wp","href":"https:\/\/api.w.org\/{rel}","templated":true}]}}