{"id":97943,"date":"2018-09-16T12:46:29","date_gmt":"2018-09-16T10:46:29","guid":{"rendered":"http:\/\/www.bellunopress.it\/?p=97943"},"modified":"2018-09-13T21:48:42","modified_gmt":"2018-09-13T19:48:42","slug":"lulss-1-organizza-un-corso-di-difesa-personale-e-strategie-relazionali-per-la-gestione-dei-conflitti-destinato-al-personale-sanitario","status":"publish","type":"post","link":"https:\/\/www.bellunopress.it\/fr\/2018\/09\/16\/lulss-1-organizza-un-corso-di-difesa-personale-e-strategie-relazionali-per-la-gestione-dei-conflitti-destinato-al-personale-sanitario\/","title":{"rendered":"L\u2019Ulss 1 organizza un corso di difesa personale e strategie relazionali per la gestione dei conflitti destinato al personale sanitario"},"content":{"rendered":"<p>Negli ultimi anni gli episodi di violenza contro gli operatori sanitari (aggressioni fisiche, comportamenti minacciosi o abusi verbali) ricorrono con frequenza, costituendo uno specifico rischio lavorativo, in particolare in alcuni ambiti lavorativi, quali i Servizi di emergenza \u2013 urgenza, le strutture psichiatriche \/ Ser.D., i Servizi di continuit\u00e0 assistenziale.<\/p>\n<p><a href=\"http:\/\/www.bellunopress.it\/fr\/2017\/02\/01\/due-ginecologi-operativi-h-24-al-punto-nascite-di-pieve-di-cadore\/ulss-1-dolomiti\/\" rel=\"attachment wp-att-84065\"><img loading=\"lazy\" decoding=\"async\" class=\"alignleft size-full wp-image-84065\" src=\"http:\/\/www.bellunopress.it\/wp-content\/uploads\/2017\/02\/ulss-1-dolomiti.jpg\" alt=\"\" width=\"214\" height=\"110\" \/><\/a>In base alla valutazione del rischio effettuata dal Servizio di Prevenzione e Protezione e dal Medico Competente, in collaborazione con il Servizio di Psicologia Ospedaliera, tra le misure di prevenzione e controllo, oltre alle soluzioni di tipo logistico-organizzativo o tecnologico, l\u2019ULSS 1 Dolomiti ha avviato un efficace intervento formativo, di tipo teorico \u2013 pratico, per il personale di assistenza, con lo scopo di migliorare le competenze di comunicazione e di autodifesa in situazioni critiche.<\/p>\n<p>Il corso, dal titolo \u201cCorso di difesa personale e strategie relazionali per la gestione dei conflitti per il personale sanitario\u201d sar\u00e0 organizzato in 3 edizioni di 30 partecipanti ciascuna, nei mesi di ottobre e novembre. Saranno coinvolti Medici, Infermieri, Operatori Socio Sanitari delle UU.OO.CC. Pronto Soccorso e Psichiatria e alcuni medici di assistenza primaria e di continuit\u00e0 assistenziale.<\/p>\n<p>Obiettivo del corso \u00e8 che al termine della giornata formativa, ogni partecipante sia in grado di prevenire le situazioni di potenziale rischio, migliorando la capacit\u00e0 di riconoscere le aggressioni e i conflitti e di mantenere adeguato il livello di percezione del rischio.<\/p>\n<p>Docenti del corso sono:<\/p>\n<p>&#8211; la dott.ssa Chiara Forlin, Psicologa Psicoterapeuta, che terr\u00e0 le lezioni \u201c La comunicazione difficile: come gestire le situazioni di conflitto e \u201c La comunicazione in situazioni critiche\u201d;<br \/>\n&#8211; Grigore Cristian Burde, istruttore di arti marziali, che tratter\u00e0 i codici di attenzione e le tecniche di autodifesa KRAV MAGA, con esercitazioni in palestra;<br \/>\nl \u2019Avv. Giorgio Gasperin che tratter\u00e0 \u201cLa legittima difesa, implicazioni legali\u201d;<br \/>\n&#8211; il dott. Gianluca Rossi, medico di assistenza primaria che terr\u00e0 una lezione su \u201cLe basi biologiche della paura e dell\u2019aggressivit\u00e0\u201d.<\/p>\n<p>Responsabile scientifico dell\u2019evento \u00e8 la dott.ssa Cristina Targon del Servizio di Medicina Preventiva dell\u2019 ULSS 1.<\/p>","protected":false},"excerpt":{"rendered":"<p>Negli ultimi anni gli episodi di violenza contro gli operatori sanitari (aggressioni fisiche, comportamenti minacciosi o abusi verbali) ricorrono con frequenza, costituendo uno specifico rischio lavorativo, in particolare in alcuni ambiti lavorativi, quali i Servizi di emergenza \u2013 urgenza, le strutture psichiatriche \/ Ser.D., i Servizi di continuit\u00e0 assistenziale. In base alla valutazione del rischio [&hellip;]<\/p>\n","protected":false},"author":2,"featured_media":0,"comment_status":"closed","ping_status":"open","sticky":false,"template":"","format":"standard","meta":{"footnotes":""},"categories":[25,17],"tags":[],"class_list":["post-97943","post","type-post","status-publish","format-standard","category-pausa-caffe","category-sanita"],"yoast_head":"<!-- This site is optimized with the Yoast SEO plugin v28.4 - https:\/\/yoast.com\/product\/yoast-seo-wordpress\/ -->\n<title>L\u2019Ulss 1 organizza un corso di difesa personale e strategie relazionali per la gestione dei conflitti destinato al personale sanitario - Bellunopress - Dolomiti<\/title>\n<meta name=\"robots\" content=\"index, follow, max-snippet:-1, max-image-preview:large, max-video-preview:-1\" \/>\n<link rel=\"canonical\" href=\"https:\/\/www.bellunopress.it\/fr\/2018\/09\/16\/lulss-1-organizza-un-corso-di-difesa-personale-e-strategie-relazionali-per-la-gestione-dei-conflitti-destinato-al-personale-sanitario\/\" \/>\n<meta property=\"og:locale\" content=\"fr_FR\" \/>\n<meta property=\"og:type\" content=\"article\" \/>\n<meta property=\"og:title\" content=\"L\u2019Ulss 1 organizza un corso di difesa personale e strategie relazionali per la gestione dei conflitti destinato al personale sanitario - Bellunopress - Dolomiti\" \/>\n<meta property=\"og:description\" content=\"Negli ultimi anni gli episodi di violenza contro gli operatori sanitari (aggressioni fisiche, comportamenti minacciosi o abusi verbali) ricorrono con frequenza, costituendo uno specifico rischio lavorativo, in particolare in alcuni ambiti lavorativi, quali i Servizi di emergenza \u2013 urgenza, le strutture psichiatriche \/ Ser.D., i Servizi di continuit\u00e0 assistenziale. In base alla valutazione del rischio [&hellip;]\" \/>\n<meta property=\"og:url\" content=\"https:\/\/www.bellunopress.it\/fr\/2018\/09\/16\/lulss-1-organizza-un-corso-di-difesa-personale-e-strategie-relazionali-per-la-gestione-dei-conflitti-destinato-al-personale-sanitario\/\" \/>\n<meta property=\"og:site_name\" content=\"Bellunopress - Dolomiti\" \/>\n<meta property=\"article:publisher\" content=\"https:\/\/www.facebook.com\/profile.php?id=100008943462799\" \/>\n<meta property=\"article:published_time\" content=\"2018-09-16T10:46:29+00:00\" \/>\n<meta property=\"og:image\" content=\"http:\/\/www.bellunopress.it\/wp-content\/uploads\/2017\/02\/ulss-1-dolomiti.jpg\" \/>\n<meta name=\"author\" content=\"redazione\" \/>\n<meta name=\"twitter:card\" content=\"summary_large_image\" \/>\n<meta name=\"twitter:creator\" content=\"@bellunopress\" \/>\n<meta name=\"twitter:site\" content=\"@bellunopress\" \/>\n<meta name=\"twitter:label1\" content=\"\u00c9crit par\" \/>\n\t<meta name=\"twitter:data1\" content=\"redazione\" \/>\n\t<meta name=\"twitter:label2\" content=\"Dur\u00e9e de lecture estim\u00e9e\" \/>\n\t<meta name=\"twitter:data2\" content=\"2 minutes\" \/>\n<script type=\"application\/ld+json\" class=\"yoast-schema-graph\">{\"@context\":\"https:\\\/\\\/schema.org\",\"@graph\":[{\"@type\":\"Article\",\"@id\":\"https:\\\/\\\/www.bellunopress.it\\\/2018\\\/09\\\/16\\\/lulss-1-organizza-un-corso-di-difesa-personale-e-strategie-relazionali-per-la-gestione-dei-conflitti-destinato-al-personale-sanitario\\\/#article\",\"isPartOf\":{\"@id\":\"https:\\\/\\\/www.bellunopress.it\\\/2018\\\/09\\\/16\\\/lulss-1-organizza-un-corso-di-difesa-personale-e-strategie-relazionali-per-la-gestione-dei-conflitti-destinato-al-personale-sanitario\\\/\"},\"author\":{\"name\":\"redazione\",\"@id\":\"https:\\\/\\\/www.bellunopress.it\\\/#\\\/schema\\\/person\\\/79bb06722b37ece1c03d3e94beb30d73\"},\"headline\":\"L\u2019Ulss 1 organizza un corso di difesa personale e strategie relazionali per la gestione dei conflitti destinato al personale sanitario\",\"datePublished\":\"2018-09-16T10:46:29+00:00\",\"mainEntityOfPage\":{\"@id\":\"https:\\\/\\\/www.bellunopress.it\\\/2018\\\/09\\\/16\\\/lulss-1-organizza-un-corso-di-difesa-personale-e-strategie-relazionali-per-la-gestione-dei-conflitti-destinato-al-personale-sanitario\\\/\"},\"wordCount\":345,\"publisher\":{\"@id\":\"https:\\\/\\\/www.bellunopress.it\\\/#organization\"},\"image\":{\"@id\":\"https:\\\/\\\/www.bellunopress.it\\\/2018\\\/09\\\/16\\\/lulss-1-organizza-un-corso-di-difesa-personale-e-strategie-relazionali-per-la-gestione-dei-conflitti-destinato-al-personale-sanitario\\\/#primaryimage\"},\"thumbnailUrl\":\"http:\\\/\\\/www.bellunopress.it\\\/wp-content\\\/uploads\\\/2017\\\/02\\\/ulss-1-dolomiti.jpg\",\"articleSection\":[\"Pausa Caff\u00e8\",\"Sanit\u00e0 Medicina\"],\"inLanguage\":\"fr-FR\"},{\"@type\":\"WebPage\",\"@id\":\"https:\\\/\\\/www.bellunopress.it\\\/2018\\\/09\\\/16\\\/lulss-1-organizza-un-corso-di-difesa-personale-e-strategie-relazionali-per-la-gestione-dei-conflitti-destinato-al-personale-sanitario\\\/\",\"url\":\"https:\\\/\\\/www.bellunopress.it\\\/2018\\\/09\\\/16\\\/lulss-1-organizza-un-corso-di-difesa-personale-e-strategie-relazionali-per-la-gestione-dei-conflitti-destinato-al-personale-sanitario\\\/\",\"name\":\"L\u2019Ulss 1 organizza un corso di difesa personale e strategie relazionali per la gestione dei conflitti destinato al personale sanitario - Bellunopress - Dolomiti\",\"isPartOf\":{\"@id\":\"https:\\\/\\\/www.bellunopress.it\\\/#website\"},\"primaryImageOfPage\":{\"@id\":\"https:\\\/\\\/www.bellunopress.it\\\/2018\\\/09\\\/16\\\/lulss-1-organizza-un-corso-di-difesa-personale-e-strategie-relazionali-per-la-gestione-dei-conflitti-destinato-al-personale-sanitario\\\/#primaryimage\"},\"image\":{\"@id\":\"https:\\\/\\\/www.bellunopress.it\\\/2018\\\/09\\\/16\\\/lulss-1-organizza-un-corso-di-difesa-personale-e-strategie-relazionali-per-la-gestione-dei-conflitti-destinato-al-personale-sanitario\\\/#primaryimage\"},\"thumbnailUrl\":\"http:\\\/\\\/www.bellunopress.it\\\/wp-content\\\/uploads\\\/2017\\\/02\\\/ulss-1-dolomiti.jpg\",\"datePublished\":\"2018-09-16T10:46:29+00:00\",\"breadcrumb\":{\"@id\":\"https:\\\/\\\/www.bellunopress.it\\\/2018\\\/09\\\/16\\\/lulss-1-organizza-un-corso-di-difesa-personale-e-strategie-relazionali-per-la-gestione-dei-conflitti-destinato-al-personale-sanitario\\\/#breadcrumb\"},\"inLanguage\":\"fr-FR\",\"potentialAction\":[{\"@type\":\"ReadAction\",\"target\":[\"https:\\\/\\\/www.bellunopress.it\\\/2018\\\/09\\\/16\\\/lulss-1-organizza-un-corso-di-difesa-personale-e-strategie-relazionali-per-la-gestione-dei-conflitti-destinato-al-personale-sanitario\\\/\"]}]},{\"@type\":\"ImageObject\",\"inLanguage\":\"fr-FR\",\"@id\":\"https:\\\/\\\/www.bellunopress.it\\\/2018\\\/09\\\/16\\\/lulss-1-organizza-un-corso-di-difesa-personale-e-strategie-relazionali-per-la-gestione-dei-conflitti-destinato-al-personale-sanitario\\\/#primaryimage\",\"url\":\"http:\\\/\\\/www.bellunopress.it\\\/wp-content\\\/uploads\\\/2017\\\/02\\\/ulss-1-dolomiti.jpg\",\"contentUrl\":\"http:\\\/\\\/www.bellunopress.it\\\/wp-content\\\/uploads\\\/2017\\\/02\\\/ulss-1-dolomiti.jpg\"},{\"@type\":\"BreadcrumbList\",\"@id\":\"https:\\\/\\\/www.bellunopress.it\\\/2018\\\/09\\\/16\\\/lulss-1-organizza-un-corso-di-difesa-personale-e-strategie-relazionali-per-la-gestione-dei-conflitti-destinato-al-personale-sanitario\\\/#breadcrumb\",\"itemListElement\":[{\"@type\":\"ListItem\",\"position\":1,\"name\":\"Home\",\"item\":\"https:\\\/\\\/www.bellunopress.it\\\/\"},{\"@type\":\"ListItem\",\"position\":2,\"name\":\"L\u2019Ulss 1 organizza un corso di difesa personale e strategie relazionali per la gestione dei conflitti destinato al personale sanitario\"}]},{\"@type\":\"WebSite\",\"@id\":\"https:\\\/\\\/www.bellunopress.it\\\/#website\",\"url\":\"https:\\\/\\\/www.bellunopress.it\\\/\",\"name\":\"Bellunopress - Dolomiti\",\"description\":\"e-mail: redazione@bellunopress.it\",\"publisher\":{\"@id\":\"https:\\\/\\\/www.bellunopress.it\\\/#organization\"},\"potentialAction\":[{\"@type\":\"SearchAction\",\"target\":{\"@type\":\"EntryPoint\",\"urlTemplate\":\"https:\\\/\\\/www.bellunopress.it\\\/?s={search_term_string}\"},\"query-input\":{\"@type\":\"PropertyValueSpecification\",\"valueRequired\":true,\"valueName\":\"search_term_string\"}}],\"inLanguage\":\"fr-FR\"},{\"@type\":\"Organization\",\"@id\":\"https:\\\/\\\/www.bellunopress.it\\\/#organization\",\"name\":\"Bellunopress\",\"url\":\"https:\\\/\\\/www.bellunopress.it\\\/\",\"logo\":{\"@type\":\"ImageObject\",\"inLanguage\":\"fr-FR\",\"@id\":\"https:\\\/\\\/www.bellunopress.it\\\/#\\\/schema\\\/logo\\\/image\\\/\",\"url\":\"https:\\\/\\\/www.bellunopress.it\\\/wp-content\\\/uploads\\\/2011\\\/05\\\/cropped-logo-bellunopress-.jpg\",\"contentUrl\":\"https:\\\/\\\/www.bellunopress.it\\\/wp-content\\\/uploads\\\/2011\\\/05\\\/cropped-logo-bellunopress-.jpg\",\"width\":512,\"height\":512,\"caption\":\"Bellunopress\"},\"image\":{\"@id\":\"https:\\\/\\\/www.bellunopress.it\\\/#\\\/schema\\\/logo\\\/image\\\/\"},\"sameAs\":[\"https:\\\/\\\/www.facebook.com\\\/profile.php?id=100008943462799\",\"https:\\\/\\\/x.com\\\/bellunopress\",\"https:\\\/\\\/www.linkedin.com\\\/hp\\\/?dnr=JBzUWaJfMUw8vbXJJ2tVW5-I3jZKvC4wsoxE&amp;amp;amp;amp;amp;amp;trk=nav_responsive_tab_home\",\"https:\\\/\\\/www.youtube.com\\\/channel\\\/UCxL0wu1uN0_3_7hGG0306cw\"]},{\"@type\":\"Person\",\"@id\":\"https:\\\/\\\/www.bellunopress.it\\\/#\\\/schema\\\/person\\\/79bb06722b37ece1c03d3e94beb30d73\",\"name\":\"redazione\",\"image\":{\"@type\":\"ImageObject\",\"inLanguage\":\"fr-FR\",\"@id\":\"https:\\\/\\\/secure.gravatar.com\\\/avatar\\\/37d968a2e67a6fd04c169c4bdef102d0bc5d31b2546345219e348575eb80e9a0?s=96&d=mm&r=g\",\"url\":\"https:\\\/\\\/secure.gravatar.com\\\/avatar\\\/37d968a2e67a6fd04c169c4bdef102d0bc5d31b2546345219e348575eb80e9a0?s=96&d=mm&r=g\",\"contentUrl\":\"https:\\\/\\\/secure.gravatar.com\\\/avatar\\\/37d968a2e67a6fd04c169c4bdef102d0bc5d31b2546345219e348575eb80e9a0?s=96&d=mm&r=g\",\"caption\":\"redazione\"},\"sameAs\":[\"http:\\\/\\\/www.bellunopress.it\",\"https:\\\/\\\/x.com\\\/bellunopress\"],\"url\":\"https:\\\/\\\/www.bellunopress.it\\\/fr\\\/author\\\/redazione\\\/\"}]}<\/script>\n<!-- \/ Yoast SEO plugin. -->","yoast_head_json":{"title":"L\u2019Ulss 1 organizza un corso di difesa personale e strategie relazionali per la gestione dei conflitti destinato al personale sanitario - Bellunopress - Dolomiti","robots":{"index":"index","follow":"follow","max-snippet":"max-snippet:-1","max-image-preview":"max-image-preview:large","max-video-preview":"max-video-preview:-1"},"canonical":"https:\/\/www.bellunopress.it\/fr\/2018\/09\/16\/lulss-1-organizza-un-corso-di-difesa-personale-e-strategie-relazionali-per-la-gestione-dei-conflitti-destinato-al-personale-sanitario\/","og_locale":"fr_FR","og_type":"article","og_title":"L\u2019Ulss 1 organizza un corso di difesa personale e strategie relazionali per la gestione dei conflitti destinato al personale sanitario - Bellunopress - Dolomiti","og_description":"Negli ultimi anni gli episodi di violenza contro gli operatori sanitari (aggressioni fisiche, comportamenti minacciosi o abusi verbali) ricorrono con frequenza, costituendo uno specifico rischio lavorativo, in particolare in alcuni ambiti lavorativi, quali i Servizi di emergenza \u2013 urgenza, le strutture psichiatriche \/ Ser.D., i Servizi di continuit\u00e0 assistenziale. In base alla valutazione del rischio [&hellip;]","og_url":"https:\/\/www.bellunopress.it\/fr\/2018\/09\/16\/lulss-1-organizza-un-corso-di-difesa-personale-e-strategie-relazionali-per-la-gestione-dei-conflitti-destinato-al-personale-sanitario\/","og_site_name":"Bellunopress - Dolomiti","article_publisher":"https:\/\/www.facebook.com\/profile.php?id=100008943462799","article_published_time":"2018-09-16T10:46:29+00:00","og_image":[{"url":"http:\/\/www.bellunopress.it\/wp-content\/uploads\/2017\/02\/ulss-1-dolomiti.jpg","type":"","width":"","height":""}],"author":"redazione","twitter_card":"summary_large_image","twitter_creator":"@bellunopress","twitter_site":"@bellunopress","twitter_misc":{"\u00c9crit par":"redazione","Dur\u00e9e de lecture estim\u00e9e":"2 minutes"},"schema":{"@context":"https:\/\/schema.org","@graph":[{"@type":"Article","@id":"https:\/\/www.bellunopress.it\/2018\/09\/16\/lulss-1-organizza-un-corso-di-difesa-personale-e-strategie-relazionali-per-la-gestione-dei-conflitti-destinato-al-personale-sanitario\/#article","isPartOf":{"@id":"https:\/\/www.bellunopress.it\/2018\/09\/16\/lulss-1-organizza-un-corso-di-difesa-personale-e-strategie-relazionali-per-la-gestione-dei-conflitti-destinato-al-personale-sanitario\/"},"author":{"name":"redazione","@id":"https:\/\/www.bellunopress.it\/#\/schema\/person\/79bb06722b37ece1c03d3e94beb30d73"},"headline":"L\u2019Ulss 1 organizza un corso di difesa personale e strategie relazionali per la gestione dei conflitti destinato al personale sanitario","datePublished":"2018-09-16T10:46:29+00:00","mainEntityOfPage":{"@id":"https:\/\/www.bellunopress.it\/2018\/09\/16\/lulss-1-organizza-un-corso-di-difesa-personale-e-strategie-relazionali-per-la-gestione-dei-conflitti-destinato-al-personale-sanitario\/"},"wordCount":345,"publisher":{"@id":"https:\/\/www.bellunopress.it\/#organization"},"image":{"@id":"https:\/\/www.bellunopress.it\/2018\/09\/16\/lulss-1-organizza-un-corso-di-difesa-personale-e-strategie-relazionali-per-la-gestione-dei-conflitti-destinato-al-personale-sanitario\/#primaryimage"},"thumbnailUrl":"http:\/\/www.bellunopress.it\/wp-content\/uploads\/2017\/02\/ulss-1-dolomiti.jpg","articleSection":["Pausa Caff\u00e8","Sanit\u00e0 Medicina"],"inLanguage":"fr-FR"},{"@type":"WebPage","@id":"https:\/\/www.bellunopress.it\/2018\/09\/16\/lulss-1-organizza-un-corso-di-difesa-personale-e-strategie-relazionali-per-la-gestione-dei-conflitti-destinato-al-personale-sanitario\/","url":"https:\/\/www.bellunopress.it\/2018\/09\/16\/lulss-1-organizza-un-corso-di-difesa-personale-e-strategie-relazionali-per-la-gestione-dei-conflitti-destinato-al-personale-sanitario\/","name":"L\u2019Ulss 1 organizza un corso di difesa personale e strategie relazionali per la gestione dei conflitti destinato al personale sanitario - Bellunopress - Dolomiti","isPartOf":{"@id":"https:\/\/www.bellunopress.it\/#website"},"primaryImageOfPage":{"@id":"https:\/\/www.bellunopress.it\/2018\/09\/16\/lulss-1-organizza-un-corso-di-difesa-personale-e-strategie-relazionali-per-la-gestione-dei-conflitti-destinato-al-personale-sanitario\/#primaryimage"},"image":{"@id":"https:\/\/www.bellunopress.it\/2018\/09\/16\/lulss-1-organizza-un-corso-di-difesa-personale-e-strategie-relazionali-per-la-gestione-dei-conflitti-destinato-al-personale-sanitario\/#primaryimage"},"thumbnailUrl":"http:\/\/www.bellunopress.it\/wp-content\/uploads\/2017\/02\/ulss-1-dolomiti.jpg","datePublished":"2018-09-16T10:46:29+00:00","breadcrumb":{"@id":"https:\/\/www.bellunopress.it\/2018\/09\/16\/lulss-1-organizza-un-corso-di-difesa-personale-e-strategie-relazionali-per-la-gestione-dei-conflitti-destinato-al-personale-sanitario\/#breadcrumb"},"inLanguage":"fr-FR","potentialAction":[{"@type":"ReadAction","target":["https:\/\/www.bellunopress.it\/2018\/09\/16\/lulss-1-organizza-un-corso-di-difesa-personale-e-strategie-relazionali-per-la-gestione-dei-conflitti-destinato-al-personale-sanitario\/"]}]},{"@type":"ImageObject","inLanguage":"fr-FR","@id":"https:\/\/www.bellunopress.it\/2018\/09\/16\/lulss-1-organizza-un-corso-di-difesa-personale-e-strategie-relazionali-per-la-gestione-dei-conflitti-destinato-al-personale-sanitario\/#primaryimage","url":"http:\/\/www.bellunopress.it\/wp-content\/uploads\/2017\/02\/ulss-1-dolomiti.jpg","contentUrl":"http:\/\/www.bellunopress.it\/wp-content\/uploads\/2017\/02\/ulss-1-dolomiti.jpg"},{"@type":"BreadcrumbList","@id":"https:\/\/www.bellunopress.it\/2018\/09\/16\/lulss-1-organizza-un-corso-di-difesa-personale-e-strategie-relazionali-per-la-gestione-dei-conflitti-destinato-al-personale-sanitario\/#breadcrumb","itemListElement":[{"@type":"ListItem","position":1,"name":"Home","item":"https:\/\/www.bellunopress.it\/"},{"@type":"ListItem","position":2,"name":"L\u2019Ulss 1 organizza un corso di difesa personale e strategie relazionali per la gestione dei conflitti destinato al personale sanitario"}]},{"@type":"WebSite","@id":"https:\/\/www.bellunopress.it\/#website","url":"https:\/\/www.bellunopress.it\/","name":"Bellunopress - Dolomiti","description":"e-mail: redazione@bellunopress.it","publisher":{"@id":"https:\/\/www.bellunopress.it\/#organization"},"potentialAction":[{"@type":"SearchAction","target":{"@type":"EntryPoint","urlTemplate":"https:\/\/www.bellunopress.it\/?s={search_term_string}"},"query-input":{"@type":"PropertyValueSpecification","valueRequired":true,"valueName":"search_term_string"}}],"inLanguage":"fr-FR"},{"@type":"Organization","@id":"https:\/\/www.bellunopress.it\/#organization","name":"Bellunopress","url":"https:\/\/www.bellunopress.it\/","logo":{"@type":"ImageObject","inLanguage":"fr-FR","@id":"https:\/\/www.bellunopress.it\/#\/schema\/logo\/image\/","url":"https:\/\/www.bellunopress.it\/wp-content\/uploads\/2011\/05\/cropped-logo-bellunopress-.jpg","contentUrl":"https:\/\/www.bellunopress.it\/wp-content\/uploads\/2011\/05\/cropped-logo-bellunopress-.jpg","width":512,"height":512,"caption":"Bellunopress"},"image":{"@id":"https:\/\/www.bellunopress.it\/#\/schema\/logo\/image\/"},"sameAs":["https:\/\/www.facebook.com\/profile.php?id=100008943462799","https:\/\/x.com\/bellunopress","https:\/\/www.linkedin.com\/hp\/?dnr=JBzUWaJfMUw8vbXJJ2tVW5-I3jZKvC4wsoxE&amp;amp;amp;amp;amp;amp;trk=nav_responsive_tab_home","https:\/\/www.youtube.com\/channel\/UCxL0wu1uN0_3_7hGG0306cw"]},{"@type":"Person","@id":"https:\/\/www.bellunopress.it\/#\/schema\/person\/79bb06722b37ece1c03d3e94beb30d73","name":"r\u00e9daction","image":{"@type":"ImageObject","inLanguage":"fr-FR","@id":"https:\/\/secure.gravatar.com\/avatar\/37d968a2e67a6fd04c169c4bdef102d0bc5d31b2546345219e348575eb80e9a0?s=96&d=mm&r=g","url":"https:\/\/secure.gravatar.com\/avatar\/37d968a2e67a6fd04c169c4bdef102d0bc5d31b2546345219e348575eb80e9a0?s=96&d=mm&r=g","contentUrl":"https:\/\/secure.gravatar.com\/avatar\/37d968a2e67a6fd04c169c4bdef102d0bc5d31b2546345219e348575eb80e9a0?s=96&d=mm&r=g","caption":"redazione"},"sameAs":["http:\/\/www.bellunopress.it","https:\/\/x.com\/bellunopress"],"url":"https:\/\/www.bellunopress.it\/fr\/author\/redazione\/"}]}},"_links":{"self":[{"href":"https:\/\/www.bellunopress.it\/fr\/wp-json\/wp\/v2\/posts\/97943","targetHints":{"allow":["GET"]}}],"collection":[{"href":"https:\/\/www.bellunopress.it\/fr\/wp-json\/wp\/v2\/posts"}],"about":[{"href":"https:\/\/www.bellunopress.it\/fr\/wp-json\/wp\/v2\/types\/post"}],"author":[{"embeddable":true,"href":"https:\/\/www.bellunopress.it\/fr\/wp-json\/wp\/v2\/users\/2"}],"replies":[{"embeddable":true,"href":"https:\/\/www.bellunopress.it\/fr\/wp-json\/wp\/v2\/comments?post=97943"}],"version-history":[{"count":1,"href":"https:\/\/www.bellunopress.it\/fr\/wp-json\/wp\/v2\/posts\/97943\/revisions"}],"predecessor-version":[{"id":97944,"href":"https:\/\/www.bellunopress.it\/fr\/wp-json\/wp\/v2\/posts\/97943\/revisions\/97944"}],"wp:attachment":[{"href":"https:\/\/www.bellunopress.it\/fr\/wp-json\/wp\/v2\/media?parent=97943"}],"wp:term":[{"taxonomy":"category","embeddable":true,"href":"https:\/\/www.bellunopress.it\/fr\/wp-json\/wp\/v2\/categories?post=97943"},{"taxonomy":"post_tag","embeddable":true,"href":"https:\/\/www.bellunopress.it\/fr\/wp-json\/wp\/v2\/tags?post=97943"}],"curies":[{"name":"wp","href":"https:\/\/api.w.org\/{rel}","templated":true}]}}