{"id":97547,"date":"2018-08-31T08:27:33","date_gmt":"2018-08-31T06:27:33","guid":{"rendered":"http:\/\/www.bellunopress.it\/?p=97547"},"modified":"2018-09-03T22:05:12","modified_gmt":"2018-09-03T20:05:12","slug":"i-bambini-della-grande-guerra-the-children-of-the-great-war-del-regista-alessandro-bettero-alla-75-mostra-internazionale-darte-cinematografica-di-vene","status":"publish","type":"post","link":"https:\/\/www.bellunopress.it\/fr\/2018\/08\/31\/i-bambini-della-grande-guerra-the-children-of-the-great-war-del-regista-alessandro-bettero-alla-75-mostra-internazionale-darte-cinematografica-di-vene\/","title":{"rendered":"\u201cI bambini della grande guerra\u201d\u00a0(The Children of the Great War)\u00a0del regista Alessandro Bettero\u00a0alla 75\u00b0 Mostra internazionale d\u2019arte cinematografica di Venezia.\u00a0\u00abL\u2019unica storia al mondo della Grande Guerra raccontata dagli ultimi superstiti: i bambini di allora"},"content":{"rendered":"<p align=\"LEFT\">Venezia, 27 Agosto 2018 \u00a0&#8211; \u00a0Centenari e ultracentenari, e i figli dei soldati. Sono gli ultimi testimoni della Prima Guerra mondiale combattuta sul fronte italiano. Vissero la guerra in casa, dall\u2019Isonzo all\u2019Adige quando l\u2019Italia Nord orientale era contemporaneamente un campo di battaglia e un territorio abitato. Famiglie intere, spesso imparentate tra loro, si ritrovarono involontariamente nemiche su fronti opposti. Da una parte: italiani, francesi, inglesi, americani e cecoslovacchi. Dall\u2019altra: austriaci, tedeschi e ungheresi. Questa \u00e8 l\u2019unica storia al mondo della Grande Guerra raccontata dagli ultimi superstiti: i bambini di allora.<\/p>\n<p align=\"LEFT\"><a href=\"http:\/\/www.bellunopress.it\/fr\/2018\/08\/31\/i-bambini-della-grande-guerra-the-children-of-the-great-war-del-regista-alessandro-bettero-alla-75-mostra-internazionale-darte-cinematografica-di-vene\/prima-guerra-mondiale-film-i-bambini-della-grande-guerra\/\" rel=\"attachment wp-att-97548\"><img loading=\"lazy\" decoding=\"async\" class=\"alignleft size-full wp-image-97548\" src=\"http:\/\/www.bellunopress.it\/wp-content\/uploads\/2018\/08\/prima-guerra-mondiale-film-i-bambini-della-grande-guerra.jpg\" alt=\"\" width=\"267\" height=\"219\" \/><\/a>La guerra rappresent\u00f2 per questi bambini l\u2019opportunit\u00e0 di assaggiare la marmellata degli inglesi, di procurare le lumache ai francesi, di veder volare il dirigibile Zeppelin, di conoscere D\u2019Annunzio ed Hemingway, di assistere alla violenza e alle atrocit\u00e0 della guerra, di sopravvivere alla terribile influenza \u201cspagnola\u201d. Ma anche di sperimentare la fame e la sofferenza, la rabbia e la morte, la speranza e il riscatto e, finalmente, la pace. Un\u2019epopea in cui spicca l\u2019eroismo delle donne.<\/p>\n<p align=\"LEFT\">Nell\u2019anno del centenario della fine della Prima Guerra Mondiale, sono questi bambini a raccontare senza mediazioni narrative, senza voice-over, quel capitolo decisivo della nostra storia, qui suddiviso in \u201ccinque atti\u201d: la vita prima della guerra, la guerra in casa e i padri al fronte, Caporetto e la ritirata, la vittoria, le speranze tradite.<\/p>\n<p align=\"LEFT\">Il documentario \u00e8 arricchito da filmati e foto d\u2019epoca ritrovati negli archivi di tutto il mondo, da re-enactment storico, e con la voce originale del discorso della vittoria del generale Diaz.<\/p>\n<p align=\"LEFT\"><a name=\"_GoBack\"><\/a> Frutto di un lavoro capillare e certosino durato alcuni anni, questo film \u00e8 la testimonianza irripetibile e introvabile di un pezzo di storia che ora appartiene alla memoria collettiva dell\u2019Italia, ma anche dell\u2019Europa e del mondo. Durante e dopo le registrazioni delle loro testimonianze, i \u201cBambini\u201d sono quasi tutti scomparsi. Dei loro drammi, della loro vita, delle loro memorie \u00e8 rimasto questo film. La loro ultima e consapevole eredit\u00e0, preziosa per noi e per chi verr\u00e0 dopo di noi. Una sessantina di storie personali e familiari che nessun libro ha mai raccontato, e mai potr\u00e0 raccontare. Un monito per noi e per le generazioni future. Un messaggio, senza tempo, di pace e di tolleranza.<\/p>\n<p align=\"LEFT\">Trailer: <a href=\"http:\/\/www.ibambinidellagrandeguerra.com\/\">http:\/\/www.ibambinidellagrandeguerra.com<\/a><\/p>\n<p lang=\"it-IT\" align=\"LEFT\">Regia, sceneggiatura, montaggio: ALESSANDRO BETTERO<\/p>\n<p lang=\"it-IT\" align=\"LEFT\">Genere: Documentario<\/p>\n<p lang=\"it-IT\" align=\"LEFT\">Slot: Storia<\/p>\n<p lang=\"it-IT\" align=\"LEFT\">Durata: 108 minuti<\/p>\n<p lang=\"it-IT\" align=\"LEFT\">Formato: Full HD 1080 &#8211; Colore e B\/N<\/p>\n<p lang=\"it-IT\" align=\"LEFT\">Lingue: Italiano, Inglese (sottotitoli)<\/p>\n<p align=\"LEFT\">ALESSANDRO BETTERO, sceneggiatore e regista: \u201cI bambini della Grande Guerra\u201d (2018), \u201cBullies in the Kitchen\u201d (2016), \u201cThe Lace, a Venetian Art\u201d (2012, Gold Remi Award al 45\u00b0 WorldFest di Houston, USA), \u201cAround the World in 80 Years\u201d (2011, Biografilm Festival Bologna, Selezione ufficiale; Gold Remi Award al 44\u00b0 WorldFest di Houston, USA), \u201cGenesis\u201d (2010), \u201cCarlo Goldoni &#8211; Venezia Gran Teatro del Mondo\u201d (2007, 64\u00b0 Mostra del Cinema di Venezia; 27\u00b0 Festival of Film on Arts di Montr\u00e9al, Canada), \u201cBino Rebellato &#8211; Ritratto di un Poeta\u201d (2006, Giornata mondiale della Poesia UNESCO), \u201cLezioni di volo per giovani delfini\u201d (2002), \u201cCon gli occhi del cuore\u201d (2000), \u201cLe mie radici &#8211; My Roots\u201d (1999).<\/p>\n<p align=\"LEFT\"><a href=\"https:\/\/www.imdb.com\/name\/nm2959380\/\">https:\/\/www.imdb.com\/name\/nm2959380\/<\/a><\/p>","protected":false},"excerpt":{"rendered":"<p>Venezia, 27 Agosto 2018 \u00a0&#8211; \u00a0Centenari e ultracentenari, e i figli dei soldati. Sono gli ultimi testimoni della Prima Guerra mondiale combattuta sul fronte italiano. Vissero la guerra in casa, dall\u2019Isonzo all\u2019Adige quando l\u2019Italia Nord orientale era contemporaneamente un campo di battaglia e un territorio abitato. Famiglie intere, spesso imparentate tra loro, si ritrovarono involontariamente [&hellip;]<\/p>\n","protected":false},"author":2,"featured_media":0,"comment_status":"closed","ping_status":"open","sticky":false,"template":"","format":"standard","meta":{"footnotes":""},"categories":[27,3],"tags":[],"class_list":["post-97547","post","type-post","status-publish","format-standard","category-appuntamenti","category-arte-cultura-spettacoli-scienza-archivi"],"yoast_head":"<!-- This site is optimized with the Yoast SEO plugin v28.4 - https:\/\/yoast.com\/product\/yoast-seo-wordpress\/ -->\n<title>\u201cI bambini della grande guerra\u201d\u00a0(The Children of the Great War)\u00a0del regista Alessandro Bettero\u00a0alla 75\u00b0 Mostra internazionale d\u2019arte cinematografica di Venezia.\u00a0\u00abL\u2019unica storia al mondo della Grande Guerra raccontata dagli ultimi superstiti: i bambini di allora - Bellunopress - Dolomiti<\/title>\n<meta name=\"robots\" content=\"index, follow, max-snippet:-1, max-image-preview:large, max-video-preview:-1\" \/>\n<link rel=\"canonical\" href=\"https:\/\/www.bellunopress.it\/fr\/2018\/08\/31\/i-bambini-della-grande-guerra-the-children-of-the-great-war-del-regista-alessandro-bettero-alla-75-mostra-internazionale-darte-cinematografica-di-vene\/\" \/>\n<meta property=\"og:locale\" content=\"fr_FR\" \/>\n<meta property=\"og:type\" content=\"article\" \/>\n<meta property=\"og:title\" content=\"\u201cI bambini della grande guerra\u201d\u00a0(The Children of the Great War)\u00a0del regista Alessandro Bettero\u00a0alla 75\u00b0 Mostra internazionale d\u2019arte cinematografica di Venezia.\u00a0\u00abL\u2019unica storia al mondo della Grande Guerra raccontata dagli ultimi superstiti: i bambini di allora - Bellunopress - Dolomiti\" \/>\n<meta property=\"og:description\" content=\"Venezia, 27 Agosto 2018 \u00a0&#8211; \u00a0Centenari e ultracentenari, e i figli dei soldati. Sono gli ultimi testimoni della Prima Guerra mondiale combattuta sul fronte italiano. Vissero la guerra in casa, dall\u2019Isonzo all\u2019Adige quando l\u2019Italia Nord orientale era contemporaneamente un campo di battaglia e un territorio abitato. Famiglie intere, spesso imparentate tra loro, si ritrovarono involontariamente [&hellip;]\" \/>\n<meta property=\"og:url\" content=\"https:\/\/www.bellunopress.it\/fr\/2018\/08\/31\/i-bambini-della-grande-guerra-the-children-of-the-great-war-del-regista-alessandro-bettero-alla-75-mostra-internazionale-darte-cinematografica-di-vene\/\" \/>\n<meta property=\"og:site_name\" content=\"Bellunopress - Dolomiti\" \/>\n<meta property=\"article:publisher\" content=\"https:\/\/www.facebook.com\/profile.php?id=100008943462799\" \/>\n<meta property=\"article:published_time\" content=\"2018-08-31T06:27:33+00:00\" \/>\n<meta property=\"article:modified_time\" content=\"2018-09-03T20:05:12+00:00\" \/>\n<meta property=\"og:image\" content=\"http:\/\/www.bellunopress.it\/wp-content\/uploads\/2018\/08\/prima-guerra-mondiale-film-i-bambini-della-grande-guerra.jpg\" \/>\n<meta name=\"author\" content=\"redazione\" \/>\n<meta name=\"twitter:card\" content=\"summary_large_image\" \/>\n<meta name=\"twitter:creator\" content=\"@bellunopress\" \/>\n<meta name=\"twitter:site\" content=\"@bellunopress\" \/>\n<meta name=\"twitter:label1\" content=\"\u00c9crit par\" \/>\n\t<meta name=\"twitter:data1\" content=\"redazione\" \/>\n\t<meta name=\"twitter:label2\" content=\"Dur\u00e9e de lecture estim\u00e9e\" \/>\n\t<meta name=\"twitter:data2\" content=\"3 minutes\" \/>\n<script type=\"application\/ld+json\" class=\"yoast-schema-graph\">{\"@context\":\"https:\\\/\\\/schema.org\",\"@graph\":[{\"@type\":\"Article\",\"@id\":\"https:\\\/\\\/www.bellunopress.it\\\/2018\\\/08\\\/31\\\/i-bambini-della-grande-guerra-the-children-of-the-great-war-del-regista-alessandro-bettero-alla-75-mostra-internazionale-darte-cinematografica-di-vene\\\/#article\",\"isPartOf\":{\"@id\":\"https:\\\/\\\/www.bellunopress.it\\\/2018\\\/08\\\/31\\\/i-bambini-della-grande-guerra-the-children-of-the-great-war-del-regista-alessandro-bettero-alla-75-mostra-internazionale-darte-cinematografica-di-vene\\\/\"},\"author\":{\"name\":\"redazione\",\"@id\":\"https:\\\/\\\/www.bellunopress.it\\\/#\\\/schema\\\/person\\\/79bb06722b37ece1c03d3e94beb30d73\"},\"headline\":\"\u201cI bambini della grande guerra\u201d\u00a0(The Children of the Great War)\u00a0del regista Alessandro Bettero\u00a0alla 75\u00b0 Mostra internazionale d\u2019arte cinematografica di Venezia.\u00a0\u00abL\u2019unica storia al mondo della Grande Guerra raccontata dagli ultimi superstiti: i bambini di allora\",\"datePublished\":\"2018-08-31T06:27:33+00:00\",\"dateModified\":\"2018-09-03T20:05:12+00:00\",\"mainEntityOfPage\":{\"@id\":\"https:\\\/\\\/www.bellunopress.it\\\/2018\\\/08\\\/31\\\/i-bambini-della-grande-guerra-the-children-of-the-great-war-del-regista-alessandro-bettero-alla-75-mostra-internazionale-darte-cinematografica-di-vene\\\/\"},\"wordCount\":540,\"publisher\":{\"@id\":\"https:\\\/\\\/www.bellunopress.it\\\/#organization\"},\"image\":{\"@id\":\"https:\\\/\\\/www.bellunopress.it\\\/2018\\\/08\\\/31\\\/i-bambini-della-grande-guerra-the-children-of-the-great-war-del-regista-alessandro-bettero-alla-75-mostra-internazionale-darte-cinematografica-di-vene\\\/#primaryimage\"},\"thumbnailUrl\":\"http:\\\/\\\/www.bellunopress.it\\\/wp-content\\\/uploads\\\/2018\\\/08\\\/prima-guerra-mondiale-film-i-bambini-della-grande-guerra.jpg\",\"articleSection\":[\"Appuntamenti, Eventi\",\"Arte, Cultura, Spettacoli, Scienza\"],\"inLanguage\":\"fr-FR\"},{\"@type\":\"WebPage\",\"@id\":\"https:\\\/\\\/www.bellunopress.it\\\/2018\\\/08\\\/31\\\/i-bambini-della-grande-guerra-the-children-of-the-great-war-del-regista-alessandro-bettero-alla-75-mostra-internazionale-darte-cinematografica-di-vene\\\/\",\"url\":\"https:\\\/\\\/www.bellunopress.it\\\/2018\\\/08\\\/31\\\/i-bambini-della-grande-guerra-the-children-of-the-great-war-del-regista-alessandro-bettero-alla-75-mostra-internazionale-darte-cinematografica-di-vene\\\/\",\"name\":\"\u201cI bambini della grande guerra\u201d\u00a0(The Children of the Great War)\u00a0del regista Alessandro Bettero\u00a0alla 75\u00b0 Mostra internazionale d\u2019arte cinematografica di Venezia.\u00a0\u00abL\u2019unica storia al mondo della Grande Guerra raccontata dagli ultimi superstiti: i bambini di allora - Bellunopress - Dolomiti\",\"isPartOf\":{\"@id\":\"https:\\\/\\\/www.bellunopress.it\\\/#website\"},\"primaryImageOfPage\":{\"@id\":\"https:\\\/\\\/www.bellunopress.it\\\/2018\\\/08\\\/31\\\/i-bambini-della-grande-guerra-the-children-of-the-great-war-del-regista-alessandro-bettero-alla-75-mostra-internazionale-darte-cinematografica-di-vene\\\/#primaryimage\"},\"image\":{\"@id\":\"https:\\\/\\\/www.bellunopress.it\\\/2018\\\/08\\\/31\\\/i-bambini-della-grande-guerra-the-children-of-the-great-war-del-regista-alessandro-bettero-alla-75-mostra-internazionale-darte-cinematografica-di-vene\\\/#primaryimage\"},\"thumbnailUrl\":\"http:\\\/\\\/www.bellunopress.it\\\/wp-content\\\/uploads\\\/2018\\\/08\\\/prima-guerra-mondiale-film-i-bambini-della-grande-guerra.jpg\",\"datePublished\":\"2018-08-31T06:27:33+00:00\",\"dateModified\":\"2018-09-03T20:05:12+00:00\",\"breadcrumb\":{\"@id\":\"https:\\\/\\\/www.bellunopress.it\\\/2018\\\/08\\\/31\\\/i-bambini-della-grande-guerra-the-children-of-the-great-war-del-regista-alessandro-bettero-alla-75-mostra-internazionale-darte-cinematografica-di-vene\\\/#breadcrumb\"},\"inLanguage\":\"fr-FR\",\"potentialAction\":[{\"@type\":\"ReadAction\",\"target\":[\"https:\\\/\\\/www.bellunopress.it\\\/2018\\\/08\\\/31\\\/i-bambini-della-grande-guerra-the-children-of-the-great-war-del-regista-alessandro-bettero-alla-75-mostra-internazionale-darte-cinematografica-di-vene\\\/\"]}]},{\"@type\":\"ImageObject\",\"inLanguage\":\"fr-FR\",\"@id\":\"https:\\\/\\\/www.bellunopress.it\\\/2018\\\/08\\\/31\\\/i-bambini-della-grande-guerra-the-children-of-the-great-war-del-regista-alessandro-bettero-alla-75-mostra-internazionale-darte-cinematografica-di-vene\\\/#primaryimage\",\"url\":\"http:\\\/\\\/www.bellunopress.it\\\/wp-content\\\/uploads\\\/2018\\\/08\\\/prima-guerra-mondiale-film-i-bambini-della-grande-guerra.jpg\",\"contentUrl\":\"http:\\\/\\\/www.bellunopress.it\\\/wp-content\\\/uploads\\\/2018\\\/08\\\/prima-guerra-mondiale-film-i-bambini-della-grande-guerra.jpg\"},{\"@type\":\"BreadcrumbList\",\"@id\":\"https:\\\/\\\/www.bellunopress.it\\\/2018\\\/08\\\/31\\\/i-bambini-della-grande-guerra-the-children-of-the-great-war-del-regista-alessandro-bettero-alla-75-mostra-internazionale-darte-cinematografica-di-vene\\\/#breadcrumb\",\"itemListElement\":[{\"@type\":\"ListItem\",\"position\":1,\"name\":\"Home\",\"item\":\"https:\\\/\\\/www.bellunopress.it\\\/\"},{\"@type\":\"ListItem\",\"position\":2,\"name\":\"\u201cI bambini della grande guerra\u201d\u00a0(The Children of the Great War)\u00a0del regista Alessandro Bettero\u00a0alla 75\u00b0 Mostra internazionale d\u2019arte cinematografica di Venezia.\u00a0\u00abL\u2019unica storia al mondo della Grande Guerra raccontata dagli ultimi superstiti: i bambini di allora\"}]},{\"@type\":\"WebSite\",\"@id\":\"https:\\\/\\\/www.bellunopress.it\\\/#website\",\"url\":\"https:\\\/\\\/www.bellunopress.it\\\/\",\"name\":\"Bellunopress - Dolomiti\",\"description\":\"e-mail: redazione@bellunopress.it\",\"publisher\":{\"@id\":\"https:\\\/\\\/www.bellunopress.it\\\/#organization\"},\"potentialAction\":[{\"@type\":\"SearchAction\",\"target\":{\"@type\":\"EntryPoint\",\"urlTemplate\":\"https:\\\/\\\/www.bellunopress.it\\\/?s={search_term_string}\"},\"query-input\":{\"@type\":\"PropertyValueSpecification\",\"valueRequired\":true,\"valueName\":\"search_term_string\"}}],\"inLanguage\":\"fr-FR\"},{\"@type\":\"Organization\",\"@id\":\"https:\\\/\\\/www.bellunopress.it\\\/#organization\",\"name\":\"Bellunopress\",\"url\":\"https:\\\/\\\/www.bellunopress.it\\\/\",\"logo\":{\"@type\":\"ImageObject\",\"inLanguage\":\"fr-FR\",\"@id\":\"https:\\\/\\\/www.bellunopress.it\\\/#\\\/schema\\\/logo\\\/image\\\/\",\"url\":\"https:\\\/\\\/www.bellunopress.it\\\/wp-content\\\/uploads\\\/2011\\\/05\\\/cropped-logo-bellunopress-.jpg\",\"contentUrl\":\"https:\\\/\\\/www.bellunopress.it\\\/wp-content\\\/uploads\\\/2011\\\/05\\\/cropped-logo-bellunopress-.jpg\",\"width\":512,\"height\":512,\"caption\":\"Bellunopress\"},\"image\":{\"@id\":\"https:\\\/\\\/www.bellunopress.it\\\/#\\\/schema\\\/logo\\\/image\\\/\"},\"sameAs\":[\"https:\\\/\\\/www.facebook.com\\\/profile.php?id=100008943462799\",\"https:\\\/\\\/x.com\\\/bellunopress\",\"https:\\\/\\\/www.linkedin.com\\\/hp\\\/?dnr=JBzUWaJfMUw8vbXJJ2tVW5-I3jZKvC4wsoxE&amp;amp;amp;amp;amp;amp;trk=nav_responsive_tab_home\",\"https:\\\/\\\/www.youtube.com\\\/channel\\\/UCxL0wu1uN0_3_7hGG0306cw\"]},{\"@type\":\"Person\",\"@id\":\"https:\\\/\\\/www.bellunopress.it\\\/#\\\/schema\\\/person\\\/79bb06722b37ece1c03d3e94beb30d73\",\"name\":\"redazione\",\"image\":{\"@type\":\"ImageObject\",\"inLanguage\":\"fr-FR\",\"@id\":\"https:\\\/\\\/secure.gravatar.com\\\/avatar\\\/37d968a2e67a6fd04c169c4bdef102d0bc5d31b2546345219e348575eb80e9a0?s=96&d=mm&r=g\",\"url\":\"https:\\\/\\\/secure.gravatar.com\\\/avatar\\\/37d968a2e67a6fd04c169c4bdef102d0bc5d31b2546345219e348575eb80e9a0?s=96&d=mm&r=g\",\"contentUrl\":\"https:\\\/\\\/secure.gravatar.com\\\/avatar\\\/37d968a2e67a6fd04c169c4bdef102d0bc5d31b2546345219e348575eb80e9a0?s=96&d=mm&r=g\",\"caption\":\"redazione\"},\"sameAs\":[\"http:\\\/\\\/www.bellunopress.it\",\"https:\\\/\\\/x.com\\\/bellunopress\"],\"url\":\"https:\\\/\\\/www.bellunopress.it\\\/fr\\\/author\\\/redazione\\\/\"}]}<\/script>\n<!-- \/ Yoast SEO plugin. -->","yoast_head_json":{"title":"\u201cI bambini della grande guerra\u201d\u00a0(The Children of the Great War)\u00a0del regista Alessandro Bettero\u00a0alla 75\u00b0 Mostra internazionale d\u2019arte cinematografica di Venezia.\u00a0\u00abL\u2019unica storia al mondo della Grande Guerra raccontata dagli ultimi superstiti: i bambini di allora - Bellunopress - Dolomiti","robots":{"index":"index","follow":"follow","max-snippet":"max-snippet:-1","max-image-preview":"max-image-preview:large","max-video-preview":"max-video-preview:-1"},"canonical":"https:\/\/www.bellunopress.it\/fr\/2018\/08\/31\/i-bambini-della-grande-guerra-the-children-of-the-great-war-del-regista-alessandro-bettero-alla-75-mostra-internazionale-darte-cinematografica-di-vene\/","og_locale":"fr_FR","og_type":"article","og_title":"\u201cI bambini della grande guerra\u201d\u00a0(The Children of the Great War)\u00a0del regista Alessandro Bettero\u00a0alla 75\u00b0 Mostra internazionale d\u2019arte cinematografica di Venezia.\u00a0\u00abL\u2019unica storia al mondo della Grande Guerra raccontata dagli ultimi superstiti: i bambini di allora - Bellunopress - Dolomiti","og_description":"Venezia, 27 Agosto 2018 \u00a0&#8211; \u00a0Centenari e ultracentenari, e i figli dei soldati. Sono gli ultimi testimoni della Prima Guerra mondiale combattuta sul fronte italiano. Vissero la guerra in casa, dall\u2019Isonzo all\u2019Adige quando l\u2019Italia Nord orientale era contemporaneamente un campo di battaglia e un territorio abitato. Famiglie intere, spesso imparentate tra loro, si ritrovarono involontariamente [&hellip;]","og_url":"https:\/\/www.bellunopress.it\/fr\/2018\/08\/31\/i-bambini-della-grande-guerra-the-children-of-the-great-war-del-regista-alessandro-bettero-alla-75-mostra-internazionale-darte-cinematografica-di-vene\/","og_site_name":"Bellunopress - Dolomiti","article_publisher":"https:\/\/www.facebook.com\/profile.php?id=100008943462799","article_published_time":"2018-08-31T06:27:33+00:00","article_modified_time":"2018-09-03T20:05:12+00:00","og_image":[{"url":"http:\/\/www.bellunopress.it\/wp-content\/uploads\/2018\/08\/prima-guerra-mondiale-film-i-bambini-della-grande-guerra.jpg","type":"","width":"","height":""}],"author":"redazione","twitter_card":"summary_large_image","twitter_creator":"@bellunopress","twitter_site":"@bellunopress","twitter_misc":{"\u00c9crit par":"redazione","Dur\u00e9e de lecture estim\u00e9e":"3 minutes"},"schema":{"@context":"https:\/\/schema.org","@graph":[{"@type":"Article","@id":"https:\/\/www.bellunopress.it\/2018\/08\/31\/i-bambini-della-grande-guerra-the-children-of-the-great-war-del-regista-alessandro-bettero-alla-75-mostra-internazionale-darte-cinematografica-di-vene\/#article","isPartOf":{"@id":"https:\/\/www.bellunopress.it\/2018\/08\/31\/i-bambini-della-grande-guerra-the-children-of-the-great-war-del-regista-alessandro-bettero-alla-75-mostra-internazionale-darte-cinematografica-di-vene\/"},"author":{"name":"redazione","@id":"https:\/\/www.bellunopress.it\/#\/schema\/person\/79bb06722b37ece1c03d3e94beb30d73"},"headline":"\u201cI bambini della grande guerra\u201d\u00a0(The Children of the Great War)\u00a0del regista Alessandro Bettero\u00a0alla 75\u00b0 Mostra internazionale d\u2019arte cinematografica di Venezia.\u00a0\u00abL\u2019unica storia al mondo della Grande Guerra raccontata dagli ultimi superstiti: i bambini di allora","datePublished":"2018-08-31T06:27:33+00:00","dateModified":"2018-09-03T20:05:12+00:00","mainEntityOfPage":{"@id":"https:\/\/www.bellunopress.it\/2018\/08\/31\/i-bambini-della-grande-guerra-the-children-of-the-great-war-del-regista-alessandro-bettero-alla-75-mostra-internazionale-darte-cinematografica-di-vene\/"},"wordCount":540,"publisher":{"@id":"https:\/\/www.bellunopress.it\/#organization"},"image":{"@id":"https:\/\/www.bellunopress.it\/2018\/08\/31\/i-bambini-della-grande-guerra-the-children-of-the-great-war-del-regista-alessandro-bettero-alla-75-mostra-internazionale-darte-cinematografica-di-vene\/#primaryimage"},"thumbnailUrl":"http:\/\/www.bellunopress.it\/wp-content\/uploads\/2018\/08\/prima-guerra-mondiale-film-i-bambini-della-grande-guerra.jpg","articleSection":["Appuntamenti, Eventi","Arte, Cultura, Spettacoli, Scienza"],"inLanguage":"fr-FR"},{"@type":"WebPage","@id":"https:\/\/www.bellunopress.it\/2018\/08\/31\/i-bambini-della-grande-guerra-the-children-of-the-great-war-del-regista-alessandro-bettero-alla-75-mostra-internazionale-darte-cinematografica-di-vene\/","url":"https:\/\/www.bellunopress.it\/2018\/08\/31\/i-bambini-della-grande-guerra-the-children-of-the-great-war-del-regista-alessandro-bettero-alla-75-mostra-internazionale-darte-cinematografica-di-vene\/","name":"\u201cI bambini della grande guerra\u201d\u00a0(The Children of the Great War)\u00a0del regista Alessandro Bettero\u00a0alla 75\u00b0 Mostra internazionale d\u2019arte cinematografica di Venezia.\u00a0\u00abL\u2019unica storia al mondo della Grande Guerra raccontata dagli ultimi superstiti: i bambini di allora - Bellunopress - Dolomiti","isPartOf":{"@id":"https:\/\/www.bellunopress.it\/#website"},"primaryImageOfPage":{"@id":"https:\/\/www.bellunopress.it\/2018\/08\/31\/i-bambini-della-grande-guerra-the-children-of-the-great-war-del-regista-alessandro-bettero-alla-75-mostra-internazionale-darte-cinematografica-di-vene\/#primaryimage"},"image":{"@id":"https:\/\/www.bellunopress.it\/2018\/08\/31\/i-bambini-della-grande-guerra-the-children-of-the-great-war-del-regista-alessandro-bettero-alla-75-mostra-internazionale-darte-cinematografica-di-vene\/#primaryimage"},"thumbnailUrl":"http:\/\/www.bellunopress.it\/wp-content\/uploads\/2018\/08\/prima-guerra-mondiale-film-i-bambini-della-grande-guerra.jpg","datePublished":"2018-08-31T06:27:33+00:00","dateModified":"2018-09-03T20:05:12+00:00","breadcrumb":{"@id":"https:\/\/www.bellunopress.it\/2018\/08\/31\/i-bambini-della-grande-guerra-the-children-of-the-great-war-del-regista-alessandro-bettero-alla-75-mostra-internazionale-darte-cinematografica-di-vene\/#breadcrumb"},"inLanguage":"fr-FR","potentialAction":[{"@type":"ReadAction","target":["https:\/\/www.bellunopress.it\/2018\/08\/31\/i-bambini-della-grande-guerra-the-children-of-the-great-war-del-regista-alessandro-bettero-alla-75-mostra-internazionale-darte-cinematografica-di-vene\/"]}]},{"@type":"ImageObject","inLanguage":"fr-FR","@id":"https:\/\/www.bellunopress.it\/2018\/08\/31\/i-bambini-della-grande-guerra-the-children-of-the-great-war-del-regista-alessandro-bettero-alla-75-mostra-internazionale-darte-cinematografica-di-vene\/#primaryimage","url":"http:\/\/www.bellunopress.it\/wp-content\/uploads\/2018\/08\/prima-guerra-mondiale-film-i-bambini-della-grande-guerra.jpg","contentUrl":"http:\/\/www.bellunopress.it\/wp-content\/uploads\/2018\/08\/prima-guerra-mondiale-film-i-bambini-della-grande-guerra.jpg"},{"@type":"BreadcrumbList","@id":"https:\/\/www.bellunopress.it\/2018\/08\/31\/i-bambini-della-grande-guerra-the-children-of-the-great-war-del-regista-alessandro-bettero-alla-75-mostra-internazionale-darte-cinematografica-di-vene\/#breadcrumb","itemListElement":[{"@type":"ListItem","position":1,"name":"Home","item":"https:\/\/www.bellunopress.it\/"},{"@type":"ListItem","position":2,"name":"\u201cI bambini della grande guerra\u201d\u00a0(The Children of the Great War)\u00a0del regista Alessandro Bettero\u00a0alla 75\u00b0 Mostra internazionale d\u2019arte cinematografica di Venezia.\u00a0\u00abL\u2019unica storia al mondo della Grande Guerra raccontata dagli ultimi superstiti: i bambini di allora"}]},{"@type":"WebSite","@id":"https:\/\/www.bellunopress.it\/#website","url":"https:\/\/www.bellunopress.it\/","name":"Bellunopress - Dolomiti","description":"e-mail: redazione@bellunopress.it","publisher":{"@id":"https:\/\/www.bellunopress.it\/#organization"},"potentialAction":[{"@type":"SearchAction","target":{"@type":"EntryPoint","urlTemplate":"https:\/\/www.bellunopress.it\/?s={search_term_string}"},"query-input":{"@type":"PropertyValueSpecification","valueRequired":true,"valueName":"search_term_string"}}],"inLanguage":"fr-FR"},{"@type":"Organization","@id":"https:\/\/www.bellunopress.it\/#organization","name":"Bellunopress","url":"https:\/\/www.bellunopress.it\/","logo":{"@type":"ImageObject","inLanguage":"fr-FR","@id":"https:\/\/www.bellunopress.it\/#\/schema\/logo\/image\/","url":"https:\/\/www.bellunopress.it\/wp-content\/uploads\/2011\/05\/cropped-logo-bellunopress-.jpg","contentUrl":"https:\/\/www.bellunopress.it\/wp-content\/uploads\/2011\/05\/cropped-logo-bellunopress-.jpg","width":512,"height":512,"caption":"Bellunopress"},"image":{"@id":"https:\/\/www.bellunopress.it\/#\/schema\/logo\/image\/"},"sameAs":["https:\/\/www.facebook.com\/profile.php?id=100008943462799","https:\/\/x.com\/bellunopress","https:\/\/www.linkedin.com\/hp\/?dnr=JBzUWaJfMUw8vbXJJ2tVW5-I3jZKvC4wsoxE&amp;amp;amp;amp;amp;amp;trk=nav_responsive_tab_home","https:\/\/www.youtube.com\/channel\/UCxL0wu1uN0_3_7hGG0306cw"]},{"@type":"Person","@id":"https:\/\/www.bellunopress.it\/#\/schema\/person\/79bb06722b37ece1c03d3e94beb30d73","name":"r\u00e9daction","image":{"@type":"ImageObject","inLanguage":"fr-FR","@id":"https:\/\/secure.gravatar.com\/avatar\/37d968a2e67a6fd04c169c4bdef102d0bc5d31b2546345219e348575eb80e9a0?s=96&d=mm&r=g","url":"https:\/\/secure.gravatar.com\/avatar\/37d968a2e67a6fd04c169c4bdef102d0bc5d31b2546345219e348575eb80e9a0?s=96&d=mm&r=g","contentUrl":"https:\/\/secure.gravatar.com\/avatar\/37d968a2e67a6fd04c169c4bdef102d0bc5d31b2546345219e348575eb80e9a0?s=96&d=mm&r=g","caption":"redazione"},"sameAs":["http:\/\/www.bellunopress.it","https:\/\/x.com\/bellunopress"],"url":"https:\/\/www.bellunopress.it\/fr\/author\/redazione\/"}]}},"_links":{"self":[{"href":"https:\/\/www.bellunopress.it\/fr\/wp-json\/wp\/v2\/posts\/97547","targetHints":{"allow":["GET"]}}],"collection":[{"href":"https:\/\/www.bellunopress.it\/fr\/wp-json\/wp\/v2\/posts"}],"about":[{"href":"https:\/\/www.bellunopress.it\/fr\/wp-json\/wp\/v2\/types\/post"}],"author":[{"embeddable":true,"href":"https:\/\/www.bellunopress.it\/fr\/wp-json\/wp\/v2\/users\/2"}],"replies":[{"embeddable":true,"href":"https:\/\/www.bellunopress.it\/fr\/wp-json\/wp\/v2\/comments?post=97547"}],"version-history":[{"count":2,"href":"https:\/\/www.bellunopress.it\/fr\/wp-json\/wp\/v2\/posts\/97547\/revisions"}],"predecessor-version":[{"id":97550,"href":"https:\/\/www.bellunopress.it\/fr\/wp-json\/wp\/v2\/posts\/97547\/revisions\/97550"}],"wp:attachment":[{"href":"https:\/\/www.bellunopress.it\/fr\/wp-json\/wp\/v2\/media?parent=97547"}],"wp:term":[{"taxonomy":"category","embeddable":true,"href":"https:\/\/www.bellunopress.it\/fr\/wp-json\/wp\/v2\/categories?post=97547"},{"taxonomy":"post_tag","embeddable":true,"href":"https:\/\/www.bellunopress.it\/fr\/wp-json\/wp\/v2\/tags?post=97547"}],"curies":[{"name":"wp","href":"https:\/\/api.w.org\/{rel}","templated":true}]}}