{"id":97540,"date":"2018-08-30T20:33:21","date_gmt":"2018-08-30T18:33:21","guid":{"rendered":"http:\/\/www.bellunopress.it\/?p=97540"},"modified":"2018-08-30T20:33:21","modified_gmt":"2018-08-30T18:33:21","slug":"abbonamento-studenti-approvato-il-bando-provinciale-36-euro-il-mensile-295-per-10-mesi-su-tutte-le-tratte-casa-scuola","status":"publish","type":"post","link":"https:\/\/www.bellunopress.it\/fr\/2018\/08\/30\/abbonamento-studenti-approvato-il-bando-provinciale-36-euro-il-mensile-295-per-10-mesi-su-tutte-le-tratte-casa-scuola\/","title":{"rendered":"Abbonamento studenti, approvato il bando provinciale: 36 euro il mensile, 295 per 10 mesi su tutte le tratte casa-scuola"},"content":{"rendered":"<figure id=\"attachment_97541\" aria-describedby=\"caption-attachment-97541\" style=\"width: 141px\" class=\"wp-caption alignleft\"><a href=\"http:\/\/www.bellunopress.it\/fr\/2018\/08\/30\/abbonamento-studenti-approvato-il-bando-provinciale-36-euro-il-mensile-295-per-10-mesi-su-tutte-le-tratte-casa-scuola\/gianluca-lorenzi-consigliere-provinciale\/\" rel=\"attachment wp-att-97541\"><img loading=\"lazy\" decoding=\"async\" class=\"size-full wp-image-97541\" src=\"http:\/\/www.bellunopress.it\/wp-content\/uploads\/2018\/08\/Gianluca-Lorenzi-consigliere-provinciale.jpg\" alt=\"\" width=\"141\" height=\"181\" \/><\/a><figcaption id=\"caption-attachment-97541\" class=\"wp-caption-text\">Gianluca Lorenzi &#8211; Consigliere provinciale<\/figcaption><\/figure>\n<p>Gli studenti bellunesi potranno beneficiare del supporto economico per il trasporto presentando apposito modulo debitamente compilato alle biglietterie Dolomiti Bus di Agordo &#8211; Belluno &#8211; Calalzo di Cadore &#8211; Feltre e Fly Bus di Cortina.<\/p>\n<p>Lo stabilisce\u00a0il bando Progetto strategico \u201cIncremento del livello di scolarit\u00e0 dei giovani bellunesi\u201d, approvato con atto del presidente della Provincia n. 124 del 14.08.2018.<\/p>\n<p>La Provincia di Belluno, anche per l\u2019anno scolastico 2018\/2019 in collaborazione con il Consorzio Bim Piave ed il Fondo Comuni Confinanti intende quindi sostenere le spese delle famiglie per l&#8217;istruzione dei giovani.<\/p>\n<p>&#8220;I costi, infatti &#8211; spiega Gianluca Lorenzi, consigliere provinciale con delega ai trasporti &#8211;\u00a0 saranno indipendenti dalla fascia chilometrica percorsa per il tragitto residenza\/domicilio-scuola, comprensiva di eventuali trasbordi. L&#8217;abbonamento mensile coster\u00e0 36 euro, quello per 10 mesi 295 euro, mentre quello annuale 330,50 euro. Sono rimborsabili anche gli abbonamenti sottoscritti con aziende di trasporto pubblico locale non convenzionate con la Provincia di Belluno o con aziende di trasporto ferroviario. In questo caso la maggiore spesa sostenuta rispetto a quella agevolata sar\u00e0 rimborsata direttamente dalla Provincia di Belluno su richiesta da far pervenire all&#8217;ente entro le 12 del 12 luglio 2019&#8221;.<\/p>\n<p>Il bando ed i moduli dell\u2019agevolazione sono scaricabili dal sito della Provincia di Belluno (www.provincia.belluno.it) e di Dolomiti Bus (www.dolomitibus.it)<br \/>\nI moduli cartacei per la richiesta dell\u2019agevolazione diretta sono disponibili anche presso le biglietterie Dolomiti Bus.<br \/>\nAl fine di incentivare l\u2019utilizzo del trasporto pubblico locale, la Provincia di Belluno ricorda che \u00e8 disponibile un titolo agevolato per gli studenti denominato \u201cInvesti scuola senza limiti\u201d che permette a chi \u00e8 titolare di un abbonamento studenti di Dolomiti Bus S.p.A. in corso di validit\u00e0, di accedere con un\u2019integrazione di euro 16 mensili, euro 126 per 10 mesi ed euro 142 per 12 mesi, all\u2019utilizzo dell\u2019intera rete gestita da Dolomiti Bus S.p.A. in Provincia di Belluno, viaggiando senza limiti di corse e di orari.<\/p>\n<p>La Provincia di Belluno ha deliberato inoltre, l\u2019estensione dell\u2019utilizzo dell\u2019abbonamento integrato all&#8217;intera rete del servizio urbano di riferimento, gestito da Dolomiti Bus Spa. Ci\u00f2 permetter\u00e0 a chi \u00e8 gi\u00e0 in possesso di un abbonamento extraurbano o ferroviario, di viaggiare sulla intera rete del servizio urbano di riferimento alla tariffa di euro 8 per il settimanale, euro 19 per il mensile, euro 150 per l\u2019annuale 10 mesi ed euro 170 per l\u2019annuale 12 mesi.<\/p>\n<p>Ad esempio uno studente in possesso di un abbonamento extraurbano o ferroviario che va a scuola in localit\u00e0 Mier, con l\u2019abbonamento integrato potr\u00e0 usufruire non solo dello spostamento con le navette da Piazzale Stazione a Mier ma viaggiare nel servizio urbano di Belluno in piena libert\u00e0.<br \/>\nAllo stesso modo un lavoratore in possesso di un abbonamento extraurbano o ferroviario potr\u00e0 accedere all\u2019estensione del servizio.<\/p>\n<p>&nbsp;<\/p>","protected":false},"excerpt":{"rendered":"<p>Gli studenti bellunesi potranno beneficiare del supporto economico per il trasporto presentando apposito modulo debitamente compilato alle biglietterie Dolomiti Bus di Agordo &#8211; Belluno &#8211; Calalzo di Cadore &#8211; Feltre e Fly Bus di Cortina. Lo stabilisce\u00a0il bando Progetto strategico \u201cIncremento del livello di scolarit\u00e0 dei giovani bellunesi\u201d, approvato con atto del presidente della Provincia [&hellip;]<\/p>\n","protected":false},"author":2,"featured_media":0,"comment_status":"closed","ping_status":"open","sticky":false,"template":"","format":"standard","meta":{"footnotes":""},"categories":[5,15],"tags":[],"class_list":["post-97540","post","type-post","status-publish","format-standard","category-cronaca","category-scuola"],"yoast_head":"<!-- This site is optimized with the Yoast SEO plugin v28.4 - https:\/\/yoast.com\/product\/yoast-seo-wordpress\/ -->\n<title>Abbonamento studenti, approvato il bando provinciale: 36 euro il mensile, 295 per 10 mesi su tutte le tratte casa-scuola - Bellunopress - Dolomiti<\/title>\n<meta name=\"robots\" content=\"index, follow, max-snippet:-1, max-image-preview:large, max-video-preview:-1\" \/>\n<link rel=\"canonical\" href=\"https:\/\/www.bellunopress.it\/fr\/2018\/08\/30\/abbonamento-studenti-approvato-il-bando-provinciale-36-euro-il-mensile-295-per-10-mesi-su-tutte-le-tratte-casa-scuola\/\" \/>\n<meta property=\"og:locale\" content=\"fr_FR\" \/>\n<meta property=\"og:type\" content=\"article\" \/>\n<meta property=\"og:title\" content=\"Abbonamento studenti, approvato il bando provinciale: 36 euro il mensile, 295 per 10 mesi su tutte le tratte casa-scuola - Bellunopress - Dolomiti\" \/>\n<meta property=\"og:description\" content=\"Gli studenti bellunesi potranno beneficiare del supporto economico per il trasporto presentando apposito modulo debitamente compilato alle biglietterie Dolomiti Bus di Agordo &#8211; Belluno &#8211; Calalzo di Cadore &#8211; Feltre e Fly Bus di Cortina. Lo stabilisce\u00a0il bando Progetto strategico \u201cIncremento del livello di scolarit\u00e0 dei giovani bellunesi\u201d, approvato con atto del presidente della Provincia [&hellip;]\" \/>\n<meta property=\"og:url\" content=\"https:\/\/www.bellunopress.it\/fr\/2018\/08\/30\/abbonamento-studenti-approvato-il-bando-provinciale-36-euro-il-mensile-295-per-10-mesi-su-tutte-le-tratte-casa-scuola\/\" \/>\n<meta property=\"og:site_name\" content=\"Bellunopress - Dolomiti\" \/>\n<meta property=\"article:publisher\" content=\"https:\/\/www.facebook.com\/profile.php?id=100008943462799\" \/>\n<meta property=\"article:published_time\" content=\"2018-08-30T18:33:21+00:00\" \/>\n<meta property=\"og:image\" content=\"http:\/\/www.bellunopress.it\/wp-content\/uploads\/2018\/08\/Gianluca-Lorenzi-consigliere-provinciale.jpg\" \/>\n<meta name=\"author\" content=\"redazione\" \/>\n<meta name=\"twitter:card\" content=\"summary_large_image\" \/>\n<meta name=\"twitter:creator\" content=\"@bellunopress\" \/>\n<meta name=\"twitter:site\" content=\"@bellunopress\" \/>\n<meta name=\"twitter:label1\" content=\"\u00c9crit par\" \/>\n\t<meta name=\"twitter:data1\" content=\"redazione\" \/>\n\t<meta name=\"twitter:label2\" content=\"Dur\u00e9e de lecture estim\u00e9e\" \/>\n\t<meta name=\"twitter:data2\" content=\"2 minutes\" \/>\n<script type=\"application\/ld+json\" class=\"yoast-schema-graph\">{\"@context\":\"https:\\\/\\\/schema.org\",\"@graph\":[{\"@type\":\"Article\",\"@id\":\"https:\\\/\\\/www.bellunopress.it\\\/2018\\\/08\\\/30\\\/abbonamento-studenti-approvato-il-bando-provinciale-36-euro-il-mensile-295-per-10-mesi-su-tutte-le-tratte-casa-scuola\\\/#article\",\"isPartOf\":{\"@id\":\"https:\\\/\\\/www.bellunopress.it\\\/2018\\\/08\\\/30\\\/abbonamento-studenti-approvato-il-bando-provinciale-36-euro-il-mensile-295-per-10-mesi-su-tutte-le-tratte-casa-scuola\\\/\"},\"author\":{\"name\":\"redazione\",\"@id\":\"https:\\\/\\\/www.bellunopress.it\\\/#\\\/schema\\\/person\\\/79bb06722b37ece1c03d3e94beb30d73\"},\"headline\":\"Abbonamento studenti, approvato il bando provinciale: 36 euro il mensile, 295 per 10 mesi su tutte le tratte casa-scuola\",\"datePublished\":\"2018-08-30T18:33:21+00:00\",\"mainEntityOfPage\":{\"@id\":\"https:\\\/\\\/www.bellunopress.it\\\/2018\\\/08\\\/30\\\/abbonamento-studenti-approvato-il-bando-provinciale-36-euro-il-mensile-295-per-10-mesi-su-tutte-le-tratte-casa-scuola\\\/\"},\"wordCount\":483,\"publisher\":{\"@id\":\"https:\\\/\\\/www.bellunopress.it\\\/#organization\"},\"image\":{\"@id\":\"https:\\\/\\\/www.bellunopress.it\\\/2018\\\/08\\\/30\\\/abbonamento-studenti-approvato-il-bando-provinciale-36-euro-il-mensile-295-per-10-mesi-su-tutte-le-tratte-casa-scuola\\\/#primaryimage\"},\"thumbnailUrl\":\"http:\\\/\\\/www.bellunopress.it\\\/wp-content\\\/uploads\\\/2018\\\/08\\\/Gianluca-Lorenzi-consigliere-provinciale.jpg\",\"articleSection\":[\"Cronaca\\\/Politica\",\"Scuola\"],\"inLanguage\":\"fr-FR\"},{\"@type\":\"WebPage\",\"@id\":\"https:\\\/\\\/www.bellunopress.it\\\/2018\\\/08\\\/30\\\/abbonamento-studenti-approvato-il-bando-provinciale-36-euro-il-mensile-295-per-10-mesi-su-tutte-le-tratte-casa-scuola\\\/\",\"url\":\"https:\\\/\\\/www.bellunopress.it\\\/2018\\\/08\\\/30\\\/abbonamento-studenti-approvato-il-bando-provinciale-36-euro-il-mensile-295-per-10-mesi-su-tutte-le-tratte-casa-scuola\\\/\",\"name\":\"Abbonamento studenti, approvato il bando provinciale: 36 euro il mensile, 295 per 10 mesi su tutte le tratte casa-scuola - Bellunopress - Dolomiti\",\"isPartOf\":{\"@id\":\"https:\\\/\\\/www.bellunopress.it\\\/#website\"},\"primaryImageOfPage\":{\"@id\":\"https:\\\/\\\/www.bellunopress.it\\\/2018\\\/08\\\/30\\\/abbonamento-studenti-approvato-il-bando-provinciale-36-euro-il-mensile-295-per-10-mesi-su-tutte-le-tratte-casa-scuola\\\/#primaryimage\"},\"image\":{\"@id\":\"https:\\\/\\\/www.bellunopress.it\\\/2018\\\/08\\\/30\\\/abbonamento-studenti-approvato-il-bando-provinciale-36-euro-il-mensile-295-per-10-mesi-su-tutte-le-tratte-casa-scuola\\\/#primaryimage\"},\"thumbnailUrl\":\"http:\\\/\\\/www.bellunopress.it\\\/wp-content\\\/uploads\\\/2018\\\/08\\\/Gianluca-Lorenzi-consigliere-provinciale.jpg\",\"datePublished\":\"2018-08-30T18:33:21+00:00\",\"breadcrumb\":{\"@id\":\"https:\\\/\\\/www.bellunopress.it\\\/2018\\\/08\\\/30\\\/abbonamento-studenti-approvato-il-bando-provinciale-36-euro-il-mensile-295-per-10-mesi-su-tutte-le-tratte-casa-scuola\\\/#breadcrumb\"},\"inLanguage\":\"fr-FR\",\"potentialAction\":[{\"@type\":\"ReadAction\",\"target\":[\"https:\\\/\\\/www.bellunopress.it\\\/2018\\\/08\\\/30\\\/abbonamento-studenti-approvato-il-bando-provinciale-36-euro-il-mensile-295-per-10-mesi-su-tutte-le-tratte-casa-scuola\\\/\"]}]},{\"@type\":\"ImageObject\",\"inLanguage\":\"fr-FR\",\"@id\":\"https:\\\/\\\/www.bellunopress.it\\\/2018\\\/08\\\/30\\\/abbonamento-studenti-approvato-il-bando-provinciale-36-euro-il-mensile-295-per-10-mesi-su-tutte-le-tratte-casa-scuola\\\/#primaryimage\",\"url\":\"http:\\\/\\\/www.bellunopress.it\\\/wp-content\\\/uploads\\\/2018\\\/08\\\/Gianluca-Lorenzi-consigliere-provinciale.jpg\",\"contentUrl\":\"http:\\\/\\\/www.bellunopress.it\\\/wp-content\\\/uploads\\\/2018\\\/08\\\/Gianluca-Lorenzi-consigliere-provinciale.jpg\"},{\"@type\":\"BreadcrumbList\",\"@id\":\"https:\\\/\\\/www.bellunopress.it\\\/2018\\\/08\\\/30\\\/abbonamento-studenti-approvato-il-bando-provinciale-36-euro-il-mensile-295-per-10-mesi-su-tutte-le-tratte-casa-scuola\\\/#breadcrumb\",\"itemListElement\":[{\"@type\":\"ListItem\",\"position\":1,\"name\":\"Home\",\"item\":\"https:\\\/\\\/www.bellunopress.it\\\/\"},{\"@type\":\"ListItem\",\"position\":2,\"name\":\"Abbonamento studenti, approvato il bando provinciale: 36 euro il mensile, 295 per 10 mesi su tutte le tratte casa-scuola\"}]},{\"@type\":\"WebSite\",\"@id\":\"https:\\\/\\\/www.bellunopress.it\\\/#website\",\"url\":\"https:\\\/\\\/www.bellunopress.it\\\/\",\"name\":\"Bellunopress - Dolomiti\",\"description\":\"e-mail: redazione@bellunopress.it\",\"publisher\":{\"@id\":\"https:\\\/\\\/www.bellunopress.it\\\/#organization\"},\"potentialAction\":[{\"@type\":\"SearchAction\",\"target\":{\"@type\":\"EntryPoint\",\"urlTemplate\":\"https:\\\/\\\/www.bellunopress.it\\\/?s={search_term_string}\"},\"query-input\":{\"@type\":\"PropertyValueSpecification\",\"valueRequired\":true,\"valueName\":\"search_term_string\"}}],\"inLanguage\":\"fr-FR\"},{\"@type\":\"Organization\",\"@id\":\"https:\\\/\\\/www.bellunopress.it\\\/#organization\",\"name\":\"Bellunopress\",\"url\":\"https:\\\/\\\/www.bellunopress.it\\\/\",\"logo\":{\"@type\":\"ImageObject\",\"inLanguage\":\"fr-FR\",\"@id\":\"https:\\\/\\\/www.bellunopress.it\\\/#\\\/schema\\\/logo\\\/image\\\/\",\"url\":\"https:\\\/\\\/www.bellunopress.it\\\/wp-content\\\/uploads\\\/2011\\\/05\\\/cropped-logo-bellunopress-.jpg\",\"contentUrl\":\"https:\\\/\\\/www.bellunopress.it\\\/wp-content\\\/uploads\\\/2011\\\/05\\\/cropped-logo-bellunopress-.jpg\",\"width\":512,\"height\":512,\"caption\":\"Bellunopress\"},\"image\":{\"@id\":\"https:\\\/\\\/www.bellunopress.it\\\/#\\\/schema\\\/logo\\\/image\\\/\"},\"sameAs\":[\"https:\\\/\\\/www.facebook.com\\\/profile.php?id=100008943462799\",\"https:\\\/\\\/x.com\\\/bellunopress\",\"https:\\\/\\\/www.linkedin.com\\\/hp\\\/?dnr=JBzUWaJfMUw8vbXJJ2tVW5-I3jZKvC4wsoxE&amp;amp;amp;amp;amp;amp;trk=nav_responsive_tab_home\",\"https:\\\/\\\/www.youtube.com\\\/channel\\\/UCxL0wu1uN0_3_7hGG0306cw\"]},{\"@type\":\"Person\",\"@id\":\"https:\\\/\\\/www.bellunopress.it\\\/#\\\/schema\\\/person\\\/79bb06722b37ece1c03d3e94beb30d73\",\"name\":\"redazione\",\"image\":{\"@type\":\"ImageObject\",\"inLanguage\":\"fr-FR\",\"@id\":\"https:\\\/\\\/secure.gravatar.com\\\/avatar\\\/37d968a2e67a6fd04c169c4bdef102d0bc5d31b2546345219e348575eb80e9a0?s=96&d=mm&r=g\",\"url\":\"https:\\\/\\\/secure.gravatar.com\\\/avatar\\\/37d968a2e67a6fd04c169c4bdef102d0bc5d31b2546345219e348575eb80e9a0?s=96&d=mm&r=g\",\"contentUrl\":\"https:\\\/\\\/secure.gravatar.com\\\/avatar\\\/37d968a2e67a6fd04c169c4bdef102d0bc5d31b2546345219e348575eb80e9a0?s=96&d=mm&r=g\",\"caption\":\"redazione\"},\"sameAs\":[\"http:\\\/\\\/www.bellunopress.it\",\"https:\\\/\\\/x.com\\\/bellunopress\"],\"url\":\"https:\\\/\\\/www.bellunopress.it\\\/fr\\\/author\\\/redazione\\\/\"}]}<\/script>\n<!-- \/ Yoast SEO plugin. -->","yoast_head_json":{"title":"Abbonamento studenti, approvato il bando provinciale: 36 euro il mensile, 295 per 10 mesi su tutte le tratte casa-scuola - Bellunopress - Dolomiti","robots":{"index":"index","follow":"follow","max-snippet":"max-snippet:-1","max-image-preview":"max-image-preview:large","max-video-preview":"max-video-preview:-1"},"canonical":"https:\/\/www.bellunopress.it\/fr\/2018\/08\/30\/abbonamento-studenti-approvato-il-bando-provinciale-36-euro-il-mensile-295-per-10-mesi-su-tutte-le-tratte-casa-scuola\/","og_locale":"fr_FR","og_type":"article","og_title":"Abbonamento studenti, approvato il bando provinciale: 36 euro il mensile, 295 per 10 mesi su tutte le tratte casa-scuola - Bellunopress - Dolomiti","og_description":"Gli studenti bellunesi potranno beneficiare del supporto economico per il trasporto presentando apposito modulo debitamente compilato alle biglietterie Dolomiti Bus di Agordo &#8211; Belluno &#8211; Calalzo di Cadore &#8211; Feltre e Fly Bus di Cortina. Lo stabilisce\u00a0il bando Progetto strategico \u201cIncremento del livello di scolarit\u00e0 dei giovani bellunesi\u201d, approvato con atto del presidente della Provincia [&hellip;]","og_url":"https:\/\/www.bellunopress.it\/fr\/2018\/08\/30\/abbonamento-studenti-approvato-il-bando-provinciale-36-euro-il-mensile-295-per-10-mesi-su-tutte-le-tratte-casa-scuola\/","og_site_name":"Bellunopress - Dolomiti","article_publisher":"https:\/\/www.facebook.com\/profile.php?id=100008943462799","article_published_time":"2018-08-30T18:33:21+00:00","og_image":[{"url":"http:\/\/www.bellunopress.it\/wp-content\/uploads\/2018\/08\/Gianluca-Lorenzi-consigliere-provinciale.jpg","type":"","width":"","height":""}],"author":"redazione","twitter_card":"summary_large_image","twitter_creator":"@bellunopress","twitter_site":"@bellunopress","twitter_misc":{"\u00c9crit par":"redazione","Dur\u00e9e de lecture estim\u00e9e":"2 minutes"},"schema":{"@context":"https:\/\/schema.org","@graph":[{"@type":"Article","@id":"https:\/\/www.bellunopress.it\/2018\/08\/30\/abbonamento-studenti-approvato-il-bando-provinciale-36-euro-il-mensile-295-per-10-mesi-su-tutte-le-tratte-casa-scuola\/#article","isPartOf":{"@id":"https:\/\/www.bellunopress.it\/2018\/08\/30\/abbonamento-studenti-approvato-il-bando-provinciale-36-euro-il-mensile-295-per-10-mesi-su-tutte-le-tratte-casa-scuola\/"},"author":{"name":"redazione","@id":"https:\/\/www.bellunopress.it\/#\/schema\/person\/79bb06722b37ece1c03d3e94beb30d73"},"headline":"Abbonamento studenti, approvato il bando provinciale: 36 euro il mensile, 295 per 10 mesi su tutte le tratte casa-scuola","datePublished":"2018-08-30T18:33:21+00:00","mainEntityOfPage":{"@id":"https:\/\/www.bellunopress.it\/2018\/08\/30\/abbonamento-studenti-approvato-il-bando-provinciale-36-euro-il-mensile-295-per-10-mesi-su-tutte-le-tratte-casa-scuola\/"},"wordCount":483,"publisher":{"@id":"https:\/\/www.bellunopress.it\/#organization"},"image":{"@id":"https:\/\/www.bellunopress.it\/2018\/08\/30\/abbonamento-studenti-approvato-il-bando-provinciale-36-euro-il-mensile-295-per-10-mesi-su-tutte-le-tratte-casa-scuola\/#primaryimage"},"thumbnailUrl":"http:\/\/www.bellunopress.it\/wp-content\/uploads\/2018\/08\/Gianluca-Lorenzi-consigliere-provinciale.jpg","articleSection":["Cronaca\/Politica","Scuola"],"inLanguage":"fr-FR"},{"@type":"WebPage","@id":"https:\/\/www.bellunopress.it\/2018\/08\/30\/abbonamento-studenti-approvato-il-bando-provinciale-36-euro-il-mensile-295-per-10-mesi-su-tutte-le-tratte-casa-scuola\/","url":"https:\/\/www.bellunopress.it\/2018\/08\/30\/abbonamento-studenti-approvato-il-bando-provinciale-36-euro-il-mensile-295-per-10-mesi-su-tutte-le-tratte-casa-scuola\/","name":"Abbonamento studenti, approvato il bando provinciale: 36 euro il mensile, 295 per 10 mesi su tutte le tratte casa-scuola - Bellunopress - Dolomiti","isPartOf":{"@id":"https:\/\/www.bellunopress.it\/#website"},"primaryImageOfPage":{"@id":"https:\/\/www.bellunopress.it\/2018\/08\/30\/abbonamento-studenti-approvato-il-bando-provinciale-36-euro-il-mensile-295-per-10-mesi-su-tutte-le-tratte-casa-scuola\/#primaryimage"},"image":{"@id":"https:\/\/www.bellunopress.it\/2018\/08\/30\/abbonamento-studenti-approvato-il-bando-provinciale-36-euro-il-mensile-295-per-10-mesi-su-tutte-le-tratte-casa-scuola\/#primaryimage"},"thumbnailUrl":"http:\/\/www.bellunopress.it\/wp-content\/uploads\/2018\/08\/Gianluca-Lorenzi-consigliere-provinciale.jpg","datePublished":"2018-08-30T18:33:21+00:00","breadcrumb":{"@id":"https:\/\/www.bellunopress.it\/2018\/08\/30\/abbonamento-studenti-approvato-il-bando-provinciale-36-euro-il-mensile-295-per-10-mesi-su-tutte-le-tratte-casa-scuola\/#breadcrumb"},"inLanguage":"fr-FR","potentialAction":[{"@type":"ReadAction","target":["https:\/\/www.bellunopress.it\/2018\/08\/30\/abbonamento-studenti-approvato-il-bando-provinciale-36-euro-il-mensile-295-per-10-mesi-su-tutte-le-tratte-casa-scuola\/"]}]},{"@type":"ImageObject","inLanguage":"fr-FR","@id":"https:\/\/www.bellunopress.it\/2018\/08\/30\/abbonamento-studenti-approvato-il-bando-provinciale-36-euro-il-mensile-295-per-10-mesi-su-tutte-le-tratte-casa-scuola\/#primaryimage","url":"http:\/\/www.bellunopress.it\/wp-content\/uploads\/2018\/08\/Gianluca-Lorenzi-consigliere-provinciale.jpg","contentUrl":"http:\/\/www.bellunopress.it\/wp-content\/uploads\/2018\/08\/Gianluca-Lorenzi-consigliere-provinciale.jpg"},{"@type":"BreadcrumbList","@id":"https:\/\/www.bellunopress.it\/2018\/08\/30\/abbonamento-studenti-approvato-il-bando-provinciale-36-euro-il-mensile-295-per-10-mesi-su-tutte-le-tratte-casa-scuola\/#breadcrumb","itemListElement":[{"@type":"ListItem","position":1,"name":"Home","item":"https:\/\/www.bellunopress.it\/"},{"@type":"ListItem","position":2,"name":"Abbonamento studenti, approvato il bando provinciale: 36 euro il mensile, 295 per 10 mesi su tutte le tratte casa-scuola"}]},{"@type":"WebSite","@id":"https:\/\/www.bellunopress.it\/#website","url":"https:\/\/www.bellunopress.it\/","name":"Bellunopress - Dolomiti","description":"e-mail: redazione@bellunopress.it","publisher":{"@id":"https:\/\/www.bellunopress.it\/#organization"},"potentialAction":[{"@type":"SearchAction","target":{"@type":"EntryPoint","urlTemplate":"https:\/\/www.bellunopress.it\/?s={search_term_string}"},"query-input":{"@type":"PropertyValueSpecification","valueRequired":true,"valueName":"search_term_string"}}],"inLanguage":"fr-FR"},{"@type":"Organization","@id":"https:\/\/www.bellunopress.it\/#organization","name":"Bellunopress","url":"https:\/\/www.bellunopress.it\/","logo":{"@type":"ImageObject","inLanguage":"fr-FR","@id":"https:\/\/www.bellunopress.it\/#\/schema\/logo\/image\/","url":"https:\/\/www.bellunopress.it\/wp-content\/uploads\/2011\/05\/cropped-logo-bellunopress-.jpg","contentUrl":"https:\/\/www.bellunopress.it\/wp-content\/uploads\/2011\/05\/cropped-logo-bellunopress-.jpg","width":512,"height":512,"caption":"Bellunopress"},"image":{"@id":"https:\/\/www.bellunopress.it\/#\/schema\/logo\/image\/"},"sameAs":["https:\/\/www.facebook.com\/profile.php?id=100008943462799","https:\/\/x.com\/bellunopress","https:\/\/www.linkedin.com\/hp\/?dnr=JBzUWaJfMUw8vbXJJ2tVW5-I3jZKvC4wsoxE&amp;amp;amp;amp;amp;amp;trk=nav_responsive_tab_home","https:\/\/www.youtube.com\/channel\/UCxL0wu1uN0_3_7hGG0306cw"]},{"@type":"Person","@id":"https:\/\/www.bellunopress.it\/#\/schema\/person\/79bb06722b37ece1c03d3e94beb30d73","name":"r\u00e9daction","image":{"@type":"ImageObject","inLanguage":"fr-FR","@id":"https:\/\/secure.gravatar.com\/avatar\/37d968a2e67a6fd04c169c4bdef102d0bc5d31b2546345219e348575eb80e9a0?s=96&d=mm&r=g","url":"https:\/\/secure.gravatar.com\/avatar\/37d968a2e67a6fd04c169c4bdef102d0bc5d31b2546345219e348575eb80e9a0?s=96&d=mm&r=g","contentUrl":"https:\/\/secure.gravatar.com\/avatar\/37d968a2e67a6fd04c169c4bdef102d0bc5d31b2546345219e348575eb80e9a0?s=96&d=mm&r=g","caption":"redazione"},"sameAs":["http:\/\/www.bellunopress.it","https:\/\/x.com\/bellunopress"],"url":"https:\/\/www.bellunopress.it\/fr\/author\/redazione\/"}]}},"_links":{"self":[{"href":"https:\/\/www.bellunopress.it\/fr\/wp-json\/wp\/v2\/posts\/97540","targetHints":{"allow":["GET"]}}],"collection":[{"href":"https:\/\/www.bellunopress.it\/fr\/wp-json\/wp\/v2\/posts"}],"about":[{"href":"https:\/\/www.bellunopress.it\/fr\/wp-json\/wp\/v2\/types\/post"}],"author":[{"embeddable":true,"href":"https:\/\/www.bellunopress.it\/fr\/wp-json\/wp\/v2\/users\/2"}],"replies":[{"embeddable":true,"href":"https:\/\/www.bellunopress.it\/fr\/wp-json\/wp\/v2\/comments?post=97540"}],"version-history":[{"count":2,"href":"https:\/\/www.bellunopress.it\/fr\/wp-json\/wp\/v2\/posts\/97540\/revisions"}],"predecessor-version":[{"id":97543,"href":"https:\/\/www.bellunopress.it\/fr\/wp-json\/wp\/v2\/posts\/97540\/revisions\/97543"}],"wp:attachment":[{"href":"https:\/\/www.bellunopress.it\/fr\/wp-json\/wp\/v2\/media?parent=97540"}],"wp:term":[{"taxonomy":"category","embeddable":true,"href":"https:\/\/www.bellunopress.it\/fr\/wp-json\/wp\/v2\/categories?post=97540"},{"taxonomy":"post_tag","embeddable":true,"href":"https:\/\/www.bellunopress.it\/fr\/wp-json\/wp\/v2\/tags?post=97540"}],"curies":[{"name":"wp","href":"https:\/\/api.w.org\/{rel}","templated":true}]}}