{"id":9750,"date":"2009-11-14T22:49:26","date_gmt":"2009-11-14T21:49:26","guid":{"rendered":"http:\/\/www.bellunopress.it\/?p=9750"},"modified":"2009-11-14T22:49:26","modified_gmt":"2009-11-14T21:49:26","slug":"vieni-anche-tu-gita-fuori-porta-con-i-disabili-dellalpago","status":"publish","type":"post","link":"https:\/\/www.bellunopress.it\/fr\/2009\/11\/14\/vieni-anche-tu-gita-fuori-porta-con-i-disabili-dellalpago\/","title":{"rendered":"&#8220;Vieni anche tu&#8221; gita fuori porta con i disabili dell&#8217;Alpago"},"content":{"rendered":"<p>Dopo il felice avvio del progetto \u201cGiovani in \u2026\u201d, avvenuto lo scorso 31 ottobre, con la prima di nove serate di riflessione su temi di attualit\u00e0, riservate ai giovani delle scuole medie superiori, il Comitato Alpago 2 Ruote &amp; Solidariet\u00e0 ha gi\u00e0 pronta una nuova iniziativa. \u201cVieni anche tu\u201d il suo nome, un invito rivolto ai diversamente abili dell\u2019Alpago a farsi coinvolgere in 9 gite fuori porta, una al mese sino a luglio 2010, alla scoperta delle meraviglie del territorio bellunese e triveneto. L\u2019iniziativa non \u00e8 altro che la prosecuzione temporale di una attivit\u00e0 che da anni la Consulta Giovani dell\u2019Alpago porta avanti nei mesi estivi. Essa permette da un lato ai diversamente abili di socializzare, dall\u2019altro alle loro famiglie di trovare un po\u2019 di sollievo, con la possibilit\u00e0 di dedicare un po\u2019 di tempo libero a se stesse. Il primo appuntamento \u00e8 in calendario per domenica 15 novembre, in occasione della tradizionale fiera di San Martino a Belluno. Dalle 9.00 alle 13.00 una ventina di diversamente abili, accompagnati dai volontari della Consulta, si caleranno nella suggestiva atmosfera del centro cittadino, alla scoperta di vie e piazze contornate dalle tante variopinte bancarelle. Le uscite continueranno poi nei mesi successivi: il 19 dicembre \u00e8 prevista la trasferta a Bolzano per una visita ai tradizionali mercatini di natale. Il 28 febbraio 2010 la meta sar\u00e0 Padova alla scoperta del centro storico e con la visita alla Basilica di Sant\u2019Antonio. Il 28 marzo i disabili saranno a Feltre per scoprire il centro storico e le maggiori opere di interesse culturale che la citt\u00e0 offre. Il 25 aprile \u00e8 prevista una giornata di relax: ai laghi artificiali dell\u2019agriturismo Rio Cavalli di Sagrogna sar\u00e0 di scena la pesca sportiva. Il 30 maggio protagonista sar\u00e0 il lago di Santa Croce con una passeggiata lunga le sue rive. Il 25 luglio trasferta sul monte Pizzoc per una camminata in alta quota con vista panoramica sulla pianura veneta. All\u2019appello manca ancora la definizione di due date, anche se le mete sono gi\u00e0 state definite: la prima prevede la visita alla diga del Vajont, la seconda una passeggiata naturalistica ai laghi di Revine e la visita del centro storico di Vittorio Veneto. L\u2019intera iniziativa \u00e8 realizzata in stretta collaborazione con la Consulta Giovani dell\u2019Alpago, con il sostegno economico dell\u2019assessorato alle politiche sociali della Regione del Veneto e con il patrocinio della Provincia di Belluno e della Comunit\u00e0 Montana dell\u2019Alpago.<\/p>","protected":false},"excerpt":{"rendered":"<p>Dopo il felice avvio del progetto \u201cGiovani in \u2026\u201d, avvenuto lo scorso 31 ottobre, con la prima di nove serate di riflessione su temi di attualit\u00e0, riservate ai giovani delle scuole medie superiori, il Comitato Alpago 2 Ruote &amp; Solidariet\u00e0 ha gi\u00e0 pronta una nuova iniziativa. \u201cVieni anche tu\u201d il suo nome, un invito rivolto [&hellip;]<\/p>\n","protected":false},"author":2,"featured_media":0,"comment_status":"closed","ping_status":"open","sticky":false,"template":"","format":"standard","meta":{"footnotes":""},"categories":[25,8],"tags":[139,302],"class_list":["post-9750","post","type-post","status-publish","format-standard","category-pausa-caffe","category-societa-istituzioni","tag-belluno","tag-feltre"],"yoast_head":"<!-- This site is optimized with the Yoast SEO plugin v28.4 - https:\/\/yoast.com\/product\/yoast-seo-wordpress\/ -->\n<title>&quot;Vieni anche tu&quot; gita fuori porta con i disabili dell&#039;Alpago - Bellunopress - Dolomiti<\/title>\n<meta name=\"robots\" content=\"index, follow, max-snippet:-1, max-image-preview:large, max-video-preview:-1\" \/>\n<link rel=\"canonical\" href=\"https:\/\/www.bellunopress.it\/fr\/2009\/11\/14\/vieni-anche-tu-gita-fuori-porta-con-i-disabili-dellalpago\/\" \/>\n<meta property=\"og:locale\" content=\"fr_FR\" \/>\n<meta property=\"og:type\" content=\"article\" \/>\n<meta property=\"og:title\" content=\"&quot;Vieni anche tu&quot; gita fuori porta con i disabili dell&#039;Alpago - Bellunopress - Dolomiti\" \/>\n<meta property=\"og:description\" content=\"Dopo il felice avvio del progetto \u201cGiovani in \u2026\u201d, avvenuto lo scorso 31 ottobre, con la prima di nove serate di riflessione su temi di attualit\u00e0, riservate ai giovani delle scuole medie superiori, il Comitato Alpago 2 Ruote &amp; Solidariet\u00e0 ha gi\u00e0 pronta una nuova iniziativa. \u201cVieni anche tu\u201d il suo nome, un invito rivolto [&hellip;]\" \/>\n<meta property=\"og:url\" content=\"https:\/\/www.bellunopress.it\/fr\/2009\/11\/14\/vieni-anche-tu-gita-fuori-porta-con-i-disabili-dellalpago\/\" \/>\n<meta property=\"og:site_name\" content=\"Bellunopress - Dolomiti\" \/>\n<meta property=\"article:publisher\" content=\"https:\/\/www.facebook.com\/profile.php?id=100008943462799\" \/>\n<meta property=\"article:published_time\" content=\"2009-11-14T21:49:26+00:00\" \/>\n<meta property=\"og:image\" content=\"http:\/\/www.bellunopress.it\/wp-content\/uploads\/2012\/07\/logo-bellunopress-250x250-2012.jpg\" \/>\n<meta name=\"author\" content=\"redazione\" \/>\n<meta name=\"twitter:card\" content=\"summary_large_image\" \/>\n<meta name=\"twitter:creator\" content=\"@bellunopress\" \/>\n<meta name=\"twitter:site\" content=\"@bellunopress\" \/>\n<meta name=\"twitter:label1\" content=\"\u00c9crit par\" \/>\n\t<meta name=\"twitter:data1\" content=\"redazione\" \/>\n\t<meta name=\"twitter:label2\" content=\"Dur\u00e9e de lecture estim\u00e9e\" \/>\n\t<meta name=\"twitter:data2\" content=\"2 minutes\" \/>\n<script type=\"application\/ld+json\" class=\"yoast-schema-graph\">{\"@context\":\"https:\\\/\\\/schema.org\",\"@graph\":[{\"@type\":\"Article\",\"@id\":\"https:\\\/\\\/www.bellunopress.it\\\/2009\\\/11\\\/14\\\/vieni-anche-tu-gita-fuori-porta-con-i-disabili-dellalpago\\\/#article\",\"isPartOf\":{\"@id\":\"https:\\\/\\\/www.bellunopress.it\\\/2009\\\/11\\\/14\\\/vieni-anche-tu-gita-fuori-porta-con-i-disabili-dellalpago\\\/\"},\"author\":{\"name\":\"redazione\",\"@id\":\"https:\\\/\\\/www.bellunopress.it\\\/#\\\/schema\\\/person\\\/79bb06722b37ece1c03d3e94beb30d73\"},\"headline\":\"&#8220;Vieni anche tu&#8221; gita fuori porta con i disabili dell&#8217;Alpago\",\"datePublished\":\"2009-11-14T21:49:26+00:00\",\"mainEntityOfPage\":{\"@id\":\"https:\\\/\\\/www.bellunopress.it\\\/2009\\\/11\\\/14\\\/vieni-anche-tu-gita-fuori-porta-con-i-disabili-dellalpago\\\/\"},\"wordCount\":402,\"publisher\":{\"@id\":\"https:\\\/\\\/www.bellunopress.it\\\/#organization\"},\"keywords\":[\"Belluno\",\"Feltre\"],\"articleSection\":[\"Pausa Caff\u00e8\",\"Societ\u00e0, Associazioni, Istituzioni\"],\"inLanguage\":\"fr-FR\"},{\"@type\":\"WebPage\",\"@id\":\"https:\\\/\\\/www.bellunopress.it\\\/2009\\\/11\\\/14\\\/vieni-anche-tu-gita-fuori-porta-con-i-disabili-dellalpago\\\/\",\"url\":\"https:\\\/\\\/www.bellunopress.it\\\/2009\\\/11\\\/14\\\/vieni-anche-tu-gita-fuori-porta-con-i-disabili-dellalpago\\\/\",\"name\":\"\\\"Vieni anche tu\\\" gita fuori porta con i disabili dell'Alpago - Bellunopress - Dolomiti\",\"isPartOf\":{\"@id\":\"https:\\\/\\\/www.bellunopress.it\\\/#website\"},\"datePublished\":\"2009-11-14T21:49:26+00:00\",\"breadcrumb\":{\"@id\":\"https:\\\/\\\/www.bellunopress.it\\\/2009\\\/11\\\/14\\\/vieni-anche-tu-gita-fuori-porta-con-i-disabili-dellalpago\\\/#breadcrumb\"},\"inLanguage\":\"fr-FR\",\"potentialAction\":[{\"@type\":\"ReadAction\",\"target\":[\"https:\\\/\\\/www.bellunopress.it\\\/2009\\\/11\\\/14\\\/vieni-anche-tu-gita-fuori-porta-con-i-disabili-dellalpago\\\/\"]}]},{\"@type\":\"BreadcrumbList\",\"@id\":\"https:\\\/\\\/www.bellunopress.it\\\/2009\\\/11\\\/14\\\/vieni-anche-tu-gita-fuori-porta-con-i-disabili-dellalpago\\\/#breadcrumb\",\"itemListElement\":[{\"@type\":\"ListItem\",\"position\":1,\"name\":\"Home\",\"item\":\"https:\\\/\\\/www.bellunopress.it\\\/\"},{\"@type\":\"ListItem\",\"position\":2,\"name\":\"&#8220;Vieni anche tu&#8221; gita fuori porta con i disabili dell&#8217;Alpago\"}]},{\"@type\":\"WebSite\",\"@id\":\"https:\\\/\\\/www.bellunopress.it\\\/#website\",\"url\":\"https:\\\/\\\/www.bellunopress.it\\\/\",\"name\":\"Bellunopress - Dolomiti\",\"description\":\"e-mail: redazione@bellunopress.it\",\"publisher\":{\"@id\":\"https:\\\/\\\/www.bellunopress.it\\\/#organization\"},\"potentialAction\":[{\"@type\":\"SearchAction\",\"target\":{\"@type\":\"EntryPoint\",\"urlTemplate\":\"https:\\\/\\\/www.bellunopress.it\\\/?s={search_term_string}\"},\"query-input\":{\"@type\":\"PropertyValueSpecification\",\"valueRequired\":true,\"valueName\":\"search_term_string\"}}],\"inLanguage\":\"fr-FR\"},{\"@type\":\"Organization\",\"@id\":\"https:\\\/\\\/www.bellunopress.it\\\/#organization\",\"name\":\"Bellunopress\",\"url\":\"https:\\\/\\\/www.bellunopress.it\\\/\",\"logo\":{\"@type\":\"ImageObject\",\"inLanguage\":\"fr-FR\",\"@id\":\"https:\\\/\\\/www.bellunopress.it\\\/#\\\/schema\\\/logo\\\/image\\\/\",\"url\":\"https:\\\/\\\/www.bellunopress.it\\\/wp-content\\\/uploads\\\/2011\\\/05\\\/cropped-logo-bellunopress-.jpg\",\"contentUrl\":\"https:\\\/\\\/www.bellunopress.it\\\/wp-content\\\/uploads\\\/2011\\\/05\\\/cropped-logo-bellunopress-.jpg\",\"width\":512,\"height\":512,\"caption\":\"Bellunopress\"},\"image\":{\"@id\":\"https:\\\/\\\/www.bellunopress.it\\\/#\\\/schema\\\/logo\\\/image\\\/\"},\"sameAs\":[\"https:\\\/\\\/www.facebook.com\\\/profile.php?id=100008943462799\",\"https:\\\/\\\/x.com\\\/bellunopress\",\"https:\\\/\\\/www.linkedin.com\\\/hp\\\/?dnr=JBzUWaJfMUw8vbXJJ2tVW5-I3jZKvC4wsoxE&amp;amp;amp;amp;amp;amp;trk=nav_responsive_tab_home\",\"https:\\\/\\\/www.youtube.com\\\/channel\\\/UCxL0wu1uN0_3_7hGG0306cw\"]},{\"@type\":\"Person\",\"@id\":\"https:\\\/\\\/www.bellunopress.it\\\/#\\\/schema\\\/person\\\/79bb06722b37ece1c03d3e94beb30d73\",\"name\":\"redazione\",\"image\":{\"@type\":\"ImageObject\",\"inLanguage\":\"fr-FR\",\"@id\":\"https:\\\/\\\/secure.gravatar.com\\\/avatar\\\/37d968a2e67a6fd04c169c4bdef102d0bc5d31b2546345219e348575eb80e9a0?s=96&d=mm&r=g\",\"url\":\"https:\\\/\\\/secure.gravatar.com\\\/avatar\\\/37d968a2e67a6fd04c169c4bdef102d0bc5d31b2546345219e348575eb80e9a0?s=96&d=mm&r=g\",\"contentUrl\":\"https:\\\/\\\/secure.gravatar.com\\\/avatar\\\/37d968a2e67a6fd04c169c4bdef102d0bc5d31b2546345219e348575eb80e9a0?s=96&d=mm&r=g\",\"caption\":\"redazione\"},\"sameAs\":[\"http:\\\/\\\/www.bellunopress.it\",\"https:\\\/\\\/x.com\\\/bellunopress\"],\"url\":\"https:\\\/\\\/www.bellunopress.it\\\/fr\\\/author\\\/redazione\\\/\"}]}<\/script>\n<!-- \/ Yoast SEO plugin. -->","yoast_head_json":{"title":"\"Vieni anche tu\" gita fuori porta con i disabili dell'Alpago - Bellunopress - Dolomiti","robots":{"index":"index","follow":"follow","max-snippet":"max-snippet:-1","max-image-preview":"max-image-preview:large","max-video-preview":"max-video-preview:-1"},"canonical":"https:\/\/www.bellunopress.it\/fr\/2009\/11\/14\/vieni-anche-tu-gita-fuori-porta-con-i-disabili-dellalpago\/","og_locale":"fr_FR","og_type":"article","og_title":"\"Vieni anche tu\" gita fuori porta con i disabili dell'Alpago - Bellunopress - Dolomiti","og_description":"Dopo il felice avvio del progetto \u201cGiovani in \u2026\u201d, avvenuto lo scorso 31 ottobre, con la prima di nove serate di riflessione su temi di attualit\u00e0, riservate ai giovani delle scuole medie superiori, il Comitato Alpago 2 Ruote &amp; Solidariet\u00e0 ha gi\u00e0 pronta una nuova iniziativa. \u201cVieni anche tu\u201d il suo nome, un invito rivolto [&hellip;]","og_url":"https:\/\/www.bellunopress.it\/fr\/2009\/11\/14\/vieni-anche-tu-gita-fuori-porta-con-i-disabili-dellalpago\/","og_site_name":"Bellunopress - Dolomiti","article_publisher":"https:\/\/www.facebook.com\/profile.php?id=100008943462799","article_published_time":"2009-11-14T21:49:26+00:00","og_image":[{"url":"http:\/\/www.bellunopress.it\/wp-content\/uploads\/2012\/07\/logo-bellunopress-250x250-2012.jpg","type":"","width":"","height":""}],"author":"redazione","twitter_card":"summary_large_image","twitter_creator":"@bellunopress","twitter_site":"@bellunopress","twitter_misc":{"\u00c9crit par":"redazione","Dur\u00e9e de lecture estim\u00e9e":"2 minutes"},"schema":{"@context":"https:\/\/schema.org","@graph":[{"@type":"Article","@id":"https:\/\/www.bellunopress.it\/2009\/11\/14\/vieni-anche-tu-gita-fuori-porta-con-i-disabili-dellalpago\/#article","isPartOf":{"@id":"https:\/\/www.bellunopress.it\/2009\/11\/14\/vieni-anche-tu-gita-fuori-porta-con-i-disabili-dellalpago\/"},"author":{"name":"redazione","@id":"https:\/\/www.bellunopress.it\/#\/schema\/person\/79bb06722b37ece1c03d3e94beb30d73"},"headline":"&#8220;Vieni anche tu&#8221; gita fuori porta con i disabili dell&#8217;Alpago","datePublished":"2009-11-14T21:49:26+00:00","mainEntityOfPage":{"@id":"https:\/\/www.bellunopress.it\/2009\/11\/14\/vieni-anche-tu-gita-fuori-porta-con-i-disabili-dellalpago\/"},"wordCount":402,"publisher":{"@id":"https:\/\/www.bellunopress.it\/#organization"},"keywords":["Belluno","Feltre"],"articleSection":["Pausa Caff\u00e8","Societ\u00e0, Associazioni, Istituzioni"],"inLanguage":"fr-FR"},{"@type":"WebPage","@id":"https:\/\/www.bellunopress.it\/2009\/11\/14\/vieni-anche-tu-gita-fuori-porta-con-i-disabili-dellalpago\/","url":"https:\/\/www.bellunopress.it\/2009\/11\/14\/vieni-anche-tu-gita-fuori-porta-con-i-disabili-dellalpago\/","name":"\"Vieni anche tu\" gita fuori porta con i disabili dell'Alpago - Bellunopress - Dolomiti","isPartOf":{"@id":"https:\/\/www.bellunopress.it\/#website"},"datePublished":"2009-11-14T21:49:26+00:00","breadcrumb":{"@id":"https:\/\/www.bellunopress.it\/2009\/11\/14\/vieni-anche-tu-gita-fuori-porta-con-i-disabili-dellalpago\/#breadcrumb"},"inLanguage":"fr-FR","potentialAction":[{"@type":"ReadAction","target":["https:\/\/www.bellunopress.it\/2009\/11\/14\/vieni-anche-tu-gita-fuori-porta-con-i-disabili-dellalpago\/"]}]},{"@type":"BreadcrumbList","@id":"https:\/\/www.bellunopress.it\/2009\/11\/14\/vieni-anche-tu-gita-fuori-porta-con-i-disabili-dellalpago\/#breadcrumb","itemListElement":[{"@type":"ListItem","position":1,"name":"Home","item":"https:\/\/www.bellunopress.it\/"},{"@type":"ListItem","position":2,"name":"&#8220;Vieni anche tu&#8221; gita fuori porta con i disabili dell&#8217;Alpago"}]},{"@type":"WebSite","@id":"https:\/\/www.bellunopress.it\/#website","url":"https:\/\/www.bellunopress.it\/","name":"Bellunopress - Dolomiti","description":"e-mail: redazione@bellunopress.it","publisher":{"@id":"https:\/\/www.bellunopress.it\/#organization"},"potentialAction":[{"@type":"SearchAction","target":{"@type":"EntryPoint","urlTemplate":"https:\/\/www.bellunopress.it\/?s={search_term_string}"},"query-input":{"@type":"PropertyValueSpecification","valueRequired":true,"valueName":"search_term_string"}}],"inLanguage":"fr-FR"},{"@type":"Organization","@id":"https:\/\/www.bellunopress.it\/#organization","name":"Bellunopress","url":"https:\/\/www.bellunopress.it\/","logo":{"@type":"ImageObject","inLanguage":"fr-FR","@id":"https:\/\/www.bellunopress.it\/#\/schema\/logo\/image\/","url":"https:\/\/www.bellunopress.it\/wp-content\/uploads\/2011\/05\/cropped-logo-bellunopress-.jpg","contentUrl":"https:\/\/www.bellunopress.it\/wp-content\/uploads\/2011\/05\/cropped-logo-bellunopress-.jpg","width":512,"height":512,"caption":"Bellunopress"},"image":{"@id":"https:\/\/www.bellunopress.it\/#\/schema\/logo\/image\/"},"sameAs":["https:\/\/www.facebook.com\/profile.php?id=100008943462799","https:\/\/x.com\/bellunopress","https:\/\/www.linkedin.com\/hp\/?dnr=JBzUWaJfMUw8vbXJJ2tVW5-I3jZKvC4wsoxE&amp;amp;amp;amp;amp;amp;trk=nav_responsive_tab_home","https:\/\/www.youtube.com\/channel\/UCxL0wu1uN0_3_7hGG0306cw"]},{"@type":"Person","@id":"https:\/\/www.bellunopress.it\/#\/schema\/person\/79bb06722b37ece1c03d3e94beb30d73","name":"r\u00e9daction","image":{"@type":"ImageObject","inLanguage":"fr-FR","@id":"https:\/\/secure.gravatar.com\/avatar\/37d968a2e67a6fd04c169c4bdef102d0bc5d31b2546345219e348575eb80e9a0?s=96&d=mm&r=g","url":"https:\/\/secure.gravatar.com\/avatar\/37d968a2e67a6fd04c169c4bdef102d0bc5d31b2546345219e348575eb80e9a0?s=96&d=mm&r=g","contentUrl":"https:\/\/secure.gravatar.com\/avatar\/37d968a2e67a6fd04c169c4bdef102d0bc5d31b2546345219e348575eb80e9a0?s=96&d=mm&r=g","caption":"redazione"},"sameAs":["http:\/\/www.bellunopress.it","https:\/\/x.com\/bellunopress"],"url":"https:\/\/www.bellunopress.it\/fr\/author\/redazione\/"}]}},"_links":{"self":[{"href":"https:\/\/www.bellunopress.it\/fr\/wp-json\/wp\/v2\/posts\/9750","targetHints":{"allow":["GET"]}}],"collection":[{"href":"https:\/\/www.bellunopress.it\/fr\/wp-json\/wp\/v2\/posts"}],"about":[{"href":"https:\/\/www.bellunopress.it\/fr\/wp-json\/wp\/v2\/types\/post"}],"author":[{"embeddable":true,"href":"https:\/\/www.bellunopress.it\/fr\/wp-json\/wp\/v2\/users\/2"}],"replies":[{"embeddable":true,"href":"https:\/\/www.bellunopress.it\/fr\/wp-json\/wp\/v2\/comments?post=9750"}],"version-history":[{"count":1,"href":"https:\/\/www.bellunopress.it\/fr\/wp-json\/wp\/v2\/posts\/9750\/revisions"}],"predecessor-version":[{"id":9752,"href":"https:\/\/www.bellunopress.it\/fr\/wp-json\/wp\/v2\/posts\/9750\/revisions\/9752"}],"wp:attachment":[{"href":"https:\/\/www.bellunopress.it\/fr\/wp-json\/wp\/v2\/media?parent=9750"}],"wp:term":[{"taxonomy":"category","embeddable":true,"href":"https:\/\/www.bellunopress.it\/fr\/wp-json\/wp\/v2\/categories?post=9750"},{"taxonomy":"post_tag","embeddable":true,"href":"https:\/\/www.bellunopress.it\/fr\/wp-json\/wp\/v2\/tags?post=9750"}],"curies":[{"name":"wp","href":"https:\/\/api.w.org\/{rel}","templated":true}]}}