{"id":9746,"date":"2009-11-14T22:39:51","date_gmt":"2009-11-14T21:39:51","guid":{"rendered":"http:\/\/www.bellunopress.it\/?p=9746"},"modified":"2009-11-14T22:39:51","modified_gmt":"2009-11-14T21:39:51","slug":"premio-marco-polo-alla-sest-di-limana-esempio-di-internazionalizzazione-sostenibile","status":"publish","type":"post","link":"https:\/\/www.bellunopress.it\/fr\/2009\/11\/14\/premio-marco-polo-alla-sest-di-limana-esempio-di-internazionalizzazione-sostenibile\/","title":{"rendered":"Premio Marco Polo alla Sest di Limana: esempio di internazionalizzazione sostenibile"},"content":{"rendered":"<p>Il premio Marco Polo assegnato alla nostra impresa associata Sest di Limana ci fa onore ed \u00e8 segno di come le aziende industriali bellunesi sappiano guardare ai mercati internazionali per programmare la ripresa\u201d- afferma Valentino Vascellari Presidente di Confindustria Belluno Dolomiti \u2013 \u201cLa Sest, che \u00e8 un esempio da seguire per vari motivi, \u00e8 la protagonista di una internazionalizzazione che definirei \u201csostenibile\u201d: mantenimento del sito principale in provincia di Belluno e parallelo sviluppo di mercati alternativi\u201d. Settima provincia in Italia per esportazioni, per un valore di 2,5 milioni di euro nel 2008, Belluno sente forte la vocazione all\u2019internazionalizzazione. La via della \u201cinternazionalizzazione sostenibile\u201d \u00e8 promossa da Confindustria Belluno Dolomiti attraverso la predisposizione di guide paese, di meeting con rappresentanti stranieri ospitati presso la sede dell\u2019Associazione a Belluno e di missioni imprenditoriali all\u2019estero con frequenza quasi mensile. I paesi sui quali si sta principalmente concentrando l\u2019attivit\u00e0 di Confindustria Belluno Dolomiti sono l\u2019Europa dell\u2019est, la Russia, la Cina, il Brasile, la Turchia, l\u2019India. Le imprese associate a Confindustria Belluno Dolomiti, il 90% delle quali caratterizzate da un numero di dipendenti inferiore alle 50 unit\u00e0 e un fatturato massimo di 50 milioni di euro, necessitano di un supporto conoscitivo per avvicinarsi concretamente\u00a0 all\u2019internazionalizzazione. Nel corso del 2008, l\u2019Associazione Industriali di Belluno ha pertanto stretto un accordo di intensa collaborazione con Confindustria Vicenza, particolarmente votata all\u2019export; grazie a quest\u2019accordo le aziende bellunesi usufruiscono di una rete ancor pi\u00f9 ampia e consolidata di informazioni e contatti consulenziali garantiti, partecipando anche alle missioni all\u2019estero organizzate dall\u2019Associazione vicentina. \u00c8 di poche settimane fa l\u2019accordo di collaborazione che la Sezione Industrie Metalmeccaniche di Confindustria Belluno Dolomiti ha stretto con l\u2019associazione brasiliana SIMECS, Sindacato Das Industrias Metalurgicas Mecanicas e de Material Electrico de Caxias Do Sul, per l\u2019integrazione produttiva e le relazioni commerciali tra le rispettive imprese associate, mentre nel mese di ottobre del 2009 Confindustria Belluno Dolomiti ha anche firmato un accordo per snellire e semplificare le procedure con l\u2019Agenzia delle Dogane del Veneto.<\/p>","protected":false},"excerpt":{"rendered":"<p>Il premio Marco Polo assegnato alla nostra impresa associata Sest di Limana ci fa onore ed \u00e8 segno di come le aziende industriali bellunesi sappiano guardare ai mercati internazionali per programmare la ripresa\u201d- afferma Valentino Vascellari Presidente di Confindustria Belluno Dolomiti \u2013 \u201cLa Sest, che \u00e8 un esempio da seguire per vari motivi, \u00e8 la [&hellip;]<\/p>\n","protected":false},"author":2,"featured_media":0,"comment_status":"closed","ping_status":"open","sticky":false,"template":"","format":"standard","meta":{"footnotes":""},"categories":[36,26],"tags":[139,63],"class_list":["post-9746","post","type-post","status-publish","format-standard","category-lavoro-economia","category-prima-pagina","tag-belluno","tag-dolomiti"],"yoast_head":"<!-- This site is optimized with the Yoast SEO plugin v28.4 - https:\/\/yoast.com\/product\/yoast-seo-wordpress\/ -->\n<title>Premio Marco Polo alla Sest di Limana: esempio di internazionalizzazione sostenibile  - Bellunopress - Dolomiti<\/title>\n<meta name=\"robots\" content=\"index, follow, max-snippet:-1, max-image-preview:large, max-video-preview:-1\" \/>\n<link rel=\"canonical\" href=\"https:\/\/www.bellunopress.it\/fr\/2009\/11\/14\/premio-marco-polo-alla-sest-di-limana-esempio-di-internazionalizzazione-sostenibile\/\" \/>\n<meta property=\"og:locale\" content=\"fr_FR\" \/>\n<meta property=\"og:type\" content=\"article\" \/>\n<meta property=\"og:title\" content=\"Premio Marco Polo alla Sest di Limana: esempio di internazionalizzazione sostenibile  - Bellunopress - Dolomiti\" \/>\n<meta property=\"og:description\" content=\"Il premio Marco Polo assegnato alla nostra impresa associata Sest di Limana ci fa onore ed \u00e8 segno di come le aziende industriali bellunesi sappiano guardare ai mercati internazionali per programmare la ripresa\u201d- afferma Valentino Vascellari Presidente di Confindustria Belluno Dolomiti \u2013 \u201cLa Sest, che \u00e8 un esempio da seguire per vari motivi, \u00e8 la [&hellip;]\" \/>\n<meta property=\"og:url\" content=\"https:\/\/www.bellunopress.it\/fr\/2009\/11\/14\/premio-marco-polo-alla-sest-di-limana-esempio-di-internazionalizzazione-sostenibile\/\" \/>\n<meta property=\"og:site_name\" content=\"Bellunopress - Dolomiti\" \/>\n<meta property=\"article:publisher\" content=\"https:\/\/www.facebook.com\/profile.php?id=100008943462799\" \/>\n<meta property=\"article:published_time\" content=\"2009-11-14T21:39:51+00:00\" \/>\n<meta property=\"og:image\" content=\"http:\/\/www.bellunopress.it\/wp-content\/uploads\/2012\/07\/logo-bellunopress-250x250-2012.jpg\" \/>\n<meta name=\"author\" content=\"redazione\" \/>\n<meta name=\"twitter:card\" content=\"summary_large_image\" \/>\n<meta name=\"twitter:creator\" content=\"@bellunopress\" \/>\n<meta name=\"twitter:site\" content=\"@bellunopress\" \/>\n<meta name=\"twitter:label1\" content=\"\u00c9crit par\" \/>\n\t<meta name=\"twitter:data1\" content=\"redazione\" \/>\n\t<meta name=\"twitter:label2\" content=\"Dur\u00e9e de lecture estim\u00e9e\" \/>\n\t<meta name=\"twitter:data2\" content=\"2 minutes\" \/>\n<script type=\"application\/ld+json\" class=\"yoast-schema-graph\">{\"@context\":\"https:\\\/\\\/schema.org\",\"@graph\":[{\"@type\":\"Article\",\"@id\":\"https:\\\/\\\/www.bellunopress.it\\\/2009\\\/11\\\/14\\\/premio-marco-polo-alla-sest-di-limana-esempio-di-internazionalizzazione-sostenibile\\\/#article\",\"isPartOf\":{\"@id\":\"https:\\\/\\\/www.bellunopress.it\\\/2009\\\/11\\\/14\\\/premio-marco-polo-alla-sest-di-limana-esempio-di-internazionalizzazione-sostenibile\\\/\"},\"author\":{\"name\":\"redazione\",\"@id\":\"https:\\\/\\\/www.bellunopress.it\\\/#\\\/schema\\\/person\\\/79bb06722b37ece1c03d3e94beb30d73\"},\"headline\":\"Premio Marco Polo alla Sest di Limana: esempio di internazionalizzazione sostenibile\",\"datePublished\":\"2009-11-14T21:39:51+00:00\",\"mainEntityOfPage\":{\"@id\":\"https:\\\/\\\/www.bellunopress.it\\\/2009\\\/11\\\/14\\\/premio-marco-polo-alla-sest-di-limana-esempio-di-internazionalizzazione-sostenibile\\\/\"},\"wordCount\":342,\"publisher\":{\"@id\":\"https:\\\/\\\/www.bellunopress.it\\\/#organization\"},\"keywords\":[\"Belluno\",\"Dolomiti\"],\"articleSection\":[\"Lavoro, Economia, Turismo\",\"Prima Pagina\"],\"inLanguage\":\"fr-FR\"},{\"@type\":\"WebPage\",\"@id\":\"https:\\\/\\\/www.bellunopress.it\\\/2009\\\/11\\\/14\\\/premio-marco-polo-alla-sest-di-limana-esempio-di-internazionalizzazione-sostenibile\\\/\",\"url\":\"https:\\\/\\\/www.bellunopress.it\\\/2009\\\/11\\\/14\\\/premio-marco-polo-alla-sest-di-limana-esempio-di-internazionalizzazione-sostenibile\\\/\",\"name\":\"Premio Marco Polo alla Sest di Limana: esempio di internazionalizzazione sostenibile - Bellunopress - Dolomiti\",\"isPartOf\":{\"@id\":\"https:\\\/\\\/www.bellunopress.it\\\/#website\"},\"datePublished\":\"2009-11-14T21:39:51+00:00\",\"breadcrumb\":{\"@id\":\"https:\\\/\\\/www.bellunopress.it\\\/2009\\\/11\\\/14\\\/premio-marco-polo-alla-sest-di-limana-esempio-di-internazionalizzazione-sostenibile\\\/#breadcrumb\"},\"inLanguage\":\"fr-FR\",\"potentialAction\":[{\"@type\":\"ReadAction\",\"target\":[\"https:\\\/\\\/www.bellunopress.it\\\/2009\\\/11\\\/14\\\/premio-marco-polo-alla-sest-di-limana-esempio-di-internazionalizzazione-sostenibile\\\/\"]}]},{\"@type\":\"BreadcrumbList\",\"@id\":\"https:\\\/\\\/www.bellunopress.it\\\/2009\\\/11\\\/14\\\/premio-marco-polo-alla-sest-di-limana-esempio-di-internazionalizzazione-sostenibile\\\/#breadcrumb\",\"itemListElement\":[{\"@type\":\"ListItem\",\"position\":1,\"name\":\"Home\",\"item\":\"https:\\\/\\\/www.bellunopress.it\\\/\"},{\"@type\":\"ListItem\",\"position\":2,\"name\":\"Premio Marco Polo alla Sest di Limana: esempio di internazionalizzazione sostenibile\"}]},{\"@type\":\"WebSite\",\"@id\":\"https:\\\/\\\/www.bellunopress.it\\\/#website\",\"url\":\"https:\\\/\\\/www.bellunopress.it\\\/\",\"name\":\"Bellunopress - Dolomiti\",\"description\":\"e-mail: redazione@bellunopress.it\",\"publisher\":{\"@id\":\"https:\\\/\\\/www.bellunopress.it\\\/#organization\"},\"potentialAction\":[{\"@type\":\"SearchAction\",\"target\":{\"@type\":\"EntryPoint\",\"urlTemplate\":\"https:\\\/\\\/www.bellunopress.it\\\/?s={search_term_string}\"},\"query-input\":{\"@type\":\"PropertyValueSpecification\",\"valueRequired\":true,\"valueName\":\"search_term_string\"}}],\"inLanguage\":\"fr-FR\"},{\"@type\":\"Organization\",\"@id\":\"https:\\\/\\\/www.bellunopress.it\\\/#organization\",\"name\":\"Bellunopress\",\"url\":\"https:\\\/\\\/www.bellunopress.it\\\/\",\"logo\":{\"@type\":\"ImageObject\",\"inLanguage\":\"fr-FR\",\"@id\":\"https:\\\/\\\/www.bellunopress.it\\\/#\\\/schema\\\/logo\\\/image\\\/\",\"url\":\"https:\\\/\\\/www.bellunopress.it\\\/wp-content\\\/uploads\\\/2011\\\/05\\\/cropped-logo-bellunopress-.jpg\",\"contentUrl\":\"https:\\\/\\\/www.bellunopress.it\\\/wp-content\\\/uploads\\\/2011\\\/05\\\/cropped-logo-bellunopress-.jpg\",\"width\":512,\"height\":512,\"caption\":\"Bellunopress\"},\"image\":{\"@id\":\"https:\\\/\\\/www.bellunopress.it\\\/#\\\/schema\\\/logo\\\/image\\\/\"},\"sameAs\":[\"https:\\\/\\\/www.facebook.com\\\/profile.php?id=100008943462799\",\"https:\\\/\\\/x.com\\\/bellunopress\",\"https:\\\/\\\/www.linkedin.com\\\/hp\\\/?dnr=JBzUWaJfMUw8vbXJJ2tVW5-I3jZKvC4wsoxE&amp;amp;amp;amp;amp;amp;trk=nav_responsive_tab_home\",\"https:\\\/\\\/www.youtube.com\\\/channel\\\/UCxL0wu1uN0_3_7hGG0306cw\"]},{\"@type\":\"Person\",\"@id\":\"https:\\\/\\\/www.bellunopress.it\\\/#\\\/schema\\\/person\\\/79bb06722b37ece1c03d3e94beb30d73\",\"name\":\"redazione\",\"image\":{\"@type\":\"ImageObject\",\"inLanguage\":\"fr-FR\",\"@id\":\"https:\\\/\\\/secure.gravatar.com\\\/avatar\\\/37d968a2e67a6fd04c169c4bdef102d0bc5d31b2546345219e348575eb80e9a0?s=96&d=mm&r=g\",\"url\":\"https:\\\/\\\/secure.gravatar.com\\\/avatar\\\/37d968a2e67a6fd04c169c4bdef102d0bc5d31b2546345219e348575eb80e9a0?s=96&d=mm&r=g\",\"contentUrl\":\"https:\\\/\\\/secure.gravatar.com\\\/avatar\\\/37d968a2e67a6fd04c169c4bdef102d0bc5d31b2546345219e348575eb80e9a0?s=96&d=mm&r=g\",\"caption\":\"redazione\"},\"sameAs\":[\"http:\\\/\\\/www.bellunopress.it\",\"https:\\\/\\\/x.com\\\/bellunopress\"],\"url\":\"https:\\\/\\\/www.bellunopress.it\\\/fr\\\/author\\\/redazione\\\/\"}]}<\/script>\n<!-- \/ Yoast SEO plugin. -->","yoast_head_json":{"title":"Premio Marco Polo alla Sest di Limana: esempio di internazionalizzazione sostenibile  - Bellunopress - Dolomiti","robots":{"index":"index","follow":"follow","max-snippet":"max-snippet:-1","max-image-preview":"max-image-preview:large","max-video-preview":"max-video-preview:-1"},"canonical":"https:\/\/www.bellunopress.it\/fr\/2009\/11\/14\/premio-marco-polo-alla-sest-di-limana-esempio-di-internazionalizzazione-sostenibile\/","og_locale":"fr_FR","og_type":"article","og_title":"Premio Marco Polo alla Sest di Limana: esempio di internazionalizzazione sostenibile  - Bellunopress - Dolomiti","og_description":"Il premio Marco Polo assegnato alla nostra impresa associata Sest di Limana ci fa onore ed \u00e8 segno di come le aziende industriali bellunesi sappiano guardare ai mercati internazionali per programmare la ripresa\u201d- afferma Valentino Vascellari Presidente di Confindustria Belluno Dolomiti \u2013 \u201cLa Sest, che \u00e8 un esempio da seguire per vari motivi, \u00e8 la [&hellip;]","og_url":"https:\/\/www.bellunopress.it\/fr\/2009\/11\/14\/premio-marco-polo-alla-sest-di-limana-esempio-di-internazionalizzazione-sostenibile\/","og_site_name":"Bellunopress - Dolomiti","article_publisher":"https:\/\/www.facebook.com\/profile.php?id=100008943462799","article_published_time":"2009-11-14T21:39:51+00:00","og_image":[{"url":"http:\/\/www.bellunopress.it\/wp-content\/uploads\/2012\/07\/logo-bellunopress-250x250-2012.jpg","type":"","width":"","height":""}],"author":"redazione","twitter_card":"summary_large_image","twitter_creator":"@bellunopress","twitter_site":"@bellunopress","twitter_misc":{"\u00c9crit par":"redazione","Dur\u00e9e de lecture estim\u00e9e":"2 minutes"},"schema":{"@context":"https:\/\/schema.org","@graph":[{"@type":"Article","@id":"https:\/\/www.bellunopress.it\/2009\/11\/14\/premio-marco-polo-alla-sest-di-limana-esempio-di-internazionalizzazione-sostenibile\/#article","isPartOf":{"@id":"https:\/\/www.bellunopress.it\/2009\/11\/14\/premio-marco-polo-alla-sest-di-limana-esempio-di-internazionalizzazione-sostenibile\/"},"author":{"name":"redazione","@id":"https:\/\/www.bellunopress.it\/#\/schema\/person\/79bb06722b37ece1c03d3e94beb30d73"},"headline":"Premio Marco Polo alla Sest di Limana: esempio di internazionalizzazione sostenibile","datePublished":"2009-11-14T21:39:51+00:00","mainEntityOfPage":{"@id":"https:\/\/www.bellunopress.it\/2009\/11\/14\/premio-marco-polo-alla-sest-di-limana-esempio-di-internazionalizzazione-sostenibile\/"},"wordCount":342,"publisher":{"@id":"https:\/\/www.bellunopress.it\/#organization"},"keywords":["Belluno","Dolomiti"],"articleSection":["Lavoro, Economia, Turismo","Prima Pagina"],"inLanguage":"fr-FR"},{"@type":"WebPage","@id":"https:\/\/www.bellunopress.it\/2009\/11\/14\/premio-marco-polo-alla-sest-di-limana-esempio-di-internazionalizzazione-sostenibile\/","url":"https:\/\/www.bellunopress.it\/2009\/11\/14\/premio-marco-polo-alla-sest-di-limana-esempio-di-internazionalizzazione-sostenibile\/","name":"Premio Marco Polo alla Sest di Limana: esempio di internazionalizzazione sostenibile - Bellunopress - Dolomiti","isPartOf":{"@id":"https:\/\/www.bellunopress.it\/#website"},"datePublished":"2009-11-14T21:39:51+00:00","breadcrumb":{"@id":"https:\/\/www.bellunopress.it\/2009\/11\/14\/premio-marco-polo-alla-sest-di-limana-esempio-di-internazionalizzazione-sostenibile\/#breadcrumb"},"inLanguage":"fr-FR","potentialAction":[{"@type":"ReadAction","target":["https:\/\/www.bellunopress.it\/2009\/11\/14\/premio-marco-polo-alla-sest-di-limana-esempio-di-internazionalizzazione-sostenibile\/"]}]},{"@type":"BreadcrumbList","@id":"https:\/\/www.bellunopress.it\/2009\/11\/14\/premio-marco-polo-alla-sest-di-limana-esempio-di-internazionalizzazione-sostenibile\/#breadcrumb","itemListElement":[{"@type":"ListItem","position":1,"name":"Home","item":"https:\/\/www.bellunopress.it\/"},{"@type":"ListItem","position":2,"name":"Premio Marco Polo alla Sest di Limana: esempio di internazionalizzazione sostenibile"}]},{"@type":"WebSite","@id":"https:\/\/www.bellunopress.it\/#website","url":"https:\/\/www.bellunopress.it\/","name":"Bellunopress - Dolomiti","description":"e-mail: redazione@bellunopress.it","publisher":{"@id":"https:\/\/www.bellunopress.it\/#organization"},"potentialAction":[{"@type":"SearchAction","target":{"@type":"EntryPoint","urlTemplate":"https:\/\/www.bellunopress.it\/?s={search_term_string}"},"query-input":{"@type":"PropertyValueSpecification","valueRequired":true,"valueName":"search_term_string"}}],"inLanguage":"fr-FR"},{"@type":"Organization","@id":"https:\/\/www.bellunopress.it\/#organization","name":"Bellunopress","url":"https:\/\/www.bellunopress.it\/","logo":{"@type":"ImageObject","inLanguage":"fr-FR","@id":"https:\/\/www.bellunopress.it\/#\/schema\/logo\/image\/","url":"https:\/\/www.bellunopress.it\/wp-content\/uploads\/2011\/05\/cropped-logo-bellunopress-.jpg","contentUrl":"https:\/\/www.bellunopress.it\/wp-content\/uploads\/2011\/05\/cropped-logo-bellunopress-.jpg","width":512,"height":512,"caption":"Bellunopress"},"image":{"@id":"https:\/\/www.bellunopress.it\/#\/schema\/logo\/image\/"},"sameAs":["https:\/\/www.facebook.com\/profile.php?id=100008943462799","https:\/\/x.com\/bellunopress","https:\/\/www.linkedin.com\/hp\/?dnr=JBzUWaJfMUw8vbXJJ2tVW5-I3jZKvC4wsoxE&amp;amp;amp;amp;amp;amp;trk=nav_responsive_tab_home","https:\/\/www.youtube.com\/channel\/UCxL0wu1uN0_3_7hGG0306cw"]},{"@type":"Person","@id":"https:\/\/www.bellunopress.it\/#\/schema\/person\/79bb06722b37ece1c03d3e94beb30d73","name":"r\u00e9daction","image":{"@type":"ImageObject","inLanguage":"fr-FR","@id":"https:\/\/secure.gravatar.com\/avatar\/37d968a2e67a6fd04c169c4bdef102d0bc5d31b2546345219e348575eb80e9a0?s=96&d=mm&r=g","url":"https:\/\/secure.gravatar.com\/avatar\/37d968a2e67a6fd04c169c4bdef102d0bc5d31b2546345219e348575eb80e9a0?s=96&d=mm&r=g","contentUrl":"https:\/\/secure.gravatar.com\/avatar\/37d968a2e67a6fd04c169c4bdef102d0bc5d31b2546345219e348575eb80e9a0?s=96&d=mm&r=g","caption":"redazione"},"sameAs":["http:\/\/www.bellunopress.it","https:\/\/x.com\/bellunopress"],"url":"https:\/\/www.bellunopress.it\/fr\/author\/redazione\/"}]}},"_links":{"self":[{"href":"https:\/\/www.bellunopress.it\/fr\/wp-json\/wp\/v2\/posts\/9746","targetHints":{"allow":["GET"]}}],"collection":[{"href":"https:\/\/www.bellunopress.it\/fr\/wp-json\/wp\/v2\/posts"}],"about":[{"href":"https:\/\/www.bellunopress.it\/fr\/wp-json\/wp\/v2\/types\/post"}],"author":[{"embeddable":true,"href":"https:\/\/www.bellunopress.it\/fr\/wp-json\/wp\/v2\/users\/2"}],"replies":[{"embeddable":true,"href":"https:\/\/www.bellunopress.it\/fr\/wp-json\/wp\/v2\/comments?post=9746"}],"version-history":[{"count":1,"href":"https:\/\/www.bellunopress.it\/fr\/wp-json\/wp\/v2\/posts\/9746\/revisions"}],"predecessor-version":[{"id":9747,"href":"https:\/\/www.bellunopress.it\/fr\/wp-json\/wp\/v2\/posts\/9746\/revisions\/9747"}],"wp:attachment":[{"href":"https:\/\/www.bellunopress.it\/fr\/wp-json\/wp\/v2\/media?parent=9746"}],"wp:term":[{"taxonomy":"category","embeddable":true,"href":"https:\/\/www.bellunopress.it\/fr\/wp-json\/wp\/v2\/categories?post=9746"},{"taxonomy":"post_tag","embeddable":true,"href":"https:\/\/www.bellunopress.it\/fr\/wp-json\/wp\/v2\/tags?post=9746"}],"curies":[{"name":"wp","href":"https:\/\/api.w.org\/{rel}","templated":true}]}}