{"id":9744,"date":"2009-11-14T22:35:10","date_gmt":"2009-11-14T21:35:10","guid":{"rendered":"http:\/\/www.bellunopress.it\/?p=9744"},"modified":"2009-11-14T22:35:10","modified_gmt":"2009-11-14T21:35:10","slug":"gemellaggio-auronzo-lipari","status":"publish","type":"post","link":"https:\/\/www.bellunopress.it\/fr\/2009\/11\/14\/gemellaggio-auronzo-lipari\/","title":{"rendered":"Gemellaggio Auronzo &#8211; Lipari"},"content":{"rendered":"<figure id=\"attachment_7566\" aria-describedby=\"caption-attachment-7566\" style=\"width: 120px\" class=\"wp-caption alignleft\"><a href=\"http:\/\/www.bellunopress.it\/wp-content\/uploads\/2009\/08\/tatiana-pais-becher.jpg\"><img loading=\"lazy\" decoding=\"async\" class=\"size-medium wp-image-7566\" title=\"tatiana-pais-becher\" src=\"http:\/\/www.bellunopress.it\/wp-content\/uploads\/2009\/08\/tatiana-pais-becher.jpg\" alt=\"Tatiana Pais Becher assessore\" width=\"120\" height=\"120\" \/><\/a><figcaption id=\"caption-attachment-7566\" class=\"wp-caption-text\">Tatiana Pais Becher assessore<\/figcaption><\/figure>\n<p>Il Comune di Auronzo di Cadore e quello di Lipari, a seguito dell&#8217;\u0092incontro dei rispettivi sindaci durante la cerimonia del 25 agosto ad Auronzo, propongono\u00a0 un progetto di gemellaggio culturale fra i due siti naturali dichiarati \u0093Patrimonio dell\u0092&#8217;Umanit\u00e0\u0094\u00a0 che, simbolicamente,\u00a0 uniscono l\u0092Italia da nord a sud, coinvolgendo i giovani degli istituti superiori sopra citati\u00a0 in un\u00a0 viaggio &#8211; ricerca esplorativo ed educativo nella storia, nella cultura, nei luoghi del nostro paese. I dettagli del progetto verranno illustrati alla stampa nei giorni 18 e 19 dicembre ad Auronzo, alla presenza dei rispettivi Sindaci Bruno Zandegiacomo Orsolina e Mariano Bruno, dell&#8217;assessore alla Cultura Tatiana Pais Becher, dei\u00a0 presidi degli istituti Renato Fiori e Tommasa Basile.<br \/>\nIl progetto \u00e8 stato presentato nei giorni scorsi anche al ministro dell&#8217;\u0092Ambiente Stefania Prestigiacomo, auspicando un coinvolgimento diretto del ministero dell\u0092&#8217;Ambiente.<\/p>\n<p>OBIETTIVI:<\/p>\n<p>&#8220;Ora le Dolomiti e le Eolie sono affiancate nella World Heritage List: a conferma dell&#8217;inscindibilita&#8217; del nostro patrimonio nazionale, del patrimonio di storia e di bellezza che fa grande la nostra Italia&#8221;.\u00a0\u00a0\u00a0\u00a0\u00a0 Presidente\u00a0 Giorgio\u00a0 Napolitano\u00a0 &#8211; Auronzo di Cadore &#8211; 25\/8\/09 Le celebrazioni dei 150 anni dell\u0092Unit\u00e0 d\u0092Italia rappresentano un\u0092imperdibile occasione per una riflessione delle nuove generazioni sul significato contemporaneo dell\u0092essere italiani. In un periodo in cui si va affievolendo l\u0092identit\u00e0 nazionale e consolidando un processo identitario a livello locale, la scuola e le istituzioni in genere\u00a0 hanno il compito di svolgere un ruolo deciso incoraggiando le conoscenze e lo scambio fra le diverse \u0093Italie\u0094 per riscoprire radici comuni, senza per questo annullare le diversit\u00e0, in un\u0092ottica di crescita culturale e di divulgazione della nostra storia e delle nostre culture. Il progetto di gemellaggio culturale fra le Eolie e le Dolomiti, gi\u00e0 legate dalla figura del geologo francese Dolomieu &#8211;\u00a0 pioniere della moderna mineralogia e vulcanologia &#8211;\u00a0 nasce dalla volont\u00e0 di rendere le nuove generazioni consapevoli della \u0093inscindibilit\u00e0 del patrimonio ambientale italiano da Nord a Sud\u0094: queste\u00a0 le parole del Presidente della Repubblica Napolitano, in occasione della cerimonia di consegna del riconoscimento Unesco\u00a0 alle Dolomiti che, nel farsi garante della unit\u00e0 nazionale \u0093dal mare ai monti\u0094, ha sollecitato alla responsabilit\u00e0 nella \u0093salvaguardia della ricchezza comune\u0094, devono costituire uno stimolo per i giovani, futuri cittadini, e un impegno per le istituzioni alla tutela ed alla valorizzazione del proprio territorio come bene prezioso di cui essere orgogliosi.<br \/>\n\u00a0\u00a0 Il gemellaggio proposto ha l\u0092obiettivo di ampliare ed approfondire la conoscenza del\u00a0 proprio territorio, delle sue potenzialit\u00e0, delle sue risorse,\u00a0 , delle sue peculiarit\u00e0, delle sue biodiversit\u00e0 che \u0096 come sottolineato dal Ministro dell\u0092Ambiente Prestigiacomo \u0096 vanno custodite e rispettate. Gli studenti saranno coinvolti nella ricerca di una visione differente e nella riscoperta dell\u0092identit\u00e0\u00a0 e delle diversit\u00e0 che caratterizzano il nostro Paese. Rendere i giovani \u0093custodi\u0094 attenti, \u0093amministratori\u0094 oculati di questi patrimoni ma, soprattutto, \u0093protagonisti e programmatori\u0094 del loro futuro, nella consapevolezza della ricchezza culturale, archeologica, storica ma anche delle potenzialit\u00e0 che i loro territori offrono,\u00a0 diventa l\u0092obiettivo prioritario di tale percorso. Il \u0093gemellaggio\u0094 vedr\u00e0 uno scambio di \u0093ambascerie\u0094 nel quale vi sar\u00e0 una scuola ospitante ed una scuola ospitata. L\u0092intervento proposto render\u00e0 il viaggio parte integrante di un progetto formativo e di un\u0092esperienza di crescita consentendo agli studenti di avvicinarsi e conoscere non solo dei luoghi ma anche la loro storia, le loro tradizioni, la cultura, gli abitanti.<br \/>\nRenato Fiori &#8211; Preside Liceo Linguistico Cadore<br \/>\nTatiana Pais Becher &#8211; Assessore alla Cultura<\/p>","protected":false},"excerpt":{"rendered":"<p>Il Comune di Auronzo di Cadore e quello di Lipari, a seguito dell&#8217;\u0092incontro dei rispettivi sindaci durante la cerimonia del 25 agosto ad Auronzo, propongono\u00a0 un progetto di gemellaggio culturale fra i due siti naturali dichiarati \u0093Patrimonio dell\u0092&#8217;Umanit\u00e0\u0094\u00a0 che, simbolicamente,\u00a0 uniscono l\u0092Italia da nord a sud, coinvolgendo i giovani degli istituti superiori sopra citati\u00a0 in [&hellip;]<\/p>\n","protected":false},"author":2,"featured_media":0,"comment_status":"closed","ping_status":"open","sticky":false,"template":"","format":"standard","meta":{"footnotes":""},"categories":[26,15],"tags":[139,151,63],"class_list":["post-9744","post","type-post","status-publish","format-standard","category-prima-pagina","category-scuola","tag-belluno","tag-cadore","tag-dolomiti"],"yoast_head":"<!-- This site is optimized with the Yoast SEO plugin v28.4 - https:\/\/yoast.com\/product\/yoast-seo-wordpress\/ -->\n<title>Gemellaggio Auronzo - Lipari - Bellunopress - Dolomiti<\/title>\n<meta name=\"robots\" content=\"index, follow, max-snippet:-1, max-image-preview:large, max-video-preview:-1\" \/>\n<link rel=\"canonical\" href=\"https:\/\/www.bellunopress.it\/fr\/2009\/11\/14\/gemellaggio-auronzo-lipari\/\" \/>\n<meta property=\"og:locale\" content=\"fr_FR\" \/>\n<meta property=\"og:type\" content=\"article\" \/>\n<meta property=\"og:title\" content=\"Gemellaggio Auronzo - Lipari - Bellunopress - Dolomiti\" \/>\n<meta property=\"og:description\" content=\"Il Comune di Auronzo di Cadore e quello di Lipari, a seguito dell&#8217;\u0092incontro dei rispettivi sindaci durante la cerimonia del 25 agosto ad Auronzo, propongono\u00a0 un progetto di gemellaggio culturale fra i due siti naturali dichiarati \u0093Patrimonio dell\u0092&#8217;Umanit\u00e0\u0094\u00a0 che, simbolicamente,\u00a0 uniscono l\u0092Italia da nord a sud, coinvolgendo i giovani degli istituti superiori sopra citati\u00a0 in [&hellip;]\" \/>\n<meta property=\"og:url\" content=\"https:\/\/www.bellunopress.it\/fr\/2009\/11\/14\/gemellaggio-auronzo-lipari\/\" \/>\n<meta property=\"og:site_name\" content=\"Bellunopress - Dolomiti\" \/>\n<meta property=\"article:publisher\" content=\"https:\/\/www.facebook.com\/profile.php?id=100008943462799\" \/>\n<meta property=\"article:published_time\" content=\"2009-11-14T21:35:10+00:00\" \/>\n<meta property=\"og:image\" content=\"http:\/\/www.bellunopress.it\/wp-content\/uploads\/2009\/08\/tatiana-pais-becher.jpg\" \/>\n<meta name=\"author\" content=\"redazione\" \/>\n<meta name=\"twitter:card\" content=\"summary_large_image\" \/>\n<meta name=\"twitter:creator\" content=\"@bellunopress\" \/>\n<meta name=\"twitter:site\" content=\"@bellunopress\" \/>\n<meta name=\"twitter:label1\" content=\"\u00c9crit par\" \/>\n\t<meta name=\"twitter:data1\" content=\"redazione\" \/>\n\t<meta name=\"twitter:label2\" content=\"Dur\u00e9e de lecture estim\u00e9e\" \/>\n\t<meta name=\"twitter:data2\" content=\"3 minutes\" \/>\n<script type=\"application\/ld+json\" class=\"yoast-schema-graph\">{\"@context\":\"https:\\\/\\\/schema.org\",\"@graph\":[{\"@type\":\"Article\",\"@id\":\"https:\\\/\\\/www.bellunopress.it\\\/2009\\\/11\\\/14\\\/gemellaggio-auronzo-lipari\\\/#article\",\"isPartOf\":{\"@id\":\"https:\\\/\\\/www.bellunopress.it\\\/2009\\\/11\\\/14\\\/gemellaggio-auronzo-lipari\\\/\"},\"author\":{\"name\":\"redazione\",\"@id\":\"https:\\\/\\\/www.bellunopress.it\\\/#\\\/schema\\\/person\\\/79bb06722b37ece1c03d3e94beb30d73\"},\"headline\":\"Gemellaggio Auronzo &#8211; Lipari\",\"datePublished\":\"2009-11-14T21:35:10+00:00\",\"mainEntityOfPage\":{\"@id\":\"https:\\\/\\\/www.bellunopress.it\\\/2009\\\/11\\\/14\\\/gemellaggio-auronzo-lipari\\\/\"},\"wordCount\":579,\"publisher\":{\"@id\":\"https:\\\/\\\/www.bellunopress.it\\\/#organization\"},\"image\":{\"@id\":\"https:\\\/\\\/www.bellunopress.it\\\/2009\\\/11\\\/14\\\/gemellaggio-auronzo-lipari\\\/#primaryimage\"},\"thumbnailUrl\":\"http:\\\/\\\/www.bellunopress.it\\\/wp-content\\\/uploads\\\/2009\\\/08\\\/tatiana-pais-becher.jpg\",\"keywords\":[\"Belluno\",\"Cadore\",\"Dolomiti\"],\"articleSection\":[\"Prima Pagina\",\"Scuola\"],\"inLanguage\":\"fr-FR\"},{\"@type\":\"WebPage\",\"@id\":\"https:\\\/\\\/www.bellunopress.it\\\/2009\\\/11\\\/14\\\/gemellaggio-auronzo-lipari\\\/\",\"url\":\"https:\\\/\\\/www.bellunopress.it\\\/2009\\\/11\\\/14\\\/gemellaggio-auronzo-lipari\\\/\",\"name\":\"Gemellaggio Auronzo - Lipari - Bellunopress - Dolomiti\",\"isPartOf\":{\"@id\":\"https:\\\/\\\/www.bellunopress.it\\\/#website\"},\"primaryImageOfPage\":{\"@id\":\"https:\\\/\\\/www.bellunopress.it\\\/2009\\\/11\\\/14\\\/gemellaggio-auronzo-lipari\\\/#primaryimage\"},\"image\":{\"@id\":\"https:\\\/\\\/www.bellunopress.it\\\/2009\\\/11\\\/14\\\/gemellaggio-auronzo-lipari\\\/#primaryimage\"},\"thumbnailUrl\":\"http:\\\/\\\/www.bellunopress.it\\\/wp-content\\\/uploads\\\/2009\\\/08\\\/tatiana-pais-becher.jpg\",\"datePublished\":\"2009-11-14T21:35:10+00:00\",\"breadcrumb\":{\"@id\":\"https:\\\/\\\/www.bellunopress.it\\\/2009\\\/11\\\/14\\\/gemellaggio-auronzo-lipari\\\/#breadcrumb\"},\"inLanguage\":\"fr-FR\",\"potentialAction\":[{\"@type\":\"ReadAction\",\"target\":[\"https:\\\/\\\/www.bellunopress.it\\\/2009\\\/11\\\/14\\\/gemellaggio-auronzo-lipari\\\/\"]}]},{\"@type\":\"ImageObject\",\"inLanguage\":\"fr-FR\",\"@id\":\"https:\\\/\\\/www.bellunopress.it\\\/2009\\\/11\\\/14\\\/gemellaggio-auronzo-lipari\\\/#primaryimage\",\"url\":\"http:\\\/\\\/www.bellunopress.it\\\/wp-content\\\/uploads\\\/2009\\\/08\\\/tatiana-pais-becher.jpg\",\"contentUrl\":\"http:\\\/\\\/www.bellunopress.it\\\/wp-content\\\/uploads\\\/2009\\\/08\\\/tatiana-pais-becher.jpg\"},{\"@type\":\"BreadcrumbList\",\"@id\":\"https:\\\/\\\/www.bellunopress.it\\\/2009\\\/11\\\/14\\\/gemellaggio-auronzo-lipari\\\/#breadcrumb\",\"itemListElement\":[{\"@type\":\"ListItem\",\"position\":1,\"name\":\"Home\",\"item\":\"https:\\\/\\\/www.bellunopress.it\\\/\"},{\"@type\":\"ListItem\",\"position\":2,\"name\":\"Gemellaggio Auronzo &#8211; Lipari\"}]},{\"@type\":\"WebSite\",\"@id\":\"https:\\\/\\\/www.bellunopress.it\\\/#website\",\"url\":\"https:\\\/\\\/www.bellunopress.it\\\/\",\"name\":\"Bellunopress - Dolomiti\",\"description\":\"e-mail: redazione@bellunopress.it\",\"publisher\":{\"@id\":\"https:\\\/\\\/www.bellunopress.it\\\/#organization\"},\"potentialAction\":[{\"@type\":\"SearchAction\",\"target\":{\"@type\":\"EntryPoint\",\"urlTemplate\":\"https:\\\/\\\/www.bellunopress.it\\\/?s={search_term_string}\"},\"query-input\":{\"@type\":\"PropertyValueSpecification\",\"valueRequired\":true,\"valueName\":\"search_term_string\"}}],\"inLanguage\":\"fr-FR\"},{\"@type\":\"Organization\",\"@id\":\"https:\\\/\\\/www.bellunopress.it\\\/#organization\",\"name\":\"Bellunopress\",\"url\":\"https:\\\/\\\/www.bellunopress.it\\\/\",\"logo\":{\"@type\":\"ImageObject\",\"inLanguage\":\"fr-FR\",\"@id\":\"https:\\\/\\\/www.bellunopress.it\\\/#\\\/schema\\\/logo\\\/image\\\/\",\"url\":\"https:\\\/\\\/www.bellunopress.it\\\/wp-content\\\/uploads\\\/2011\\\/05\\\/cropped-logo-bellunopress-.jpg\",\"contentUrl\":\"https:\\\/\\\/www.bellunopress.it\\\/wp-content\\\/uploads\\\/2011\\\/05\\\/cropped-logo-bellunopress-.jpg\",\"width\":512,\"height\":512,\"caption\":\"Bellunopress\"},\"image\":{\"@id\":\"https:\\\/\\\/www.bellunopress.it\\\/#\\\/schema\\\/logo\\\/image\\\/\"},\"sameAs\":[\"https:\\\/\\\/www.facebook.com\\\/profile.php?id=100008943462799\",\"https:\\\/\\\/x.com\\\/bellunopress\",\"https:\\\/\\\/www.linkedin.com\\\/hp\\\/?dnr=JBzUWaJfMUw8vbXJJ2tVW5-I3jZKvC4wsoxE&amp;amp;amp;amp;amp;amp;trk=nav_responsive_tab_home\",\"https:\\\/\\\/www.youtube.com\\\/channel\\\/UCxL0wu1uN0_3_7hGG0306cw\"]},{\"@type\":\"Person\",\"@id\":\"https:\\\/\\\/www.bellunopress.it\\\/#\\\/schema\\\/person\\\/79bb06722b37ece1c03d3e94beb30d73\",\"name\":\"redazione\",\"image\":{\"@type\":\"ImageObject\",\"inLanguage\":\"fr-FR\",\"@id\":\"https:\\\/\\\/secure.gravatar.com\\\/avatar\\\/37d968a2e67a6fd04c169c4bdef102d0bc5d31b2546345219e348575eb80e9a0?s=96&d=mm&r=g\",\"url\":\"https:\\\/\\\/secure.gravatar.com\\\/avatar\\\/37d968a2e67a6fd04c169c4bdef102d0bc5d31b2546345219e348575eb80e9a0?s=96&d=mm&r=g\",\"contentUrl\":\"https:\\\/\\\/secure.gravatar.com\\\/avatar\\\/37d968a2e67a6fd04c169c4bdef102d0bc5d31b2546345219e348575eb80e9a0?s=96&d=mm&r=g\",\"caption\":\"redazione\"},\"sameAs\":[\"http:\\\/\\\/www.bellunopress.it\",\"https:\\\/\\\/x.com\\\/bellunopress\"],\"url\":\"https:\\\/\\\/www.bellunopress.it\\\/fr\\\/author\\\/redazione\\\/\"}]}<\/script>\n<!-- \/ Yoast SEO plugin. -->","yoast_head_json":{"title":"Gemellaggio Auronzo - Lipari - Bellunopress - Dolomiti","robots":{"index":"index","follow":"follow","max-snippet":"max-snippet:-1","max-image-preview":"max-image-preview:large","max-video-preview":"max-video-preview:-1"},"canonical":"https:\/\/www.bellunopress.it\/fr\/2009\/11\/14\/gemellaggio-auronzo-lipari\/","og_locale":"fr_FR","og_type":"article","og_title":"Gemellaggio Auronzo - Lipari - Bellunopress - Dolomiti","og_description":"Il Comune di Auronzo di Cadore e quello di Lipari, a seguito dell&#8217;\u0092incontro dei rispettivi sindaci durante la cerimonia del 25 agosto ad Auronzo, propongono\u00a0 un progetto di gemellaggio culturale fra i due siti naturali dichiarati \u0093Patrimonio dell\u0092&#8217;Umanit\u00e0\u0094\u00a0 che, simbolicamente,\u00a0 uniscono l\u0092Italia da nord a sud, coinvolgendo i giovani degli istituti superiori sopra citati\u00a0 in [&hellip;]","og_url":"https:\/\/www.bellunopress.it\/fr\/2009\/11\/14\/gemellaggio-auronzo-lipari\/","og_site_name":"Bellunopress - Dolomiti","article_publisher":"https:\/\/www.facebook.com\/profile.php?id=100008943462799","article_published_time":"2009-11-14T21:35:10+00:00","og_image":[{"url":"http:\/\/www.bellunopress.it\/wp-content\/uploads\/2009\/08\/tatiana-pais-becher.jpg","type":"","width":"","height":""}],"author":"redazione","twitter_card":"summary_large_image","twitter_creator":"@bellunopress","twitter_site":"@bellunopress","twitter_misc":{"\u00c9crit par":"redazione","Dur\u00e9e de lecture estim\u00e9e":"3 minutes"},"schema":{"@context":"https:\/\/schema.org","@graph":[{"@type":"Article","@id":"https:\/\/www.bellunopress.it\/2009\/11\/14\/gemellaggio-auronzo-lipari\/#article","isPartOf":{"@id":"https:\/\/www.bellunopress.it\/2009\/11\/14\/gemellaggio-auronzo-lipari\/"},"author":{"name":"redazione","@id":"https:\/\/www.bellunopress.it\/#\/schema\/person\/79bb06722b37ece1c03d3e94beb30d73"},"headline":"Gemellaggio Auronzo &#8211; Lipari","datePublished":"2009-11-14T21:35:10+00:00","mainEntityOfPage":{"@id":"https:\/\/www.bellunopress.it\/2009\/11\/14\/gemellaggio-auronzo-lipari\/"},"wordCount":579,"publisher":{"@id":"https:\/\/www.bellunopress.it\/#organization"},"image":{"@id":"https:\/\/www.bellunopress.it\/2009\/11\/14\/gemellaggio-auronzo-lipari\/#primaryimage"},"thumbnailUrl":"http:\/\/www.bellunopress.it\/wp-content\/uploads\/2009\/08\/tatiana-pais-becher.jpg","keywords":["Belluno","Cadore","Dolomiti"],"articleSection":["Prima Pagina","Scuola"],"inLanguage":"fr-FR"},{"@type":"WebPage","@id":"https:\/\/www.bellunopress.it\/2009\/11\/14\/gemellaggio-auronzo-lipari\/","url":"https:\/\/www.bellunopress.it\/2009\/11\/14\/gemellaggio-auronzo-lipari\/","name":"Gemellaggio Auronzo - Lipari - Bellunopress - Dolomiti","isPartOf":{"@id":"https:\/\/www.bellunopress.it\/#website"},"primaryImageOfPage":{"@id":"https:\/\/www.bellunopress.it\/2009\/11\/14\/gemellaggio-auronzo-lipari\/#primaryimage"},"image":{"@id":"https:\/\/www.bellunopress.it\/2009\/11\/14\/gemellaggio-auronzo-lipari\/#primaryimage"},"thumbnailUrl":"http:\/\/www.bellunopress.it\/wp-content\/uploads\/2009\/08\/tatiana-pais-becher.jpg","datePublished":"2009-11-14T21:35:10+00:00","breadcrumb":{"@id":"https:\/\/www.bellunopress.it\/2009\/11\/14\/gemellaggio-auronzo-lipari\/#breadcrumb"},"inLanguage":"fr-FR","potentialAction":[{"@type":"ReadAction","target":["https:\/\/www.bellunopress.it\/2009\/11\/14\/gemellaggio-auronzo-lipari\/"]}]},{"@type":"ImageObject","inLanguage":"fr-FR","@id":"https:\/\/www.bellunopress.it\/2009\/11\/14\/gemellaggio-auronzo-lipari\/#primaryimage","url":"http:\/\/www.bellunopress.it\/wp-content\/uploads\/2009\/08\/tatiana-pais-becher.jpg","contentUrl":"http:\/\/www.bellunopress.it\/wp-content\/uploads\/2009\/08\/tatiana-pais-becher.jpg"},{"@type":"BreadcrumbList","@id":"https:\/\/www.bellunopress.it\/2009\/11\/14\/gemellaggio-auronzo-lipari\/#breadcrumb","itemListElement":[{"@type":"ListItem","position":1,"name":"Home","item":"https:\/\/www.bellunopress.it\/"},{"@type":"ListItem","position":2,"name":"Gemellaggio Auronzo &#8211; Lipari"}]},{"@type":"WebSite","@id":"https:\/\/www.bellunopress.it\/#website","url":"https:\/\/www.bellunopress.it\/","name":"Bellunopress - Dolomiti","description":"e-mail: redazione@bellunopress.it","publisher":{"@id":"https:\/\/www.bellunopress.it\/#organization"},"potentialAction":[{"@type":"SearchAction","target":{"@type":"EntryPoint","urlTemplate":"https:\/\/www.bellunopress.it\/?s={search_term_string}"},"query-input":{"@type":"PropertyValueSpecification","valueRequired":true,"valueName":"search_term_string"}}],"inLanguage":"fr-FR"},{"@type":"Organization","@id":"https:\/\/www.bellunopress.it\/#organization","name":"Bellunopress","url":"https:\/\/www.bellunopress.it\/","logo":{"@type":"ImageObject","inLanguage":"fr-FR","@id":"https:\/\/www.bellunopress.it\/#\/schema\/logo\/image\/","url":"https:\/\/www.bellunopress.it\/wp-content\/uploads\/2011\/05\/cropped-logo-bellunopress-.jpg","contentUrl":"https:\/\/www.bellunopress.it\/wp-content\/uploads\/2011\/05\/cropped-logo-bellunopress-.jpg","width":512,"height":512,"caption":"Bellunopress"},"image":{"@id":"https:\/\/www.bellunopress.it\/#\/schema\/logo\/image\/"},"sameAs":["https:\/\/www.facebook.com\/profile.php?id=100008943462799","https:\/\/x.com\/bellunopress","https:\/\/www.linkedin.com\/hp\/?dnr=JBzUWaJfMUw8vbXJJ2tVW5-I3jZKvC4wsoxE&amp;amp;amp;amp;amp;amp;trk=nav_responsive_tab_home","https:\/\/www.youtube.com\/channel\/UCxL0wu1uN0_3_7hGG0306cw"]},{"@type":"Person","@id":"https:\/\/www.bellunopress.it\/#\/schema\/person\/79bb06722b37ece1c03d3e94beb30d73","name":"r\u00e9daction","image":{"@type":"ImageObject","inLanguage":"fr-FR","@id":"https:\/\/secure.gravatar.com\/avatar\/37d968a2e67a6fd04c169c4bdef102d0bc5d31b2546345219e348575eb80e9a0?s=96&d=mm&r=g","url":"https:\/\/secure.gravatar.com\/avatar\/37d968a2e67a6fd04c169c4bdef102d0bc5d31b2546345219e348575eb80e9a0?s=96&d=mm&r=g","contentUrl":"https:\/\/secure.gravatar.com\/avatar\/37d968a2e67a6fd04c169c4bdef102d0bc5d31b2546345219e348575eb80e9a0?s=96&d=mm&r=g","caption":"redazione"},"sameAs":["http:\/\/www.bellunopress.it","https:\/\/x.com\/bellunopress"],"url":"https:\/\/www.bellunopress.it\/fr\/author\/redazione\/"}]}},"_links":{"self":[{"href":"https:\/\/www.bellunopress.it\/fr\/wp-json\/wp\/v2\/posts\/9744","targetHints":{"allow":["GET"]}}],"collection":[{"href":"https:\/\/www.bellunopress.it\/fr\/wp-json\/wp\/v2\/posts"}],"about":[{"href":"https:\/\/www.bellunopress.it\/fr\/wp-json\/wp\/v2\/types\/post"}],"author":[{"embeddable":true,"href":"https:\/\/www.bellunopress.it\/fr\/wp-json\/wp\/v2\/users\/2"}],"replies":[{"embeddable":true,"href":"https:\/\/www.bellunopress.it\/fr\/wp-json\/wp\/v2\/comments?post=9744"}],"version-history":[{"count":1,"href":"https:\/\/www.bellunopress.it\/fr\/wp-json\/wp\/v2\/posts\/9744\/revisions"}],"predecessor-version":[{"id":9745,"href":"https:\/\/www.bellunopress.it\/fr\/wp-json\/wp\/v2\/posts\/9744\/revisions\/9745"}],"wp:attachment":[{"href":"https:\/\/www.bellunopress.it\/fr\/wp-json\/wp\/v2\/media?parent=9744"}],"wp:term":[{"taxonomy":"category","embeddable":true,"href":"https:\/\/www.bellunopress.it\/fr\/wp-json\/wp\/v2\/categories?post=9744"},{"taxonomy":"post_tag","embeddable":true,"href":"https:\/\/www.bellunopress.it\/fr\/wp-json\/wp\/v2\/tags?post=9744"}],"curies":[{"name":"wp","href":"https:\/\/api.w.org\/{rel}","templated":true}]}}