{"id":97115,"date":"2018-08-13T18:10:17","date_gmt":"2018-08-13T16:10:17","guid":{"rendered":"http:\/\/www.bellunopress.it\/?p=97115"},"modified":"2018-08-17T11:42:41","modified_gmt":"2018-08-17T09:42:41","slug":"martedi-a-palazzo-fulcis-il-concerto-del-summer-camp-musicale-della-fondazione-lucia-de-conz","status":"publish","type":"post","link":"https:\/\/www.bellunopress.it\/fr\/2018\/08\/13\/martedi-a-palazzo-fulcis-il-concerto-del-summer-camp-musicale-della-fondazione-lucia-de-conz\/","title":{"rendered":"Marted\u00ec a Palazzo Fulcis il concerto del Summer Camp Musicale della Fondazione Lucia De Conz. Altre date: sabato 18 agosto, 1 e 9 settembre"},"content":{"rendered":"<p>Il prossimo Appuntamento di Armonie si terr\u00e0 Marted\u00ec 15 agosto ore 21.00 a Belluno al Chiostro di Palazzo Fulcis con Viaggiando si suona Concerto conclusivo del Summer Camp Musicale 2018 della Fondazione Lucia De Conz in collaborazione con l\u2019associazione Arione; il concerto \u00e8 altres\u00ec la centrale della Rassegna \u201cFerragosto e dintorni\u201d del Comune di Belluno.<\/p>\n<p><a href=\"http:\/\/www.bellunopress.it\/fr\/2018\/08\/13\/martedi-a-palazzo-fulcis-il-concerto-del-summer-camp-musicale-della-fondazione-lucia-de-conz\/summer-camp-musicale-2018-della-fondazione-lucia-de-conz\/\" rel=\"attachment wp-att-97116\"><img loading=\"lazy\" decoding=\"async\" class=\"alignleft size-full wp-image-97116\" src=\"http:\/\/www.bellunopress.it\/wp-content\/uploads\/2018\/08\/Summer-Camp-Musicale-2018-della-Fondazione-Lucia-De-Conz.jpg\" alt=\"\" width=\"300\" height=\"271\" \/><\/a>Torna la tappa ferragostana di Armonie nel raffinato centro storico della citt\u00e0 per celebrare Palazzo Fulcis, il nuovo museo recentemente inaugurato in una splendida veste che ha gi\u00e0 richiamato frotte di visitatori; avremo il piacere di portare la Fondazione Lucia De Conz di San Gregorio nelle Alpi che tra le pregevoli iniziative a favore della filosofia, della musica e della cultura per i giovani, ospita il summer-camp di alto livello organizzato dall\u2019Associazione Arione, al quale partecipano musicisti provenienti da varie parti del mondo; l\u2019associazione Arione, condotta da Dan Shen e Luigi Marzola, presenter\u00e0 un saggio strumentale e vocale con la collaborazione degli studenti iscritti.<br \/>\nArmonie spera con questo concerto di replicare il successo dell\u2019anno scorso con i numerosi turisti che si sono riversati con noi nel centro della nostra citt\u00e0 per la serata di ferragosto.<\/p>\n<p>La precedente data di Armonie 2018 si \u00e8 svolta venerd\u00ec 10 agosto ai prati di Col di Roanza con Ateliersi e la collezione di poesie novecentesche al femminile Non stare ferma nel vento<br \/>\nLa serata era calda e asciutta ed ha permesso ad un folto pubblico di risalire alle pendici del Serva per sdraiarsi sul prato e scrutare il cielo, naturalmente accompagnati dalla performance di Ateliersi. La visuale non era purtroppo ottimale a causa di alcune nubi rimaste ad oscurare la volta celeste, tuttavia il Gruppo Astrofili di Belluno \u00e8 riuscito a dare alcune piacevoli istruzioni d\u2019uso della colta celeste oltre che permettere la visione da vicino per esempio di Marte o della nebulosa di Andromeda grazie ai telescopi posati per l\u2019occasione al terrazzo del rifugio.<br \/>\nFiorenza Menni, anima del collettivo pluriartistico bolognese Atleiersi ha declamato una selezione di poetesse femminili del 900 col suo piglio graffiante e deciso per coinvolgere il pubblico nell\u2019emozione delle loro posizioni pi\u00f9 radicali, delle loro immaginazioni etiche e, dove presenti, delle lotte e ribellioni praticate nelle loro vite personali come spiega la stessa Menni. Ad accompagnarla il musicista Bellunese Mauro Sommavilla che da anni collabora con Ateliersi, in questo caso alla chitarra con le sue composizioni originali e delicate.<br \/>\nLa data di Armonie di San Lorenzo e dedicata alle stelle cadenti \u00e8 nata per riscoprire un luogo molto caro ai bellunesi: il Rifugio Col di Roanza con i suoi prati ed il suo sguardo sulla citt\u00e0: apprezzatissimo dagli astrofili grandi e piccini si rivela sempre di pi\u00f9 essere il posto migliore per l\u2019osservazione astronomica a Belluno.<br \/>\n<strong>\u00a0<\/strong><\/p>\n<p><strong>Le altre date in rassegna:<\/strong><\/p>\n<p>Sabato 18 agosto ore 17.00<br \/>\nArena Troi del Mut<br \/>\nLA TRAVIATA<br \/>\nselezione dall\u2019opera<br \/>\nper canto quartetto d\u2019archi e pianoforte<br \/>\nraccontata da Dario Turrini<br \/>\na cura di Domenico Menini<\/p>\n<p>Sabato 1 settembre a partire dalle ore 15.00<br \/>\nBuss del Buson<br \/>\nPasseggiata musicale<br \/>\nal sentiero del Buss del Buson<br \/>\nQuintetto vocale Sintagma<br \/>\nCoro Femminile Vocincanto<br \/>\nHang di Alessandro Ciccuto<\/p>\n<p>domenica 9 settembre ore 14.00<br \/>\nRifugio Settimo Alpini alla Schiara<br \/>\nConcerto al Settimo Cielo<br \/>\nPer le celebrazioni per il 60\u00b0 anniversario dell\u2019ABVS di Bolzano Bellunese<br \/>\nOrchestra da Camera L. Viel<br \/>\nDirettore M\u00b0 Attilio Cadorin<br \/>\ne inoltre<br \/>\nIntervento del Prof. Cesare Lasen<br \/>\n(Comitato Scientifico della Fondazione Dolomiti UNESCO)<br \/>\nsulle Dolomiti Patrimonio Mondiale<\/p>","protected":false},"excerpt":{"rendered":"<p>Il prossimo Appuntamento di Armonie si terr\u00e0 Marted\u00ec 15 agosto ore 21.00 a Belluno al Chiostro di Palazzo Fulcis con Viaggiando si suona Concerto conclusivo del Summer Camp Musicale 2018 della Fondazione Lucia De Conz in collaborazione con l\u2019associazione Arione; il concerto \u00e8 altres\u00ec la centrale della Rassegna \u201cFerragosto e dintorni\u201d del Comune di Belluno. [&hellip;]<\/p>\n","protected":false},"author":2,"featured_media":0,"comment_status":"closed","ping_status":"open","sticky":false,"template":"","format":"standard","meta":{"footnotes":""},"categories":[27,3],"tags":[],"class_list":["post-97115","post","type-post","status-publish","format-standard","category-appuntamenti","category-arte-cultura-spettacoli-scienza-archivi"],"yoast_head":"<!-- This site is optimized with the Yoast SEO plugin v28.4 - https:\/\/yoast.com\/product\/yoast-seo-wordpress\/ -->\n<title>Marted\u00ec a Palazzo Fulcis il concerto del Summer Camp Musicale della Fondazione Lucia De Conz. Altre date: sabato 18 agosto, 1 e 9 settembre - Bellunopress - Dolomiti<\/title>\n<meta name=\"robots\" content=\"index, follow, max-snippet:-1, max-image-preview:large, max-video-preview:-1\" \/>\n<link rel=\"canonical\" href=\"https:\/\/www.bellunopress.it\/fr\/2018\/08\/13\/martedi-a-palazzo-fulcis-il-concerto-del-summer-camp-musicale-della-fondazione-lucia-de-conz\/\" \/>\n<meta property=\"og:locale\" content=\"fr_FR\" \/>\n<meta property=\"og:type\" content=\"article\" \/>\n<meta property=\"og:title\" content=\"Marted\u00ec a Palazzo Fulcis il concerto del Summer Camp Musicale della Fondazione Lucia De Conz. Altre date: sabato 18 agosto, 1 e 9 settembre - Bellunopress - Dolomiti\" \/>\n<meta property=\"og:description\" content=\"Il prossimo Appuntamento di Armonie si terr\u00e0 Marted\u00ec 15 agosto ore 21.00 a Belluno al Chiostro di Palazzo Fulcis con Viaggiando si suona Concerto conclusivo del Summer Camp Musicale 2018 della Fondazione Lucia De Conz in collaborazione con l\u2019associazione Arione; il concerto \u00e8 altres\u00ec la centrale della Rassegna \u201cFerragosto e dintorni\u201d del Comune di Belluno. [&hellip;]\" \/>\n<meta property=\"og:url\" content=\"https:\/\/www.bellunopress.it\/fr\/2018\/08\/13\/martedi-a-palazzo-fulcis-il-concerto-del-summer-camp-musicale-della-fondazione-lucia-de-conz\/\" \/>\n<meta property=\"og:site_name\" content=\"Bellunopress - Dolomiti\" \/>\n<meta property=\"article:publisher\" content=\"https:\/\/www.facebook.com\/profile.php?id=100008943462799\" \/>\n<meta property=\"article:published_time\" content=\"2018-08-13T16:10:17+00:00\" \/>\n<meta property=\"article:modified_time\" content=\"2018-08-17T09:42:41+00:00\" \/>\n<meta property=\"og:image\" content=\"http:\/\/www.bellunopress.it\/wp-content\/uploads\/2018\/08\/Summer-Camp-Musicale-2018-della-Fondazione-Lucia-De-Conz.jpg\" \/>\n<meta name=\"author\" content=\"redazione\" \/>\n<meta name=\"twitter:card\" content=\"summary_large_image\" \/>\n<meta name=\"twitter:creator\" content=\"@bellunopress\" \/>\n<meta name=\"twitter:site\" content=\"@bellunopress\" \/>\n<meta name=\"twitter:label1\" content=\"\u00c9crit par\" \/>\n\t<meta name=\"twitter:data1\" content=\"redazione\" \/>\n\t<meta name=\"twitter:label2\" content=\"Dur\u00e9e de lecture estim\u00e9e\" \/>\n\t<meta name=\"twitter:data2\" content=\"3 minutes\" \/>\n<script type=\"application\/ld+json\" class=\"yoast-schema-graph\">{\"@context\":\"https:\\\/\\\/schema.org\",\"@graph\":[{\"@type\":\"Article\",\"@id\":\"https:\\\/\\\/www.bellunopress.it\\\/2018\\\/08\\\/13\\\/martedi-a-palazzo-fulcis-il-concerto-del-summer-camp-musicale-della-fondazione-lucia-de-conz\\\/#article\",\"isPartOf\":{\"@id\":\"https:\\\/\\\/www.bellunopress.it\\\/2018\\\/08\\\/13\\\/martedi-a-palazzo-fulcis-il-concerto-del-summer-camp-musicale-della-fondazione-lucia-de-conz\\\/\"},\"author\":{\"name\":\"redazione\",\"@id\":\"https:\\\/\\\/www.bellunopress.it\\\/#\\\/schema\\\/person\\\/79bb06722b37ece1c03d3e94beb30d73\"},\"headline\":\"Marted\u00ec a Palazzo Fulcis il concerto del Summer Camp Musicale della Fondazione Lucia De Conz. Altre date: sabato 18 agosto, 1 e 9 settembre\",\"datePublished\":\"2018-08-13T16:10:17+00:00\",\"dateModified\":\"2018-08-17T09:42:41+00:00\",\"mainEntityOfPage\":{\"@id\":\"https:\\\/\\\/www.bellunopress.it\\\/2018\\\/08\\\/13\\\/martedi-a-palazzo-fulcis-il-concerto-del-summer-camp-musicale-della-fondazione-lucia-de-conz\\\/\"},\"wordCount\":580,\"publisher\":{\"@id\":\"https:\\\/\\\/www.bellunopress.it\\\/#organization\"},\"image\":{\"@id\":\"https:\\\/\\\/www.bellunopress.it\\\/2018\\\/08\\\/13\\\/martedi-a-palazzo-fulcis-il-concerto-del-summer-camp-musicale-della-fondazione-lucia-de-conz\\\/#primaryimage\"},\"thumbnailUrl\":\"http:\\\/\\\/www.bellunopress.it\\\/wp-content\\\/uploads\\\/2018\\\/08\\\/Summer-Camp-Musicale-2018-della-Fondazione-Lucia-De-Conz.jpg\",\"articleSection\":[\"Appuntamenti, Eventi\",\"Arte, Cultura, Spettacoli, Scienza\"],\"inLanguage\":\"fr-FR\"},{\"@type\":\"WebPage\",\"@id\":\"https:\\\/\\\/www.bellunopress.it\\\/2018\\\/08\\\/13\\\/martedi-a-palazzo-fulcis-il-concerto-del-summer-camp-musicale-della-fondazione-lucia-de-conz\\\/\",\"url\":\"https:\\\/\\\/www.bellunopress.it\\\/2018\\\/08\\\/13\\\/martedi-a-palazzo-fulcis-il-concerto-del-summer-camp-musicale-della-fondazione-lucia-de-conz\\\/\",\"name\":\"Marted\u00ec a Palazzo Fulcis il concerto del Summer Camp Musicale della Fondazione Lucia De Conz. Altre date: sabato 18 agosto, 1 e 9 settembre - Bellunopress - Dolomiti\",\"isPartOf\":{\"@id\":\"https:\\\/\\\/www.bellunopress.it\\\/#website\"},\"primaryImageOfPage\":{\"@id\":\"https:\\\/\\\/www.bellunopress.it\\\/2018\\\/08\\\/13\\\/martedi-a-palazzo-fulcis-il-concerto-del-summer-camp-musicale-della-fondazione-lucia-de-conz\\\/#primaryimage\"},\"image\":{\"@id\":\"https:\\\/\\\/www.bellunopress.it\\\/2018\\\/08\\\/13\\\/martedi-a-palazzo-fulcis-il-concerto-del-summer-camp-musicale-della-fondazione-lucia-de-conz\\\/#primaryimage\"},\"thumbnailUrl\":\"http:\\\/\\\/www.bellunopress.it\\\/wp-content\\\/uploads\\\/2018\\\/08\\\/Summer-Camp-Musicale-2018-della-Fondazione-Lucia-De-Conz.jpg\",\"datePublished\":\"2018-08-13T16:10:17+00:00\",\"dateModified\":\"2018-08-17T09:42:41+00:00\",\"breadcrumb\":{\"@id\":\"https:\\\/\\\/www.bellunopress.it\\\/2018\\\/08\\\/13\\\/martedi-a-palazzo-fulcis-il-concerto-del-summer-camp-musicale-della-fondazione-lucia-de-conz\\\/#breadcrumb\"},\"inLanguage\":\"fr-FR\",\"potentialAction\":[{\"@type\":\"ReadAction\",\"target\":[\"https:\\\/\\\/www.bellunopress.it\\\/2018\\\/08\\\/13\\\/martedi-a-palazzo-fulcis-il-concerto-del-summer-camp-musicale-della-fondazione-lucia-de-conz\\\/\"]}]},{\"@type\":\"ImageObject\",\"inLanguage\":\"fr-FR\",\"@id\":\"https:\\\/\\\/www.bellunopress.it\\\/2018\\\/08\\\/13\\\/martedi-a-palazzo-fulcis-il-concerto-del-summer-camp-musicale-della-fondazione-lucia-de-conz\\\/#primaryimage\",\"url\":\"http:\\\/\\\/www.bellunopress.it\\\/wp-content\\\/uploads\\\/2018\\\/08\\\/Summer-Camp-Musicale-2018-della-Fondazione-Lucia-De-Conz.jpg\",\"contentUrl\":\"http:\\\/\\\/www.bellunopress.it\\\/wp-content\\\/uploads\\\/2018\\\/08\\\/Summer-Camp-Musicale-2018-della-Fondazione-Lucia-De-Conz.jpg\"},{\"@type\":\"BreadcrumbList\",\"@id\":\"https:\\\/\\\/www.bellunopress.it\\\/2018\\\/08\\\/13\\\/martedi-a-palazzo-fulcis-il-concerto-del-summer-camp-musicale-della-fondazione-lucia-de-conz\\\/#breadcrumb\",\"itemListElement\":[{\"@type\":\"ListItem\",\"position\":1,\"name\":\"Home\",\"item\":\"https:\\\/\\\/www.bellunopress.it\\\/\"},{\"@type\":\"ListItem\",\"position\":2,\"name\":\"Marted\u00ec a Palazzo Fulcis il concerto del Summer Camp Musicale della Fondazione Lucia De Conz. Altre date: sabato 18 agosto, 1 e 9 settembre\"}]},{\"@type\":\"WebSite\",\"@id\":\"https:\\\/\\\/www.bellunopress.it\\\/#website\",\"url\":\"https:\\\/\\\/www.bellunopress.it\\\/\",\"name\":\"Bellunopress - Dolomiti\",\"description\":\"e-mail: redazione@bellunopress.it\",\"publisher\":{\"@id\":\"https:\\\/\\\/www.bellunopress.it\\\/#organization\"},\"potentialAction\":[{\"@type\":\"SearchAction\",\"target\":{\"@type\":\"EntryPoint\",\"urlTemplate\":\"https:\\\/\\\/www.bellunopress.it\\\/?s={search_term_string}\"},\"query-input\":{\"@type\":\"PropertyValueSpecification\",\"valueRequired\":true,\"valueName\":\"search_term_string\"}}],\"inLanguage\":\"fr-FR\"},{\"@type\":\"Organization\",\"@id\":\"https:\\\/\\\/www.bellunopress.it\\\/#organization\",\"name\":\"Bellunopress\",\"url\":\"https:\\\/\\\/www.bellunopress.it\\\/\",\"logo\":{\"@type\":\"ImageObject\",\"inLanguage\":\"fr-FR\",\"@id\":\"https:\\\/\\\/www.bellunopress.it\\\/#\\\/schema\\\/logo\\\/image\\\/\",\"url\":\"https:\\\/\\\/www.bellunopress.it\\\/wp-content\\\/uploads\\\/2011\\\/05\\\/cropped-logo-bellunopress-.jpg\",\"contentUrl\":\"https:\\\/\\\/www.bellunopress.it\\\/wp-content\\\/uploads\\\/2011\\\/05\\\/cropped-logo-bellunopress-.jpg\",\"width\":512,\"height\":512,\"caption\":\"Bellunopress\"},\"image\":{\"@id\":\"https:\\\/\\\/www.bellunopress.it\\\/#\\\/schema\\\/logo\\\/image\\\/\"},\"sameAs\":[\"https:\\\/\\\/www.facebook.com\\\/profile.php?id=100008943462799\",\"https:\\\/\\\/x.com\\\/bellunopress\",\"https:\\\/\\\/www.linkedin.com\\\/hp\\\/?dnr=JBzUWaJfMUw8vbXJJ2tVW5-I3jZKvC4wsoxE&amp;amp;amp;amp;amp;amp;trk=nav_responsive_tab_home\",\"https:\\\/\\\/www.youtube.com\\\/channel\\\/UCxL0wu1uN0_3_7hGG0306cw\"]},{\"@type\":\"Person\",\"@id\":\"https:\\\/\\\/www.bellunopress.it\\\/#\\\/schema\\\/person\\\/79bb06722b37ece1c03d3e94beb30d73\",\"name\":\"redazione\",\"image\":{\"@type\":\"ImageObject\",\"inLanguage\":\"fr-FR\",\"@id\":\"https:\\\/\\\/secure.gravatar.com\\\/avatar\\\/37d968a2e67a6fd04c169c4bdef102d0bc5d31b2546345219e348575eb80e9a0?s=96&d=mm&r=g\",\"url\":\"https:\\\/\\\/secure.gravatar.com\\\/avatar\\\/37d968a2e67a6fd04c169c4bdef102d0bc5d31b2546345219e348575eb80e9a0?s=96&d=mm&r=g\",\"contentUrl\":\"https:\\\/\\\/secure.gravatar.com\\\/avatar\\\/37d968a2e67a6fd04c169c4bdef102d0bc5d31b2546345219e348575eb80e9a0?s=96&d=mm&r=g\",\"caption\":\"redazione\"},\"sameAs\":[\"http:\\\/\\\/www.bellunopress.it\",\"https:\\\/\\\/x.com\\\/bellunopress\"],\"url\":\"https:\\\/\\\/www.bellunopress.it\\\/fr\\\/author\\\/redazione\\\/\"}]}<\/script>\n<!-- \/ Yoast SEO plugin. -->","yoast_head_json":{"title":"Marted\u00ec a Palazzo Fulcis il concerto del Summer Camp Musicale della Fondazione Lucia De Conz. Altre date: sabato 18 agosto, 1 e 9 settembre - Bellunopress - Dolomiti","robots":{"index":"index","follow":"follow","max-snippet":"max-snippet:-1","max-image-preview":"max-image-preview:large","max-video-preview":"max-video-preview:-1"},"canonical":"https:\/\/www.bellunopress.it\/fr\/2018\/08\/13\/martedi-a-palazzo-fulcis-il-concerto-del-summer-camp-musicale-della-fondazione-lucia-de-conz\/","og_locale":"fr_FR","og_type":"article","og_title":"Marted\u00ec a Palazzo Fulcis il concerto del Summer Camp Musicale della Fondazione Lucia De Conz. Altre date: sabato 18 agosto, 1 e 9 settembre - Bellunopress - Dolomiti","og_description":"Il prossimo Appuntamento di Armonie si terr\u00e0 Marted\u00ec 15 agosto ore 21.00 a Belluno al Chiostro di Palazzo Fulcis con Viaggiando si suona Concerto conclusivo del Summer Camp Musicale 2018 della Fondazione Lucia De Conz in collaborazione con l\u2019associazione Arione; il concerto \u00e8 altres\u00ec la centrale della Rassegna \u201cFerragosto e dintorni\u201d del Comune di Belluno. [&hellip;]","og_url":"https:\/\/www.bellunopress.it\/fr\/2018\/08\/13\/martedi-a-palazzo-fulcis-il-concerto-del-summer-camp-musicale-della-fondazione-lucia-de-conz\/","og_site_name":"Bellunopress - Dolomiti","article_publisher":"https:\/\/www.facebook.com\/profile.php?id=100008943462799","article_published_time":"2018-08-13T16:10:17+00:00","article_modified_time":"2018-08-17T09:42:41+00:00","og_image":[{"url":"http:\/\/www.bellunopress.it\/wp-content\/uploads\/2018\/08\/Summer-Camp-Musicale-2018-della-Fondazione-Lucia-De-Conz.jpg","type":"","width":"","height":""}],"author":"redazione","twitter_card":"summary_large_image","twitter_creator":"@bellunopress","twitter_site":"@bellunopress","twitter_misc":{"\u00c9crit par":"redazione","Dur\u00e9e de lecture estim\u00e9e":"3 minutes"},"schema":{"@context":"https:\/\/schema.org","@graph":[{"@type":"Article","@id":"https:\/\/www.bellunopress.it\/2018\/08\/13\/martedi-a-palazzo-fulcis-il-concerto-del-summer-camp-musicale-della-fondazione-lucia-de-conz\/#article","isPartOf":{"@id":"https:\/\/www.bellunopress.it\/2018\/08\/13\/martedi-a-palazzo-fulcis-il-concerto-del-summer-camp-musicale-della-fondazione-lucia-de-conz\/"},"author":{"name":"redazione","@id":"https:\/\/www.bellunopress.it\/#\/schema\/person\/79bb06722b37ece1c03d3e94beb30d73"},"headline":"Marted\u00ec a Palazzo Fulcis il concerto del Summer Camp Musicale della Fondazione Lucia De Conz. Altre date: sabato 18 agosto, 1 e 9 settembre","datePublished":"2018-08-13T16:10:17+00:00","dateModified":"2018-08-17T09:42:41+00:00","mainEntityOfPage":{"@id":"https:\/\/www.bellunopress.it\/2018\/08\/13\/martedi-a-palazzo-fulcis-il-concerto-del-summer-camp-musicale-della-fondazione-lucia-de-conz\/"},"wordCount":580,"publisher":{"@id":"https:\/\/www.bellunopress.it\/#organization"},"image":{"@id":"https:\/\/www.bellunopress.it\/2018\/08\/13\/martedi-a-palazzo-fulcis-il-concerto-del-summer-camp-musicale-della-fondazione-lucia-de-conz\/#primaryimage"},"thumbnailUrl":"http:\/\/www.bellunopress.it\/wp-content\/uploads\/2018\/08\/Summer-Camp-Musicale-2018-della-Fondazione-Lucia-De-Conz.jpg","articleSection":["Appuntamenti, Eventi","Arte, Cultura, Spettacoli, Scienza"],"inLanguage":"fr-FR"},{"@type":"WebPage","@id":"https:\/\/www.bellunopress.it\/2018\/08\/13\/martedi-a-palazzo-fulcis-il-concerto-del-summer-camp-musicale-della-fondazione-lucia-de-conz\/","url":"https:\/\/www.bellunopress.it\/2018\/08\/13\/martedi-a-palazzo-fulcis-il-concerto-del-summer-camp-musicale-della-fondazione-lucia-de-conz\/","name":"Marted\u00ec a Palazzo Fulcis il concerto del Summer Camp Musicale della Fondazione Lucia De Conz. Altre date: sabato 18 agosto, 1 e 9 settembre - Bellunopress - Dolomiti","isPartOf":{"@id":"https:\/\/www.bellunopress.it\/#website"},"primaryImageOfPage":{"@id":"https:\/\/www.bellunopress.it\/2018\/08\/13\/martedi-a-palazzo-fulcis-il-concerto-del-summer-camp-musicale-della-fondazione-lucia-de-conz\/#primaryimage"},"image":{"@id":"https:\/\/www.bellunopress.it\/2018\/08\/13\/martedi-a-palazzo-fulcis-il-concerto-del-summer-camp-musicale-della-fondazione-lucia-de-conz\/#primaryimage"},"thumbnailUrl":"http:\/\/www.bellunopress.it\/wp-content\/uploads\/2018\/08\/Summer-Camp-Musicale-2018-della-Fondazione-Lucia-De-Conz.jpg","datePublished":"2018-08-13T16:10:17+00:00","dateModified":"2018-08-17T09:42:41+00:00","breadcrumb":{"@id":"https:\/\/www.bellunopress.it\/2018\/08\/13\/martedi-a-palazzo-fulcis-il-concerto-del-summer-camp-musicale-della-fondazione-lucia-de-conz\/#breadcrumb"},"inLanguage":"fr-FR","potentialAction":[{"@type":"ReadAction","target":["https:\/\/www.bellunopress.it\/2018\/08\/13\/martedi-a-palazzo-fulcis-il-concerto-del-summer-camp-musicale-della-fondazione-lucia-de-conz\/"]}]},{"@type":"ImageObject","inLanguage":"fr-FR","@id":"https:\/\/www.bellunopress.it\/2018\/08\/13\/martedi-a-palazzo-fulcis-il-concerto-del-summer-camp-musicale-della-fondazione-lucia-de-conz\/#primaryimage","url":"http:\/\/www.bellunopress.it\/wp-content\/uploads\/2018\/08\/Summer-Camp-Musicale-2018-della-Fondazione-Lucia-De-Conz.jpg","contentUrl":"http:\/\/www.bellunopress.it\/wp-content\/uploads\/2018\/08\/Summer-Camp-Musicale-2018-della-Fondazione-Lucia-De-Conz.jpg"},{"@type":"BreadcrumbList","@id":"https:\/\/www.bellunopress.it\/2018\/08\/13\/martedi-a-palazzo-fulcis-il-concerto-del-summer-camp-musicale-della-fondazione-lucia-de-conz\/#breadcrumb","itemListElement":[{"@type":"ListItem","position":1,"name":"Home","item":"https:\/\/www.bellunopress.it\/"},{"@type":"ListItem","position":2,"name":"Marted\u00ec a Palazzo Fulcis il concerto del Summer Camp Musicale della Fondazione Lucia De Conz. Altre date: sabato 18 agosto, 1 e 9 settembre"}]},{"@type":"WebSite","@id":"https:\/\/www.bellunopress.it\/#website","url":"https:\/\/www.bellunopress.it\/","name":"Bellunopress - Dolomiti","description":"e-mail: redazione@bellunopress.it","publisher":{"@id":"https:\/\/www.bellunopress.it\/#organization"},"potentialAction":[{"@type":"SearchAction","target":{"@type":"EntryPoint","urlTemplate":"https:\/\/www.bellunopress.it\/?s={search_term_string}"},"query-input":{"@type":"PropertyValueSpecification","valueRequired":true,"valueName":"search_term_string"}}],"inLanguage":"fr-FR"},{"@type":"Organization","@id":"https:\/\/www.bellunopress.it\/#organization","name":"Bellunopress","url":"https:\/\/www.bellunopress.it\/","logo":{"@type":"ImageObject","inLanguage":"fr-FR","@id":"https:\/\/www.bellunopress.it\/#\/schema\/logo\/image\/","url":"https:\/\/www.bellunopress.it\/wp-content\/uploads\/2011\/05\/cropped-logo-bellunopress-.jpg","contentUrl":"https:\/\/www.bellunopress.it\/wp-content\/uploads\/2011\/05\/cropped-logo-bellunopress-.jpg","width":512,"height":512,"caption":"Bellunopress"},"image":{"@id":"https:\/\/www.bellunopress.it\/#\/schema\/logo\/image\/"},"sameAs":["https:\/\/www.facebook.com\/profile.php?id=100008943462799","https:\/\/x.com\/bellunopress","https:\/\/www.linkedin.com\/hp\/?dnr=JBzUWaJfMUw8vbXJJ2tVW5-I3jZKvC4wsoxE&amp;amp;amp;amp;amp;amp;trk=nav_responsive_tab_home","https:\/\/www.youtube.com\/channel\/UCxL0wu1uN0_3_7hGG0306cw"]},{"@type":"Person","@id":"https:\/\/www.bellunopress.it\/#\/schema\/person\/79bb06722b37ece1c03d3e94beb30d73","name":"r\u00e9daction","image":{"@type":"ImageObject","inLanguage":"fr-FR","@id":"https:\/\/secure.gravatar.com\/avatar\/37d968a2e67a6fd04c169c4bdef102d0bc5d31b2546345219e348575eb80e9a0?s=96&d=mm&r=g","url":"https:\/\/secure.gravatar.com\/avatar\/37d968a2e67a6fd04c169c4bdef102d0bc5d31b2546345219e348575eb80e9a0?s=96&d=mm&r=g","contentUrl":"https:\/\/secure.gravatar.com\/avatar\/37d968a2e67a6fd04c169c4bdef102d0bc5d31b2546345219e348575eb80e9a0?s=96&d=mm&r=g","caption":"redazione"},"sameAs":["http:\/\/www.bellunopress.it","https:\/\/x.com\/bellunopress"],"url":"https:\/\/www.bellunopress.it\/fr\/author\/redazione\/"}]}},"_links":{"self":[{"href":"https:\/\/www.bellunopress.it\/fr\/wp-json\/wp\/v2\/posts\/97115","targetHints":{"allow":["GET"]}}],"collection":[{"href":"https:\/\/www.bellunopress.it\/fr\/wp-json\/wp\/v2\/posts"}],"about":[{"href":"https:\/\/www.bellunopress.it\/fr\/wp-json\/wp\/v2\/types\/post"}],"author":[{"embeddable":true,"href":"https:\/\/www.bellunopress.it\/fr\/wp-json\/wp\/v2\/users\/2"}],"replies":[{"embeddable":true,"href":"https:\/\/www.bellunopress.it\/fr\/wp-json\/wp\/v2\/comments?post=97115"}],"version-history":[{"count":4,"href":"https:\/\/www.bellunopress.it\/fr\/wp-json\/wp\/v2\/posts\/97115\/revisions"}],"predecessor-version":[{"id":97170,"href":"https:\/\/www.bellunopress.it\/fr\/wp-json\/wp\/v2\/posts\/97115\/revisions\/97170"}],"wp:attachment":[{"href":"https:\/\/www.bellunopress.it\/fr\/wp-json\/wp\/v2\/media?parent=97115"}],"wp:term":[{"taxonomy":"category","embeddable":true,"href":"https:\/\/www.bellunopress.it\/fr\/wp-json\/wp\/v2\/categories?post=97115"},{"taxonomy":"post_tag","embeddable":true,"href":"https:\/\/www.bellunopress.it\/fr\/wp-json\/wp\/v2\/tags?post=97115"}],"curies":[{"name":"wp","href":"https:\/\/api.w.org\/{rel}","templated":true}]}}