{"id":9711,"date":"2009-11-13T13:33:11","date_gmt":"2009-11-13T12:33:11","guid":{"rendered":"http:\/\/www.bellunopress.it\/?p=9711"},"modified":"2009-11-13T13:33:11","modified_gmt":"2009-11-13T12:33:11","slug":"domenica-la-tradizionale-fiera-di-san-martino-a-belluno","status":"publish","type":"post","link":"https:\/\/www.bellunopress.it\/fr\/2009\/11\/13\/domenica-la-tradizionale-fiera-di-san-martino-a-belluno\/","title":{"rendered":"Domenica la tradizionale Fiera di San Martino a Belluno"},"content":{"rendered":"<p>Tutto \u00e8 pronto per l&#8217;annuale Fiera di S.Martino che si svolger\u00e0 domenica 15 novembre in centro storico. Belluno sar\u00e0 in festa con la tradizionale Fiera Mercato, momento di incontro e di aggregazione per tutti nel segno della tradizione. Da sempre, infatti, la festa di San Martino, l\u201911 novembre, coincide con la fine dell&#8217;annata agraria, e la Fiera (testimonianze storiche la datano fin dal Trecento, seppure con carattere pi\u00f9 specificamente di commercio di bestiame) ne rappresenta il sigillo.<br \/>\nIl centro storico sar\u00e0 animato tutto il giorno da circa duecentocinquanta operatori che proporranno prodotti agroalimentari, biologici, artigianali e tradizionali, animali vivi, fiori e piante di ogni tipo. Per i bambini ci saranno giostre e gonfiabili.<br \/>\nNon mancheranno i punti di ristoro con somministrazione di cibi e vivande, nonch\u00e9 le tradizionali castagnate.<br \/>\nPer l\u2019occasione torner\u00e0 anche il mercatino dell&#8217;antiquariato &#8220;Cose di vecchie case&#8221; nel suo unico appuntamento invernale.<br \/>\nIn Piazza le Marconi e via Garibaldi saranno proposti prodotti agricoli e biologici.<br \/>\nIn Piazza Duomo, ci sar\u00e0 una vetrina dei prodotti tipici locali e tradizionali, a cura della Comunit\u00e0 Montana Belluno Ponte nelle Alpi.<br \/>\nDavanti alle Poste, alle 11 si esibir\u00e0 il \u201cComplesso bandistico Citt\u00e0 di Belluno\u201d.<br \/>\nPer tutta la domenica il parcheggio Caffi sar\u00e0 aperto e gratuito.<\/p>\n<p>Modifiche alla viabilit\u00e0<br \/>\nPer consentire lo svolgimento della Fiera, considerando lo spazio per le esposizioni e il\u00a0 considerevole afflusso di visitatori, saranno istituite le seguenti modifiche alla viabilit\u00e0:<\/p>\n<p>Per la giornata di sabato 14 novembre 2009:<br \/>\n\u00b7\u00a0divieto di sosta con rimozione forzata dei veicoli dalle ore 14:00 nel tratto di strada adiacente l&#8217;Auditorium in Piazza Duomo, per consentire il doppio senso di circolazione dei veicoli. Tale divieto \u00e8 previsto in quanto nella parte adiacente la Basilica verr\u00e0 collocata una tensostruttura della Comunit\u00e0 Montana, che sar\u00e0 smantellata nella\u00a0 mattinata di luned\u00ec 16 novembre 2009. La circolazione riprender\u00e0 con regolare disciplina al termine dei lavori.<\/p>\n<p>Per la giornata di domenica 15 novembre 2009:<br \/>\n\u00b7\u00a0divieto di circolazione dalle ore 05.00 alle ore 21.00, e comunque fino al termine della manifestazione, per tutti i veicoli, eccetto Forze di Polizia, Polizia Locale, Soccorso, nonch\u00e9 autorizzati, bus, taxi e quelli al servizio delle persone invalide munite di apposito contrassegno, limitatamente ai casi consentiti secondo le esigenze del momento, da valutarsi da parte degli operatori di vigilanza in servizio all\u2019interno dell&#8217;area della manifestazione. Detta manifestazione si svolge all&#8217;interno del centro storico circoscritto dalle seguenti intersezioni: a nord Via Simon da Cusighe\/Via Gabelli, Semaforo delle Alpi\/Viale Fantuzzi, P.le Stazione\/ P.le Marconi; a sud Via San Lucano\/ piazza Duomo, con direzione Via S. Andrea.<br \/>\n\u00a0\u00a0\u00a0 In V.le Fantuzzi la circolazione \u00e8 consentita ai veicoli provenienti dalla rotatoria \u201cLa Cerva\u201d verso Via Volontari della Libert\u00e0 per la stazione e, compatibilmente con le esigenze di circolazione, anche nel tratto compreso tra l\u2019intersezione di V.le Volontari della Libert\u00e0 \u2013 V.le Fantuzzi fino al semaforo \u201cdelle Alpi\u201d con direzione Via Tissi. Nell\u2019altro senso di marcia \u00e8 consentito il transito dei veicoli provenienti da via Tissi verso V.le Fantuzzi, con possibilit\u00e0 di svolta a sinistra verso Via Volontari della Libert\u00e0, in deroga al divieto vigente.<br \/>\n\u00a0\u00a0\u00a0\u00a0 Per raggiungere il parcheggio \u201cCaffi\u201d i veicoli dovranno obbligatoriamente circolare da P.le Marconi con direzione Via Cavour e all&#8217;intersezione semaforica di Piazzale Battisti proseguire svoltando a destra dopo il parcheggio a parcometro, immettendosi nella laterale\u00a0 del monumento Caduti per Servizio. All&#8217;uscita del parcheggio i veicoli dovranno proseguire verso il semaforo delle Alpi con direzione obbligatoria\u00a0 su viale Fantuzzi \u2013 La Cerva o via Tissi.<br \/>\n\u00a0\u00a0\u00a0\u00a0 In Via Sottocastello la circolazione degli autorizzati dovr\u00e0 avvenire esclusivamente da e per Via Lambioi (con ingresso lato Viale dei Dendrofori).<br \/>\n\u00a0\u00a0\u00a0\u00a0\u00a0\u00a0\u00a0\u00a0\u00a0\u00a0\u00a0\u00a0\u00a0\u00a0\u00a0\u00a0\u00a0<br \/>\n\u00a7\u00a0divieto di sosta con rimozione forzata di tutti i veicoli dalle ore 05.00 fino alle ore 21.00, e comunque fino al termine della manifestazione, in Piazzale C. Battisti,\u00a0\u00a0 in Via Loreto, Via Garibaldi, P.le Marconi \u2013 lato sud, Via Matteotti, P.zza dei Martiri, P.zza Vittorio Emanuele, Via Roma, P.zza S. Stefano, Via Simon da Cusighe,\u00a0 Via Caffi &#8211; lato est, Via Psaro, Via Tasso, P.zza Piloni, Via D\u2019Inc\u00e0, P.zza Castello,\u00a0 P.zza Duomo, P.zza del Mercato, Via Mezzaterra &#8211; lato nord, per il posizionamento dei posteggi degli operatori della Fiera e del Mercatino, per le attivit\u00e0 collaterali, nonch\u00e9 per motivi di sicurezza della circolazione veicolare e pedonale.<\/p>\n<p>Navetta \u2013 Domenica 15 novembre \u2013 San Martino<\/p>\n<p>Come ogni anno sar\u00e0 organizzato un servizio gratuito di navetta con servizio continuativo dalle ore 9.30 alle 20.00 circa, per il collegamento al centro dei parcheggi di scambio.<\/p>\n<p>ogni 10 minuti<br \/>\nPiazzale Resistenza &#8211; Piazzale Vittime di Via Fani<br \/>\nCaserma Toigo &#8211; deposito DolomitiBus &#8211; parcheggio ex MOI di via Feltre<\/p>\n<p>ogni 15 minuti<br \/>\nCol di Piana \u2013 Mussoi \u2013 via Dante<\/p>\n<p>ogni 20 minuti<br \/>\nCastion nuova urbanizzazione \u2013 via Bosco Vecchio \u2013 Campo Sportivo \u2013 Castion centro<br \/>\nBolzano bellunese \u2013 Via Dante<\/p>\n<p>Oltre alla navetta, per tutto il giorno sar\u00e0 attivo anche il servizio urbano di linea festivo gratuito.<\/p>\n<p>L&#8217;invito dell&#8217;amministrazione comunale \u00e8 quello di utilizzare il servizio di navetta, o per chi abita in centro, la bicicletta, l\u2019autobus, o\u00a0approfittarne per una passeggiata.<\/p>","protected":false},"excerpt":{"rendered":"<p>Tutto \u00e8 pronto per l&#8217;annuale Fiera di S.Martino che si svolger\u00e0 domenica 15 novembre in centro storico. Belluno sar\u00e0 in festa con la tradizionale Fiera Mercato, momento di incontro e di aggregazione per tutti nel segno della tradizione. Da sempre, infatti, la festa di San Martino, l\u201911 novembre, coincide con la fine dell&#8217;annata agraria, e [&hellip;]<\/p>\n","protected":false},"author":2,"featured_media":0,"comment_status":"closed","ping_status":"open","sticky":false,"template":"","format":"standard","meta":{"footnotes":""},"categories":[27,25],"tags":[139,63,302],"class_list":["post-9711","post","type-post","status-publish","format-standard","category-appuntamenti","category-pausa-caffe","tag-belluno","tag-dolomiti","tag-feltre"],"yoast_head":"<!-- This site is optimized with the Yoast SEO plugin v28.4 - https:\/\/yoast.com\/product\/yoast-seo-wordpress\/ -->\n<title>Domenica la tradizionale Fiera di San Martino a Belluno - Bellunopress - Dolomiti<\/title>\n<meta name=\"robots\" content=\"index, follow, max-snippet:-1, max-image-preview:large, max-video-preview:-1\" \/>\n<link rel=\"canonical\" href=\"https:\/\/www.bellunopress.it\/fr\/2009\/11\/13\/domenica-la-tradizionale-fiera-di-san-martino-a-belluno\/\" \/>\n<meta property=\"og:locale\" content=\"fr_FR\" \/>\n<meta property=\"og:type\" content=\"article\" \/>\n<meta property=\"og:title\" content=\"Domenica la tradizionale Fiera di San Martino a Belluno - Bellunopress - Dolomiti\" \/>\n<meta property=\"og:description\" content=\"Tutto \u00e8 pronto per l&#8217;annuale Fiera di S.Martino che si svolger\u00e0 domenica 15 novembre in centro storico. Belluno sar\u00e0 in festa con la tradizionale Fiera Mercato, momento di incontro e di aggregazione per tutti nel segno della tradizione. Da sempre, infatti, la festa di San Martino, l\u201911 novembre, coincide con la fine dell&#8217;annata agraria, e [&hellip;]\" \/>\n<meta property=\"og:url\" content=\"https:\/\/www.bellunopress.it\/fr\/2009\/11\/13\/domenica-la-tradizionale-fiera-di-san-martino-a-belluno\/\" \/>\n<meta property=\"og:site_name\" content=\"Bellunopress - Dolomiti\" \/>\n<meta property=\"article:publisher\" content=\"https:\/\/www.facebook.com\/profile.php?id=100008943462799\" \/>\n<meta property=\"article:published_time\" content=\"2009-11-13T12:33:11+00:00\" \/>\n<meta property=\"og:image\" content=\"http:\/\/www.bellunopress.it\/wp-content\/uploads\/2012\/07\/logo-bellunopress-250x250-2012.jpg\" \/>\n<meta name=\"author\" content=\"redazione\" \/>\n<meta name=\"twitter:card\" content=\"summary_large_image\" \/>\n<meta name=\"twitter:creator\" content=\"@bellunopress\" \/>\n<meta name=\"twitter:site\" content=\"@bellunopress\" \/>\n<meta name=\"twitter:label1\" content=\"\u00c9crit par\" \/>\n\t<meta name=\"twitter:data1\" content=\"redazione\" \/>\n\t<meta name=\"twitter:label2\" content=\"Dur\u00e9e de lecture estim\u00e9e\" \/>\n\t<meta name=\"twitter:data2\" content=\"4 minutes\" \/>\n<script type=\"application\/ld+json\" class=\"yoast-schema-graph\">{\"@context\":\"https:\\\/\\\/schema.org\",\"@graph\":[{\"@type\":\"Article\",\"@id\":\"https:\\\/\\\/www.bellunopress.it\\\/2009\\\/11\\\/13\\\/domenica-la-tradizionale-fiera-di-san-martino-a-belluno\\\/#article\",\"isPartOf\":{\"@id\":\"https:\\\/\\\/www.bellunopress.it\\\/2009\\\/11\\\/13\\\/domenica-la-tradizionale-fiera-di-san-martino-a-belluno\\\/\"},\"author\":{\"name\":\"redazione\",\"@id\":\"https:\\\/\\\/www.bellunopress.it\\\/#\\\/schema\\\/person\\\/79bb06722b37ece1c03d3e94beb30d73\"},\"headline\":\"Domenica la tradizionale Fiera di San Martino a Belluno\",\"datePublished\":\"2009-11-13T12:33:11+00:00\",\"mainEntityOfPage\":{\"@id\":\"https:\\\/\\\/www.bellunopress.it\\\/2009\\\/11\\\/13\\\/domenica-la-tradizionale-fiera-di-san-martino-a-belluno\\\/\"},\"wordCount\":836,\"publisher\":{\"@id\":\"https:\\\/\\\/www.bellunopress.it\\\/#organization\"},\"keywords\":[\"Belluno\",\"Dolomiti\",\"Feltre\"],\"articleSection\":[\"Appuntamenti, Eventi\",\"Pausa Caff\u00e8\"],\"inLanguage\":\"fr-FR\"},{\"@type\":\"WebPage\",\"@id\":\"https:\\\/\\\/www.bellunopress.it\\\/2009\\\/11\\\/13\\\/domenica-la-tradizionale-fiera-di-san-martino-a-belluno\\\/\",\"url\":\"https:\\\/\\\/www.bellunopress.it\\\/2009\\\/11\\\/13\\\/domenica-la-tradizionale-fiera-di-san-martino-a-belluno\\\/\",\"name\":\"Domenica la tradizionale Fiera di San Martino a Belluno - Bellunopress - Dolomiti\",\"isPartOf\":{\"@id\":\"https:\\\/\\\/www.bellunopress.it\\\/#website\"},\"datePublished\":\"2009-11-13T12:33:11+00:00\",\"breadcrumb\":{\"@id\":\"https:\\\/\\\/www.bellunopress.it\\\/2009\\\/11\\\/13\\\/domenica-la-tradizionale-fiera-di-san-martino-a-belluno\\\/#breadcrumb\"},\"inLanguage\":\"fr-FR\",\"potentialAction\":[{\"@type\":\"ReadAction\",\"target\":[\"https:\\\/\\\/www.bellunopress.it\\\/2009\\\/11\\\/13\\\/domenica-la-tradizionale-fiera-di-san-martino-a-belluno\\\/\"]}]},{\"@type\":\"BreadcrumbList\",\"@id\":\"https:\\\/\\\/www.bellunopress.it\\\/2009\\\/11\\\/13\\\/domenica-la-tradizionale-fiera-di-san-martino-a-belluno\\\/#breadcrumb\",\"itemListElement\":[{\"@type\":\"ListItem\",\"position\":1,\"name\":\"Home\",\"item\":\"https:\\\/\\\/www.bellunopress.it\\\/\"},{\"@type\":\"ListItem\",\"position\":2,\"name\":\"Domenica la tradizionale Fiera di San Martino a Belluno\"}]},{\"@type\":\"WebSite\",\"@id\":\"https:\\\/\\\/www.bellunopress.it\\\/#website\",\"url\":\"https:\\\/\\\/www.bellunopress.it\\\/\",\"name\":\"Bellunopress - Dolomiti\",\"description\":\"e-mail: redazione@bellunopress.it\",\"publisher\":{\"@id\":\"https:\\\/\\\/www.bellunopress.it\\\/#organization\"},\"potentialAction\":[{\"@type\":\"SearchAction\",\"target\":{\"@type\":\"EntryPoint\",\"urlTemplate\":\"https:\\\/\\\/www.bellunopress.it\\\/?s={search_term_string}\"},\"query-input\":{\"@type\":\"PropertyValueSpecification\",\"valueRequired\":true,\"valueName\":\"search_term_string\"}}],\"inLanguage\":\"fr-FR\"},{\"@type\":\"Organization\",\"@id\":\"https:\\\/\\\/www.bellunopress.it\\\/#organization\",\"name\":\"Bellunopress\",\"url\":\"https:\\\/\\\/www.bellunopress.it\\\/\",\"logo\":{\"@type\":\"ImageObject\",\"inLanguage\":\"fr-FR\",\"@id\":\"https:\\\/\\\/www.bellunopress.it\\\/#\\\/schema\\\/logo\\\/image\\\/\",\"url\":\"https:\\\/\\\/www.bellunopress.it\\\/wp-content\\\/uploads\\\/2011\\\/05\\\/cropped-logo-bellunopress-.jpg\",\"contentUrl\":\"https:\\\/\\\/www.bellunopress.it\\\/wp-content\\\/uploads\\\/2011\\\/05\\\/cropped-logo-bellunopress-.jpg\",\"width\":512,\"height\":512,\"caption\":\"Bellunopress\"},\"image\":{\"@id\":\"https:\\\/\\\/www.bellunopress.it\\\/#\\\/schema\\\/logo\\\/image\\\/\"},\"sameAs\":[\"https:\\\/\\\/www.facebook.com\\\/profile.php?id=100008943462799\",\"https:\\\/\\\/x.com\\\/bellunopress\",\"https:\\\/\\\/www.linkedin.com\\\/hp\\\/?dnr=JBzUWaJfMUw8vbXJJ2tVW5-I3jZKvC4wsoxE&amp;amp;amp;amp;amp;amp;trk=nav_responsive_tab_home\",\"https:\\\/\\\/www.youtube.com\\\/channel\\\/UCxL0wu1uN0_3_7hGG0306cw\"]},{\"@type\":\"Person\",\"@id\":\"https:\\\/\\\/www.bellunopress.it\\\/#\\\/schema\\\/person\\\/79bb06722b37ece1c03d3e94beb30d73\",\"name\":\"redazione\",\"image\":{\"@type\":\"ImageObject\",\"inLanguage\":\"fr-FR\",\"@id\":\"https:\\\/\\\/secure.gravatar.com\\\/avatar\\\/37d968a2e67a6fd04c169c4bdef102d0bc5d31b2546345219e348575eb80e9a0?s=96&d=mm&r=g\",\"url\":\"https:\\\/\\\/secure.gravatar.com\\\/avatar\\\/37d968a2e67a6fd04c169c4bdef102d0bc5d31b2546345219e348575eb80e9a0?s=96&d=mm&r=g\",\"contentUrl\":\"https:\\\/\\\/secure.gravatar.com\\\/avatar\\\/37d968a2e67a6fd04c169c4bdef102d0bc5d31b2546345219e348575eb80e9a0?s=96&d=mm&r=g\",\"caption\":\"redazione\"},\"sameAs\":[\"http:\\\/\\\/www.bellunopress.it\",\"https:\\\/\\\/x.com\\\/bellunopress\"],\"url\":\"https:\\\/\\\/www.bellunopress.it\\\/fr\\\/author\\\/redazione\\\/\"}]}<\/script>\n<!-- \/ Yoast SEO plugin. -->","yoast_head_json":{"title":"Domenica la tradizionale Fiera di San Martino a Belluno - Bellunopress - Dolomiti","robots":{"index":"index","follow":"follow","max-snippet":"max-snippet:-1","max-image-preview":"max-image-preview:large","max-video-preview":"max-video-preview:-1"},"canonical":"https:\/\/www.bellunopress.it\/fr\/2009\/11\/13\/domenica-la-tradizionale-fiera-di-san-martino-a-belluno\/","og_locale":"fr_FR","og_type":"article","og_title":"Domenica la tradizionale Fiera di San Martino a Belluno - Bellunopress - Dolomiti","og_description":"Tutto \u00e8 pronto per l&#8217;annuale Fiera di S.Martino che si svolger\u00e0 domenica 15 novembre in centro storico. Belluno sar\u00e0 in festa con la tradizionale Fiera Mercato, momento di incontro e di aggregazione per tutti nel segno della tradizione. Da sempre, infatti, la festa di San Martino, l\u201911 novembre, coincide con la fine dell&#8217;annata agraria, e [&hellip;]","og_url":"https:\/\/www.bellunopress.it\/fr\/2009\/11\/13\/domenica-la-tradizionale-fiera-di-san-martino-a-belluno\/","og_site_name":"Bellunopress - Dolomiti","article_publisher":"https:\/\/www.facebook.com\/profile.php?id=100008943462799","article_published_time":"2009-11-13T12:33:11+00:00","og_image":[{"url":"http:\/\/www.bellunopress.it\/wp-content\/uploads\/2012\/07\/logo-bellunopress-250x250-2012.jpg","type":"","width":"","height":""}],"author":"redazione","twitter_card":"summary_large_image","twitter_creator":"@bellunopress","twitter_site":"@bellunopress","twitter_misc":{"\u00c9crit par":"redazione","Dur\u00e9e de lecture estim\u00e9e":"4 minutes"},"schema":{"@context":"https:\/\/schema.org","@graph":[{"@type":"Article","@id":"https:\/\/www.bellunopress.it\/2009\/11\/13\/domenica-la-tradizionale-fiera-di-san-martino-a-belluno\/#article","isPartOf":{"@id":"https:\/\/www.bellunopress.it\/2009\/11\/13\/domenica-la-tradizionale-fiera-di-san-martino-a-belluno\/"},"author":{"name":"redazione","@id":"https:\/\/www.bellunopress.it\/#\/schema\/person\/79bb06722b37ece1c03d3e94beb30d73"},"headline":"Domenica la tradizionale Fiera di San Martino a Belluno","datePublished":"2009-11-13T12:33:11+00:00","mainEntityOfPage":{"@id":"https:\/\/www.bellunopress.it\/2009\/11\/13\/domenica-la-tradizionale-fiera-di-san-martino-a-belluno\/"},"wordCount":836,"publisher":{"@id":"https:\/\/www.bellunopress.it\/#organization"},"keywords":["Belluno","Dolomiti","Feltre"],"articleSection":["Appuntamenti, Eventi","Pausa Caff\u00e8"],"inLanguage":"fr-FR"},{"@type":"WebPage","@id":"https:\/\/www.bellunopress.it\/2009\/11\/13\/domenica-la-tradizionale-fiera-di-san-martino-a-belluno\/","url":"https:\/\/www.bellunopress.it\/2009\/11\/13\/domenica-la-tradizionale-fiera-di-san-martino-a-belluno\/","name":"Domenica la tradizionale Fiera di San Martino a Belluno - Bellunopress - Dolomiti","isPartOf":{"@id":"https:\/\/www.bellunopress.it\/#website"},"datePublished":"2009-11-13T12:33:11+00:00","breadcrumb":{"@id":"https:\/\/www.bellunopress.it\/2009\/11\/13\/domenica-la-tradizionale-fiera-di-san-martino-a-belluno\/#breadcrumb"},"inLanguage":"fr-FR","potentialAction":[{"@type":"ReadAction","target":["https:\/\/www.bellunopress.it\/2009\/11\/13\/domenica-la-tradizionale-fiera-di-san-martino-a-belluno\/"]}]},{"@type":"BreadcrumbList","@id":"https:\/\/www.bellunopress.it\/2009\/11\/13\/domenica-la-tradizionale-fiera-di-san-martino-a-belluno\/#breadcrumb","itemListElement":[{"@type":"ListItem","position":1,"name":"Home","item":"https:\/\/www.bellunopress.it\/"},{"@type":"ListItem","position":2,"name":"Domenica la tradizionale Fiera di San Martino a Belluno"}]},{"@type":"WebSite","@id":"https:\/\/www.bellunopress.it\/#website","url":"https:\/\/www.bellunopress.it\/","name":"Bellunopress - Dolomiti","description":"e-mail: redazione@bellunopress.it","publisher":{"@id":"https:\/\/www.bellunopress.it\/#organization"},"potentialAction":[{"@type":"SearchAction","target":{"@type":"EntryPoint","urlTemplate":"https:\/\/www.bellunopress.it\/?s={search_term_string}"},"query-input":{"@type":"PropertyValueSpecification","valueRequired":true,"valueName":"search_term_string"}}],"inLanguage":"fr-FR"},{"@type":"Organization","@id":"https:\/\/www.bellunopress.it\/#organization","name":"Bellunopress","url":"https:\/\/www.bellunopress.it\/","logo":{"@type":"ImageObject","inLanguage":"fr-FR","@id":"https:\/\/www.bellunopress.it\/#\/schema\/logo\/image\/","url":"https:\/\/www.bellunopress.it\/wp-content\/uploads\/2011\/05\/cropped-logo-bellunopress-.jpg","contentUrl":"https:\/\/www.bellunopress.it\/wp-content\/uploads\/2011\/05\/cropped-logo-bellunopress-.jpg","width":512,"height":512,"caption":"Bellunopress"},"image":{"@id":"https:\/\/www.bellunopress.it\/#\/schema\/logo\/image\/"},"sameAs":["https:\/\/www.facebook.com\/profile.php?id=100008943462799","https:\/\/x.com\/bellunopress","https:\/\/www.linkedin.com\/hp\/?dnr=JBzUWaJfMUw8vbXJJ2tVW5-I3jZKvC4wsoxE&amp;amp;amp;amp;amp;amp;trk=nav_responsive_tab_home","https:\/\/www.youtube.com\/channel\/UCxL0wu1uN0_3_7hGG0306cw"]},{"@type":"Person","@id":"https:\/\/www.bellunopress.it\/#\/schema\/person\/79bb06722b37ece1c03d3e94beb30d73","name":"r\u00e9daction","image":{"@type":"ImageObject","inLanguage":"fr-FR","@id":"https:\/\/secure.gravatar.com\/avatar\/37d968a2e67a6fd04c169c4bdef102d0bc5d31b2546345219e348575eb80e9a0?s=96&d=mm&r=g","url":"https:\/\/secure.gravatar.com\/avatar\/37d968a2e67a6fd04c169c4bdef102d0bc5d31b2546345219e348575eb80e9a0?s=96&d=mm&r=g","contentUrl":"https:\/\/secure.gravatar.com\/avatar\/37d968a2e67a6fd04c169c4bdef102d0bc5d31b2546345219e348575eb80e9a0?s=96&d=mm&r=g","caption":"redazione"},"sameAs":["http:\/\/www.bellunopress.it","https:\/\/x.com\/bellunopress"],"url":"https:\/\/www.bellunopress.it\/fr\/author\/redazione\/"}]}},"_links":{"self":[{"href":"https:\/\/www.bellunopress.it\/fr\/wp-json\/wp\/v2\/posts\/9711","targetHints":{"allow":["GET"]}}],"collection":[{"href":"https:\/\/www.bellunopress.it\/fr\/wp-json\/wp\/v2\/posts"}],"about":[{"href":"https:\/\/www.bellunopress.it\/fr\/wp-json\/wp\/v2\/types\/post"}],"author":[{"embeddable":true,"href":"https:\/\/www.bellunopress.it\/fr\/wp-json\/wp\/v2\/users\/2"}],"replies":[{"embeddable":true,"href":"https:\/\/www.bellunopress.it\/fr\/wp-json\/wp\/v2\/comments?post=9711"}],"version-history":[{"count":1,"href":"https:\/\/www.bellunopress.it\/fr\/wp-json\/wp\/v2\/posts\/9711\/revisions"}],"predecessor-version":[{"id":9712,"href":"https:\/\/www.bellunopress.it\/fr\/wp-json\/wp\/v2\/posts\/9711\/revisions\/9712"}],"wp:attachment":[{"href":"https:\/\/www.bellunopress.it\/fr\/wp-json\/wp\/v2\/media?parent=9711"}],"wp:term":[{"taxonomy":"category","embeddable":true,"href":"https:\/\/www.bellunopress.it\/fr\/wp-json\/wp\/v2\/categories?post=9711"},{"taxonomy":"post_tag","embeddable":true,"href":"https:\/\/www.bellunopress.it\/fr\/wp-json\/wp\/v2\/tags?post=9711"}],"curies":[{"name":"wp","href":"https:\/\/api.w.org\/{rel}","templated":true}]}}