{"id":9705,"date":"2009-11-12T21:07:01","date_gmt":"2009-11-12T20:07:01","guid":{"rendered":"http:\/\/www.bellunopress.it\/?p=9705"},"modified":"2009-11-12T21:07:01","modified_gmt":"2009-11-12T20:07:01","slug":"domenica-alla-camera-di-commercio-la-cerimonia-di-premiazione-del-v-concorso-dei-formaggi-bellunesi","status":"publish","type":"post","link":"https:\/\/www.bellunopress.it\/fr\/2009\/11\/12\/domenica-alla-camera-di-commercio-la-cerimonia-di-premiazione-del-v-concorso-dei-formaggi-bellunesi\/","title":{"rendered":"Domenica alla Camera di Commercio la cerimonia di premiazione del V Concorso dei formaggi bellunesi"},"content":{"rendered":"<p><a href=\"http:\/\/www.bellunopress.it\/wp-content\/uploads\/2009\/02\/formaggi-270x180.jpg\"><img loading=\"lazy\" decoding=\"async\" class=\"alignleft size-medium wp-image-880\" title=\"formaggi-270x180\" src=\"http:\/\/www.bellunopress.it\/wp-content\/uploads\/2009\/02\/formaggi-270x180.jpg\" alt=\"\" width=\"270\" height=\"180\" \/><\/a>La Camera di Commercio di Belluno organizza, anche quest\u2019anno, in concomitanza con la festa di San Martino, patrono del Comune Capoluogo, il V Concorso provinciale dei formaggi bellunesi di latteria e di altre aziende di trasformazione. La manifestazione, promossa dall\u2019Ente camerale in stretta sinergia con la Strada dei Formaggi e dei Sapori delle Dolomiti Bellunesi, che si svolger\u00e0 alla Camera di Commercio di Belluno\u00a0 nella giornata di domenica 15 novembre 2009 alle ore 11.30 si propone di valorizzare prodotti genuini e di qualit\u00e0 che rientrano fra le tipicit\u00e0 del nostro territorio. La promozione e la\u00a0 commercializzazione dei formaggi bellunesi \u00e8 vantaggiosa non solo per il sistema produttivo locale ma costituisce anche una fonte di richiamo turistico, per l\u2019attrattivit\u00e0 delle prelibatezze locali. Al termine della cerimonia verr\u00e0 offerto un buffet a base di prodotti tipici della provincia di Belluno.<\/p>","protected":false},"excerpt":{"rendered":"<p>La Camera di Commercio di Belluno organizza, anche quest\u2019anno, in concomitanza con la festa di San Martino, patrono del Comune Capoluogo, il V Concorso provinciale dei formaggi bellunesi di latteria e di altre aziende di trasformazione. La manifestazione, promossa dall\u2019Ente camerale in stretta sinergia con la Strada dei Formaggi e dei Sapori delle Dolomiti Bellunesi, [&hellip;]<\/p>\n","protected":false},"author":2,"featured_media":0,"comment_status":"closed","ping_status":"open","sticky":false,"template":"","format":"standard","meta":{"footnotes":""},"categories":[27,25],"tags":[139,63],"class_list":["post-9705","post","type-post","status-publish","format-standard","category-appuntamenti","category-pausa-caffe","tag-belluno","tag-dolomiti"],"yoast_head":"<!-- This site is optimized with the Yoast SEO plugin v28.4 - https:\/\/yoast.com\/product\/yoast-seo-wordpress\/ -->\n<title>Domenica alla Camera di Commercio la cerimonia di premiazione del V Concorso dei formaggi bellunesi - Bellunopress - Dolomiti<\/title>\n<meta name=\"robots\" content=\"index, follow, max-snippet:-1, max-image-preview:large, max-video-preview:-1\" \/>\n<link rel=\"canonical\" href=\"https:\/\/www.bellunopress.it\/fr\/2009\/11\/12\/domenica-alla-camera-di-commercio-la-cerimonia-di-premiazione-del-v-concorso-dei-formaggi-bellunesi\/\" \/>\n<meta property=\"og:locale\" content=\"fr_FR\" \/>\n<meta property=\"og:type\" content=\"article\" \/>\n<meta property=\"og:title\" content=\"Domenica alla Camera di Commercio la cerimonia di premiazione del V Concorso dei formaggi bellunesi - Bellunopress - Dolomiti\" \/>\n<meta property=\"og:description\" content=\"La Camera di Commercio di Belluno organizza, anche quest\u2019anno, in concomitanza con la festa di San Martino, patrono del Comune Capoluogo, il V Concorso provinciale dei formaggi bellunesi di latteria e di altre aziende di trasformazione. La manifestazione, promossa dall\u2019Ente camerale in stretta sinergia con la Strada dei Formaggi e dei Sapori delle Dolomiti Bellunesi, [&hellip;]\" \/>\n<meta property=\"og:url\" content=\"https:\/\/www.bellunopress.it\/fr\/2009\/11\/12\/domenica-alla-camera-di-commercio-la-cerimonia-di-premiazione-del-v-concorso-dei-formaggi-bellunesi\/\" \/>\n<meta property=\"og:site_name\" content=\"Bellunopress - Dolomiti\" \/>\n<meta property=\"article:publisher\" content=\"https:\/\/www.facebook.com\/profile.php?id=100008943462799\" \/>\n<meta property=\"article:published_time\" content=\"2009-11-12T20:07:01+00:00\" \/>\n<meta property=\"og:image\" content=\"http:\/\/www.bellunopress.it\/wp-content\/uploads\/2009\/02\/formaggi-270x180.jpg\" \/>\n<meta name=\"author\" content=\"redazione\" \/>\n<meta name=\"twitter:card\" content=\"summary_large_image\" \/>\n<meta name=\"twitter:creator\" content=\"@bellunopress\" \/>\n<meta name=\"twitter:site\" content=\"@bellunopress\" \/>\n<meta name=\"twitter:label1\" content=\"\u00c9crit par\" \/>\n\t<meta name=\"twitter:data1\" content=\"redazione\" \/>\n\t<meta name=\"twitter:label2\" content=\"Dur\u00e9e de lecture estim\u00e9e\" \/>\n\t<meta name=\"twitter:data2\" content=\"1 minute\" \/>\n<script type=\"application\/ld+json\" class=\"yoast-schema-graph\">{\"@context\":\"https:\\\/\\\/schema.org\",\"@graph\":[{\"@type\":\"Article\",\"@id\":\"https:\\\/\\\/www.bellunopress.it\\\/2009\\\/11\\\/12\\\/domenica-alla-camera-di-commercio-la-cerimonia-di-premiazione-del-v-concorso-dei-formaggi-bellunesi\\\/#article\",\"isPartOf\":{\"@id\":\"https:\\\/\\\/www.bellunopress.it\\\/2009\\\/11\\\/12\\\/domenica-alla-camera-di-commercio-la-cerimonia-di-premiazione-del-v-concorso-dei-formaggi-bellunesi\\\/\"},\"author\":{\"name\":\"redazione\",\"@id\":\"https:\\\/\\\/www.bellunopress.it\\\/#\\\/schema\\\/person\\\/79bb06722b37ece1c03d3e94beb30d73\"},\"headline\":\"Domenica alla Camera di Commercio la cerimonia di premiazione del V Concorso dei formaggi bellunesi\",\"datePublished\":\"2009-11-12T20:07:01+00:00\",\"mainEntityOfPage\":{\"@id\":\"https:\\\/\\\/www.bellunopress.it\\\/2009\\\/11\\\/12\\\/domenica-alla-camera-di-commercio-la-cerimonia-di-premiazione-del-v-concorso-dei-formaggi-bellunesi\\\/\"},\"wordCount\":152,\"publisher\":{\"@id\":\"https:\\\/\\\/www.bellunopress.it\\\/#organization\"},\"image\":{\"@id\":\"https:\\\/\\\/www.bellunopress.it\\\/2009\\\/11\\\/12\\\/domenica-alla-camera-di-commercio-la-cerimonia-di-premiazione-del-v-concorso-dei-formaggi-bellunesi\\\/#primaryimage\"},\"thumbnailUrl\":\"http:\\\/\\\/www.bellunopress.it\\\/wp-content\\\/uploads\\\/2009\\\/02\\\/formaggi-270x180.jpg\",\"keywords\":[\"Belluno\",\"Dolomiti\"],\"articleSection\":[\"Appuntamenti, Eventi\",\"Pausa Caff\u00e8\"],\"inLanguage\":\"fr-FR\"},{\"@type\":\"WebPage\",\"@id\":\"https:\\\/\\\/www.bellunopress.it\\\/2009\\\/11\\\/12\\\/domenica-alla-camera-di-commercio-la-cerimonia-di-premiazione-del-v-concorso-dei-formaggi-bellunesi\\\/\",\"url\":\"https:\\\/\\\/www.bellunopress.it\\\/2009\\\/11\\\/12\\\/domenica-alla-camera-di-commercio-la-cerimonia-di-premiazione-del-v-concorso-dei-formaggi-bellunesi\\\/\",\"name\":\"Domenica alla Camera di Commercio la cerimonia di premiazione del V Concorso dei formaggi bellunesi - Bellunopress - Dolomiti\",\"isPartOf\":{\"@id\":\"https:\\\/\\\/www.bellunopress.it\\\/#website\"},\"primaryImageOfPage\":{\"@id\":\"https:\\\/\\\/www.bellunopress.it\\\/2009\\\/11\\\/12\\\/domenica-alla-camera-di-commercio-la-cerimonia-di-premiazione-del-v-concorso-dei-formaggi-bellunesi\\\/#primaryimage\"},\"image\":{\"@id\":\"https:\\\/\\\/www.bellunopress.it\\\/2009\\\/11\\\/12\\\/domenica-alla-camera-di-commercio-la-cerimonia-di-premiazione-del-v-concorso-dei-formaggi-bellunesi\\\/#primaryimage\"},\"thumbnailUrl\":\"http:\\\/\\\/www.bellunopress.it\\\/wp-content\\\/uploads\\\/2009\\\/02\\\/formaggi-270x180.jpg\",\"datePublished\":\"2009-11-12T20:07:01+00:00\",\"breadcrumb\":{\"@id\":\"https:\\\/\\\/www.bellunopress.it\\\/2009\\\/11\\\/12\\\/domenica-alla-camera-di-commercio-la-cerimonia-di-premiazione-del-v-concorso-dei-formaggi-bellunesi\\\/#breadcrumb\"},\"inLanguage\":\"fr-FR\",\"potentialAction\":[{\"@type\":\"ReadAction\",\"target\":[\"https:\\\/\\\/www.bellunopress.it\\\/2009\\\/11\\\/12\\\/domenica-alla-camera-di-commercio-la-cerimonia-di-premiazione-del-v-concorso-dei-formaggi-bellunesi\\\/\"]}]},{\"@type\":\"ImageObject\",\"inLanguage\":\"fr-FR\",\"@id\":\"https:\\\/\\\/www.bellunopress.it\\\/2009\\\/11\\\/12\\\/domenica-alla-camera-di-commercio-la-cerimonia-di-premiazione-del-v-concorso-dei-formaggi-bellunesi\\\/#primaryimage\",\"url\":\"http:\\\/\\\/www.bellunopress.it\\\/wp-content\\\/uploads\\\/2009\\\/02\\\/formaggi-270x180.jpg\",\"contentUrl\":\"http:\\\/\\\/www.bellunopress.it\\\/wp-content\\\/uploads\\\/2009\\\/02\\\/formaggi-270x180.jpg\"},{\"@type\":\"BreadcrumbList\",\"@id\":\"https:\\\/\\\/www.bellunopress.it\\\/2009\\\/11\\\/12\\\/domenica-alla-camera-di-commercio-la-cerimonia-di-premiazione-del-v-concorso-dei-formaggi-bellunesi\\\/#breadcrumb\",\"itemListElement\":[{\"@type\":\"ListItem\",\"position\":1,\"name\":\"Home\",\"item\":\"https:\\\/\\\/www.bellunopress.it\\\/\"},{\"@type\":\"ListItem\",\"position\":2,\"name\":\"Domenica alla Camera di Commercio la cerimonia di premiazione del V Concorso dei formaggi bellunesi\"}]},{\"@type\":\"WebSite\",\"@id\":\"https:\\\/\\\/www.bellunopress.it\\\/#website\",\"url\":\"https:\\\/\\\/www.bellunopress.it\\\/\",\"name\":\"Bellunopress - Dolomiti\",\"description\":\"e-mail: redazione@bellunopress.it\",\"publisher\":{\"@id\":\"https:\\\/\\\/www.bellunopress.it\\\/#organization\"},\"potentialAction\":[{\"@type\":\"SearchAction\",\"target\":{\"@type\":\"EntryPoint\",\"urlTemplate\":\"https:\\\/\\\/www.bellunopress.it\\\/?s={search_term_string}\"},\"query-input\":{\"@type\":\"PropertyValueSpecification\",\"valueRequired\":true,\"valueName\":\"search_term_string\"}}],\"inLanguage\":\"fr-FR\"},{\"@type\":\"Organization\",\"@id\":\"https:\\\/\\\/www.bellunopress.it\\\/#organization\",\"name\":\"Bellunopress\",\"url\":\"https:\\\/\\\/www.bellunopress.it\\\/\",\"logo\":{\"@type\":\"ImageObject\",\"inLanguage\":\"fr-FR\",\"@id\":\"https:\\\/\\\/www.bellunopress.it\\\/#\\\/schema\\\/logo\\\/image\\\/\",\"url\":\"https:\\\/\\\/www.bellunopress.it\\\/wp-content\\\/uploads\\\/2011\\\/05\\\/cropped-logo-bellunopress-.jpg\",\"contentUrl\":\"https:\\\/\\\/www.bellunopress.it\\\/wp-content\\\/uploads\\\/2011\\\/05\\\/cropped-logo-bellunopress-.jpg\",\"width\":512,\"height\":512,\"caption\":\"Bellunopress\"},\"image\":{\"@id\":\"https:\\\/\\\/www.bellunopress.it\\\/#\\\/schema\\\/logo\\\/image\\\/\"},\"sameAs\":[\"https:\\\/\\\/www.facebook.com\\\/profile.php?id=100008943462799\",\"https:\\\/\\\/x.com\\\/bellunopress\",\"https:\\\/\\\/www.linkedin.com\\\/hp\\\/?dnr=JBzUWaJfMUw8vbXJJ2tVW5-I3jZKvC4wsoxE&amp;amp;amp;amp;amp;amp;trk=nav_responsive_tab_home\",\"https:\\\/\\\/www.youtube.com\\\/channel\\\/UCxL0wu1uN0_3_7hGG0306cw\"]},{\"@type\":\"Person\",\"@id\":\"https:\\\/\\\/www.bellunopress.it\\\/#\\\/schema\\\/person\\\/79bb06722b37ece1c03d3e94beb30d73\",\"name\":\"redazione\",\"image\":{\"@type\":\"ImageObject\",\"inLanguage\":\"fr-FR\",\"@id\":\"https:\\\/\\\/secure.gravatar.com\\\/avatar\\\/37d968a2e67a6fd04c169c4bdef102d0bc5d31b2546345219e348575eb80e9a0?s=96&d=mm&r=g\",\"url\":\"https:\\\/\\\/secure.gravatar.com\\\/avatar\\\/37d968a2e67a6fd04c169c4bdef102d0bc5d31b2546345219e348575eb80e9a0?s=96&d=mm&r=g\",\"contentUrl\":\"https:\\\/\\\/secure.gravatar.com\\\/avatar\\\/37d968a2e67a6fd04c169c4bdef102d0bc5d31b2546345219e348575eb80e9a0?s=96&d=mm&r=g\",\"caption\":\"redazione\"},\"sameAs\":[\"http:\\\/\\\/www.bellunopress.it\",\"https:\\\/\\\/x.com\\\/bellunopress\"],\"url\":\"https:\\\/\\\/www.bellunopress.it\\\/fr\\\/author\\\/redazione\\\/\"}]}<\/script>\n<!-- \/ Yoast SEO plugin. -->","yoast_head_json":{"title":"Domenica alla Camera di Commercio la cerimonia di premiazione del V Concorso dei formaggi bellunesi - Bellunopress - Dolomiti","robots":{"index":"index","follow":"follow","max-snippet":"max-snippet:-1","max-image-preview":"max-image-preview:large","max-video-preview":"max-video-preview:-1"},"canonical":"https:\/\/www.bellunopress.it\/fr\/2009\/11\/12\/domenica-alla-camera-di-commercio-la-cerimonia-di-premiazione-del-v-concorso-dei-formaggi-bellunesi\/","og_locale":"fr_FR","og_type":"article","og_title":"Domenica alla Camera di Commercio la cerimonia di premiazione del V Concorso dei formaggi bellunesi - Bellunopress - Dolomiti","og_description":"La Camera di Commercio di Belluno organizza, anche quest\u2019anno, in concomitanza con la festa di San Martino, patrono del Comune Capoluogo, il V Concorso provinciale dei formaggi bellunesi di latteria e di altre aziende di trasformazione. La manifestazione, promossa dall\u2019Ente camerale in stretta sinergia con la Strada dei Formaggi e dei Sapori delle Dolomiti Bellunesi, [&hellip;]","og_url":"https:\/\/www.bellunopress.it\/fr\/2009\/11\/12\/domenica-alla-camera-di-commercio-la-cerimonia-di-premiazione-del-v-concorso-dei-formaggi-bellunesi\/","og_site_name":"Bellunopress - Dolomiti","article_publisher":"https:\/\/www.facebook.com\/profile.php?id=100008943462799","article_published_time":"2009-11-12T20:07:01+00:00","og_image":[{"url":"http:\/\/www.bellunopress.it\/wp-content\/uploads\/2009\/02\/formaggi-270x180.jpg","type":"","width":"","height":""}],"author":"redazione","twitter_card":"summary_large_image","twitter_creator":"@bellunopress","twitter_site":"@bellunopress","twitter_misc":{"\u00c9crit par":"redazione","Dur\u00e9e de lecture estim\u00e9e":"1 minute"},"schema":{"@context":"https:\/\/schema.org","@graph":[{"@type":"Article","@id":"https:\/\/www.bellunopress.it\/2009\/11\/12\/domenica-alla-camera-di-commercio-la-cerimonia-di-premiazione-del-v-concorso-dei-formaggi-bellunesi\/#article","isPartOf":{"@id":"https:\/\/www.bellunopress.it\/2009\/11\/12\/domenica-alla-camera-di-commercio-la-cerimonia-di-premiazione-del-v-concorso-dei-formaggi-bellunesi\/"},"author":{"name":"redazione","@id":"https:\/\/www.bellunopress.it\/#\/schema\/person\/79bb06722b37ece1c03d3e94beb30d73"},"headline":"Domenica alla Camera di Commercio la cerimonia di premiazione del V Concorso dei formaggi bellunesi","datePublished":"2009-11-12T20:07:01+00:00","mainEntityOfPage":{"@id":"https:\/\/www.bellunopress.it\/2009\/11\/12\/domenica-alla-camera-di-commercio-la-cerimonia-di-premiazione-del-v-concorso-dei-formaggi-bellunesi\/"},"wordCount":152,"publisher":{"@id":"https:\/\/www.bellunopress.it\/#organization"},"image":{"@id":"https:\/\/www.bellunopress.it\/2009\/11\/12\/domenica-alla-camera-di-commercio-la-cerimonia-di-premiazione-del-v-concorso-dei-formaggi-bellunesi\/#primaryimage"},"thumbnailUrl":"http:\/\/www.bellunopress.it\/wp-content\/uploads\/2009\/02\/formaggi-270x180.jpg","keywords":["Belluno","Dolomiti"],"articleSection":["Appuntamenti, Eventi","Pausa Caff\u00e8"],"inLanguage":"fr-FR"},{"@type":"WebPage","@id":"https:\/\/www.bellunopress.it\/2009\/11\/12\/domenica-alla-camera-di-commercio-la-cerimonia-di-premiazione-del-v-concorso-dei-formaggi-bellunesi\/","url":"https:\/\/www.bellunopress.it\/2009\/11\/12\/domenica-alla-camera-di-commercio-la-cerimonia-di-premiazione-del-v-concorso-dei-formaggi-bellunesi\/","name":"Domenica alla Camera di Commercio la cerimonia di premiazione del V Concorso dei formaggi bellunesi - Bellunopress - Dolomiti","isPartOf":{"@id":"https:\/\/www.bellunopress.it\/#website"},"primaryImageOfPage":{"@id":"https:\/\/www.bellunopress.it\/2009\/11\/12\/domenica-alla-camera-di-commercio-la-cerimonia-di-premiazione-del-v-concorso-dei-formaggi-bellunesi\/#primaryimage"},"image":{"@id":"https:\/\/www.bellunopress.it\/2009\/11\/12\/domenica-alla-camera-di-commercio-la-cerimonia-di-premiazione-del-v-concorso-dei-formaggi-bellunesi\/#primaryimage"},"thumbnailUrl":"http:\/\/www.bellunopress.it\/wp-content\/uploads\/2009\/02\/formaggi-270x180.jpg","datePublished":"2009-11-12T20:07:01+00:00","breadcrumb":{"@id":"https:\/\/www.bellunopress.it\/2009\/11\/12\/domenica-alla-camera-di-commercio-la-cerimonia-di-premiazione-del-v-concorso-dei-formaggi-bellunesi\/#breadcrumb"},"inLanguage":"fr-FR","potentialAction":[{"@type":"ReadAction","target":["https:\/\/www.bellunopress.it\/2009\/11\/12\/domenica-alla-camera-di-commercio-la-cerimonia-di-premiazione-del-v-concorso-dei-formaggi-bellunesi\/"]}]},{"@type":"ImageObject","inLanguage":"fr-FR","@id":"https:\/\/www.bellunopress.it\/2009\/11\/12\/domenica-alla-camera-di-commercio-la-cerimonia-di-premiazione-del-v-concorso-dei-formaggi-bellunesi\/#primaryimage","url":"http:\/\/www.bellunopress.it\/wp-content\/uploads\/2009\/02\/formaggi-270x180.jpg","contentUrl":"http:\/\/www.bellunopress.it\/wp-content\/uploads\/2009\/02\/formaggi-270x180.jpg"},{"@type":"BreadcrumbList","@id":"https:\/\/www.bellunopress.it\/2009\/11\/12\/domenica-alla-camera-di-commercio-la-cerimonia-di-premiazione-del-v-concorso-dei-formaggi-bellunesi\/#breadcrumb","itemListElement":[{"@type":"ListItem","position":1,"name":"Home","item":"https:\/\/www.bellunopress.it\/"},{"@type":"ListItem","position":2,"name":"Domenica alla Camera di Commercio la cerimonia di premiazione del V Concorso dei formaggi bellunesi"}]},{"@type":"WebSite","@id":"https:\/\/www.bellunopress.it\/#website","url":"https:\/\/www.bellunopress.it\/","name":"Bellunopress - Dolomiti","description":"e-mail: redazione@bellunopress.it","publisher":{"@id":"https:\/\/www.bellunopress.it\/#organization"},"potentialAction":[{"@type":"SearchAction","target":{"@type":"EntryPoint","urlTemplate":"https:\/\/www.bellunopress.it\/?s={search_term_string}"},"query-input":{"@type":"PropertyValueSpecification","valueRequired":true,"valueName":"search_term_string"}}],"inLanguage":"fr-FR"},{"@type":"Organization","@id":"https:\/\/www.bellunopress.it\/#organization","name":"Bellunopress","url":"https:\/\/www.bellunopress.it\/","logo":{"@type":"ImageObject","inLanguage":"fr-FR","@id":"https:\/\/www.bellunopress.it\/#\/schema\/logo\/image\/","url":"https:\/\/www.bellunopress.it\/wp-content\/uploads\/2011\/05\/cropped-logo-bellunopress-.jpg","contentUrl":"https:\/\/www.bellunopress.it\/wp-content\/uploads\/2011\/05\/cropped-logo-bellunopress-.jpg","width":512,"height":512,"caption":"Bellunopress"},"image":{"@id":"https:\/\/www.bellunopress.it\/#\/schema\/logo\/image\/"},"sameAs":["https:\/\/www.facebook.com\/profile.php?id=100008943462799","https:\/\/x.com\/bellunopress","https:\/\/www.linkedin.com\/hp\/?dnr=JBzUWaJfMUw8vbXJJ2tVW5-I3jZKvC4wsoxE&amp;amp;amp;amp;amp;amp;trk=nav_responsive_tab_home","https:\/\/www.youtube.com\/channel\/UCxL0wu1uN0_3_7hGG0306cw"]},{"@type":"Person","@id":"https:\/\/www.bellunopress.it\/#\/schema\/person\/79bb06722b37ece1c03d3e94beb30d73","name":"r\u00e9daction","image":{"@type":"ImageObject","inLanguage":"fr-FR","@id":"https:\/\/secure.gravatar.com\/avatar\/37d968a2e67a6fd04c169c4bdef102d0bc5d31b2546345219e348575eb80e9a0?s=96&d=mm&r=g","url":"https:\/\/secure.gravatar.com\/avatar\/37d968a2e67a6fd04c169c4bdef102d0bc5d31b2546345219e348575eb80e9a0?s=96&d=mm&r=g","contentUrl":"https:\/\/secure.gravatar.com\/avatar\/37d968a2e67a6fd04c169c4bdef102d0bc5d31b2546345219e348575eb80e9a0?s=96&d=mm&r=g","caption":"redazione"},"sameAs":["http:\/\/www.bellunopress.it","https:\/\/x.com\/bellunopress"],"url":"https:\/\/www.bellunopress.it\/fr\/author\/redazione\/"}]}},"_links":{"self":[{"href":"https:\/\/www.bellunopress.it\/fr\/wp-json\/wp\/v2\/posts\/9705","targetHints":{"allow":["GET"]}}],"collection":[{"href":"https:\/\/www.bellunopress.it\/fr\/wp-json\/wp\/v2\/posts"}],"about":[{"href":"https:\/\/www.bellunopress.it\/fr\/wp-json\/wp\/v2\/types\/post"}],"author":[{"embeddable":true,"href":"https:\/\/www.bellunopress.it\/fr\/wp-json\/wp\/v2\/users\/2"}],"replies":[{"embeddable":true,"href":"https:\/\/www.bellunopress.it\/fr\/wp-json\/wp\/v2\/comments?post=9705"}],"version-history":[{"count":1,"href":"https:\/\/www.bellunopress.it\/fr\/wp-json\/wp\/v2\/posts\/9705\/revisions"}],"predecessor-version":[{"id":9706,"href":"https:\/\/www.bellunopress.it\/fr\/wp-json\/wp\/v2\/posts\/9705\/revisions\/9706"}],"wp:attachment":[{"href":"https:\/\/www.bellunopress.it\/fr\/wp-json\/wp\/v2\/media?parent=9705"}],"wp:term":[{"taxonomy":"category","embeddable":true,"href":"https:\/\/www.bellunopress.it\/fr\/wp-json\/wp\/v2\/categories?post=9705"},{"taxonomy":"post_tag","embeddable":true,"href":"https:\/\/www.bellunopress.it\/fr\/wp-json\/wp\/v2\/tags?post=9705"}],"curies":[{"name":"wp","href":"https:\/\/api.w.org\/{rel}","templated":true}]}}