{"id":96661,"date":"2018-07-24T17:46:15","date_gmt":"2018-07-24T15:46:15","guid":{"rendered":"http:\/\/www.bellunopress.it\/?p=96661"},"modified":"2018-07-28T05:34:50","modified_gmt":"2018-07-28T03:34:50","slug":"a-cusighe-tutti-col-naso-allinsu-venerdi-dalle-21-30-alle-23-13","status":"publish","type":"post","link":"https:\/\/www.bellunopress.it\/fr\/2018\/07\/24\/a-cusighe-tutti-col-naso-allinsu-venerdi-dalle-21-30-alle-23-13\/","title":{"rendered":"A Cusighe, tutti col naso all\u2019ins\u00f9. Venerd\u00ec dalle 21.30 alle 23.13"},"content":{"rendered":"<p>&#8220;La grande Eclisse di Luna vista da Cusighe&#8221;, si chiama cos\u00ec la serata organizzata dal GAB (Gruppo Astrofili Belluno) e dalla NSA (New Stella Alpina di Cusighe) in occasione dell\u2019evento che si verificher\u00e0 venerd\u00ec 27 luglio: una delle pi\u00f9 lunghe eclissi di Luna del secolo.<\/p>\n<p><a href=\"http:\/\/www.bellunopress.it\/fr\/2018\/07\/24\/a-cusighe-tutti-col-naso-allinsu-venerdi-dalle-21-30-alle-23-13\/eclisse-27-luglio-2018\/\" rel=\"attachment wp-att-96662\"><img loading=\"lazy\" decoding=\"async\" class=\"alignleft size-full wp-image-96662\" src=\"http:\/\/www.bellunopress.it\/wp-content\/uploads\/2018\/07\/eclisse-27-luglio-2018.jpg\" alt=\"\" width=\"300\" height=\"300\" \/><\/a>Proprio questo venerd\u00ec sera, infatti, la configurazione degli astri Luna, Sole, Marte ci regaler\u00e0 uno spettacolo straordinario: il perfetto allineamento Sole-Terra-Luna (che determina l\u2019eclisse), ed in pi\u00f9 la vicinanza della Luna con Marte, il quale a sua volta si trover\u00e0 nel punto pi\u00f9 vicino alla Terra.<br \/>\nSia la Luna che Marte appariranno cos\u00ec di un colore rossastro, e l\u2019intero fenomeno ( cio\u00e8 dall\u2019entrata all\u2019uscita della Luna nell\u2019ombra della Terra) durer\u00e0 ben 3 ore e 55 minuti:<\/p>\n<p>l\u2019eclisse inizier\u00e0 prima del sorgere della Luna, che alle 20:45 apparir\u00e0 all\u2019orizzonte gi\u00e0 semi oscurata;<br \/>\nla fase della totalit\u00e0 durer\u00e0 dalle 21:30 alle 23:13,<br \/>\nil massimo dell\u2019eclisse sar\u00e0 alle 22:20,<br \/>\nla fine del fenomeno alle 00:19.<\/p>\n<p>Gi\u00e0 nelle notti della scorsa settimana, gli astrofili hanno potuto godere di un colpo d\u2019occhio mozzafiato: la Luna in falce tra Venere e Giove, pi\u00f9 a sinistra Saturno e appena sopra l\u2019orizzonte, a sud-est, Marte. E cos\u00ec la Luna proceder\u00e0, spostandosi sempre pi\u00f9 a sinistra, fino a raggiungere il punto in cui sar\u00e0 in congiunzione con Marte, nella serata di venerd\u00ec 27.<br \/>\nDurante la serata, a Cusighe presso il campo sportivo, saranno messi a disposizione binocoli, telescopi e un planetario virtuale per l\u2019osservazione del cielo.<\/p>\n<p><strong>Di seguito, il programma dell\u2019evento<\/strong>:<br \/>\n19:00\u00a0Apertura della frasca (pastin, formaggio, patatine, birra)<br \/>\n19:30\u00a0Sistemazione strumenti (chi possiede uno strumento e vuole portarlo sar\u00e0 il benvenuto)<br \/>\n20:45\u00a0Sorge la Luna<br \/>\n21:30\u00a0Inizia la totalit\u00e0<br \/>\n23:13\u00a0Fine della totalit\u00e0<br \/>\n00:19\u00a0Fine del fenomeno<\/p>\n<p>Per info e aggiornamenti, si pu\u00f2 cliccare al seguente link della pagina Facebook dedicata :<br \/>\n<a href=\"https:\/\/www.facebook.com\/events\/190727911599669\/\">https:\/\/www.facebook.com\/events\/190727911599669\/<\/a><br \/>\nNon ci resta che tenere d\u2019occhio la Luna, e confidare nel bel tempo e \u2026 buona visione a tutti!<\/p>\n<p>Valentina De Nart<\/p>","protected":false},"excerpt":{"rendered":"<p>&#8220;La grande Eclisse di Luna vista da Cusighe&#8221;, si chiama cos\u00ec la serata organizzata dal GAB (Gruppo Astrofili Belluno) e dalla NSA (New Stella Alpina di Cusighe) in occasione dell\u2019evento che si verificher\u00e0 venerd\u00ec 27 luglio: una delle pi\u00f9 lunghe eclissi di Luna del secolo. Proprio questo venerd\u00ec sera, infatti, la configurazione degli astri Luna, [&hellip;]<\/p>\n","protected":false},"author":2,"featured_media":0,"comment_status":"closed","ping_status":"open","sticky":false,"template":"","format":"standard","meta":{"footnotes":""},"categories":[27,4],"tags":[],"class_list":["post-96661","post","type-post","status-publish","format-standard","category-appuntamenti","category-sport"],"yoast_head":"<!-- This site is optimized with the Yoast SEO plugin v28.4 - https:\/\/yoast.com\/product\/yoast-seo-wordpress\/ -->\n<title>A Cusighe, tutti col naso all\u2019ins\u00f9. Venerd\u00ec dalle 21.30 alle 23.13 - Bellunopress - Dolomiti<\/title>\n<meta name=\"robots\" content=\"index, follow, max-snippet:-1, max-image-preview:large, max-video-preview:-1\" \/>\n<link rel=\"canonical\" href=\"https:\/\/www.bellunopress.it\/fr\/2018\/07\/24\/a-cusighe-tutti-col-naso-allinsu-venerdi-dalle-21-30-alle-23-13\/\" \/>\n<meta property=\"og:locale\" content=\"fr_FR\" \/>\n<meta property=\"og:type\" content=\"article\" \/>\n<meta property=\"og:title\" content=\"A Cusighe, tutti col naso all\u2019ins\u00f9. Venerd\u00ec dalle 21.30 alle 23.13 - Bellunopress - Dolomiti\" \/>\n<meta property=\"og:description\" content=\"&#8220;La grande Eclisse di Luna vista da Cusighe&#8221;, si chiama cos\u00ec la serata organizzata dal GAB (Gruppo Astrofili Belluno) e dalla NSA (New Stella Alpina di Cusighe) in occasione dell\u2019evento che si verificher\u00e0 venerd\u00ec 27 luglio: una delle pi\u00f9 lunghe eclissi di Luna del secolo. Proprio questo venerd\u00ec sera, infatti, la configurazione degli astri Luna, [&hellip;]\" \/>\n<meta property=\"og:url\" content=\"https:\/\/www.bellunopress.it\/fr\/2018\/07\/24\/a-cusighe-tutti-col-naso-allinsu-venerdi-dalle-21-30-alle-23-13\/\" \/>\n<meta property=\"og:site_name\" content=\"Bellunopress - Dolomiti\" \/>\n<meta property=\"article:publisher\" content=\"https:\/\/www.facebook.com\/profile.php?id=100008943462799\" \/>\n<meta property=\"article:published_time\" content=\"2018-07-24T15:46:15+00:00\" \/>\n<meta property=\"article:modified_time\" content=\"2018-07-28T03:34:50+00:00\" \/>\n<meta property=\"og:image\" content=\"http:\/\/www.bellunopress.it\/wp-content\/uploads\/2018\/07\/eclisse-27-luglio-2018.jpg\" \/>\n<meta name=\"author\" content=\"redazione\" \/>\n<meta name=\"twitter:card\" content=\"summary_large_image\" \/>\n<meta name=\"twitter:creator\" content=\"@bellunopress\" \/>\n<meta name=\"twitter:site\" content=\"@bellunopress\" \/>\n<meta name=\"twitter:label1\" content=\"\u00c9crit par\" \/>\n\t<meta name=\"twitter:data1\" content=\"redazione\" \/>\n\t<meta name=\"twitter:label2\" content=\"Dur\u00e9e de lecture estim\u00e9e\" \/>\n\t<meta name=\"twitter:data2\" content=\"2 minutes\" \/>\n<script type=\"application\/ld+json\" class=\"yoast-schema-graph\">{\"@context\":\"https:\\\/\\\/schema.org\",\"@graph\":[{\"@type\":\"Article\",\"@id\":\"https:\\\/\\\/www.bellunopress.it\\\/2018\\\/07\\\/24\\\/a-cusighe-tutti-col-naso-allinsu-venerdi-dalle-21-30-alle-23-13\\\/#article\",\"isPartOf\":{\"@id\":\"https:\\\/\\\/www.bellunopress.it\\\/2018\\\/07\\\/24\\\/a-cusighe-tutti-col-naso-allinsu-venerdi-dalle-21-30-alle-23-13\\\/\"},\"author\":{\"name\":\"redazione\",\"@id\":\"https:\\\/\\\/www.bellunopress.it\\\/#\\\/schema\\\/person\\\/79bb06722b37ece1c03d3e94beb30d73\"},\"headline\":\"A Cusighe, tutti col naso all\u2019ins\u00f9. Venerd\u00ec dalle 21.30 alle 23.13\",\"datePublished\":\"2018-07-24T15:46:15+00:00\",\"dateModified\":\"2018-07-28T03:34:50+00:00\",\"mainEntityOfPage\":{\"@id\":\"https:\\\/\\\/www.bellunopress.it\\\/2018\\\/07\\\/24\\\/a-cusighe-tutti-col-naso-allinsu-venerdi-dalle-21-30-alle-23-13\\\/\"},\"wordCount\":332,\"publisher\":{\"@id\":\"https:\\\/\\\/www.bellunopress.it\\\/#organization\"},\"image\":{\"@id\":\"https:\\\/\\\/www.bellunopress.it\\\/2018\\\/07\\\/24\\\/a-cusighe-tutti-col-naso-allinsu-venerdi-dalle-21-30-alle-23-13\\\/#primaryimage\"},\"thumbnailUrl\":\"http:\\\/\\\/www.bellunopress.it\\\/wp-content\\\/uploads\\\/2018\\\/07\\\/eclisse-27-luglio-2018.jpg\",\"articleSection\":[\"Appuntamenti, Eventi\",\"Sport, tempo libero\"],\"inLanguage\":\"fr-FR\"},{\"@type\":\"WebPage\",\"@id\":\"https:\\\/\\\/www.bellunopress.it\\\/2018\\\/07\\\/24\\\/a-cusighe-tutti-col-naso-allinsu-venerdi-dalle-21-30-alle-23-13\\\/\",\"url\":\"https:\\\/\\\/www.bellunopress.it\\\/2018\\\/07\\\/24\\\/a-cusighe-tutti-col-naso-allinsu-venerdi-dalle-21-30-alle-23-13\\\/\",\"name\":\"A Cusighe, tutti col naso all\u2019ins\u00f9. Venerd\u00ec dalle 21.30 alle 23.13 - Bellunopress - Dolomiti\",\"isPartOf\":{\"@id\":\"https:\\\/\\\/www.bellunopress.it\\\/#website\"},\"primaryImageOfPage\":{\"@id\":\"https:\\\/\\\/www.bellunopress.it\\\/2018\\\/07\\\/24\\\/a-cusighe-tutti-col-naso-allinsu-venerdi-dalle-21-30-alle-23-13\\\/#primaryimage\"},\"image\":{\"@id\":\"https:\\\/\\\/www.bellunopress.it\\\/2018\\\/07\\\/24\\\/a-cusighe-tutti-col-naso-allinsu-venerdi-dalle-21-30-alle-23-13\\\/#primaryimage\"},\"thumbnailUrl\":\"http:\\\/\\\/www.bellunopress.it\\\/wp-content\\\/uploads\\\/2018\\\/07\\\/eclisse-27-luglio-2018.jpg\",\"datePublished\":\"2018-07-24T15:46:15+00:00\",\"dateModified\":\"2018-07-28T03:34:50+00:00\",\"breadcrumb\":{\"@id\":\"https:\\\/\\\/www.bellunopress.it\\\/2018\\\/07\\\/24\\\/a-cusighe-tutti-col-naso-allinsu-venerdi-dalle-21-30-alle-23-13\\\/#breadcrumb\"},\"inLanguage\":\"fr-FR\",\"potentialAction\":[{\"@type\":\"ReadAction\",\"target\":[\"https:\\\/\\\/www.bellunopress.it\\\/2018\\\/07\\\/24\\\/a-cusighe-tutti-col-naso-allinsu-venerdi-dalle-21-30-alle-23-13\\\/\"]}]},{\"@type\":\"ImageObject\",\"inLanguage\":\"fr-FR\",\"@id\":\"https:\\\/\\\/www.bellunopress.it\\\/2018\\\/07\\\/24\\\/a-cusighe-tutti-col-naso-allinsu-venerdi-dalle-21-30-alle-23-13\\\/#primaryimage\",\"url\":\"http:\\\/\\\/www.bellunopress.it\\\/wp-content\\\/uploads\\\/2018\\\/07\\\/eclisse-27-luglio-2018.jpg\",\"contentUrl\":\"http:\\\/\\\/www.bellunopress.it\\\/wp-content\\\/uploads\\\/2018\\\/07\\\/eclisse-27-luglio-2018.jpg\"},{\"@type\":\"BreadcrumbList\",\"@id\":\"https:\\\/\\\/www.bellunopress.it\\\/2018\\\/07\\\/24\\\/a-cusighe-tutti-col-naso-allinsu-venerdi-dalle-21-30-alle-23-13\\\/#breadcrumb\",\"itemListElement\":[{\"@type\":\"ListItem\",\"position\":1,\"name\":\"Home\",\"item\":\"https:\\\/\\\/www.bellunopress.it\\\/\"},{\"@type\":\"ListItem\",\"position\":2,\"name\":\"A Cusighe, tutti col naso all\u2019ins\u00f9. Venerd\u00ec dalle 21.30 alle 23.13\"}]},{\"@type\":\"WebSite\",\"@id\":\"https:\\\/\\\/www.bellunopress.it\\\/#website\",\"url\":\"https:\\\/\\\/www.bellunopress.it\\\/\",\"name\":\"Bellunopress - Dolomiti\",\"description\":\"e-mail: redazione@bellunopress.it\",\"publisher\":{\"@id\":\"https:\\\/\\\/www.bellunopress.it\\\/#organization\"},\"potentialAction\":[{\"@type\":\"SearchAction\",\"target\":{\"@type\":\"EntryPoint\",\"urlTemplate\":\"https:\\\/\\\/www.bellunopress.it\\\/?s={search_term_string}\"},\"query-input\":{\"@type\":\"PropertyValueSpecification\",\"valueRequired\":true,\"valueName\":\"search_term_string\"}}],\"inLanguage\":\"fr-FR\"},{\"@type\":\"Organization\",\"@id\":\"https:\\\/\\\/www.bellunopress.it\\\/#organization\",\"name\":\"Bellunopress\",\"url\":\"https:\\\/\\\/www.bellunopress.it\\\/\",\"logo\":{\"@type\":\"ImageObject\",\"inLanguage\":\"fr-FR\",\"@id\":\"https:\\\/\\\/www.bellunopress.it\\\/#\\\/schema\\\/logo\\\/image\\\/\",\"url\":\"https:\\\/\\\/www.bellunopress.it\\\/wp-content\\\/uploads\\\/2011\\\/05\\\/cropped-logo-bellunopress-.jpg\",\"contentUrl\":\"https:\\\/\\\/www.bellunopress.it\\\/wp-content\\\/uploads\\\/2011\\\/05\\\/cropped-logo-bellunopress-.jpg\",\"width\":512,\"height\":512,\"caption\":\"Bellunopress\"},\"image\":{\"@id\":\"https:\\\/\\\/www.bellunopress.it\\\/#\\\/schema\\\/logo\\\/image\\\/\"},\"sameAs\":[\"https:\\\/\\\/www.facebook.com\\\/profile.php?id=100008943462799\",\"https:\\\/\\\/x.com\\\/bellunopress\",\"https:\\\/\\\/www.linkedin.com\\\/hp\\\/?dnr=JBzUWaJfMUw8vbXJJ2tVW5-I3jZKvC4wsoxE&amp;amp;amp;amp;amp;amp;trk=nav_responsive_tab_home\",\"https:\\\/\\\/www.youtube.com\\\/channel\\\/UCxL0wu1uN0_3_7hGG0306cw\"]},{\"@type\":\"Person\",\"@id\":\"https:\\\/\\\/www.bellunopress.it\\\/#\\\/schema\\\/person\\\/79bb06722b37ece1c03d3e94beb30d73\",\"name\":\"redazione\",\"image\":{\"@type\":\"ImageObject\",\"inLanguage\":\"fr-FR\",\"@id\":\"https:\\\/\\\/secure.gravatar.com\\\/avatar\\\/37d968a2e67a6fd04c169c4bdef102d0bc5d31b2546345219e348575eb80e9a0?s=96&d=mm&r=g\",\"url\":\"https:\\\/\\\/secure.gravatar.com\\\/avatar\\\/37d968a2e67a6fd04c169c4bdef102d0bc5d31b2546345219e348575eb80e9a0?s=96&d=mm&r=g\",\"contentUrl\":\"https:\\\/\\\/secure.gravatar.com\\\/avatar\\\/37d968a2e67a6fd04c169c4bdef102d0bc5d31b2546345219e348575eb80e9a0?s=96&d=mm&r=g\",\"caption\":\"redazione\"},\"sameAs\":[\"http:\\\/\\\/www.bellunopress.it\",\"https:\\\/\\\/x.com\\\/bellunopress\"],\"url\":\"https:\\\/\\\/www.bellunopress.it\\\/fr\\\/author\\\/redazione\\\/\"}]}<\/script>\n<!-- \/ Yoast SEO plugin. -->","yoast_head_json":{"title":"A Cusighe, tutti col naso all\u2019ins\u00f9. Venerd\u00ec dalle 21.30 alle 23.13 - Bellunopress - Dolomiti","robots":{"index":"index","follow":"follow","max-snippet":"max-snippet:-1","max-image-preview":"max-image-preview:large","max-video-preview":"max-video-preview:-1"},"canonical":"https:\/\/www.bellunopress.it\/fr\/2018\/07\/24\/a-cusighe-tutti-col-naso-allinsu-venerdi-dalle-21-30-alle-23-13\/","og_locale":"fr_FR","og_type":"article","og_title":"A Cusighe, tutti col naso all\u2019ins\u00f9. Venerd\u00ec dalle 21.30 alle 23.13 - Bellunopress - Dolomiti","og_description":"&#8220;La grande Eclisse di Luna vista da Cusighe&#8221;, si chiama cos\u00ec la serata organizzata dal GAB (Gruppo Astrofili Belluno) e dalla NSA (New Stella Alpina di Cusighe) in occasione dell\u2019evento che si verificher\u00e0 venerd\u00ec 27 luglio: una delle pi\u00f9 lunghe eclissi di Luna del secolo. Proprio questo venerd\u00ec sera, infatti, la configurazione degli astri Luna, [&hellip;]","og_url":"https:\/\/www.bellunopress.it\/fr\/2018\/07\/24\/a-cusighe-tutti-col-naso-allinsu-venerdi-dalle-21-30-alle-23-13\/","og_site_name":"Bellunopress - Dolomiti","article_publisher":"https:\/\/www.facebook.com\/profile.php?id=100008943462799","article_published_time":"2018-07-24T15:46:15+00:00","article_modified_time":"2018-07-28T03:34:50+00:00","og_image":[{"url":"http:\/\/www.bellunopress.it\/wp-content\/uploads\/2018\/07\/eclisse-27-luglio-2018.jpg","type":"","width":"","height":""}],"author":"redazione","twitter_card":"summary_large_image","twitter_creator":"@bellunopress","twitter_site":"@bellunopress","twitter_misc":{"\u00c9crit par":"redazione","Dur\u00e9e de lecture estim\u00e9e":"2 minutes"},"schema":{"@context":"https:\/\/schema.org","@graph":[{"@type":"Article","@id":"https:\/\/www.bellunopress.it\/2018\/07\/24\/a-cusighe-tutti-col-naso-allinsu-venerdi-dalle-21-30-alle-23-13\/#article","isPartOf":{"@id":"https:\/\/www.bellunopress.it\/2018\/07\/24\/a-cusighe-tutti-col-naso-allinsu-venerdi-dalle-21-30-alle-23-13\/"},"author":{"name":"redazione","@id":"https:\/\/www.bellunopress.it\/#\/schema\/person\/79bb06722b37ece1c03d3e94beb30d73"},"headline":"A Cusighe, tutti col naso all\u2019ins\u00f9. Venerd\u00ec dalle 21.30 alle 23.13","datePublished":"2018-07-24T15:46:15+00:00","dateModified":"2018-07-28T03:34:50+00:00","mainEntityOfPage":{"@id":"https:\/\/www.bellunopress.it\/2018\/07\/24\/a-cusighe-tutti-col-naso-allinsu-venerdi-dalle-21-30-alle-23-13\/"},"wordCount":332,"publisher":{"@id":"https:\/\/www.bellunopress.it\/#organization"},"image":{"@id":"https:\/\/www.bellunopress.it\/2018\/07\/24\/a-cusighe-tutti-col-naso-allinsu-venerdi-dalle-21-30-alle-23-13\/#primaryimage"},"thumbnailUrl":"http:\/\/www.bellunopress.it\/wp-content\/uploads\/2018\/07\/eclisse-27-luglio-2018.jpg","articleSection":["Appuntamenti, Eventi","Sport, tempo libero"],"inLanguage":"fr-FR"},{"@type":"WebPage","@id":"https:\/\/www.bellunopress.it\/2018\/07\/24\/a-cusighe-tutti-col-naso-allinsu-venerdi-dalle-21-30-alle-23-13\/","url":"https:\/\/www.bellunopress.it\/2018\/07\/24\/a-cusighe-tutti-col-naso-allinsu-venerdi-dalle-21-30-alle-23-13\/","name":"A Cusighe, tutti col naso all\u2019ins\u00f9. Venerd\u00ec dalle 21.30 alle 23.13 - Bellunopress - Dolomiti","isPartOf":{"@id":"https:\/\/www.bellunopress.it\/#website"},"primaryImageOfPage":{"@id":"https:\/\/www.bellunopress.it\/2018\/07\/24\/a-cusighe-tutti-col-naso-allinsu-venerdi-dalle-21-30-alle-23-13\/#primaryimage"},"image":{"@id":"https:\/\/www.bellunopress.it\/2018\/07\/24\/a-cusighe-tutti-col-naso-allinsu-venerdi-dalle-21-30-alle-23-13\/#primaryimage"},"thumbnailUrl":"http:\/\/www.bellunopress.it\/wp-content\/uploads\/2018\/07\/eclisse-27-luglio-2018.jpg","datePublished":"2018-07-24T15:46:15+00:00","dateModified":"2018-07-28T03:34:50+00:00","breadcrumb":{"@id":"https:\/\/www.bellunopress.it\/2018\/07\/24\/a-cusighe-tutti-col-naso-allinsu-venerdi-dalle-21-30-alle-23-13\/#breadcrumb"},"inLanguage":"fr-FR","potentialAction":[{"@type":"ReadAction","target":["https:\/\/www.bellunopress.it\/2018\/07\/24\/a-cusighe-tutti-col-naso-allinsu-venerdi-dalle-21-30-alle-23-13\/"]}]},{"@type":"ImageObject","inLanguage":"fr-FR","@id":"https:\/\/www.bellunopress.it\/2018\/07\/24\/a-cusighe-tutti-col-naso-allinsu-venerdi-dalle-21-30-alle-23-13\/#primaryimage","url":"http:\/\/www.bellunopress.it\/wp-content\/uploads\/2018\/07\/eclisse-27-luglio-2018.jpg","contentUrl":"http:\/\/www.bellunopress.it\/wp-content\/uploads\/2018\/07\/eclisse-27-luglio-2018.jpg"},{"@type":"BreadcrumbList","@id":"https:\/\/www.bellunopress.it\/2018\/07\/24\/a-cusighe-tutti-col-naso-allinsu-venerdi-dalle-21-30-alle-23-13\/#breadcrumb","itemListElement":[{"@type":"ListItem","position":1,"name":"Home","item":"https:\/\/www.bellunopress.it\/"},{"@type":"ListItem","position":2,"name":"A Cusighe, tutti col naso all\u2019ins\u00f9. Venerd\u00ec dalle 21.30 alle 23.13"}]},{"@type":"WebSite","@id":"https:\/\/www.bellunopress.it\/#website","url":"https:\/\/www.bellunopress.it\/","name":"Bellunopress - Dolomiti","description":"e-mail: redazione@bellunopress.it","publisher":{"@id":"https:\/\/www.bellunopress.it\/#organization"},"potentialAction":[{"@type":"SearchAction","target":{"@type":"EntryPoint","urlTemplate":"https:\/\/www.bellunopress.it\/?s={search_term_string}"},"query-input":{"@type":"PropertyValueSpecification","valueRequired":true,"valueName":"search_term_string"}}],"inLanguage":"fr-FR"},{"@type":"Organization","@id":"https:\/\/www.bellunopress.it\/#organization","name":"Bellunopress","url":"https:\/\/www.bellunopress.it\/","logo":{"@type":"ImageObject","inLanguage":"fr-FR","@id":"https:\/\/www.bellunopress.it\/#\/schema\/logo\/image\/","url":"https:\/\/www.bellunopress.it\/wp-content\/uploads\/2011\/05\/cropped-logo-bellunopress-.jpg","contentUrl":"https:\/\/www.bellunopress.it\/wp-content\/uploads\/2011\/05\/cropped-logo-bellunopress-.jpg","width":512,"height":512,"caption":"Bellunopress"},"image":{"@id":"https:\/\/www.bellunopress.it\/#\/schema\/logo\/image\/"},"sameAs":["https:\/\/www.facebook.com\/profile.php?id=100008943462799","https:\/\/x.com\/bellunopress","https:\/\/www.linkedin.com\/hp\/?dnr=JBzUWaJfMUw8vbXJJ2tVW5-I3jZKvC4wsoxE&amp;amp;amp;amp;amp;amp;trk=nav_responsive_tab_home","https:\/\/www.youtube.com\/channel\/UCxL0wu1uN0_3_7hGG0306cw"]},{"@type":"Person","@id":"https:\/\/www.bellunopress.it\/#\/schema\/person\/79bb06722b37ece1c03d3e94beb30d73","name":"r\u00e9daction","image":{"@type":"ImageObject","inLanguage":"fr-FR","@id":"https:\/\/secure.gravatar.com\/avatar\/37d968a2e67a6fd04c169c4bdef102d0bc5d31b2546345219e348575eb80e9a0?s=96&d=mm&r=g","url":"https:\/\/secure.gravatar.com\/avatar\/37d968a2e67a6fd04c169c4bdef102d0bc5d31b2546345219e348575eb80e9a0?s=96&d=mm&r=g","contentUrl":"https:\/\/secure.gravatar.com\/avatar\/37d968a2e67a6fd04c169c4bdef102d0bc5d31b2546345219e348575eb80e9a0?s=96&d=mm&r=g","caption":"redazione"},"sameAs":["http:\/\/www.bellunopress.it","https:\/\/x.com\/bellunopress"],"url":"https:\/\/www.bellunopress.it\/fr\/author\/redazione\/"}]}},"_links":{"self":[{"href":"https:\/\/www.bellunopress.it\/fr\/wp-json\/wp\/v2\/posts\/96661","targetHints":{"allow":["GET"]}}],"collection":[{"href":"https:\/\/www.bellunopress.it\/fr\/wp-json\/wp\/v2\/posts"}],"about":[{"href":"https:\/\/www.bellunopress.it\/fr\/wp-json\/wp\/v2\/types\/post"}],"author":[{"embeddable":true,"href":"https:\/\/www.bellunopress.it\/fr\/wp-json\/wp\/v2\/users\/2"}],"replies":[{"embeddable":true,"href":"https:\/\/www.bellunopress.it\/fr\/wp-json\/wp\/v2\/comments?post=96661"}],"version-history":[{"count":2,"href":"https:\/\/www.bellunopress.it\/fr\/wp-json\/wp\/v2\/posts\/96661\/revisions"}],"predecessor-version":[{"id":96664,"href":"https:\/\/www.bellunopress.it\/fr\/wp-json\/wp\/v2\/posts\/96661\/revisions\/96664"}],"wp:attachment":[{"href":"https:\/\/www.bellunopress.it\/fr\/wp-json\/wp\/v2\/media?parent=96661"}],"wp:term":[{"taxonomy":"category","embeddable":true,"href":"https:\/\/www.bellunopress.it\/fr\/wp-json\/wp\/v2\/categories?post=96661"},{"taxonomy":"post_tag","embeddable":true,"href":"https:\/\/www.bellunopress.it\/fr\/wp-json\/wp\/v2\/tags?post=96661"}],"curies":[{"name":"wp","href":"https:\/\/api.w.org\/{rel}","templated":true}]}}