{"id":9642,"date":"2009-11-10T20:39:29","date_gmt":"2009-11-10T19:39:29","guid":{"rendered":"http:\/\/www.bellunopress.it\/?p=9642"},"modified":"2009-11-10T20:39:29","modified_gmt":"2009-11-10T19:39:29","slug":"diabete-la-prevenzione-vien-mangiando-venerdi-le-farmacie-bellunesi-promuovono-un-incontro-sul-tema-a-lentiai","status":"publish","type":"post","link":"https:\/\/www.bellunopress.it\/fr\/2009\/11\/10\/diabete-la-prevenzione-vien-mangiando-venerdi-le-farmacie-bellunesi-promuovono-un-incontro-sul-tema-a-lentiai\/","title":{"rendered":"Diabete, la prevenzione vien mangiando. Venerd\u00ec le farmacie bellunesi promuovono un incontro sul tema a Lentiai"},"content":{"rendered":"<p>Venerd\u00ec 13 novembre alle 20.30 al Centro sociale G.Tres di Lentiai si terr\u00e0\u00a0 l&#8217;incontro pubblico dal titolo &#8220;L&#8217;alimentazione del paziente diabetico&#8221; organizzato nell&#8217;ambito della rassegna &#8216;La prevenzione vien mangiando&#8217;, promosso da Federfarma e dall&#8217;Amministrazione comunale. Relatrice della serata la dottoressa Anna Rita Proietti, medico specialista in Scienze dell&#8217;alimentazione e nutrizione clinica. L&#8217;incontro \u00e8 aperto al pubblico e verr\u00e0 promosso anche in altri ambiti della provincia. Nel mondo 150 milioni di persone sono affette da diabete, un milione e mezzo solo in Italia, e il tasso di crescita \u00e8 del 40% nei paesi industrializzati e del 70% in quelli in via di sviluppo. &#8220;Molto pi\u00f9 che in passato, il paziente si rivolge innanzi tutto al farmacista per avere informazioni, poi al medico di base, quindi allo specialista \u2013 premette la dottoressa Proietti \u2013 la farmacia \u00e8 cos\u00ec il primo stadio per poter fare prevenzione\u201d. La maggiore diffusione del diabete \u00e8 dovuta ai profondi cambiamenti alimentari avvenuti negli ultimi 50 anni: \u201cI paesi occidentali sono passati da una realt\u00e0 a prevalenza rurale a una societ\u00e0 industrializzata. Nelle popolazioni il cambiamento \u00e8 stato dalla denutrizione all&#8217;ipernutrizione, responsabile dell&#8217;insorgenza di patologie cronico-degenerative\u201d.\u00a0 Il diabete non si manifesta con sintomi eclatanti: \u201cSono importanti i piccoli segnali, specie tra le persone obese o in sovrappeso. E&#8217; fondamentale seguire una corretta alimentazione, con adeguata attivit\u00e0 fisica \u2013 continua Anna Rita Proietti &#8211; in farmacia si possono gi\u00e0 svolgere i controlli sulla glicemia e avere subito una risposta immediata. I consigli sono: porre attenzione al computo carboiidrati, frazionare i pasti il pi\u00f9 possibile e cercare di evitare il sovrappeso\u201d. \u201cSono entusiasta che in provincia vengano promossi incontri di questo tipo \u2013 afferma il presidente di Federfarma Belluno Roberto Grubissa \u2013 come farmacisti diamo un contributo ogni giorno in questo senso, ma un confronto pubblico con uno specialista ha una valenza e una incisivit\u00e0 maggiore sulla popolazione\u201d.<\/p>","protected":false},"excerpt":{"rendered":"<p>Venerd\u00ec 13 novembre alle 20.30 al Centro sociale G.Tres di Lentiai si terr\u00e0\u00a0 l&#8217;incontro pubblico dal titolo &#8220;L&#8217;alimentazione del paziente diabetico&#8221; organizzato nell&#8217;ambito della rassegna &#8216;La prevenzione vien mangiando&#8217;, promosso da Federfarma e dall&#8217;Amministrazione comunale. Relatrice della serata la dottoressa Anna Rita Proietti, medico specialista in Scienze dell&#8217;alimentazione e nutrizione clinica. L&#8217;incontro \u00e8 aperto al [&hellip;]<\/p>\n","protected":false},"author":2,"featured_media":0,"comment_status":"closed","ping_status":"open","sticky":false,"template":"","format":"standard","meta":{"footnotes":""},"categories":[26,17],"tags":[3050],"class_list":["post-9642","post","type-post","status-publish","format-standard","category-prima-pagina","category-sanita","tag-sanita"],"yoast_head":"<!-- This site is optimized with the Yoast SEO plugin v28.4 - https:\/\/yoast.com\/product\/yoast-seo-wordpress\/ -->\n<title>Diabete, la prevenzione vien mangiando. Venerd\u00ec le farmacie bellunesi promuovono un incontro sul tema a Lentiai  - Bellunopress - Dolomiti<\/title>\n<meta name=\"robots\" content=\"index, follow, max-snippet:-1, max-image-preview:large, max-video-preview:-1\" \/>\n<link rel=\"canonical\" href=\"https:\/\/www.bellunopress.it\/fr\/2009\/11\/10\/diabete-la-prevenzione-vien-mangiando-venerdi-le-farmacie-bellunesi-promuovono-un-incontro-sul-tema-a-lentiai\/\" \/>\n<meta property=\"og:locale\" content=\"fr_FR\" \/>\n<meta property=\"og:type\" content=\"article\" \/>\n<meta property=\"og:title\" content=\"Diabete, la prevenzione vien mangiando. Venerd\u00ec le farmacie bellunesi promuovono un incontro sul tema a Lentiai  - Bellunopress - Dolomiti\" \/>\n<meta property=\"og:description\" content=\"Venerd\u00ec 13 novembre alle 20.30 al Centro sociale G.Tres di Lentiai si terr\u00e0\u00a0 l&#8217;incontro pubblico dal titolo &#8220;L&#8217;alimentazione del paziente diabetico&#8221; organizzato nell&#8217;ambito della rassegna &#8216;La prevenzione vien mangiando&#8217;, promosso da Federfarma e dall&#8217;Amministrazione comunale. Relatrice della serata la dottoressa Anna Rita Proietti, medico specialista in Scienze dell&#8217;alimentazione e nutrizione clinica. L&#8217;incontro \u00e8 aperto al [&hellip;]\" \/>\n<meta property=\"og:url\" content=\"https:\/\/www.bellunopress.it\/fr\/2009\/11\/10\/diabete-la-prevenzione-vien-mangiando-venerdi-le-farmacie-bellunesi-promuovono-un-incontro-sul-tema-a-lentiai\/\" \/>\n<meta property=\"og:site_name\" content=\"Bellunopress - Dolomiti\" \/>\n<meta property=\"article:publisher\" content=\"https:\/\/www.facebook.com\/profile.php?id=100008943462799\" \/>\n<meta property=\"article:published_time\" content=\"2009-11-10T19:39:29+00:00\" \/>\n<meta property=\"og:image\" content=\"http:\/\/www.bellunopress.it\/wp-content\/uploads\/2012\/07\/logo-bellunopress-250x250-2012.jpg\" \/>\n<meta name=\"author\" content=\"redazione\" \/>\n<meta name=\"twitter:card\" content=\"summary_large_image\" \/>\n<meta name=\"twitter:creator\" content=\"@bellunopress\" \/>\n<meta name=\"twitter:site\" content=\"@bellunopress\" \/>\n<meta name=\"twitter:label1\" content=\"Written by\" \/>\n\t<meta name=\"twitter:data1\" content=\"redazione\" \/>\n\t<meta name=\"twitter:label2\" content=\"Est. reading time\" \/>\n\t<meta name=\"twitter:data2\" content=\"1 minute\" \/>\n<script type=\"application\/ld+json\" class=\"yoast-schema-graph\">{\"@context\":\"https:\\\/\\\/schema.org\",\"@graph\":[{\"@type\":\"Article\",\"@id\":\"https:\\\/\\\/www.bellunopress.it\\\/2009\\\/11\\\/10\\\/diabete-la-prevenzione-vien-mangiando-venerdi-le-farmacie-bellunesi-promuovono-un-incontro-sul-tema-a-lentiai\\\/#article\",\"isPartOf\":{\"@id\":\"https:\\\/\\\/www.bellunopress.it\\\/2009\\\/11\\\/10\\\/diabete-la-prevenzione-vien-mangiando-venerdi-le-farmacie-bellunesi-promuovono-un-incontro-sul-tema-a-lentiai\\\/\"},\"author\":{\"name\":\"redazione\",\"@id\":\"https:\\\/\\\/www.bellunopress.it\\\/#\\\/schema\\\/person\\\/79bb06722b37ece1c03d3e94beb30d73\"},\"headline\":\"Diabete, la prevenzione vien mangiando. Venerd\u00ec le farmacie bellunesi promuovono un incontro sul tema a Lentiai\",\"datePublished\":\"2009-11-10T19:39:29+00:00\",\"mainEntityOfPage\":{\"@id\":\"https:\\\/\\\/www.bellunopress.it\\\/2009\\\/11\\\/10\\\/diabete-la-prevenzione-vien-mangiando-venerdi-le-farmacie-bellunesi-promuovono-un-incontro-sul-tema-a-lentiai\\\/\"},\"wordCount\":317,\"publisher\":{\"@id\":\"https:\\\/\\\/www.bellunopress.it\\\/#organization\"},\"keywords\":[\"Sanit\u00e0\"],\"articleSection\":[\"Prima Pagina\",\"Sanit\u00e0 Medicina\"],\"inLanguage\":\"fr-FR\"},{\"@type\":\"WebPage\",\"@id\":\"https:\\\/\\\/www.bellunopress.it\\\/2009\\\/11\\\/10\\\/diabete-la-prevenzione-vien-mangiando-venerdi-le-farmacie-bellunesi-promuovono-un-incontro-sul-tema-a-lentiai\\\/\",\"url\":\"https:\\\/\\\/www.bellunopress.it\\\/2009\\\/11\\\/10\\\/diabete-la-prevenzione-vien-mangiando-venerdi-le-farmacie-bellunesi-promuovono-un-incontro-sul-tema-a-lentiai\\\/\",\"name\":\"Diabete, la prevenzione vien mangiando. Venerd\u00ec le farmacie bellunesi promuovono un incontro sul tema a Lentiai - Bellunopress - Dolomiti\",\"isPartOf\":{\"@id\":\"https:\\\/\\\/www.bellunopress.it\\\/#website\"},\"datePublished\":\"2009-11-10T19:39:29+00:00\",\"breadcrumb\":{\"@id\":\"https:\\\/\\\/www.bellunopress.it\\\/2009\\\/11\\\/10\\\/diabete-la-prevenzione-vien-mangiando-venerdi-le-farmacie-bellunesi-promuovono-un-incontro-sul-tema-a-lentiai\\\/#breadcrumb\"},\"inLanguage\":\"fr-FR\",\"potentialAction\":[{\"@type\":\"ReadAction\",\"target\":[\"https:\\\/\\\/www.bellunopress.it\\\/2009\\\/11\\\/10\\\/diabete-la-prevenzione-vien-mangiando-venerdi-le-farmacie-bellunesi-promuovono-un-incontro-sul-tema-a-lentiai\\\/\"]}]},{\"@type\":\"BreadcrumbList\",\"@id\":\"https:\\\/\\\/www.bellunopress.it\\\/2009\\\/11\\\/10\\\/diabete-la-prevenzione-vien-mangiando-venerdi-le-farmacie-bellunesi-promuovono-un-incontro-sul-tema-a-lentiai\\\/#breadcrumb\",\"itemListElement\":[{\"@type\":\"ListItem\",\"position\":1,\"name\":\"Home\",\"item\":\"https:\\\/\\\/www.bellunopress.it\\\/\"},{\"@type\":\"ListItem\",\"position\":2,\"name\":\"Diabete, la prevenzione vien mangiando. Venerd\u00ec le farmacie bellunesi promuovono un incontro sul tema a Lentiai\"}]},{\"@type\":\"WebSite\",\"@id\":\"https:\\\/\\\/www.bellunopress.it\\\/#website\",\"url\":\"https:\\\/\\\/www.bellunopress.it\\\/\",\"name\":\"Bellunopress - Dolomiti\",\"description\":\"e-mail: redazione@bellunopress.it\",\"publisher\":{\"@id\":\"https:\\\/\\\/www.bellunopress.it\\\/#organization\"},\"potentialAction\":[{\"@type\":\"SearchAction\",\"target\":{\"@type\":\"EntryPoint\",\"urlTemplate\":\"https:\\\/\\\/www.bellunopress.it\\\/?s={search_term_string}\"},\"query-input\":{\"@type\":\"PropertyValueSpecification\",\"valueRequired\":true,\"valueName\":\"search_term_string\"}}],\"inLanguage\":\"fr-FR\"},{\"@type\":\"Organization\",\"@id\":\"https:\\\/\\\/www.bellunopress.it\\\/#organization\",\"name\":\"Bellunopress\",\"url\":\"https:\\\/\\\/www.bellunopress.it\\\/\",\"logo\":{\"@type\":\"ImageObject\",\"inLanguage\":\"fr-FR\",\"@id\":\"https:\\\/\\\/www.bellunopress.it\\\/#\\\/schema\\\/logo\\\/image\\\/\",\"url\":\"https:\\\/\\\/www.bellunopress.it\\\/wp-content\\\/uploads\\\/2011\\\/05\\\/cropped-logo-bellunopress-.jpg\",\"contentUrl\":\"https:\\\/\\\/www.bellunopress.it\\\/wp-content\\\/uploads\\\/2011\\\/05\\\/cropped-logo-bellunopress-.jpg\",\"width\":512,\"height\":512,\"caption\":\"Bellunopress\"},\"image\":{\"@id\":\"https:\\\/\\\/www.bellunopress.it\\\/#\\\/schema\\\/logo\\\/image\\\/\"},\"sameAs\":[\"https:\\\/\\\/www.facebook.com\\\/profile.php?id=100008943462799\",\"https:\\\/\\\/x.com\\\/bellunopress\",\"https:\\\/\\\/www.linkedin.com\\\/hp\\\/?dnr=JBzUWaJfMUw8vbXJJ2tVW5-I3jZKvC4wsoxE&amp;amp;amp;amp;amp;amp;trk=nav_responsive_tab_home\",\"https:\\\/\\\/www.youtube.com\\\/channel\\\/UCxL0wu1uN0_3_7hGG0306cw\"]},{\"@type\":\"Person\",\"@id\":\"https:\\\/\\\/www.bellunopress.it\\\/#\\\/schema\\\/person\\\/79bb06722b37ece1c03d3e94beb30d73\",\"name\":\"redazione\",\"image\":{\"@type\":\"ImageObject\",\"inLanguage\":\"fr-FR\",\"@id\":\"https:\\\/\\\/secure.gravatar.com\\\/avatar\\\/37d968a2e67a6fd04c169c4bdef102d0bc5d31b2546345219e348575eb80e9a0?s=96&d=mm&r=g\",\"url\":\"https:\\\/\\\/secure.gravatar.com\\\/avatar\\\/37d968a2e67a6fd04c169c4bdef102d0bc5d31b2546345219e348575eb80e9a0?s=96&d=mm&r=g\",\"contentUrl\":\"https:\\\/\\\/secure.gravatar.com\\\/avatar\\\/37d968a2e67a6fd04c169c4bdef102d0bc5d31b2546345219e348575eb80e9a0?s=96&d=mm&r=g\",\"caption\":\"redazione\"},\"sameAs\":[\"http:\\\/\\\/www.bellunopress.it\",\"https:\\\/\\\/x.com\\\/bellunopress\"],\"url\":\"https:\\\/\\\/www.bellunopress.it\\\/fr\\\/author\\\/redazione\\\/\"}]}<\/script>\n<!-- \/ Yoast SEO plugin. -->","yoast_head_json":{"title":"Diabete, la prevenzione vien mangiando. Venerd\u00ec le farmacie bellunesi promuovono un incontro sul tema a Lentiai  - Bellunopress - Dolomiti","robots":{"index":"index","follow":"follow","max-snippet":"max-snippet:-1","max-image-preview":"max-image-preview:large","max-video-preview":"max-video-preview:-1"},"canonical":"https:\/\/www.bellunopress.it\/fr\/2009\/11\/10\/diabete-la-prevenzione-vien-mangiando-venerdi-le-farmacie-bellunesi-promuovono-un-incontro-sul-tema-a-lentiai\/","og_locale":"fr_FR","og_type":"article","og_title":"Diabete, la prevenzione vien mangiando. Venerd\u00ec le farmacie bellunesi promuovono un incontro sul tema a Lentiai  - Bellunopress - Dolomiti","og_description":"Venerd\u00ec 13 novembre alle 20.30 al Centro sociale G.Tres di Lentiai si terr\u00e0\u00a0 l&#8217;incontro pubblico dal titolo &#8220;L&#8217;alimentazione del paziente diabetico&#8221; organizzato nell&#8217;ambito della rassegna &#8216;La prevenzione vien mangiando&#8217;, promosso da Federfarma e dall&#8217;Amministrazione comunale. Relatrice della serata la dottoressa Anna Rita Proietti, medico specialista in Scienze dell&#8217;alimentazione e nutrizione clinica. L&#8217;incontro \u00e8 aperto al [&hellip;]","og_url":"https:\/\/www.bellunopress.it\/fr\/2009\/11\/10\/diabete-la-prevenzione-vien-mangiando-venerdi-le-farmacie-bellunesi-promuovono-un-incontro-sul-tema-a-lentiai\/","og_site_name":"Bellunopress - Dolomiti","article_publisher":"https:\/\/www.facebook.com\/profile.php?id=100008943462799","article_published_time":"2009-11-10T19:39:29+00:00","og_image":[{"url":"http:\/\/www.bellunopress.it\/wp-content\/uploads\/2012\/07\/logo-bellunopress-250x250-2012.jpg","type":"","width":"","height":""}],"author":"redazione","twitter_card":"summary_large_image","twitter_creator":"@bellunopress","twitter_site":"@bellunopress","twitter_misc":{"Written by":"redazione","Est. reading time":"1 minute"},"schema":{"@context":"https:\/\/schema.org","@graph":[{"@type":"Article","@id":"https:\/\/www.bellunopress.it\/2009\/11\/10\/diabete-la-prevenzione-vien-mangiando-venerdi-le-farmacie-bellunesi-promuovono-un-incontro-sul-tema-a-lentiai\/#article","isPartOf":{"@id":"https:\/\/www.bellunopress.it\/2009\/11\/10\/diabete-la-prevenzione-vien-mangiando-venerdi-le-farmacie-bellunesi-promuovono-un-incontro-sul-tema-a-lentiai\/"},"author":{"name":"redazione","@id":"https:\/\/www.bellunopress.it\/#\/schema\/person\/79bb06722b37ece1c03d3e94beb30d73"},"headline":"Diabete, la prevenzione vien mangiando. Venerd\u00ec le farmacie bellunesi promuovono un incontro sul tema a Lentiai","datePublished":"2009-11-10T19:39:29+00:00","mainEntityOfPage":{"@id":"https:\/\/www.bellunopress.it\/2009\/11\/10\/diabete-la-prevenzione-vien-mangiando-venerdi-le-farmacie-bellunesi-promuovono-un-incontro-sul-tema-a-lentiai\/"},"wordCount":317,"publisher":{"@id":"https:\/\/www.bellunopress.it\/#organization"},"keywords":["Sanit\u00e0"],"articleSection":["Prima Pagina","Sanit\u00e0 Medicina"],"inLanguage":"fr-FR"},{"@type":"WebPage","@id":"https:\/\/www.bellunopress.it\/2009\/11\/10\/diabete-la-prevenzione-vien-mangiando-venerdi-le-farmacie-bellunesi-promuovono-un-incontro-sul-tema-a-lentiai\/","url":"https:\/\/www.bellunopress.it\/2009\/11\/10\/diabete-la-prevenzione-vien-mangiando-venerdi-le-farmacie-bellunesi-promuovono-un-incontro-sul-tema-a-lentiai\/","name":"Diabete, la prevenzione vien mangiando. Venerd\u00ec le farmacie bellunesi promuovono un incontro sul tema a Lentiai - Bellunopress - Dolomiti","isPartOf":{"@id":"https:\/\/www.bellunopress.it\/#website"},"datePublished":"2009-11-10T19:39:29+00:00","breadcrumb":{"@id":"https:\/\/www.bellunopress.it\/2009\/11\/10\/diabete-la-prevenzione-vien-mangiando-venerdi-le-farmacie-bellunesi-promuovono-un-incontro-sul-tema-a-lentiai\/#breadcrumb"},"inLanguage":"fr-FR","potentialAction":[{"@type":"ReadAction","target":["https:\/\/www.bellunopress.it\/2009\/11\/10\/diabete-la-prevenzione-vien-mangiando-venerdi-le-farmacie-bellunesi-promuovono-un-incontro-sul-tema-a-lentiai\/"]}]},{"@type":"BreadcrumbList","@id":"https:\/\/www.bellunopress.it\/2009\/11\/10\/diabete-la-prevenzione-vien-mangiando-venerdi-le-farmacie-bellunesi-promuovono-un-incontro-sul-tema-a-lentiai\/#breadcrumb","itemListElement":[{"@type":"ListItem","position":1,"name":"Home","item":"https:\/\/www.bellunopress.it\/"},{"@type":"ListItem","position":2,"name":"Diabete, la prevenzione vien mangiando. Venerd\u00ec le farmacie bellunesi promuovono un incontro sul tema a Lentiai"}]},{"@type":"WebSite","@id":"https:\/\/www.bellunopress.it\/#website","url":"https:\/\/www.bellunopress.it\/","name":"Bellunopress - Dolomiti","description":"e-mail: redazione@bellunopress.it","publisher":{"@id":"https:\/\/www.bellunopress.it\/#organization"},"potentialAction":[{"@type":"SearchAction","target":{"@type":"EntryPoint","urlTemplate":"https:\/\/www.bellunopress.it\/?s={search_term_string}"},"query-input":{"@type":"PropertyValueSpecification","valueRequired":true,"valueName":"search_term_string"}}],"inLanguage":"fr-FR"},{"@type":"Organization","@id":"https:\/\/www.bellunopress.it\/#organization","name":"Bellunopress","url":"https:\/\/www.bellunopress.it\/","logo":{"@type":"ImageObject","inLanguage":"fr-FR","@id":"https:\/\/www.bellunopress.it\/#\/schema\/logo\/image\/","url":"https:\/\/www.bellunopress.it\/wp-content\/uploads\/2011\/05\/cropped-logo-bellunopress-.jpg","contentUrl":"https:\/\/www.bellunopress.it\/wp-content\/uploads\/2011\/05\/cropped-logo-bellunopress-.jpg","width":512,"height":512,"caption":"Bellunopress"},"image":{"@id":"https:\/\/www.bellunopress.it\/#\/schema\/logo\/image\/"},"sameAs":["https:\/\/www.facebook.com\/profile.php?id=100008943462799","https:\/\/x.com\/bellunopress","https:\/\/www.linkedin.com\/hp\/?dnr=JBzUWaJfMUw8vbXJJ2tVW5-I3jZKvC4wsoxE&amp;amp;amp;amp;amp;amp;trk=nav_responsive_tab_home","https:\/\/www.youtube.com\/channel\/UCxL0wu1uN0_3_7hGG0306cw"]},{"@type":"Person","@id":"https:\/\/www.bellunopress.it\/#\/schema\/person\/79bb06722b37ece1c03d3e94beb30d73","name":"r\u00e9daction","image":{"@type":"ImageObject","inLanguage":"fr-FR","@id":"https:\/\/secure.gravatar.com\/avatar\/37d968a2e67a6fd04c169c4bdef102d0bc5d31b2546345219e348575eb80e9a0?s=96&d=mm&r=g","url":"https:\/\/secure.gravatar.com\/avatar\/37d968a2e67a6fd04c169c4bdef102d0bc5d31b2546345219e348575eb80e9a0?s=96&d=mm&r=g","contentUrl":"https:\/\/secure.gravatar.com\/avatar\/37d968a2e67a6fd04c169c4bdef102d0bc5d31b2546345219e348575eb80e9a0?s=96&d=mm&r=g","caption":"redazione"},"sameAs":["http:\/\/www.bellunopress.it","https:\/\/x.com\/bellunopress"],"url":"https:\/\/www.bellunopress.it\/fr\/author\/redazione\/"}]}},"_links":{"self":[{"href":"https:\/\/www.bellunopress.it\/fr\/wp-json\/wp\/v2\/posts\/9642","targetHints":{"allow":["GET"]}}],"collection":[{"href":"https:\/\/www.bellunopress.it\/fr\/wp-json\/wp\/v2\/posts"}],"about":[{"href":"https:\/\/www.bellunopress.it\/fr\/wp-json\/wp\/v2\/types\/post"}],"author":[{"embeddable":true,"href":"https:\/\/www.bellunopress.it\/fr\/wp-json\/wp\/v2\/users\/2"}],"replies":[{"embeddable":true,"href":"https:\/\/www.bellunopress.it\/fr\/wp-json\/wp\/v2\/comments?post=9642"}],"version-history":[{"count":1,"href":"https:\/\/www.bellunopress.it\/fr\/wp-json\/wp\/v2\/posts\/9642\/revisions"}],"predecessor-version":[{"id":9643,"href":"https:\/\/www.bellunopress.it\/fr\/wp-json\/wp\/v2\/posts\/9642\/revisions\/9643"}],"wp:attachment":[{"href":"https:\/\/www.bellunopress.it\/fr\/wp-json\/wp\/v2\/media?parent=9642"}],"wp:term":[{"taxonomy":"category","embeddable":true,"href":"https:\/\/www.bellunopress.it\/fr\/wp-json\/wp\/v2\/categories?post=9642"},{"taxonomy":"post_tag","embeddable":true,"href":"https:\/\/www.bellunopress.it\/fr\/wp-json\/wp\/v2\/tags?post=9642"}],"curies":[{"name":"wp","href":"https:\/\/api.w.org\/{rel}","templated":true}]}}