{"id":963,"date":"2009-02-24T19:53:52","date_gmt":"2009-02-24T18:53:52","guid":{"rendered":"http:\/\/www.bellunopress.it\/?p=963"},"modified":"2009-02-24T19:54:26","modified_gmt":"2009-02-24T18:54:26","slug":"statuto-e-demanio-due-facce-della-stessa-medaglia","status":"publish","type":"post","link":"https:\/\/www.bellunopress.it\/fr\/2009\/02\/24\/statuto-e-demanio-due-facce-della-stessa-medaglia\/","title":{"rendered":"Statuto e demanio: due facce della stessa medaglia"},"content":{"rendered":"<p><em><span style=\"font-size: small; font-family: Times New Roman;\"><a href=\"http:\/\/www.bellunopress.it\/wp-content\/uploads\/2009\/02\/valerio-tabacchi-270x178.jpg\"><img loading=\"lazy\" decoding=\"async\" class=\"alignleft size-medium wp-image-532\" title=\"valerio-tabacchi-270x178\" src=\"http:\/\/www.bellunopress.it\/wp-content\/uploads\/2009\/02\/valerio-tabacchi-270x178.jpg\" alt=\"\" width=\"270\" height=\"202\" \/><\/a>&#8220;Scusate, ma non erano Galan e la Lega i paladini del federalismo fiscale e del potere agli enti territoriali autonomi previsti dall\u2019articolo 114 della Costituzione?&#8221; a chiederselo \u00e8 Valerio Tabacchi, coordinatore provinciale del Pd. Che osserva: &#8220;Di fondo il problema \u00e8 lo stesso: il centrodestra veneto ha il centralismo nel suo dna. Poco importa il rapporto col territorio ed i diritti delle popolazioni che oggettivamente vivono una condizione disagiata come oggi avviene per i cittadini bellunesi rispetto agli abitanti delle aree metropolitane della bassa. L\u2019importante \u00e8 mantenere il controllo su tutto e tutti, principio cardine per fondare un sistema feudale che oggi vede Galan governare e noi poveri sudditti fare la parte dei servi della gleba. Ma quello che pi\u00f9 di tutto sconcerta \u00e8 che i consiglieri regionali Bond e Bottacin sperino, in cambio di fedelt\u00e0 e obbedienza al sistema, di poter aspirare a gestire una piccola parte dei territori (la provincia di Belluno) e degli incarichi amministrativi. Dei valvassini moderni e ben immedesimati nella parte che tradiscono i bellunesi votando contro alla specificit\u00e0 di Belluno in seno alla commissione statuto. Il sentimento di condanna contro il centralismo regionale oggi poi ha dovuto subire anche una nuova impennata. L\u2019Assessore regionale Conta ha dichiarato di \u201c esser costretto a dare attuazione al disposto legislativo\u201d e di dover dunque iniziare il passaggio di gestione del demanio idrico alla Provincia di Belluno. \u201cE\u2019 noto \u2013 ha spiegato l\u2019Assessore \u2013 che alla Giunta Regionale la legge in questione non piace e che, al contrario, ritiene che il demanio idrico debba essere gestito su base pi\u00f9 ampia\u201d. Insomma il centralismo veneziano tocca oggi pomeriggio limiti mai raggiunti prima. Dalla laguna infatti ci fanno anche sapere che \u201cnon \u00e8 attraverso la guerra dell\u2019acqua che Belluno potr\u00e0 progredire e prosperare\u201d e che \u201clasciare che siano le comunit\u00e0 locali a gestire la risorsa idrica, potrebbe portare contrariamente a dispute e contrasti tra i vari utilizzatori\u201d.<\/span><\/em><\/p>\n<p><em><span style=\"font-size: small; font-family: Times New Roman;\">\u00a0<\/span><\/em><\/p>","protected":false},"excerpt":{"rendered":"<p>&#8220;Scusate, ma non erano Galan e la Lega i paladini del federalismo fiscale e del potere agli enti territoriali autonomi previsti dall\u2019articolo 114 della Costituzione?&#8221; a chiederselo \u00e8 Valerio Tabacchi, coordinatore provinciale del Pd. Che osserva: &#8220;Di fondo il problema \u00e8 lo stesso: il centrodestra veneto ha il centralismo nel suo dna. Poco importa il [&hellip;]<\/p>\n","protected":false},"author":2,"featured_media":0,"comment_status":"closed","ping_status":"open","sticky":false,"template":"","format":"standard","meta":{"footnotes":""},"categories":[1],"tags":[139],"class_list":["post-963","post","type-post","status-publish","format-standard","category-leo","tag-belluno"],"yoast_head":"<!-- This site is optimized with the Yoast SEO plugin v28.4 - https:\/\/yoast.com\/product\/yoast-seo-wordpress\/ -->\n<title>Statuto e demanio: due facce della stessa medaglia - Bellunopress - Dolomiti<\/title>\n<meta name=\"robots\" content=\"index, follow, max-snippet:-1, max-image-preview:large, max-video-preview:-1\" \/>\n<link rel=\"canonical\" href=\"https:\/\/www.bellunopress.it\/fr\/2009\/02\/24\/statuto-e-demanio-due-facce-della-stessa-medaglia\/\" \/>\n<meta property=\"og:locale\" content=\"fr_FR\" \/>\n<meta property=\"og:type\" content=\"article\" \/>\n<meta property=\"og:title\" content=\"Statuto e demanio: due facce della stessa medaglia - Bellunopress - Dolomiti\" \/>\n<meta property=\"og:description\" content=\"&#8220;Scusate, ma non erano Galan e la Lega i paladini del federalismo fiscale e del potere agli enti territoriali autonomi previsti dall\u2019articolo 114 della Costituzione?&#8221; a chiederselo \u00e8 Valerio Tabacchi, coordinatore provinciale del Pd. Che osserva: &#8220;Di fondo il problema \u00e8 lo stesso: il centrodestra veneto ha il centralismo nel suo dna. Poco importa il [&hellip;]\" \/>\n<meta property=\"og:url\" content=\"https:\/\/www.bellunopress.it\/fr\/2009\/02\/24\/statuto-e-demanio-due-facce-della-stessa-medaglia\/\" \/>\n<meta property=\"og:site_name\" content=\"Bellunopress - Dolomiti\" \/>\n<meta property=\"article:publisher\" content=\"https:\/\/www.facebook.com\/profile.php?id=100008943462799\" \/>\n<meta property=\"article:published_time\" content=\"2009-02-24T18:53:52+00:00\" \/>\n<meta property=\"article:modified_time\" content=\"2009-02-24T18:54:26+00:00\" \/>\n<meta property=\"og:image\" content=\"http:\/\/www.bellunopress.it\/wp-content\/uploads\/2009\/02\/valerio-tabacchi-270x178.jpg\" \/>\n<meta name=\"author\" content=\"redazione\" \/>\n<meta name=\"twitter:card\" content=\"summary_large_image\" \/>\n<meta name=\"twitter:creator\" content=\"@bellunopress\" \/>\n<meta name=\"twitter:site\" content=\"@bellunopress\" \/>\n<meta name=\"twitter:label1\" content=\"\u00c9crit par\" \/>\n\t<meta name=\"twitter:data1\" content=\"redazione\" \/>\n\t<meta name=\"twitter:label2\" content=\"Dur\u00e9e de lecture estim\u00e9e\" \/>\n\t<meta name=\"twitter:data2\" content=\"2 minutes\" \/>\n<script type=\"application\/ld+json\" class=\"yoast-schema-graph\">{\"@context\":\"https:\\\/\\\/schema.org\",\"@graph\":[{\"@type\":\"Article\",\"@id\":\"https:\\\/\\\/www.bellunopress.it\\\/2009\\\/02\\\/24\\\/statuto-e-demanio-due-facce-della-stessa-medaglia\\\/#article\",\"isPartOf\":{\"@id\":\"https:\\\/\\\/www.bellunopress.it\\\/2009\\\/02\\\/24\\\/statuto-e-demanio-due-facce-della-stessa-medaglia\\\/\"},\"author\":{\"name\":\"redazione\",\"@id\":\"https:\\\/\\\/www.bellunopress.it\\\/#\\\/schema\\\/person\\\/79bb06722b37ece1c03d3e94beb30d73\"},\"headline\":\"Statuto e demanio: due facce della stessa medaglia\",\"datePublished\":\"2009-02-24T18:53:52+00:00\",\"dateModified\":\"2009-02-24T18:54:26+00:00\",\"mainEntityOfPage\":{\"@id\":\"https:\\\/\\\/www.bellunopress.it\\\/2009\\\/02\\\/24\\\/statuto-e-demanio-due-facce-della-stessa-medaglia\\\/\"},\"wordCount\":321,\"publisher\":{\"@id\":\"https:\\\/\\\/www.bellunopress.it\\\/#organization\"},\"image\":{\"@id\":\"https:\\\/\\\/www.bellunopress.it\\\/2009\\\/02\\\/24\\\/statuto-e-demanio-due-facce-della-stessa-medaglia\\\/#primaryimage\"},\"thumbnailUrl\":\"http:\\\/\\\/www.bellunopress.it\\\/wp-content\\\/uploads\\\/2009\\\/02\\\/valerio-tabacchi-270x178.jpg\",\"keywords\":[\"Belluno\"],\"articleSection\":[\"Lettere Opinioni\"],\"inLanguage\":\"fr-FR\"},{\"@type\":\"WebPage\",\"@id\":\"https:\\\/\\\/www.bellunopress.it\\\/2009\\\/02\\\/24\\\/statuto-e-demanio-due-facce-della-stessa-medaglia\\\/\",\"url\":\"https:\\\/\\\/www.bellunopress.it\\\/2009\\\/02\\\/24\\\/statuto-e-demanio-due-facce-della-stessa-medaglia\\\/\",\"name\":\"Statuto e demanio: due facce della stessa medaglia - Bellunopress - Dolomiti\",\"isPartOf\":{\"@id\":\"https:\\\/\\\/www.bellunopress.it\\\/#website\"},\"primaryImageOfPage\":{\"@id\":\"https:\\\/\\\/www.bellunopress.it\\\/2009\\\/02\\\/24\\\/statuto-e-demanio-due-facce-della-stessa-medaglia\\\/#primaryimage\"},\"image\":{\"@id\":\"https:\\\/\\\/www.bellunopress.it\\\/2009\\\/02\\\/24\\\/statuto-e-demanio-due-facce-della-stessa-medaglia\\\/#primaryimage\"},\"thumbnailUrl\":\"http:\\\/\\\/www.bellunopress.it\\\/wp-content\\\/uploads\\\/2009\\\/02\\\/valerio-tabacchi-270x178.jpg\",\"datePublished\":\"2009-02-24T18:53:52+00:00\",\"dateModified\":\"2009-02-24T18:54:26+00:00\",\"breadcrumb\":{\"@id\":\"https:\\\/\\\/www.bellunopress.it\\\/2009\\\/02\\\/24\\\/statuto-e-demanio-due-facce-della-stessa-medaglia\\\/#breadcrumb\"},\"inLanguage\":\"fr-FR\",\"potentialAction\":[{\"@type\":\"ReadAction\",\"target\":[\"https:\\\/\\\/www.bellunopress.it\\\/2009\\\/02\\\/24\\\/statuto-e-demanio-due-facce-della-stessa-medaglia\\\/\"]}]},{\"@type\":\"ImageObject\",\"inLanguage\":\"fr-FR\",\"@id\":\"https:\\\/\\\/www.bellunopress.it\\\/2009\\\/02\\\/24\\\/statuto-e-demanio-due-facce-della-stessa-medaglia\\\/#primaryimage\",\"url\":\"http:\\\/\\\/www.bellunopress.it\\\/wp-content\\\/uploads\\\/2009\\\/02\\\/valerio-tabacchi-270x178.jpg\",\"contentUrl\":\"http:\\\/\\\/www.bellunopress.it\\\/wp-content\\\/uploads\\\/2009\\\/02\\\/valerio-tabacchi-270x178.jpg\"},{\"@type\":\"BreadcrumbList\",\"@id\":\"https:\\\/\\\/www.bellunopress.it\\\/2009\\\/02\\\/24\\\/statuto-e-demanio-due-facce-della-stessa-medaglia\\\/#breadcrumb\",\"itemListElement\":[{\"@type\":\"ListItem\",\"position\":1,\"name\":\"Home\",\"item\":\"https:\\\/\\\/www.bellunopress.it\\\/\"},{\"@type\":\"ListItem\",\"position\":2,\"name\":\"Statuto e demanio: due facce della stessa medaglia\"}]},{\"@type\":\"WebSite\",\"@id\":\"https:\\\/\\\/www.bellunopress.it\\\/#website\",\"url\":\"https:\\\/\\\/www.bellunopress.it\\\/\",\"name\":\"Bellunopress - Dolomiti\",\"description\":\"e-mail: redazione@bellunopress.it\",\"publisher\":{\"@id\":\"https:\\\/\\\/www.bellunopress.it\\\/#organization\"},\"potentialAction\":[{\"@type\":\"SearchAction\",\"target\":{\"@type\":\"EntryPoint\",\"urlTemplate\":\"https:\\\/\\\/www.bellunopress.it\\\/?s={search_term_string}\"},\"query-input\":{\"@type\":\"PropertyValueSpecification\",\"valueRequired\":true,\"valueName\":\"search_term_string\"}}],\"inLanguage\":\"fr-FR\"},{\"@type\":\"Organization\",\"@id\":\"https:\\\/\\\/www.bellunopress.it\\\/#organization\",\"name\":\"Bellunopress\",\"url\":\"https:\\\/\\\/www.bellunopress.it\\\/\",\"logo\":{\"@type\":\"ImageObject\",\"inLanguage\":\"fr-FR\",\"@id\":\"https:\\\/\\\/www.bellunopress.it\\\/#\\\/schema\\\/logo\\\/image\\\/\",\"url\":\"https:\\\/\\\/www.bellunopress.it\\\/wp-content\\\/uploads\\\/2011\\\/05\\\/cropped-logo-bellunopress-.jpg\",\"contentUrl\":\"https:\\\/\\\/www.bellunopress.it\\\/wp-content\\\/uploads\\\/2011\\\/05\\\/cropped-logo-bellunopress-.jpg\",\"width\":512,\"height\":512,\"caption\":\"Bellunopress\"},\"image\":{\"@id\":\"https:\\\/\\\/www.bellunopress.it\\\/#\\\/schema\\\/logo\\\/image\\\/\"},\"sameAs\":[\"https:\\\/\\\/www.facebook.com\\\/profile.php?id=100008943462799\",\"https:\\\/\\\/x.com\\\/bellunopress\",\"https:\\\/\\\/www.linkedin.com\\\/hp\\\/?dnr=JBzUWaJfMUw8vbXJJ2tVW5-I3jZKvC4wsoxE&amp;amp;amp;amp;amp;amp;trk=nav_responsive_tab_home\",\"https:\\\/\\\/www.youtube.com\\\/channel\\\/UCxL0wu1uN0_3_7hGG0306cw\"]},{\"@type\":\"Person\",\"@id\":\"https:\\\/\\\/www.bellunopress.it\\\/#\\\/schema\\\/person\\\/79bb06722b37ece1c03d3e94beb30d73\",\"name\":\"redazione\",\"image\":{\"@type\":\"ImageObject\",\"inLanguage\":\"fr-FR\",\"@id\":\"https:\\\/\\\/secure.gravatar.com\\\/avatar\\\/37d968a2e67a6fd04c169c4bdef102d0bc5d31b2546345219e348575eb80e9a0?s=96&d=mm&r=g\",\"url\":\"https:\\\/\\\/secure.gravatar.com\\\/avatar\\\/37d968a2e67a6fd04c169c4bdef102d0bc5d31b2546345219e348575eb80e9a0?s=96&d=mm&r=g\",\"contentUrl\":\"https:\\\/\\\/secure.gravatar.com\\\/avatar\\\/37d968a2e67a6fd04c169c4bdef102d0bc5d31b2546345219e348575eb80e9a0?s=96&d=mm&r=g\",\"caption\":\"redazione\"},\"sameAs\":[\"http:\\\/\\\/www.bellunopress.it\",\"https:\\\/\\\/x.com\\\/bellunopress\"],\"url\":\"https:\\\/\\\/www.bellunopress.it\\\/fr\\\/author\\\/redazione\\\/\"}]}<\/script>\n<!-- \/ Yoast SEO plugin. -->","yoast_head_json":{"title":"Statuto e demanio: due facce della stessa medaglia - Bellunopress - Dolomiti","robots":{"index":"index","follow":"follow","max-snippet":"max-snippet:-1","max-image-preview":"max-image-preview:large","max-video-preview":"max-video-preview:-1"},"canonical":"https:\/\/www.bellunopress.it\/fr\/2009\/02\/24\/statuto-e-demanio-due-facce-della-stessa-medaglia\/","og_locale":"fr_FR","og_type":"article","og_title":"Statuto e demanio: due facce della stessa medaglia - Bellunopress - Dolomiti","og_description":"&#8220;Scusate, ma non erano Galan e la Lega i paladini del federalismo fiscale e del potere agli enti territoriali autonomi previsti dall\u2019articolo 114 della Costituzione?&#8221; a chiederselo \u00e8 Valerio Tabacchi, coordinatore provinciale del Pd. Che osserva: &#8220;Di fondo il problema \u00e8 lo stesso: il centrodestra veneto ha il centralismo nel suo dna. Poco importa il [&hellip;]","og_url":"https:\/\/www.bellunopress.it\/fr\/2009\/02\/24\/statuto-e-demanio-due-facce-della-stessa-medaglia\/","og_site_name":"Bellunopress - Dolomiti","article_publisher":"https:\/\/www.facebook.com\/profile.php?id=100008943462799","article_published_time":"2009-02-24T18:53:52+00:00","article_modified_time":"2009-02-24T18:54:26+00:00","og_image":[{"url":"http:\/\/www.bellunopress.it\/wp-content\/uploads\/2009\/02\/valerio-tabacchi-270x178.jpg","type":"","width":"","height":""}],"author":"redazione","twitter_card":"summary_large_image","twitter_creator":"@bellunopress","twitter_site":"@bellunopress","twitter_misc":{"\u00c9crit par":"redazione","Dur\u00e9e de lecture estim\u00e9e":"2 minutes"},"schema":{"@context":"https:\/\/schema.org","@graph":[{"@type":"Article","@id":"https:\/\/www.bellunopress.it\/2009\/02\/24\/statuto-e-demanio-due-facce-della-stessa-medaglia\/#article","isPartOf":{"@id":"https:\/\/www.bellunopress.it\/2009\/02\/24\/statuto-e-demanio-due-facce-della-stessa-medaglia\/"},"author":{"name":"redazione","@id":"https:\/\/www.bellunopress.it\/#\/schema\/person\/79bb06722b37ece1c03d3e94beb30d73"},"headline":"Statuto e demanio: due facce della stessa medaglia","datePublished":"2009-02-24T18:53:52+00:00","dateModified":"2009-02-24T18:54:26+00:00","mainEntityOfPage":{"@id":"https:\/\/www.bellunopress.it\/2009\/02\/24\/statuto-e-demanio-due-facce-della-stessa-medaglia\/"},"wordCount":321,"publisher":{"@id":"https:\/\/www.bellunopress.it\/#organization"},"image":{"@id":"https:\/\/www.bellunopress.it\/2009\/02\/24\/statuto-e-demanio-due-facce-della-stessa-medaglia\/#primaryimage"},"thumbnailUrl":"http:\/\/www.bellunopress.it\/wp-content\/uploads\/2009\/02\/valerio-tabacchi-270x178.jpg","keywords":["Belluno"],"articleSection":["Lettere Opinioni"],"inLanguage":"fr-FR"},{"@type":"WebPage","@id":"https:\/\/www.bellunopress.it\/2009\/02\/24\/statuto-e-demanio-due-facce-della-stessa-medaglia\/","url":"https:\/\/www.bellunopress.it\/2009\/02\/24\/statuto-e-demanio-due-facce-della-stessa-medaglia\/","name":"Statuto e demanio: due facce della stessa medaglia - Bellunopress - Dolomiti","isPartOf":{"@id":"https:\/\/www.bellunopress.it\/#website"},"primaryImageOfPage":{"@id":"https:\/\/www.bellunopress.it\/2009\/02\/24\/statuto-e-demanio-due-facce-della-stessa-medaglia\/#primaryimage"},"image":{"@id":"https:\/\/www.bellunopress.it\/2009\/02\/24\/statuto-e-demanio-due-facce-della-stessa-medaglia\/#primaryimage"},"thumbnailUrl":"http:\/\/www.bellunopress.it\/wp-content\/uploads\/2009\/02\/valerio-tabacchi-270x178.jpg","datePublished":"2009-02-24T18:53:52+00:00","dateModified":"2009-02-24T18:54:26+00:00","breadcrumb":{"@id":"https:\/\/www.bellunopress.it\/2009\/02\/24\/statuto-e-demanio-due-facce-della-stessa-medaglia\/#breadcrumb"},"inLanguage":"fr-FR","potentialAction":[{"@type":"ReadAction","target":["https:\/\/www.bellunopress.it\/2009\/02\/24\/statuto-e-demanio-due-facce-della-stessa-medaglia\/"]}]},{"@type":"ImageObject","inLanguage":"fr-FR","@id":"https:\/\/www.bellunopress.it\/2009\/02\/24\/statuto-e-demanio-due-facce-della-stessa-medaglia\/#primaryimage","url":"http:\/\/www.bellunopress.it\/wp-content\/uploads\/2009\/02\/valerio-tabacchi-270x178.jpg","contentUrl":"http:\/\/www.bellunopress.it\/wp-content\/uploads\/2009\/02\/valerio-tabacchi-270x178.jpg"},{"@type":"BreadcrumbList","@id":"https:\/\/www.bellunopress.it\/2009\/02\/24\/statuto-e-demanio-due-facce-della-stessa-medaglia\/#breadcrumb","itemListElement":[{"@type":"ListItem","position":1,"name":"Home","item":"https:\/\/www.bellunopress.it\/"},{"@type":"ListItem","position":2,"name":"Statuto e demanio: due facce della stessa medaglia"}]},{"@type":"WebSite","@id":"https:\/\/www.bellunopress.it\/#website","url":"https:\/\/www.bellunopress.it\/","name":"Bellunopress - Dolomiti","description":"e-mail: redazione@bellunopress.it","publisher":{"@id":"https:\/\/www.bellunopress.it\/#organization"},"potentialAction":[{"@type":"SearchAction","target":{"@type":"EntryPoint","urlTemplate":"https:\/\/www.bellunopress.it\/?s={search_term_string}"},"query-input":{"@type":"PropertyValueSpecification","valueRequired":true,"valueName":"search_term_string"}}],"inLanguage":"fr-FR"},{"@type":"Organization","@id":"https:\/\/www.bellunopress.it\/#organization","name":"Bellunopress","url":"https:\/\/www.bellunopress.it\/","logo":{"@type":"ImageObject","inLanguage":"fr-FR","@id":"https:\/\/www.bellunopress.it\/#\/schema\/logo\/image\/","url":"https:\/\/www.bellunopress.it\/wp-content\/uploads\/2011\/05\/cropped-logo-bellunopress-.jpg","contentUrl":"https:\/\/www.bellunopress.it\/wp-content\/uploads\/2011\/05\/cropped-logo-bellunopress-.jpg","width":512,"height":512,"caption":"Bellunopress"},"image":{"@id":"https:\/\/www.bellunopress.it\/#\/schema\/logo\/image\/"},"sameAs":["https:\/\/www.facebook.com\/profile.php?id=100008943462799","https:\/\/x.com\/bellunopress","https:\/\/www.linkedin.com\/hp\/?dnr=JBzUWaJfMUw8vbXJJ2tVW5-I3jZKvC4wsoxE&amp;amp;amp;amp;amp;amp;trk=nav_responsive_tab_home","https:\/\/www.youtube.com\/channel\/UCxL0wu1uN0_3_7hGG0306cw"]},{"@type":"Person","@id":"https:\/\/www.bellunopress.it\/#\/schema\/person\/79bb06722b37ece1c03d3e94beb30d73","name":"r\u00e9daction","image":{"@type":"ImageObject","inLanguage":"fr-FR","@id":"https:\/\/secure.gravatar.com\/avatar\/37d968a2e67a6fd04c169c4bdef102d0bc5d31b2546345219e348575eb80e9a0?s=96&d=mm&r=g","url":"https:\/\/secure.gravatar.com\/avatar\/37d968a2e67a6fd04c169c4bdef102d0bc5d31b2546345219e348575eb80e9a0?s=96&d=mm&r=g","contentUrl":"https:\/\/secure.gravatar.com\/avatar\/37d968a2e67a6fd04c169c4bdef102d0bc5d31b2546345219e348575eb80e9a0?s=96&d=mm&r=g","caption":"redazione"},"sameAs":["http:\/\/www.bellunopress.it","https:\/\/x.com\/bellunopress"],"url":"https:\/\/www.bellunopress.it\/fr\/author\/redazione\/"}]}},"_links":{"self":[{"href":"https:\/\/www.bellunopress.it\/fr\/wp-json\/wp\/v2\/posts\/963","targetHints":{"allow":["GET"]}}],"collection":[{"href":"https:\/\/www.bellunopress.it\/fr\/wp-json\/wp\/v2\/posts"}],"about":[{"href":"https:\/\/www.bellunopress.it\/fr\/wp-json\/wp\/v2\/types\/post"}],"author":[{"embeddable":true,"href":"https:\/\/www.bellunopress.it\/fr\/wp-json\/wp\/v2\/users\/2"}],"replies":[{"embeddable":true,"href":"https:\/\/www.bellunopress.it\/fr\/wp-json\/wp\/v2\/comments?post=963"}],"version-history":[{"count":3,"href":"https:\/\/www.bellunopress.it\/fr\/wp-json\/wp\/v2\/posts\/963\/revisions"}],"predecessor-version":[{"id":965,"href":"https:\/\/www.bellunopress.it\/fr\/wp-json\/wp\/v2\/posts\/963\/revisions\/965"}],"wp:attachment":[{"href":"https:\/\/www.bellunopress.it\/fr\/wp-json\/wp\/v2\/media?parent=963"}],"wp:term":[{"taxonomy":"category","embeddable":true,"href":"https:\/\/www.bellunopress.it\/fr\/wp-json\/wp\/v2\/categories?post=963"},{"taxonomy":"post_tag","embeddable":true,"href":"https:\/\/www.bellunopress.it\/fr\/wp-json\/wp\/v2\/tags?post=963"}],"curies":[{"name":"wp","href":"https:\/\/api.w.org\/{rel}","templated":true}]}}