{"id":96053,"date":"2018-07-02T10:57:36","date_gmt":"2018-07-02T08:57:36","guid":{"rendered":"http:\/\/www.bellunopress.it\/?p=96053"},"modified":"2018-07-02T10:57:36","modified_gmt":"2018-07-02T08:57:36","slug":"bandiera-nera-di-legambiente-al-trentino-alto-adige-per-il-decreto-lupo-orso-che-prevede-labbattimento","status":"publish","type":"post","link":"https:\/\/www.bellunopress.it\/fr\/2018\/07\/02\/bandiera-nera-di-legambiente-al-trentino-alto-adige-per-il-decreto-lupo-orso-che-prevede-labbattimento\/","title":{"rendered":"Bandiera nera di Legambiente al Trentino Alto Adige per il decreto Lupo-Orso che prevede l&#8217;abbattimento"},"content":{"rendered":"<p>Legambiente boccia Trentino e Alto Adige con la bandiera nera per il ddl lupo-orso. Lo scrive\u00a0Luca Pianesi sul quotidiano on line di Trento <a href=\"http:\/\/www.ildolomiti.it\/ambiente\/2018\/legambiente-boccia-trentino-e-alto-adige-con-la-bandiera-nera-per-il-ddl-lupo-orso\">www.ildolomiti.it nostro media partner.<\/a><\/p>\n<p><a href=\"http:\/\/www.bellunopress.it\/fr\/2017\/11\/01\/i-lupi-amano-vivere-da-lupi-senza-radio-collari-ne-centri-faunistici\/lupo\/\" rel=\"attachment wp-att-90420\"><img loading=\"lazy\" decoding=\"async\" class=\"alignleft size-full wp-image-90420\" src=\"http:\/\/www.bellunopress.it\/wp-content\/uploads\/2017\/11\/lupo.jpeg\" alt=\"\" width=\"300\" height=\"231\" \/><\/a>Trento &#8211; La notizia ha del clamoroso, visto che ogni anno sui giornali e nei servizi televisivi il nostro territorio regionale strappa premi e consensi per le sue meraviglie naturali, i suoi laghi, le sue montagne, i suoi borghi ben curati e ordinati. Ma quest&#8217;anno le cose sono andate molto diversamente: la Provincia di Trento e la Provincia di Bolzano essenzialmente per colpa dei loro rispettivi assessori all&#8217;ambiente, Dallapiccola (che sarebbe anche assessore al turismo) e Schuler, sono state bocciate nel dossier 2018 dell&#8217;importante associazione ambientalista che conta su 115.000 soci.<\/p>\n<p>Due bandiere nere (una terza l&#8217;ha ottenuta il Comune di Arco mentre ci sono state anche due bandiere Verdi) che, ovviamente, provocano un danno anche d&#8217;immagine per il territorio che da sempre punta, dal punto di vista turistico oltre che per promuovere marchi legati ad attivit\u00e0 quali l&#8217;agricoltura e l&#8217;allevamento, sulla salubrit\u00e0 dell&#8217;ambiente e il rispetto della biodiversit\u00e0. Perch\u00e9 \u00e8 arrivata questa doppia bocciatura? Lo spiega benissimo proprio il dossier: &#8220;A proposito di servizi ecosistemici &#8211; si legge &#8211; ma in negativo in quanto a salvaguardia, vogliamo ricordare come la strumentalizzazione della paura, cos\u00ec in voga di questi ultimi tempi, miscelata con la visione arcaica della natura maligna, rischi di occultare un servizio importante anche se non immediatamente monetizzabile come la tutela della biodiversit\u00e0. Con la bandiera nera assegnata alle province di Trento e Bolzano vogliamo appunto segnalare questo rischio. Qui si mette in atto non solo una minaccia a discapito delle specie oggetto del ddl provinciale (lupo e orso) ma soprattutto diventa un freno per una crescita culturale in grado di riconoscere il valore fondamentale della biodiversit\u00e0 e della capacit\u00e0 di gestione del \u201cdiverso\u201d&#8221;.<\/p>\n<p>Insomma \u00e8 il ddl lupo e orso, quello spinto dai due assessori, che dovrebbe permettere alle due province di gestirsi autonomamente (anche con l&#8217;abbattimento) la questione grandi carnivori, che arriver\u00e0 in consiglio proprio nei prossimi giorni a mietere la prima vittima: l&#8217;immagine di un territorio abituato ad essere riconosciuto come vicino alla natura e all&#8217;ambiente. Un ddl che anche ad osservatori nazionali si mostra per quello che \u00e8: &#8220;Il disegno di legge di fatto non porta novit\u00e0 concrete, giacch\u00e9 prevede, come doveroso, il parere dell\u2019Ispra e le procedure della Direttiva Habitat, per\u00f2 diffonde un clima di allarme verso i predatori, anzich\u00e9 fare corretta informazione. Di l\u00e0 dei dubbi sulla legittimit\u00e0 di un tal modo di procedere, ci si interroga su quanto questa non sia altro che una mossa elettorale di chi \u00e8 in cerca di consensi&#8221;.<\/p>\n<p>Caccia al voto, per Legambiente, che giocherebbe sulle paure ataviche delle persone poco informate. &#8220;Il testo &#8211; prosegue il dossier sempre riferendosi al ddl &#8211; poco coerente con gli indirizzi europei, non aiuta a promuovere comportamenti responsabili da parte di coloro che in quanto cittadini europei dovrebbero collaborare in modo fattivo alla soluzione del problema. In casi come questi le istituzioni, anzich\u00e9 alimentare le paure, hanno il compito di migliorare i meccanismi di coesistenza, reinterpretando in chiave moderna e attuale la convivenza con i grandi carnivori cos\u00ec come accade in quasi tutti i paesi sviluppati, non solo europei. E\u2019 pur vero che il ritorno dei grandi predatori pone gli agricoltori davanti a nuove sfide di adattamento nella gestione delle attivit\u00e0, sfide non facili, tuttavia nel conflitto con gli allevatori la prevenzione \u00e8 la carta vincente per una convivenza accettabile. In tal senso vanno costruite le azioni sostegno della politica e della societ\u00e0&#8221;.<\/p>\n<p>E gli esempi da seguire esistono, anche sul nostro territorio. Qui un esempio di quanto \u00e8 possibile fare.<\/p>","protected":false},"excerpt":{"rendered":"<p>Legambiente boccia Trentino e Alto Adige con la bandiera nera per il ddl lupo-orso. Lo scrive\u00a0Luca Pianesi sul quotidiano on line di Trento www.ildolomiti.it nostro media partner. Trento &#8211; La notizia ha del clamoroso, visto che ogni anno sui giornali e nei servizi televisivi il nostro territorio regionale strappa premi e consensi per le sue [&hellip;]<\/p>\n","protected":false},"author":2,"featured_media":0,"comment_status":"closed","ping_status":"open","sticky":false,"template":"","format":"standard","meta":{"footnotes":""},"categories":[5,36,38,26],"tags":[],"class_list":["post-96053","post","type-post","status-publish","format-standard","category-cronaca","category-lavoro-economia","category-natura-ambiente","category-prima-pagina"],"yoast_head":"<!-- This site is optimized with the Yoast SEO plugin v28.4 - https:\/\/yoast.com\/product\/yoast-seo-wordpress\/ -->\n<title>Bandiera nera di Legambiente al Trentino Alto Adige per il decreto Lupo-Orso che prevede l&#039;abbattimento - Bellunopress - Dolomiti<\/title>\n<meta name=\"robots\" content=\"index, follow, max-snippet:-1, max-image-preview:large, max-video-preview:-1\" \/>\n<link rel=\"canonical\" href=\"https:\/\/www.bellunopress.it\/fr\/2018\/07\/02\/bandiera-nera-di-legambiente-al-trentino-alto-adige-per-il-decreto-lupo-orso-che-prevede-labbattimento\/\" \/>\n<meta property=\"og:locale\" content=\"fr_FR\" \/>\n<meta property=\"og:type\" content=\"article\" \/>\n<meta property=\"og:title\" content=\"Bandiera nera di Legambiente al Trentino Alto Adige per il decreto Lupo-Orso che prevede l&#039;abbattimento - Bellunopress - Dolomiti\" \/>\n<meta property=\"og:description\" content=\"Legambiente boccia Trentino e Alto Adige con la bandiera nera per il ddl lupo-orso. Lo scrive\u00a0Luca Pianesi sul quotidiano on line di Trento www.ildolomiti.it nostro media partner. Trento &#8211; La notizia ha del clamoroso, visto che ogni anno sui giornali e nei servizi televisivi il nostro territorio regionale strappa premi e consensi per le sue [&hellip;]\" \/>\n<meta property=\"og:url\" content=\"https:\/\/www.bellunopress.it\/fr\/2018\/07\/02\/bandiera-nera-di-legambiente-al-trentino-alto-adige-per-il-decreto-lupo-orso-che-prevede-labbattimento\/\" \/>\n<meta property=\"og:site_name\" content=\"Bellunopress - Dolomiti\" \/>\n<meta property=\"article:publisher\" content=\"https:\/\/www.facebook.com\/profile.php?id=100008943462799\" \/>\n<meta property=\"article:published_time\" content=\"2018-07-02T08:57:36+00:00\" \/>\n<meta property=\"og:image\" content=\"http:\/\/www.bellunopress.it\/wp-content\/uploads\/2017\/11\/lupo.jpeg\" \/>\n<meta name=\"author\" content=\"redazione\" \/>\n<meta name=\"twitter:card\" content=\"summary_large_image\" \/>\n<meta name=\"twitter:creator\" content=\"@bellunopress\" \/>\n<meta name=\"twitter:site\" content=\"@bellunopress\" \/>\n<meta name=\"twitter:label1\" content=\"\u00c9crit par\" \/>\n\t<meta name=\"twitter:data1\" content=\"redazione\" \/>\n\t<meta name=\"twitter:label2\" content=\"Dur\u00e9e de lecture estim\u00e9e\" \/>\n\t<meta name=\"twitter:data2\" content=\"3 minutes\" \/>\n<script type=\"application\/ld+json\" class=\"yoast-schema-graph\">{\"@context\":\"https:\\\/\\\/schema.org\",\"@graph\":[{\"@type\":\"Article\",\"@id\":\"https:\\\/\\\/www.bellunopress.it\\\/2018\\\/07\\\/02\\\/bandiera-nera-di-legambiente-al-trentino-alto-adige-per-il-decreto-lupo-orso-che-prevede-labbattimento\\\/#article\",\"isPartOf\":{\"@id\":\"https:\\\/\\\/www.bellunopress.it\\\/2018\\\/07\\\/02\\\/bandiera-nera-di-legambiente-al-trentino-alto-adige-per-il-decreto-lupo-orso-che-prevede-labbattimento\\\/\"},\"author\":{\"name\":\"redazione\",\"@id\":\"https:\\\/\\\/www.bellunopress.it\\\/#\\\/schema\\\/person\\\/79bb06722b37ece1c03d3e94beb30d73\"},\"headline\":\"Bandiera nera di Legambiente al Trentino Alto Adige per il decreto Lupo-Orso che prevede l&#8217;abbattimento\",\"datePublished\":\"2018-07-02T08:57:36+00:00\",\"mainEntityOfPage\":{\"@id\":\"https:\\\/\\\/www.bellunopress.it\\\/2018\\\/07\\\/02\\\/bandiera-nera-di-legambiente-al-trentino-alto-adige-per-il-decreto-lupo-orso-che-prevede-labbattimento\\\/\"},\"wordCount\":632,\"publisher\":{\"@id\":\"https:\\\/\\\/www.bellunopress.it\\\/#organization\"},\"image\":{\"@id\":\"https:\\\/\\\/www.bellunopress.it\\\/2018\\\/07\\\/02\\\/bandiera-nera-di-legambiente-al-trentino-alto-adige-per-il-decreto-lupo-orso-che-prevede-labbattimento\\\/#primaryimage\"},\"thumbnailUrl\":\"http:\\\/\\\/www.bellunopress.it\\\/wp-content\\\/uploads\\\/2017\\\/11\\\/lupo.jpeg\",\"articleSection\":[\"Cronaca\\\/Politica\",\"Lavoro, Economia, Turismo\",\"Meteo, natura, ambiente, animali\",\"Prima Pagina\"],\"inLanguage\":\"fr-FR\"},{\"@type\":\"WebPage\",\"@id\":\"https:\\\/\\\/www.bellunopress.it\\\/2018\\\/07\\\/02\\\/bandiera-nera-di-legambiente-al-trentino-alto-adige-per-il-decreto-lupo-orso-che-prevede-labbattimento\\\/\",\"url\":\"https:\\\/\\\/www.bellunopress.it\\\/2018\\\/07\\\/02\\\/bandiera-nera-di-legambiente-al-trentino-alto-adige-per-il-decreto-lupo-orso-che-prevede-labbattimento\\\/\",\"name\":\"Bandiera nera di Legambiente al Trentino Alto Adige per il decreto Lupo-Orso che prevede l'abbattimento - Bellunopress - Dolomiti\",\"isPartOf\":{\"@id\":\"https:\\\/\\\/www.bellunopress.it\\\/#website\"},\"primaryImageOfPage\":{\"@id\":\"https:\\\/\\\/www.bellunopress.it\\\/2018\\\/07\\\/02\\\/bandiera-nera-di-legambiente-al-trentino-alto-adige-per-il-decreto-lupo-orso-che-prevede-labbattimento\\\/#primaryimage\"},\"image\":{\"@id\":\"https:\\\/\\\/www.bellunopress.it\\\/2018\\\/07\\\/02\\\/bandiera-nera-di-legambiente-al-trentino-alto-adige-per-il-decreto-lupo-orso-che-prevede-labbattimento\\\/#primaryimage\"},\"thumbnailUrl\":\"http:\\\/\\\/www.bellunopress.it\\\/wp-content\\\/uploads\\\/2017\\\/11\\\/lupo.jpeg\",\"datePublished\":\"2018-07-02T08:57:36+00:00\",\"breadcrumb\":{\"@id\":\"https:\\\/\\\/www.bellunopress.it\\\/2018\\\/07\\\/02\\\/bandiera-nera-di-legambiente-al-trentino-alto-adige-per-il-decreto-lupo-orso-che-prevede-labbattimento\\\/#breadcrumb\"},\"inLanguage\":\"fr-FR\",\"potentialAction\":[{\"@type\":\"ReadAction\",\"target\":[\"https:\\\/\\\/www.bellunopress.it\\\/2018\\\/07\\\/02\\\/bandiera-nera-di-legambiente-al-trentino-alto-adige-per-il-decreto-lupo-orso-che-prevede-labbattimento\\\/\"]}]},{\"@type\":\"ImageObject\",\"inLanguage\":\"fr-FR\",\"@id\":\"https:\\\/\\\/www.bellunopress.it\\\/2018\\\/07\\\/02\\\/bandiera-nera-di-legambiente-al-trentino-alto-adige-per-il-decreto-lupo-orso-che-prevede-labbattimento\\\/#primaryimage\",\"url\":\"http:\\\/\\\/www.bellunopress.it\\\/wp-content\\\/uploads\\\/2017\\\/11\\\/lupo.jpeg\",\"contentUrl\":\"http:\\\/\\\/www.bellunopress.it\\\/wp-content\\\/uploads\\\/2017\\\/11\\\/lupo.jpeg\"},{\"@type\":\"BreadcrumbList\",\"@id\":\"https:\\\/\\\/www.bellunopress.it\\\/2018\\\/07\\\/02\\\/bandiera-nera-di-legambiente-al-trentino-alto-adige-per-il-decreto-lupo-orso-che-prevede-labbattimento\\\/#breadcrumb\",\"itemListElement\":[{\"@type\":\"ListItem\",\"position\":1,\"name\":\"Home\",\"item\":\"https:\\\/\\\/www.bellunopress.it\\\/\"},{\"@type\":\"ListItem\",\"position\":2,\"name\":\"Bandiera nera di Legambiente al Trentino Alto Adige per il decreto Lupo-Orso che prevede l&#8217;abbattimento\"}]},{\"@type\":\"WebSite\",\"@id\":\"https:\\\/\\\/www.bellunopress.it\\\/#website\",\"url\":\"https:\\\/\\\/www.bellunopress.it\\\/\",\"name\":\"Bellunopress - Dolomiti\",\"description\":\"e-mail: redazione@bellunopress.it\",\"publisher\":{\"@id\":\"https:\\\/\\\/www.bellunopress.it\\\/#organization\"},\"potentialAction\":[{\"@type\":\"SearchAction\",\"target\":{\"@type\":\"EntryPoint\",\"urlTemplate\":\"https:\\\/\\\/www.bellunopress.it\\\/?s={search_term_string}\"},\"query-input\":{\"@type\":\"PropertyValueSpecification\",\"valueRequired\":true,\"valueName\":\"search_term_string\"}}],\"inLanguage\":\"fr-FR\"},{\"@type\":\"Organization\",\"@id\":\"https:\\\/\\\/www.bellunopress.it\\\/#organization\",\"name\":\"Bellunopress\",\"url\":\"https:\\\/\\\/www.bellunopress.it\\\/\",\"logo\":{\"@type\":\"ImageObject\",\"inLanguage\":\"fr-FR\",\"@id\":\"https:\\\/\\\/www.bellunopress.it\\\/#\\\/schema\\\/logo\\\/image\\\/\",\"url\":\"https:\\\/\\\/www.bellunopress.it\\\/wp-content\\\/uploads\\\/2011\\\/05\\\/cropped-logo-bellunopress-.jpg\",\"contentUrl\":\"https:\\\/\\\/www.bellunopress.it\\\/wp-content\\\/uploads\\\/2011\\\/05\\\/cropped-logo-bellunopress-.jpg\",\"width\":512,\"height\":512,\"caption\":\"Bellunopress\"},\"image\":{\"@id\":\"https:\\\/\\\/www.bellunopress.it\\\/#\\\/schema\\\/logo\\\/image\\\/\"},\"sameAs\":[\"https:\\\/\\\/www.facebook.com\\\/profile.php?id=100008943462799\",\"https:\\\/\\\/x.com\\\/bellunopress\",\"https:\\\/\\\/www.linkedin.com\\\/hp\\\/?dnr=JBzUWaJfMUw8vbXJJ2tVW5-I3jZKvC4wsoxE&amp;amp;amp;amp;amp;amp;trk=nav_responsive_tab_home\",\"https:\\\/\\\/www.youtube.com\\\/channel\\\/UCxL0wu1uN0_3_7hGG0306cw\"]},{\"@type\":\"Person\",\"@id\":\"https:\\\/\\\/www.bellunopress.it\\\/#\\\/schema\\\/person\\\/79bb06722b37ece1c03d3e94beb30d73\",\"name\":\"redazione\",\"image\":{\"@type\":\"ImageObject\",\"inLanguage\":\"fr-FR\",\"@id\":\"https:\\\/\\\/secure.gravatar.com\\\/avatar\\\/37d968a2e67a6fd04c169c4bdef102d0bc5d31b2546345219e348575eb80e9a0?s=96&d=mm&r=g\",\"url\":\"https:\\\/\\\/secure.gravatar.com\\\/avatar\\\/37d968a2e67a6fd04c169c4bdef102d0bc5d31b2546345219e348575eb80e9a0?s=96&d=mm&r=g\",\"contentUrl\":\"https:\\\/\\\/secure.gravatar.com\\\/avatar\\\/37d968a2e67a6fd04c169c4bdef102d0bc5d31b2546345219e348575eb80e9a0?s=96&d=mm&r=g\",\"caption\":\"redazione\"},\"sameAs\":[\"http:\\\/\\\/www.bellunopress.it\",\"https:\\\/\\\/x.com\\\/bellunopress\"],\"url\":\"https:\\\/\\\/www.bellunopress.it\\\/fr\\\/author\\\/redazione\\\/\"}]}<\/script>\n<!-- \/ Yoast SEO plugin. -->","yoast_head_json":{"title":"Bandiera nera di Legambiente al Trentino Alto Adige per il decreto Lupo-Orso che prevede l'abbattimento - Bellunopress - Dolomiti","robots":{"index":"index","follow":"follow","max-snippet":"max-snippet:-1","max-image-preview":"max-image-preview:large","max-video-preview":"max-video-preview:-1"},"canonical":"https:\/\/www.bellunopress.it\/fr\/2018\/07\/02\/bandiera-nera-di-legambiente-al-trentino-alto-adige-per-il-decreto-lupo-orso-che-prevede-labbattimento\/","og_locale":"fr_FR","og_type":"article","og_title":"Bandiera nera di Legambiente al Trentino Alto Adige per il decreto Lupo-Orso che prevede l'abbattimento - Bellunopress - Dolomiti","og_description":"Legambiente boccia Trentino e Alto Adige con la bandiera nera per il ddl lupo-orso. Lo scrive\u00a0Luca Pianesi sul quotidiano on line di Trento www.ildolomiti.it nostro media partner. Trento &#8211; La notizia ha del clamoroso, visto che ogni anno sui giornali e nei servizi televisivi il nostro territorio regionale strappa premi e consensi per le sue [&hellip;]","og_url":"https:\/\/www.bellunopress.it\/fr\/2018\/07\/02\/bandiera-nera-di-legambiente-al-trentino-alto-adige-per-il-decreto-lupo-orso-che-prevede-labbattimento\/","og_site_name":"Bellunopress - Dolomiti","article_publisher":"https:\/\/www.facebook.com\/profile.php?id=100008943462799","article_published_time":"2018-07-02T08:57:36+00:00","og_image":[{"url":"http:\/\/www.bellunopress.it\/wp-content\/uploads\/2017\/11\/lupo.jpeg","type":"","width":"","height":""}],"author":"redazione","twitter_card":"summary_large_image","twitter_creator":"@bellunopress","twitter_site":"@bellunopress","twitter_misc":{"\u00c9crit par":"redazione","Dur\u00e9e de lecture estim\u00e9e":"3 minutes"},"schema":{"@context":"https:\/\/schema.org","@graph":[{"@type":"Article","@id":"https:\/\/www.bellunopress.it\/2018\/07\/02\/bandiera-nera-di-legambiente-al-trentino-alto-adige-per-il-decreto-lupo-orso-che-prevede-labbattimento\/#article","isPartOf":{"@id":"https:\/\/www.bellunopress.it\/2018\/07\/02\/bandiera-nera-di-legambiente-al-trentino-alto-adige-per-il-decreto-lupo-orso-che-prevede-labbattimento\/"},"author":{"name":"redazione","@id":"https:\/\/www.bellunopress.it\/#\/schema\/person\/79bb06722b37ece1c03d3e94beb30d73"},"headline":"Bandiera nera di Legambiente al Trentino Alto Adige per il decreto Lupo-Orso che prevede l&#8217;abbattimento","datePublished":"2018-07-02T08:57:36+00:00","mainEntityOfPage":{"@id":"https:\/\/www.bellunopress.it\/2018\/07\/02\/bandiera-nera-di-legambiente-al-trentino-alto-adige-per-il-decreto-lupo-orso-che-prevede-labbattimento\/"},"wordCount":632,"publisher":{"@id":"https:\/\/www.bellunopress.it\/#organization"},"image":{"@id":"https:\/\/www.bellunopress.it\/2018\/07\/02\/bandiera-nera-di-legambiente-al-trentino-alto-adige-per-il-decreto-lupo-orso-che-prevede-labbattimento\/#primaryimage"},"thumbnailUrl":"http:\/\/www.bellunopress.it\/wp-content\/uploads\/2017\/11\/lupo.jpeg","articleSection":["Cronaca\/Politica","Lavoro, Economia, Turismo","Meteo, natura, ambiente, animali","Prima Pagina"],"inLanguage":"fr-FR"},{"@type":"WebPage","@id":"https:\/\/www.bellunopress.it\/2018\/07\/02\/bandiera-nera-di-legambiente-al-trentino-alto-adige-per-il-decreto-lupo-orso-che-prevede-labbattimento\/","url":"https:\/\/www.bellunopress.it\/2018\/07\/02\/bandiera-nera-di-legambiente-al-trentino-alto-adige-per-il-decreto-lupo-orso-che-prevede-labbattimento\/","name":"Bandiera nera di Legambiente al Trentino Alto Adige per il decreto Lupo-Orso che prevede l'abbattimento - Bellunopress - Dolomiti","isPartOf":{"@id":"https:\/\/www.bellunopress.it\/#website"},"primaryImageOfPage":{"@id":"https:\/\/www.bellunopress.it\/2018\/07\/02\/bandiera-nera-di-legambiente-al-trentino-alto-adige-per-il-decreto-lupo-orso-che-prevede-labbattimento\/#primaryimage"},"image":{"@id":"https:\/\/www.bellunopress.it\/2018\/07\/02\/bandiera-nera-di-legambiente-al-trentino-alto-adige-per-il-decreto-lupo-orso-che-prevede-labbattimento\/#primaryimage"},"thumbnailUrl":"http:\/\/www.bellunopress.it\/wp-content\/uploads\/2017\/11\/lupo.jpeg","datePublished":"2018-07-02T08:57:36+00:00","breadcrumb":{"@id":"https:\/\/www.bellunopress.it\/2018\/07\/02\/bandiera-nera-di-legambiente-al-trentino-alto-adige-per-il-decreto-lupo-orso-che-prevede-labbattimento\/#breadcrumb"},"inLanguage":"fr-FR","potentialAction":[{"@type":"ReadAction","target":["https:\/\/www.bellunopress.it\/2018\/07\/02\/bandiera-nera-di-legambiente-al-trentino-alto-adige-per-il-decreto-lupo-orso-che-prevede-labbattimento\/"]}]},{"@type":"ImageObject","inLanguage":"fr-FR","@id":"https:\/\/www.bellunopress.it\/2018\/07\/02\/bandiera-nera-di-legambiente-al-trentino-alto-adige-per-il-decreto-lupo-orso-che-prevede-labbattimento\/#primaryimage","url":"http:\/\/www.bellunopress.it\/wp-content\/uploads\/2017\/11\/lupo.jpeg","contentUrl":"http:\/\/www.bellunopress.it\/wp-content\/uploads\/2017\/11\/lupo.jpeg"},{"@type":"BreadcrumbList","@id":"https:\/\/www.bellunopress.it\/2018\/07\/02\/bandiera-nera-di-legambiente-al-trentino-alto-adige-per-il-decreto-lupo-orso-che-prevede-labbattimento\/#breadcrumb","itemListElement":[{"@type":"ListItem","position":1,"name":"Home","item":"https:\/\/www.bellunopress.it\/"},{"@type":"ListItem","position":2,"name":"Bandiera nera di Legambiente al Trentino Alto Adige per il decreto Lupo-Orso che prevede l&#8217;abbattimento"}]},{"@type":"WebSite","@id":"https:\/\/www.bellunopress.it\/#website","url":"https:\/\/www.bellunopress.it\/","name":"Bellunopress - Dolomiti","description":"e-mail: redazione@bellunopress.it","publisher":{"@id":"https:\/\/www.bellunopress.it\/#organization"},"potentialAction":[{"@type":"SearchAction","target":{"@type":"EntryPoint","urlTemplate":"https:\/\/www.bellunopress.it\/?s={search_term_string}"},"query-input":{"@type":"PropertyValueSpecification","valueRequired":true,"valueName":"search_term_string"}}],"inLanguage":"fr-FR"},{"@type":"Organization","@id":"https:\/\/www.bellunopress.it\/#organization","name":"Bellunopress","url":"https:\/\/www.bellunopress.it\/","logo":{"@type":"ImageObject","inLanguage":"fr-FR","@id":"https:\/\/www.bellunopress.it\/#\/schema\/logo\/image\/","url":"https:\/\/www.bellunopress.it\/wp-content\/uploads\/2011\/05\/cropped-logo-bellunopress-.jpg","contentUrl":"https:\/\/www.bellunopress.it\/wp-content\/uploads\/2011\/05\/cropped-logo-bellunopress-.jpg","width":512,"height":512,"caption":"Bellunopress"},"image":{"@id":"https:\/\/www.bellunopress.it\/#\/schema\/logo\/image\/"},"sameAs":["https:\/\/www.facebook.com\/profile.php?id=100008943462799","https:\/\/x.com\/bellunopress","https:\/\/www.linkedin.com\/hp\/?dnr=JBzUWaJfMUw8vbXJJ2tVW5-I3jZKvC4wsoxE&amp;amp;amp;amp;amp;amp;trk=nav_responsive_tab_home","https:\/\/www.youtube.com\/channel\/UCxL0wu1uN0_3_7hGG0306cw"]},{"@type":"Person","@id":"https:\/\/www.bellunopress.it\/#\/schema\/person\/79bb06722b37ece1c03d3e94beb30d73","name":"r\u00e9daction","image":{"@type":"ImageObject","inLanguage":"fr-FR","@id":"https:\/\/secure.gravatar.com\/avatar\/37d968a2e67a6fd04c169c4bdef102d0bc5d31b2546345219e348575eb80e9a0?s=96&d=mm&r=g","url":"https:\/\/secure.gravatar.com\/avatar\/37d968a2e67a6fd04c169c4bdef102d0bc5d31b2546345219e348575eb80e9a0?s=96&d=mm&r=g","contentUrl":"https:\/\/secure.gravatar.com\/avatar\/37d968a2e67a6fd04c169c4bdef102d0bc5d31b2546345219e348575eb80e9a0?s=96&d=mm&r=g","caption":"redazione"},"sameAs":["http:\/\/www.bellunopress.it","https:\/\/x.com\/bellunopress"],"url":"https:\/\/www.bellunopress.it\/fr\/author\/redazione\/"}]}},"_links":{"self":[{"href":"https:\/\/www.bellunopress.it\/fr\/wp-json\/wp\/v2\/posts\/96053","targetHints":{"allow":["GET"]}}],"collection":[{"href":"https:\/\/www.bellunopress.it\/fr\/wp-json\/wp\/v2\/posts"}],"about":[{"href":"https:\/\/www.bellunopress.it\/fr\/wp-json\/wp\/v2\/types\/post"}],"author":[{"embeddable":true,"href":"https:\/\/www.bellunopress.it\/fr\/wp-json\/wp\/v2\/users\/2"}],"replies":[{"embeddable":true,"href":"https:\/\/www.bellunopress.it\/fr\/wp-json\/wp\/v2\/comments?post=96053"}],"version-history":[{"count":1,"href":"https:\/\/www.bellunopress.it\/fr\/wp-json\/wp\/v2\/posts\/96053\/revisions"}],"predecessor-version":[{"id":96054,"href":"https:\/\/www.bellunopress.it\/fr\/wp-json\/wp\/v2\/posts\/96053\/revisions\/96054"}],"wp:attachment":[{"href":"https:\/\/www.bellunopress.it\/fr\/wp-json\/wp\/v2\/media?parent=96053"}],"wp:term":[{"taxonomy":"category","embeddable":true,"href":"https:\/\/www.bellunopress.it\/fr\/wp-json\/wp\/v2\/categories?post=96053"},{"taxonomy":"post_tag","embeddable":true,"href":"https:\/\/www.bellunopress.it\/fr\/wp-json\/wp\/v2\/tags?post=96053"}],"curies":[{"name":"wp","href":"https:\/\/api.w.org\/{rel}","templated":true}]}}