{"id":96043,"date":"2018-07-02T06:50:13","date_gmt":"2018-07-02T04:50:13","guid":{"rendered":"http:\/\/www.bellunopress.it\/?p=96043"},"modified":"2018-07-02T06:50:13","modified_gmt":"2018-07-02T04:50:13","slug":"quale-futuro-per-le-terre-alte-sabato-a-canale-dagordo-lincontro-promosso-dal-gruppo-ctg-terre-alte","status":"publish","type":"post","link":"https:\/\/www.bellunopress.it\/fr\/2018\/07\/02\/quale-futuro-per-le-terre-alte-sabato-a-canale-dagordo-lincontro-promosso-dal-gruppo-ctg-terre-alte\/","title":{"rendered":"Quale futuro per le Terre Alte? Sabato a Canale d&#8217;Agordo l&#8217;incontro promosso dal Gruppo Ctg &#8220;Terre Alte&#8221;"},"content":{"rendered":"<p>&#8220;Quale futuro per le Terre Alte?&#8221; , l&#8217;incontro si terr\u00e0 sabato 7 luglio alle ore 20,15 alla Sala Conferenze &#8220;Ex Cavallino&#8221; (vicino al Musal) in Via al Forn, a Canale d&#8217;Agordo, su iniziativa del\u00a0Gruppo CTG &#8220;Terre Alte&#8221;.<\/p>\n<p><a href=\"http:\/\/www.bellunopress.it\/fr\/2018\/05\/30\/con-la-bella-stagione-in-arrivo-ecco-alcune-delle-migliori-gite-da-fare-in-auto-nelle-dolomiti\/dolomiti-1\/\" rel=\"attachment wp-att-95391\"><img loading=\"lazy\" decoding=\"async\" class=\"alignleft size-full wp-image-95391\" src=\"http:\/\/www.bellunopress.it\/wp-content\/uploads\/2018\/05\/Dolomiti-1.jpg\" alt=\"\" width=\"300\" height=\"225\" \/><\/a>Saranno graditi ospiti: Elena Testor (Senatrice e Procuradora del Comun General de Fascia), Don Marco De March (Consulente Ecclesiastico del CTG Belluno) e Chiara Paoli (professionista dei beni culturali e giornalista pubblicista, collaboratrice dell&#8217;Istituto Culturale Valle dei Mocheni\/Bersntol).<\/p>\n<p>Un&#8217;occasione speciale per ascoltare delle testimonianze di personaggi impegnati in ambito politico, del turismo, del mondo ecclesiale e della cultura. Non mancher\u00e0 lo spazio per un dialogo e poter interrogarsi insieme sul futuro delle Terre Alte, anche avviando collaborazioni future tra zone di montagna diverse. Non solo una chiacchierata, ma un punto di partenza per un cammino insieme. Cos\u00ec, tra mondo bellunese e mondo trentino potr\u00e0 esserci una maggiore collaborazione, che potr\u00e0 essere di aiuto nel tempo che verr\u00e0.<\/p>","protected":false},"excerpt":{"rendered":"<p>&#8220;Quale futuro per le Terre Alte?&#8221; , l&#8217;incontro si terr\u00e0 sabato 7 luglio alle ore 20,15 alla Sala Conferenze &#8220;Ex Cavallino&#8221; (vicino al Musal) in Via al Forn, a Canale d&#8217;Agordo, su iniziativa del\u00a0Gruppo CTG &#8220;Terre Alte&#8221;. Saranno graditi ospiti: Elena Testor (Senatrice e Procuradora del Comun General de Fascia), Don Marco De March (Consulente [&hellip;]<\/p>\n","protected":false},"author":2,"featured_media":0,"comment_status":"closed","ping_status":"open","sticky":false,"template":"","format":"standard","meta":{"footnotes":""},"categories":[27,3,25],"tags":[],"class_list":["post-96043","post","type-post","status-publish","format-standard","category-appuntamenti","category-arte-cultura-spettacoli-scienza-archivi","category-pausa-caffe"],"yoast_head":"<!-- This site is optimized with the Yoast SEO plugin v28.4 - https:\/\/yoast.com\/product\/yoast-seo-wordpress\/ -->\n<title>Quale futuro per le Terre Alte? Sabato a Canale d&#039;Agordo l&#039;incontro promosso dal Gruppo Ctg &quot;Terre Alte&quot; - Bellunopress - Dolomiti<\/title>\n<meta name=\"robots\" content=\"index, follow, max-snippet:-1, max-image-preview:large, max-video-preview:-1\" \/>\n<link rel=\"canonical\" href=\"https:\/\/www.bellunopress.it\/fr\/2018\/07\/02\/quale-futuro-per-le-terre-alte-sabato-a-canale-dagordo-lincontro-promosso-dal-gruppo-ctg-terre-alte\/\" \/>\n<meta property=\"og:locale\" content=\"fr_FR\" \/>\n<meta property=\"og:type\" content=\"article\" \/>\n<meta property=\"og:title\" content=\"Quale futuro per le Terre Alte? Sabato a Canale d&#039;Agordo l&#039;incontro promosso dal Gruppo Ctg &quot;Terre Alte&quot; - Bellunopress - Dolomiti\" \/>\n<meta property=\"og:description\" content=\"&#8220;Quale futuro per le Terre Alte?&#8221; , l&#8217;incontro si terr\u00e0 sabato 7 luglio alle ore 20,15 alla Sala Conferenze &#8220;Ex Cavallino&#8221; (vicino al Musal) in Via al Forn, a Canale d&#8217;Agordo, su iniziativa del\u00a0Gruppo CTG &#8220;Terre Alte&#8221;. Saranno graditi ospiti: Elena Testor (Senatrice e Procuradora del Comun General de Fascia), Don Marco De March (Consulente [&hellip;]\" \/>\n<meta property=\"og:url\" content=\"https:\/\/www.bellunopress.it\/fr\/2018\/07\/02\/quale-futuro-per-le-terre-alte-sabato-a-canale-dagordo-lincontro-promosso-dal-gruppo-ctg-terre-alte\/\" \/>\n<meta property=\"og:site_name\" content=\"Bellunopress - Dolomiti\" \/>\n<meta property=\"article:publisher\" content=\"https:\/\/www.facebook.com\/profile.php?id=100008943462799\" \/>\n<meta property=\"article:published_time\" content=\"2018-07-02T04:50:13+00:00\" \/>\n<meta property=\"og:image\" content=\"http:\/\/www.bellunopress.it\/wp-content\/uploads\/2018\/05\/Dolomiti-1.jpg\" \/>\n<meta name=\"author\" content=\"redazione\" \/>\n<meta name=\"twitter:card\" content=\"summary_large_image\" \/>\n<meta name=\"twitter:creator\" content=\"@bellunopress\" \/>\n<meta name=\"twitter:site\" content=\"@bellunopress\" \/>\n<meta name=\"twitter:label1\" content=\"Written by\" \/>\n\t<meta name=\"twitter:data1\" content=\"redazione\" \/>\n\t<meta name=\"twitter:label2\" content=\"Est. reading time\" \/>\n\t<meta name=\"twitter:data2\" content=\"1 minute\" \/>\n<script type=\"application\/ld+json\" class=\"yoast-schema-graph\">{\"@context\":\"https:\\\/\\\/schema.org\",\"@graph\":[{\"@type\":\"Article\",\"@id\":\"https:\\\/\\\/www.bellunopress.it\\\/2018\\\/07\\\/02\\\/quale-futuro-per-le-terre-alte-sabato-a-canale-dagordo-lincontro-promosso-dal-gruppo-ctg-terre-alte\\\/#article\",\"isPartOf\":{\"@id\":\"https:\\\/\\\/www.bellunopress.it\\\/2018\\\/07\\\/02\\\/quale-futuro-per-le-terre-alte-sabato-a-canale-dagordo-lincontro-promosso-dal-gruppo-ctg-terre-alte\\\/\"},\"author\":{\"name\":\"redazione\",\"@id\":\"https:\\\/\\\/www.bellunopress.it\\\/#\\\/schema\\\/person\\\/79bb06722b37ece1c03d3e94beb30d73\"},\"headline\":\"Quale futuro per le Terre Alte? Sabato a Canale d&#8217;Agordo l&#8217;incontro promosso dal Gruppo Ctg &#8220;Terre Alte&#8221;\",\"datePublished\":\"2018-07-02T04:50:13+00:00\",\"mainEntityOfPage\":{\"@id\":\"https:\\\/\\\/www.bellunopress.it\\\/2018\\\/07\\\/02\\\/quale-futuro-per-le-terre-alte-sabato-a-canale-dagordo-lincontro-promosso-dal-gruppo-ctg-terre-alte\\\/\"},\"wordCount\":176,\"publisher\":{\"@id\":\"https:\\\/\\\/www.bellunopress.it\\\/#organization\"},\"image\":{\"@id\":\"https:\\\/\\\/www.bellunopress.it\\\/2018\\\/07\\\/02\\\/quale-futuro-per-le-terre-alte-sabato-a-canale-dagordo-lincontro-promosso-dal-gruppo-ctg-terre-alte\\\/#primaryimage\"},\"thumbnailUrl\":\"http:\\\/\\\/www.bellunopress.it\\\/wp-content\\\/uploads\\\/2018\\\/05\\\/Dolomiti-1.jpg\",\"articleSection\":[\"Appuntamenti, Eventi\",\"Arte, Cultura, Spettacoli, Scienza\",\"Pausa Caff\u00e8\"],\"inLanguage\":\"fr-FR\"},{\"@type\":\"WebPage\",\"@id\":\"https:\\\/\\\/www.bellunopress.it\\\/2018\\\/07\\\/02\\\/quale-futuro-per-le-terre-alte-sabato-a-canale-dagordo-lincontro-promosso-dal-gruppo-ctg-terre-alte\\\/\",\"url\":\"https:\\\/\\\/www.bellunopress.it\\\/2018\\\/07\\\/02\\\/quale-futuro-per-le-terre-alte-sabato-a-canale-dagordo-lincontro-promosso-dal-gruppo-ctg-terre-alte\\\/\",\"name\":\"Quale futuro per le Terre Alte? Sabato a Canale d'Agordo l'incontro promosso dal Gruppo Ctg \\\"Terre Alte\\\" - Bellunopress - Dolomiti\",\"isPartOf\":{\"@id\":\"https:\\\/\\\/www.bellunopress.it\\\/#website\"},\"primaryImageOfPage\":{\"@id\":\"https:\\\/\\\/www.bellunopress.it\\\/2018\\\/07\\\/02\\\/quale-futuro-per-le-terre-alte-sabato-a-canale-dagordo-lincontro-promosso-dal-gruppo-ctg-terre-alte\\\/#primaryimage\"},\"image\":{\"@id\":\"https:\\\/\\\/www.bellunopress.it\\\/2018\\\/07\\\/02\\\/quale-futuro-per-le-terre-alte-sabato-a-canale-dagordo-lincontro-promosso-dal-gruppo-ctg-terre-alte\\\/#primaryimage\"},\"thumbnailUrl\":\"http:\\\/\\\/www.bellunopress.it\\\/wp-content\\\/uploads\\\/2018\\\/05\\\/Dolomiti-1.jpg\",\"datePublished\":\"2018-07-02T04:50:13+00:00\",\"breadcrumb\":{\"@id\":\"https:\\\/\\\/www.bellunopress.it\\\/2018\\\/07\\\/02\\\/quale-futuro-per-le-terre-alte-sabato-a-canale-dagordo-lincontro-promosso-dal-gruppo-ctg-terre-alte\\\/#breadcrumb\"},\"inLanguage\":\"fr-FR\",\"potentialAction\":[{\"@type\":\"ReadAction\",\"target\":[\"https:\\\/\\\/www.bellunopress.it\\\/2018\\\/07\\\/02\\\/quale-futuro-per-le-terre-alte-sabato-a-canale-dagordo-lincontro-promosso-dal-gruppo-ctg-terre-alte\\\/\"]}]},{\"@type\":\"ImageObject\",\"inLanguage\":\"fr-FR\",\"@id\":\"https:\\\/\\\/www.bellunopress.it\\\/2018\\\/07\\\/02\\\/quale-futuro-per-le-terre-alte-sabato-a-canale-dagordo-lincontro-promosso-dal-gruppo-ctg-terre-alte\\\/#primaryimage\",\"url\":\"http:\\\/\\\/www.bellunopress.it\\\/wp-content\\\/uploads\\\/2018\\\/05\\\/Dolomiti-1.jpg\",\"contentUrl\":\"http:\\\/\\\/www.bellunopress.it\\\/wp-content\\\/uploads\\\/2018\\\/05\\\/Dolomiti-1.jpg\"},{\"@type\":\"BreadcrumbList\",\"@id\":\"https:\\\/\\\/www.bellunopress.it\\\/2018\\\/07\\\/02\\\/quale-futuro-per-le-terre-alte-sabato-a-canale-dagordo-lincontro-promosso-dal-gruppo-ctg-terre-alte\\\/#breadcrumb\",\"itemListElement\":[{\"@type\":\"ListItem\",\"position\":1,\"name\":\"Home\",\"item\":\"https:\\\/\\\/www.bellunopress.it\\\/\"},{\"@type\":\"ListItem\",\"position\":2,\"name\":\"Quale futuro per le Terre Alte? Sabato a Canale d&#8217;Agordo l&#8217;incontro promosso dal Gruppo Ctg &#8220;Terre Alte&#8221;\"}]},{\"@type\":\"WebSite\",\"@id\":\"https:\\\/\\\/www.bellunopress.it\\\/#website\",\"url\":\"https:\\\/\\\/www.bellunopress.it\\\/\",\"name\":\"Bellunopress - Dolomiti\",\"description\":\"e-mail: redazione@bellunopress.it\",\"publisher\":{\"@id\":\"https:\\\/\\\/www.bellunopress.it\\\/#organization\"},\"potentialAction\":[{\"@type\":\"SearchAction\",\"target\":{\"@type\":\"EntryPoint\",\"urlTemplate\":\"https:\\\/\\\/www.bellunopress.it\\\/?s={search_term_string}\"},\"query-input\":{\"@type\":\"PropertyValueSpecification\",\"valueRequired\":true,\"valueName\":\"search_term_string\"}}],\"inLanguage\":\"fr-FR\"},{\"@type\":\"Organization\",\"@id\":\"https:\\\/\\\/www.bellunopress.it\\\/#organization\",\"name\":\"Bellunopress\",\"url\":\"https:\\\/\\\/www.bellunopress.it\\\/\",\"logo\":{\"@type\":\"ImageObject\",\"inLanguage\":\"fr-FR\",\"@id\":\"https:\\\/\\\/www.bellunopress.it\\\/#\\\/schema\\\/logo\\\/image\\\/\",\"url\":\"https:\\\/\\\/www.bellunopress.it\\\/wp-content\\\/uploads\\\/2011\\\/05\\\/cropped-logo-bellunopress-.jpg\",\"contentUrl\":\"https:\\\/\\\/www.bellunopress.it\\\/wp-content\\\/uploads\\\/2011\\\/05\\\/cropped-logo-bellunopress-.jpg\",\"width\":512,\"height\":512,\"caption\":\"Bellunopress\"},\"image\":{\"@id\":\"https:\\\/\\\/www.bellunopress.it\\\/#\\\/schema\\\/logo\\\/image\\\/\"},\"sameAs\":[\"https:\\\/\\\/www.facebook.com\\\/profile.php?id=100008943462799\",\"https:\\\/\\\/x.com\\\/bellunopress\",\"https:\\\/\\\/www.linkedin.com\\\/hp\\\/?dnr=JBzUWaJfMUw8vbXJJ2tVW5-I3jZKvC4wsoxE&amp;amp;amp;amp;amp;amp;trk=nav_responsive_tab_home\",\"https:\\\/\\\/www.youtube.com\\\/channel\\\/UCxL0wu1uN0_3_7hGG0306cw\"]},{\"@type\":\"Person\",\"@id\":\"https:\\\/\\\/www.bellunopress.it\\\/#\\\/schema\\\/person\\\/79bb06722b37ece1c03d3e94beb30d73\",\"name\":\"redazione\",\"image\":{\"@type\":\"ImageObject\",\"inLanguage\":\"fr-FR\",\"@id\":\"https:\\\/\\\/secure.gravatar.com\\\/avatar\\\/37d968a2e67a6fd04c169c4bdef102d0bc5d31b2546345219e348575eb80e9a0?s=96&d=mm&r=g\",\"url\":\"https:\\\/\\\/secure.gravatar.com\\\/avatar\\\/37d968a2e67a6fd04c169c4bdef102d0bc5d31b2546345219e348575eb80e9a0?s=96&d=mm&r=g\",\"contentUrl\":\"https:\\\/\\\/secure.gravatar.com\\\/avatar\\\/37d968a2e67a6fd04c169c4bdef102d0bc5d31b2546345219e348575eb80e9a0?s=96&d=mm&r=g\",\"caption\":\"redazione\"},\"sameAs\":[\"http:\\\/\\\/www.bellunopress.it\",\"https:\\\/\\\/x.com\\\/bellunopress\"],\"url\":\"https:\\\/\\\/www.bellunopress.it\\\/fr\\\/author\\\/redazione\\\/\"}]}<\/script>\n<!-- \/ Yoast SEO plugin. -->","yoast_head_json":{"title":"Quale futuro per le Terre Alte? Sabato a Canale d'Agordo l'incontro promosso dal Gruppo Ctg \"Terre Alte\" - Bellunopress - Dolomiti","robots":{"index":"index","follow":"follow","max-snippet":"max-snippet:-1","max-image-preview":"max-image-preview:large","max-video-preview":"max-video-preview:-1"},"canonical":"https:\/\/www.bellunopress.it\/fr\/2018\/07\/02\/quale-futuro-per-le-terre-alte-sabato-a-canale-dagordo-lincontro-promosso-dal-gruppo-ctg-terre-alte\/","og_locale":"fr_FR","og_type":"article","og_title":"Quale futuro per le Terre Alte? Sabato a Canale d'Agordo l'incontro promosso dal Gruppo Ctg \"Terre Alte\" - Bellunopress - Dolomiti","og_description":"&#8220;Quale futuro per le Terre Alte?&#8221; , l&#8217;incontro si terr\u00e0 sabato 7 luglio alle ore 20,15 alla Sala Conferenze &#8220;Ex Cavallino&#8221; (vicino al Musal) in Via al Forn, a Canale d&#8217;Agordo, su iniziativa del\u00a0Gruppo CTG &#8220;Terre Alte&#8221;. Saranno graditi ospiti: Elena Testor (Senatrice e Procuradora del Comun General de Fascia), Don Marco De March (Consulente [&hellip;]","og_url":"https:\/\/www.bellunopress.it\/fr\/2018\/07\/02\/quale-futuro-per-le-terre-alte-sabato-a-canale-dagordo-lincontro-promosso-dal-gruppo-ctg-terre-alte\/","og_site_name":"Bellunopress - Dolomiti","article_publisher":"https:\/\/www.facebook.com\/profile.php?id=100008943462799","article_published_time":"2018-07-02T04:50:13+00:00","og_image":[{"url":"http:\/\/www.bellunopress.it\/wp-content\/uploads\/2018\/05\/Dolomiti-1.jpg","type":"","width":"","height":""}],"author":"redazione","twitter_card":"summary_large_image","twitter_creator":"@bellunopress","twitter_site":"@bellunopress","twitter_misc":{"Written by":"redazione","Est. reading time":"1 minute"},"schema":{"@context":"https:\/\/schema.org","@graph":[{"@type":"Article","@id":"https:\/\/www.bellunopress.it\/2018\/07\/02\/quale-futuro-per-le-terre-alte-sabato-a-canale-dagordo-lincontro-promosso-dal-gruppo-ctg-terre-alte\/#article","isPartOf":{"@id":"https:\/\/www.bellunopress.it\/2018\/07\/02\/quale-futuro-per-le-terre-alte-sabato-a-canale-dagordo-lincontro-promosso-dal-gruppo-ctg-terre-alte\/"},"author":{"name":"redazione","@id":"https:\/\/www.bellunopress.it\/#\/schema\/person\/79bb06722b37ece1c03d3e94beb30d73"},"headline":"Quale futuro per le Terre Alte? Sabato a Canale d&#8217;Agordo l&#8217;incontro promosso dal Gruppo Ctg &#8220;Terre Alte&#8221;","datePublished":"2018-07-02T04:50:13+00:00","mainEntityOfPage":{"@id":"https:\/\/www.bellunopress.it\/2018\/07\/02\/quale-futuro-per-le-terre-alte-sabato-a-canale-dagordo-lincontro-promosso-dal-gruppo-ctg-terre-alte\/"},"wordCount":176,"publisher":{"@id":"https:\/\/www.bellunopress.it\/#organization"},"image":{"@id":"https:\/\/www.bellunopress.it\/2018\/07\/02\/quale-futuro-per-le-terre-alte-sabato-a-canale-dagordo-lincontro-promosso-dal-gruppo-ctg-terre-alte\/#primaryimage"},"thumbnailUrl":"http:\/\/www.bellunopress.it\/wp-content\/uploads\/2018\/05\/Dolomiti-1.jpg","articleSection":["Appuntamenti, Eventi","Arte, Cultura, Spettacoli, Scienza","Pausa Caff\u00e8"],"inLanguage":"fr-FR"},{"@type":"WebPage","@id":"https:\/\/www.bellunopress.it\/2018\/07\/02\/quale-futuro-per-le-terre-alte-sabato-a-canale-dagordo-lincontro-promosso-dal-gruppo-ctg-terre-alte\/","url":"https:\/\/www.bellunopress.it\/2018\/07\/02\/quale-futuro-per-le-terre-alte-sabato-a-canale-dagordo-lincontro-promosso-dal-gruppo-ctg-terre-alte\/","name":"Quale futuro per le Terre Alte? Sabato a Canale d'Agordo l'incontro promosso dal Gruppo Ctg \"Terre Alte\" - Bellunopress - Dolomiti","isPartOf":{"@id":"https:\/\/www.bellunopress.it\/#website"},"primaryImageOfPage":{"@id":"https:\/\/www.bellunopress.it\/2018\/07\/02\/quale-futuro-per-le-terre-alte-sabato-a-canale-dagordo-lincontro-promosso-dal-gruppo-ctg-terre-alte\/#primaryimage"},"image":{"@id":"https:\/\/www.bellunopress.it\/2018\/07\/02\/quale-futuro-per-le-terre-alte-sabato-a-canale-dagordo-lincontro-promosso-dal-gruppo-ctg-terre-alte\/#primaryimage"},"thumbnailUrl":"http:\/\/www.bellunopress.it\/wp-content\/uploads\/2018\/05\/Dolomiti-1.jpg","datePublished":"2018-07-02T04:50:13+00:00","breadcrumb":{"@id":"https:\/\/www.bellunopress.it\/2018\/07\/02\/quale-futuro-per-le-terre-alte-sabato-a-canale-dagordo-lincontro-promosso-dal-gruppo-ctg-terre-alte\/#breadcrumb"},"inLanguage":"fr-FR","potentialAction":[{"@type":"ReadAction","target":["https:\/\/www.bellunopress.it\/2018\/07\/02\/quale-futuro-per-le-terre-alte-sabato-a-canale-dagordo-lincontro-promosso-dal-gruppo-ctg-terre-alte\/"]}]},{"@type":"ImageObject","inLanguage":"fr-FR","@id":"https:\/\/www.bellunopress.it\/2018\/07\/02\/quale-futuro-per-le-terre-alte-sabato-a-canale-dagordo-lincontro-promosso-dal-gruppo-ctg-terre-alte\/#primaryimage","url":"http:\/\/www.bellunopress.it\/wp-content\/uploads\/2018\/05\/Dolomiti-1.jpg","contentUrl":"http:\/\/www.bellunopress.it\/wp-content\/uploads\/2018\/05\/Dolomiti-1.jpg"},{"@type":"BreadcrumbList","@id":"https:\/\/www.bellunopress.it\/2018\/07\/02\/quale-futuro-per-le-terre-alte-sabato-a-canale-dagordo-lincontro-promosso-dal-gruppo-ctg-terre-alte\/#breadcrumb","itemListElement":[{"@type":"ListItem","position":1,"name":"Home","item":"https:\/\/www.bellunopress.it\/"},{"@type":"ListItem","position":2,"name":"Quale futuro per le Terre Alte? Sabato a Canale d&#8217;Agordo l&#8217;incontro promosso dal Gruppo Ctg &#8220;Terre Alte&#8221;"}]},{"@type":"WebSite","@id":"https:\/\/www.bellunopress.it\/#website","url":"https:\/\/www.bellunopress.it\/","name":"Bellunopress - Dolomiti","description":"e-mail: redazione@bellunopress.it","publisher":{"@id":"https:\/\/www.bellunopress.it\/#organization"},"potentialAction":[{"@type":"SearchAction","target":{"@type":"EntryPoint","urlTemplate":"https:\/\/www.bellunopress.it\/?s={search_term_string}"},"query-input":{"@type":"PropertyValueSpecification","valueRequired":true,"valueName":"search_term_string"}}],"inLanguage":"fr-FR"},{"@type":"Organization","@id":"https:\/\/www.bellunopress.it\/#organization","name":"Bellunopress","url":"https:\/\/www.bellunopress.it\/","logo":{"@type":"ImageObject","inLanguage":"fr-FR","@id":"https:\/\/www.bellunopress.it\/#\/schema\/logo\/image\/","url":"https:\/\/www.bellunopress.it\/wp-content\/uploads\/2011\/05\/cropped-logo-bellunopress-.jpg","contentUrl":"https:\/\/www.bellunopress.it\/wp-content\/uploads\/2011\/05\/cropped-logo-bellunopress-.jpg","width":512,"height":512,"caption":"Bellunopress"},"image":{"@id":"https:\/\/www.bellunopress.it\/#\/schema\/logo\/image\/"},"sameAs":["https:\/\/www.facebook.com\/profile.php?id=100008943462799","https:\/\/x.com\/bellunopress","https:\/\/www.linkedin.com\/hp\/?dnr=JBzUWaJfMUw8vbXJJ2tVW5-I3jZKvC4wsoxE&amp;amp;amp;amp;amp;amp;trk=nav_responsive_tab_home","https:\/\/www.youtube.com\/channel\/UCxL0wu1uN0_3_7hGG0306cw"]},{"@type":"Person","@id":"https:\/\/www.bellunopress.it\/#\/schema\/person\/79bb06722b37ece1c03d3e94beb30d73","name":"r\u00e9daction","image":{"@type":"ImageObject","inLanguage":"fr-FR","@id":"https:\/\/secure.gravatar.com\/avatar\/37d968a2e67a6fd04c169c4bdef102d0bc5d31b2546345219e348575eb80e9a0?s=96&d=mm&r=g","url":"https:\/\/secure.gravatar.com\/avatar\/37d968a2e67a6fd04c169c4bdef102d0bc5d31b2546345219e348575eb80e9a0?s=96&d=mm&r=g","contentUrl":"https:\/\/secure.gravatar.com\/avatar\/37d968a2e67a6fd04c169c4bdef102d0bc5d31b2546345219e348575eb80e9a0?s=96&d=mm&r=g","caption":"redazione"},"sameAs":["http:\/\/www.bellunopress.it","https:\/\/x.com\/bellunopress"],"url":"https:\/\/www.bellunopress.it\/fr\/author\/redazione\/"}]}},"_links":{"self":[{"href":"https:\/\/www.bellunopress.it\/fr\/wp-json\/wp\/v2\/posts\/96043","targetHints":{"allow":["GET"]}}],"collection":[{"href":"https:\/\/www.bellunopress.it\/fr\/wp-json\/wp\/v2\/posts"}],"about":[{"href":"https:\/\/www.bellunopress.it\/fr\/wp-json\/wp\/v2\/types\/post"}],"author":[{"embeddable":true,"href":"https:\/\/www.bellunopress.it\/fr\/wp-json\/wp\/v2\/users\/2"}],"replies":[{"embeddable":true,"href":"https:\/\/www.bellunopress.it\/fr\/wp-json\/wp\/v2\/comments?post=96043"}],"version-history":[{"count":1,"href":"https:\/\/www.bellunopress.it\/fr\/wp-json\/wp\/v2\/posts\/96043\/revisions"}],"predecessor-version":[{"id":96044,"href":"https:\/\/www.bellunopress.it\/fr\/wp-json\/wp\/v2\/posts\/96043\/revisions\/96044"}],"wp:attachment":[{"href":"https:\/\/www.bellunopress.it\/fr\/wp-json\/wp\/v2\/media?parent=96043"}],"wp:term":[{"taxonomy":"category","embeddable":true,"href":"https:\/\/www.bellunopress.it\/fr\/wp-json\/wp\/v2\/categories?post=96043"},{"taxonomy":"post_tag","embeddable":true,"href":"https:\/\/www.bellunopress.it\/fr\/wp-json\/wp\/v2\/tags?post=96043"}],"curies":[{"name":"wp","href":"https:\/\/api.w.org\/{rel}","templated":true}]}}