{"id":9602,"date":"2009-11-09T17:21:12","date_gmt":"2009-11-09T16:21:12","guid":{"rendered":"http:\/\/www.bellunopress.it\/?p=9602"},"modified":"2009-11-09T17:21:12","modified_gmt":"2009-11-09T16:21:12","slug":"guida-alpina-una-professione-per-non-abbandonare-la-montagna-venerdi-il-convegno-a-lozzo","status":"publish","type":"post","link":"https:\/\/www.bellunopress.it\/fr\/2009\/11\/09\/guida-alpina-una-professione-per-non-abbandonare-la-montagna-venerdi-il-convegno-a-lozzo\/","title":{"rendered":"Guida alpina, una professione per non abbandonare la montagna. Venerd\u00ec il convegno a Lozzo"},"content":{"rendered":"<p>Si riesce a vivere facendo la Guida Alpina sulle Dolomiti? Partir\u00e0 dalla risposta a questo interrogativo la Conferenza informativa che il Comune di Lozzo, in collaborazione con la locale Sezione del Cai, ha messo in calendario per Venerd\u00ec 13 novembre alle ore 20,30 in Auditorium. L\u2019incontro \u00e8 dedicato ai giovani di Lozzo e del Cadore. A loro interesser\u00e0 conoscere come si diventa Guida Alpina, quanto costano i corsi di formazione, quante possibilit\u00e0 ci sono di lavorare in Cadore e, soprattutto, quanto si guadagna svolgendo questa professione. Ma la Conferenza prender\u00e0 in considerazione anche il ruolo che viene ad avere la Guida Alpina nel sistema turistico cadorino e dolomitico. E qui l\u2019interesse per l\u2019iniziativa travalica il fattore generazionale. Qui entrano\u00a0 in gioco l\u2019economia e la capacit\u00e0 degli operatori turistici locali di far sistema, di lavorare insieme, di proporsi insieme per rafforzare l\u2019offerta, per ottimizzare i servizi. Non mancheranno gli esempi di collaborazioni strategiche tra Albergatori e Guide, tra Gestori di rifugio e Guide e tra queste ultime e gli Enti locali che nelle Regioni contermini e negli Stati vicini stanno dando risultati lusinghieri. E da noi? Cosa manca per arrivare ad un progetto cadorino di promozione turistica che veda insieme tutti i soggetti interessati al buon funzionamento del settore? Dal confronto dovrebbero sortire quegli elementi che consentono di capire le potenzialit\u00e0 occupazionali della Guida Alpina nell\u2019ambito del comparto turistico. Per\u00f2 non si parler\u00e0 solo di turismo.<br \/>\nInterverranno anche Guide Alpine che si sono specializzate nei lavori in fune e in quota dando vita ad un interessante ventaglio di nuove opportunit\u00e0 occupazionali. La Conferenza rientra in un programma informativo che il Comune di Lozzo, in collaborazione con alcune Associazioni di categoria, ha messo a punto per fornire ai giovani tutte le informazioni utili ad intraprendere quelle attivit\u00e0 lavorative che si possono svolgere restando in Cadore, scongiurando cos\u00ec l\u2019emigrazione dei giovani e quindi lo spopolamento della montagna.<\/p>","protected":false},"excerpt":{"rendered":"<p>Si riesce a vivere facendo la Guida Alpina sulle Dolomiti? Partir\u00e0 dalla risposta a questo interrogativo la Conferenza informativa che il Comune di Lozzo, in collaborazione con la locale Sezione del Cai, ha messo in calendario per Venerd\u00ec 13 novembre alle ore 20,30 in Auditorium. L\u2019incontro \u00e8 dedicato ai giovani di Lozzo e del Cadore. [&hellip;]<\/p>\n","protected":false},"author":2,"featured_media":0,"comment_status":"closed","ping_status":"open","sticky":false,"template":"","format":"standard","meta":{"footnotes":""},"categories":[27,36,25],"tags":[151,63],"class_list":["post-9602","post","type-post","status-publish","format-standard","category-appuntamenti","category-lavoro-economia","category-pausa-caffe","tag-cadore","tag-dolomiti"],"yoast_head":"<!-- This site is optimized with the Yoast SEO plugin v28.4 - https:\/\/yoast.com\/product\/yoast-seo-wordpress\/ -->\n<title>Guida alpina, una professione per non abbandonare la montagna. Venerd\u00ec il convegno a Lozzo  - Bellunopress - Dolomiti<\/title>\n<meta name=\"robots\" content=\"index, follow, max-snippet:-1, max-image-preview:large, max-video-preview:-1\" \/>\n<link rel=\"canonical\" href=\"https:\/\/www.bellunopress.it\/fr\/2009\/11\/09\/guida-alpina-una-professione-per-non-abbandonare-la-montagna-venerdi-il-convegno-a-lozzo\/\" \/>\n<meta property=\"og:locale\" content=\"fr_FR\" \/>\n<meta property=\"og:type\" content=\"article\" \/>\n<meta property=\"og:title\" content=\"Guida alpina, una professione per non abbandonare la montagna. Venerd\u00ec il convegno a Lozzo  - Bellunopress - Dolomiti\" \/>\n<meta property=\"og:description\" content=\"Si riesce a vivere facendo la Guida Alpina sulle Dolomiti? Partir\u00e0 dalla risposta a questo interrogativo la Conferenza informativa che il Comune di Lozzo, in collaborazione con la locale Sezione del Cai, ha messo in calendario per Venerd\u00ec 13 novembre alle ore 20,30 in Auditorium. L\u2019incontro \u00e8 dedicato ai giovani di Lozzo e del Cadore. [&hellip;]\" \/>\n<meta property=\"og:url\" content=\"https:\/\/www.bellunopress.it\/fr\/2009\/11\/09\/guida-alpina-una-professione-per-non-abbandonare-la-montagna-venerdi-il-convegno-a-lozzo\/\" \/>\n<meta property=\"og:site_name\" content=\"Bellunopress - Dolomiti\" \/>\n<meta property=\"article:publisher\" content=\"https:\/\/www.facebook.com\/profile.php?id=100008943462799\" \/>\n<meta property=\"article:published_time\" content=\"2009-11-09T16:21:12+00:00\" \/>\n<meta property=\"og:image\" content=\"http:\/\/www.bellunopress.it\/wp-content\/uploads\/2012\/07\/logo-bellunopress-250x250-2012.jpg\" \/>\n<meta name=\"author\" content=\"redazione\" \/>\n<meta name=\"twitter:card\" content=\"summary_large_image\" \/>\n<meta name=\"twitter:creator\" content=\"@bellunopress\" \/>\n<meta name=\"twitter:site\" content=\"@bellunopress\" \/>\n<meta name=\"twitter:label1\" content=\"\u00c9crit par\" \/>\n\t<meta name=\"twitter:data1\" content=\"redazione\" \/>\n\t<meta name=\"twitter:label2\" content=\"Dur\u00e9e de lecture estim\u00e9e\" \/>\n\t<meta name=\"twitter:data2\" content=\"2 minutes\" \/>\n<script type=\"application\/ld+json\" class=\"yoast-schema-graph\">{\"@context\":\"https:\\\/\\\/schema.org\",\"@graph\":[{\"@type\":\"Article\",\"@id\":\"https:\\\/\\\/www.bellunopress.it\\\/2009\\\/11\\\/09\\\/guida-alpina-una-professione-per-non-abbandonare-la-montagna-venerdi-il-convegno-a-lozzo\\\/#article\",\"isPartOf\":{\"@id\":\"https:\\\/\\\/www.bellunopress.it\\\/2009\\\/11\\\/09\\\/guida-alpina-una-professione-per-non-abbandonare-la-montagna-venerdi-il-convegno-a-lozzo\\\/\"},\"author\":{\"name\":\"redazione\",\"@id\":\"https:\\\/\\\/www.bellunopress.it\\\/#\\\/schema\\\/person\\\/79bb06722b37ece1c03d3e94beb30d73\"},\"headline\":\"Guida alpina, una professione per non abbandonare la montagna. Venerd\u00ec il convegno a Lozzo\",\"datePublished\":\"2009-11-09T16:21:12+00:00\",\"mainEntityOfPage\":{\"@id\":\"https:\\\/\\\/www.bellunopress.it\\\/2009\\\/11\\\/09\\\/guida-alpina-una-professione-per-non-abbandonare-la-montagna-venerdi-il-convegno-a-lozzo\\\/\"},\"wordCount\":332,\"publisher\":{\"@id\":\"https:\\\/\\\/www.bellunopress.it\\\/#organization\"},\"keywords\":[\"Cadore\",\"Dolomiti\"],\"articleSection\":[\"Appuntamenti, Eventi\",\"Lavoro, Economia, Turismo\",\"Pausa Caff\u00e8\"],\"inLanguage\":\"fr-FR\"},{\"@type\":\"WebPage\",\"@id\":\"https:\\\/\\\/www.bellunopress.it\\\/2009\\\/11\\\/09\\\/guida-alpina-una-professione-per-non-abbandonare-la-montagna-venerdi-il-convegno-a-lozzo\\\/\",\"url\":\"https:\\\/\\\/www.bellunopress.it\\\/2009\\\/11\\\/09\\\/guida-alpina-una-professione-per-non-abbandonare-la-montagna-venerdi-il-convegno-a-lozzo\\\/\",\"name\":\"Guida alpina, una professione per non abbandonare la montagna. Venerd\u00ec il convegno a Lozzo - Bellunopress - Dolomiti\",\"isPartOf\":{\"@id\":\"https:\\\/\\\/www.bellunopress.it\\\/#website\"},\"datePublished\":\"2009-11-09T16:21:12+00:00\",\"breadcrumb\":{\"@id\":\"https:\\\/\\\/www.bellunopress.it\\\/2009\\\/11\\\/09\\\/guida-alpina-una-professione-per-non-abbandonare-la-montagna-venerdi-il-convegno-a-lozzo\\\/#breadcrumb\"},\"inLanguage\":\"fr-FR\",\"potentialAction\":[{\"@type\":\"ReadAction\",\"target\":[\"https:\\\/\\\/www.bellunopress.it\\\/2009\\\/11\\\/09\\\/guida-alpina-una-professione-per-non-abbandonare-la-montagna-venerdi-il-convegno-a-lozzo\\\/\"]}]},{\"@type\":\"BreadcrumbList\",\"@id\":\"https:\\\/\\\/www.bellunopress.it\\\/2009\\\/11\\\/09\\\/guida-alpina-una-professione-per-non-abbandonare-la-montagna-venerdi-il-convegno-a-lozzo\\\/#breadcrumb\",\"itemListElement\":[{\"@type\":\"ListItem\",\"position\":1,\"name\":\"Home\",\"item\":\"https:\\\/\\\/www.bellunopress.it\\\/\"},{\"@type\":\"ListItem\",\"position\":2,\"name\":\"Guida alpina, una professione per non abbandonare la montagna. Venerd\u00ec il convegno a Lozzo\"}]},{\"@type\":\"WebSite\",\"@id\":\"https:\\\/\\\/www.bellunopress.it\\\/#website\",\"url\":\"https:\\\/\\\/www.bellunopress.it\\\/\",\"name\":\"Bellunopress - Dolomiti\",\"description\":\"e-mail: redazione@bellunopress.it\",\"publisher\":{\"@id\":\"https:\\\/\\\/www.bellunopress.it\\\/#organization\"},\"potentialAction\":[{\"@type\":\"SearchAction\",\"target\":{\"@type\":\"EntryPoint\",\"urlTemplate\":\"https:\\\/\\\/www.bellunopress.it\\\/?s={search_term_string}\"},\"query-input\":{\"@type\":\"PropertyValueSpecification\",\"valueRequired\":true,\"valueName\":\"search_term_string\"}}],\"inLanguage\":\"fr-FR\"},{\"@type\":\"Organization\",\"@id\":\"https:\\\/\\\/www.bellunopress.it\\\/#organization\",\"name\":\"Bellunopress\",\"url\":\"https:\\\/\\\/www.bellunopress.it\\\/\",\"logo\":{\"@type\":\"ImageObject\",\"inLanguage\":\"fr-FR\",\"@id\":\"https:\\\/\\\/www.bellunopress.it\\\/#\\\/schema\\\/logo\\\/image\\\/\",\"url\":\"https:\\\/\\\/www.bellunopress.it\\\/wp-content\\\/uploads\\\/2011\\\/05\\\/cropped-logo-bellunopress-.jpg\",\"contentUrl\":\"https:\\\/\\\/www.bellunopress.it\\\/wp-content\\\/uploads\\\/2011\\\/05\\\/cropped-logo-bellunopress-.jpg\",\"width\":512,\"height\":512,\"caption\":\"Bellunopress\"},\"image\":{\"@id\":\"https:\\\/\\\/www.bellunopress.it\\\/#\\\/schema\\\/logo\\\/image\\\/\"},\"sameAs\":[\"https:\\\/\\\/www.facebook.com\\\/profile.php?id=100008943462799\",\"https:\\\/\\\/x.com\\\/bellunopress\",\"https:\\\/\\\/www.linkedin.com\\\/hp\\\/?dnr=JBzUWaJfMUw8vbXJJ2tVW5-I3jZKvC4wsoxE&amp;amp;amp;amp;amp;amp;trk=nav_responsive_tab_home\",\"https:\\\/\\\/www.youtube.com\\\/channel\\\/UCxL0wu1uN0_3_7hGG0306cw\"]},{\"@type\":\"Person\",\"@id\":\"https:\\\/\\\/www.bellunopress.it\\\/#\\\/schema\\\/person\\\/79bb06722b37ece1c03d3e94beb30d73\",\"name\":\"redazione\",\"image\":{\"@type\":\"ImageObject\",\"inLanguage\":\"fr-FR\",\"@id\":\"https:\\\/\\\/secure.gravatar.com\\\/avatar\\\/37d968a2e67a6fd04c169c4bdef102d0bc5d31b2546345219e348575eb80e9a0?s=96&d=mm&r=g\",\"url\":\"https:\\\/\\\/secure.gravatar.com\\\/avatar\\\/37d968a2e67a6fd04c169c4bdef102d0bc5d31b2546345219e348575eb80e9a0?s=96&d=mm&r=g\",\"contentUrl\":\"https:\\\/\\\/secure.gravatar.com\\\/avatar\\\/37d968a2e67a6fd04c169c4bdef102d0bc5d31b2546345219e348575eb80e9a0?s=96&d=mm&r=g\",\"caption\":\"redazione\"},\"sameAs\":[\"http:\\\/\\\/www.bellunopress.it\",\"https:\\\/\\\/x.com\\\/bellunopress\"],\"url\":\"https:\\\/\\\/www.bellunopress.it\\\/fr\\\/author\\\/redazione\\\/\"}]}<\/script>\n<!-- \/ Yoast SEO plugin. -->","yoast_head_json":{"title":"Guida alpina, una professione per non abbandonare la montagna. Venerd\u00ec il convegno a Lozzo  - Bellunopress - Dolomiti","robots":{"index":"index","follow":"follow","max-snippet":"max-snippet:-1","max-image-preview":"max-image-preview:large","max-video-preview":"max-video-preview:-1"},"canonical":"https:\/\/www.bellunopress.it\/fr\/2009\/11\/09\/guida-alpina-una-professione-per-non-abbandonare-la-montagna-venerdi-il-convegno-a-lozzo\/","og_locale":"fr_FR","og_type":"article","og_title":"Guida alpina, una professione per non abbandonare la montagna. Venerd\u00ec il convegno a Lozzo  - Bellunopress - Dolomiti","og_description":"Si riesce a vivere facendo la Guida Alpina sulle Dolomiti? Partir\u00e0 dalla risposta a questo interrogativo la Conferenza informativa che il Comune di Lozzo, in collaborazione con la locale Sezione del Cai, ha messo in calendario per Venerd\u00ec 13 novembre alle ore 20,30 in Auditorium. L\u2019incontro \u00e8 dedicato ai giovani di Lozzo e del Cadore. [&hellip;]","og_url":"https:\/\/www.bellunopress.it\/fr\/2009\/11\/09\/guida-alpina-una-professione-per-non-abbandonare-la-montagna-venerdi-il-convegno-a-lozzo\/","og_site_name":"Bellunopress - Dolomiti","article_publisher":"https:\/\/www.facebook.com\/profile.php?id=100008943462799","article_published_time":"2009-11-09T16:21:12+00:00","og_image":[{"url":"http:\/\/www.bellunopress.it\/wp-content\/uploads\/2012\/07\/logo-bellunopress-250x250-2012.jpg","type":"","width":"","height":""}],"author":"redazione","twitter_card":"summary_large_image","twitter_creator":"@bellunopress","twitter_site":"@bellunopress","twitter_misc":{"\u00c9crit par":"redazione","Dur\u00e9e de lecture estim\u00e9e":"2 minutes"},"schema":{"@context":"https:\/\/schema.org","@graph":[{"@type":"Article","@id":"https:\/\/www.bellunopress.it\/2009\/11\/09\/guida-alpina-una-professione-per-non-abbandonare-la-montagna-venerdi-il-convegno-a-lozzo\/#article","isPartOf":{"@id":"https:\/\/www.bellunopress.it\/2009\/11\/09\/guida-alpina-una-professione-per-non-abbandonare-la-montagna-venerdi-il-convegno-a-lozzo\/"},"author":{"name":"redazione","@id":"https:\/\/www.bellunopress.it\/#\/schema\/person\/79bb06722b37ece1c03d3e94beb30d73"},"headline":"Guida alpina, una professione per non abbandonare la montagna. Venerd\u00ec il convegno a Lozzo","datePublished":"2009-11-09T16:21:12+00:00","mainEntityOfPage":{"@id":"https:\/\/www.bellunopress.it\/2009\/11\/09\/guida-alpina-una-professione-per-non-abbandonare-la-montagna-venerdi-il-convegno-a-lozzo\/"},"wordCount":332,"publisher":{"@id":"https:\/\/www.bellunopress.it\/#organization"},"keywords":["Cadore","Dolomiti"],"articleSection":["Appuntamenti, Eventi","Lavoro, Economia, Turismo","Pausa Caff\u00e8"],"inLanguage":"fr-FR"},{"@type":"WebPage","@id":"https:\/\/www.bellunopress.it\/2009\/11\/09\/guida-alpina-una-professione-per-non-abbandonare-la-montagna-venerdi-il-convegno-a-lozzo\/","url":"https:\/\/www.bellunopress.it\/2009\/11\/09\/guida-alpina-una-professione-per-non-abbandonare-la-montagna-venerdi-il-convegno-a-lozzo\/","name":"Guida alpina, una professione per non abbandonare la montagna. Venerd\u00ec il convegno a Lozzo - Bellunopress - Dolomiti","isPartOf":{"@id":"https:\/\/www.bellunopress.it\/#website"},"datePublished":"2009-11-09T16:21:12+00:00","breadcrumb":{"@id":"https:\/\/www.bellunopress.it\/2009\/11\/09\/guida-alpina-una-professione-per-non-abbandonare-la-montagna-venerdi-il-convegno-a-lozzo\/#breadcrumb"},"inLanguage":"fr-FR","potentialAction":[{"@type":"ReadAction","target":["https:\/\/www.bellunopress.it\/2009\/11\/09\/guida-alpina-una-professione-per-non-abbandonare-la-montagna-venerdi-il-convegno-a-lozzo\/"]}]},{"@type":"BreadcrumbList","@id":"https:\/\/www.bellunopress.it\/2009\/11\/09\/guida-alpina-una-professione-per-non-abbandonare-la-montagna-venerdi-il-convegno-a-lozzo\/#breadcrumb","itemListElement":[{"@type":"ListItem","position":1,"name":"Home","item":"https:\/\/www.bellunopress.it\/"},{"@type":"ListItem","position":2,"name":"Guida alpina, una professione per non abbandonare la montagna. Venerd\u00ec il convegno a Lozzo"}]},{"@type":"WebSite","@id":"https:\/\/www.bellunopress.it\/#website","url":"https:\/\/www.bellunopress.it\/","name":"Bellunopress - Dolomiti","description":"e-mail: redazione@bellunopress.it","publisher":{"@id":"https:\/\/www.bellunopress.it\/#organization"},"potentialAction":[{"@type":"SearchAction","target":{"@type":"EntryPoint","urlTemplate":"https:\/\/www.bellunopress.it\/?s={search_term_string}"},"query-input":{"@type":"PropertyValueSpecification","valueRequired":true,"valueName":"search_term_string"}}],"inLanguage":"fr-FR"},{"@type":"Organization","@id":"https:\/\/www.bellunopress.it\/#organization","name":"Bellunopress","url":"https:\/\/www.bellunopress.it\/","logo":{"@type":"ImageObject","inLanguage":"fr-FR","@id":"https:\/\/www.bellunopress.it\/#\/schema\/logo\/image\/","url":"https:\/\/www.bellunopress.it\/wp-content\/uploads\/2011\/05\/cropped-logo-bellunopress-.jpg","contentUrl":"https:\/\/www.bellunopress.it\/wp-content\/uploads\/2011\/05\/cropped-logo-bellunopress-.jpg","width":512,"height":512,"caption":"Bellunopress"},"image":{"@id":"https:\/\/www.bellunopress.it\/#\/schema\/logo\/image\/"},"sameAs":["https:\/\/www.facebook.com\/profile.php?id=100008943462799","https:\/\/x.com\/bellunopress","https:\/\/www.linkedin.com\/hp\/?dnr=JBzUWaJfMUw8vbXJJ2tVW5-I3jZKvC4wsoxE&amp;amp;amp;amp;amp;amp;trk=nav_responsive_tab_home","https:\/\/www.youtube.com\/channel\/UCxL0wu1uN0_3_7hGG0306cw"]},{"@type":"Person","@id":"https:\/\/www.bellunopress.it\/#\/schema\/person\/79bb06722b37ece1c03d3e94beb30d73","name":"r\u00e9daction","image":{"@type":"ImageObject","inLanguage":"fr-FR","@id":"https:\/\/secure.gravatar.com\/avatar\/37d968a2e67a6fd04c169c4bdef102d0bc5d31b2546345219e348575eb80e9a0?s=96&d=mm&r=g","url":"https:\/\/secure.gravatar.com\/avatar\/37d968a2e67a6fd04c169c4bdef102d0bc5d31b2546345219e348575eb80e9a0?s=96&d=mm&r=g","contentUrl":"https:\/\/secure.gravatar.com\/avatar\/37d968a2e67a6fd04c169c4bdef102d0bc5d31b2546345219e348575eb80e9a0?s=96&d=mm&r=g","caption":"redazione"},"sameAs":["http:\/\/www.bellunopress.it","https:\/\/x.com\/bellunopress"],"url":"https:\/\/www.bellunopress.it\/fr\/author\/redazione\/"}]}},"_links":{"self":[{"href":"https:\/\/www.bellunopress.it\/fr\/wp-json\/wp\/v2\/posts\/9602","targetHints":{"allow":["GET"]}}],"collection":[{"href":"https:\/\/www.bellunopress.it\/fr\/wp-json\/wp\/v2\/posts"}],"about":[{"href":"https:\/\/www.bellunopress.it\/fr\/wp-json\/wp\/v2\/types\/post"}],"author":[{"embeddable":true,"href":"https:\/\/www.bellunopress.it\/fr\/wp-json\/wp\/v2\/users\/2"}],"replies":[{"embeddable":true,"href":"https:\/\/www.bellunopress.it\/fr\/wp-json\/wp\/v2\/comments?post=9602"}],"version-history":[{"count":1,"href":"https:\/\/www.bellunopress.it\/fr\/wp-json\/wp\/v2\/posts\/9602\/revisions"}],"predecessor-version":[{"id":9603,"href":"https:\/\/www.bellunopress.it\/fr\/wp-json\/wp\/v2\/posts\/9602\/revisions\/9603"}],"wp:attachment":[{"href":"https:\/\/www.bellunopress.it\/fr\/wp-json\/wp\/v2\/media?parent=9602"}],"wp:term":[{"taxonomy":"category","embeddable":true,"href":"https:\/\/www.bellunopress.it\/fr\/wp-json\/wp\/v2\/categories?post=9602"},{"taxonomy":"post_tag","embeddable":true,"href":"https:\/\/www.bellunopress.it\/fr\/wp-json\/wp\/v2\/tags?post=9602"}],"curies":[{"name":"wp","href":"https:\/\/api.w.org\/{rel}","templated":true}]}}