{"id":9594,"date":"2009-11-09T16:47:29","date_gmt":"2009-11-09T15:47:29","guid":{"rendered":"http:\/\/www.bellunopress.it\/?p=9594"},"modified":"2009-11-09T16:47:29","modified_gmt":"2009-11-09T15:47:29","slug":"pieve-di-cadore-corso-dedicato-al-mondo-di-internet-e-della-posta-elettronica-da-giovedi-12-novembre","status":"publish","type":"post","link":"https:\/\/www.bellunopress.it\/fr\/2009\/11\/09\/pieve-di-cadore-corso-dedicato-al-mondo-di-internet-e-della-posta-elettronica-da-giovedi-12-novembre\/","title":{"rendered":"Pieve di Cadore: corso dedicato al mondo di internet e della posta elettronica da gioved\u00ec 12 novembre"},"content":{"rendered":"<p>Partir\u00e0 gioved\u00ec prossimo, 12 novembre, presso l\u2019aula informatica dell\u2019Istituto Tecnico Industriale \u201cE. Fermi\u201d di Pieve di Cadore il corso \u201cIl mondo di internet e della posta elettronica, organizzato dal Csv di Belluno per le associazioni di volontariato del territorio bellunese. Il corso sar\u00e0 tenuto da Alessia Tonet, referente area informatizzazione del Csv di Belluno, con orario dalle 17.30 alle 20.30. Oltre alla prima lezione di gioved\u00ec 12, ne \u00e8 stata programmata una seconda per gioved\u00ec 19 novembre. Ci sono ancora alcuni posti disponibili e per eventuali iscrizioni o informazioni \u00e8 possibile contattare il Centro di servizio per il volontariato di Beluno, via del Piave 5, telefono 0437 950374. Il corso su internet e posta elettronica \u00e8 il primo di una serie di momenti formativi che il Csv di Belluno dedica alle associazioni di volontariato bellunesi nel secondo semestre 2009. Il secondo corso \u201cComunicare il volontariato\u201d, comincer\u00e0 il prossimo 18 novembre a Feltre per proseguire il 25 novembre a Cencenighe Agordino, 2 dicembre a Calalzo e 9 dicembre a Belluno, dalle 18 alle 20. Terzo corso, \u201cIl mondo del personal computer\u201d, si terr\u00e0 all\u2019Istituto Tecnico Commerciale \u201cCalvi\u201d di Belluno il 26 novembre, 3, 10 e 17 dicembre, dalle 17.30 alle 20.30. Ultimo corso \u201cIl nuovo schema di bilancio e il software gestionale Banana 5.0\u201d, curato da Alessandro Lion del Csv di Padova, si terr\u00e0 nella sede centrale del Csv di Belluno sabato 28 novembre dalle 9 alle 13. Maggiori informazioni sul sito <a href=\"http:\/\/www.csvbelluno.it\">www.csvbelluno.it<\/a>, da dove \u00e8 anche possibile scaricare il pieghevole con i dettagli di ogni singolo corso.<br \/>\nPieve di Cadore, presso Aula di Informatica alle 20.30 nei giorni di 12 e 19 di novembre 2009.<\/p>","protected":false},"excerpt":{"rendered":"<p>Partir\u00e0 gioved\u00ec prossimo, 12 novembre, presso l\u2019aula informatica dell\u2019Istituto Tecnico Industriale \u201cE. Fermi\u201d di Pieve di Cadore il corso \u201cIl mondo di internet e della posta elettronica, organizzato dal Csv di Belluno per le associazioni di volontariato del territorio bellunese. Il corso sar\u00e0 tenuto da Alessia Tonet, referente area informatizzazione del Csv di Belluno, con [&hellip;]<\/p>\n","protected":false},"author":2,"featured_media":0,"comment_status":"closed","ping_status":"open","sticky":false,"template":"","format":"standard","meta":{"footnotes":""},"categories":[25,15,8],"tags":[139,151,302],"class_list":["post-9594","post","type-post","status-publish","format-standard","category-pausa-caffe","category-scuola","category-societa-istituzioni","tag-belluno","tag-cadore","tag-feltre"],"yoast_head":"<!-- This site is optimized with the Yoast SEO plugin v28.4 - https:\/\/yoast.com\/product\/yoast-seo-wordpress\/ -->\n<title>Pieve di Cadore: corso dedicato al mondo di internet e della posta elettronica da gioved\u00ec 12 novembre - Bellunopress - Dolomiti<\/title>\n<meta name=\"robots\" content=\"index, follow, max-snippet:-1, max-image-preview:large, max-video-preview:-1\" \/>\n<link rel=\"canonical\" href=\"https:\/\/www.bellunopress.it\/fr\/2009\/11\/09\/pieve-di-cadore-corso-dedicato-al-mondo-di-internet-e-della-posta-elettronica-da-giovedi-12-novembre\/\" \/>\n<meta property=\"og:locale\" content=\"fr_FR\" \/>\n<meta property=\"og:type\" content=\"article\" \/>\n<meta property=\"og:title\" content=\"Pieve di Cadore: corso dedicato al mondo di internet e della posta elettronica da gioved\u00ec 12 novembre - Bellunopress - Dolomiti\" \/>\n<meta property=\"og:description\" content=\"Partir\u00e0 gioved\u00ec prossimo, 12 novembre, presso l\u2019aula informatica dell\u2019Istituto Tecnico Industriale \u201cE. Fermi\u201d di Pieve di Cadore il corso \u201cIl mondo di internet e della posta elettronica, organizzato dal Csv di Belluno per le associazioni di volontariato del territorio bellunese. Il corso sar\u00e0 tenuto da Alessia Tonet, referente area informatizzazione del Csv di Belluno, con [&hellip;]\" \/>\n<meta property=\"og:url\" content=\"https:\/\/www.bellunopress.it\/fr\/2009\/11\/09\/pieve-di-cadore-corso-dedicato-al-mondo-di-internet-e-della-posta-elettronica-da-giovedi-12-novembre\/\" \/>\n<meta property=\"og:site_name\" content=\"Bellunopress - Dolomiti\" \/>\n<meta property=\"article:publisher\" content=\"https:\/\/www.facebook.com\/profile.php?id=100008943462799\" \/>\n<meta property=\"article:published_time\" content=\"2009-11-09T15:47:29+00:00\" \/>\n<meta property=\"og:image\" content=\"http:\/\/www.bellunopress.it\/wp-content\/uploads\/2012\/07\/logo-bellunopress-250x250-2012.jpg\" \/>\n<meta name=\"author\" content=\"redazione\" \/>\n<meta name=\"twitter:card\" content=\"summary_large_image\" \/>\n<meta name=\"twitter:creator\" content=\"@bellunopress\" \/>\n<meta name=\"twitter:site\" content=\"@bellunopress\" \/>\n<meta name=\"twitter:label1\" content=\"\u00c9crit par\" \/>\n\t<meta name=\"twitter:data1\" content=\"redazione\" \/>\n\t<meta name=\"twitter:label2\" content=\"Dur\u00e9e de lecture estim\u00e9e\" \/>\n\t<meta name=\"twitter:data2\" content=\"1 minute\" \/>\n<script type=\"application\/ld+json\" class=\"yoast-schema-graph\">{\"@context\":\"https:\\\/\\\/schema.org\",\"@graph\":[{\"@type\":\"Article\",\"@id\":\"https:\\\/\\\/www.bellunopress.it\\\/2009\\\/11\\\/09\\\/pieve-di-cadore-corso-dedicato-al-mondo-di-internet-e-della-posta-elettronica-da-giovedi-12-novembre\\\/#article\",\"isPartOf\":{\"@id\":\"https:\\\/\\\/www.bellunopress.it\\\/2009\\\/11\\\/09\\\/pieve-di-cadore-corso-dedicato-al-mondo-di-internet-e-della-posta-elettronica-da-giovedi-12-novembre\\\/\"},\"author\":{\"name\":\"redazione\",\"@id\":\"https:\\\/\\\/www.bellunopress.it\\\/#\\\/schema\\\/person\\\/79bb06722b37ece1c03d3e94beb30d73\"},\"headline\":\"Pieve di Cadore: corso dedicato al mondo di internet e della posta elettronica da gioved\u00ec 12 novembre\",\"datePublished\":\"2009-11-09T15:47:29+00:00\",\"mainEntityOfPage\":{\"@id\":\"https:\\\/\\\/www.bellunopress.it\\\/2009\\\/11\\\/09\\\/pieve-di-cadore-corso-dedicato-al-mondo-di-internet-e-della-posta-elettronica-da-giovedi-12-novembre\\\/\"},\"wordCount\":263,\"publisher\":{\"@id\":\"https:\\\/\\\/www.bellunopress.it\\\/#organization\"},\"keywords\":[\"Belluno\",\"Cadore\",\"Feltre\"],\"articleSection\":[\"Pausa Caff\u00e8\",\"Scuola\",\"Societ\u00e0, Associazioni, Istituzioni\"],\"inLanguage\":\"fr-FR\"},{\"@type\":\"WebPage\",\"@id\":\"https:\\\/\\\/www.bellunopress.it\\\/2009\\\/11\\\/09\\\/pieve-di-cadore-corso-dedicato-al-mondo-di-internet-e-della-posta-elettronica-da-giovedi-12-novembre\\\/\",\"url\":\"https:\\\/\\\/www.bellunopress.it\\\/2009\\\/11\\\/09\\\/pieve-di-cadore-corso-dedicato-al-mondo-di-internet-e-della-posta-elettronica-da-giovedi-12-novembre\\\/\",\"name\":\"Pieve di Cadore: corso dedicato al mondo di internet e della posta elettronica da gioved\u00ec 12 novembre - Bellunopress - Dolomiti\",\"isPartOf\":{\"@id\":\"https:\\\/\\\/www.bellunopress.it\\\/#website\"},\"datePublished\":\"2009-11-09T15:47:29+00:00\",\"breadcrumb\":{\"@id\":\"https:\\\/\\\/www.bellunopress.it\\\/2009\\\/11\\\/09\\\/pieve-di-cadore-corso-dedicato-al-mondo-di-internet-e-della-posta-elettronica-da-giovedi-12-novembre\\\/#breadcrumb\"},\"inLanguage\":\"fr-FR\",\"potentialAction\":[{\"@type\":\"ReadAction\",\"target\":[\"https:\\\/\\\/www.bellunopress.it\\\/2009\\\/11\\\/09\\\/pieve-di-cadore-corso-dedicato-al-mondo-di-internet-e-della-posta-elettronica-da-giovedi-12-novembre\\\/\"]}]},{\"@type\":\"BreadcrumbList\",\"@id\":\"https:\\\/\\\/www.bellunopress.it\\\/2009\\\/11\\\/09\\\/pieve-di-cadore-corso-dedicato-al-mondo-di-internet-e-della-posta-elettronica-da-giovedi-12-novembre\\\/#breadcrumb\",\"itemListElement\":[{\"@type\":\"ListItem\",\"position\":1,\"name\":\"Home\",\"item\":\"https:\\\/\\\/www.bellunopress.it\\\/\"},{\"@type\":\"ListItem\",\"position\":2,\"name\":\"Pieve di Cadore: corso dedicato al mondo di internet e della posta elettronica da gioved\u00ec 12 novembre\"}]},{\"@type\":\"WebSite\",\"@id\":\"https:\\\/\\\/www.bellunopress.it\\\/#website\",\"url\":\"https:\\\/\\\/www.bellunopress.it\\\/\",\"name\":\"Bellunopress - Dolomiti\",\"description\":\"e-mail: redazione@bellunopress.it\",\"publisher\":{\"@id\":\"https:\\\/\\\/www.bellunopress.it\\\/#organization\"},\"potentialAction\":[{\"@type\":\"SearchAction\",\"target\":{\"@type\":\"EntryPoint\",\"urlTemplate\":\"https:\\\/\\\/www.bellunopress.it\\\/?s={search_term_string}\"},\"query-input\":{\"@type\":\"PropertyValueSpecification\",\"valueRequired\":true,\"valueName\":\"search_term_string\"}}],\"inLanguage\":\"fr-FR\"},{\"@type\":\"Organization\",\"@id\":\"https:\\\/\\\/www.bellunopress.it\\\/#organization\",\"name\":\"Bellunopress\",\"url\":\"https:\\\/\\\/www.bellunopress.it\\\/\",\"logo\":{\"@type\":\"ImageObject\",\"inLanguage\":\"fr-FR\",\"@id\":\"https:\\\/\\\/www.bellunopress.it\\\/#\\\/schema\\\/logo\\\/image\\\/\",\"url\":\"https:\\\/\\\/www.bellunopress.it\\\/wp-content\\\/uploads\\\/2011\\\/05\\\/cropped-logo-bellunopress-.jpg\",\"contentUrl\":\"https:\\\/\\\/www.bellunopress.it\\\/wp-content\\\/uploads\\\/2011\\\/05\\\/cropped-logo-bellunopress-.jpg\",\"width\":512,\"height\":512,\"caption\":\"Bellunopress\"},\"image\":{\"@id\":\"https:\\\/\\\/www.bellunopress.it\\\/#\\\/schema\\\/logo\\\/image\\\/\"},\"sameAs\":[\"https:\\\/\\\/www.facebook.com\\\/profile.php?id=100008943462799\",\"https:\\\/\\\/x.com\\\/bellunopress\",\"https:\\\/\\\/www.linkedin.com\\\/hp\\\/?dnr=JBzUWaJfMUw8vbXJJ2tVW5-I3jZKvC4wsoxE&amp;amp;amp;amp;amp;amp;trk=nav_responsive_tab_home\",\"https:\\\/\\\/www.youtube.com\\\/channel\\\/UCxL0wu1uN0_3_7hGG0306cw\"]},{\"@type\":\"Person\",\"@id\":\"https:\\\/\\\/www.bellunopress.it\\\/#\\\/schema\\\/person\\\/79bb06722b37ece1c03d3e94beb30d73\",\"name\":\"redazione\",\"image\":{\"@type\":\"ImageObject\",\"inLanguage\":\"fr-FR\",\"@id\":\"https:\\\/\\\/secure.gravatar.com\\\/avatar\\\/37d968a2e67a6fd04c169c4bdef102d0bc5d31b2546345219e348575eb80e9a0?s=96&d=mm&r=g\",\"url\":\"https:\\\/\\\/secure.gravatar.com\\\/avatar\\\/37d968a2e67a6fd04c169c4bdef102d0bc5d31b2546345219e348575eb80e9a0?s=96&d=mm&r=g\",\"contentUrl\":\"https:\\\/\\\/secure.gravatar.com\\\/avatar\\\/37d968a2e67a6fd04c169c4bdef102d0bc5d31b2546345219e348575eb80e9a0?s=96&d=mm&r=g\",\"caption\":\"redazione\"},\"sameAs\":[\"http:\\\/\\\/www.bellunopress.it\",\"https:\\\/\\\/x.com\\\/bellunopress\"],\"url\":\"https:\\\/\\\/www.bellunopress.it\\\/fr\\\/author\\\/redazione\\\/\"}]}<\/script>\n<!-- \/ Yoast SEO plugin. -->","yoast_head_json":{"title":"Pieve di Cadore: corso dedicato al mondo di internet e della posta elettronica da gioved\u00ec 12 novembre - Bellunopress - Dolomiti","robots":{"index":"index","follow":"follow","max-snippet":"max-snippet:-1","max-image-preview":"max-image-preview:large","max-video-preview":"max-video-preview:-1"},"canonical":"https:\/\/www.bellunopress.it\/fr\/2009\/11\/09\/pieve-di-cadore-corso-dedicato-al-mondo-di-internet-e-della-posta-elettronica-da-giovedi-12-novembre\/","og_locale":"fr_FR","og_type":"article","og_title":"Pieve di Cadore: corso dedicato al mondo di internet e della posta elettronica da gioved\u00ec 12 novembre - Bellunopress - Dolomiti","og_description":"Partir\u00e0 gioved\u00ec prossimo, 12 novembre, presso l\u2019aula informatica dell\u2019Istituto Tecnico Industriale \u201cE. Fermi\u201d di Pieve di Cadore il corso \u201cIl mondo di internet e della posta elettronica, organizzato dal Csv di Belluno per le associazioni di volontariato del territorio bellunese. Il corso sar\u00e0 tenuto da Alessia Tonet, referente area informatizzazione del Csv di Belluno, con [&hellip;]","og_url":"https:\/\/www.bellunopress.it\/fr\/2009\/11\/09\/pieve-di-cadore-corso-dedicato-al-mondo-di-internet-e-della-posta-elettronica-da-giovedi-12-novembre\/","og_site_name":"Bellunopress - Dolomiti","article_publisher":"https:\/\/www.facebook.com\/profile.php?id=100008943462799","article_published_time":"2009-11-09T15:47:29+00:00","og_image":[{"url":"http:\/\/www.bellunopress.it\/wp-content\/uploads\/2012\/07\/logo-bellunopress-250x250-2012.jpg","type":"","width":"","height":""}],"author":"redazione","twitter_card":"summary_large_image","twitter_creator":"@bellunopress","twitter_site":"@bellunopress","twitter_misc":{"\u00c9crit par":"redazione","Dur\u00e9e de lecture estim\u00e9e":"1 minute"},"schema":{"@context":"https:\/\/schema.org","@graph":[{"@type":"Article","@id":"https:\/\/www.bellunopress.it\/2009\/11\/09\/pieve-di-cadore-corso-dedicato-al-mondo-di-internet-e-della-posta-elettronica-da-giovedi-12-novembre\/#article","isPartOf":{"@id":"https:\/\/www.bellunopress.it\/2009\/11\/09\/pieve-di-cadore-corso-dedicato-al-mondo-di-internet-e-della-posta-elettronica-da-giovedi-12-novembre\/"},"author":{"name":"redazione","@id":"https:\/\/www.bellunopress.it\/#\/schema\/person\/79bb06722b37ece1c03d3e94beb30d73"},"headline":"Pieve di Cadore: corso dedicato al mondo di internet e della posta elettronica da gioved\u00ec 12 novembre","datePublished":"2009-11-09T15:47:29+00:00","mainEntityOfPage":{"@id":"https:\/\/www.bellunopress.it\/2009\/11\/09\/pieve-di-cadore-corso-dedicato-al-mondo-di-internet-e-della-posta-elettronica-da-giovedi-12-novembre\/"},"wordCount":263,"publisher":{"@id":"https:\/\/www.bellunopress.it\/#organization"},"keywords":["Belluno","Cadore","Feltre"],"articleSection":["Pausa Caff\u00e8","Scuola","Societ\u00e0, Associazioni, Istituzioni"],"inLanguage":"fr-FR"},{"@type":"WebPage","@id":"https:\/\/www.bellunopress.it\/2009\/11\/09\/pieve-di-cadore-corso-dedicato-al-mondo-di-internet-e-della-posta-elettronica-da-giovedi-12-novembre\/","url":"https:\/\/www.bellunopress.it\/2009\/11\/09\/pieve-di-cadore-corso-dedicato-al-mondo-di-internet-e-della-posta-elettronica-da-giovedi-12-novembre\/","name":"Pieve di Cadore: corso dedicato al mondo di internet e della posta elettronica da gioved\u00ec 12 novembre - Bellunopress - Dolomiti","isPartOf":{"@id":"https:\/\/www.bellunopress.it\/#website"},"datePublished":"2009-11-09T15:47:29+00:00","breadcrumb":{"@id":"https:\/\/www.bellunopress.it\/2009\/11\/09\/pieve-di-cadore-corso-dedicato-al-mondo-di-internet-e-della-posta-elettronica-da-giovedi-12-novembre\/#breadcrumb"},"inLanguage":"fr-FR","potentialAction":[{"@type":"ReadAction","target":["https:\/\/www.bellunopress.it\/2009\/11\/09\/pieve-di-cadore-corso-dedicato-al-mondo-di-internet-e-della-posta-elettronica-da-giovedi-12-novembre\/"]}]},{"@type":"BreadcrumbList","@id":"https:\/\/www.bellunopress.it\/2009\/11\/09\/pieve-di-cadore-corso-dedicato-al-mondo-di-internet-e-della-posta-elettronica-da-giovedi-12-novembre\/#breadcrumb","itemListElement":[{"@type":"ListItem","position":1,"name":"Home","item":"https:\/\/www.bellunopress.it\/"},{"@type":"ListItem","position":2,"name":"Pieve di Cadore: corso dedicato al mondo di internet e della posta elettronica da gioved\u00ec 12 novembre"}]},{"@type":"WebSite","@id":"https:\/\/www.bellunopress.it\/#website","url":"https:\/\/www.bellunopress.it\/","name":"Bellunopress - Dolomiti","description":"e-mail: redazione@bellunopress.it","publisher":{"@id":"https:\/\/www.bellunopress.it\/#organization"},"potentialAction":[{"@type":"SearchAction","target":{"@type":"EntryPoint","urlTemplate":"https:\/\/www.bellunopress.it\/?s={search_term_string}"},"query-input":{"@type":"PropertyValueSpecification","valueRequired":true,"valueName":"search_term_string"}}],"inLanguage":"fr-FR"},{"@type":"Organization","@id":"https:\/\/www.bellunopress.it\/#organization","name":"Bellunopress","url":"https:\/\/www.bellunopress.it\/","logo":{"@type":"ImageObject","inLanguage":"fr-FR","@id":"https:\/\/www.bellunopress.it\/#\/schema\/logo\/image\/","url":"https:\/\/www.bellunopress.it\/wp-content\/uploads\/2011\/05\/cropped-logo-bellunopress-.jpg","contentUrl":"https:\/\/www.bellunopress.it\/wp-content\/uploads\/2011\/05\/cropped-logo-bellunopress-.jpg","width":512,"height":512,"caption":"Bellunopress"},"image":{"@id":"https:\/\/www.bellunopress.it\/#\/schema\/logo\/image\/"},"sameAs":["https:\/\/www.facebook.com\/profile.php?id=100008943462799","https:\/\/x.com\/bellunopress","https:\/\/www.linkedin.com\/hp\/?dnr=JBzUWaJfMUw8vbXJJ2tVW5-I3jZKvC4wsoxE&amp;amp;amp;amp;amp;amp;trk=nav_responsive_tab_home","https:\/\/www.youtube.com\/channel\/UCxL0wu1uN0_3_7hGG0306cw"]},{"@type":"Person","@id":"https:\/\/www.bellunopress.it\/#\/schema\/person\/79bb06722b37ece1c03d3e94beb30d73","name":"r\u00e9daction","image":{"@type":"ImageObject","inLanguage":"fr-FR","@id":"https:\/\/secure.gravatar.com\/avatar\/37d968a2e67a6fd04c169c4bdef102d0bc5d31b2546345219e348575eb80e9a0?s=96&d=mm&r=g","url":"https:\/\/secure.gravatar.com\/avatar\/37d968a2e67a6fd04c169c4bdef102d0bc5d31b2546345219e348575eb80e9a0?s=96&d=mm&r=g","contentUrl":"https:\/\/secure.gravatar.com\/avatar\/37d968a2e67a6fd04c169c4bdef102d0bc5d31b2546345219e348575eb80e9a0?s=96&d=mm&r=g","caption":"redazione"},"sameAs":["http:\/\/www.bellunopress.it","https:\/\/x.com\/bellunopress"],"url":"https:\/\/www.bellunopress.it\/fr\/author\/redazione\/"}]}},"_links":{"self":[{"href":"https:\/\/www.bellunopress.it\/fr\/wp-json\/wp\/v2\/posts\/9594","targetHints":{"allow":["GET"]}}],"collection":[{"href":"https:\/\/www.bellunopress.it\/fr\/wp-json\/wp\/v2\/posts"}],"about":[{"href":"https:\/\/www.bellunopress.it\/fr\/wp-json\/wp\/v2\/types\/post"}],"author":[{"embeddable":true,"href":"https:\/\/www.bellunopress.it\/fr\/wp-json\/wp\/v2\/users\/2"}],"replies":[{"embeddable":true,"href":"https:\/\/www.bellunopress.it\/fr\/wp-json\/wp\/v2\/comments?post=9594"}],"version-history":[{"count":1,"href":"https:\/\/www.bellunopress.it\/fr\/wp-json\/wp\/v2\/posts\/9594\/revisions"}],"predecessor-version":[{"id":9595,"href":"https:\/\/www.bellunopress.it\/fr\/wp-json\/wp\/v2\/posts\/9594\/revisions\/9595"}],"wp:attachment":[{"href":"https:\/\/www.bellunopress.it\/fr\/wp-json\/wp\/v2\/media?parent=9594"}],"wp:term":[{"taxonomy":"category","embeddable":true,"href":"https:\/\/www.bellunopress.it\/fr\/wp-json\/wp\/v2\/categories?post=9594"},{"taxonomy":"post_tag","embeddable":true,"href":"https:\/\/www.bellunopress.it\/fr\/wp-json\/wp\/v2\/tags?post=9594"}],"curies":[{"name":"wp","href":"https:\/\/api.w.org\/{rel}","templated":true}]}}