{"id":9572,"date":"2009-11-08T17:09:01","date_gmt":"2009-11-08T16:09:01","guid":{"rendered":"http:\/\/www.bellunopress.it\/?p=9572"},"modified":"2009-11-09T12:59:52","modified_gmt":"2009-11-09T11:59:52","slug":"larcobaleno-dellamicizia-tra-listituto-calvi-e-luganda","status":"publish","type":"post","link":"https:\/\/www.bellunopress.it\/fr\/2009\/11\/08\/larcobaleno-dellamicizia-tra-listituto-calvi-e-luganda\/","title":{"rendered":"L&#8217;Arcobaleno dell&#8217;amicizia, tra l&#8217;Istituto Calvi e l&#8217;Uganda"},"content":{"rendered":"<p><a href=\"http:\/\/www.bellunopress.it\/wp-content\/uploads\/2009\/11\/kira-stellato.jpg\"><img loading=\"lazy\" decoding=\"async\" class=\"alignleft size-medium wp-image-9573\" title=\"kira-stellato\" src=\"http:\/\/www.bellunopress.it\/wp-content\/uploads\/2009\/11\/kira-stellato.jpg\" alt=\"\" width=\"130\" height=\"130\" \/><\/a>E&#8217; stato avviato la settimana scorsa all\u2019Istituto tecnico commerciale Calvi di Belluno il progetto Arcobaleno dell\u2019Amicizia. L&#8217;iniziativa si propone di mettere in contatto attraverso internet i ragazzi delle terze superiori con i loro coetanei dell&#8217;Uganda, dove da anni opera l\u2019Associazione Gruppi insieme si pu\u00f2 onlus, e che far\u00e0 da referente locale per il programma. \u00abLo scopo di questo progetto\u00bb ha detto Kira Stellato, presidente dell&#8217;Associazione Mente e Benessere promotrice dell&#8217;iniziativa \u00ab\u00e8 quello di avvicinare gli adolescenti a realt\u00e0 lontane dalle loro da un punto di vista politico, sociale e religioso, ma vicine emotivamente, nella condivisione delle speranze, ansie e sogni dell\u2019adolescenza. Incontrarsi con coetanei che appartengono a realt\u00e0 diverse dalle loro e conoscersi al di l\u00e0 degli stereotipi permetter\u00e0 di sviluppare alcune componenti essenziali dell\u2019intelligenza emotiva quali l\u2019empatia e la consapevolezza delle proprie ed altrui emozioni, elementi essenziali del benessere individuale e sociale e indispensabili per la prevenzione di comportamenti a rischio e del bullismo\u00bb.<\/p>","protected":false},"excerpt":{"rendered":"<p>E&#8217; stato avviato la settimana scorsa all\u2019Istituto tecnico commerciale Calvi di Belluno il progetto Arcobaleno dell\u2019Amicizia. L&#8217;iniziativa si propone di mettere in contatto attraverso internet i ragazzi delle terze superiori con i loro coetanei dell&#8217;Uganda, dove da anni opera l\u2019Associazione Gruppi insieme si pu\u00f2 onlus, e che far\u00e0 da referente locale per il programma. \u00abLo [&hellip;]<\/p>\n","protected":false},"author":2,"featured_media":0,"comment_status":"closed","ping_status":"open","sticky":false,"template":"","format":"standard","meta":{"footnotes":""},"categories":[26,15],"tags":[139],"class_list":["post-9572","post","type-post","status-publish","format-standard","category-prima-pagina","category-scuola","tag-belluno"],"yoast_head":"<!-- This site is optimized with the Yoast SEO plugin v28.4 - https:\/\/yoast.com\/product\/yoast-seo-wordpress\/ -->\n<title>L&#039;Arcobaleno dell&#039;amicizia, tra l&#039;Istituto Calvi e l&#039;Uganda - Bellunopress - Dolomiti<\/title>\n<meta name=\"robots\" content=\"index, follow, max-snippet:-1, max-image-preview:large, max-video-preview:-1\" \/>\n<link rel=\"canonical\" href=\"https:\/\/www.bellunopress.it\/fr\/2009\/11\/08\/larcobaleno-dellamicizia-tra-listituto-calvi-e-luganda\/\" \/>\n<meta property=\"og:locale\" content=\"fr_FR\" \/>\n<meta property=\"og:type\" content=\"article\" \/>\n<meta property=\"og:title\" content=\"L&#039;Arcobaleno dell&#039;amicizia, tra l&#039;Istituto Calvi e l&#039;Uganda - Bellunopress - Dolomiti\" \/>\n<meta property=\"og:description\" content=\"E&#8217; stato avviato la settimana scorsa all\u2019Istituto tecnico commerciale Calvi di Belluno il progetto Arcobaleno dell\u2019Amicizia. L&#8217;iniziativa si propone di mettere in contatto attraverso internet i ragazzi delle terze superiori con i loro coetanei dell&#8217;Uganda, dove da anni opera l\u2019Associazione Gruppi insieme si pu\u00f2 onlus, e che far\u00e0 da referente locale per il programma. \u00abLo [&hellip;]\" \/>\n<meta property=\"og:url\" content=\"https:\/\/www.bellunopress.it\/fr\/2009\/11\/08\/larcobaleno-dellamicizia-tra-listituto-calvi-e-luganda\/\" \/>\n<meta property=\"og:site_name\" content=\"Bellunopress - Dolomiti\" \/>\n<meta property=\"article:publisher\" content=\"https:\/\/www.facebook.com\/profile.php?id=100008943462799\" \/>\n<meta property=\"article:published_time\" content=\"2009-11-08T16:09:01+00:00\" \/>\n<meta property=\"article:modified_time\" content=\"2009-11-09T11:59:52+00:00\" \/>\n<meta property=\"og:image\" content=\"http:\/\/www.bellunopress.it\/wp-content\/uploads\/2009\/11\/kira-stellato.jpg\" \/>\n<meta name=\"author\" content=\"redazione\" \/>\n<meta name=\"twitter:card\" content=\"summary_large_image\" \/>\n<meta name=\"twitter:creator\" content=\"@bellunopress\" \/>\n<meta name=\"twitter:site\" content=\"@bellunopress\" \/>\n<meta name=\"twitter:label1\" content=\"\u00c9crit par\" \/>\n\t<meta name=\"twitter:data1\" content=\"redazione\" \/>\n\t<meta name=\"twitter:label2\" content=\"Dur\u00e9e de lecture estim\u00e9e\" \/>\n\t<meta name=\"twitter:data2\" content=\"1 minute\" \/>\n<script type=\"application\/ld+json\" class=\"yoast-schema-graph\">{\"@context\":\"https:\\\/\\\/schema.org\",\"@graph\":[{\"@type\":\"Article\",\"@id\":\"https:\\\/\\\/www.bellunopress.it\\\/2009\\\/11\\\/08\\\/larcobaleno-dellamicizia-tra-listituto-calvi-e-luganda\\\/#article\",\"isPartOf\":{\"@id\":\"https:\\\/\\\/www.bellunopress.it\\\/2009\\\/11\\\/08\\\/larcobaleno-dellamicizia-tra-listituto-calvi-e-luganda\\\/\"},\"author\":{\"name\":\"redazione\",\"@id\":\"https:\\\/\\\/www.bellunopress.it\\\/#\\\/schema\\\/person\\\/79bb06722b37ece1c03d3e94beb30d73\"},\"headline\":\"L&#8217;Arcobaleno dell&#8217;amicizia, tra l&#8217;Istituto Calvi e l&#8217;Uganda\",\"datePublished\":\"2009-11-08T16:09:01+00:00\",\"dateModified\":\"2009-11-09T11:59:52+00:00\",\"mainEntityOfPage\":{\"@id\":\"https:\\\/\\\/www.bellunopress.it\\\/2009\\\/11\\\/08\\\/larcobaleno-dellamicizia-tra-listituto-calvi-e-luganda\\\/\"},\"wordCount\":175,\"publisher\":{\"@id\":\"https:\\\/\\\/www.bellunopress.it\\\/#organization\"},\"image\":{\"@id\":\"https:\\\/\\\/www.bellunopress.it\\\/2009\\\/11\\\/08\\\/larcobaleno-dellamicizia-tra-listituto-calvi-e-luganda\\\/#primaryimage\"},\"thumbnailUrl\":\"http:\\\/\\\/www.bellunopress.it\\\/wp-content\\\/uploads\\\/2009\\\/11\\\/kira-stellato.jpg\",\"keywords\":[\"Belluno\"],\"articleSection\":[\"Prima Pagina\",\"Scuola\"],\"inLanguage\":\"fr-FR\"},{\"@type\":\"WebPage\",\"@id\":\"https:\\\/\\\/www.bellunopress.it\\\/2009\\\/11\\\/08\\\/larcobaleno-dellamicizia-tra-listituto-calvi-e-luganda\\\/\",\"url\":\"https:\\\/\\\/www.bellunopress.it\\\/2009\\\/11\\\/08\\\/larcobaleno-dellamicizia-tra-listituto-calvi-e-luganda\\\/\",\"name\":\"L'Arcobaleno dell'amicizia, tra l'Istituto Calvi e l'Uganda - Bellunopress - Dolomiti\",\"isPartOf\":{\"@id\":\"https:\\\/\\\/www.bellunopress.it\\\/#website\"},\"primaryImageOfPage\":{\"@id\":\"https:\\\/\\\/www.bellunopress.it\\\/2009\\\/11\\\/08\\\/larcobaleno-dellamicizia-tra-listituto-calvi-e-luganda\\\/#primaryimage\"},\"image\":{\"@id\":\"https:\\\/\\\/www.bellunopress.it\\\/2009\\\/11\\\/08\\\/larcobaleno-dellamicizia-tra-listituto-calvi-e-luganda\\\/#primaryimage\"},\"thumbnailUrl\":\"http:\\\/\\\/www.bellunopress.it\\\/wp-content\\\/uploads\\\/2009\\\/11\\\/kira-stellato.jpg\",\"datePublished\":\"2009-11-08T16:09:01+00:00\",\"dateModified\":\"2009-11-09T11:59:52+00:00\",\"breadcrumb\":{\"@id\":\"https:\\\/\\\/www.bellunopress.it\\\/2009\\\/11\\\/08\\\/larcobaleno-dellamicizia-tra-listituto-calvi-e-luganda\\\/#breadcrumb\"},\"inLanguage\":\"fr-FR\",\"potentialAction\":[{\"@type\":\"ReadAction\",\"target\":[\"https:\\\/\\\/www.bellunopress.it\\\/2009\\\/11\\\/08\\\/larcobaleno-dellamicizia-tra-listituto-calvi-e-luganda\\\/\"]}]},{\"@type\":\"ImageObject\",\"inLanguage\":\"fr-FR\",\"@id\":\"https:\\\/\\\/www.bellunopress.it\\\/2009\\\/11\\\/08\\\/larcobaleno-dellamicizia-tra-listituto-calvi-e-luganda\\\/#primaryimage\",\"url\":\"http:\\\/\\\/www.bellunopress.it\\\/wp-content\\\/uploads\\\/2009\\\/11\\\/kira-stellato.jpg\",\"contentUrl\":\"http:\\\/\\\/www.bellunopress.it\\\/wp-content\\\/uploads\\\/2009\\\/11\\\/kira-stellato.jpg\"},{\"@type\":\"BreadcrumbList\",\"@id\":\"https:\\\/\\\/www.bellunopress.it\\\/2009\\\/11\\\/08\\\/larcobaleno-dellamicizia-tra-listituto-calvi-e-luganda\\\/#breadcrumb\",\"itemListElement\":[{\"@type\":\"ListItem\",\"position\":1,\"name\":\"Home\",\"item\":\"https:\\\/\\\/www.bellunopress.it\\\/\"},{\"@type\":\"ListItem\",\"position\":2,\"name\":\"L&#8217;Arcobaleno dell&#8217;amicizia, tra l&#8217;Istituto Calvi e l&#8217;Uganda\"}]},{\"@type\":\"WebSite\",\"@id\":\"https:\\\/\\\/www.bellunopress.it\\\/#website\",\"url\":\"https:\\\/\\\/www.bellunopress.it\\\/\",\"name\":\"Bellunopress - Dolomiti\",\"description\":\"e-mail: redazione@bellunopress.it\",\"publisher\":{\"@id\":\"https:\\\/\\\/www.bellunopress.it\\\/#organization\"},\"potentialAction\":[{\"@type\":\"SearchAction\",\"target\":{\"@type\":\"EntryPoint\",\"urlTemplate\":\"https:\\\/\\\/www.bellunopress.it\\\/?s={search_term_string}\"},\"query-input\":{\"@type\":\"PropertyValueSpecification\",\"valueRequired\":true,\"valueName\":\"search_term_string\"}}],\"inLanguage\":\"fr-FR\"},{\"@type\":\"Organization\",\"@id\":\"https:\\\/\\\/www.bellunopress.it\\\/#organization\",\"name\":\"Bellunopress\",\"url\":\"https:\\\/\\\/www.bellunopress.it\\\/\",\"logo\":{\"@type\":\"ImageObject\",\"inLanguage\":\"fr-FR\",\"@id\":\"https:\\\/\\\/www.bellunopress.it\\\/#\\\/schema\\\/logo\\\/image\\\/\",\"url\":\"https:\\\/\\\/www.bellunopress.it\\\/wp-content\\\/uploads\\\/2011\\\/05\\\/cropped-logo-bellunopress-.jpg\",\"contentUrl\":\"https:\\\/\\\/www.bellunopress.it\\\/wp-content\\\/uploads\\\/2011\\\/05\\\/cropped-logo-bellunopress-.jpg\",\"width\":512,\"height\":512,\"caption\":\"Bellunopress\"},\"image\":{\"@id\":\"https:\\\/\\\/www.bellunopress.it\\\/#\\\/schema\\\/logo\\\/image\\\/\"},\"sameAs\":[\"https:\\\/\\\/www.facebook.com\\\/profile.php?id=100008943462799\",\"https:\\\/\\\/x.com\\\/bellunopress\",\"https:\\\/\\\/www.linkedin.com\\\/hp\\\/?dnr=JBzUWaJfMUw8vbXJJ2tVW5-I3jZKvC4wsoxE&amp;amp;amp;amp;amp;amp;trk=nav_responsive_tab_home\",\"https:\\\/\\\/www.youtube.com\\\/channel\\\/UCxL0wu1uN0_3_7hGG0306cw\"]},{\"@type\":\"Person\",\"@id\":\"https:\\\/\\\/www.bellunopress.it\\\/#\\\/schema\\\/person\\\/79bb06722b37ece1c03d3e94beb30d73\",\"name\":\"redazione\",\"image\":{\"@type\":\"ImageObject\",\"inLanguage\":\"fr-FR\",\"@id\":\"https:\\\/\\\/secure.gravatar.com\\\/avatar\\\/37d968a2e67a6fd04c169c4bdef102d0bc5d31b2546345219e348575eb80e9a0?s=96&d=mm&r=g\",\"url\":\"https:\\\/\\\/secure.gravatar.com\\\/avatar\\\/37d968a2e67a6fd04c169c4bdef102d0bc5d31b2546345219e348575eb80e9a0?s=96&d=mm&r=g\",\"contentUrl\":\"https:\\\/\\\/secure.gravatar.com\\\/avatar\\\/37d968a2e67a6fd04c169c4bdef102d0bc5d31b2546345219e348575eb80e9a0?s=96&d=mm&r=g\",\"caption\":\"redazione\"},\"sameAs\":[\"http:\\\/\\\/www.bellunopress.it\",\"https:\\\/\\\/x.com\\\/bellunopress\"],\"url\":\"https:\\\/\\\/www.bellunopress.it\\\/fr\\\/author\\\/redazione\\\/\"}]}<\/script>\n<!-- \/ Yoast SEO plugin. -->","yoast_head_json":{"title":"L'Arcobaleno dell'amicizia, tra l'Istituto Calvi e l'Uganda - Bellunopress - Dolomiti","robots":{"index":"index","follow":"follow","max-snippet":"max-snippet:-1","max-image-preview":"max-image-preview:large","max-video-preview":"max-video-preview:-1"},"canonical":"https:\/\/www.bellunopress.it\/fr\/2009\/11\/08\/larcobaleno-dellamicizia-tra-listituto-calvi-e-luganda\/","og_locale":"fr_FR","og_type":"article","og_title":"L'Arcobaleno dell'amicizia, tra l'Istituto Calvi e l'Uganda - Bellunopress - Dolomiti","og_description":"E&#8217; stato avviato la settimana scorsa all\u2019Istituto tecnico commerciale Calvi di Belluno il progetto Arcobaleno dell\u2019Amicizia. L&#8217;iniziativa si propone di mettere in contatto attraverso internet i ragazzi delle terze superiori con i loro coetanei dell&#8217;Uganda, dove da anni opera l\u2019Associazione Gruppi insieme si pu\u00f2 onlus, e che far\u00e0 da referente locale per il programma. \u00abLo [&hellip;]","og_url":"https:\/\/www.bellunopress.it\/fr\/2009\/11\/08\/larcobaleno-dellamicizia-tra-listituto-calvi-e-luganda\/","og_site_name":"Bellunopress - Dolomiti","article_publisher":"https:\/\/www.facebook.com\/profile.php?id=100008943462799","article_published_time":"2009-11-08T16:09:01+00:00","article_modified_time":"2009-11-09T11:59:52+00:00","og_image":[{"url":"http:\/\/www.bellunopress.it\/wp-content\/uploads\/2009\/11\/kira-stellato.jpg","type":"","width":"","height":""}],"author":"redazione","twitter_card":"summary_large_image","twitter_creator":"@bellunopress","twitter_site":"@bellunopress","twitter_misc":{"\u00c9crit par":"redazione","Dur\u00e9e de lecture estim\u00e9e":"1 minute"},"schema":{"@context":"https:\/\/schema.org","@graph":[{"@type":"Article","@id":"https:\/\/www.bellunopress.it\/2009\/11\/08\/larcobaleno-dellamicizia-tra-listituto-calvi-e-luganda\/#article","isPartOf":{"@id":"https:\/\/www.bellunopress.it\/2009\/11\/08\/larcobaleno-dellamicizia-tra-listituto-calvi-e-luganda\/"},"author":{"name":"redazione","@id":"https:\/\/www.bellunopress.it\/#\/schema\/person\/79bb06722b37ece1c03d3e94beb30d73"},"headline":"L&#8217;Arcobaleno dell&#8217;amicizia, tra l&#8217;Istituto Calvi e l&#8217;Uganda","datePublished":"2009-11-08T16:09:01+00:00","dateModified":"2009-11-09T11:59:52+00:00","mainEntityOfPage":{"@id":"https:\/\/www.bellunopress.it\/2009\/11\/08\/larcobaleno-dellamicizia-tra-listituto-calvi-e-luganda\/"},"wordCount":175,"publisher":{"@id":"https:\/\/www.bellunopress.it\/#organization"},"image":{"@id":"https:\/\/www.bellunopress.it\/2009\/11\/08\/larcobaleno-dellamicizia-tra-listituto-calvi-e-luganda\/#primaryimage"},"thumbnailUrl":"http:\/\/www.bellunopress.it\/wp-content\/uploads\/2009\/11\/kira-stellato.jpg","keywords":["Belluno"],"articleSection":["Prima Pagina","Scuola"],"inLanguage":"fr-FR"},{"@type":"WebPage","@id":"https:\/\/www.bellunopress.it\/2009\/11\/08\/larcobaleno-dellamicizia-tra-listituto-calvi-e-luganda\/","url":"https:\/\/www.bellunopress.it\/2009\/11\/08\/larcobaleno-dellamicizia-tra-listituto-calvi-e-luganda\/","name":"L'Arcobaleno dell'amicizia, tra l'Istituto Calvi e l'Uganda - Bellunopress - Dolomiti","isPartOf":{"@id":"https:\/\/www.bellunopress.it\/#website"},"primaryImageOfPage":{"@id":"https:\/\/www.bellunopress.it\/2009\/11\/08\/larcobaleno-dellamicizia-tra-listituto-calvi-e-luganda\/#primaryimage"},"image":{"@id":"https:\/\/www.bellunopress.it\/2009\/11\/08\/larcobaleno-dellamicizia-tra-listituto-calvi-e-luganda\/#primaryimage"},"thumbnailUrl":"http:\/\/www.bellunopress.it\/wp-content\/uploads\/2009\/11\/kira-stellato.jpg","datePublished":"2009-11-08T16:09:01+00:00","dateModified":"2009-11-09T11:59:52+00:00","breadcrumb":{"@id":"https:\/\/www.bellunopress.it\/2009\/11\/08\/larcobaleno-dellamicizia-tra-listituto-calvi-e-luganda\/#breadcrumb"},"inLanguage":"fr-FR","potentialAction":[{"@type":"ReadAction","target":["https:\/\/www.bellunopress.it\/2009\/11\/08\/larcobaleno-dellamicizia-tra-listituto-calvi-e-luganda\/"]}]},{"@type":"ImageObject","inLanguage":"fr-FR","@id":"https:\/\/www.bellunopress.it\/2009\/11\/08\/larcobaleno-dellamicizia-tra-listituto-calvi-e-luganda\/#primaryimage","url":"http:\/\/www.bellunopress.it\/wp-content\/uploads\/2009\/11\/kira-stellato.jpg","contentUrl":"http:\/\/www.bellunopress.it\/wp-content\/uploads\/2009\/11\/kira-stellato.jpg"},{"@type":"BreadcrumbList","@id":"https:\/\/www.bellunopress.it\/2009\/11\/08\/larcobaleno-dellamicizia-tra-listituto-calvi-e-luganda\/#breadcrumb","itemListElement":[{"@type":"ListItem","position":1,"name":"Home","item":"https:\/\/www.bellunopress.it\/"},{"@type":"ListItem","position":2,"name":"L&#8217;Arcobaleno dell&#8217;amicizia, tra l&#8217;Istituto Calvi e l&#8217;Uganda"}]},{"@type":"WebSite","@id":"https:\/\/www.bellunopress.it\/#website","url":"https:\/\/www.bellunopress.it\/","name":"Bellunopress - Dolomiti","description":"e-mail: redazione@bellunopress.it","publisher":{"@id":"https:\/\/www.bellunopress.it\/#organization"},"potentialAction":[{"@type":"SearchAction","target":{"@type":"EntryPoint","urlTemplate":"https:\/\/www.bellunopress.it\/?s={search_term_string}"},"query-input":{"@type":"PropertyValueSpecification","valueRequired":true,"valueName":"search_term_string"}}],"inLanguage":"fr-FR"},{"@type":"Organization","@id":"https:\/\/www.bellunopress.it\/#organization","name":"Bellunopress","url":"https:\/\/www.bellunopress.it\/","logo":{"@type":"ImageObject","inLanguage":"fr-FR","@id":"https:\/\/www.bellunopress.it\/#\/schema\/logo\/image\/","url":"https:\/\/www.bellunopress.it\/wp-content\/uploads\/2011\/05\/cropped-logo-bellunopress-.jpg","contentUrl":"https:\/\/www.bellunopress.it\/wp-content\/uploads\/2011\/05\/cropped-logo-bellunopress-.jpg","width":512,"height":512,"caption":"Bellunopress"},"image":{"@id":"https:\/\/www.bellunopress.it\/#\/schema\/logo\/image\/"},"sameAs":["https:\/\/www.facebook.com\/profile.php?id=100008943462799","https:\/\/x.com\/bellunopress","https:\/\/www.linkedin.com\/hp\/?dnr=JBzUWaJfMUw8vbXJJ2tVW5-I3jZKvC4wsoxE&amp;amp;amp;amp;amp;amp;trk=nav_responsive_tab_home","https:\/\/www.youtube.com\/channel\/UCxL0wu1uN0_3_7hGG0306cw"]},{"@type":"Person","@id":"https:\/\/www.bellunopress.it\/#\/schema\/person\/79bb06722b37ece1c03d3e94beb30d73","name":"r\u00e9daction","image":{"@type":"ImageObject","inLanguage":"fr-FR","@id":"https:\/\/secure.gravatar.com\/avatar\/37d968a2e67a6fd04c169c4bdef102d0bc5d31b2546345219e348575eb80e9a0?s=96&d=mm&r=g","url":"https:\/\/secure.gravatar.com\/avatar\/37d968a2e67a6fd04c169c4bdef102d0bc5d31b2546345219e348575eb80e9a0?s=96&d=mm&r=g","contentUrl":"https:\/\/secure.gravatar.com\/avatar\/37d968a2e67a6fd04c169c4bdef102d0bc5d31b2546345219e348575eb80e9a0?s=96&d=mm&r=g","caption":"redazione"},"sameAs":["http:\/\/www.bellunopress.it","https:\/\/x.com\/bellunopress"],"url":"https:\/\/www.bellunopress.it\/fr\/author\/redazione\/"}]}},"_links":{"self":[{"href":"https:\/\/www.bellunopress.it\/fr\/wp-json\/wp\/v2\/posts\/9572","targetHints":{"allow":["GET"]}}],"collection":[{"href":"https:\/\/www.bellunopress.it\/fr\/wp-json\/wp\/v2\/posts"}],"about":[{"href":"https:\/\/www.bellunopress.it\/fr\/wp-json\/wp\/v2\/types\/post"}],"author":[{"embeddable":true,"href":"https:\/\/www.bellunopress.it\/fr\/wp-json\/wp\/v2\/users\/2"}],"replies":[{"embeddable":true,"href":"https:\/\/www.bellunopress.it\/fr\/wp-json\/wp\/v2\/comments?post=9572"}],"version-history":[{"count":2,"href":"https:\/\/www.bellunopress.it\/fr\/wp-json\/wp\/v2\/posts\/9572\/revisions"}],"predecessor-version":[{"id":9582,"href":"https:\/\/www.bellunopress.it\/fr\/wp-json\/wp\/v2\/posts\/9572\/revisions\/9582"}],"wp:attachment":[{"href":"https:\/\/www.bellunopress.it\/fr\/wp-json\/wp\/v2\/media?parent=9572"}],"wp:term":[{"taxonomy":"category","embeddable":true,"href":"https:\/\/www.bellunopress.it\/fr\/wp-json\/wp\/v2\/categories?post=9572"},{"taxonomy":"post_tag","embeddable":true,"href":"https:\/\/www.bellunopress.it\/fr\/wp-json\/wp\/v2\/tags?post=9572"}],"curies":[{"name":"wp","href":"https:\/\/api.w.org\/{rel}","templated":true}]}}