{"id":95645,"date":"2018-06-15T19:13:58","date_gmt":"2018-06-15T17:13:58","guid":{"rendered":"http:\/\/www.bellunopress.it\/?p=95645"},"modified":"2018-06-15T19:13:58","modified_gmt":"2018-06-15T17:13:58","slug":"fuga-dei-cervelli-pronta-la-borsa-della-ricerca-fordoc-punto-di-incontro-tra-dottorandi-e-aziende-che-si-svolgera-l1-e-2-ottobre-a-verona","status":"publish","type":"post","link":"https:\/\/www.bellunopress.it\/fr\/2018\/06\/15\/fuga-dei-cervelli-pronta-la-borsa-della-ricerca-fordoc-punto-di-incontro-tra-dottorandi-e-aziende-che-si-svolgera-l1-e-2-ottobre-a-verona\/","title":{"rendered":"Fuga dei cervelli. Pronta la &#8220;borsa della ricerca&#8221; ForDoc, punto di incontro tra dottorandi e aziende, che si svolger\u00e0 l\u20191 e 2 ottobre, a Verona"},"content":{"rendered":"<p><a href=\"http:\/\/www.bellunopress.it\/fr\/2018\/05\/03\/pari-opportunita-donazzan-a-parita-di-contratto-una-donna-in-veneto-guadagna-tra-il-25-e-il-30-in-meno-deluomo\/elena-donazzan\/\" rel=\"attachment wp-att-94736\"><img loading=\"lazy\" decoding=\"async\" class=\"alignleft size-full wp-image-94736\" src=\"http:\/\/www.bellunopress.it\/wp-content\/uploads\/2018\/05\/Elena-Donazzan.jpg\" alt=\"\" width=\"190\" height=\"207\" \/><\/a>Venezia, 15 giugno 2018\u00a0 &#8211;\u00a0\u00a0\u201cBankitalia fotografa correttamente il tessuto reticolare delle piccole e piccolissime imprese venete \u2013 dichiara l\u2019assessore regionale all\u2019istruzione, alla formazione e al lavoro Elena Donazzan replicando all\u2019analisi del neo-vicedirettore della sede di Venezia di Bankitalia che ha richiamato l\u2019attenzione sulla fuga all\u2019estero dei laureati veneti\u2013 ma forse trascura che il Veneto \u00e8 terra di attrazione di tanti investitori proprio per il suo reticolo di imprese fortemente connesse in reti distrettuali come se fosse una holding, senza la rigidit\u00e0 di una governance unica\u201d.<\/p>\n<p>\u201cIl tessuto veneto \u2013 spiega &#8211; \u00e8 fatto di micro ditte ad altissima specializzazione, che sono infatti le migliori fornitrici d\u2019Europa, e di aziende \u2018driver\u2019 che, per posizionamento, commesse e ricerca, fanno da capofila dei distretti produttivi. Ecco perch\u00e9 la Regione Veneto, prima in Italia, ha lanciato la \u2018borsa della ricerca\u201d ForDoc, punto di incontro tra dottorandi e aziende, che si svolger\u00e0 l\u20191 e 2 ottobre, a Verona\u201d.<\/p>\n<p>\u201cInoltre, ci interessa favorire lo scambio e la circolarit\u00e0 di competenze, professionalit\u00e0 eccellenze creative e produttive \u2013 prosegue l\u2019assessore \u2013 Si cresce aprendoci al mondo, per questo la Regione Veneto ha promosso, prima in Italia, un bando che finanzia, le \u2018borse di rientro\u2019, stanziando un milione e mezzo di euro per favorire la \u2018circolarit\u00e0\u2019 dei cervelli e delle professionalit\u00e0 tra Veneto e estero\u201d.<\/p>\n<p>Il prossimo 4 luglio scadranno i termini per imprese, enti pubblici e privati, fondazioni e associazioni per presentare progetti, finanziabili con il Fondo sociale europeo, che possano invertire la tendenza verso l\u2019estero dei laureati e diplomati veneti e favorire la nascita di nuove idee di sviluppo. Tre le linee di intervento del bando: sostenere processi di innovazione sociale e sviluppo sostenibile e aumentare gli investimenti in ricerca e sviluppo attraverso figure altamente qualificate, che con le competenze acquisite dopo un periodo di permanenza all\u2019estero, possono contribuire allo sviluppo dell\u2019intero sistema socio-economico regionale; favorire processi di contaminazione da parte di start-up innovative; realizzare progetti innovativi a sostegno dello sviluppo creativo ed artistico del Veneto, attraverso la creazioni di reti che possano coniugare produzione e fruizione creativa ed artistica, con altre funzioni legate al lavoro, al tempo libero, all&#8217;inclusione sociale. I progetti potranno prevedere borse di rientro per figure altamente qualificate, eventi in stile hackathon (vere e proprie \u201cmaratone creative\u201d per concretizzare idee\/progetti innovativi in campo tecnologico, sociale, culturale e creativo), eventi di animazione del territorio, e scambi internazionali.<\/p>\n<p>\u201cIl mondo dell\u2019alta formazione deve poter dialogare di pi\u00f9 con le imprese, in particolare con le aziende \u2018driver\u2019 dei distretti, che pi\u00f9 di altre investono nell\u2019innovazione \u2013 ha sostenuto l\u2019assessore, a margine dell\u2019iniziativa della fondazione Emblema con il \u201cComitato per la valorizzazione del dottorato\u201d, costituito da dottori di ricerca di tutta Italia, intervenuti oggi nella sede dello Iuav di Venezia alla presenza del rettore di Ca Foscari e dei rappresentanti delle universit\u00e0 di Padova e Trieste.<\/p>\n<p>\u201cIl dottorato, che rappresenta il training all\u2019attivit\u00e0 accademica \u2013 ha ribadito &#8211; deve poter trovare connessioni dirette con il mondo delle aziende che innovano e vogliono investire in competenze e professionalit\u00e0\u201d.<\/p>","protected":false},"excerpt":{"rendered":"<p>Venezia, 15 giugno 2018\u00a0 &#8211;\u00a0\u00a0\u201cBankitalia fotografa correttamente il tessuto reticolare delle piccole e piccolissime imprese venete \u2013 dichiara l\u2019assessore regionale all\u2019istruzione, alla formazione e al lavoro Elena Donazzan replicando all\u2019analisi del neo-vicedirettore della sede di Venezia di Bankitalia che ha richiamato l\u2019attenzione sulla fuga all\u2019estero dei laureati veneti\u2013 ma forse trascura che il Veneto \u00e8 [&hellip;]<\/p>\n","protected":false},"author":2,"featured_media":0,"comment_status":"closed","ping_status":"open","sticky":false,"template":"","format":"standard","meta":{"footnotes":""},"categories":[5,36,26],"tags":[],"class_list":["post-95645","post","type-post","status-publish","format-standard","category-cronaca","category-lavoro-economia","category-prima-pagina"],"yoast_head":"<!-- This site is optimized with the Yoast SEO plugin v28.4 - https:\/\/yoast.com\/product\/yoast-seo-wordpress\/ -->\n<title>Fuga dei cervelli. Pronta la &quot;borsa della ricerca&quot; ForDoc, punto di incontro tra dottorandi e aziende, che si svolger\u00e0 l\u20191 e 2 ottobre, a Verona - Bellunopress - Dolomiti<\/title>\n<meta name=\"robots\" content=\"index, follow, max-snippet:-1, max-image-preview:large, max-video-preview:-1\" \/>\n<link rel=\"canonical\" href=\"https:\/\/www.bellunopress.it\/fr\/2018\/06\/15\/fuga-dei-cervelli-pronta-la-borsa-della-ricerca-fordoc-punto-di-incontro-tra-dottorandi-e-aziende-che-si-svolgera-l1-e-2-ottobre-a-verona\/\" \/>\n<meta property=\"og:locale\" content=\"fr_FR\" \/>\n<meta property=\"og:type\" content=\"article\" \/>\n<meta property=\"og:title\" content=\"Fuga dei cervelli. Pronta la &quot;borsa della ricerca&quot; ForDoc, punto di incontro tra dottorandi e aziende, che si svolger\u00e0 l\u20191 e 2 ottobre, a Verona - Bellunopress - Dolomiti\" \/>\n<meta property=\"og:description\" content=\"Venezia, 15 giugno 2018\u00a0 &#8211;\u00a0\u00a0\u201cBankitalia fotografa correttamente il tessuto reticolare delle piccole e piccolissime imprese venete \u2013 dichiara l\u2019assessore regionale all\u2019istruzione, alla formazione e al lavoro Elena Donazzan replicando all\u2019analisi del neo-vicedirettore della sede di Venezia di Bankitalia che ha richiamato l\u2019attenzione sulla fuga all\u2019estero dei laureati veneti\u2013 ma forse trascura che il Veneto \u00e8 [&hellip;]\" \/>\n<meta property=\"og:url\" content=\"https:\/\/www.bellunopress.it\/fr\/2018\/06\/15\/fuga-dei-cervelli-pronta-la-borsa-della-ricerca-fordoc-punto-di-incontro-tra-dottorandi-e-aziende-che-si-svolgera-l1-e-2-ottobre-a-verona\/\" \/>\n<meta property=\"og:site_name\" content=\"Bellunopress - Dolomiti\" \/>\n<meta property=\"article:publisher\" content=\"https:\/\/www.facebook.com\/profile.php?id=100008943462799\" \/>\n<meta property=\"article:published_time\" content=\"2018-06-15T17:13:58+00:00\" \/>\n<meta property=\"og:image\" content=\"http:\/\/www.bellunopress.it\/wp-content\/uploads\/2018\/05\/Elena-Donazzan.jpg\" \/>\n<meta name=\"author\" content=\"redazione\" \/>\n<meta name=\"twitter:card\" content=\"summary_large_image\" \/>\n<meta name=\"twitter:creator\" content=\"@bellunopress\" \/>\n<meta name=\"twitter:site\" content=\"@bellunopress\" \/>\n<meta name=\"twitter:label1\" content=\"\u00c9crit par\" \/>\n\t<meta name=\"twitter:data1\" content=\"redazione\" \/>\n\t<meta name=\"twitter:label2\" content=\"Dur\u00e9e de lecture estim\u00e9e\" \/>\n\t<meta name=\"twitter:data2\" content=\"3 minutes\" \/>\n<script type=\"application\/ld+json\" class=\"yoast-schema-graph\">{\"@context\":\"https:\\\/\\\/schema.org\",\"@graph\":[{\"@type\":\"Article\",\"@id\":\"https:\\\/\\\/www.bellunopress.it\\\/2018\\\/06\\\/15\\\/fuga-dei-cervelli-pronta-la-borsa-della-ricerca-fordoc-punto-di-incontro-tra-dottorandi-e-aziende-che-si-svolgera-l1-e-2-ottobre-a-verona\\\/#article\",\"isPartOf\":{\"@id\":\"https:\\\/\\\/www.bellunopress.it\\\/2018\\\/06\\\/15\\\/fuga-dei-cervelli-pronta-la-borsa-della-ricerca-fordoc-punto-di-incontro-tra-dottorandi-e-aziende-che-si-svolgera-l1-e-2-ottobre-a-verona\\\/\"},\"author\":{\"name\":\"redazione\",\"@id\":\"https:\\\/\\\/www.bellunopress.it\\\/#\\\/schema\\\/person\\\/79bb06722b37ece1c03d3e94beb30d73\"},\"headline\":\"Fuga dei cervelli. Pronta la &#8220;borsa della ricerca&#8221; ForDoc, punto di incontro tra dottorandi e aziende, che si svolger\u00e0 l\u20191 e 2 ottobre, a Verona\",\"datePublished\":\"2018-06-15T17:13:58+00:00\",\"mainEntityOfPage\":{\"@id\":\"https:\\\/\\\/www.bellunopress.it\\\/2018\\\/06\\\/15\\\/fuga-dei-cervelli-pronta-la-borsa-della-ricerca-fordoc-punto-di-incontro-tra-dottorandi-e-aziende-che-si-svolgera-l1-e-2-ottobre-a-verona\\\/\"},\"wordCount\":530,\"publisher\":{\"@id\":\"https:\\\/\\\/www.bellunopress.it\\\/#organization\"},\"image\":{\"@id\":\"https:\\\/\\\/www.bellunopress.it\\\/2018\\\/06\\\/15\\\/fuga-dei-cervelli-pronta-la-borsa-della-ricerca-fordoc-punto-di-incontro-tra-dottorandi-e-aziende-che-si-svolgera-l1-e-2-ottobre-a-verona\\\/#primaryimage\"},\"thumbnailUrl\":\"http:\\\/\\\/www.bellunopress.it\\\/wp-content\\\/uploads\\\/2018\\\/05\\\/Elena-Donazzan.jpg\",\"articleSection\":[\"Cronaca\\\/Politica\",\"Lavoro, Economia, Turismo\",\"Prima Pagina\"],\"inLanguage\":\"fr-FR\"},{\"@type\":\"WebPage\",\"@id\":\"https:\\\/\\\/www.bellunopress.it\\\/2018\\\/06\\\/15\\\/fuga-dei-cervelli-pronta-la-borsa-della-ricerca-fordoc-punto-di-incontro-tra-dottorandi-e-aziende-che-si-svolgera-l1-e-2-ottobre-a-verona\\\/\",\"url\":\"https:\\\/\\\/www.bellunopress.it\\\/2018\\\/06\\\/15\\\/fuga-dei-cervelli-pronta-la-borsa-della-ricerca-fordoc-punto-di-incontro-tra-dottorandi-e-aziende-che-si-svolgera-l1-e-2-ottobre-a-verona\\\/\",\"name\":\"Fuga dei cervelli. Pronta la \\\"borsa della ricerca\\\" ForDoc, punto di incontro tra dottorandi e aziende, che si svolger\u00e0 l\u20191 e 2 ottobre, a Verona - Bellunopress - Dolomiti\",\"isPartOf\":{\"@id\":\"https:\\\/\\\/www.bellunopress.it\\\/#website\"},\"primaryImageOfPage\":{\"@id\":\"https:\\\/\\\/www.bellunopress.it\\\/2018\\\/06\\\/15\\\/fuga-dei-cervelli-pronta-la-borsa-della-ricerca-fordoc-punto-di-incontro-tra-dottorandi-e-aziende-che-si-svolgera-l1-e-2-ottobre-a-verona\\\/#primaryimage\"},\"image\":{\"@id\":\"https:\\\/\\\/www.bellunopress.it\\\/2018\\\/06\\\/15\\\/fuga-dei-cervelli-pronta-la-borsa-della-ricerca-fordoc-punto-di-incontro-tra-dottorandi-e-aziende-che-si-svolgera-l1-e-2-ottobre-a-verona\\\/#primaryimage\"},\"thumbnailUrl\":\"http:\\\/\\\/www.bellunopress.it\\\/wp-content\\\/uploads\\\/2018\\\/05\\\/Elena-Donazzan.jpg\",\"datePublished\":\"2018-06-15T17:13:58+00:00\",\"breadcrumb\":{\"@id\":\"https:\\\/\\\/www.bellunopress.it\\\/2018\\\/06\\\/15\\\/fuga-dei-cervelli-pronta-la-borsa-della-ricerca-fordoc-punto-di-incontro-tra-dottorandi-e-aziende-che-si-svolgera-l1-e-2-ottobre-a-verona\\\/#breadcrumb\"},\"inLanguage\":\"fr-FR\",\"potentialAction\":[{\"@type\":\"ReadAction\",\"target\":[\"https:\\\/\\\/www.bellunopress.it\\\/2018\\\/06\\\/15\\\/fuga-dei-cervelli-pronta-la-borsa-della-ricerca-fordoc-punto-di-incontro-tra-dottorandi-e-aziende-che-si-svolgera-l1-e-2-ottobre-a-verona\\\/\"]}]},{\"@type\":\"ImageObject\",\"inLanguage\":\"fr-FR\",\"@id\":\"https:\\\/\\\/www.bellunopress.it\\\/2018\\\/06\\\/15\\\/fuga-dei-cervelli-pronta-la-borsa-della-ricerca-fordoc-punto-di-incontro-tra-dottorandi-e-aziende-che-si-svolgera-l1-e-2-ottobre-a-verona\\\/#primaryimage\",\"url\":\"http:\\\/\\\/www.bellunopress.it\\\/wp-content\\\/uploads\\\/2018\\\/05\\\/Elena-Donazzan.jpg\",\"contentUrl\":\"http:\\\/\\\/www.bellunopress.it\\\/wp-content\\\/uploads\\\/2018\\\/05\\\/Elena-Donazzan.jpg\"},{\"@type\":\"BreadcrumbList\",\"@id\":\"https:\\\/\\\/www.bellunopress.it\\\/2018\\\/06\\\/15\\\/fuga-dei-cervelli-pronta-la-borsa-della-ricerca-fordoc-punto-di-incontro-tra-dottorandi-e-aziende-che-si-svolgera-l1-e-2-ottobre-a-verona\\\/#breadcrumb\",\"itemListElement\":[{\"@type\":\"ListItem\",\"position\":1,\"name\":\"Home\",\"item\":\"https:\\\/\\\/www.bellunopress.it\\\/\"},{\"@type\":\"ListItem\",\"position\":2,\"name\":\"Fuga dei cervelli. Pronta la &#8220;borsa della ricerca&#8221; ForDoc, punto di incontro tra dottorandi e aziende, che si svolger\u00e0 l\u20191 e 2 ottobre, a Verona\"}]},{\"@type\":\"WebSite\",\"@id\":\"https:\\\/\\\/www.bellunopress.it\\\/#website\",\"url\":\"https:\\\/\\\/www.bellunopress.it\\\/\",\"name\":\"Bellunopress - Dolomiti\",\"description\":\"e-mail: redazione@bellunopress.it\",\"publisher\":{\"@id\":\"https:\\\/\\\/www.bellunopress.it\\\/#organization\"},\"potentialAction\":[{\"@type\":\"SearchAction\",\"target\":{\"@type\":\"EntryPoint\",\"urlTemplate\":\"https:\\\/\\\/www.bellunopress.it\\\/?s={search_term_string}\"},\"query-input\":{\"@type\":\"PropertyValueSpecification\",\"valueRequired\":true,\"valueName\":\"search_term_string\"}}],\"inLanguage\":\"fr-FR\"},{\"@type\":\"Organization\",\"@id\":\"https:\\\/\\\/www.bellunopress.it\\\/#organization\",\"name\":\"Bellunopress\",\"url\":\"https:\\\/\\\/www.bellunopress.it\\\/\",\"logo\":{\"@type\":\"ImageObject\",\"inLanguage\":\"fr-FR\",\"@id\":\"https:\\\/\\\/www.bellunopress.it\\\/#\\\/schema\\\/logo\\\/image\\\/\",\"url\":\"https:\\\/\\\/www.bellunopress.it\\\/wp-content\\\/uploads\\\/2011\\\/05\\\/cropped-logo-bellunopress-.jpg\",\"contentUrl\":\"https:\\\/\\\/www.bellunopress.it\\\/wp-content\\\/uploads\\\/2011\\\/05\\\/cropped-logo-bellunopress-.jpg\",\"width\":512,\"height\":512,\"caption\":\"Bellunopress\"},\"image\":{\"@id\":\"https:\\\/\\\/www.bellunopress.it\\\/#\\\/schema\\\/logo\\\/image\\\/\"},\"sameAs\":[\"https:\\\/\\\/www.facebook.com\\\/profile.php?id=100008943462799\",\"https:\\\/\\\/x.com\\\/bellunopress\",\"https:\\\/\\\/www.linkedin.com\\\/hp\\\/?dnr=JBzUWaJfMUw8vbXJJ2tVW5-I3jZKvC4wsoxE&amp;amp;amp;amp;amp;amp;trk=nav_responsive_tab_home\",\"https:\\\/\\\/www.youtube.com\\\/channel\\\/UCxL0wu1uN0_3_7hGG0306cw\"]},{\"@type\":\"Person\",\"@id\":\"https:\\\/\\\/www.bellunopress.it\\\/#\\\/schema\\\/person\\\/79bb06722b37ece1c03d3e94beb30d73\",\"name\":\"redazione\",\"image\":{\"@type\":\"ImageObject\",\"inLanguage\":\"fr-FR\",\"@id\":\"https:\\\/\\\/secure.gravatar.com\\\/avatar\\\/37d968a2e67a6fd04c169c4bdef102d0bc5d31b2546345219e348575eb80e9a0?s=96&d=mm&r=g\",\"url\":\"https:\\\/\\\/secure.gravatar.com\\\/avatar\\\/37d968a2e67a6fd04c169c4bdef102d0bc5d31b2546345219e348575eb80e9a0?s=96&d=mm&r=g\",\"contentUrl\":\"https:\\\/\\\/secure.gravatar.com\\\/avatar\\\/37d968a2e67a6fd04c169c4bdef102d0bc5d31b2546345219e348575eb80e9a0?s=96&d=mm&r=g\",\"caption\":\"redazione\"},\"sameAs\":[\"http:\\\/\\\/www.bellunopress.it\",\"https:\\\/\\\/x.com\\\/bellunopress\"],\"url\":\"https:\\\/\\\/www.bellunopress.it\\\/fr\\\/author\\\/redazione\\\/\"}]}<\/script>\n<!-- \/ Yoast SEO plugin. -->","yoast_head_json":{"title":"Fuga dei cervelli. Pronta la \"borsa della ricerca\" ForDoc, punto di incontro tra dottorandi e aziende, che si svolger\u00e0 l\u20191 e 2 ottobre, a Verona - Bellunopress - Dolomiti","robots":{"index":"index","follow":"follow","max-snippet":"max-snippet:-1","max-image-preview":"max-image-preview:large","max-video-preview":"max-video-preview:-1"},"canonical":"https:\/\/www.bellunopress.it\/fr\/2018\/06\/15\/fuga-dei-cervelli-pronta-la-borsa-della-ricerca-fordoc-punto-di-incontro-tra-dottorandi-e-aziende-che-si-svolgera-l1-e-2-ottobre-a-verona\/","og_locale":"fr_FR","og_type":"article","og_title":"Fuga dei cervelli. Pronta la \"borsa della ricerca\" ForDoc, punto di incontro tra dottorandi e aziende, che si svolger\u00e0 l\u20191 e 2 ottobre, a Verona - Bellunopress - Dolomiti","og_description":"Venezia, 15 giugno 2018\u00a0 &#8211;\u00a0\u00a0\u201cBankitalia fotografa correttamente il tessuto reticolare delle piccole e piccolissime imprese venete \u2013 dichiara l\u2019assessore regionale all\u2019istruzione, alla formazione e al lavoro Elena Donazzan replicando all\u2019analisi del neo-vicedirettore della sede di Venezia di Bankitalia che ha richiamato l\u2019attenzione sulla fuga all\u2019estero dei laureati veneti\u2013 ma forse trascura che il Veneto \u00e8 [&hellip;]","og_url":"https:\/\/www.bellunopress.it\/fr\/2018\/06\/15\/fuga-dei-cervelli-pronta-la-borsa-della-ricerca-fordoc-punto-di-incontro-tra-dottorandi-e-aziende-che-si-svolgera-l1-e-2-ottobre-a-verona\/","og_site_name":"Bellunopress - Dolomiti","article_publisher":"https:\/\/www.facebook.com\/profile.php?id=100008943462799","article_published_time":"2018-06-15T17:13:58+00:00","og_image":[{"url":"http:\/\/www.bellunopress.it\/wp-content\/uploads\/2018\/05\/Elena-Donazzan.jpg","type":"","width":"","height":""}],"author":"redazione","twitter_card":"summary_large_image","twitter_creator":"@bellunopress","twitter_site":"@bellunopress","twitter_misc":{"\u00c9crit par":"redazione","Dur\u00e9e de lecture estim\u00e9e":"3 minutes"},"schema":{"@context":"https:\/\/schema.org","@graph":[{"@type":"Article","@id":"https:\/\/www.bellunopress.it\/2018\/06\/15\/fuga-dei-cervelli-pronta-la-borsa-della-ricerca-fordoc-punto-di-incontro-tra-dottorandi-e-aziende-che-si-svolgera-l1-e-2-ottobre-a-verona\/#article","isPartOf":{"@id":"https:\/\/www.bellunopress.it\/2018\/06\/15\/fuga-dei-cervelli-pronta-la-borsa-della-ricerca-fordoc-punto-di-incontro-tra-dottorandi-e-aziende-che-si-svolgera-l1-e-2-ottobre-a-verona\/"},"author":{"name":"redazione","@id":"https:\/\/www.bellunopress.it\/#\/schema\/person\/79bb06722b37ece1c03d3e94beb30d73"},"headline":"Fuga dei cervelli. Pronta la &#8220;borsa della ricerca&#8221; ForDoc, punto di incontro tra dottorandi e aziende, che si svolger\u00e0 l\u20191 e 2 ottobre, a Verona","datePublished":"2018-06-15T17:13:58+00:00","mainEntityOfPage":{"@id":"https:\/\/www.bellunopress.it\/2018\/06\/15\/fuga-dei-cervelli-pronta-la-borsa-della-ricerca-fordoc-punto-di-incontro-tra-dottorandi-e-aziende-che-si-svolgera-l1-e-2-ottobre-a-verona\/"},"wordCount":530,"publisher":{"@id":"https:\/\/www.bellunopress.it\/#organization"},"image":{"@id":"https:\/\/www.bellunopress.it\/2018\/06\/15\/fuga-dei-cervelli-pronta-la-borsa-della-ricerca-fordoc-punto-di-incontro-tra-dottorandi-e-aziende-che-si-svolgera-l1-e-2-ottobre-a-verona\/#primaryimage"},"thumbnailUrl":"http:\/\/www.bellunopress.it\/wp-content\/uploads\/2018\/05\/Elena-Donazzan.jpg","articleSection":["Cronaca\/Politica","Lavoro, Economia, Turismo","Prima Pagina"],"inLanguage":"fr-FR"},{"@type":"WebPage","@id":"https:\/\/www.bellunopress.it\/2018\/06\/15\/fuga-dei-cervelli-pronta-la-borsa-della-ricerca-fordoc-punto-di-incontro-tra-dottorandi-e-aziende-che-si-svolgera-l1-e-2-ottobre-a-verona\/","url":"https:\/\/www.bellunopress.it\/2018\/06\/15\/fuga-dei-cervelli-pronta-la-borsa-della-ricerca-fordoc-punto-di-incontro-tra-dottorandi-e-aziende-che-si-svolgera-l1-e-2-ottobre-a-verona\/","name":"Fuga dei cervelli. Pronta la \"borsa della ricerca\" ForDoc, punto di incontro tra dottorandi e aziende, che si svolger\u00e0 l\u20191 e 2 ottobre, a Verona - Bellunopress - Dolomiti","isPartOf":{"@id":"https:\/\/www.bellunopress.it\/#website"},"primaryImageOfPage":{"@id":"https:\/\/www.bellunopress.it\/2018\/06\/15\/fuga-dei-cervelli-pronta-la-borsa-della-ricerca-fordoc-punto-di-incontro-tra-dottorandi-e-aziende-che-si-svolgera-l1-e-2-ottobre-a-verona\/#primaryimage"},"image":{"@id":"https:\/\/www.bellunopress.it\/2018\/06\/15\/fuga-dei-cervelli-pronta-la-borsa-della-ricerca-fordoc-punto-di-incontro-tra-dottorandi-e-aziende-che-si-svolgera-l1-e-2-ottobre-a-verona\/#primaryimage"},"thumbnailUrl":"http:\/\/www.bellunopress.it\/wp-content\/uploads\/2018\/05\/Elena-Donazzan.jpg","datePublished":"2018-06-15T17:13:58+00:00","breadcrumb":{"@id":"https:\/\/www.bellunopress.it\/2018\/06\/15\/fuga-dei-cervelli-pronta-la-borsa-della-ricerca-fordoc-punto-di-incontro-tra-dottorandi-e-aziende-che-si-svolgera-l1-e-2-ottobre-a-verona\/#breadcrumb"},"inLanguage":"fr-FR","potentialAction":[{"@type":"ReadAction","target":["https:\/\/www.bellunopress.it\/2018\/06\/15\/fuga-dei-cervelli-pronta-la-borsa-della-ricerca-fordoc-punto-di-incontro-tra-dottorandi-e-aziende-che-si-svolgera-l1-e-2-ottobre-a-verona\/"]}]},{"@type":"ImageObject","inLanguage":"fr-FR","@id":"https:\/\/www.bellunopress.it\/2018\/06\/15\/fuga-dei-cervelli-pronta-la-borsa-della-ricerca-fordoc-punto-di-incontro-tra-dottorandi-e-aziende-che-si-svolgera-l1-e-2-ottobre-a-verona\/#primaryimage","url":"http:\/\/www.bellunopress.it\/wp-content\/uploads\/2018\/05\/Elena-Donazzan.jpg","contentUrl":"http:\/\/www.bellunopress.it\/wp-content\/uploads\/2018\/05\/Elena-Donazzan.jpg"},{"@type":"BreadcrumbList","@id":"https:\/\/www.bellunopress.it\/2018\/06\/15\/fuga-dei-cervelli-pronta-la-borsa-della-ricerca-fordoc-punto-di-incontro-tra-dottorandi-e-aziende-che-si-svolgera-l1-e-2-ottobre-a-verona\/#breadcrumb","itemListElement":[{"@type":"ListItem","position":1,"name":"Home","item":"https:\/\/www.bellunopress.it\/"},{"@type":"ListItem","position":2,"name":"Fuga dei cervelli. Pronta la &#8220;borsa della ricerca&#8221; ForDoc, punto di incontro tra dottorandi e aziende, che si svolger\u00e0 l\u20191 e 2 ottobre, a Verona"}]},{"@type":"WebSite","@id":"https:\/\/www.bellunopress.it\/#website","url":"https:\/\/www.bellunopress.it\/","name":"Bellunopress - Dolomiti","description":"e-mail: redazione@bellunopress.it","publisher":{"@id":"https:\/\/www.bellunopress.it\/#organization"},"potentialAction":[{"@type":"SearchAction","target":{"@type":"EntryPoint","urlTemplate":"https:\/\/www.bellunopress.it\/?s={search_term_string}"},"query-input":{"@type":"PropertyValueSpecification","valueRequired":true,"valueName":"search_term_string"}}],"inLanguage":"fr-FR"},{"@type":"Organization","@id":"https:\/\/www.bellunopress.it\/#organization","name":"Bellunopress","url":"https:\/\/www.bellunopress.it\/","logo":{"@type":"ImageObject","inLanguage":"fr-FR","@id":"https:\/\/www.bellunopress.it\/#\/schema\/logo\/image\/","url":"https:\/\/www.bellunopress.it\/wp-content\/uploads\/2011\/05\/cropped-logo-bellunopress-.jpg","contentUrl":"https:\/\/www.bellunopress.it\/wp-content\/uploads\/2011\/05\/cropped-logo-bellunopress-.jpg","width":512,"height":512,"caption":"Bellunopress"},"image":{"@id":"https:\/\/www.bellunopress.it\/#\/schema\/logo\/image\/"},"sameAs":["https:\/\/www.facebook.com\/profile.php?id=100008943462799","https:\/\/x.com\/bellunopress","https:\/\/www.linkedin.com\/hp\/?dnr=JBzUWaJfMUw8vbXJJ2tVW5-I3jZKvC4wsoxE&amp;amp;amp;amp;amp;amp;trk=nav_responsive_tab_home","https:\/\/www.youtube.com\/channel\/UCxL0wu1uN0_3_7hGG0306cw"]},{"@type":"Person","@id":"https:\/\/www.bellunopress.it\/#\/schema\/person\/79bb06722b37ece1c03d3e94beb30d73","name":"r\u00e9daction","image":{"@type":"ImageObject","inLanguage":"fr-FR","@id":"https:\/\/secure.gravatar.com\/avatar\/37d968a2e67a6fd04c169c4bdef102d0bc5d31b2546345219e348575eb80e9a0?s=96&d=mm&r=g","url":"https:\/\/secure.gravatar.com\/avatar\/37d968a2e67a6fd04c169c4bdef102d0bc5d31b2546345219e348575eb80e9a0?s=96&d=mm&r=g","contentUrl":"https:\/\/secure.gravatar.com\/avatar\/37d968a2e67a6fd04c169c4bdef102d0bc5d31b2546345219e348575eb80e9a0?s=96&d=mm&r=g","caption":"redazione"},"sameAs":["http:\/\/www.bellunopress.it","https:\/\/x.com\/bellunopress"],"url":"https:\/\/www.bellunopress.it\/fr\/author\/redazione\/"}]}},"_links":{"self":[{"href":"https:\/\/www.bellunopress.it\/fr\/wp-json\/wp\/v2\/posts\/95645","targetHints":{"allow":["GET"]}}],"collection":[{"href":"https:\/\/www.bellunopress.it\/fr\/wp-json\/wp\/v2\/posts"}],"about":[{"href":"https:\/\/www.bellunopress.it\/fr\/wp-json\/wp\/v2\/types\/post"}],"author":[{"embeddable":true,"href":"https:\/\/www.bellunopress.it\/fr\/wp-json\/wp\/v2\/users\/2"}],"replies":[{"embeddable":true,"href":"https:\/\/www.bellunopress.it\/fr\/wp-json\/wp\/v2\/comments?post=95645"}],"version-history":[{"count":1,"href":"https:\/\/www.bellunopress.it\/fr\/wp-json\/wp\/v2\/posts\/95645\/revisions"}],"predecessor-version":[{"id":95646,"href":"https:\/\/www.bellunopress.it\/fr\/wp-json\/wp\/v2\/posts\/95645\/revisions\/95646"}],"wp:attachment":[{"href":"https:\/\/www.bellunopress.it\/fr\/wp-json\/wp\/v2\/media?parent=95645"}],"wp:term":[{"taxonomy":"category","embeddable":true,"href":"https:\/\/www.bellunopress.it\/fr\/wp-json\/wp\/v2\/categories?post=95645"},{"taxonomy":"post_tag","embeddable":true,"href":"https:\/\/www.bellunopress.it\/fr\/wp-json\/wp\/v2\/tags?post=95645"}],"curies":[{"name":"wp","href":"https:\/\/api.w.org\/{rel}","templated":true}]}}